{"id":29969,"date":"2017-06-20T14:22:18","date_gmt":"2017-06-20T13:22:18","guid":{"rendered":"http:\/\/newsestlyonnais.fr\/site\/?p=29969"},"modified":"2022-07-04T12:49:36","modified_gmt":"2022-07-04T11:49:36","slug":"vaulx-en-velin-las-portugaise-surfe-sur-sa-nouvelle-dynamique","status":"publish","type":"post","link":"https:\/\/newsestlyonnais.fr\/site\/2017\/06\/20\/vaulx-en-velin-las-portugaise-surfe-sur-sa-nouvelle-dynamique\/","title":{"rendered":"VAULX-EN-VELIN | L&rsquo;AS Portugaise surfe sur sa nouvelle dynamique"},"content":{"rendered":"<h4>L&rsquo;AS Portugaise de Vaulx en Velin est l&rsquo;un des 4 clubs de football bas\u00e9s sur la commune et affili\u00e9s \u00e0 l&rsquo;Office Municipal des Sports (OMS).<\/h4>\n<p>Bas\u00e9e au stade Aubert, dans le secteur Sud de la commune et \u00e9voluant en bonne entente avec le club voisin de l&rsquo;US Vaulx, la section s&rsquo;appuie depuis mai 2016 sur une nouvelle \u00e9quipe dirigeante. Un bureau qui a insuffl\u00e9 une nouvelle dynamique en \u00e9tant constitu\u00e9 de 9 membres avec \u00e0 sa t\u00eate Antonio Rodrigues Crujeira nomm\u00e9 \u00e0 la pr\u00e9sidence.<\/p>\n<p>Le club a recens\u00e9 58 licenci\u00e9s pour l&rsquo;exercice 2016\/2017 sans compter les 118 adh\u00e9rents r\u00e9guli\u00e8rement pr\u00e9sents au local de l&rsquo;association. Un effectif simplement compos\u00e9 de 2 \u00e9quipes seniors qui \u00e9voluent au niveau d\u00e9partemental au sein de divers championnats du District du Rh\u00f4ne.<\/p>\n<p>Cette premi\u00e8re saison pour les nouveaux responsables du club aura \u00e9t\u00e9 plut\u00f4t bonne, notamment sur le plan sportif mais aussi disciplinaire. L&rsquo;\u00e9quipe une, coach\u00e9e par Karl Keppner, s&rsquo;est en effet class\u00e9e en milieu de tableau (7\u00b0) en 1\u00b0 s\u00e9rie apr\u00e8s avoir bien redress\u00e9 la barre lors de la 2\u00b0 partie de saison. La deux, entrain\u00e9e par Jos\u00e9 Borges a quant \u00e0 elle, atteint son objectif en d\u00e9crochant son billet d&rsquo;accession \u00e0 la 2\u00b0 s\u00e9rie. D&rsquo;autre part, les parcours en coupe auront \u00e9t\u00e9 honorables avec une \u00e9limination au 1\u00b0 tour en coupe du Rh\u00f4ne contre St Jean Villeurbanne et au 3\u00b0 tour en coupe de France contre St Genis Laval.<\/p>\n<p>Au point de vue organisation, satisfaction g\u00e9n\u00e9rale avec la belle r\u00e9ussite du tournoi annuel qui a lieu chaque premier samedi de juin et qui a r\u00e9uni 10 \u00e9quipes dans un esprit convivial et folklorique.<\/p>\n<p>Les projets ne manquent pas, avec l&rsquo; espoir de monter une \u00e9quipe v\u00e9t\u00e9rans et de mettre en place un d\u00e9placement sur un week-end en Espagne des 2 \u00e9quipes avec joueurs et dirigeants accompagn\u00e9s de femmes et enfants.<\/p>\n<p><em><strong>NOTA:<\/strong><\/em> Les entrainements prendront fin \u00e0 la fin du mois de juin avec reprise pr\u00e9vue d\u00e8s le 16 ao\u00fbt.<\/p>\n<div id='gallery-1' class='gallery galleryid-29969 gallery-columns-3 gallery-size-thumbnail'><figure class='gallery-item'>\n\t\t\t<div class='gallery-icon landscape'>\n\t\t\t\t<a href='https:\/\/newsestlyonnais.fr\/site\/2017\/06\/20\/vaulx-en-velin-las-portugaise-surfe-sur-sa-nouvelle-dynamique\/newsestlyonnais-dirigeants-as-portugaise\/'><img loading=\"lazy\" decoding=\"async\" width=\"150\" height=\"150\" src=\"https:\/\/newsestlyonnais.fr\/site\/wp-content\/uploads\/2017\/06\/NEWSESTLYONNAIS-DIRIGEANTS-AS-PORTUGAISE-150x150.jpg\" class=\"attachment-thumbnail size-thumbnail\" alt=\"\" aria-describedby=\"gallery-1-29973\" \/><\/a>\n\t\t\t<\/div>\n\t\t\t\t<figcaption class='wp-caption-text gallery-caption' id='gallery-1-29973'>\n\t\t\t\tVictor Araujo, Patrick Correia et Joao Paulo Pereira dirigeants du club \n\t\t\t\t<\/figcaption><\/figure><figure class='gallery-item'>\n\t\t\t<div class='gallery-icon landscape'>\n\t\t\t\t<a href='https:\/\/newsestlyonnais.fr\/site\/2017\/06\/20\/vaulx-en-velin-las-portugaise-surfe-sur-sa-nouvelle-dynamique\/newsestlyonnais-as-portugaise-foot-deux\/'><img loading=\"lazy\" decoding=\"async\" width=\"150\" height=\"150\" src=\"https:\/\/newsestlyonnais.fr\/site\/wp-content\/uploads\/2017\/06\/NEWSESTLYONNAIS-AS-PORTUGAISE-FOOT-DEUX-150x150.jpg\" class=\"attachment-thumbnail size-thumbnail\" alt=\"NEWSESTLYONNAIS - AS PORTUGAISE FOOT DEUX\" aria-describedby=\"gallery-1-29974\" \/><\/a>\n\t\t\t<\/div>\n\t\t\t\t<figcaption class='wp-caption-text gallery-caption' id='gallery-1-29974'>\n\t\t\t\tLes seniors 2 acc\u00e8dent \u00e0 la 2\u00b0 division de district\n\t\t\t\t<\/figcaption><\/figure>\n\t\t<\/div>\n\n","protected":false},"excerpt":{"rendered":"<p>L&rsquo;AS Portugaise de Vaulx en Velin est l&rsquo;un des 4 clubs de football bas\u00e9s sur la commune et affili\u00e9s \u00e0 l&rsquo;Office Municipal des Sports (OMS). Bas\u00e9e au stade Aubert, dans le secteur Sud de la commune et \u00e9voluant en bonne entente avec le club voisin de l&rsquo;US Vaulx, la section s&rsquo;appuie depuis mai 2016 sur [&hellip;]<\/p>\n","protected":false},"author":4,"featured_media":29972,"comment_status":"open","ping_status":"open","sticky":false,"template":"","format":"standard","meta":{"footnotes":""},"categories":[1329,2996,28],"tags":[],"class_list":["post-29969","post","type-post","status-publish","format-standard","has-post-thumbnail","hentry","category-foot","category-football-rugby","category-vaulx-en-velin"],"yoast_head":"<!-- This site is optimized with the Yoast SEO plugin v27.2 - https:\/\/yoast.com\/product\/yoast-seo-wordpress\/ -->\n<title>VAULX EN VELIN : L&#039;AS Portugaise surfe sur sa nouvelle dynamique<\/title>\n<meta name=\"description\" content=\"VAULX EN VELIN : L&#039;AS Portugaise surfe sur sa nouvelle dynamique\" \/>\n<meta name=\"robots\" content=\"index, follow, max-snippet:-1, max-image-preview:large, max-video-preview:-1\" \/>\n<link rel=\"canonical\" href=\"https:\/\/newsestlyonnais.fr\/site\/2017\/06\/20\/vaulx-en-velin-las-portugaise-surfe-sur-sa-nouvelle-dynamique\/\" \/>\n<meta property=\"og:locale\" content=\"fr_FR\" \/>\n<meta property=\"og:type\" content=\"article\" \/>\n<meta property=\"og:title\" content=\"VAULX EN VELIN : L&#039;AS Portugaise surfe sur sa nouvelle dynamique\" \/>\n<meta property=\"og:description\" content=\"VAULX EN VELIN : L&#039;AS Portugaise surfe sur sa nouvelle dynamique\" \/>\n<meta property=\"og:url\" content=\"https:\/\/newsestlyonnais.fr\/site\/2017\/06\/20\/vaulx-en-velin-las-portugaise-surfe-sur-sa-nouvelle-dynamique\/\" \/>\n<meta property=\"og:site_name\" content=\"News Est Lyonnais\" \/>\n<meta property=\"article:author\" content=\"https:\/\/www.facebook.com\/pascal.oberson.1?fref=ts\" \/>\n<meta property=\"article:published_time\" content=\"2017-06-20T13:22:18+00:00\" \/>\n<meta property=\"article:modified_time\" content=\"2022-07-04T11:49:36+00:00\" \/>\n<meta property=\"og:image\" content=\"https:\/\/newsestlyonnais.fr\/site\/wp-content\/uploads\/2017\/06\/NEWSESTLYONNAIS-AS-PORTUGAISE-FOOT.jpg\" \/>\n\t<meta property=\"og:image:width\" content=\"1000\" \/>\n\t<meta property=\"og:image:height\" content=\"750\" \/>\n\t<meta property=\"og:image:type\" content=\"image\/jpeg\" \/>\n<meta name=\"author\" content=\"R\u00e9dac. NEWS\" \/>\n<meta name=\"twitter:card\" content=\"summary_large_image\" \/>\n<meta name=\"twitter:label1\" content=\"\u00c9crit par\" \/>\n\t<meta name=\"twitter:data1\" content=\"R\u00e9dac. NEWS\" \/>\n\t<meta name=\"twitter:label2\" content=\"Dur\u00e9e de lecture estim\u00e9e\" \/>\n\t<meta name=\"twitter:data2\" content=\"2 minutes\" \/>\n<script type=\"application\/ld+json\" class=\"yoast-schema-graph\">{\"@context\":\"https:\/\/schema.org\",\"@graph\":[{\"@type\":\"Article\",\"@id\":\"https:\/\/newsestlyonnais.fr\/site\/2017\/06\/20\/vaulx-en-velin-las-portugaise-surfe-sur-sa-nouvelle-dynamique\/#article\",\"isPartOf\":{\"@id\":\"https:\/\/newsestlyonnais.fr\/site\/2017\/06\/20\/vaulx-en-velin-las-portugaise-surfe-sur-sa-nouvelle-dynamique\/\"},\"author\":{\"name\":\"R\u00e9dac. NEWS\",\"@id\":\"https:\/\/newsestlyonnais.fr\/site\/#\/schema\/person\/3230d5615f390bb808365d673001e887\"},\"headline\":\"VAULX-EN-VELIN | L&rsquo;AS Portugaise surfe sur sa nouvelle dynamique\",\"datePublished\":\"2017-06-20T13:22:18+00:00\",\"dateModified\":\"2022-07-04T11:49:36+00:00\",\"mainEntityOfPage\":{\"@id\":\"https:\/\/newsestlyonnais.fr\/site\/2017\/06\/20\/vaulx-en-velin-las-portugaise-surfe-sur-sa-nouvelle-dynamique\/\"},\"wordCount\":360,\"commentCount\":0,\"publisher\":{\"@id\":\"https:\/\/newsestlyonnais.fr\/site\/#organization\"},\"image\":{\"@id\":\"https:\/\/newsestlyonnais.fr\/site\/2017\/06\/20\/vaulx-en-velin-las-portugaise-surfe-sur-sa-nouvelle-dynamique\/#primaryimage\"},\"thumbnailUrl\":\"https:\/\/newsestlyonnais.fr\/site\/wp-content\/uploads\/2017\/06\/NEWSESTLYONNAIS-AS-PORTUGAISE-FOOT.jpg\",\"articleSection\":[\"Foot | Futsal\",\"Foot | Rugby\",\"Vaulx-en-Velin\"],\"inLanguage\":\"fr-FR\",\"potentialAction\":[{\"@type\":\"CommentAction\",\"name\":\"Comment\",\"target\":[\"https:\/\/newsestlyonnais.fr\/site\/2017\/06\/20\/vaulx-en-velin-las-portugaise-surfe-sur-sa-nouvelle-dynamique\/#respond\"]}]},{\"@type\":\"WebPage\",\"@id\":\"https:\/\/newsestlyonnais.fr\/site\/2017\/06\/20\/vaulx-en-velin-las-portugaise-surfe-sur-sa-nouvelle-dynamique\/\",\"url\":\"https:\/\/newsestlyonnais.fr\/site\/2017\/06\/20\/vaulx-en-velin-las-portugaise-surfe-sur-sa-nouvelle-dynamique\/\",\"name\":\"VAULX EN VELIN : L'AS Portugaise surfe sur sa nouvelle dynamique\",\"isPartOf\":{\"@id\":\"https:\/\/newsestlyonnais.fr\/site\/#website\"},\"primaryImageOfPage\":{\"@id\":\"https:\/\/newsestlyonnais.fr\/site\/2017\/06\/20\/vaulx-en-velin-las-portugaise-surfe-sur-sa-nouvelle-dynamique\/#primaryimage\"},\"image\":{\"@id\":\"https:\/\/newsestlyonnais.fr\/site\/2017\/06\/20\/vaulx-en-velin-las-portugaise-surfe-sur-sa-nouvelle-dynamique\/#primaryimage\"},\"thumbnailUrl\":\"https:\/\/newsestlyonnais.fr\/site\/wp-content\/uploads\/2017\/06\/NEWSESTLYONNAIS-AS-PORTUGAISE-FOOT.jpg\",\"datePublished\":\"2017-06-20T13:22:18+00:00\",\"dateModified\":\"2022-07-04T11:49:36+00:00\",\"description\":\"VAULX EN VELIN : L'AS Portugaise surfe sur sa nouvelle dynamique\",\"breadcrumb\":{\"@id\":\"https:\/\/newsestlyonnais.fr\/site\/2017\/06\/20\/vaulx-en-velin-las-portugaise-surfe-sur-sa-nouvelle-dynamique\/#breadcrumb\"},\"inLanguage\":\"fr-FR\",\"potentialAction\":[{\"@type\":\"ReadAction\",\"target\":[\"https:\/\/newsestlyonnais.fr\/site\/2017\/06\/20\/vaulx-en-velin-las-portugaise-surfe-sur-sa-nouvelle-dynamique\/\"]}]},{\"@type\":\"ImageObject\",\"inLanguage\":\"fr-FR\",\"@id\":\"https:\/\/newsestlyonnais.fr\/site\/2017\/06\/20\/vaulx-en-velin-las-portugaise-surfe-sur-sa-nouvelle-dynamique\/#primaryimage\",\"url\":\"https:\/\/newsestlyonnais.fr\/site\/wp-content\/uploads\/2017\/06\/NEWSESTLYONNAIS-AS-PORTUGAISE-FOOT.jpg\",\"contentUrl\":\"https:\/\/newsestlyonnais.fr\/site\/wp-content\/uploads\/2017\/06\/NEWSESTLYONNAIS-AS-PORTUGAISE-FOOT.jpg\",\"width\":1000,\"height\":750,\"caption\":\"NEWSESTLYONNAIS - AS PORTUGAISE FOOT\"},{\"@type\":\"BreadcrumbList\",\"@id\":\"https:\/\/newsestlyonnais.fr\/site\/2017\/06\/20\/vaulx-en-velin-las-portugaise-surfe-sur-sa-nouvelle-dynamique\/#breadcrumb\",\"itemListElement\":[{\"@type\":\"ListItem\",\"position\":1,\"name\":\"Accueil\",\"item\":\"https:\/\/newsestlyonnais.fr\/site\/\"},{\"@type\":\"ListItem\",\"position\":2,\"name\":\"VAULX-EN-VELIN | L&rsquo;AS Portugaise surfe sur sa nouvelle dynamique\"}]},{\"@type\":\"WebSite\",\"@id\":\"https:\/\/newsestlyonnais.fr\/site\/#website\",\"url\":\"https:\/\/newsestlyonnais.fr\/site\/\",\"name\":\"News Est Lyonnais\",\"description\":\"L&#039;actualit\u00e9 au plus pr\u00e8s\",\"publisher\":{\"@id\":\"https:\/\/newsestlyonnais.fr\/site\/#organization\"},\"potentialAction\":[{\"@type\":\"SearchAction\",\"target\":{\"@type\":\"EntryPoint\",\"urlTemplate\":\"https:\/\/newsestlyonnais.fr\/site\/?s={search_term_string}\"},\"query-input\":{\"@type\":\"PropertyValueSpecification\",\"valueRequired\":true,\"valueName\":\"search_term_string\"}}],\"inLanguage\":\"fr-FR\"},{\"@type\":\"Organization\",\"@id\":\"https:\/\/newsestlyonnais.fr\/site\/#organization\",\"name\":\"News EST LYONNAIS\",\"url\":\"https:\/\/newsestlyonnais.fr\/site\/\",\"logo\":{\"@type\":\"ImageObject\",\"inLanguage\":\"fr-FR\",\"@id\":\"https:\/\/newsestlyonnais.fr\/site\/#\/schema\/logo\/image\/\",\"url\":\"\",\"contentUrl\":\"\",\"caption\":\"News EST LYONNAIS\"},\"image\":{\"@id\":\"https:\/\/newsestlyonnais.fr\/site\/#\/schema\/logo\/image\/\"}},{\"@type\":\"Person\",\"@id\":\"https:\/\/newsestlyonnais.fr\/site\/#\/schema\/person\/3230d5615f390bb808365d673001e887\",\"name\":\"R\u00e9dac. NEWS\",\"sameAs\":[\"http:\/\/www.newsestlyonnais.fr\",\"https:\/\/www.facebook.com\/pascal.oberson.1?fref=ts\",\"https:\/\/fr.linkedin.com\/in\/pascal-oberson-b17045113\"],\"url\":\"https:\/\/newsestlyonnais.fr\/site\/author\/nel\/\"}]}<\/script>\n<!-- \/ Yoast SEO plugin. -->","yoast_head_json":{"title":"VAULX EN VELIN : L'AS Portugaise surfe sur sa nouvelle dynamique","description":"VAULX EN VELIN : L'AS Portugaise surfe sur sa nouvelle dynamique","robots":{"index":"index","follow":"follow","max-snippet":"max-snippet:-1","max-image-preview":"max-image-preview:large","max-video-preview":"max-video-preview:-1"},"canonical":"https:\/\/newsestlyonnais.fr\/site\/2017\/06\/20\/vaulx-en-velin-las-portugaise-surfe-sur-sa-nouvelle-dynamique\/","og_locale":"fr_FR","og_type":"article","og_title":"VAULX EN VELIN : L'AS Portugaise surfe sur sa nouvelle dynamique","og_description":"VAULX EN VELIN : L'AS Portugaise surfe sur sa nouvelle dynamique","og_url":"https:\/\/newsestlyonnais.fr\/site\/2017\/06\/20\/vaulx-en-velin-las-portugaise-surfe-sur-sa-nouvelle-dynamique\/","og_site_name":"News Est Lyonnais","article_author":"https:\/\/www.facebook.com\/pascal.oberson.1?fref=ts","article_published_time":"2017-06-20T13:22:18+00:00","article_modified_time":"2022-07-04T11:49:36+00:00","og_image":[{"width":1000,"height":750,"url":"https:\/\/newsestlyonnais.fr\/site\/wp-content\/uploads\/2017\/06\/NEWSESTLYONNAIS-AS-PORTUGAISE-FOOT.jpg","type":"image\/jpeg"}],"author":"R\u00e9dac. NEWS","twitter_card":"summary_large_image","twitter_misc":{"\u00c9crit par":"R\u00e9dac. NEWS","Dur\u00e9e de lecture estim\u00e9e":"2 minutes"},"schema":{"@context":"https:\/\/schema.org","@graph":[{"@type":"Article","@id":"https:\/\/newsestlyonnais.fr\/site\/2017\/06\/20\/vaulx-en-velin-las-portugaise-surfe-sur-sa-nouvelle-dynamique\/#article","isPartOf":{"@id":"https:\/\/newsestlyonnais.fr\/site\/2017\/06\/20\/vaulx-en-velin-las-portugaise-surfe-sur-sa-nouvelle-dynamique\/"},"author":{"name":"R\u00e9dac. NEWS","@id":"https:\/\/newsestlyonnais.fr\/site\/#\/schema\/person\/3230d5615f390bb808365d673001e887"},"headline":"VAULX-EN-VELIN | L&rsquo;AS Portugaise surfe sur sa nouvelle dynamique","datePublished":"2017-06-20T13:22:18+00:00","dateModified":"2022-07-04T11:49:36+00:00","mainEntityOfPage":{"@id":"https:\/\/newsestlyonnais.fr\/site\/2017\/06\/20\/vaulx-en-velin-las-portugaise-surfe-sur-sa-nouvelle-dynamique\/"},"wordCount":360,"commentCount":0,"publisher":{"@id":"https:\/\/newsestlyonnais.fr\/site\/#organization"},"image":{"@id":"https:\/\/newsestlyonnais.fr\/site\/2017\/06\/20\/vaulx-en-velin-las-portugaise-surfe-sur-sa-nouvelle-dynamique\/#primaryimage"},"thumbnailUrl":"https:\/\/newsestlyonnais.fr\/site\/wp-content\/uploads\/2017\/06\/NEWSESTLYONNAIS-AS-PORTUGAISE-FOOT.jpg","articleSection":["Foot | Futsal","Foot | Rugby","Vaulx-en-Velin"],"inLanguage":"fr-FR","potentialAction":[{"@type":"CommentAction","name":"Comment","target":["https:\/\/newsestlyonnais.fr\/site\/2017\/06\/20\/vaulx-en-velin-las-portugaise-surfe-sur-sa-nouvelle-dynamique\/#respond"]}]},{"@type":"WebPage","@id":"https:\/\/newsestlyonnais.fr\/site\/2017\/06\/20\/vaulx-en-velin-las-portugaise-surfe-sur-sa-nouvelle-dynamique\/","url":"https:\/\/newsestlyonnais.fr\/site\/2017\/06\/20\/vaulx-en-velin-las-portugaise-surfe-sur-sa-nouvelle-dynamique\/","name":"VAULX EN VELIN : L'AS Portugaise surfe sur sa nouvelle dynamique","isPartOf":{"@id":"https:\/\/newsestlyonnais.fr\/site\/#website"},"primaryImageOfPage":{"@id":"https:\/\/newsestlyonnais.fr\/site\/2017\/06\/20\/vaulx-en-velin-las-portugaise-surfe-sur-sa-nouvelle-dynamique\/#primaryimage"},"image":{"@id":"https:\/\/newsestlyonnais.fr\/site\/2017\/06\/20\/vaulx-en-velin-las-portugaise-surfe-sur-sa-nouvelle-dynamique\/#primaryimage"},"thumbnailUrl":"https:\/\/newsestlyonnais.fr\/site\/wp-content\/uploads\/2017\/06\/NEWSESTLYONNAIS-AS-PORTUGAISE-FOOT.jpg","datePublished":"2017-06-20T13:22:18+00:00","dateModified":"2022-07-04T11:49:36+00:00","description":"VAULX EN VELIN : L'AS Portugaise surfe sur sa nouvelle dynamique","breadcrumb":{"@id":"https:\/\/newsestlyonnais.fr\/site\/2017\/06\/20\/vaulx-en-velin-las-portugaise-surfe-sur-sa-nouvelle-dynamique\/#breadcrumb"},"inLanguage":"fr-FR","potentialAction":[{"@type":"ReadAction","target":["https:\/\/newsestlyonnais.fr\/site\/2017\/06\/20\/vaulx-en-velin-las-portugaise-surfe-sur-sa-nouvelle-dynamique\/"]}]},{"@type":"ImageObject","inLanguage":"fr-FR","@id":"https:\/\/newsestlyonnais.fr\/site\/2017\/06\/20\/vaulx-en-velin-las-portugaise-surfe-sur-sa-nouvelle-dynamique\/#primaryimage","url":"https:\/\/newsestlyonnais.fr\/site\/wp-content\/uploads\/2017\/06\/NEWSESTLYONNAIS-AS-PORTUGAISE-FOOT.jpg","contentUrl":"https:\/\/newsestlyonnais.fr\/site\/wp-content\/uploads\/2017\/06\/NEWSESTLYONNAIS-AS-PORTUGAISE-FOOT.jpg","width":1000,"height":750,"caption":"NEWSESTLYONNAIS - AS PORTUGAISE FOOT"},{"@type":"BreadcrumbList","@id":"https:\/\/newsestlyonnais.fr\/site\/2017\/06\/20\/vaulx-en-velin-las-portugaise-surfe-sur-sa-nouvelle-dynamique\/#breadcrumb","itemListElement":[{"@type":"ListItem","position":1,"name":"Accueil","item":"https:\/\/newsestlyonnais.fr\/site\/"},{"@type":"ListItem","position":2,"name":"VAULX-EN-VELIN | L&rsquo;AS Portugaise surfe sur sa nouvelle dynamique"}]},{"@type":"WebSite","@id":"https:\/\/newsestlyonnais.fr\/site\/#website","url":"https:\/\/newsestlyonnais.fr\/site\/","name":"News Est Lyonnais","description":"L&#039;actualit\u00e9 au plus pr\u00e8s","publisher":{"@id":"https:\/\/newsestlyonnais.fr\/site\/#organization"},"potentialAction":[{"@type":"SearchAction","target":{"@type":"EntryPoint","urlTemplate":"https:\/\/newsestlyonnais.fr\/site\/?s={search_term_string}"},"query-input":{"@type":"PropertyValueSpecification","valueRequired":true,"valueName":"search_term_string"}}],"inLanguage":"fr-FR"},{"@type":"Organization","@id":"https:\/\/newsestlyonnais.fr\/site\/#organization","name":"News EST LYONNAIS","url":"https:\/\/newsestlyonnais.fr\/site\/","logo":{"@type":"ImageObject","inLanguage":"fr-FR","@id":"https:\/\/newsestlyonnais.fr\/site\/#\/schema\/logo\/image\/","url":"","contentUrl":"","caption":"News EST LYONNAIS"},"image":{"@id":"https:\/\/newsestlyonnais.fr\/site\/#\/schema\/logo\/image\/"}},{"@type":"Person","@id":"https:\/\/newsestlyonnais.fr\/site\/#\/schema\/person\/3230d5615f390bb808365d673001e887","name":"R\u00e9dac. NEWS","sameAs":["http:\/\/www.newsestlyonnais.fr","https:\/\/www.facebook.com\/pascal.oberson.1?fref=ts","https:\/\/fr.linkedin.com\/in\/pascal-oberson-b17045113"],"url":"https:\/\/newsestlyonnais.fr\/site\/author\/nel\/"}]}},"_links":{"self":[{"href":"https:\/\/newsestlyonnais.fr\/site\/wp-json\/wp\/v2\/posts\/29969","targetHints":{"allow":["GET"]}}],"collection":[{"href":"https:\/\/newsestlyonnais.fr\/site\/wp-json\/wp\/v2\/posts"}],"about":[{"href":"https:\/\/newsestlyonnais.fr\/site\/wp-json\/wp\/v2\/types\/post"}],"author":[{"embeddable":true,"href":"https:\/\/newsestlyonnais.fr\/site\/wp-json\/wp\/v2\/users\/4"}],"replies":[{"embeddable":true,"href":"https:\/\/newsestlyonnais.fr\/site\/wp-json\/wp\/v2\/comments?post=29969"}],"version-history":[{"count":0,"href":"https:\/\/newsestlyonnais.fr\/site\/wp-json\/wp\/v2\/posts\/29969\/revisions"}],"wp:featuredmedia":[{"embeddable":true,"href":"https:\/\/newsestlyonnais.fr\/site\/wp-json\/wp\/v2\/media\/29972"}],"wp:attachment":[{"href":"https:\/\/newsestlyonnais.fr\/site\/wp-json\/wp\/v2\/media?parent=29969"}],"wp:term":[{"taxonomy":"category","embeddable":true,"href":"https:\/\/newsestlyonnais.fr\/site\/wp-json\/wp\/v2\/categories?post=29969"},{"taxonomy":"post_tag","embeddable":true,"href":"https:\/\/newsestlyonnais.fr\/site\/wp-json\/wp\/v2\/tags?post=29969"}],"curies":[{"name":"wp","href":"https:\/\/api.w.org\/{rel}","templated":true}]}}