{"id":30021,"date":"2017-06-21T18:57:20","date_gmt":"2017-06-21T17:57:20","guid":{"rendered":"http:\/\/newsestlyonnais.fr\/site\/?p=30021"},"modified":"2020-11-18T19:16:47","modified_gmt":"2020-11-18T18:16:47","slug":"decines-meyzieu-vaulx-velin-9-derniere-etape-de-champion-de-quartier","status":"publish","type":"post","link":"https:\/\/newsestlyonnais.fr\/site\/2017\/06\/21\/decines-meyzieu-vaulx-velin-9-derniere-etape-de-champion-de-quartier\/","title":{"rendered":"DECINES\/ MEYZIEU \/ VAULX EN VELIN | 9\u00b0 et derni\u00e8re \u00e9tape de \u00ab\u00a0Champion de Mon Quartier\u00a0\u00bb"},"content":{"rendered":"<h4>C&rsquo;est sous la chaleur que s&rsquo;est d\u00e9roul\u00e9e ce mercredi apr\u00e8s-midi au quartier d\u00e9cinois du Prainet, la 9\u00b0 et derni\u00e8re \u00e9tape de l&rsquo;op\u00e9ration \u00ab\u00a0Champion de Mon Quartier\u00a0\u00bb.<\/h4>\n<p>Une action men\u00e9e pour la 2\u00b0 ann\u00e9e par le club du D\u00e9cines-Meyzieu Athl\u00e9tisme (D.M.A.) pr\u00e9sid\u00e9 par Guillaume Schroll et qui aura eu pour cadre les quartiers de 3 communes: D\u00e9cines et Vaulx en Velin (comme en 2016), en ajoutant Meyzieu pour cette ann\u00e9e.<\/p>\n<p>Depuis le 12 avril, <strong>\u00ab\u00a0Champion de Mon Quartier\u00a0\u00bb<\/strong> a investi les secteurs du <span style=\"text-decoration: underline\">Mas du Taureau, La Grappini\u00e8re et La Balme (Vaulx en Velin<\/span>), <span style=\"text-decoration: underline\">Les Terrasses, Les Plant\u00e9es et Le Mathiolan (Meyzieu)<\/span> et <span style=\"text-decoration: underline\">La Soie, Les Sablons, Le Prainet (D\u00e9cines).<\/span><\/p>\n<p>Le principe de cette animation de proximit\u00e9: faire descendre les enfants des immeubles en les attirant par affichage et musique avec comme but de d\u00e9couvrir la discipline et de les faire venir ensuite sur la piste. Plusieurs ateliers \u00e9tant install\u00e9s par la dizaine d&rsquo; animateurs et athl\u00e8tes du D.M.A. : sprint, lancer de m\u00e9decine-ball, pentabond (5 sauts) et demi-fond.<\/p>\n<p>Cette derni\u00e8re \u00e9tape a rassembl\u00e9 une soixantaine d&rsquo;enfants et ils ont \u00e9t\u00e9 <strong>au total plus de 600 jeunes pousses \u00e2g\u00e9es de 6 \u00e0 20 ans \u00e0 d\u00e9couvrir la discipline.<\/strong><\/p>\n<p>Les meilleurs de chaque \u00e9tape \u00e9tant qualifi\u00e9s suivant \u00e2ge, sexe et cat\u00e9gorie pour la <strong>finale qui aura lieu d\u00e8s samedi prochain \u00e0 14 heures au stade Troussier<\/strong> dans le cadre du Meeting d&rsquo;athl\u00e9tisme.<\/p>\n<div id='gallery-1' class='gallery galleryid-30021 gallery-columns-3 gallery-size-thumbnail'><figure class='gallery-item'>\n\t\t\t<div class='gallery-icon landscape'>\n\t\t\t\t<a href='https:\/\/newsestlyonnais.fr\/site\/2017\/04\/11\/decinesmeyzieuvaulx-en-velin-champion-de-mon-quartier-revient\/newsestlyonnais-champion-mon-quartier-2017\/'><img loading=\"lazy\" decoding=\"async\" width=\"150\" height=\"150\" src=\"https:\/\/newsestlyonnais.fr\/site\/wp-content\/uploads\/2017\/04\/NEWSESTLYONNAIS-CHAMPION-MON-QUARTIER-2017-150x150.jpg\" class=\"attachment-thumbnail size-thumbnail\" alt=\"NEWSESTLYONNAIS - CHAMPION MON QUARTIER 2017\" aria-describedby=\"gallery-1-24372\" \/><\/a>\n\t\t\t<\/div>\n\t\t\t\t<figcaption class='wp-caption-text gallery-caption' id='gallery-1-24372'>\n\t\t\t\t  L&rsquo;affiche du projet \n\t\t\t\t<\/figcaption><\/figure><figure class='gallery-item'>\n\t\t\t<div class='gallery-icon landscape'>\n\t\t\t\t<a href='https:\/\/newsestlyonnais.fr\/site\/2017\/06\/21\/decines-meyzieu-vaulx-velin-9-derniere-etape-de-champion-de-quartier\/newsestlyonnais-dma-01\/'><img loading=\"lazy\" decoding=\"async\" width=\"150\" height=\"150\" src=\"https:\/\/newsestlyonnais.fr\/site\/wp-content\/uploads\/2017\/06\/NEWSESTLYONNAIS-DMA-01-150x150.jpg\" class=\"attachment-thumbnail size-thumbnail\" alt=\"NEWSESTLYONNAIS - DMA 01\" \/><\/a>\n\t\t\t<\/div><\/figure><figure class='gallery-item'>\n\t\t\t<div class='gallery-icon landscape'>\n\t\t\t\t<a href='https:\/\/newsestlyonnais.fr\/site\/2017\/06\/21\/decines-meyzieu-vaulx-velin-9-derniere-etape-de-champion-de-quartier\/newsestlyonnais-cham-qurt-02\/'><img loading=\"lazy\" decoding=\"async\" width=\"150\" height=\"150\" src=\"https:\/\/newsestlyonnais.fr\/site\/wp-content\/uploads\/2017\/06\/NEWSESTLYONNAIS-CHAM-QURT-02-150x150.jpg\" class=\"attachment-thumbnail size-thumbnail\" alt=\"NEWSESTLYONNAIS - CHAM QURT 02\" \/><\/a>\n\t\t\t<\/div><\/figure><figure class='gallery-item'>\n\t\t\t<div class='gallery-icon landscape'>\n\t\t\t\t<a href='https:\/\/newsestlyonnais.fr\/site\/2017\/06\/21\/decines-meyzieu-vaulx-velin-9-derniere-etape-de-champion-de-quartier\/newsestlyonnais-champion-quart-03\/'><img loading=\"lazy\" decoding=\"async\" width=\"150\" height=\"150\" src=\"https:\/\/newsestlyonnais.fr\/site\/wp-content\/uploads\/2017\/06\/NEWSESTLYONNAIS-CHAMPION-QUART-03--150x150.jpg\" class=\"attachment-thumbnail size-thumbnail\" alt=\"NEWSESTLYONNAIS - CHAMPION QUART 03\" \/><\/a>\n\t\t\t<\/div><\/figure><figure class='gallery-item'>\n\t\t\t<div class='gallery-icon landscape'>\n\t\t\t\t<a href='https:\/\/newsestlyonnais.fr\/site\/2017\/06\/21\/decines-meyzieu-vaulx-velin-9-derniere-etape-de-champion-de-quartier\/newsestlyonnais-cham-quart-04\/'><img loading=\"lazy\" decoding=\"async\" width=\"150\" height=\"150\" src=\"https:\/\/newsestlyonnais.fr\/site\/wp-content\/uploads\/2017\/06\/NEWSESTLYONNAIS-CHAM-QUART-04--150x150.jpg\" class=\"attachment-thumbnail size-thumbnail\" alt=\"NEWSESTLYONNAIS - CHAM QUART 04\" \/><\/a>\n\t\t\t<\/div><\/figure><figure class='gallery-item'>\n\t\t\t<div class='gallery-icon landscape'>\n\t\t\t\t<a href='https:\/\/newsestlyonnais.fr\/site\/2017\/06\/21\/decines-meyzieu-vaulx-velin-9-derniere-etape-de-champion-de-quartier\/newsestlyonnais-champion-quartier-dma\/'><img loading=\"lazy\" decoding=\"async\" width=\"150\" height=\"150\" src=\"https:\/\/newsestlyonnais.fr\/site\/wp-content\/uploads\/2017\/06\/NEWSESTLYONNAIS-champion-quartier-DMA-150x150.jpg\" class=\"attachment-thumbnail size-thumbnail\" alt=\"NEWSESTLYONNAIS - champion quartier DMA\" \/><\/a>\n\t\t\t<\/div><\/figure>\n\t\t<\/div>\n\n","protected":false},"excerpt":{"rendered":"<p>C&rsquo;est sous la chaleur que s&rsquo;est d\u00e9roul\u00e9e ce mercredi apr\u00e8s-midi au quartier d\u00e9cinois du Prainet, la 9\u00b0 et derni\u00e8re \u00e9tape de l&rsquo;op\u00e9ration \u00ab\u00a0Champion de Mon Quartier\u00a0\u00bb. Une action men\u00e9e pour la 2\u00b0 ann\u00e9e par le club du D\u00e9cines-Meyzieu Athl\u00e9tisme (D.M.A.) pr\u00e9sid\u00e9 par Guillaume Schroll et qui aura eu pour cadre les quartiers de 3 communes: [&hellip;]<\/p>\n","protected":false},"author":4,"featured_media":30023,"comment_status":"open","ping_status":"open","sticky":false,"template":"","format":"standard","meta":{"footnotes":""},"categories":[2968,21,171,24,28],"tags":[],"class_list":["post-30021","post","type-post","status-publish","format-standard","has-post-thumbnail","hentry","category-athle-course-pied-marche","category-decines-charpieu","category-enfance-jeunesse","category-meyzieu","category-vaulx-en-velin"],"yoast_head":"<!-- This site is optimized with the Yoast SEO plugin v27.2 - https:\/\/yoast.com\/product\/yoast-seo-wordpress\/ -->\n<title>DECINES\/ MEYZIEU \/ VAULX EN VELIN : 9\u00b0 et derni\u00e8re \u00e9tape de &quot;Champion de Mon Quartier&quot;<\/title>\n<meta name=\"description\" content=\"DECINES\/ MEYZIEU \/ VAULX EN VELIN : 9\u00b0 et derni\u00e8re \u00e9tape de &quot;Champion de Mon Quartier&quot;\" \/>\n<meta name=\"robots\" content=\"index, follow, max-snippet:-1, max-image-preview:large, max-video-preview:-1\" \/>\n<link rel=\"canonical\" href=\"https:\/\/newsestlyonnais.fr\/site\/2017\/06\/21\/decines-meyzieu-vaulx-velin-9-derniere-etape-de-champion-de-quartier\/\" \/>\n<meta property=\"og:locale\" content=\"fr_FR\" \/>\n<meta property=\"og:type\" content=\"article\" \/>\n<meta property=\"og:title\" content=\"DECINES\/ MEYZIEU \/ VAULX EN VELIN : 9\u00b0 et derni\u00e8re \u00e9tape de &quot;Champion de Mon Quartier&quot;\" \/>\n<meta property=\"og:description\" content=\"DECINES\/ MEYZIEU \/ VAULX EN VELIN : 9\u00b0 et derni\u00e8re \u00e9tape de &quot;Champion de Mon Quartier&quot;\" \/>\n<meta property=\"og:url\" content=\"https:\/\/newsestlyonnais.fr\/site\/2017\/06\/21\/decines-meyzieu-vaulx-velin-9-derniere-etape-de-champion-de-quartier\/\" \/>\n<meta property=\"og:site_name\" content=\"News Est Lyonnais\" \/>\n<meta property=\"article:author\" content=\"https:\/\/www.facebook.com\/pascal.oberson.1?fref=ts\" \/>\n<meta property=\"article:published_time\" content=\"2017-06-21T17:57:20+00:00\" \/>\n<meta property=\"article:modified_time\" content=\"2020-11-18T18:16:47+00:00\" \/>\n<meta property=\"og:image\" content=\"https:\/\/i0.wp.com\/newsestlyonnais.fr\/site\/wp-content\/uploads\/2017\/06\/NEWSESTLYONNAIS-champion-quartier-DMA.jpg?fit=1000%2C750&ssl=1\" \/>\n\t<meta property=\"og:image:width\" content=\"1000\" \/>\n\t<meta property=\"og:image:height\" content=\"750\" \/>\n\t<meta property=\"og:image:type\" content=\"image\/jpeg\" \/>\n<meta name=\"author\" content=\"R\u00e9dac. NEWS\" \/>\n<meta name=\"twitter:card\" content=\"summary_large_image\" \/>\n<meta name=\"twitter:label1\" content=\"\u00c9crit par\" \/>\n\t<meta name=\"twitter:data1\" content=\"R\u00e9dac. NEWS\" \/>\n\t<meta name=\"twitter:label2\" content=\"Dur\u00e9e de lecture estim\u00e9e\" \/>\n\t<meta name=\"twitter:data2\" content=\"1 minute\" \/>\n<script type=\"application\/ld+json\" class=\"yoast-schema-graph\">{\"@context\":\"https:\/\/schema.org\",\"@graph\":[{\"@type\":\"Article\",\"@id\":\"https:\/\/newsestlyonnais.fr\/site\/2017\/06\/21\/decines-meyzieu-vaulx-velin-9-derniere-etape-de-champion-de-quartier\/#article\",\"isPartOf\":{\"@id\":\"https:\/\/newsestlyonnais.fr\/site\/2017\/06\/21\/decines-meyzieu-vaulx-velin-9-derniere-etape-de-champion-de-quartier\/\"},\"author\":{\"name\":\"R\u00e9dac. NEWS\",\"@id\":\"https:\/\/newsestlyonnais.fr\/site\/#\/schema\/person\/3230d5615f390bb808365d673001e887\"},\"headline\":\"DECINES\/ MEYZIEU \/ VAULX EN VELIN | 9\u00b0 et derni\u00e8re \u00e9tape de \u00ab\u00a0Champion de Mon Quartier\u00a0\u00bb\",\"datePublished\":\"2017-06-21T17:57:20+00:00\",\"dateModified\":\"2020-11-18T18:16:47+00:00\",\"mainEntityOfPage\":{\"@id\":\"https:\/\/newsestlyonnais.fr\/site\/2017\/06\/21\/decines-meyzieu-vaulx-velin-9-derniere-etape-de-champion-de-quartier\/\"},\"wordCount\":270,\"commentCount\":0,\"publisher\":{\"@id\":\"https:\/\/newsestlyonnais.fr\/site\/#organization\"},\"image\":{\"@id\":\"https:\/\/newsestlyonnais.fr\/site\/2017\/06\/21\/decines-meyzieu-vaulx-velin-9-derniere-etape-de-champion-de-quartier\/#primaryimage\"},\"thumbnailUrl\":\"https:\/\/newsestlyonnais.fr\/site\/wp-content\/uploads\/2017\/06\/NEWSESTLYONNAIS-champion-quartier-DMA.jpg\",\"articleSection\":[\"Athl\u00e9 | Course pied | Marche\",\"D\u00e9cines-Charpieu\",\"Enfance | Jeunesse\",\"Meyzieu\",\"Vaulx-en-Velin\"],\"inLanguage\":\"fr-FR\",\"potentialAction\":[{\"@type\":\"CommentAction\",\"name\":\"Comment\",\"target\":[\"https:\/\/newsestlyonnais.fr\/site\/2017\/06\/21\/decines-meyzieu-vaulx-velin-9-derniere-etape-de-champion-de-quartier\/#respond\"]}]},{\"@type\":\"WebPage\",\"@id\":\"https:\/\/newsestlyonnais.fr\/site\/2017\/06\/21\/decines-meyzieu-vaulx-velin-9-derniere-etape-de-champion-de-quartier\/\",\"url\":\"https:\/\/newsestlyonnais.fr\/site\/2017\/06\/21\/decines-meyzieu-vaulx-velin-9-derniere-etape-de-champion-de-quartier\/\",\"name\":\"DECINES\/ MEYZIEU \/ VAULX EN VELIN : 9\u00b0 et derni\u00e8re \u00e9tape de \\\"Champion de Mon Quartier\\\"\",\"isPartOf\":{\"@id\":\"https:\/\/newsestlyonnais.fr\/site\/#website\"},\"primaryImageOfPage\":{\"@id\":\"https:\/\/newsestlyonnais.fr\/site\/2017\/06\/21\/decines-meyzieu-vaulx-velin-9-derniere-etape-de-champion-de-quartier\/#primaryimage\"},\"image\":{\"@id\":\"https:\/\/newsestlyonnais.fr\/site\/2017\/06\/21\/decines-meyzieu-vaulx-velin-9-derniere-etape-de-champion-de-quartier\/#primaryimage\"},\"thumbnailUrl\":\"https:\/\/newsestlyonnais.fr\/site\/wp-content\/uploads\/2017\/06\/NEWSESTLYONNAIS-champion-quartier-DMA.jpg\",\"datePublished\":\"2017-06-21T17:57:20+00:00\",\"dateModified\":\"2020-11-18T18:16:47+00:00\",\"description\":\"DECINES\/ MEYZIEU \/ VAULX EN VELIN : 9\u00b0 et derni\u00e8re \u00e9tape de \\\"Champion de Mon Quartier\\\"\",\"breadcrumb\":{\"@id\":\"https:\/\/newsestlyonnais.fr\/site\/2017\/06\/21\/decines-meyzieu-vaulx-velin-9-derniere-etape-de-champion-de-quartier\/#breadcrumb\"},\"inLanguage\":\"fr-FR\",\"potentialAction\":[{\"@type\":\"ReadAction\",\"target\":[\"https:\/\/newsestlyonnais.fr\/site\/2017\/06\/21\/decines-meyzieu-vaulx-velin-9-derniere-etape-de-champion-de-quartier\/\"]}]},{\"@type\":\"ImageObject\",\"inLanguage\":\"fr-FR\",\"@id\":\"https:\/\/newsestlyonnais.fr\/site\/2017\/06\/21\/decines-meyzieu-vaulx-velin-9-derniere-etape-de-champion-de-quartier\/#primaryimage\",\"url\":\"https:\/\/newsestlyonnais.fr\/site\/wp-content\/uploads\/2017\/06\/NEWSESTLYONNAIS-champion-quartier-DMA.jpg\",\"contentUrl\":\"https:\/\/newsestlyonnais.fr\/site\/wp-content\/uploads\/2017\/06\/NEWSESTLYONNAIS-champion-quartier-DMA.jpg\",\"width\":1000,\"height\":750,\"caption\":\"NEWSESTLYONNAIS - champion quartier DMA\"},{\"@type\":\"BreadcrumbList\",\"@id\":\"https:\/\/newsestlyonnais.fr\/site\/2017\/06\/21\/decines-meyzieu-vaulx-velin-9-derniere-etape-de-champion-de-quartier\/#breadcrumb\",\"itemListElement\":[{\"@type\":\"ListItem\",\"position\":1,\"name\":\"Accueil\",\"item\":\"https:\/\/newsestlyonnais.fr\/site\/\"},{\"@type\":\"ListItem\",\"position\":2,\"name\":\"DECINES\/ MEYZIEU \/ VAULX EN VELIN | 9\u00b0 et derni\u00e8re \u00e9tape de \u00ab\u00a0Champion de Mon Quartier\u00a0\u00bb\"}]},{\"@type\":\"WebSite\",\"@id\":\"https:\/\/newsestlyonnais.fr\/site\/#website\",\"url\":\"https:\/\/newsestlyonnais.fr\/site\/\",\"name\":\"News Est Lyonnais\",\"description\":\"L&#039;actualit\u00e9 au plus pr\u00e8s\",\"publisher\":{\"@id\":\"https:\/\/newsestlyonnais.fr\/site\/#organization\"},\"potentialAction\":[{\"@type\":\"SearchAction\",\"target\":{\"@type\":\"EntryPoint\",\"urlTemplate\":\"https:\/\/newsestlyonnais.fr\/site\/?s={search_term_string}\"},\"query-input\":{\"@type\":\"PropertyValueSpecification\",\"valueRequired\":true,\"valueName\":\"search_term_string\"}}],\"inLanguage\":\"fr-FR\"},{\"@type\":\"Organization\",\"@id\":\"https:\/\/newsestlyonnais.fr\/site\/#organization\",\"name\":\"News EST LYONNAIS\",\"url\":\"https:\/\/newsestlyonnais.fr\/site\/\",\"logo\":{\"@type\":\"ImageObject\",\"inLanguage\":\"fr-FR\",\"@id\":\"https:\/\/newsestlyonnais.fr\/site\/#\/schema\/logo\/image\/\",\"url\":\"\",\"contentUrl\":\"\",\"caption\":\"News EST LYONNAIS\"},\"image\":{\"@id\":\"https:\/\/newsestlyonnais.fr\/site\/#\/schema\/logo\/image\/\"}},{\"@type\":\"Person\",\"@id\":\"https:\/\/newsestlyonnais.fr\/site\/#\/schema\/person\/3230d5615f390bb808365d673001e887\",\"name\":\"R\u00e9dac. NEWS\",\"sameAs\":[\"http:\/\/www.newsestlyonnais.fr\",\"https:\/\/www.facebook.com\/pascal.oberson.1?fref=ts\",\"https:\/\/fr.linkedin.com\/in\/pascal-oberson-b17045113\"],\"url\":\"https:\/\/newsestlyonnais.fr\/site\/author\/nel\/\"}]}<\/script>\n<!-- \/ Yoast SEO plugin. -->","yoast_head_json":{"title":"DECINES\/ MEYZIEU \/ VAULX EN VELIN : 9\u00b0 et derni\u00e8re \u00e9tape de \"Champion de Mon Quartier\"","description":"DECINES\/ MEYZIEU \/ VAULX EN VELIN : 9\u00b0 et derni\u00e8re \u00e9tape de \"Champion de Mon Quartier\"","robots":{"index":"index","follow":"follow","max-snippet":"max-snippet:-1","max-image-preview":"max-image-preview:large","max-video-preview":"max-video-preview:-1"},"canonical":"https:\/\/newsestlyonnais.fr\/site\/2017\/06\/21\/decines-meyzieu-vaulx-velin-9-derniere-etape-de-champion-de-quartier\/","og_locale":"fr_FR","og_type":"article","og_title":"DECINES\/ MEYZIEU \/ VAULX EN VELIN : 9\u00b0 et derni\u00e8re \u00e9tape de \"Champion de Mon Quartier\"","og_description":"DECINES\/ MEYZIEU \/ VAULX EN VELIN : 9\u00b0 et derni\u00e8re \u00e9tape de \"Champion de Mon Quartier\"","og_url":"https:\/\/newsestlyonnais.fr\/site\/2017\/06\/21\/decines-meyzieu-vaulx-velin-9-derniere-etape-de-champion-de-quartier\/","og_site_name":"News Est Lyonnais","article_author":"https:\/\/www.facebook.com\/pascal.oberson.1?fref=ts","article_published_time":"2017-06-21T17:57:20+00:00","article_modified_time":"2020-11-18T18:16:47+00:00","og_image":[{"width":1000,"height":750,"url":"https:\/\/i0.wp.com\/newsestlyonnais.fr\/site\/wp-content\/uploads\/2017\/06\/NEWSESTLYONNAIS-champion-quartier-DMA.jpg?fit=1000%2C750&ssl=1","type":"image\/jpeg"}],"author":"R\u00e9dac. NEWS","twitter_card":"summary_large_image","twitter_misc":{"\u00c9crit par":"R\u00e9dac. NEWS","Dur\u00e9e de lecture estim\u00e9e":"1 minute"},"schema":{"@context":"https:\/\/schema.org","@graph":[{"@type":"Article","@id":"https:\/\/newsestlyonnais.fr\/site\/2017\/06\/21\/decines-meyzieu-vaulx-velin-9-derniere-etape-de-champion-de-quartier\/#article","isPartOf":{"@id":"https:\/\/newsestlyonnais.fr\/site\/2017\/06\/21\/decines-meyzieu-vaulx-velin-9-derniere-etape-de-champion-de-quartier\/"},"author":{"name":"R\u00e9dac. NEWS","@id":"https:\/\/newsestlyonnais.fr\/site\/#\/schema\/person\/3230d5615f390bb808365d673001e887"},"headline":"DECINES\/ MEYZIEU \/ VAULX EN VELIN | 9\u00b0 et derni\u00e8re \u00e9tape de \u00ab\u00a0Champion de Mon Quartier\u00a0\u00bb","datePublished":"2017-06-21T17:57:20+00:00","dateModified":"2020-11-18T18:16:47+00:00","mainEntityOfPage":{"@id":"https:\/\/newsestlyonnais.fr\/site\/2017\/06\/21\/decines-meyzieu-vaulx-velin-9-derniere-etape-de-champion-de-quartier\/"},"wordCount":270,"commentCount":0,"publisher":{"@id":"https:\/\/newsestlyonnais.fr\/site\/#organization"},"image":{"@id":"https:\/\/newsestlyonnais.fr\/site\/2017\/06\/21\/decines-meyzieu-vaulx-velin-9-derniere-etape-de-champion-de-quartier\/#primaryimage"},"thumbnailUrl":"https:\/\/newsestlyonnais.fr\/site\/wp-content\/uploads\/2017\/06\/NEWSESTLYONNAIS-champion-quartier-DMA.jpg","articleSection":["Athl\u00e9 | Course pied | Marche","D\u00e9cines-Charpieu","Enfance | Jeunesse","Meyzieu","Vaulx-en-Velin"],"inLanguage":"fr-FR","potentialAction":[{"@type":"CommentAction","name":"Comment","target":["https:\/\/newsestlyonnais.fr\/site\/2017\/06\/21\/decines-meyzieu-vaulx-velin-9-derniere-etape-de-champion-de-quartier\/#respond"]}]},{"@type":"WebPage","@id":"https:\/\/newsestlyonnais.fr\/site\/2017\/06\/21\/decines-meyzieu-vaulx-velin-9-derniere-etape-de-champion-de-quartier\/","url":"https:\/\/newsestlyonnais.fr\/site\/2017\/06\/21\/decines-meyzieu-vaulx-velin-9-derniere-etape-de-champion-de-quartier\/","name":"DECINES\/ MEYZIEU \/ VAULX EN VELIN : 9\u00b0 et derni\u00e8re \u00e9tape de \"Champion de Mon Quartier\"","isPartOf":{"@id":"https:\/\/newsestlyonnais.fr\/site\/#website"},"primaryImageOfPage":{"@id":"https:\/\/newsestlyonnais.fr\/site\/2017\/06\/21\/decines-meyzieu-vaulx-velin-9-derniere-etape-de-champion-de-quartier\/#primaryimage"},"image":{"@id":"https:\/\/newsestlyonnais.fr\/site\/2017\/06\/21\/decines-meyzieu-vaulx-velin-9-derniere-etape-de-champion-de-quartier\/#primaryimage"},"thumbnailUrl":"https:\/\/newsestlyonnais.fr\/site\/wp-content\/uploads\/2017\/06\/NEWSESTLYONNAIS-champion-quartier-DMA.jpg","datePublished":"2017-06-21T17:57:20+00:00","dateModified":"2020-11-18T18:16:47+00:00","description":"DECINES\/ MEYZIEU \/ VAULX EN VELIN : 9\u00b0 et derni\u00e8re \u00e9tape de \"Champion de Mon Quartier\"","breadcrumb":{"@id":"https:\/\/newsestlyonnais.fr\/site\/2017\/06\/21\/decines-meyzieu-vaulx-velin-9-derniere-etape-de-champion-de-quartier\/#breadcrumb"},"inLanguage":"fr-FR","potentialAction":[{"@type":"ReadAction","target":["https:\/\/newsestlyonnais.fr\/site\/2017\/06\/21\/decines-meyzieu-vaulx-velin-9-derniere-etape-de-champion-de-quartier\/"]}]},{"@type":"ImageObject","inLanguage":"fr-FR","@id":"https:\/\/newsestlyonnais.fr\/site\/2017\/06\/21\/decines-meyzieu-vaulx-velin-9-derniere-etape-de-champion-de-quartier\/#primaryimage","url":"https:\/\/newsestlyonnais.fr\/site\/wp-content\/uploads\/2017\/06\/NEWSESTLYONNAIS-champion-quartier-DMA.jpg","contentUrl":"https:\/\/newsestlyonnais.fr\/site\/wp-content\/uploads\/2017\/06\/NEWSESTLYONNAIS-champion-quartier-DMA.jpg","width":1000,"height":750,"caption":"NEWSESTLYONNAIS - champion quartier DMA"},{"@type":"BreadcrumbList","@id":"https:\/\/newsestlyonnais.fr\/site\/2017\/06\/21\/decines-meyzieu-vaulx-velin-9-derniere-etape-de-champion-de-quartier\/#breadcrumb","itemListElement":[{"@type":"ListItem","position":1,"name":"Accueil","item":"https:\/\/newsestlyonnais.fr\/site\/"},{"@type":"ListItem","position":2,"name":"DECINES\/ MEYZIEU \/ VAULX EN VELIN | 9\u00b0 et derni\u00e8re \u00e9tape de \u00ab\u00a0Champion de Mon Quartier\u00a0\u00bb"}]},{"@type":"WebSite","@id":"https:\/\/newsestlyonnais.fr\/site\/#website","url":"https:\/\/newsestlyonnais.fr\/site\/","name":"News Est Lyonnais","description":"L&#039;actualit\u00e9 au plus pr\u00e8s","publisher":{"@id":"https:\/\/newsestlyonnais.fr\/site\/#organization"},"potentialAction":[{"@type":"SearchAction","target":{"@type":"EntryPoint","urlTemplate":"https:\/\/newsestlyonnais.fr\/site\/?s={search_term_string}"},"query-input":{"@type":"PropertyValueSpecification","valueRequired":true,"valueName":"search_term_string"}}],"inLanguage":"fr-FR"},{"@type":"Organization","@id":"https:\/\/newsestlyonnais.fr\/site\/#organization","name":"News EST LYONNAIS","url":"https:\/\/newsestlyonnais.fr\/site\/","logo":{"@type":"ImageObject","inLanguage":"fr-FR","@id":"https:\/\/newsestlyonnais.fr\/site\/#\/schema\/logo\/image\/","url":"","contentUrl":"","caption":"News EST LYONNAIS"},"image":{"@id":"https:\/\/newsestlyonnais.fr\/site\/#\/schema\/logo\/image\/"}},{"@type":"Person","@id":"https:\/\/newsestlyonnais.fr\/site\/#\/schema\/person\/3230d5615f390bb808365d673001e887","name":"R\u00e9dac. NEWS","sameAs":["http:\/\/www.newsestlyonnais.fr","https:\/\/www.facebook.com\/pascal.oberson.1?fref=ts","https:\/\/fr.linkedin.com\/in\/pascal-oberson-b17045113"],"url":"https:\/\/newsestlyonnais.fr\/site\/author\/nel\/"}]}},"_links":{"self":[{"href":"https:\/\/newsestlyonnais.fr\/site\/wp-json\/wp\/v2\/posts\/30021","targetHints":{"allow":["GET"]}}],"collection":[{"href":"https:\/\/newsestlyonnais.fr\/site\/wp-json\/wp\/v2\/posts"}],"about":[{"href":"https:\/\/newsestlyonnais.fr\/site\/wp-json\/wp\/v2\/types\/post"}],"author":[{"embeddable":true,"href":"https:\/\/newsestlyonnais.fr\/site\/wp-json\/wp\/v2\/users\/4"}],"replies":[{"embeddable":true,"href":"https:\/\/newsestlyonnais.fr\/site\/wp-json\/wp\/v2\/comments?post=30021"}],"version-history":[{"count":0,"href":"https:\/\/newsestlyonnais.fr\/site\/wp-json\/wp\/v2\/posts\/30021\/revisions"}],"wp:featuredmedia":[{"embeddable":true,"href":"https:\/\/newsestlyonnais.fr\/site\/wp-json\/wp\/v2\/media\/30023"}],"wp:attachment":[{"href":"https:\/\/newsestlyonnais.fr\/site\/wp-json\/wp\/v2\/media?parent=30021"}],"wp:term":[{"taxonomy":"category","embeddable":true,"href":"https:\/\/newsestlyonnais.fr\/site\/wp-json\/wp\/v2\/categories?post=30021"},{"taxonomy":"post_tag","embeddable":true,"href":"https:\/\/newsestlyonnais.fr\/site\/wp-json\/wp\/v2\/tags?post=30021"}],"curies":[{"name":"wp","href":"https:\/\/api.w.org\/{rel}","templated":true}]}}