{"id":30189,"date":"2017-06-23T14:46:35","date_gmt":"2017-06-23T13:46:35","guid":{"rendered":"http:\/\/newsestlyonnais.fr\/site\/?p=30189"},"modified":"2020-11-19T09:13:11","modified_gmt":"2020-11-19T08:13:11","slug":"lyon-8-agenda-des-evenements-du-19-au-25-juin","status":"publish","type":"post","link":"https:\/\/newsestlyonnais.fr\/site\/2017\/06\/23\/lyon-8-agenda-des-evenements-du-19-au-25-juin\/","title":{"rendered":"LYON 8 | Agenda des \u00e9v\u00e8nements du 26 juin au 1\u00b0 juillet"},"content":{"rendered":"<h4>De nombreuses manifestations sont programm\u00e9es sur l\u2019arrondissement pour la semaine 26, \u00e0 savoir:<\/h4>\n<ul>\n<li><strong>Lundi 26 juin<\/strong> <strong>\u00e0 20 h: <\/strong><span style=\"text-decoration: underline\">Concert What the shack<\/span> : (Le Karbone, MJC Monplaisir, 25 avenue des Fr\u00e8res Lumi\u00e8re).<\/li>\n<li><strong>Mardi 27 juin<\/strong> <strong>\u00e0 20 h<\/strong>: <span style=\"text-decoration: underline\">Concert de l\u2019Harmonie Montchat Monplaisir<\/span> (Kiosque de la Place Ambroise Courtois) <strong>\u00e0 22 h:<\/strong> <span style=\"text-decoration: underline\">\u00c9t\u00e9 en cin\u00e9mascope<\/span>. S\u00e9ance de cin\u00e9ma en plein air gratuite (Place Ambroise Courtois).<\/li>\n<li><strong>Mercredi 28 juin<\/strong> <strong>\u00e0 12 h<\/strong>: <span style=\"text-decoration: underline\">Accueil d\u2019un groupe de Milanais dans le cadre d\u2019un \u00e9change europ\u00e9en<\/span>. (Mairie du 8\u00b0, 12 avenue Jean Mermoz). &amp; <strong>\u00e0 14 h 30<\/strong>: <span style=\"text-decoration: underline\">Apr\u00e8s-midi th\u00e9 dansant<\/span>. Anim\u00e9 par Alain Piantoni. (Espace citoyen, 12 avenue Jean Mermoz) &amp;<strong> \u00e0 15 h 30<\/strong>: <span style=\"text-decoration: underline\">F\u00eate annuelle du jardin partag\u00e9 du Pr\u00e9 Santy<\/span>. Animations et go\u00fbter interg\u00e9n\u00e9rationnel. (6 et 24 rue St\u00e9phane Coignet) &amp; <strong>\u00e0 15 h 30<\/strong>: <span style=\"text-decoration: underline\">Mise en service de bo\u00eetes \u00e0 pain<\/span>. Projet de Grand Lyon Habitat avec les habitants (1 rue Joseph Chalier). &amp; <strong>\u00e0 19 h<\/strong>: <span style=\"text-decoration: underline\">Conseil d\u2019arrondissement<\/span> (Mairie du 8\u00b0 , 12 avenue Jean Mermoz)<\/li>\n<li>\u00a0<strong>Jeudi 29 juin \u00e0 13 h<\/strong>: <span style=\"text-decoration: underline\">F\u00eate de fin d\u2019ann\u00e9e de la cr\u00e8che Les P\u2019tits Gones du 8\u00b0<\/span> . Avec ferme p\u00e9dagogique. (Square Varichon).<strong> \u00e0 14 h 30<\/strong>: <span style=\"text-decoration: underline\">Spectacle \u00ab D\u00e9calage-toi \u00bb<\/span>.Cr\u00e9ation documentaire issue de trois ann\u00e9es de collaboration entre artistes, chercheuses en sciences sociale et citoyen-ne-s avec slams, vid\u00e9os, tableaux satiriques, chansons\u2026 (MJC La\u00ebnnec-Mermoz, 21 rue Genton). &amp; <strong>\u00e0 20 h<\/strong>: \u00ab I love tango \u00bb. Initiation au tango argentin puis bal par le TNT Lyon Tango dans le cadre de \u00ab Tout l\u2019monde dehors ! \u00bb (Place Ambroise Courtois)<\/li>\n<li><strong>Vendredi 30 juin \u00e0 17 h<\/strong>: <span style=\"text-decoration: underline\">Animation M\u00e9li-M\u00e9lo<\/span>. Concert, atelier, repas. (Espace des 4 Vents, 27-29 rue Garon Duret).<\/li>\n<li><strong>Samedi 1\u00b0 juillet \u00e0 19 h<\/strong>: <span style=\"text-decoration: underline\">\u00a0\u00bb Latinomix \u00ab\u00a0. Initiation aux danses latines<\/span> puis bal par Latino Family dans le cadre de \u00ab Tout l\u2019monde dehors ! \u00bb (Place du 8 mai 1945).<\/li>\n<\/ul>\n<h5><strong>Retrouvez l\u2019ACTU de Lyon 8\u00b0 sur: <a href=\"http:\/\/www.mairie8.lyon.fr\/page\/accueil_8.html\" target=\"_blank\" rel=\"noopener noreferrer\">http:\/\/www.mairie8.lyon.fr\/page\/accueil_8.html<\/a><\/strong><\/h5>\n<div id='gallery-1' class='gallery galleryid-30189 gallery-columns-3 gallery-size-medium'><figure class='gallery-item'>\n\t\t\t<div class='gallery-icon landscape'>\n\t\t\t\t<a href='https:\/\/newsestlyonnais.fr\/site\/newsestlyonnais-the-dansant-lyo-8\/'><img loading=\"lazy\" decoding=\"async\" width=\"400\" height=\"300\" src=\"https:\/\/newsestlyonnais.fr\/site\/wp-content\/uploads\/2017\/06\/NEWSESTLYONNAIS-THE-DANSANT-LYO-8-400x300.jpg\" class=\"attachment-medium size-medium\" alt=\"NEWSESTLYONNAIS THE DANSANT LYO 8\" aria-describedby=\"gallery-1-29335\" srcset=\"https:\/\/newsestlyonnais.fr\/site\/wp-content\/uploads\/2017\/06\/NEWSESTLYONNAIS-THE-DANSANT-LYO-8-400x300.jpg 400w, https:\/\/newsestlyonnais.fr\/site\/wp-content\/uploads\/2017\/06\/NEWSESTLYONNAIS-THE-DANSANT-LYO-8-768x576.jpg 768w, https:\/\/newsestlyonnais.fr\/site\/wp-content\/uploads\/2017\/06\/NEWSESTLYONNAIS-THE-DANSANT-LYO-8-600x450.jpg 600w, https:\/\/newsestlyonnais.fr\/site\/wp-content\/uploads\/2017\/06\/NEWSESTLYONNAIS-THE-DANSANT-LYO-8-100x75.jpg 100w, https:\/\/newsestlyonnais.fr\/site\/wp-content\/uploads\/2017\/06\/NEWSESTLYONNAIS-THE-DANSANT-LYO-8.jpg 1000w\" sizes=\"auto, (max-width: 400px) 100vw, 400px\" \/><\/a>\n\t\t\t<\/div>\n\t\t\t\t<figcaption class='wp-caption-text gallery-caption' id='gallery-1-29335'>\n\t\t\t\t     THE DANSANT\n\t\t\t\t<\/figcaption><\/figure>\n\t\t<\/div>\n\n","protected":false},"excerpt":{"rendered":"<p>De nombreuses manifestations sont programm\u00e9es sur l\u2019arrondissement pour la semaine 26, \u00e0 savoir: Lundi 26 juin \u00e0 20 h: Concert What the shack : (Le Karbone, MJC Monplaisir, 25 avenue des Fr\u00e8res Lumi\u00e8re). Mardi 27 juin \u00e0 20 h: Concert de l\u2019Harmonie Montchat Monplaisir (Kiosque de la Place Ambroise Courtois) \u00e0 22 h: \u00c9t\u00e9 en [&hellip;]<\/p>\n","protected":false},"author":4,"featured_media":25758,"comment_status":"open","ping_status":"open","sticky":false,"template":"","format":"standard","meta":{"footnotes":""},"categories":[1625],"tags":[],"class_list":["post-30189","post","type-post","status-publish","format-standard","has-post-thumbnail","hentry","category-lyon"],"yoast_head":"<!-- This site is optimized with the Yoast SEO plugin v27.2 - https:\/\/yoast.com\/product\/yoast-seo-wordpress\/ -->\n<title>LYON 8\u00b0: D\u00e9couvrez l\u2019agenda des \u00e9v\u00e8nements pr\u00e9vus du 26 juin au 1\u00b0 juillet<\/title>\n<meta name=\"description\" content=\"LYON 8\u00b0: D\u00e9couvrez l\u2019agenda des \u00e9v\u00e8nements pr\u00e9vus du 26 juin au 1\u00b0 juillet\" \/>\n<meta name=\"robots\" content=\"index, follow, max-snippet:-1, max-image-preview:large, max-video-preview:-1\" \/>\n<link rel=\"canonical\" href=\"https:\/\/newsestlyonnais.fr\/site\/2017\/06\/23\/lyon-8-agenda-des-evenements-du-19-au-25-juin\/\" \/>\n<meta property=\"og:locale\" content=\"fr_FR\" \/>\n<meta property=\"og:type\" content=\"article\" \/>\n<meta property=\"og:title\" content=\"LYON 8\u00b0: D\u00e9couvrez l\u2019agenda des \u00e9v\u00e8nements pr\u00e9vus du 26 juin au 1\u00b0 juillet\" \/>\n<meta property=\"og:description\" content=\"LYON 8\u00b0: D\u00e9couvrez l\u2019agenda des \u00e9v\u00e8nements pr\u00e9vus du 26 juin au 1\u00b0 juillet\" \/>\n<meta property=\"og:url\" content=\"https:\/\/newsestlyonnais.fr\/site\/2017\/06\/23\/lyon-8-agenda-des-evenements-du-19-au-25-juin\/\" \/>\n<meta property=\"og:site_name\" content=\"News Est Lyonnais\" \/>\n<meta property=\"article:author\" content=\"https:\/\/www.facebook.com\/pascal.oberson.1?fref=ts\" \/>\n<meta property=\"article:published_time\" content=\"2017-06-23T13:46:35+00:00\" \/>\n<meta property=\"article:modified_time\" content=\"2020-11-19T08:13:11+00:00\" \/>\n<meta property=\"og:image\" content=\"https:\/\/i1.wp.com\/newsestlyonnais.fr\/site\/wp-content\/uploads\/2017\/04\/NEWSESTLYONNAIS-LOGO-LYON-8\u00c2\u00b0.png?fit=1000%2C750&ssl=1\" \/>\n\t<meta property=\"og:image:width\" content=\"1000\" \/>\n\t<meta property=\"og:image:height\" content=\"750\" \/>\n\t<meta property=\"og:image:type\" content=\"image\/png\" \/>\n<meta name=\"author\" content=\"R\u00e9dac. NEWS\" \/>\n<meta name=\"twitter:card\" content=\"summary_large_image\" \/>\n<meta name=\"twitter:label1\" content=\"\u00c9crit par\" \/>\n\t<meta name=\"twitter:data1\" content=\"R\u00e9dac. NEWS\" \/>\n\t<meta name=\"twitter:label2\" content=\"Dur\u00e9e de lecture estim\u00e9e\" \/>\n\t<meta name=\"twitter:data2\" content=\"1 minute\" \/>\n<script type=\"application\/ld+json\" class=\"yoast-schema-graph\">{\"@context\":\"https:\/\/schema.org\",\"@graph\":[{\"@type\":\"Article\",\"@id\":\"https:\/\/newsestlyonnais.fr\/site\/2017\/06\/23\/lyon-8-agenda-des-evenements-du-19-au-25-juin\/#article\",\"isPartOf\":{\"@id\":\"https:\/\/newsestlyonnais.fr\/site\/2017\/06\/23\/lyon-8-agenda-des-evenements-du-19-au-25-juin\/\"},\"author\":{\"name\":\"R\u00e9dac. NEWS\",\"@id\":\"https:\/\/newsestlyonnais.fr\/site\/#\/schema\/person\/3230d5615f390bb808365d673001e887\"},\"headline\":\"LYON 8 | Agenda des \u00e9v\u00e8nements du 26 juin au 1\u00b0 juillet\",\"datePublished\":\"2017-06-23T13:46:35+00:00\",\"dateModified\":\"2020-11-19T08:13:11+00:00\",\"mainEntityOfPage\":{\"@id\":\"https:\/\/newsestlyonnais.fr\/site\/2017\/06\/23\/lyon-8-agenda-des-evenements-du-19-au-25-juin\/\"},\"wordCount\":308,\"commentCount\":0,\"publisher\":{\"@id\":\"https:\/\/newsestlyonnais.fr\/site\/#organization\"},\"image\":{\"@id\":\"https:\/\/newsestlyonnais.fr\/site\/2017\/06\/23\/lyon-8-agenda-des-evenements-du-19-au-25-juin\/#primaryimage\"},\"thumbnailUrl\":\"https:\/\/newsestlyonnais.fr\/site\/wp-content\/uploads\/2017\/04\/NEWSESTLYONNAIS-LOGO-LYON-8\u00c2\u00b0.png\",\"articleSection\":[\"Lyon\"],\"inLanguage\":\"fr-FR\",\"potentialAction\":[{\"@type\":\"CommentAction\",\"name\":\"Comment\",\"target\":[\"https:\/\/newsestlyonnais.fr\/site\/2017\/06\/23\/lyon-8-agenda-des-evenements-du-19-au-25-juin\/#respond\"]}]},{\"@type\":\"WebPage\",\"@id\":\"https:\/\/newsestlyonnais.fr\/site\/2017\/06\/23\/lyon-8-agenda-des-evenements-du-19-au-25-juin\/\",\"url\":\"https:\/\/newsestlyonnais.fr\/site\/2017\/06\/23\/lyon-8-agenda-des-evenements-du-19-au-25-juin\/\",\"name\":\"LYON 8\u00b0: D\u00e9couvrez l\u2019agenda des \u00e9v\u00e8nements pr\u00e9vus du 26 juin au 1\u00b0 juillet\",\"isPartOf\":{\"@id\":\"https:\/\/newsestlyonnais.fr\/site\/#website\"},\"primaryImageOfPage\":{\"@id\":\"https:\/\/newsestlyonnais.fr\/site\/2017\/06\/23\/lyon-8-agenda-des-evenements-du-19-au-25-juin\/#primaryimage\"},\"image\":{\"@id\":\"https:\/\/newsestlyonnais.fr\/site\/2017\/06\/23\/lyon-8-agenda-des-evenements-du-19-au-25-juin\/#primaryimage\"},\"thumbnailUrl\":\"https:\/\/newsestlyonnais.fr\/site\/wp-content\/uploads\/2017\/04\/NEWSESTLYONNAIS-LOGO-LYON-8\u00c2\u00b0.png\",\"datePublished\":\"2017-06-23T13:46:35+00:00\",\"dateModified\":\"2020-11-19T08:13:11+00:00\",\"description\":\"LYON 8\u00b0: D\u00e9couvrez l\u2019agenda des \u00e9v\u00e8nements pr\u00e9vus du 26 juin au 1\u00b0 juillet\",\"breadcrumb\":{\"@id\":\"https:\/\/newsestlyonnais.fr\/site\/2017\/06\/23\/lyon-8-agenda-des-evenements-du-19-au-25-juin\/#breadcrumb\"},\"inLanguage\":\"fr-FR\",\"potentialAction\":[{\"@type\":\"ReadAction\",\"target\":[\"https:\/\/newsestlyonnais.fr\/site\/2017\/06\/23\/lyon-8-agenda-des-evenements-du-19-au-25-juin\/\"]}]},{\"@type\":\"ImageObject\",\"inLanguage\":\"fr-FR\",\"@id\":\"https:\/\/newsestlyonnais.fr\/site\/2017\/06\/23\/lyon-8-agenda-des-evenements-du-19-au-25-juin\/#primaryimage\",\"url\":\"https:\/\/newsestlyonnais.fr\/site\/wp-content\/uploads\/2017\/04\/NEWSESTLYONNAIS-LOGO-LYON-8\u00c2\u00b0.png\",\"contentUrl\":\"https:\/\/newsestlyonnais.fr\/site\/wp-content\/uploads\/2017\/04\/NEWSESTLYONNAIS-LOGO-LYON-8\u00c2\u00b0.png\",\"width\":1000,\"height\":750,\"caption\":\"NEWSESTLYONNAIS-LOGO-LYON-8\u00c2\u00b0\"},{\"@type\":\"BreadcrumbList\",\"@id\":\"https:\/\/newsestlyonnais.fr\/site\/2017\/06\/23\/lyon-8-agenda-des-evenements-du-19-au-25-juin\/#breadcrumb\",\"itemListElement\":[{\"@type\":\"ListItem\",\"position\":1,\"name\":\"Accueil\",\"item\":\"https:\/\/newsestlyonnais.fr\/site\/\"},{\"@type\":\"ListItem\",\"position\":2,\"name\":\"LYON 8 | Agenda des \u00e9v\u00e8nements du 26 juin au 1\u00b0 juillet\"}]},{\"@type\":\"WebSite\",\"@id\":\"https:\/\/newsestlyonnais.fr\/site\/#website\",\"url\":\"https:\/\/newsestlyonnais.fr\/site\/\",\"name\":\"News Est Lyonnais\",\"description\":\"L&#039;actualit\u00e9 au plus pr\u00e8s\",\"publisher\":{\"@id\":\"https:\/\/newsestlyonnais.fr\/site\/#organization\"},\"potentialAction\":[{\"@type\":\"SearchAction\",\"target\":{\"@type\":\"EntryPoint\",\"urlTemplate\":\"https:\/\/newsestlyonnais.fr\/site\/?s={search_term_string}\"},\"query-input\":{\"@type\":\"PropertyValueSpecification\",\"valueRequired\":true,\"valueName\":\"search_term_string\"}}],\"inLanguage\":\"fr-FR\"},{\"@type\":\"Organization\",\"@id\":\"https:\/\/newsestlyonnais.fr\/site\/#organization\",\"name\":\"News EST LYONNAIS\",\"url\":\"https:\/\/newsestlyonnais.fr\/site\/\",\"logo\":{\"@type\":\"ImageObject\",\"inLanguage\":\"fr-FR\",\"@id\":\"https:\/\/newsestlyonnais.fr\/site\/#\/schema\/logo\/image\/\",\"url\":\"\",\"contentUrl\":\"\",\"caption\":\"News EST LYONNAIS\"},\"image\":{\"@id\":\"https:\/\/newsestlyonnais.fr\/site\/#\/schema\/logo\/image\/\"}},{\"@type\":\"Person\",\"@id\":\"https:\/\/newsestlyonnais.fr\/site\/#\/schema\/person\/3230d5615f390bb808365d673001e887\",\"name\":\"R\u00e9dac. NEWS\",\"sameAs\":[\"http:\/\/www.newsestlyonnais.fr\",\"https:\/\/www.facebook.com\/pascal.oberson.1?fref=ts\",\"https:\/\/fr.linkedin.com\/in\/pascal-oberson-b17045113\"],\"url\":\"https:\/\/newsestlyonnais.fr\/site\/author\/nel\/\"}]}<\/script>\n<!-- \/ Yoast SEO plugin. -->","yoast_head_json":{"title":"LYON 8\u00b0: D\u00e9couvrez l\u2019agenda des \u00e9v\u00e8nements pr\u00e9vus du 26 juin au 1\u00b0 juillet","description":"LYON 8\u00b0: D\u00e9couvrez l\u2019agenda des \u00e9v\u00e8nements pr\u00e9vus du 26 juin au 1\u00b0 juillet","robots":{"index":"index","follow":"follow","max-snippet":"max-snippet:-1","max-image-preview":"max-image-preview:large","max-video-preview":"max-video-preview:-1"},"canonical":"https:\/\/newsestlyonnais.fr\/site\/2017\/06\/23\/lyon-8-agenda-des-evenements-du-19-au-25-juin\/","og_locale":"fr_FR","og_type":"article","og_title":"LYON 8\u00b0: D\u00e9couvrez l\u2019agenda des \u00e9v\u00e8nements pr\u00e9vus du 26 juin au 1\u00b0 juillet","og_description":"LYON 8\u00b0: D\u00e9couvrez l\u2019agenda des \u00e9v\u00e8nements pr\u00e9vus du 26 juin au 1\u00b0 juillet","og_url":"https:\/\/newsestlyonnais.fr\/site\/2017\/06\/23\/lyon-8-agenda-des-evenements-du-19-au-25-juin\/","og_site_name":"News Est Lyonnais","article_author":"https:\/\/www.facebook.com\/pascal.oberson.1?fref=ts","article_published_time":"2017-06-23T13:46:35+00:00","article_modified_time":"2020-11-19T08:13:11+00:00","og_image":[{"width":1000,"height":750,"url":"https:\/\/i1.wp.com\/newsestlyonnais.fr\/site\/wp-content\/uploads\/2017\/04\/NEWSESTLYONNAIS-LOGO-LYON-8\u00c2\u00b0.png?fit=1000%2C750&ssl=1","type":"image\/png"}],"author":"R\u00e9dac. NEWS","twitter_card":"summary_large_image","twitter_misc":{"\u00c9crit par":"R\u00e9dac. NEWS","Dur\u00e9e de lecture estim\u00e9e":"1 minute"},"schema":{"@context":"https:\/\/schema.org","@graph":[{"@type":"Article","@id":"https:\/\/newsestlyonnais.fr\/site\/2017\/06\/23\/lyon-8-agenda-des-evenements-du-19-au-25-juin\/#article","isPartOf":{"@id":"https:\/\/newsestlyonnais.fr\/site\/2017\/06\/23\/lyon-8-agenda-des-evenements-du-19-au-25-juin\/"},"author":{"name":"R\u00e9dac. NEWS","@id":"https:\/\/newsestlyonnais.fr\/site\/#\/schema\/person\/3230d5615f390bb808365d673001e887"},"headline":"LYON 8 | Agenda des \u00e9v\u00e8nements du 26 juin au 1\u00b0 juillet","datePublished":"2017-06-23T13:46:35+00:00","dateModified":"2020-11-19T08:13:11+00:00","mainEntityOfPage":{"@id":"https:\/\/newsestlyonnais.fr\/site\/2017\/06\/23\/lyon-8-agenda-des-evenements-du-19-au-25-juin\/"},"wordCount":308,"commentCount":0,"publisher":{"@id":"https:\/\/newsestlyonnais.fr\/site\/#organization"},"image":{"@id":"https:\/\/newsestlyonnais.fr\/site\/2017\/06\/23\/lyon-8-agenda-des-evenements-du-19-au-25-juin\/#primaryimage"},"thumbnailUrl":"https:\/\/newsestlyonnais.fr\/site\/wp-content\/uploads\/2017\/04\/NEWSESTLYONNAIS-LOGO-LYON-8\u00c2\u00b0.png","articleSection":["Lyon"],"inLanguage":"fr-FR","potentialAction":[{"@type":"CommentAction","name":"Comment","target":["https:\/\/newsestlyonnais.fr\/site\/2017\/06\/23\/lyon-8-agenda-des-evenements-du-19-au-25-juin\/#respond"]}]},{"@type":"WebPage","@id":"https:\/\/newsestlyonnais.fr\/site\/2017\/06\/23\/lyon-8-agenda-des-evenements-du-19-au-25-juin\/","url":"https:\/\/newsestlyonnais.fr\/site\/2017\/06\/23\/lyon-8-agenda-des-evenements-du-19-au-25-juin\/","name":"LYON 8\u00b0: D\u00e9couvrez l\u2019agenda des \u00e9v\u00e8nements pr\u00e9vus du 26 juin au 1\u00b0 juillet","isPartOf":{"@id":"https:\/\/newsestlyonnais.fr\/site\/#website"},"primaryImageOfPage":{"@id":"https:\/\/newsestlyonnais.fr\/site\/2017\/06\/23\/lyon-8-agenda-des-evenements-du-19-au-25-juin\/#primaryimage"},"image":{"@id":"https:\/\/newsestlyonnais.fr\/site\/2017\/06\/23\/lyon-8-agenda-des-evenements-du-19-au-25-juin\/#primaryimage"},"thumbnailUrl":"https:\/\/newsestlyonnais.fr\/site\/wp-content\/uploads\/2017\/04\/NEWSESTLYONNAIS-LOGO-LYON-8\u00c2\u00b0.png","datePublished":"2017-06-23T13:46:35+00:00","dateModified":"2020-11-19T08:13:11+00:00","description":"LYON 8\u00b0: D\u00e9couvrez l\u2019agenda des \u00e9v\u00e8nements pr\u00e9vus du 26 juin au 1\u00b0 juillet","breadcrumb":{"@id":"https:\/\/newsestlyonnais.fr\/site\/2017\/06\/23\/lyon-8-agenda-des-evenements-du-19-au-25-juin\/#breadcrumb"},"inLanguage":"fr-FR","potentialAction":[{"@type":"ReadAction","target":["https:\/\/newsestlyonnais.fr\/site\/2017\/06\/23\/lyon-8-agenda-des-evenements-du-19-au-25-juin\/"]}]},{"@type":"ImageObject","inLanguage":"fr-FR","@id":"https:\/\/newsestlyonnais.fr\/site\/2017\/06\/23\/lyon-8-agenda-des-evenements-du-19-au-25-juin\/#primaryimage","url":"https:\/\/newsestlyonnais.fr\/site\/wp-content\/uploads\/2017\/04\/NEWSESTLYONNAIS-LOGO-LYON-8\u00c2\u00b0.png","contentUrl":"https:\/\/newsestlyonnais.fr\/site\/wp-content\/uploads\/2017\/04\/NEWSESTLYONNAIS-LOGO-LYON-8\u00c2\u00b0.png","width":1000,"height":750,"caption":"NEWSESTLYONNAIS-LOGO-LYON-8\u00c2\u00b0"},{"@type":"BreadcrumbList","@id":"https:\/\/newsestlyonnais.fr\/site\/2017\/06\/23\/lyon-8-agenda-des-evenements-du-19-au-25-juin\/#breadcrumb","itemListElement":[{"@type":"ListItem","position":1,"name":"Accueil","item":"https:\/\/newsestlyonnais.fr\/site\/"},{"@type":"ListItem","position":2,"name":"LYON 8 | Agenda des \u00e9v\u00e8nements du 26 juin au 1\u00b0 juillet"}]},{"@type":"WebSite","@id":"https:\/\/newsestlyonnais.fr\/site\/#website","url":"https:\/\/newsestlyonnais.fr\/site\/","name":"News Est Lyonnais","description":"L&#039;actualit\u00e9 au plus pr\u00e8s","publisher":{"@id":"https:\/\/newsestlyonnais.fr\/site\/#organization"},"potentialAction":[{"@type":"SearchAction","target":{"@type":"EntryPoint","urlTemplate":"https:\/\/newsestlyonnais.fr\/site\/?s={search_term_string}"},"query-input":{"@type":"PropertyValueSpecification","valueRequired":true,"valueName":"search_term_string"}}],"inLanguage":"fr-FR"},{"@type":"Organization","@id":"https:\/\/newsestlyonnais.fr\/site\/#organization","name":"News EST LYONNAIS","url":"https:\/\/newsestlyonnais.fr\/site\/","logo":{"@type":"ImageObject","inLanguage":"fr-FR","@id":"https:\/\/newsestlyonnais.fr\/site\/#\/schema\/logo\/image\/","url":"","contentUrl":"","caption":"News EST LYONNAIS"},"image":{"@id":"https:\/\/newsestlyonnais.fr\/site\/#\/schema\/logo\/image\/"}},{"@type":"Person","@id":"https:\/\/newsestlyonnais.fr\/site\/#\/schema\/person\/3230d5615f390bb808365d673001e887","name":"R\u00e9dac. NEWS","sameAs":["http:\/\/www.newsestlyonnais.fr","https:\/\/www.facebook.com\/pascal.oberson.1?fref=ts","https:\/\/fr.linkedin.com\/in\/pascal-oberson-b17045113"],"url":"https:\/\/newsestlyonnais.fr\/site\/author\/nel\/"}]}},"_links":{"self":[{"href":"https:\/\/newsestlyonnais.fr\/site\/wp-json\/wp\/v2\/posts\/30189","targetHints":{"allow":["GET"]}}],"collection":[{"href":"https:\/\/newsestlyonnais.fr\/site\/wp-json\/wp\/v2\/posts"}],"about":[{"href":"https:\/\/newsestlyonnais.fr\/site\/wp-json\/wp\/v2\/types\/post"}],"author":[{"embeddable":true,"href":"https:\/\/newsestlyonnais.fr\/site\/wp-json\/wp\/v2\/users\/4"}],"replies":[{"embeddable":true,"href":"https:\/\/newsestlyonnais.fr\/site\/wp-json\/wp\/v2\/comments?post=30189"}],"version-history":[{"count":0,"href":"https:\/\/newsestlyonnais.fr\/site\/wp-json\/wp\/v2\/posts\/30189\/revisions"}],"wp:featuredmedia":[{"embeddable":true,"href":"https:\/\/newsestlyonnais.fr\/site\/wp-json\/wp\/v2\/media\/25758"}],"wp:attachment":[{"href":"https:\/\/newsestlyonnais.fr\/site\/wp-json\/wp\/v2\/media?parent=30189"}],"wp:term":[{"taxonomy":"category","embeddable":true,"href":"https:\/\/newsestlyonnais.fr\/site\/wp-json\/wp\/v2\/categories?post=30189"},{"taxonomy":"post_tag","embeddable":true,"href":"https:\/\/newsestlyonnais.fr\/site\/wp-json\/wp\/v2\/tags?post=30189"}],"curies":[{"name":"wp","href":"https:\/\/api.w.org\/{rel}","templated":true}]}}