{"id":30427,"date":"2017-06-30T06:43:21","date_gmt":"2017-06-30T05:43:21","guid":{"rendered":"http:\/\/newsestlyonnais.fr\/site\/?p=30427"},"modified":"2021-09-17T09:42:06","modified_gmt":"2021-09-17T08:42:06","slug":"genas-12-membres-de-genas-azieu-roller-aux-24-heures-mans","status":"publish","type":"post","link":"https:\/\/newsestlyonnais.fr\/site\/2017\/06\/30\/genas-12-membres-de-genas-azieu-roller-aux-24-heures-mans\/","title":{"rendered":"GENAS | 12 membres de l&rsquo;ESGA Roller aux 24 Heures du Mans !"},"content":{"rendered":"<h4>La commune de Genas sera bien repr\u00e9sent\u00e9e en ce premier week-end de juillet \u00e0 l&rsquo;occasion des 24 Heures Rollers qui se d\u00e9rouleront sur le c\u00e9l\u00e8bre circuit Bugatti du Mans.<\/h4>\n<p>Une d\u00e9l\u00e9gation de 12 membres (jeunes et adultes) de l&rsquo;ESGA Roller ainsi que 8 accompagnateurs ont en effet effectu\u00e9 le d\u00e9placement pour \u00eatre au d\u00e9part samedi \u00e0 16 heures de cette 18\u00b0 \u00e9dition.<\/p>\n<p>Une \u00e9preuve qui se d\u00e9roule en relais sur le circuit de 4 kilom\u00e8tres 185 m\u00e8tres.<\/p>\n<p>__________________________________________________________________________<\/p>\n<p>\u00ab\u00a0C&rsquo;est la toute premi\u00e8re fois que le club participera \u00e0 cette \u00e9preuve et notre objectif sera d&rsquo;abord de terminer et pourquoi pas d&rsquo;atteindre les 300 voir les 350 kilom\u00e8tres de course\u00a0\u00bb <strong>confie Denis Cadiou, r\u00e9cemment \u00e9lu pr\u00e9sident de la section.<\/strong><\/p>\n<p>__________________________________________________________________________<\/p>\n<p><span style=\"text-decoration: underline\"><strong>NOTA<\/strong><\/span>: Suivez l&rsquo;\u00e9preuve sur: <a href=\"http:\/\/www.24rollers.com\" target=\"_blank\" rel=\"noopener noreferrer\">http:\/\/www.24rollers.com<\/a><\/p>\n<p><img loading=\"lazy\" decoding=\"async\" class=\"size-full wp-image-30767 aligncenter\" src=\"https:\/\/newsestlyonnais.fr\/site\/medias\/2017\/06\/NEWSESTLYONNAIS-24-HEURES-ROLLER.jpg\" alt=\"NEWSESTLYONNAIS - 24 HEURES ROLLER\" width=\"183\" height=\"275\" \/><\/p>\n","protected":false},"excerpt":{"rendered":"<p>La commune de Genas sera bien repr\u00e9sent\u00e9e en ce premier week-end de juillet \u00e0 l&rsquo;occasion des 24 Heures Rollers qui se d\u00e9rouleront sur le c\u00e9l\u00e8bre circuit Bugatti du Mans. Une d\u00e9l\u00e9gation de 12 membres (jeunes et adultes) de l&rsquo;ESGA Roller ainsi que 8 accompagnateurs ont en effet effectu\u00e9 le d\u00e9placement pour \u00eatre au d\u00e9part samedi [&hellip;]<\/p>\n","protected":false},"author":4,"featured_media":30770,"comment_status":"open","ping_status":"open","sticky":false,"template":"","format":"standard","meta":{"footnotes":""},"categories":[574,270,166,1598,3900],"tags":[],"class_list":["post-30427","post","type-post","status-publish","format-standard","has-post-thumbnail","hentry","category-autres-sports","category-cte-de-communes-c-c-e-l","category-divers-sports","category-genas","category-patinage-roller-ski"],"yoast_head":"<!-- This site is optimized with the Yoast SEO plugin v27.2 - https:\/\/yoast.com\/product\/yoast-seo-wordpress\/ -->\n<title>GENAS: 12 membres de l&#039;ES Genas Azieu Roller aux 24 Heures du Mans !<\/title>\n<meta name=\"description\" content=\"GENAS: 12 membres de l&#039;ES Genas Azieu Roller aux 24 Heures du Mans !\" \/>\n<meta name=\"robots\" content=\"index, follow, max-snippet:-1, max-image-preview:large, max-video-preview:-1\" \/>\n<link rel=\"canonical\" href=\"https:\/\/newsestlyonnais.fr\/site\/2017\/06\/30\/genas-12-membres-de-genas-azieu-roller-aux-24-heures-mans\/\" \/>\n<meta property=\"og:locale\" content=\"fr_FR\" \/>\n<meta property=\"og:type\" content=\"article\" \/>\n<meta property=\"og:title\" content=\"GENAS: 12 membres de l&#039;ES Genas Azieu Roller aux 24 Heures du Mans !\" \/>\n<meta property=\"og:description\" content=\"GENAS: 12 membres de l&#039;ES Genas Azieu Roller aux 24 Heures du Mans !\" \/>\n<meta property=\"og:url\" content=\"https:\/\/newsestlyonnais.fr\/site\/2017\/06\/30\/genas-12-membres-de-genas-azieu-roller-aux-24-heures-mans\/\" \/>\n<meta property=\"og:site_name\" content=\"News Est Lyonnais\" \/>\n<meta property=\"article:author\" content=\"https:\/\/www.facebook.com\/pascal.oberson.1?fref=ts\" \/>\n<meta property=\"article:published_time\" content=\"2017-06-30T05:43:21+00:00\" \/>\n<meta property=\"article:modified_time\" content=\"2021-09-17T08:42:06+00:00\" \/>\n<meta property=\"og:image\" content=\"https:\/\/i1.wp.com\/newsestlyonnais.fr\/site\/wp-content\/uploads\/2017\/06\/NEWSESTLYONNAIS-ROLLER-AU-MANS.jpg?fit=1000%2C750&ssl=1\" \/>\n\t<meta property=\"og:image:width\" content=\"1000\" \/>\n\t<meta property=\"og:image:height\" content=\"750\" \/>\n\t<meta property=\"og:image:type\" content=\"image\/jpeg\" \/>\n<meta name=\"author\" content=\"R\u00e9dac. NEWS\" \/>\n<meta name=\"twitter:card\" content=\"summary_large_image\" \/>\n<meta name=\"twitter:label1\" content=\"\u00c9crit par\" \/>\n\t<meta name=\"twitter:data1\" content=\"R\u00e9dac. NEWS\" \/>\n\t<meta name=\"twitter:label2\" content=\"Dur\u00e9e de lecture estim\u00e9e\" \/>\n\t<meta name=\"twitter:data2\" content=\"1 minute\" \/>\n<script type=\"application\/ld+json\" class=\"yoast-schema-graph\">{\"@context\":\"https:\/\/schema.org\",\"@graph\":[{\"@type\":\"Article\",\"@id\":\"https:\/\/newsestlyonnais.fr\/site\/2017\/06\/30\/genas-12-membres-de-genas-azieu-roller-aux-24-heures-mans\/#article\",\"isPartOf\":{\"@id\":\"https:\/\/newsestlyonnais.fr\/site\/2017\/06\/30\/genas-12-membres-de-genas-azieu-roller-aux-24-heures-mans\/\"},\"author\":{\"name\":\"R\u00e9dac. NEWS\",\"@id\":\"https:\/\/newsestlyonnais.fr\/site\/#\/schema\/person\/3230d5615f390bb808365d673001e887\"},\"headline\":\"GENAS | 12 membres de l&rsquo;ESGA Roller aux 24 Heures du Mans !\",\"datePublished\":\"2017-06-30T05:43:21+00:00\",\"dateModified\":\"2021-09-17T08:42:06+00:00\",\"mainEntityOfPage\":{\"@id\":\"https:\/\/newsestlyonnais.fr\/site\/2017\/06\/30\/genas-12-membres-de-genas-azieu-roller-aux-24-heures-mans\/\"},\"wordCount\":145,\"commentCount\":1,\"publisher\":{\"@id\":\"https:\/\/newsestlyonnais.fr\/site\/#organization\"},\"image\":{\"@id\":\"https:\/\/newsestlyonnais.fr\/site\/2017\/06\/30\/genas-12-membres-de-genas-azieu-roller-aux-24-heures-mans\/#primaryimage\"},\"thumbnailUrl\":\"https:\/\/newsestlyonnais.fr\/site\/wp-content\/uploads\/2017\/06\/NEWSESTLYONNAIS-ROLLER-AU-MANS.jpg\",\"articleSection\":[\"Autres sports\",\"CCEL | Communes\",\"Divers Sports\",\"Genas\",\"Patinage | Roller | Ski\"],\"inLanguage\":\"fr-FR\",\"potentialAction\":[{\"@type\":\"CommentAction\",\"name\":\"Comment\",\"target\":[\"https:\/\/newsestlyonnais.fr\/site\/2017\/06\/30\/genas-12-membres-de-genas-azieu-roller-aux-24-heures-mans\/#respond\"]}]},{\"@type\":\"WebPage\",\"@id\":\"https:\/\/newsestlyonnais.fr\/site\/2017\/06\/30\/genas-12-membres-de-genas-azieu-roller-aux-24-heures-mans\/\",\"url\":\"https:\/\/newsestlyonnais.fr\/site\/2017\/06\/30\/genas-12-membres-de-genas-azieu-roller-aux-24-heures-mans\/\",\"name\":\"GENAS: 12 membres de l'ES Genas Azieu Roller aux 24 Heures du Mans !\",\"isPartOf\":{\"@id\":\"https:\/\/newsestlyonnais.fr\/site\/#website\"},\"primaryImageOfPage\":{\"@id\":\"https:\/\/newsestlyonnais.fr\/site\/2017\/06\/30\/genas-12-membres-de-genas-azieu-roller-aux-24-heures-mans\/#primaryimage\"},\"image\":{\"@id\":\"https:\/\/newsestlyonnais.fr\/site\/2017\/06\/30\/genas-12-membres-de-genas-azieu-roller-aux-24-heures-mans\/#primaryimage\"},\"thumbnailUrl\":\"https:\/\/newsestlyonnais.fr\/site\/wp-content\/uploads\/2017\/06\/NEWSESTLYONNAIS-ROLLER-AU-MANS.jpg\",\"datePublished\":\"2017-06-30T05:43:21+00:00\",\"dateModified\":\"2021-09-17T08:42:06+00:00\",\"description\":\"GENAS: 12 membres de l'ES Genas Azieu Roller aux 24 Heures du Mans !\",\"breadcrumb\":{\"@id\":\"https:\/\/newsestlyonnais.fr\/site\/2017\/06\/30\/genas-12-membres-de-genas-azieu-roller-aux-24-heures-mans\/#breadcrumb\"},\"inLanguage\":\"fr-FR\",\"potentialAction\":[{\"@type\":\"ReadAction\",\"target\":[\"https:\/\/newsestlyonnais.fr\/site\/2017\/06\/30\/genas-12-membres-de-genas-azieu-roller-aux-24-heures-mans\/\"]}]},{\"@type\":\"ImageObject\",\"inLanguage\":\"fr-FR\",\"@id\":\"https:\/\/newsestlyonnais.fr\/site\/2017\/06\/30\/genas-12-membres-de-genas-azieu-roller-aux-24-heures-mans\/#primaryimage\",\"url\":\"https:\/\/newsestlyonnais.fr\/site\/wp-content\/uploads\/2017\/06\/NEWSESTLYONNAIS-ROLLER-AU-MANS.jpg\",\"contentUrl\":\"https:\/\/newsestlyonnais.fr\/site\/wp-content\/uploads\/2017\/06\/NEWSESTLYONNAIS-ROLLER-AU-MANS.jpg\",\"width\":1000,\"height\":750,\"caption\":\"NEWSESTLYONNAIS - ROLLER AU MANS\"},{\"@type\":\"BreadcrumbList\",\"@id\":\"https:\/\/newsestlyonnais.fr\/site\/2017\/06\/30\/genas-12-membres-de-genas-azieu-roller-aux-24-heures-mans\/#breadcrumb\",\"itemListElement\":[{\"@type\":\"ListItem\",\"position\":1,\"name\":\"Accueil\",\"item\":\"https:\/\/newsestlyonnais.fr\/site\/\"},{\"@type\":\"ListItem\",\"position\":2,\"name\":\"GENAS | 12 membres de l&rsquo;ESGA Roller aux 24 Heures du Mans !\"}]},{\"@type\":\"WebSite\",\"@id\":\"https:\/\/newsestlyonnais.fr\/site\/#website\",\"url\":\"https:\/\/newsestlyonnais.fr\/site\/\",\"name\":\"News Est Lyonnais\",\"description\":\"L&#039;actualit\u00e9 au plus pr\u00e8s\",\"publisher\":{\"@id\":\"https:\/\/newsestlyonnais.fr\/site\/#organization\"},\"potentialAction\":[{\"@type\":\"SearchAction\",\"target\":{\"@type\":\"EntryPoint\",\"urlTemplate\":\"https:\/\/newsestlyonnais.fr\/site\/?s={search_term_string}\"},\"query-input\":{\"@type\":\"PropertyValueSpecification\",\"valueRequired\":true,\"valueName\":\"search_term_string\"}}],\"inLanguage\":\"fr-FR\"},{\"@type\":\"Organization\",\"@id\":\"https:\/\/newsestlyonnais.fr\/site\/#organization\",\"name\":\"News EST LYONNAIS\",\"url\":\"https:\/\/newsestlyonnais.fr\/site\/\",\"logo\":{\"@type\":\"ImageObject\",\"inLanguage\":\"fr-FR\",\"@id\":\"https:\/\/newsestlyonnais.fr\/site\/#\/schema\/logo\/image\/\",\"url\":\"\",\"contentUrl\":\"\",\"caption\":\"News EST LYONNAIS\"},\"image\":{\"@id\":\"https:\/\/newsestlyonnais.fr\/site\/#\/schema\/logo\/image\/\"}},{\"@type\":\"Person\",\"@id\":\"https:\/\/newsestlyonnais.fr\/site\/#\/schema\/person\/3230d5615f390bb808365d673001e887\",\"name\":\"R\u00e9dac. NEWS\",\"sameAs\":[\"http:\/\/www.newsestlyonnais.fr\",\"https:\/\/www.facebook.com\/pascal.oberson.1?fref=ts\",\"https:\/\/fr.linkedin.com\/in\/pascal-oberson-b17045113\"],\"url\":\"https:\/\/newsestlyonnais.fr\/site\/author\/nel\/\"}]}<\/script>\n<!-- \/ Yoast SEO plugin. -->","yoast_head_json":{"title":"GENAS: 12 membres de l'ES Genas Azieu Roller aux 24 Heures du Mans !","description":"GENAS: 12 membres de l'ES Genas Azieu Roller aux 24 Heures du Mans !","robots":{"index":"index","follow":"follow","max-snippet":"max-snippet:-1","max-image-preview":"max-image-preview:large","max-video-preview":"max-video-preview:-1"},"canonical":"https:\/\/newsestlyonnais.fr\/site\/2017\/06\/30\/genas-12-membres-de-genas-azieu-roller-aux-24-heures-mans\/","og_locale":"fr_FR","og_type":"article","og_title":"GENAS: 12 membres de l'ES Genas Azieu Roller aux 24 Heures du Mans !","og_description":"GENAS: 12 membres de l'ES Genas Azieu Roller aux 24 Heures du Mans !","og_url":"https:\/\/newsestlyonnais.fr\/site\/2017\/06\/30\/genas-12-membres-de-genas-azieu-roller-aux-24-heures-mans\/","og_site_name":"News Est Lyonnais","article_author":"https:\/\/www.facebook.com\/pascal.oberson.1?fref=ts","article_published_time":"2017-06-30T05:43:21+00:00","article_modified_time":"2021-09-17T08:42:06+00:00","og_image":[{"width":1000,"height":750,"url":"https:\/\/i1.wp.com\/newsestlyonnais.fr\/site\/wp-content\/uploads\/2017\/06\/NEWSESTLYONNAIS-ROLLER-AU-MANS.jpg?fit=1000%2C750&ssl=1","type":"image\/jpeg"}],"author":"R\u00e9dac. NEWS","twitter_card":"summary_large_image","twitter_misc":{"\u00c9crit par":"R\u00e9dac. NEWS","Dur\u00e9e de lecture estim\u00e9e":"1 minute"},"schema":{"@context":"https:\/\/schema.org","@graph":[{"@type":"Article","@id":"https:\/\/newsestlyonnais.fr\/site\/2017\/06\/30\/genas-12-membres-de-genas-azieu-roller-aux-24-heures-mans\/#article","isPartOf":{"@id":"https:\/\/newsestlyonnais.fr\/site\/2017\/06\/30\/genas-12-membres-de-genas-azieu-roller-aux-24-heures-mans\/"},"author":{"name":"R\u00e9dac. NEWS","@id":"https:\/\/newsestlyonnais.fr\/site\/#\/schema\/person\/3230d5615f390bb808365d673001e887"},"headline":"GENAS | 12 membres de l&rsquo;ESGA Roller aux 24 Heures du Mans !","datePublished":"2017-06-30T05:43:21+00:00","dateModified":"2021-09-17T08:42:06+00:00","mainEntityOfPage":{"@id":"https:\/\/newsestlyonnais.fr\/site\/2017\/06\/30\/genas-12-membres-de-genas-azieu-roller-aux-24-heures-mans\/"},"wordCount":145,"commentCount":1,"publisher":{"@id":"https:\/\/newsestlyonnais.fr\/site\/#organization"},"image":{"@id":"https:\/\/newsestlyonnais.fr\/site\/2017\/06\/30\/genas-12-membres-de-genas-azieu-roller-aux-24-heures-mans\/#primaryimage"},"thumbnailUrl":"https:\/\/newsestlyonnais.fr\/site\/wp-content\/uploads\/2017\/06\/NEWSESTLYONNAIS-ROLLER-AU-MANS.jpg","articleSection":["Autres sports","CCEL | Communes","Divers Sports","Genas","Patinage | Roller | Ski"],"inLanguage":"fr-FR","potentialAction":[{"@type":"CommentAction","name":"Comment","target":["https:\/\/newsestlyonnais.fr\/site\/2017\/06\/30\/genas-12-membres-de-genas-azieu-roller-aux-24-heures-mans\/#respond"]}]},{"@type":"WebPage","@id":"https:\/\/newsestlyonnais.fr\/site\/2017\/06\/30\/genas-12-membres-de-genas-azieu-roller-aux-24-heures-mans\/","url":"https:\/\/newsestlyonnais.fr\/site\/2017\/06\/30\/genas-12-membres-de-genas-azieu-roller-aux-24-heures-mans\/","name":"GENAS: 12 membres de l'ES Genas Azieu Roller aux 24 Heures du Mans !","isPartOf":{"@id":"https:\/\/newsestlyonnais.fr\/site\/#website"},"primaryImageOfPage":{"@id":"https:\/\/newsestlyonnais.fr\/site\/2017\/06\/30\/genas-12-membres-de-genas-azieu-roller-aux-24-heures-mans\/#primaryimage"},"image":{"@id":"https:\/\/newsestlyonnais.fr\/site\/2017\/06\/30\/genas-12-membres-de-genas-azieu-roller-aux-24-heures-mans\/#primaryimage"},"thumbnailUrl":"https:\/\/newsestlyonnais.fr\/site\/wp-content\/uploads\/2017\/06\/NEWSESTLYONNAIS-ROLLER-AU-MANS.jpg","datePublished":"2017-06-30T05:43:21+00:00","dateModified":"2021-09-17T08:42:06+00:00","description":"GENAS: 12 membres de l'ES Genas Azieu Roller aux 24 Heures du Mans !","breadcrumb":{"@id":"https:\/\/newsestlyonnais.fr\/site\/2017\/06\/30\/genas-12-membres-de-genas-azieu-roller-aux-24-heures-mans\/#breadcrumb"},"inLanguage":"fr-FR","potentialAction":[{"@type":"ReadAction","target":["https:\/\/newsestlyonnais.fr\/site\/2017\/06\/30\/genas-12-membres-de-genas-azieu-roller-aux-24-heures-mans\/"]}]},{"@type":"ImageObject","inLanguage":"fr-FR","@id":"https:\/\/newsestlyonnais.fr\/site\/2017\/06\/30\/genas-12-membres-de-genas-azieu-roller-aux-24-heures-mans\/#primaryimage","url":"https:\/\/newsestlyonnais.fr\/site\/wp-content\/uploads\/2017\/06\/NEWSESTLYONNAIS-ROLLER-AU-MANS.jpg","contentUrl":"https:\/\/newsestlyonnais.fr\/site\/wp-content\/uploads\/2017\/06\/NEWSESTLYONNAIS-ROLLER-AU-MANS.jpg","width":1000,"height":750,"caption":"NEWSESTLYONNAIS - ROLLER AU MANS"},{"@type":"BreadcrumbList","@id":"https:\/\/newsestlyonnais.fr\/site\/2017\/06\/30\/genas-12-membres-de-genas-azieu-roller-aux-24-heures-mans\/#breadcrumb","itemListElement":[{"@type":"ListItem","position":1,"name":"Accueil","item":"https:\/\/newsestlyonnais.fr\/site\/"},{"@type":"ListItem","position":2,"name":"GENAS | 12 membres de l&rsquo;ESGA Roller aux 24 Heures du Mans !"}]},{"@type":"WebSite","@id":"https:\/\/newsestlyonnais.fr\/site\/#website","url":"https:\/\/newsestlyonnais.fr\/site\/","name":"News Est Lyonnais","description":"L&#039;actualit\u00e9 au plus pr\u00e8s","publisher":{"@id":"https:\/\/newsestlyonnais.fr\/site\/#organization"},"potentialAction":[{"@type":"SearchAction","target":{"@type":"EntryPoint","urlTemplate":"https:\/\/newsestlyonnais.fr\/site\/?s={search_term_string}"},"query-input":{"@type":"PropertyValueSpecification","valueRequired":true,"valueName":"search_term_string"}}],"inLanguage":"fr-FR"},{"@type":"Organization","@id":"https:\/\/newsestlyonnais.fr\/site\/#organization","name":"News EST LYONNAIS","url":"https:\/\/newsestlyonnais.fr\/site\/","logo":{"@type":"ImageObject","inLanguage":"fr-FR","@id":"https:\/\/newsestlyonnais.fr\/site\/#\/schema\/logo\/image\/","url":"","contentUrl":"","caption":"News EST LYONNAIS"},"image":{"@id":"https:\/\/newsestlyonnais.fr\/site\/#\/schema\/logo\/image\/"}},{"@type":"Person","@id":"https:\/\/newsestlyonnais.fr\/site\/#\/schema\/person\/3230d5615f390bb808365d673001e887","name":"R\u00e9dac. NEWS","sameAs":["http:\/\/www.newsestlyonnais.fr","https:\/\/www.facebook.com\/pascal.oberson.1?fref=ts","https:\/\/fr.linkedin.com\/in\/pascal-oberson-b17045113"],"url":"https:\/\/newsestlyonnais.fr\/site\/author\/nel\/"}]}},"_links":{"self":[{"href":"https:\/\/newsestlyonnais.fr\/site\/wp-json\/wp\/v2\/posts\/30427","targetHints":{"allow":["GET"]}}],"collection":[{"href":"https:\/\/newsestlyonnais.fr\/site\/wp-json\/wp\/v2\/posts"}],"about":[{"href":"https:\/\/newsestlyonnais.fr\/site\/wp-json\/wp\/v2\/types\/post"}],"author":[{"embeddable":true,"href":"https:\/\/newsestlyonnais.fr\/site\/wp-json\/wp\/v2\/users\/4"}],"replies":[{"embeddable":true,"href":"https:\/\/newsestlyonnais.fr\/site\/wp-json\/wp\/v2\/comments?post=30427"}],"version-history":[{"count":0,"href":"https:\/\/newsestlyonnais.fr\/site\/wp-json\/wp\/v2\/posts\/30427\/revisions"}],"wp:featuredmedia":[{"embeddable":true,"href":"https:\/\/newsestlyonnais.fr\/site\/wp-json\/wp\/v2\/media\/30770"}],"wp:attachment":[{"href":"https:\/\/newsestlyonnais.fr\/site\/wp-json\/wp\/v2\/media?parent=30427"}],"wp:term":[{"taxonomy":"category","embeddable":true,"href":"https:\/\/newsestlyonnais.fr\/site\/wp-json\/wp\/v2\/categories?post=30427"},{"taxonomy":"post_tag","embeddable":true,"href":"https:\/\/newsestlyonnais.fr\/site\/wp-json\/wp\/v2\/tags?post=30427"}],"curies":[{"name":"wp","href":"https:\/\/api.w.org\/{rel}","templated":true}]}}