{"id":30429,"date":"2017-06-26T18:26:31","date_gmt":"2017-06-26T17:26:31","guid":{"rendered":"http:\/\/newsestlyonnais.fr\/site\/?p=30429"},"modified":"2020-10-26T10:24:18","modified_gmt":"2020-10-26T09:24:18","slug":"lyon-villeurbanne-nouveau-nom-et-logo-et-nouvelles-couleurs-pour-lyon-asvel-feminin","status":"publish","type":"post","link":"https:\/\/newsestlyonnais.fr\/site\/2017\/06\/26\/lyon-villeurbanne-nouveau-nom-et-logo-et-nouvelles-couleurs-pour-lyon-asvel-feminin\/","title":{"rendered":"LYON \/ VILLEURBANNE | Nouveau nom et logo et nouvelles couleurs pour Lyon ASVEL F\u00e9minin"},"content":{"rendered":"<div dir=\"ltr\">\n<div class=\"gmail_default\">\n<div class=\"gmail_default\">\n<h4>Retour sur la conf\u00e9rence de presse tenue ce lundi et concernant les grands projets de l&rsquo;ASVEL avec de nombreux changements.<\/h4>\n<p><span style=\"text-decoration: underline\">Voici l&rsquo;int\u00e9gralit\u00e9 du communiqu\u00e9 de presse du club<\/span> :<\/p>\n<p>En effet, en plus de son nouveau nom, nouveau logo et nouvelles couleurs, le Lyon ASVEL F\u00e9minin est heureux de lancer son <strong>nouveau site internet : <a href=\"http:\/\/www.lyonasvelfeminin.com\" target=\"_blank\" rel=\"noopener noreferrer\">http:\/\/www.lyonasvelfeminin.com<\/a><\/strong><\/p>\n<p>Ce lundi, dans les salons de l\u2019H\u00f4tel de Ville de Lyon, Yann Cucherat, adjoint aux sports de la Ville de Lyon, a accueilli les nouveaux acteurs de d\u00e9veloppement du basket-ball de la M\u00e9tropole de Lyon. Tony Parker, pr\u00e9sident des 2 clubs a annonc\u00e9 que LYON BASKET devenait officiellement l\u2019homologue f\u00e9minin de l\u2019ASVEL, sous l\u2019entit\u00e9 <strong>LYON ASVEL FEMININ<\/strong>, en pr\u00e9sence de Marie-Sophie Obama, pr\u00e9sidente d\u00e9l\u00e9gu\u00e9e de LYON ASVEL FEMININ, Ga\u00e9tan Muller, pr\u00e9sident d\u00e9l\u00e9gu\u00e9 de l\u2019ASVEL BASKET, et Nicolas Batum, directeur des Op\u00e9rations Basket.<\/p>\n<ul>\n<li><strong>Tony Parker <\/strong>a livr\u00e9 son sentiment sur cette annonce : \u00ab LYON ASVEL FEMININ aura sa propre identit\u00e9, mais c\u2019est la m\u00eame famille, d\u2019o\u00f9 le choix de ce logo. C\u2019est vraiment un \u00e9norme plaisir de pouvoir r\u00e9aliser cette grande annonce et je voudrais remercier tous les gens qui ont oeuvr\u00e9 pour : les actionnaires, Yann Cucherat,\u00a0 avec qui nous travaillons main dans la main, Nicolas Batum sans qui, il n\u2019y aurait pas de club f\u00e9minin, et bien entendu Marie-Sophie Obama \u00e0 qui je n\u2019ai jamais cach\u00e9 ce projet depuis que je la connais. L\u2019union fait la force et nous sommes tous tr\u00e8s motiv\u00e9s pour avoir nos deux \u00e9quipes au sommet du basket masculin et f\u00e9minin. \u00bb<\/li>\n<li>De son c\u00f4t\u00e9, <strong>Ga\u00e9tan Muller <\/strong>pr\u00e9cise que la \u00ab\u00a0Tony PARKER Ad\u00e9quat Academy\u00a0\u00bb avance tr\u00e8s bien. Nous sommes dans une p\u00e9riode de consultations d\u2019entreprises pour le lancement des travaux, qui devrait intervenir d\u2019ici la fin de l\u2019ann\u00e9e. Nous serons donc dans les timings annonc\u00e9s, 2018 ou 2019. Et nous travaillons \u00e9galement au recrutement \u00e0 l\u2019int\u00e9rieur-m\u00eame de l\u2019Academy. J\u2019en profite d\u2019ailleurs pour annoncer quelque chose : d\u2019ici un an, l\u2019objectif est que l\u2019ensemble des collaborateurs des entreprises qui adh\u00e8rent au projet de la Tony PARKER Ad\u00e9quat Academy repr\u00e9sentent un million d\u2019emplois cumul\u00e9s. Quant \u00e0 ASVEL Citoyen, son action va s\u2019accentuer, notamment dans le 7\u00e8me arrondissement, l\u00e0 o\u00f9 sera post\u00e9e l\u2019Academy. Et nous travaillerons, l\u00e0 aussi, en lien avec le basket f\u00e9minin. \u00bb<\/li>\n<li>Pr\u00e9sidente d\u00e9l\u00e9gu\u00e9e du LYON ASVEL FEMININ, <strong>Marie-Sophie Obama<\/strong> explique qu\u2019il y a \u00ab \u00e9videmment une logique de M\u00e9tropole, nous sommes l\u2019ancrage lyonnais de l\u2019ASVEL. Au d\u00e9but, j\u2019avais honn\u00eatement un peu de mal \u00e0 y croire quand Tony est venu me dire \u00ab \u00e7a y\u2019est, c\u2019est parti \u00bb. C\u2019est formidable qu\u2019un grand champion ait envie de d\u00e9velopper ce grand projet \u00e0 l\u2019\u00e9chelle f\u00e9minine. C\u2019est une grande et belle fiert\u00e9 de faire partie de cette aventure humaine, j\u2019ai h\u00e2te de vivre les belles \u00e9motions \u00e0 venir, et de les partager avec notre public. \u00bb<\/li>\n<li>Au coeur du projet figure \u00e9galement <strong>Nicolas Batum<\/strong>, dont l\u2019histoire personnelle est fortement li\u00e9e au basket f\u00e9minin : \u00ab L\u00e0 o\u00f9 j\u2019ai grandi, \u00e0 Mondeville, le seul club professionnel \u00e9tait un club f\u00e9minin. Mon amour du basket a commenc\u00e9 avec le basket f\u00e9minin, mes premi\u00e8res idoles \u00e9taient des joueuses. Donc quand Tony Parker m\u2019a propos\u00e9 le projet, c\u2019\u00e9tait un oui cat\u00e9gorique. Je continue de d\u00e9couvrir le m\u00e9tier de dirigeant, je suis un peu le petit nouveau, mais je suis motiv\u00e9 \u00e0 100% pour aider ces clubs et les amener tout en haut. \u00bb<\/li>\n<li>Enfin, <strong>Yann Cucherat<\/strong>, adjoint aux sports de la Ville de Lyon, a exprim\u00e9 sa fiert\u00e9 d\u2019avoir pu faire partie int\u00e9grante de ce projet : \u00ab On a la chance d\u2019avoir des gens qui veulent faire rayonner le basket f\u00e9minin sur notre territoire, qui est \u00e9galement ma volont\u00e9. Ca n\u2019a pas \u00e9t\u00e9 facile au d\u00e9part, mais je suis tr\u00e8s content d\u2019avoir pu rassembler toutes les synergies pour parvenir \u00e0 mettre en place cet \u00e9norme projet. \u00bb<\/li>\n<\/ul>\n<p><span style=\"text-decoration: underline\">PHOTO A LA UNE<\/span>: Droits r\u00e9serv\u00e9s: Lyon ASVEL F\u00e9minin<\/p>\n<figure id=\"attachment_30444\" aria-describedby=\"caption-attachment-30444\" style=\"width: 1000px\" class=\"wp-caption alignleft\"><img loading=\"lazy\" decoding=\"async\" class=\"size-full wp-image-30444\" src=\"https:\/\/newsestlyonnais.fr\/site\/medias\/2017\/06\/NEWSESTLYONNAIS-LOGO-ASVEL-FEMININ.png\" alt=\"NEWSESTLYONNAIS - LOGO ASVEL FEMININ\" width=\"1000\" height=\"750\" srcset=\"https:\/\/newsestlyonnais.fr\/site\/wp-content\/uploads\/2017\/06\/NEWSESTLYONNAIS-LOGO-ASVEL-FEMININ.png 1000w, https:\/\/newsestlyonnais.fr\/site\/wp-content\/uploads\/2017\/06\/NEWSESTLYONNAIS-LOGO-ASVEL-FEMININ-400x300.png 400w, https:\/\/newsestlyonnais.fr\/site\/wp-content\/uploads\/2017\/06\/NEWSESTLYONNAIS-LOGO-ASVEL-FEMININ-768x576.png 768w, https:\/\/newsestlyonnais.fr\/site\/wp-content\/uploads\/2017\/06\/NEWSESTLYONNAIS-LOGO-ASVEL-FEMININ-600x450.png 600w, https:\/\/newsestlyonnais.fr\/site\/wp-content\/uploads\/2017\/06\/NEWSESTLYONNAIS-LOGO-ASVEL-FEMININ-100x75.png 100w\" sizes=\"auto, (max-width: 1000px) 100vw, 1000px\" \/><figcaption id=\"caption-attachment-30444\" class=\"wp-caption-text\">Le tout nouveau logo !<\/figcaption><\/figure>\n<p>&nbsp;<\/p>\n<\/div>\n<\/div>\n<\/div>\n","protected":false},"excerpt":{"rendered":"<p>Retour sur la conf\u00e9rence de presse tenue ce lundi et concernant les grands projets de l&rsquo;ASVEL avec de nombreux changements. Voici l&rsquo;int\u00e9gralit\u00e9 du communiqu\u00e9 de presse du club : En effet, en plus de son nouveau nom, nouveau logo et nouvelles couleurs, le Lyon ASVEL F\u00e9minin est heureux de lancer son nouveau site internet : [&hellip;]<\/p>\n","protected":false},"author":4,"featured_media":30435,"comment_status":"open","ping_status":"open","sticky":false,"template":"","format":"standard","meta":{"footnotes":""},"categories":[1357,2975,3421,1625,29],"tags":[],"class_list":["post-30429","post","type-post","status-publish","format-standard","has-post-thumbnail","hentry","category-basket","category-basket-hand-volley-sports","category-feminin-actu-au","category-lyon","category-villeurbanne"],"yoast_head":"<!-- This site is optimized with the Yoast SEO plugin v27.2 - https:\/\/yoast.com\/product\/yoast-seo-wordpress\/ -->\n<title>LYON et VILLEURBANNE : Nouveau nom, nouveau logo et nouvelles couleurs pour le Lyon ASVEL F\u00e9minin<\/title>\n<meta name=\"description\" content=\"LYON et VILLEURBANNE : Nouveau nom, nouveau logo et nouvelles couleurs pour le Lyon ASVEL F\u00e9minin\" \/>\n<meta name=\"robots\" content=\"index, follow, max-snippet:-1, max-image-preview:large, max-video-preview:-1\" \/>\n<link rel=\"canonical\" href=\"https:\/\/newsestlyonnais.fr\/site\/2017\/06\/26\/lyon-villeurbanne-nouveau-nom-et-logo-et-nouvelles-couleurs-pour-lyon-asvel-feminin\/\" \/>\n<meta property=\"og:locale\" content=\"fr_FR\" \/>\n<meta property=\"og:type\" content=\"article\" \/>\n<meta property=\"og:title\" content=\"LYON et VILLEURBANNE : Nouveau nom, nouveau logo et nouvelles couleurs pour le Lyon ASVEL F\u00e9minin\" \/>\n<meta property=\"og:description\" content=\"LYON et VILLEURBANNE : Nouveau nom, nouveau logo et nouvelles couleurs pour le Lyon ASVEL F\u00e9minin\" \/>\n<meta property=\"og:url\" content=\"https:\/\/newsestlyonnais.fr\/site\/2017\/06\/26\/lyon-villeurbanne-nouveau-nom-et-logo-et-nouvelles-couleurs-pour-lyon-asvel-feminin\/\" \/>\n<meta property=\"og:site_name\" content=\"News Est Lyonnais\" \/>\n<meta property=\"article:author\" content=\"https:\/\/www.facebook.com\/pascal.oberson.1?fref=ts\" \/>\n<meta property=\"article:published_time\" content=\"2017-06-26T17:26:31+00:00\" \/>\n<meta property=\"article:modified_time\" content=\"2020-10-26T09:24:18+00:00\" \/>\n<meta property=\"og:image\" content=\"https:\/\/i2.wp.com\/newsestlyonnais.fr\/site\/wp-content\/uploads\/2017\/06\/NEWSESTLYONNAIS-ASVEL-FEMININ.jpg?fit=1000%2C750&ssl=1\" \/>\n\t<meta property=\"og:image:width\" content=\"1000\" \/>\n\t<meta property=\"og:image:height\" content=\"750\" \/>\n\t<meta property=\"og:image:type\" content=\"image\/jpeg\" \/>\n<meta name=\"author\" content=\"R\u00e9dac. NEWS\" \/>\n<meta name=\"twitter:card\" content=\"summary_large_image\" \/>\n<meta name=\"twitter:label1\" content=\"\u00c9crit par\" \/>\n\t<meta name=\"twitter:data1\" content=\"R\u00e9dac. NEWS\" \/>\n\t<meta name=\"twitter:label2\" content=\"Dur\u00e9e de lecture estim\u00e9e\" \/>\n\t<meta name=\"twitter:data2\" content=\"4 minutes\" \/>\n<script type=\"application\/ld+json\" class=\"yoast-schema-graph\">{\"@context\":\"https:\/\/schema.org\",\"@graph\":[{\"@type\":\"Article\",\"@id\":\"https:\/\/newsestlyonnais.fr\/site\/2017\/06\/26\/lyon-villeurbanne-nouveau-nom-et-logo-et-nouvelles-couleurs-pour-lyon-asvel-feminin\/#article\",\"isPartOf\":{\"@id\":\"https:\/\/newsestlyonnais.fr\/site\/2017\/06\/26\/lyon-villeurbanne-nouveau-nom-et-logo-et-nouvelles-couleurs-pour-lyon-asvel-feminin\/\"},\"author\":{\"name\":\"R\u00e9dac. NEWS\",\"@id\":\"https:\/\/newsestlyonnais.fr\/site\/#\/schema\/person\/3230d5615f390bb808365d673001e887\"},\"headline\":\"LYON \/ VILLEURBANNE | Nouveau nom et logo et nouvelles couleurs pour Lyon ASVEL F\u00e9minin\",\"datePublished\":\"2017-06-26T17:26:31+00:00\",\"dateModified\":\"2020-10-26T09:24:18+00:00\",\"mainEntityOfPage\":{\"@id\":\"https:\/\/newsestlyonnais.fr\/site\/2017\/06\/26\/lyon-villeurbanne-nouveau-nom-et-logo-et-nouvelles-couleurs-pour-lyon-asvel-feminin\/\"},\"wordCount\":751,\"commentCount\":0,\"publisher\":{\"@id\":\"https:\/\/newsestlyonnais.fr\/site\/#organization\"},\"image\":{\"@id\":\"https:\/\/newsestlyonnais.fr\/site\/2017\/06\/26\/lyon-villeurbanne-nouveau-nom-et-logo-et-nouvelles-couleurs-pour-lyon-asvel-feminin\/#primaryimage\"},\"thumbnailUrl\":\"https:\/\/newsestlyonnais.fr\/site\/wp-content\/uploads\/2017\/06\/NEWSESTLYONNAIS-ASVEL-FEMININ.jpg\",\"articleSection\":[\"Basket\",\"Basket | Hand | Volley\",\"F\u00e9minin (Actu au)\",\"Lyon\",\"Villeurbanne\"],\"inLanguage\":\"fr-FR\",\"potentialAction\":[{\"@type\":\"CommentAction\",\"name\":\"Comment\",\"target\":[\"https:\/\/newsestlyonnais.fr\/site\/2017\/06\/26\/lyon-villeurbanne-nouveau-nom-et-logo-et-nouvelles-couleurs-pour-lyon-asvel-feminin\/#respond\"]}]},{\"@type\":\"WebPage\",\"@id\":\"https:\/\/newsestlyonnais.fr\/site\/2017\/06\/26\/lyon-villeurbanne-nouveau-nom-et-logo-et-nouvelles-couleurs-pour-lyon-asvel-feminin\/\",\"url\":\"https:\/\/newsestlyonnais.fr\/site\/2017\/06\/26\/lyon-villeurbanne-nouveau-nom-et-logo-et-nouvelles-couleurs-pour-lyon-asvel-feminin\/\",\"name\":\"LYON et VILLEURBANNE : Nouveau nom, nouveau logo et nouvelles couleurs pour le Lyon ASVEL F\u00e9minin\",\"isPartOf\":{\"@id\":\"https:\/\/newsestlyonnais.fr\/site\/#website\"},\"primaryImageOfPage\":{\"@id\":\"https:\/\/newsestlyonnais.fr\/site\/2017\/06\/26\/lyon-villeurbanne-nouveau-nom-et-logo-et-nouvelles-couleurs-pour-lyon-asvel-feminin\/#primaryimage\"},\"image\":{\"@id\":\"https:\/\/newsestlyonnais.fr\/site\/2017\/06\/26\/lyon-villeurbanne-nouveau-nom-et-logo-et-nouvelles-couleurs-pour-lyon-asvel-feminin\/#primaryimage\"},\"thumbnailUrl\":\"https:\/\/newsestlyonnais.fr\/site\/wp-content\/uploads\/2017\/06\/NEWSESTLYONNAIS-ASVEL-FEMININ.jpg\",\"datePublished\":\"2017-06-26T17:26:31+00:00\",\"dateModified\":\"2020-10-26T09:24:18+00:00\",\"description\":\"LYON et VILLEURBANNE : Nouveau nom, nouveau logo et nouvelles couleurs pour le Lyon ASVEL F\u00e9minin\",\"breadcrumb\":{\"@id\":\"https:\/\/newsestlyonnais.fr\/site\/2017\/06\/26\/lyon-villeurbanne-nouveau-nom-et-logo-et-nouvelles-couleurs-pour-lyon-asvel-feminin\/#breadcrumb\"},\"inLanguage\":\"fr-FR\",\"potentialAction\":[{\"@type\":\"ReadAction\",\"target\":[\"https:\/\/newsestlyonnais.fr\/site\/2017\/06\/26\/lyon-villeurbanne-nouveau-nom-et-logo-et-nouvelles-couleurs-pour-lyon-asvel-feminin\/\"]}]},{\"@type\":\"ImageObject\",\"inLanguage\":\"fr-FR\",\"@id\":\"https:\/\/newsestlyonnais.fr\/site\/2017\/06\/26\/lyon-villeurbanne-nouveau-nom-et-logo-et-nouvelles-couleurs-pour-lyon-asvel-feminin\/#primaryimage\",\"url\":\"https:\/\/newsestlyonnais.fr\/site\/wp-content\/uploads\/2017\/06\/NEWSESTLYONNAIS-ASVEL-FEMININ.jpg\",\"contentUrl\":\"https:\/\/newsestlyonnais.fr\/site\/wp-content\/uploads\/2017\/06\/NEWSESTLYONNAIS-ASVEL-FEMININ.jpg\",\"width\":1000,\"height\":750,\"caption\":\"NEWSESTLYONNAIS - ASVEL FEMININ\"},{\"@type\":\"BreadcrumbList\",\"@id\":\"https:\/\/newsestlyonnais.fr\/site\/2017\/06\/26\/lyon-villeurbanne-nouveau-nom-et-logo-et-nouvelles-couleurs-pour-lyon-asvel-feminin\/#breadcrumb\",\"itemListElement\":[{\"@type\":\"ListItem\",\"position\":1,\"name\":\"Accueil\",\"item\":\"https:\/\/newsestlyonnais.fr\/site\/\"},{\"@type\":\"ListItem\",\"position\":2,\"name\":\"LYON \/ VILLEURBANNE | Nouveau nom et logo et nouvelles couleurs pour Lyon ASVEL F\u00e9minin\"}]},{\"@type\":\"WebSite\",\"@id\":\"https:\/\/newsestlyonnais.fr\/site\/#website\",\"url\":\"https:\/\/newsestlyonnais.fr\/site\/\",\"name\":\"News Est Lyonnais\",\"description\":\"L&#039;actualit\u00e9 au plus pr\u00e8s\",\"publisher\":{\"@id\":\"https:\/\/newsestlyonnais.fr\/site\/#organization\"},\"potentialAction\":[{\"@type\":\"SearchAction\",\"target\":{\"@type\":\"EntryPoint\",\"urlTemplate\":\"https:\/\/newsestlyonnais.fr\/site\/?s={search_term_string}\"},\"query-input\":{\"@type\":\"PropertyValueSpecification\",\"valueRequired\":true,\"valueName\":\"search_term_string\"}}],\"inLanguage\":\"fr-FR\"},{\"@type\":\"Organization\",\"@id\":\"https:\/\/newsestlyonnais.fr\/site\/#organization\",\"name\":\"News EST LYONNAIS\",\"url\":\"https:\/\/newsestlyonnais.fr\/site\/\",\"logo\":{\"@type\":\"ImageObject\",\"inLanguage\":\"fr-FR\",\"@id\":\"https:\/\/newsestlyonnais.fr\/site\/#\/schema\/logo\/image\/\",\"url\":\"\",\"contentUrl\":\"\",\"caption\":\"News EST LYONNAIS\"},\"image\":{\"@id\":\"https:\/\/newsestlyonnais.fr\/site\/#\/schema\/logo\/image\/\"}},{\"@type\":\"Person\",\"@id\":\"https:\/\/newsestlyonnais.fr\/site\/#\/schema\/person\/3230d5615f390bb808365d673001e887\",\"name\":\"R\u00e9dac. NEWS\",\"sameAs\":[\"http:\/\/www.newsestlyonnais.fr\",\"https:\/\/www.facebook.com\/pascal.oberson.1?fref=ts\",\"https:\/\/fr.linkedin.com\/in\/pascal-oberson-b17045113\"],\"url\":\"https:\/\/newsestlyonnais.fr\/site\/author\/nel\/\"}]}<\/script>\n<!-- \/ Yoast SEO plugin. -->","yoast_head_json":{"title":"LYON et VILLEURBANNE : Nouveau nom, nouveau logo et nouvelles couleurs pour le Lyon ASVEL F\u00e9minin","description":"LYON et VILLEURBANNE : Nouveau nom, nouveau logo et nouvelles couleurs pour le Lyon ASVEL F\u00e9minin","robots":{"index":"index","follow":"follow","max-snippet":"max-snippet:-1","max-image-preview":"max-image-preview:large","max-video-preview":"max-video-preview:-1"},"canonical":"https:\/\/newsestlyonnais.fr\/site\/2017\/06\/26\/lyon-villeurbanne-nouveau-nom-et-logo-et-nouvelles-couleurs-pour-lyon-asvel-feminin\/","og_locale":"fr_FR","og_type":"article","og_title":"LYON et VILLEURBANNE : Nouveau nom, nouveau logo et nouvelles couleurs pour le Lyon ASVEL F\u00e9minin","og_description":"LYON et VILLEURBANNE : Nouveau nom, nouveau logo et nouvelles couleurs pour le Lyon ASVEL F\u00e9minin","og_url":"https:\/\/newsestlyonnais.fr\/site\/2017\/06\/26\/lyon-villeurbanne-nouveau-nom-et-logo-et-nouvelles-couleurs-pour-lyon-asvel-feminin\/","og_site_name":"News Est Lyonnais","article_author":"https:\/\/www.facebook.com\/pascal.oberson.1?fref=ts","article_published_time":"2017-06-26T17:26:31+00:00","article_modified_time":"2020-10-26T09:24:18+00:00","og_image":[{"width":1000,"height":750,"url":"https:\/\/i2.wp.com\/newsestlyonnais.fr\/site\/wp-content\/uploads\/2017\/06\/NEWSESTLYONNAIS-ASVEL-FEMININ.jpg?fit=1000%2C750&ssl=1","type":"image\/jpeg"}],"author":"R\u00e9dac. NEWS","twitter_card":"summary_large_image","twitter_misc":{"\u00c9crit par":"R\u00e9dac. NEWS","Dur\u00e9e de lecture estim\u00e9e":"4 minutes"},"schema":{"@context":"https:\/\/schema.org","@graph":[{"@type":"Article","@id":"https:\/\/newsestlyonnais.fr\/site\/2017\/06\/26\/lyon-villeurbanne-nouveau-nom-et-logo-et-nouvelles-couleurs-pour-lyon-asvel-feminin\/#article","isPartOf":{"@id":"https:\/\/newsestlyonnais.fr\/site\/2017\/06\/26\/lyon-villeurbanne-nouveau-nom-et-logo-et-nouvelles-couleurs-pour-lyon-asvel-feminin\/"},"author":{"name":"R\u00e9dac. NEWS","@id":"https:\/\/newsestlyonnais.fr\/site\/#\/schema\/person\/3230d5615f390bb808365d673001e887"},"headline":"LYON \/ VILLEURBANNE | Nouveau nom et logo et nouvelles couleurs pour Lyon ASVEL F\u00e9minin","datePublished":"2017-06-26T17:26:31+00:00","dateModified":"2020-10-26T09:24:18+00:00","mainEntityOfPage":{"@id":"https:\/\/newsestlyonnais.fr\/site\/2017\/06\/26\/lyon-villeurbanne-nouveau-nom-et-logo-et-nouvelles-couleurs-pour-lyon-asvel-feminin\/"},"wordCount":751,"commentCount":0,"publisher":{"@id":"https:\/\/newsestlyonnais.fr\/site\/#organization"},"image":{"@id":"https:\/\/newsestlyonnais.fr\/site\/2017\/06\/26\/lyon-villeurbanne-nouveau-nom-et-logo-et-nouvelles-couleurs-pour-lyon-asvel-feminin\/#primaryimage"},"thumbnailUrl":"https:\/\/newsestlyonnais.fr\/site\/wp-content\/uploads\/2017\/06\/NEWSESTLYONNAIS-ASVEL-FEMININ.jpg","articleSection":["Basket","Basket | Hand | Volley","F\u00e9minin (Actu au)","Lyon","Villeurbanne"],"inLanguage":"fr-FR","potentialAction":[{"@type":"CommentAction","name":"Comment","target":["https:\/\/newsestlyonnais.fr\/site\/2017\/06\/26\/lyon-villeurbanne-nouveau-nom-et-logo-et-nouvelles-couleurs-pour-lyon-asvel-feminin\/#respond"]}]},{"@type":"WebPage","@id":"https:\/\/newsestlyonnais.fr\/site\/2017\/06\/26\/lyon-villeurbanne-nouveau-nom-et-logo-et-nouvelles-couleurs-pour-lyon-asvel-feminin\/","url":"https:\/\/newsestlyonnais.fr\/site\/2017\/06\/26\/lyon-villeurbanne-nouveau-nom-et-logo-et-nouvelles-couleurs-pour-lyon-asvel-feminin\/","name":"LYON et VILLEURBANNE : Nouveau nom, nouveau logo et nouvelles couleurs pour le Lyon ASVEL F\u00e9minin","isPartOf":{"@id":"https:\/\/newsestlyonnais.fr\/site\/#website"},"primaryImageOfPage":{"@id":"https:\/\/newsestlyonnais.fr\/site\/2017\/06\/26\/lyon-villeurbanne-nouveau-nom-et-logo-et-nouvelles-couleurs-pour-lyon-asvel-feminin\/#primaryimage"},"image":{"@id":"https:\/\/newsestlyonnais.fr\/site\/2017\/06\/26\/lyon-villeurbanne-nouveau-nom-et-logo-et-nouvelles-couleurs-pour-lyon-asvel-feminin\/#primaryimage"},"thumbnailUrl":"https:\/\/newsestlyonnais.fr\/site\/wp-content\/uploads\/2017\/06\/NEWSESTLYONNAIS-ASVEL-FEMININ.jpg","datePublished":"2017-06-26T17:26:31+00:00","dateModified":"2020-10-26T09:24:18+00:00","description":"LYON et VILLEURBANNE : Nouveau nom, nouveau logo et nouvelles couleurs pour le Lyon ASVEL F\u00e9minin","breadcrumb":{"@id":"https:\/\/newsestlyonnais.fr\/site\/2017\/06\/26\/lyon-villeurbanne-nouveau-nom-et-logo-et-nouvelles-couleurs-pour-lyon-asvel-feminin\/#breadcrumb"},"inLanguage":"fr-FR","potentialAction":[{"@type":"ReadAction","target":["https:\/\/newsestlyonnais.fr\/site\/2017\/06\/26\/lyon-villeurbanne-nouveau-nom-et-logo-et-nouvelles-couleurs-pour-lyon-asvel-feminin\/"]}]},{"@type":"ImageObject","inLanguage":"fr-FR","@id":"https:\/\/newsestlyonnais.fr\/site\/2017\/06\/26\/lyon-villeurbanne-nouveau-nom-et-logo-et-nouvelles-couleurs-pour-lyon-asvel-feminin\/#primaryimage","url":"https:\/\/newsestlyonnais.fr\/site\/wp-content\/uploads\/2017\/06\/NEWSESTLYONNAIS-ASVEL-FEMININ.jpg","contentUrl":"https:\/\/newsestlyonnais.fr\/site\/wp-content\/uploads\/2017\/06\/NEWSESTLYONNAIS-ASVEL-FEMININ.jpg","width":1000,"height":750,"caption":"NEWSESTLYONNAIS - ASVEL FEMININ"},{"@type":"BreadcrumbList","@id":"https:\/\/newsestlyonnais.fr\/site\/2017\/06\/26\/lyon-villeurbanne-nouveau-nom-et-logo-et-nouvelles-couleurs-pour-lyon-asvel-feminin\/#breadcrumb","itemListElement":[{"@type":"ListItem","position":1,"name":"Accueil","item":"https:\/\/newsestlyonnais.fr\/site\/"},{"@type":"ListItem","position":2,"name":"LYON \/ VILLEURBANNE | Nouveau nom et logo et nouvelles couleurs pour Lyon ASVEL F\u00e9minin"}]},{"@type":"WebSite","@id":"https:\/\/newsestlyonnais.fr\/site\/#website","url":"https:\/\/newsestlyonnais.fr\/site\/","name":"News Est Lyonnais","description":"L&#039;actualit\u00e9 au plus pr\u00e8s","publisher":{"@id":"https:\/\/newsestlyonnais.fr\/site\/#organization"},"potentialAction":[{"@type":"SearchAction","target":{"@type":"EntryPoint","urlTemplate":"https:\/\/newsestlyonnais.fr\/site\/?s={search_term_string}"},"query-input":{"@type":"PropertyValueSpecification","valueRequired":true,"valueName":"search_term_string"}}],"inLanguage":"fr-FR"},{"@type":"Organization","@id":"https:\/\/newsestlyonnais.fr\/site\/#organization","name":"News EST LYONNAIS","url":"https:\/\/newsestlyonnais.fr\/site\/","logo":{"@type":"ImageObject","inLanguage":"fr-FR","@id":"https:\/\/newsestlyonnais.fr\/site\/#\/schema\/logo\/image\/","url":"","contentUrl":"","caption":"News EST LYONNAIS"},"image":{"@id":"https:\/\/newsestlyonnais.fr\/site\/#\/schema\/logo\/image\/"}},{"@type":"Person","@id":"https:\/\/newsestlyonnais.fr\/site\/#\/schema\/person\/3230d5615f390bb808365d673001e887","name":"R\u00e9dac. NEWS","sameAs":["http:\/\/www.newsestlyonnais.fr","https:\/\/www.facebook.com\/pascal.oberson.1?fref=ts","https:\/\/fr.linkedin.com\/in\/pascal-oberson-b17045113"],"url":"https:\/\/newsestlyonnais.fr\/site\/author\/nel\/"}]}},"_links":{"self":[{"href":"https:\/\/newsestlyonnais.fr\/site\/wp-json\/wp\/v2\/posts\/30429","targetHints":{"allow":["GET"]}}],"collection":[{"href":"https:\/\/newsestlyonnais.fr\/site\/wp-json\/wp\/v2\/posts"}],"about":[{"href":"https:\/\/newsestlyonnais.fr\/site\/wp-json\/wp\/v2\/types\/post"}],"author":[{"embeddable":true,"href":"https:\/\/newsestlyonnais.fr\/site\/wp-json\/wp\/v2\/users\/4"}],"replies":[{"embeddable":true,"href":"https:\/\/newsestlyonnais.fr\/site\/wp-json\/wp\/v2\/comments?post=30429"}],"version-history":[{"count":0,"href":"https:\/\/newsestlyonnais.fr\/site\/wp-json\/wp\/v2\/posts\/30429\/revisions"}],"wp:featuredmedia":[{"embeddable":true,"href":"https:\/\/newsestlyonnais.fr\/site\/wp-json\/wp\/v2\/media\/30435"}],"wp:attachment":[{"href":"https:\/\/newsestlyonnais.fr\/site\/wp-json\/wp\/v2\/media?parent=30429"}],"wp:term":[{"taxonomy":"category","embeddable":true,"href":"https:\/\/newsestlyonnais.fr\/site\/wp-json\/wp\/v2\/categories?post=30429"},{"taxonomy":"post_tag","embeddable":true,"href":"https:\/\/newsestlyonnais.fr\/site\/wp-json\/wp\/v2\/tags?post=30429"}],"curies":[{"name":"wp","href":"https:\/\/api.w.org\/{rel}","templated":true}]}}