{"id":30447,"date":"2017-06-26T18:46:44","date_gmt":"2017-06-26T17:46:44","guid":{"rendered":"http:\/\/newsestlyonnais.fr\/site\/?p=30447"},"modified":"2020-10-24T13:12:07","modified_gmt":"2020-10-24T12:12:07","slug":"bron-de-lor-et-un-record-pour-le-jeune-nageur-mihatia-rajoelisolo","status":"publish","type":"post","link":"https:\/\/newsestlyonnais.fr\/site\/2017\/06\/26\/bron-de-lor-et-un-record-pour-le-jeune-nageur-mihatia-rajoelisolo\/","title":{"rendered":"BRON | De l&rsquo;or et un record pour le jeune nageur Mihatia Rajoelisolo"},"content":{"rendered":"<h4>Ce week-end se d\u00e9roulait \u00e0 Massy (Essonne), la finale du Troph\u00e9e Lucien Zins de natation, v\u00e9ritable championnat de France jeunes par ann\u00e9e d&rsquo;\u00e2ges.<\/h4>\n<p>L&rsquo;EMS Bron Natation avait un seul qualifi\u00e9 qui \u00e0 su se montrer \u00e0 la hauteur de la comp\u00e9tition. Au terme des 4 \u00e9tapes qualificatives qui se sont d\u00e9roul\u00e9es tout au long de la saison, il avait termin\u00e9 \u00e0 la 8\u00b0 place du classement g\u00e9n\u00e9ral.<\/p>\n<p>Lors de la finale national de ce week-end, Mihatia Rajoelisolo (12 ans) a r\u00e9alis\u00e9 une tr\u00e8s belle comp\u00e9tition:<\/p>\n<ul>\n<li>en \u00e9tant sacr\u00e9 champion de France (cat\u00e9gorie 12 ans sur le 200 m\u00e8tres papillon) avec une nouvelle meilleure performance fran\u00e7aise \u00e0 la clef (2&rsquo;30&Prime;15)<\/li>\n<li>en devenant vice-champion de france sur 100 pap et 400 4 nages.<\/li>\n<li>en se classant 4\u00b0 du 50 m\u00e8tres papillon.<\/li>\n<\/ul>\n<h4>Un grand bravo \u00e0 Mihatia pour ce week-end magnifique, \u00e0 son coach Sandy Clauss et \u00e0 toute l&rsquo;\u00e9quipe de la formation de l&rsquo;EMS BRON NATATION !<\/h4>\n<p>&nbsp;<\/p>\n","protected":false},"excerpt":{"rendered":"<p>Ce week-end se d\u00e9roulait \u00e0 Massy (Essonne), la finale du Troph\u00e9e Lucien Zins de natation, v\u00e9ritable championnat de France jeunes par ann\u00e9e d&rsquo;\u00e2ges. L&rsquo;EMS Bron Natation avait un seul qualifi\u00e9 qui \u00e0 su se montrer \u00e0 la hauteur de la comp\u00e9tition. Au terme des 4 \u00e9tapes qualificatives qui se sont d\u00e9roul\u00e9es tout au long de [&hellip;]<\/p>\n","protected":false},"author":4,"featured_media":30454,"comment_status":"open","ping_status":"open","sticky":false,"template":"","format":"standard","meta":{"footnotes":""},"categories":[19,1350,2988,2],"tags":[],"class_list":["post-30447","post","type-post","status-publish","format-standard","has-post-thumbnail","hentry","category-bron","category-natation-plongeon","category-natation-triathlon","category-sports"],"yoast_head":"<!-- This site is optimized with the Yoast SEO plugin v27.2 - https:\/\/yoast.com\/product\/yoast-seo-wordpress\/ -->\n<title>BRON : De l&#039;or et un record pour le jeune nageur Mihatia Rajoelisolo<\/title>\n<meta name=\"description\" content=\"BRON : De l&#039;or et un record pour le jeune nageur Mihatia Rajoelisolo\" \/>\n<meta name=\"robots\" content=\"index, follow, max-snippet:-1, max-image-preview:large, max-video-preview:-1\" \/>\n<link rel=\"canonical\" href=\"https:\/\/newsestlyonnais.fr\/site\/2017\/06\/26\/bron-de-lor-et-un-record-pour-le-jeune-nageur-mihatia-rajoelisolo\/\" \/>\n<meta property=\"og:locale\" content=\"fr_FR\" \/>\n<meta property=\"og:type\" content=\"article\" \/>\n<meta property=\"og:title\" content=\"BRON : De l&#039;or et un record pour le jeune nageur Mihatia Rajoelisolo\" \/>\n<meta property=\"og:description\" content=\"BRON : De l&#039;or et un record pour le jeune nageur Mihatia Rajoelisolo\" \/>\n<meta property=\"og:url\" content=\"https:\/\/newsestlyonnais.fr\/site\/2017\/06\/26\/bron-de-lor-et-un-record-pour-le-jeune-nageur-mihatia-rajoelisolo\/\" \/>\n<meta property=\"og:site_name\" content=\"News Est Lyonnais\" \/>\n<meta property=\"article:author\" content=\"https:\/\/www.facebook.com\/pascal.oberson.1?fref=ts\" \/>\n<meta property=\"article:published_time\" content=\"2017-06-26T17:46:44+00:00\" \/>\n<meta property=\"article:modified_time\" content=\"2020-10-24T12:12:07+00:00\" \/>\n<meta property=\"og:image\" content=\"https:\/\/i2.wp.com\/newsestlyonnais.fr\/site\/wp-content\/uploads\/2017\/06\/NEWSESTLYONNAIS-CHAMP-JEUNE.jpg?fit=365%2C479&ssl=1\" \/>\n\t<meta property=\"og:image:width\" content=\"365\" \/>\n\t<meta property=\"og:image:height\" content=\"479\" \/>\n\t<meta property=\"og:image:type\" content=\"image\/jpeg\" \/>\n<meta name=\"author\" content=\"R\u00e9dac. NEWS\" \/>\n<meta name=\"twitter:card\" content=\"summary_large_image\" \/>\n<meta name=\"twitter:label1\" content=\"\u00c9crit par\" \/>\n\t<meta name=\"twitter:data1\" content=\"R\u00e9dac. NEWS\" \/>\n\t<meta name=\"twitter:label2\" content=\"Dur\u00e9e de lecture estim\u00e9e\" \/>\n\t<meta name=\"twitter:data2\" content=\"1 minute\" \/>\n<script type=\"application\/ld+json\" class=\"yoast-schema-graph\">{\"@context\":\"https:\/\/schema.org\",\"@graph\":[{\"@type\":\"Article\",\"@id\":\"https:\/\/newsestlyonnais.fr\/site\/2017\/06\/26\/bron-de-lor-et-un-record-pour-le-jeune-nageur-mihatia-rajoelisolo\/#article\",\"isPartOf\":{\"@id\":\"https:\/\/newsestlyonnais.fr\/site\/2017\/06\/26\/bron-de-lor-et-un-record-pour-le-jeune-nageur-mihatia-rajoelisolo\/\"},\"author\":{\"name\":\"R\u00e9dac. NEWS\",\"@id\":\"https:\/\/newsestlyonnais.fr\/site\/#\/schema\/person\/3230d5615f390bb808365d673001e887\"},\"headline\":\"BRON | De l&rsquo;or et un record pour le jeune nageur Mihatia Rajoelisolo\",\"datePublished\":\"2017-06-26T17:46:44+00:00\",\"dateModified\":\"2020-10-24T12:12:07+00:00\",\"mainEntityOfPage\":{\"@id\":\"https:\/\/newsestlyonnais.fr\/site\/2017\/06\/26\/bron-de-lor-et-un-record-pour-le-jeune-nageur-mihatia-rajoelisolo\/\"},\"wordCount\":169,\"commentCount\":0,\"publisher\":{\"@id\":\"https:\/\/newsestlyonnais.fr\/site\/#organization\"},\"image\":{\"@id\":\"https:\/\/newsestlyonnais.fr\/site\/2017\/06\/26\/bron-de-lor-et-un-record-pour-le-jeune-nageur-mihatia-rajoelisolo\/#primaryimage\"},\"thumbnailUrl\":\"https:\/\/newsestlyonnais.fr\/site\/wp-content\/uploads\/2017\/06\/NEWSESTLYONNAIS-CHAMP-JEUNE.jpg\",\"articleSection\":[\"Bron\",\"Natation | Plongeon\",\"Natation | Triathlon\",\"Sports\"],\"inLanguage\":\"fr-FR\",\"potentialAction\":[{\"@type\":\"CommentAction\",\"name\":\"Comment\",\"target\":[\"https:\/\/newsestlyonnais.fr\/site\/2017\/06\/26\/bron-de-lor-et-un-record-pour-le-jeune-nageur-mihatia-rajoelisolo\/#respond\"]}]},{\"@type\":\"WebPage\",\"@id\":\"https:\/\/newsestlyonnais.fr\/site\/2017\/06\/26\/bron-de-lor-et-un-record-pour-le-jeune-nageur-mihatia-rajoelisolo\/\",\"url\":\"https:\/\/newsestlyonnais.fr\/site\/2017\/06\/26\/bron-de-lor-et-un-record-pour-le-jeune-nageur-mihatia-rajoelisolo\/\",\"name\":\"BRON : De l'or et un record pour le jeune nageur Mihatia Rajoelisolo\",\"isPartOf\":{\"@id\":\"https:\/\/newsestlyonnais.fr\/site\/#website\"},\"primaryImageOfPage\":{\"@id\":\"https:\/\/newsestlyonnais.fr\/site\/2017\/06\/26\/bron-de-lor-et-un-record-pour-le-jeune-nageur-mihatia-rajoelisolo\/#primaryimage\"},\"image\":{\"@id\":\"https:\/\/newsestlyonnais.fr\/site\/2017\/06\/26\/bron-de-lor-et-un-record-pour-le-jeune-nageur-mihatia-rajoelisolo\/#primaryimage\"},\"thumbnailUrl\":\"https:\/\/newsestlyonnais.fr\/site\/wp-content\/uploads\/2017\/06\/NEWSESTLYONNAIS-CHAMP-JEUNE.jpg\",\"datePublished\":\"2017-06-26T17:46:44+00:00\",\"dateModified\":\"2020-10-24T12:12:07+00:00\",\"description\":\"BRON : De l'or et un record pour le jeune nageur Mihatia Rajoelisolo\",\"breadcrumb\":{\"@id\":\"https:\/\/newsestlyonnais.fr\/site\/2017\/06\/26\/bron-de-lor-et-un-record-pour-le-jeune-nageur-mihatia-rajoelisolo\/#breadcrumb\"},\"inLanguage\":\"fr-FR\",\"potentialAction\":[{\"@type\":\"ReadAction\",\"target\":[\"https:\/\/newsestlyonnais.fr\/site\/2017\/06\/26\/bron-de-lor-et-un-record-pour-le-jeune-nageur-mihatia-rajoelisolo\/\"]}]},{\"@type\":\"ImageObject\",\"inLanguage\":\"fr-FR\",\"@id\":\"https:\/\/newsestlyonnais.fr\/site\/2017\/06\/26\/bron-de-lor-et-un-record-pour-le-jeune-nageur-mihatia-rajoelisolo\/#primaryimage\",\"url\":\"https:\/\/newsestlyonnais.fr\/site\/wp-content\/uploads\/2017\/06\/NEWSESTLYONNAIS-CHAMP-JEUNE.jpg\",\"contentUrl\":\"https:\/\/newsestlyonnais.fr\/site\/wp-content\/uploads\/2017\/06\/NEWSESTLYONNAIS-CHAMP-JEUNE.jpg\",\"width\":365,\"height\":479,\"caption\":\"NEWSESTLYONNAIS CHAMP JEUNE\"},{\"@type\":\"BreadcrumbList\",\"@id\":\"https:\/\/newsestlyonnais.fr\/site\/2017\/06\/26\/bron-de-lor-et-un-record-pour-le-jeune-nageur-mihatia-rajoelisolo\/#breadcrumb\",\"itemListElement\":[{\"@type\":\"ListItem\",\"position\":1,\"name\":\"Accueil\",\"item\":\"https:\/\/newsestlyonnais.fr\/site\/\"},{\"@type\":\"ListItem\",\"position\":2,\"name\":\"BRON | De l&rsquo;or et un record pour le jeune nageur Mihatia Rajoelisolo\"}]},{\"@type\":\"WebSite\",\"@id\":\"https:\/\/newsestlyonnais.fr\/site\/#website\",\"url\":\"https:\/\/newsestlyonnais.fr\/site\/\",\"name\":\"News Est Lyonnais\",\"description\":\"L&#039;actualit\u00e9 au plus pr\u00e8s\",\"publisher\":{\"@id\":\"https:\/\/newsestlyonnais.fr\/site\/#organization\"},\"potentialAction\":[{\"@type\":\"SearchAction\",\"target\":{\"@type\":\"EntryPoint\",\"urlTemplate\":\"https:\/\/newsestlyonnais.fr\/site\/?s={search_term_string}\"},\"query-input\":{\"@type\":\"PropertyValueSpecification\",\"valueRequired\":true,\"valueName\":\"search_term_string\"}}],\"inLanguage\":\"fr-FR\"},{\"@type\":\"Organization\",\"@id\":\"https:\/\/newsestlyonnais.fr\/site\/#organization\",\"name\":\"News EST LYONNAIS\",\"url\":\"https:\/\/newsestlyonnais.fr\/site\/\",\"logo\":{\"@type\":\"ImageObject\",\"inLanguage\":\"fr-FR\",\"@id\":\"https:\/\/newsestlyonnais.fr\/site\/#\/schema\/logo\/image\/\",\"url\":\"\",\"contentUrl\":\"\",\"caption\":\"News EST LYONNAIS\"},\"image\":{\"@id\":\"https:\/\/newsestlyonnais.fr\/site\/#\/schema\/logo\/image\/\"}},{\"@type\":\"Person\",\"@id\":\"https:\/\/newsestlyonnais.fr\/site\/#\/schema\/person\/3230d5615f390bb808365d673001e887\",\"name\":\"R\u00e9dac. NEWS\",\"sameAs\":[\"http:\/\/www.newsestlyonnais.fr\",\"https:\/\/www.facebook.com\/pascal.oberson.1?fref=ts\",\"https:\/\/fr.linkedin.com\/in\/pascal-oberson-b17045113\"],\"url\":\"https:\/\/newsestlyonnais.fr\/site\/author\/nel\/\"}]}<\/script>\n<!-- \/ Yoast SEO plugin. -->","yoast_head_json":{"title":"BRON : De l'or et un record pour le jeune nageur Mihatia Rajoelisolo","description":"BRON : De l'or et un record pour le jeune nageur Mihatia Rajoelisolo","robots":{"index":"index","follow":"follow","max-snippet":"max-snippet:-1","max-image-preview":"max-image-preview:large","max-video-preview":"max-video-preview:-1"},"canonical":"https:\/\/newsestlyonnais.fr\/site\/2017\/06\/26\/bron-de-lor-et-un-record-pour-le-jeune-nageur-mihatia-rajoelisolo\/","og_locale":"fr_FR","og_type":"article","og_title":"BRON : De l'or et un record pour le jeune nageur Mihatia Rajoelisolo","og_description":"BRON : De l'or et un record pour le jeune nageur Mihatia Rajoelisolo","og_url":"https:\/\/newsestlyonnais.fr\/site\/2017\/06\/26\/bron-de-lor-et-un-record-pour-le-jeune-nageur-mihatia-rajoelisolo\/","og_site_name":"News Est Lyonnais","article_author":"https:\/\/www.facebook.com\/pascal.oberson.1?fref=ts","article_published_time":"2017-06-26T17:46:44+00:00","article_modified_time":"2020-10-24T12:12:07+00:00","og_image":[{"width":365,"height":479,"url":"https:\/\/i2.wp.com\/newsestlyonnais.fr\/site\/wp-content\/uploads\/2017\/06\/NEWSESTLYONNAIS-CHAMP-JEUNE.jpg?fit=365%2C479&ssl=1","type":"image\/jpeg"}],"author":"R\u00e9dac. NEWS","twitter_card":"summary_large_image","twitter_misc":{"\u00c9crit par":"R\u00e9dac. NEWS","Dur\u00e9e de lecture estim\u00e9e":"1 minute"},"schema":{"@context":"https:\/\/schema.org","@graph":[{"@type":"Article","@id":"https:\/\/newsestlyonnais.fr\/site\/2017\/06\/26\/bron-de-lor-et-un-record-pour-le-jeune-nageur-mihatia-rajoelisolo\/#article","isPartOf":{"@id":"https:\/\/newsestlyonnais.fr\/site\/2017\/06\/26\/bron-de-lor-et-un-record-pour-le-jeune-nageur-mihatia-rajoelisolo\/"},"author":{"name":"R\u00e9dac. NEWS","@id":"https:\/\/newsestlyonnais.fr\/site\/#\/schema\/person\/3230d5615f390bb808365d673001e887"},"headline":"BRON | De l&rsquo;or et un record pour le jeune nageur Mihatia Rajoelisolo","datePublished":"2017-06-26T17:46:44+00:00","dateModified":"2020-10-24T12:12:07+00:00","mainEntityOfPage":{"@id":"https:\/\/newsestlyonnais.fr\/site\/2017\/06\/26\/bron-de-lor-et-un-record-pour-le-jeune-nageur-mihatia-rajoelisolo\/"},"wordCount":169,"commentCount":0,"publisher":{"@id":"https:\/\/newsestlyonnais.fr\/site\/#organization"},"image":{"@id":"https:\/\/newsestlyonnais.fr\/site\/2017\/06\/26\/bron-de-lor-et-un-record-pour-le-jeune-nageur-mihatia-rajoelisolo\/#primaryimage"},"thumbnailUrl":"https:\/\/newsestlyonnais.fr\/site\/wp-content\/uploads\/2017\/06\/NEWSESTLYONNAIS-CHAMP-JEUNE.jpg","articleSection":["Bron","Natation | Plongeon","Natation | Triathlon","Sports"],"inLanguage":"fr-FR","potentialAction":[{"@type":"CommentAction","name":"Comment","target":["https:\/\/newsestlyonnais.fr\/site\/2017\/06\/26\/bron-de-lor-et-un-record-pour-le-jeune-nageur-mihatia-rajoelisolo\/#respond"]}]},{"@type":"WebPage","@id":"https:\/\/newsestlyonnais.fr\/site\/2017\/06\/26\/bron-de-lor-et-un-record-pour-le-jeune-nageur-mihatia-rajoelisolo\/","url":"https:\/\/newsestlyonnais.fr\/site\/2017\/06\/26\/bron-de-lor-et-un-record-pour-le-jeune-nageur-mihatia-rajoelisolo\/","name":"BRON : De l'or et un record pour le jeune nageur Mihatia Rajoelisolo","isPartOf":{"@id":"https:\/\/newsestlyonnais.fr\/site\/#website"},"primaryImageOfPage":{"@id":"https:\/\/newsestlyonnais.fr\/site\/2017\/06\/26\/bron-de-lor-et-un-record-pour-le-jeune-nageur-mihatia-rajoelisolo\/#primaryimage"},"image":{"@id":"https:\/\/newsestlyonnais.fr\/site\/2017\/06\/26\/bron-de-lor-et-un-record-pour-le-jeune-nageur-mihatia-rajoelisolo\/#primaryimage"},"thumbnailUrl":"https:\/\/newsestlyonnais.fr\/site\/wp-content\/uploads\/2017\/06\/NEWSESTLYONNAIS-CHAMP-JEUNE.jpg","datePublished":"2017-06-26T17:46:44+00:00","dateModified":"2020-10-24T12:12:07+00:00","description":"BRON : De l'or et un record pour le jeune nageur Mihatia Rajoelisolo","breadcrumb":{"@id":"https:\/\/newsestlyonnais.fr\/site\/2017\/06\/26\/bron-de-lor-et-un-record-pour-le-jeune-nageur-mihatia-rajoelisolo\/#breadcrumb"},"inLanguage":"fr-FR","potentialAction":[{"@type":"ReadAction","target":["https:\/\/newsestlyonnais.fr\/site\/2017\/06\/26\/bron-de-lor-et-un-record-pour-le-jeune-nageur-mihatia-rajoelisolo\/"]}]},{"@type":"ImageObject","inLanguage":"fr-FR","@id":"https:\/\/newsestlyonnais.fr\/site\/2017\/06\/26\/bron-de-lor-et-un-record-pour-le-jeune-nageur-mihatia-rajoelisolo\/#primaryimage","url":"https:\/\/newsestlyonnais.fr\/site\/wp-content\/uploads\/2017\/06\/NEWSESTLYONNAIS-CHAMP-JEUNE.jpg","contentUrl":"https:\/\/newsestlyonnais.fr\/site\/wp-content\/uploads\/2017\/06\/NEWSESTLYONNAIS-CHAMP-JEUNE.jpg","width":365,"height":479,"caption":"NEWSESTLYONNAIS CHAMP JEUNE"},{"@type":"BreadcrumbList","@id":"https:\/\/newsestlyonnais.fr\/site\/2017\/06\/26\/bron-de-lor-et-un-record-pour-le-jeune-nageur-mihatia-rajoelisolo\/#breadcrumb","itemListElement":[{"@type":"ListItem","position":1,"name":"Accueil","item":"https:\/\/newsestlyonnais.fr\/site\/"},{"@type":"ListItem","position":2,"name":"BRON | De l&rsquo;or et un record pour le jeune nageur Mihatia Rajoelisolo"}]},{"@type":"WebSite","@id":"https:\/\/newsestlyonnais.fr\/site\/#website","url":"https:\/\/newsestlyonnais.fr\/site\/","name":"News Est Lyonnais","description":"L&#039;actualit\u00e9 au plus pr\u00e8s","publisher":{"@id":"https:\/\/newsestlyonnais.fr\/site\/#organization"},"potentialAction":[{"@type":"SearchAction","target":{"@type":"EntryPoint","urlTemplate":"https:\/\/newsestlyonnais.fr\/site\/?s={search_term_string}"},"query-input":{"@type":"PropertyValueSpecification","valueRequired":true,"valueName":"search_term_string"}}],"inLanguage":"fr-FR"},{"@type":"Organization","@id":"https:\/\/newsestlyonnais.fr\/site\/#organization","name":"News EST LYONNAIS","url":"https:\/\/newsestlyonnais.fr\/site\/","logo":{"@type":"ImageObject","inLanguage":"fr-FR","@id":"https:\/\/newsestlyonnais.fr\/site\/#\/schema\/logo\/image\/","url":"","contentUrl":"","caption":"News EST LYONNAIS"},"image":{"@id":"https:\/\/newsestlyonnais.fr\/site\/#\/schema\/logo\/image\/"}},{"@type":"Person","@id":"https:\/\/newsestlyonnais.fr\/site\/#\/schema\/person\/3230d5615f390bb808365d673001e887","name":"R\u00e9dac. NEWS","sameAs":["http:\/\/www.newsestlyonnais.fr","https:\/\/www.facebook.com\/pascal.oberson.1?fref=ts","https:\/\/fr.linkedin.com\/in\/pascal-oberson-b17045113"],"url":"https:\/\/newsestlyonnais.fr\/site\/author\/nel\/"}]}},"_links":{"self":[{"href":"https:\/\/newsestlyonnais.fr\/site\/wp-json\/wp\/v2\/posts\/30447","targetHints":{"allow":["GET"]}}],"collection":[{"href":"https:\/\/newsestlyonnais.fr\/site\/wp-json\/wp\/v2\/posts"}],"about":[{"href":"https:\/\/newsestlyonnais.fr\/site\/wp-json\/wp\/v2\/types\/post"}],"author":[{"embeddable":true,"href":"https:\/\/newsestlyonnais.fr\/site\/wp-json\/wp\/v2\/users\/4"}],"replies":[{"embeddable":true,"href":"https:\/\/newsestlyonnais.fr\/site\/wp-json\/wp\/v2\/comments?post=30447"}],"version-history":[{"count":0,"href":"https:\/\/newsestlyonnais.fr\/site\/wp-json\/wp\/v2\/posts\/30447\/revisions"}],"wp:featuredmedia":[{"embeddable":true,"href":"https:\/\/newsestlyonnais.fr\/site\/wp-json\/wp\/v2\/media\/30454"}],"wp:attachment":[{"href":"https:\/\/newsestlyonnais.fr\/site\/wp-json\/wp\/v2\/media?parent=30447"}],"wp:term":[{"taxonomy":"category","embeddable":true,"href":"https:\/\/newsestlyonnais.fr\/site\/wp-json\/wp\/v2\/categories?post=30447"},{"taxonomy":"post_tag","embeddable":true,"href":"https:\/\/newsestlyonnais.fr\/site\/wp-json\/wp\/v2\/tags?post=30447"}],"curies":[{"name":"wp","href":"https:\/\/api.w.org\/{rel}","templated":true}]}}