{"id":30455,"date":"2017-06-27T14:59:37","date_gmt":"2017-06-27T13:59:37","guid":{"rendered":"http:\/\/newsestlyonnais.fr\/site\/?p=30455"},"modified":"2020-10-31T10:51:29","modified_gmt":"2020-10-31T09:51:29","slug":"villeurbanne-initiation-a-la-course-dorientation-pedestre-pour-les-vetetistes-de-lecov","status":"publish","type":"post","link":"https:\/\/newsestlyonnais.fr\/site\/2017\/06\/27\/villeurbanne-initiation-a-la-course-dorientation-pedestre-pour-les-vetetistes-de-lecov\/","title":{"rendered":"VILLEURBANNE | Initiation \u00e0 la course d&rsquo;orientation p\u00e9destre pour les v\u00e9t\u00e9tistes de l&rsquo;ECOV"},"content":{"rendered":"<h4>Bel exemple d&rsquo;\u00e9change entre deux associations sportives villeurbannaises affili\u00e9es \u00e0 l&rsquo; Office du Sport Villeurbannais (OSV).<\/h4>\n<p>Samedi matin au Parc de Miribel-Jonage, une s\u00e9ance d&rsquo;initiation \u00e0 la course d&rsquo;orientation p\u00e9destre pour les\u00a0 jeunes v\u00e9t\u00e9tistes de l\u2019\u00e9cole VTT de l\u2019ECOV (Entente Cycliste Olympic Villeurbannais) avait \u00e9t\u00e9 organis\u00e9e avec l\u2019ASUL Sports Nature.<\/p>\n<p>Par groupe, alternant balade VTT ou circuit CO p\u00e9destre, avec l\u2019aide de Sylvie Basset, pr\u00e9sidente de l\u2019ASUL, de Pierrick et des animateurs de l\u2019ASUL, les jeunes, qui ont bien appr\u00e9ci\u00e9 cette d\u00e9couverte de la course d&rsquo;orientation (CO), ont ainsi fait connaissance avec cette autre activit\u00e9 sportive nature qui peut \u00e9galement se pratiquer en VTT.<\/p>\n<p>Ce sera une prochaine \u00e9tape en septembre avec une s\u00e9ance VTT\u2019O ou les jeunes orientistes de l\u2019ASUL pourront faire du VTT avec les \u00e9coviens.<\/p>\n<p>L\u2019objectif final \u00e9tant de faire participer les jeunes de l\u2019ECOV \u00e0 l\u2019INTERVTT du mois d\u2019octobre 2017 !<\/p>\n<ul>\n<li>Retrouvez l&rsquo;ACTU des deux clubs:<\/li>\n<\/ul>\n<p>Pour l\u2019ASUL : <a href=\"http:\/\/asul-sportsnature.fr\" target=\"_blank\" rel=\"noopener noreferrer\">http:\/\/asul-sportsnature.fr<\/a> ou page Facebook : <a href=\"https:\/\/www.facebook.com\/ASULSportsNature\" target=\"_blank\" rel=\"noopener noreferrer\">https:\/\/www.facebook.com\/ASULSportsNature<\/a><\/p>\n<p>Pour l\u2019ECOV :\u00a0<a href=\"http:\/\/www.ecov-velo.com\/Ecov2\" target=\"_blank\" rel=\"noopener noreferrer\">http:\/\/www.ecov-velo.com\/Ecov2<\/a> ou page Fabebook : <a href=\"https:\/\/www.facebook.com\/ecovilleurbannais\/\" target=\"_blank\" rel=\"noopener noreferrer\">https:\/\/www.facebook.com\/ecovilleurbannais\/<\/a><\/p>\n<p><img loading=\"lazy\" decoding=\"async\" class=\"alignleft size-full wp-image-30460\" src=\"https:\/\/newsestlyonnais.fr\/site\/medias\/2017\/06\/NEWSESTLYONNAIS-ECOV-.jpg\" alt=\"NEWSESTLYONNAIS - ECOV\" width=\"1000\" height=\"750\" srcset=\"https:\/\/newsestlyonnais.fr\/site\/wp-content\/uploads\/2017\/06\/NEWSESTLYONNAIS-ECOV-.jpg 1000w, https:\/\/newsestlyonnais.fr\/site\/wp-content\/uploads\/2017\/06\/NEWSESTLYONNAIS-ECOV--400x300.jpg 400w, https:\/\/newsestlyonnais.fr\/site\/wp-content\/uploads\/2017\/06\/NEWSESTLYONNAIS-ECOV--768x576.jpg 768w, https:\/\/newsestlyonnais.fr\/site\/wp-content\/uploads\/2017\/06\/NEWSESTLYONNAIS-ECOV--600x450.jpg 600w, https:\/\/newsestlyonnais.fr\/site\/wp-content\/uploads\/2017\/06\/NEWSESTLYONNAIS-ECOV--100x75.jpg 100w\" sizes=\"auto, (max-width: 1000px) 100vw, 1000px\" \/><\/p>\n","protected":false},"excerpt":{"rendered":"<p>Bel exemple d&rsquo;\u00e9change entre deux associations sportives villeurbannaises affili\u00e9es \u00e0 l&rsquo; Office du Sport Villeurbannais (OSV). Samedi matin au Parc de Miribel-Jonage, une s\u00e9ance d&rsquo;initiation \u00e0 la course d&rsquo;orientation p\u00e9destre pour les\u00a0 jeunes v\u00e9t\u00e9tistes de l\u2019\u00e9cole VTT de l\u2019ECOV (Entente Cycliste Olympic Villeurbannais) avait \u00e9t\u00e9 organis\u00e9e avec l\u2019ASUL Sports Nature. Par groupe, alternant balade VTT [&hellip;]<\/p>\n","protected":false},"author":4,"featured_media":30458,"comment_status":"open","ping_status":"open","sticky":false,"template":"","format":"standard","meta":{"footnotes":""},"categories":[2969,29],"tags":[],"class_list":["post-30455","post","type-post","status-publish","format-standard","has-post-thumbnail","hentry","category-cyclisme-cyclo-vtt","category-villeurbanne"],"yoast_head":"<!-- This site is optimized with the Yoast SEO plugin v27.2 - https:\/\/yoast.com\/product\/yoast-seo-wordpress\/ -->\n<title>VILLEURBANNE : Initiation \u00e0 la course d&#039;orientation p\u00e9destre pour les v\u00e9t\u00e9tistes de l&#039;ECOV<\/title>\n<meta name=\"description\" content=\"VILLEURBANNE : Initiation \u00e0 la course d&#039;orientation p\u00e9destre pour les v\u00e9t\u00e9tistes de l&#039;ECOV\" \/>\n<meta name=\"robots\" content=\"index, follow, max-snippet:-1, max-image-preview:large, max-video-preview:-1\" \/>\n<link rel=\"canonical\" href=\"https:\/\/newsestlyonnais.fr\/site\/2017\/06\/27\/villeurbanne-initiation-a-la-course-dorientation-pedestre-pour-les-vetetistes-de-lecov\/\" \/>\n<meta property=\"og:locale\" content=\"fr_FR\" \/>\n<meta property=\"og:type\" content=\"article\" \/>\n<meta property=\"og:title\" content=\"VILLEURBANNE : Initiation \u00e0 la course d&#039;orientation p\u00e9destre pour les v\u00e9t\u00e9tistes de l&#039;ECOV\" \/>\n<meta property=\"og:description\" content=\"VILLEURBANNE : Initiation \u00e0 la course d&#039;orientation p\u00e9destre pour les v\u00e9t\u00e9tistes de l&#039;ECOV\" \/>\n<meta property=\"og:url\" content=\"https:\/\/newsestlyonnais.fr\/site\/2017\/06\/27\/villeurbanne-initiation-a-la-course-dorientation-pedestre-pour-les-vetetistes-de-lecov\/\" \/>\n<meta property=\"og:site_name\" content=\"News Est Lyonnais\" \/>\n<meta property=\"article:author\" content=\"https:\/\/www.facebook.com\/pascal.oberson.1?fref=ts\" \/>\n<meta property=\"article:published_time\" content=\"2017-06-27T13:59:37+00:00\" \/>\n<meta property=\"article:modified_time\" content=\"2020-10-31T09:51:29+00:00\" \/>\n<meta property=\"og:image\" content=\"https:\/\/i1.wp.com\/newsestlyonnais.fr\/site\/wp-content\/uploads\/2017\/06\/NEWSESTLYONNAIS-ECOV-CO-NATURE.jpg?fit=1000%2C750&ssl=1\" \/>\n\t<meta property=\"og:image:width\" content=\"1000\" \/>\n\t<meta property=\"og:image:height\" content=\"750\" \/>\n\t<meta property=\"og:image:type\" content=\"image\/jpeg\" \/>\n<meta name=\"author\" content=\"R\u00e9dac. NEWS\" \/>\n<meta name=\"twitter:card\" content=\"summary_large_image\" \/>\n<meta name=\"twitter:label1\" content=\"\u00c9crit par\" \/>\n\t<meta name=\"twitter:data1\" content=\"R\u00e9dac. NEWS\" \/>\n\t<meta name=\"twitter:label2\" content=\"Dur\u00e9e de lecture estim\u00e9e\" \/>\n\t<meta name=\"twitter:data2\" content=\"1 minute\" \/>\n<script type=\"application\/ld+json\" class=\"yoast-schema-graph\">{\"@context\":\"https:\/\/schema.org\",\"@graph\":[{\"@type\":\"Article\",\"@id\":\"https:\/\/newsestlyonnais.fr\/site\/2017\/06\/27\/villeurbanne-initiation-a-la-course-dorientation-pedestre-pour-les-vetetistes-de-lecov\/#article\",\"isPartOf\":{\"@id\":\"https:\/\/newsestlyonnais.fr\/site\/2017\/06\/27\/villeurbanne-initiation-a-la-course-dorientation-pedestre-pour-les-vetetistes-de-lecov\/\"},\"author\":{\"name\":\"R\u00e9dac. NEWS\",\"@id\":\"https:\/\/newsestlyonnais.fr\/site\/#\/schema\/person\/3230d5615f390bb808365d673001e887\"},\"headline\":\"VILLEURBANNE | Initiation \u00e0 la course d&rsquo;orientation p\u00e9destre pour les v\u00e9t\u00e9tistes de l&rsquo;ECOV\",\"datePublished\":\"2017-06-27T13:59:37+00:00\",\"dateModified\":\"2020-10-31T09:51:29+00:00\",\"mainEntityOfPage\":{\"@id\":\"https:\/\/newsestlyonnais.fr\/site\/2017\/06\/27\/villeurbanne-initiation-a-la-course-dorientation-pedestre-pour-les-vetetistes-de-lecov\/\"},\"wordCount\":219,\"commentCount\":0,\"publisher\":{\"@id\":\"https:\/\/newsestlyonnais.fr\/site\/#organization\"},\"image\":{\"@id\":\"https:\/\/newsestlyonnais.fr\/site\/2017\/06\/27\/villeurbanne-initiation-a-la-course-dorientation-pedestre-pour-les-vetetistes-de-lecov\/#primaryimage\"},\"thumbnailUrl\":\"https:\/\/newsestlyonnais.fr\/site\/wp-content\/uploads\/2017\/06\/NEWSESTLYONNAIS-ECOV-CO-NATURE.jpg\",\"articleSection\":[\"Cyclisme | Cyclo | Vtt\",\"Villeurbanne\"],\"inLanguage\":\"fr-FR\",\"potentialAction\":[{\"@type\":\"CommentAction\",\"name\":\"Comment\",\"target\":[\"https:\/\/newsestlyonnais.fr\/site\/2017\/06\/27\/villeurbanne-initiation-a-la-course-dorientation-pedestre-pour-les-vetetistes-de-lecov\/#respond\"]}]},{\"@type\":\"WebPage\",\"@id\":\"https:\/\/newsestlyonnais.fr\/site\/2017\/06\/27\/villeurbanne-initiation-a-la-course-dorientation-pedestre-pour-les-vetetistes-de-lecov\/\",\"url\":\"https:\/\/newsestlyonnais.fr\/site\/2017\/06\/27\/villeurbanne-initiation-a-la-course-dorientation-pedestre-pour-les-vetetistes-de-lecov\/\",\"name\":\"VILLEURBANNE : Initiation \u00e0 la course d'orientation p\u00e9destre pour les v\u00e9t\u00e9tistes de l'ECOV\",\"isPartOf\":{\"@id\":\"https:\/\/newsestlyonnais.fr\/site\/#website\"},\"primaryImageOfPage\":{\"@id\":\"https:\/\/newsestlyonnais.fr\/site\/2017\/06\/27\/villeurbanne-initiation-a-la-course-dorientation-pedestre-pour-les-vetetistes-de-lecov\/#primaryimage\"},\"image\":{\"@id\":\"https:\/\/newsestlyonnais.fr\/site\/2017\/06\/27\/villeurbanne-initiation-a-la-course-dorientation-pedestre-pour-les-vetetistes-de-lecov\/#primaryimage\"},\"thumbnailUrl\":\"https:\/\/newsestlyonnais.fr\/site\/wp-content\/uploads\/2017\/06\/NEWSESTLYONNAIS-ECOV-CO-NATURE.jpg\",\"datePublished\":\"2017-06-27T13:59:37+00:00\",\"dateModified\":\"2020-10-31T09:51:29+00:00\",\"description\":\"VILLEURBANNE : Initiation \u00e0 la course d'orientation p\u00e9destre pour les v\u00e9t\u00e9tistes de l'ECOV\",\"breadcrumb\":{\"@id\":\"https:\/\/newsestlyonnais.fr\/site\/2017\/06\/27\/villeurbanne-initiation-a-la-course-dorientation-pedestre-pour-les-vetetistes-de-lecov\/#breadcrumb\"},\"inLanguage\":\"fr-FR\",\"potentialAction\":[{\"@type\":\"ReadAction\",\"target\":[\"https:\/\/newsestlyonnais.fr\/site\/2017\/06\/27\/villeurbanne-initiation-a-la-course-dorientation-pedestre-pour-les-vetetistes-de-lecov\/\"]}]},{\"@type\":\"ImageObject\",\"inLanguage\":\"fr-FR\",\"@id\":\"https:\/\/newsestlyonnais.fr\/site\/2017\/06\/27\/villeurbanne-initiation-a-la-course-dorientation-pedestre-pour-les-vetetistes-de-lecov\/#primaryimage\",\"url\":\"https:\/\/newsestlyonnais.fr\/site\/wp-content\/uploads\/2017\/06\/NEWSESTLYONNAIS-ECOV-CO-NATURE.jpg\",\"contentUrl\":\"https:\/\/newsestlyonnais.fr\/site\/wp-content\/uploads\/2017\/06\/NEWSESTLYONNAIS-ECOV-CO-NATURE.jpg\",\"width\":1000,\"height\":750,\"caption\":\"NEWSESTLYONNAIS - ECOV CO NATURE\"},{\"@type\":\"BreadcrumbList\",\"@id\":\"https:\/\/newsestlyonnais.fr\/site\/2017\/06\/27\/villeurbanne-initiation-a-la-course-dorientation-pedestre-pour-les-vetetistes-de-lecov\/#breadcrumb\",\"itemListElement\":[{\"@type\":\"ListItem\",\"position\":1,\"name\":\"Accueil\",\"item\":\"https:\/\/newsestlyonnais.fr\/site\/\"},{\"@type\":\"ListItem\",\"position\":2,\"name\":\"VILLEURBANNE | Initiation \u00e0 la course d&rsquo;orientation p\u00e9destre pour les v\u00e9t\u00e9tistes de l&rsquo;ECOV\"}]},{\"@type\":\"WebSite\",\"@id\":\"https:\/\/newsestlyonnais.fr\/site\/#website\",\"url\":\"https:\/\/newsestlyonnais.fr\/site\/\",\"name\":\"News Est Lyonnais\",\"description\":\"L&#039;actualit\u00e9 au plus pr\u00e8s\",\"publisher\":{\"@id\":\"https:\/\/newsestlyonnais.fr\/site\/#organization\"},\"potentialAction\":[{\"@type\":\"SearchAction\",\"target\":{\"@type\":\"EntryPoint\",\"urlTemplate\":\"https:\/\/newsestlyonnais.fr\/site\/?s={search_term_string}\"},\"query-input\":{\"@type\":\"PropertyValueSpecification\",\"valueRequired\":true,\"valueName\":\"search_term_string\"}}],\"inLanguage\":\"fr-FR\"},{\"@type\":\"Organization\",\"@id\":\"https:\/\/newsestlyonnais.fr\/site\/#organization\",\"name\":\"News EST LYONNAIS\",\"url\":\"https:\/\/newsestlyonnais.fr\/site\/\",\"logo\":{\"@type\":\"ImageObject\",\"inLanguage\":\"fr-FR\",\"@id\":\"https:\/\/newsestlyonnais.fr\/site\/#\/schema\/logo\/image\/\",\"url\":\"\",\"contentUrl\":\"\",\"caption\":\"News EST LYONNAIS\"},\"image\":{\"@id\":\"https:\/\/newsestlyonnais.fr\/site\/#\/schema\/logo\/image\/\"}},{\"@type\":\"Person\",\"@id\":\"https:\/\/newsestlyonnais.fr\/site\/#\/schema\/person\/3230d5615f390bb808365d673001e887\",\"name\":\"R\u00e9dac. NEWS\",\"sameAs\":[\"http:\/\/www.newsestlyonnais.fr\",\"https:\/\/www.facebook.com\/pascal.oberson.1?fref=ts\",\"https:\/\/fr.linkedin.com\/in\/pascal-oberson-b17045113\"],\"url\":\"https:\/\/newsestlyonnais.fr\/site\/author\/nel\/\"}]}<\/script>\n<!-- \/ Yoast SEO plugin. -->","yoast_head_json":{"title":"VILLEURBANNE : Initiation \u00e0 la course d'orientation p\u00e9destre pour les v\u00e9t\u00e9tistes de l'ECOV","description":"VILLEURBANNE : Initiation \u00e0 la course d'orientation p\u00e9destre pour les v\u00e9t\u00e9tistes de l'ECOV","robots":{"index":"index","follow":"follow","max-snippet":"max-snippet:-1","max-image-preview":"max-image-preview:large","max-video-preview":"max-video-preview:-1"},"canonical":"https:\/\/newsestlyonnais.fr\/site\/2017\/06\/27\/villeurbanne-initiation-a-la-course-dorientation-pedestre-pour-les-vetetistes-de-lecov\/","og_locale":"fr_FR","og_type":"article","og_title":"VILLEURBANNE : Initiation \u00e0 la course d'orientation p\u00e9destre pour les v\u00e9t\u00e9tistes de l'ECOV","og_description":"VILLEURBANNE : Initiation \u00e0 la course d'orientation p\u00e9destre pour les v\u00e9t\u00e9tistes de l'ECOV","og_url":"https:\/\/newsestlyonnais.fr\/site\/2017\/06\/27\/villeurbanne-initiation-a-la-course-dorientation-pedestre-pour-les-vetetistes-de-lecov\/","og_site_name":"News Est Lyonnais","article_author":"https:\/\/www.facebook.com\/pascal.oberson.1?fref=ts","article_published_time":"2017-06-27T13:59:37+00:00","article_modified_time":"2020-10-31T09:51:29+00:00","og_image":[{"width":1000,"height":750,"url":"https:\/\/i1.wp.com\/newsestlyonnais.fr\/site\/wp-content\/uploads\/2017\/06\/NEWSESTLYONNAIS-ECOV-CO-NATURE.jpg?fit=1000%2C750&ssl=1","type":"image\/jpeg"}],"author":"R\u00e9dac. NEWS","twitter_card":"summary_large_image","twitter_misc":{"\u00c9crit par":"R\u00e9dac. NEWS","Dur\u00e9e de lecture estim\u00e9e":"1 minute"},"schema":{"@context":"https:\/\/schema.org","@graph":[{"@type":"Article","@id":"https:\/\/newsestlyonnais.fr\/site\/2017\/06\/27\/villeurbanne-initiation-a-la-course-dorientation-pedestre-pour-les-vetetistes-de-lecov\/#article","isPartOf":{"@id":"https:\/\/newsestlyonnais.fr\/site\/2017\/06\/27\/villeurbanne-initiation-a-la-course-dorientation-pedestre-pour-les-vetetistes-de-lecov\/"},"author":{"name":"R\u00e9dac. NEWS","@id":"https:\/\/newsestlyonnais.fr\/site\/#\/schema\/person\/3230d5615f390bb808365d673001e887"},"headline":"VILLEURBANNE | Initiation \u00e0 la course d&rsquo;orientation p\u00e9destre pour les v\u00e9t\u00e9tistes de l&rsquo;ECOV","datePublished":"2017-06-27T13:59:37+00:00","dateModified":"2020-10-31T09:51:29+00:00","mainEntityOfPage":{"@id":"https:\/\/newsestlyonnais.fr\/site\/2017\/06\/27\/villeurbanne-initiation-a-la-course-dorientation-pedestre-pour-les-vetetistes-de-lecov\/"},"wordCount":219,"commentCount":0,"publisher":{"@id":"https:\/\/newsestlyonnais.fr\/site\/#organization"},"image":{"@id":"https:\/\/newsestlyonnais.fr\/site\/2017\/06\/27\/villeurbanne-initiation-a-la-course-dorientation-pedestre-pour-les-vetetistes-de-lecov\/#primaryimage"},"thumbnailUrl":"https:\/\/newsestlyonnais.fr\/site\/wp-content\/uploads\/2017\/06\/NEWSESTLYONNAIS-ECOV-CO-NATURE.jpg","articleSection":["Cyclisme | Cyclo | Vtt","Villeurbanne"],"inLanguage":"fr-FR","potentialAction":[{"@type":"CommentAction","name":"Comment","target":["https:\/\/newsestlyonnais.fr\/site\/2017\/06\/27\/villeurbanne-initiation-a-la-course-dorientation-pedestre-pour-les-vetetistes-de-lecov\/#respond"]}]},{"@type":"WebPage","@id":"https:\/\/newsestlyonnais.fr\/site\/2017\/06\/27\/villeurbanne-initiation-a-la-course-dorientation-pedestre-pour-les-vetetistes-de-lecov\/","url":"https:\/\/newsestlyonnais.fr\/site\/2017\/06\/27\/villeurbanne-initiation-a-la-course-dorientation-pedestre-pour-les-vetetistes-de-lecov\/","name":"VILLEURBANNE : Initiation \u00e0 la course d'orientation p\u00e9destre pour les v\u00e9t\u00e9tistes de l'ECOV","isPartOf":{"@id":"https:\/\/newsestlyonnais.fr\/site\/#website"},"primaryImageOfPage":{"@id":"https:\/\/newsestlyonnais.fr\/site\/2017\/06\/27\/villeurbanne-initiation-a-la-course-dorientation-pedestre-pour-les-vetetistes-de-lecov\/#primaryimage"},"image":{"@id":"https:\/\/newsestlyonnais.fr\/site\/2017\/06\/27\/villeurbanne-initiation-a-la-course-dorientation-pedestre-pour-les-vetetistes-de-lecov\/#primaryimage"},"thumbnailUrl":"https:\/\/newsestlyonnais.fr\/site\/wp-content\/uploads\/2017\/06\/NEWSESTLYONNAIS-ECOV-CO-NATURE.jpg","datePublished":"2017-06-27T13:59:37+00:00","dateModified":"2020-10-31T09:51:29+00:00","description":"VILLEURBANNE : Initiation \u00e0 la course d'orientation p\u00e9destre pour les v\u00e9t\u00e9tistes de l'ECOV","breadcrumb":{"@id":"https:\/\/newsestlyonnais.fr\/site\/2017\/06\/27\/villeurbanne-initiation-a-la-course-dorientation-pedestre-pour-les-vetetistes-de-lecov\/#breadcrumb"},"inLanguage":"fr-FR","potentialAction":[{"@type":"ReadAction","target":["https:\/\/newsestlyonnais.fr\/site\/2017\/06\/27\/villeurbanne-initiation-a-la-course-dorientation-pedestre-pour-les-vetetistes-de-lecov\/"]}]},{"@type":"ImageObject","inLanguage":"fr-FR","@id":"https:\/\/newsestlyonnais.fr\/site\/2017\/06\/27\/villeurbanne-initiation-a-la-course-dorientation-pedestre-pour-les-vetetistes-de-lecov\/#primaryimage","url":"https:\/\/newsestlyonnais.fr\/site\/wp-content\/uploads\/2017\/06\/NEWSESTLYONNAIS-ECOV-CO-NATURE.jpg","contentUrl":"https:\/\/newsestlyonnais.fr\/site\/wp-content\/uploads\/2017\/06\/NEWSESTLYONNAIS-ECOV-CO-NATURE.jpg","width":1000,"height":750,"caption":"NEWSESTLYONNAIS - ECOV CO NATURE"},{"@type":"BreadcrumbList","@id":"https:\/\/newsestlyonnais.fr\/site\/2017\/06\/27\/villeurbanne-initiation-a-la-course-dorientation-pedestre-pour-les-vetetistes-de-lecov\/#breadcrumb","itemListElement":[{"@type":"ListItem","position":1,"name":"Accueil","item":"https:\/\/newsestlyonnais.fr\/site\/"},{"@type":"ListItem","position":2,"name":"VILLEURBANNE | Initiation \u00e0 la course d&rsquo;orientation p\u00e9destre pour les v\u00e9t\u00e9tistes de l&rsquo;ECOV"}]},{"@type":"WebSite","@id":"https:\/\/newsestlyonnais.fr\/site\/#website","url":"https:\/\/newsestlyonnais.fr\/site\/","name":"News Est Lyonnais","description":"L&#039;actualit\u00e9 au plus pr\u00e8s","publisher":{"@id":"https:\/\/newsestlyonnais.fr\/site\/#organization"},"potentialAction":[{"@type":"SearchAction","target":{"@type":"EntryPoint","urlTemplate":"https:\/\/newsestlyonnais.fr\/site\/?s={search_term_string}"},"query-input":{"@type":"PropertyValueSpecification","valueRequired":true,"valueName":"search_term_string"}}],"inLanguage":"fr-FR"},{"@type":"Organization","@id":"https:\/\/newsestlyonnais.fr\/site\/#organization","name":"News EST LYONNAIS","url":"https:\/\/newsestlyonnais.fr\/site\/","logo":{"@type":"ImageObject","inLanguage":"fr-FR","@id":"https:\/\/newsestlyonnais.fr\/site\/#\/schema\/logo\/image\/","url":"","contentUrl":"","caption":"News EST LYONNAIS"},"image":{"@id":"https:\/\/newsestlyonnais.fr\/site\/#\/schema\/logo\/image\/"}},{"@type":"Person","@id":"https:\/\/newsestlyonnais.fr\/site\/#\/schema\/person\/3230d5615f390bb808365d673001e887","name":"R\u00e9dac. NEWS","sameAs":["http:\/\/www.newsestlyonnais.fr","https:\/\/www.facebook.com\/pascal.oberson.1?fref=ts","https:\/\/fr.linkedin.com\/in\/pascal-oberson-b17045113"],"url":"https:\/\/newsestlyonnais.fr\/site\/author\/nel\/"}]}},"_links":{"self":[{"href":"https:\/\/newsestlyonnais.fr\/site\/wp-json\/wp\/v2\/posts\/30455","targetHints":{"allow":["GET"]}}],"collection":[{"href":"https:\/\/newsestlyonnais.fr\/site\/wp-json\/wp\/v2\/posts"}],"about":[{"href":"https:\/\/newsestlyonnais.fr\/site\/wp-json\/wp\/v2\/types\/post"}],"author":[{"embeddable":true,"href":"https:\/\/newsestlyonnais.fr\/site\/wp-json\/wp\/v2\/users\/4"}],"replies":[{"embeddable":true,"href":"https:\/\/newsestlyonnais.fr\/site\/wp-json\/wp\/v2\/comments?post=30455"}],"version-history":[{"count":0,"href":"https:\/\/newsestlyonnais.fr\/site\/wp-json\/wp\/v2\/posts\/30455\/revisions"}],"wp:featuredmedia":[{"embeddable":true,"href":"https:\/\/newsestlyonnais.fr\/site\/wp-json\/wp\/v2\/media\/30458"}],"wp:attachment":[{"href":"https:\/\/newsestlyonnais.fr\/site\/wp-json\/wp\/v2\/media?parent=30455"}],"wp:term":[{"taxonomy":"category","embeddable":true,"href":"https:\/\/newsestlyonnais.fr\/site\/wp-json\/wp\/v2\/categories?post=30455"},{"taxonomy":"post_tag","embeddable":true,"href":"https:\/\/newsestlyonnais.fr\/site\/wp-json\/wp\/v2\/tags?post=30455"}],"curies":[{"name":"wp","href":"https:\/\/api.w.org\/{rel}","templated":true}]}}