{"id":30498,"date":"2017-06-27T06:27:14","date_gmt":"2017-06-27T05:27:14","guid":{"rendered":"http:\/\/newsestlyonnais.fr\/site\/?p=30498"},"modified":"2020-11-01T08:59:50","modified_gmt":"2020-11-01T07:59:50","slug":"vaulx-en-velin-2-membres-du-club-de-voile-bien-classes-a-la-regate-radio-commandee-de-sciez","status":"publish","type":"post","link":"https:\/\/newsestlyonnais.fr\/site\/2017\/06\/27\/vaulx-en-velin-2-membres-du-club-de-voile-bien-classes-a-la-regate-radio-commandee-de-sciez\/","title":{"rendered":"VAULX-EN-VELIN | 2 membres du club de voile bien class\u00e9s \u00e0 la r\u00e9gate radio command\u00e9e de Sciez"},"content":{"rendered":"<h4>Deux membres de la section voile de la MJC (voile radio command\u00e9e), Yvan Sanchez et Marc Frati se sont d\u00e9plac\u00e9s dimanche 18 juin sur les berges du lac L\u00e9man pour une r\u00e9gate organis\u00e9e par la base nautique de Sciez (Haute Savoie).<\/h4>\n<p>A l&rsquo;issue des cinq courses organis\u00e9es, Yvan termine 3\u00b0 au g\u00e9n\u00e9ral et Marc 5\u00b0, encadrant l\u2019ami Michel Borel, du CV Bourg en Bresse qui s\u2019entraine r\u00e9guli\u00e8rement avec eux au centre de formation des Saloniques.<\/p>\n<p>Ils ont fait une forte impression aupr\u00e8s des organisateurs par leur implication.<\/p>\n","protected":false},"excerpt":{"rendered":"<p>Deux membres de la section voile de la MJC (voile radio command\u00e9e), Yvan Sanchez et Marc Frati se sont d\u00e9plac\u00e9s dimanche 18 juin sur les berges du lac L\u00e9man pour une r\u00e9gate organis\u00e9e par la base nautique de Sciez (Haute Savoie). A l&rsquo;issue des cinq courses organis\u00e9es, Yvan termine 3\u00b0 au g\u00e9n\u00e9ral et Marc 5\u00b0, [&hellip;]<\/p>\n","protected":false},"author":4,"featured_media":30501,"comment_status":"open","ping_status":"open","sticky":false,"template":"","format":"standard","meta":{"footnotes":""},"categories":[2973,28,1349],"tags":[],"class_list":["post-30498","post","type-post","status-publish","format-standard","has-post-thumbnail","hentry","category-aviron-kayak-voile-sports","category-vaulx-en-velin","category-voile"],"yoast_head":"<!-- This site is optimized with the Yoast SEO plugin v27.2 - https:\/\/yoast.com\/product\/yoast-seo-wordpress\/ -->\n<title>VAULX-EN-VELIN | 2 membres du club de voile bien class\u00e9s \u00e0 la r\u00e9gate radio command\u00e9e de Sciez - News Est Lyonnais<\/title>\n<meta name=\"description\" content=\"VAULX EN VELIN: 2 membres du club de voile bien class\u00e9s \u00e0 la r\u00e9gate radio command\u00e9e de Sciez. organis\u00e9e par la base nautique de Sciez\" \/>\n<meta name=\"robots\" content=\"index, follow, max-snippet:-1, max-image-preview:large, max-video-preview:-1\" \/>\n<link rel=\"canonical\" href=\"https:\/\/newsestlyonnais.fr\/site\/2017\/06\/27\/vaulx-en-velin-2-membres-du-club-de-voile-bien-classes-a-la-regate-radio-commandee-de-sciez\/\" \/>\n<meta property=\"og:locale\" content=\"fr_FR\" \/>\n<meta property=\"og:type\" content=\"article\" \/>\n<meta property=\"og:title\" content=\"VAULX-EN-VELIN | 2 membres du club de voile bien class\u00e9s \u00e0 la r\u00e9gate radio command\u00e9e de Sciez - News Est Lyonnais\" \/>\n<meta property=\"og:description\" content=\"VAULX EN VELIN: 2 membres du club de voile bien class\u00e9s \u00e0 la r\u00e9gate radio command\u00e9e de Sciez. organis\u00e9e par la base nautique de Sciez\" \/>\n<meta property=\"og:url\" content=\"https:\/\/newsestlyonnais.fr\/site\/2017\/06\/27\/vaulx-en-velin-2-membres-du-club-de-voile-bien-classes-a-la-regate-radio-commandee-de-sciez\/\" \/>\n<meta property=\"og:site_name\" content=\"News Est Lyonnais\" \/>\n<meta property=\"article:author\" content=\"https:\/\/www.facebook.com\/pascal.oberson.1?fref=ts\" \/>\n<meta property=\"article:published_time\" content=\"2017-06-27T05:27:14+00:00\" \/>\n<meta property=\"article:modified_time\" content=\"2020-11-01T07:59:50+00:00\" \/>\n<meta property=\"og:image\" content=\"https:\/\/i1.wp.com\/newsestlyonnais.fr\/site\/wp-content\/uploads\/2017\/06\/NEWSESTLYONNAIS-REGATE-VOILE.jpg?fit=1000%2C750&ssl=1\" \/>\n\t<meta property=\"og:image:width\" content=\"1000\" \/>\n\t<meta property=\"og:image:height\" content=\"750\" \/>\n\t<meta property=\"og:image:type\" content=\"image\/jpeg\" \/>\n<meta name=\"author\" content=\"R\u00e9dac. NEWS\" \/>\n<meta name=\"twitter:card\" content=\"summary_large_image\" \/>\n<meta name=\"twitter:label1\" content=\"\u00c9crit par\" \/>\n\t<meta name=\"twitter:data1\" content=\"R\u00e9dac. NEWS\" \/>\n<script type=\"application\/ld+json\" class=\"yoast-schema-graph\">{\"@context\":\"https:\/\/schema.org\",\"@graph\":[{\"@type\":\"Article\",\"@id\":\"https:\/\/newsestlyonnais.fr\/site\/2017\/06\/27\/vaulx-en-velin-2-membres-du-club-de-voile-bien-classes-a-la-regate-radio-commandee-de-sciez\/#article\",\"isPartOf\":{\"@id\":\"https:\/\/newsestlyonnais.fr\/site\/2017\/06\/27\/vaulx-en-velin-2-membres-du-club-de-voile-bien-classes-a-la-regate-radio-commandee-de-sciez\/\"},\"author\":{\"name\":\"R\u00e9dac. NEWS\",\"@id\":\"https:\/\/newsestlyonnais.fr\/site\/#\/schema\/person\/3230d5615f390bb808365d673001e887\"},\"headline\":\"VAULX-EN-VELIN | 2 membres du club de voile bien class\u00e9s \u00e0 la r\u00e9gate radio command\u00e9e de Sciez\",\"datePublished\":\"2017-06-27T05:27:14+00:00\",\"dateModified\":\"2020-11-01T07:59:50+00:00\",\"mainEntityOfPage\":{\"@id\":\"https:\/\/newsestlyonnais.fr\/site\/2017\/06\/27\/vaulx-en-velin-2-membres-du-club-de-voile-bien-classes-a-la-regate-radio-commandee-de-sciez\/\"},\"wordCount\":116,\"commentCount\":0,\"publisher\":{\"@id\":\"https:\/\/newsestlyonnais.fr\/site\/#organization\"},\"image\":{\"@id\":\"https:\/\/newsestlyonnais.fr\/site\/2017\/06\/27\/vaulx-en-velin-2-membres-du-club-de-voile-bien-classes-a-la-regate-radio-commandee-de-sciez\/#primaryimage\"},\"thumbnailUrl\":\"https:\/\/newsestlyonnais.fr\/site\/wp-content\/uploads\/2017\/06\/NEWSESTLYONNAIS-REGATE-VOILE.jpg\",\"articleSection\":[\"Aviron | Kayak | Voile\",\"Vaulx-en-Velin\",\"Voile\"],\"inLanguage\":\"fr-FR\",\"potentialAction\":[{\"@type\":\"CommentAction\",\"name\":\"Comment\",\"target\":[\"https:\/\/newsestlyonnais.fr\/site\/2017\/06\/27\/vaulx-en-velin-2-membres-du-club-de-voile-bien-classes-a-la-regate-radio-commandee-de-sciez\/#respond\"]}]},{\"@type\":\"WebPage\",\"@id\":\"https:\/\/newsestlyonnais.fr\/site\/2017\/06\/27\/vaulx-en-velin-2-membres-du-club-de-voile-bien-classes-a-la-regate-radio-commandee-de-sciez\/\",\"url\":\"https:\/\/newsestlyonnais.fr\/site\/2017\/06\/27\/vaulx-en-velin-2-membres-du-club-de-voile-bien-classes-a-la-regate-radio-commandee-de-sciez\/\",\"name\":\"VAULX-EN-VELIN | 2 membres du club de voile bien class\u00e9s \u00e0 la r\u00e9gate radio command\u00e9e de Sciez - News Est Lyonnais\",\"isPartOf\":{\"@id\":\"https:\/\/newsestlyonnais.fr\/site\/#website\"},\"primaryImageOfPage\":{\"@id\":\"https:\/\/newsestlyonnais.fr\/site\/2017\/06\/27\/vaulx-en-velin-2-membres-du-club-de-voile-bien-classes-a-la-regate-radio-commandee-de-sciez\/#primaryimage\"},\"image\":{\"@id\":\"https:\/\/newsestlyonnais.fr\/site\/2017\/06\/27\/vaulx-en-velin-2-membres-du-club-de-voile-bien-classes-a-la-regate-radio-commandee-de-sciez\/#primaryimage\"},\"thumbnailUrl\":\"https:\/\/newsestlyonnais.fr\/site\/wp-content\/uploads\/2017\/06\/NEWSESTLYONNAIS-REGATE-VOILE.jpg\",\"datePublished\":\"2017-06-27T05:27:14+00:00\",\"dateModified\":\"2020-11-01T07:59:50+00:00\",\"description\":\"VAULX EN VELIN: 2 membres du club de voile bien class\u00e9s \u00e0 la r\u00e9gate radio command\u00e9e de Sciez. organis\u00e9e par la base nautique de Sciez\",\"breadcrumb\":{\"@id\":\"https:\/\/newsestlyonnais.fr\/site\/2017\/06\/27\/vaulx-en-velin-2-membres-du-club-de-voile-bien-classes-a-la-regate-radio-commandee-de-sciez\/#breadcrumb\"},\"inLanguage\":\"fr-FR\",\"potentialAction\":[{\"@type\":\"ReadAction\",\"target\":[\"https:\/\/newsestlyonnais.fr\/site\/2017\/06\/27\/vaulx-en-velin-2-membres-du-club-de-voile-bien-classes-a-la-regate-radio-commandee-de-sciez\/\"]}]},{\"@type\":\"ImageObject\",\"inLanguage\":\"fr-FR\",\"@id\":\"https:\/\/newsestlyonnais.fr\/site\/2017\/06\/27\/vaulx-en-velin-2-membres-du-club-de-voile-bien-classes-a-la-regate-radio-commandee-de-sciez\/#primaryimage\",\"url\":\"https:\/\/newsestlyonnais.fr\/site\/wp-content\/uploads\/2017\/06\/NEWSESTLYONNAIS-REGATE-VOILE.jpg\",\"contentUrl\":\"https:\/\/newsestlyonnais.fr\/site\/wp-content\/uploads\/2017\/06\/NEWSESTLYONNAIS-REGATE-VOILE.jpg\",\"width\":1000,\"height\":750,\"caption\":\"NEWSESTLYONNAIS - REGATE VOILE\"},{\"@type\":\"BreadcrumbList\",\"@id\":\"https:\/\/newsestlyonnais.fr\/site\/2017\/06\/27\/vaulx-en-velin-2-membres-du-club-de-voile-bien-classes-a-la-regate-radio-commandee-de-sciez\/#breadcrumb\",\"itemListElement\":[{\"@type\":\"ListItem\",\"position\":1,\"name\":\"Accueil\",\"item\":\"https:\/\/newsestlyonnais.fr\/site\/\"},{\"@type\":\"ListItem\",\"position\":2,\"name\":\"VAULX-EN-VELIN | 2 membres du club de voile bien class\u00e9s \u00e0 la r\u00e9gate radio command\u00e9e de Sciez\"}]},{\"@type\":\"WebSite\",\"@id\":\"https:\/\/newsestlyonnais.fr\/site\/#website\",\"url\":\"https:\/\/newsestlyonnais.fr\/site\/\",\"name\":\"News Est Lyonnais\",\"description\":\"L&#039;actualit\u00e9 au plus pr\u00e8s\",\"publisher\":{\"@id\":\"https:\/\/newsestlyonnais.fr\/site\/#organization\"},\"potentialAction\":[{\"@type\":\"SearchAction\",\"target\":{\"@type\":\"EntryPoint\",\"urlTemplate\":\"https:\/\/newsestlyonnais.fr\/site\/?s={search_term_string}\"},\"query-input\":{\"@type\":\"PropertyValueSpecification\",\"valueRequired\":true,\"valueName\":\"search_term_string\"}}],\"inLanguage\":\"fr-FR\"},{\"@type\":\"Organization\",\"@id\":\"https:\/\/newsestlyonnais.fr\/site\/#organization\",\"name\":\"News EST LYONNAIS\",\"url\":\"https:\/\/newsestlyonnais.fr\/site\/\",\"logo\":{\"@type\":\"ImageObject\",\"inLanguage\":\"fr-FR\",\"@id\":\"https:\/\/newsestlyonnais.fr\/site\/#\/schema\/logo\/image\/\",\"url\":\"\",\"contentUrl\":\"\",\"caption\":\"News EST LYONNAIS\"},\"image\":{\"@id\":\"https:\/\/newsestlyonnais.fr\/site\/#\/schema\/logo\/image\/\"}},{\"@type\":\"Person\",\"@id\":\"https:\/\/newsestlyonnais.fr\/site\/#\/schema\/person\/3230d5615f390bb808365d673001e887\",\"name\":\"R\u00e9dac. NEWS\",\"sameAs\":[\"http:\/\/www.newsestlyonnais.fr\",\"https:\/\/www.facebook.com\/pascal.oberson.1?fref=ts\",\"https:\/\/fr.linkedin.com\/in\/pascal-oberson-b17045113\"],\"url\":\"https:\/\/newsestlyonnais.fr\/site\/author\/nel\/\"}]}<\/script>\n<!-- \/ Yoast SEO plugin. -->","yoast_head_json":{"title":"VAULX-EN-VELIN | 2 membres du club de voile bien class\u00e9s \u00e0 la r\u00e9gate radio command\u00e9e de Sciez - News Est Lyonnais","description":"VAULX EN VELIN: 2 membres du club de voile bien class\u00e9s \u00e0 la r\u00e9gate radio command\u00e9e de Sciez. organis\u00e9e par la base nautique de Sciez","robots":{"index":"index","follow":"follow","max-snippet":"max-snippet:-1","max-image-preview":"max-image-preview:large","max-video-preview":"max-video-preview:-1"},"canonical":"https:\/\/newsestlyonnais.fr\/site\/2017\/06\/27\/vaulx-en-velin-2-membres-du-club-de-voile-bien-classes-a-la-regate-radio-commandee-de-sciez\/","og_locale":"fr_FR","og_type":"article","og_title":"VAULX-EN-VELIN | 2 membres du club de voile bien class\u00e9s \u00e0 la r\u00e9gate radio command\u00e9e de Sciez - News Est Lyonnais","og_description":"VAULX EN VELIN: 2 membres du club de voile bien class\u00e9s \u00e0 la r\u00e9gate radio command\u00e9e de Sciez. organis\u00e9e par la base nautique de Sciez","og_url":"https:\/\/newsestlyonnais.fr\/site\/2017\/06\/27\/vaulx-en-velin-2-membres-du-club-de-voile-bien-classes-a-la-regate-radio-commandee-de-sciez\/","og_site_name":"News Est Lyonnais","article_author":"https:\/\/www.facebook.com\/pascal.oberson.1?fref=ts","article_published_time":"2017-06-27T05:27:14+00:00","article_modified_time":"2020-11-01T07:59:50+00:00","og_image":[{"width":1000,"height":750,"url":"https:\/\/i1.wp.com\/newsestlyonnais.fr\/site\/wp-content\/uploads\/2017\/06\/NEWSESTLYONNAIS-REGATE-VOILE.jpg?fit=1000%2C750&ssl=1","type":"image\/jpeg"}],"author":"R\u00e9dac. NEWS","twitter_card":"summary_large_image","twitter_misc":{"\u00c9crit par":"R\u00e9dac. NEWS"},"schema":{"@context":"https:\/\/schema.org","@graph":[{"@type":"Article","@id":"https:\/\/newsestlyonnais.fr\/site\/2017\/06\/27\/vaulx-en-velin-2-membres-du-club-de-voile-bien-classes-a-la-regate-radio-commandee-de-sciez\/#article","isPartOf":{"@id":"https:\/\/newsestlyonnais.fr\/site\/2017\/06\/27\/vaulx-en-velin-2-membres-du-club-de-voile-bien-classes-a-la-regate-radio-commandee-de-sciez\/"},"author":{"name":"R\u00e9dac. NEWS","@id":"https:\/\/newsestlyonnais.fr\/site\/#\/schema\/person\/3230d5615f390bb808365d673001e887"},"headline":"VAULX-EN-VELIN | 2 membres du club de voile bien class\u00e9s \u00e0 la r\u00e9gate radio command\u00e9e de Sciez","datePublished":"2017-06-27T05:27:14+00:00","dateModified":"2020-11-01T07:59:50+00:00","mainEntityOfPage":{"@id":"https:\/\/newsestlyonnais.fr\/site\/2017\/06\/27\/vaulx-en-velin-2-membres-du-club-de-voile-bien-classes-a-la-regate-radio-commandee-de-sciez\/"},"wordCount":116,"commentCount":0,"publisher":{"@id":"https:\/\/newsestlyonnais.fr\/site\/#organization"},"image":{"@id":"https:\/\/newsestlyonnais.fr\/site\/2017\/06\/27\/vaulx-en-velin-2-membres-du-club-de-voile-bien-classes-a-la-regate-radio-commandee-de-sciez\/#primaryimage"},"thumbnailUrl":"https:\/\/newsestlyonnais.fr\/site\/wp-content\/uploads\/2017\/06\/NEWSESTLYONNAIS-REGATE-VOILE.jpg","articleSection":["Aviron | Kayak | Voile","Vaulx-en-Velin","Voile"],"inLanguage":"fr-FR","potentialAction":[{"@type":"CommentAction","name":"Comment","target":["https:\/\/newsestlyonnais.fr\/site\/2017\/06\/27\/vaulx-en-velin-2-membres-du-club-de-voile-bien-classes-a-la-regate-radio-commandee-de-sciez\/#respond"]}]},{"@type":"WebPage","@id":"https:\/\/newsestlyonnais.fr\/site\/2017\/06\/27\/vaulx-en-velin-2-membres-du-club-de-voile-bien-classes-a-la-regate-radio-commandee-de-sciez\/","url":"https:\/\/newsestlyonnais.fr\/site\/2017\/06\/27\/vaulx-en-velin-2-membres-du-club-de-voile-bien-classes-a-la-regate-radio-commandee-de-sciez\/","name":"VAULX-EN-VELIN | 2 membres du club de voile bien class\u00e9s \u00e0 la r\u00e9gate radio command\u00e9e de Sciez - News Est Lyonnais","isPartOf":{"@id":"https:\/\/newsestlyonnais.fr\/site\/#website"},"primaryImageOfPage":{"@id":"https:\/\/newsestlyonnais.fr\/site\/2017\/06\/27\/vaulx-en-velin-2-membres-du-club-de-voile-bien-classes-a-la-regate-radio-commandee-de-sciez\/#primaryimage"},"image":{"@id":"https:\/\/newsestlyonnais.fr\/site\/2017\/06\/27\/vaulx-en-velin-2-membres-du-club-de-voile-bien-classes-a-la-regate-radio-commandee-de-sciez\/#primaryimage"},"thumbnailUrl":"https:\/\/newsestlyonnais.fr\/site\/wp-content\/uploads\/2017\/06\/NEWSESTLYONNAIS-REGATE-VOILE.jpg","datePublished":"2017-06-27T05:27:14+00:00","dateModified":"2020-11-01T07:59:50+00:00","description":"VAULX EN VELIN: 2 membres du club de voile bien class\u00e9s \u00e0 la r\u00e9gate radio command\u00e9e de Sciez. organis\u00e9e par la base nautique de Sciez","breadcrumb":{"@id":"https:\/\/newsestlyonnais.fr\/site\/2017\/06\/27\/vaulx-en-velin-2-membres-du-club-de-voile-bien-classes-a-la-regate-radio-commandee-de-sciez\/#breadcrumb"},"inLanguage":"fr-FR","potentialAction":[{"@type":"ReadAction","target":["https:\/\/newsestlyonnais.fr\/site\/2017\/06\/27\/vaulx-en-velin-2-membres-du-club-de-voile-bien-classes-a-la-regate-radio-commandee-de-sciez\/"]}]},{"@type":"ImageObject","inLanguage":"fr-FR","@id":"https:\/\/newsestlyonnais.fr\/site\/2017\/06\/27\/vaulx-en-velin-2-membres-du-club-de-voile-bien-classes-a-la-regate-radio-commandee-de-sciez\/#primaryimage","url":"https:\/\/newsestlyonnais.fr\/site\/wp-content\/uploads\/2017\/06\/NEWSESTLYONNAIS-REGATE-VOILE.jpg","contentUrl":"https:\/\/newsestlyonnais.fr\/site\/wp-content\/uploads\/2017\/06\/NEWSESTLYONNAIS-REGATE-VOILE.jpg","width":1000,"height":750,"caption":"NEWSESTLYONNAIS - REGATE VOILE"},{"@type":"BreadcrumbList","@id":"https:\/\/newsestlyonnais.fr\/site\/2017\/06\/27\/vaulx-en-velin-2-membres-du-club-de-voile-bien-classes-a-la-regate-radio-commandee-de-sciez\/#breadcrumb","itemListElement":[{"@type":"ListItem","position":1,"name":"Accueil","item":"https:\/\/newsestlyonnais.fr\/site\/"},{"@type":"ListItem","position":2,"name":"VAULX-EN-VELIN | 2 membres du club de voile bien class\u00e9s \u00e0 la r\u00e9gate radio command\u00e9e de Sciez"}]},{"@type":"WebSite","@id":"https:\/\/newsestlyonnais.fr\/site\/#website","url":"https:\/\/newsestlyonnais.fr\/site\/","name":"News Est Lyonnais","description":"L&#039;actualit\u00e9 au plus pr\u00e8s","publisher":{"@id":"https:\/\/newsestlyonnais.fr\/site\/#organization"},"potentialAction":[{"@type":"SearchAction","target":{"@type":"EntryPoint","urlTemplate":"https:\/\/newsestlyonnais.fr\/site\/?s={search_term_string}"},"query-input":{"@type":"PropertyValueSpecification","valueRequired":true,"valueName":"search_term_string"}}],"inLanguage":"fr-FR"},{"@type":"Organization","@id":"https:\/\/newsestlyonnais.fr\/site\/#organization","name":"News EST LYONNAIS","url":"https:\/\/newsestlyonnais.fr\/site\/","logo":{"@type":"ImageObject","inLanguage":"fr-FR","@id":"https:\/\/newsestlyonnais.fr\/site\/#\/schema\/logo\/image\/","url":"","contentUrl":"","caption":"News EST LYONNAIS"},"image":{"@id":"https:\/\/newsestlyonnais.fr\/site\/#\/schema\/logo\/image\/"}},{"@type":"Person","@id":"https:\/\/newsestlyonnais.fr\/site\/#\/schema\/person\/3230d5615f390bb808365d673001e887","name":"R\u00e9dac. NEWS","sameAs":["http:\/\/www.newsestlyonnais.fr","https:\/\/www.facebook.com\/pascal.oberson.1?fref=ts","https:\/\/fr.linkedin.com\/in\/pascal-oberson-b17045113"],"url":"https:\/\/newsestlyonnais.fr\/site\/author\/nel\/"}]}},"_links":{"self":[{"href":"https:\/\/newsestlyonnais.fr\/site\/wp-json\/wp\/v2\/posts\/30498","targetHints":{"allow":["GET"]}}],"collection":[{"href":"https:\/\/newsestlyonnais.fr\/site\/wp-json\/wp\/v2\/posts"}],"about":[{"href":"https:\/\/newsestlyonnais.fr\/site\/wp-json\/wp\/v2\/types\/post"}],"author":[{"embeddable":true,"href":"https:\/\/newsestlyonnais.fr\/site\/wp-json\/wp\/v2\/users\/4"}],"replies":[{"embeddable":true,"href":"https:\/\/newsestlyonnais.fr\/site\/wp-json\/wp\/v2\/comments?post=30498"}],"version-history":[{"count":0,"href":"https:\/\/newsestlyonnais.fr\/site\/wp-json\/wp\/v2\/posts\/30498\/revisions"}],"wp:featuredmedia":[{"embeddable":true,"href":"https:\/\/newsestlyonnais.fr\/site\/wp-json\/wp\/v2\/media\/30501"}],"wp:attachment":[{"href":"https:\/\/newsestlyonnais.fr\/site\/wp-json\/wp\/v2\/media?parent=30498"}],"wp:term":[{"taxonomy":"category","embeddable":true,"href":"https:\/\/newsestlyonnais.fr\/site\/wp-json\/wp\/v2\/categories?post=30498"},{"taxonomy":"post_tag","embeddable":true,"href":"https:\/\/newsestlyonnais.fr\/site\/wp-json\/wp\/v2\/tags?post=30498"}],"curies":[{"name":"wp","href":"https:\/\/api.w.org\/{rel}","templated":true}]}}