{"id":30503,"date":"2017-06-27T07:47:46","date_gmt":"2017-06-27T06:47:46","guid":{"rendered":"http:\/\/newsestlyonnais.fr\/site\/?p=30503"},"modified":"2020-11-09T06:12:58","modified_gmt":"2020-11-09T05:12:58","slug":"genas-esga-ping-tournoi-regional-et-nouveau-president","status":"publish","type":"post","link":"https:\/\/newsestlyonnais.fr\/site\/2017\/06\/27\/genas-esga-ping-tournoi-regional-et-nouveau-president\/","title":{"rendered":"GENAS | ESGA Ping > tournoi r\u00e9gional et nouveau pr\u00e9sident"},"content":{"rendered":"<h4>Lors de ce dernier dimanche de juin, l&rsquo;ESGA Ping, le club <span class=\"smallhead\">de tennis de table de Genas-Azieu organisait son 4\u00b0 tournoi r\u00e9gional au complexe Marcel Gonzales.<br \/>\n<\/span><\/h4>\n<p>Une centaine de joueurs ont particip\u00e9 \u00e0 cette comp\u00e9tition qui se disputait en simples dans 8 tableaux et qui s&rsquo;est d\u00e9roul\u00e9 sur les 20 tables install\u00e9es sur deux sites (salle Jacques Anquetil et salle de tennis de table).<\/p>\n<p>Un tournoi officiel qui permettait aux joueurs de chercher la gagne mais aussi de prendre des points pour leur classement personnel.<\/p>\n<p><span style=\"text-decoration: underline\"><strong><em>Les r\u00e9sultats de ce tournoi dans les 8 tableaux<\/em><\/strong><\/span>:<\/p>\n<ul>\n<li>800 :\u00a0\u00a0 <strong>Alix Peynaud<\/strong> (ES Genas) bat Fantin Melmoux (ES Genas)<\/li>\n<li>1000 : <strong>Quentin Genevey<\/strong> (Sassenage) bat Fantin Melmoux (ES Genas)<\/li>\n<li>1200 :\u00a0<strong> Evan Leotot<\/strong> (TT St Jeannais) bat Yannick Lutic (St Denis Les Bourg)<\/li>\n<li>1400 : <strong>Christophe Thierry<\/strong> (E FV TT) bat Thomas Legrand (AJ La Boisse)<\/li>\n<li>1600 : <strong>Bastien Charreyton<\/strong> (TT Champagne) bat Alexy Durand (Val d&rsquo;Ozon)<\/li>\n<li>1800 :\u00a0 <strong>Sami El Manaa<\/strong> (CS Charcot) bat G\u00e9rald Wallemme (ES Genas)<\/li>\n<li>Toutes s\u00e9ries : <strong>Temitayo Aremu<\/strong> (St Egr\u00e8ve) bat Valerian Cece (AUVR Rillieux)<\/li>\n<li>Handicap : <strong>Valentin Borel <\/strong>(Val d&rsquo;Ozon) bat Quentin Genevey (Sassenage)<\/li>\n<\/ul>\n<p>____________________________________________________________________________<\/p>\n<p><span style=\"text-decoration: underline\"><em><strong>NOTA<\/strong> <\/em><\/span>: Cette belle organisation concluant une belle saison sportive tant individuellement que par \u00e9quipes, pour un club qui d\u00e9nombrait<strong> 95 licenci\u00e9s<\/strong> pour cet exercice 2016\/2017. A noter que depuis mai dernier, c&rsquo;est <strong>C\u00e9dric Scappaticci<\/strong>, secr\u00e9taire et joueur de la section qui a succ\u00e9d\u00e9 \u00e0 la pr\u00e9sidence \u00e0 Pascal Castano, en place depuis 3 ans.<\/p>\n<p>Retrouvez l&rsquo;ACTU du club sur: <a href=\"http:\/\/www.esga-ping.fr\" target=\"_blank\" rel=\"noopener noreferrer\">http:\/\/www.esga-ping.fr<\/a><\/p>\n<div id='gallery-1' class='gallery galleryid-30503 gallery-columns-3 gallery-size-thumbnail'><figure class='gallery-item'>\n\t\t\t<div class='gallery-icon landscape'>\n\t\t\t\t<a href='https:\/\/newsestlyonnais.fr\/site\/2017\/06\/21\/genas-les-evenements-a-fin-juin\/newsestlyonnais-tournoi-2017-t\/'><img loading=\"lazy\" decoding=\"async\" width=\"150\" height=\"150\" src=\"https:\/\/newsestlyonnais.fr\/site\/wp-content\/uploads\/2017\/06\/NEWSESTLYONNAIS-Tournoi-2017-T-150x150.jpg\" class=\"attachment-thumbnail size-thumbnail\" alt=\"NEWSESTLYONNAIS Tournoi-2017-T\" aria-describedby=\"gallery-1-29240\" \/><\/a>\n\t\t\t<\/div>\n\t\t\t\t<figcaption class='wp-caption-text gallery-caption' id='gallery-1-29240'>\n\t\t\t\t L&rsquo;affiche du tournoi \n\t\t\t\t<\/figcaption><\/figure><figure class='gallery-item'>\n\t\t\t<div class='gallery-icon landscape'>\n\t\t\t\t<a href='https:\/\/newsestlyonnais.fr\/site\/2017\/06\/27\/genas-esga-ping-tournoi-regional-et-nouveau-president\/newsestlyonnais-coupes-regio\/'><img loading=\"lazy\" decoding=\"async\" width=\"150\" height=\"150\" src=\"https:\/\/newsestlyonnais.fr\/site\/wp-content\/uploads\/2017\/06\/NEWSESTLYONNAIS-COUPES-REGIO--150x150.jpg\" class=\"attachment-thumbnail size-thumbnail\" alt=\"NEWSESTLYONNAIS COUPES REGIO\" aria-describedby=\"gallery-1-30528\" \/><\/a>\n\t\t\t<\/div>\n\t\t\t\t<figcaption class='wp-caption-text gallery-caption' id='gallery-1-30528'>\n\t\t\t\tUn tournoi disput\u00e9 en 8 tableaux  \n\t\t\t\t<\/figcaption><\/figure><figure class='gallery-item'>\n\t\t\t<div class='gallery-icon landscape'>\n\t\t\t\t<a href='https:\/\/newsestlyonnais.fr\/site\/2017\/06\/27\/genas-esga-ping-tournoi-regional-et-nouveau-president\/newsestlyonnais-tour-esga-ping\/'><img loading=\"lazy\" decoding=\"async\" width=\"150\" height=\"150\" src=\"https:\/\/newsestlyonnais.fr\/site\/wp-content\/uploads\/2017\/06\/NEWSESTLYONNAIS-TOUR-ESGA-PING-150x150.jpg\" class=\"attachment-thumbnail size-thumbnail\" alt=\"NEWSESTLYONNAIS TOUR ESGA PING\" \/><\/a>\n\t\t\t<\/div><\/figure><figure class='gallery-item'>\n\t\t\t<div class='gallery-icon landscape'>\n\t\t\t\t<a href='https:\/\/newsestlyonnais.fr\/site\/2017\/06\/27\/genas-esga-ping-tournoi-regional-et-nouveau-president\/newsestlyonnais-jeunes-esga-ping\/'><img loading=\"lazy\" decoding=\"async\" width=\"150\" height=\"150\" src=\"https:\/\/newsestlyonnais.fr\/site\/wp-content\/uploads\/2017\/06\/NEWSESTLYONNAIS-JEUNES-ESGA-PING-150x150.jpg\" class=\"attachment-thumbnail size-thumbnail\" alt=\"NEWSESTLYONNAIS - JEUNES ESGA PING\" aria-describedby=\"gallery-1-30530\" \/><\/a>\n\t\t\t<\/div>\n\t\t\t\t<figcaption class='wp-caption-text gallery-caption' id='gallery-1-30530'>\n\t\t\t\t2 jeunes genassiens se sont affront\u00e9s en finale du tableau &#8211; 800 \n\t\t\t\t<\/figcaption><\/figure><figure class='gallery-item'>\n\t\t\t<div class='gallery-icon landscape'>\n\t\t\t\t<a href='https:\/\/newsestlyonnais.fr\/site\/2017\/06\/27\/genas-esga-ping-tournoi-regional-et-nouveau-president\/newsestlyonnais-nouv-pt-esga-ping\/'><img loading=\"lazy\" decoding=\"async\" width=\"150\" height=\"150\" src=\"https:\/\/newsestlyonnais.fr\/site\/wp-content\/uploads\/2017\/06\/NEWSESTLYONNAIS-NOUV-PT-ESGA-PING-150x150.jpg\" class=\"attachment-thumbnail size-thumbnail\" alt=\"NEWSESTLYONNAIS NOUV PT ESGA PING\" aria-describedby=\"gallery-1-30507\" \/><\/a>\n\t\t\t<\/div>\n\t\t\t\t<figcaption class='wp-caption-text gallery-caption' id='gallery-1-30507'>\n\t\t\t\tPascal Castano (\u00e0 gauche) a c\u00e8d\u00e9 son poste de pr\u00e9sident \u00e0 C\u00e9dric Scappaticci\n\t\t\t\t<\/figcaption><\/figure>\n\t\t<\/div>\n\n","protected":false},"excerpt":{"rendered":"<p>Lors de ce dernier dimanche de juin, l&rsquo;ESGA Ping, le club de tennis de table de Genas-Azieu organisait son 4\u00b0 tournoi r\u00e9gional au complexe Marcel Gonzales. Une centaine de joueurs ont particip\u00e9 \u00e0 cette comp\u00e9tition qui se disputait en simples dans 8 tableaux et qui s&rsquo;est d\u00e9roul\u00e9 sur les 20 tables install\u00e9es sur deux sites [&hellip;]<\/p>\n","protected":false},"author":4,"featured_media":30515,"comment_status":"open","ping_status":"open","sticky":false,"template":"","format":"standard","meta":{"footnotes":""},"categories":[270,1598,2991,2993],"tags":[],"class_list":["post-30503","post","type-post","status-publish","format-standard","has-post-thumbnail","hentry","category-cte-de-communes-c-c-e-l","category-genas","category-tennis-tennis-table-sports","category-tennis-de-table-sports"],"yoast_head":"<!-- This site is optimized with the Yoast SEO plugin v27.2 - https:\/\/yoast.com\/product\/yoast-seo-wordpress\/ -->\n<title>GENAS | ESGA Ping &gt; tournoi r\u00e9gional et nouveau pr\u00e9sident<\/title>\n<meta name=\"description\" content=\"GENAS | ESGA Ping &gt; tournoi r\u00e9gional et nouveau pr\u00e9sident\" \/>\n<meta name=\"robots\" content=\"index, follow, max-snippet:-1, max-image-preview:large, max-video-preview:-1\" \/>\n<link rel=\"canonical\" href=\"https:\/\/newsestlyonnais.fr\/site\/2017\/06\/27\/genas-esga-ping-tournoi-regional-et-nouveau-president\/\" \/>\n<meta property=\"og:locale\" content=\"fr_FR\" \/>\n<meta property=\"og:type\" content=\"article\" \/>\n<meta property=\"og:title\" content=\"GENAS | ESGA Ping &gt; tournoi r\u00e9gional et nouveau pr\u00e9sident\" \/>\n<meta property=\"og:description\" content=\"GENAS | ESGA Ping &gt; tournoi r\u00e9gional et nouveau pr\u00e9sident\" \/>\n<meta property=\"og:url\" content=\"https:\/\/newsestlyonnais.fr\/site\/2017\/06\/27\/genas-esga-ping-tournoi-regional-et-nouveau-president\/\" \/>\n<meta property=\"og:site_name\" content=\"News Est Lyonnais\" \/>\n<meta property=\"article:author\" content=\"https:\/\/www.facebook.com\/pascal.oberson.1?fref=ts\" \/>\n<meta property=\"article:published_time\" content=\"2017-06-27T06:47:46+00:00\" \/>\n<meta property=\"article:modified_time\" content=\"2020-11-09T05:12:58+00:00\" \/>\n<meta property=\"og:image\" content=\"https:\/\/i1.wp.com\/newsestlyonnais.fr\/site\/wp-content\/uploads\/2017\/06\/NEWSESTLYONNAIS-TOUR-REGIO.jpg?fit=1000%2C750&ssl=1\" \/>\n\t<meta property=\"og:image:width\" content=\"1000\" \/>\n\t<meta property=\"og:image:height\" content=\"750\" \/>\n\t<meta property=\"og:image:type\" content=\"image\/jpeg\" \/>\n<meta name=\"author\" content=\"R\u00e9dac. NEWS\" \/>\n<meta name=\"twitter:card\" content=\"summary_large_image\" \/>\n<meta name=\"twitter:label1\" content=\"\u00c9crit par\" \/>\n\t<meta name=\"twitter:data1\" content=\"R\u00e9dac. NEWS\" \/>\n\t<meta name=\"twitter:label2\" content=\"Dur\u00e9e de lecture estim\u00e9e\" \/>\n\t<meta name=\"twitter:data2\" content=\"1 minute\" \/>\n<script type=\"application\/ld+json\" class=\"yoast-schema-graph\">{\"@context\":\"https:\/\/schema.org\",\"@graph\":[{\"@type\":\"Article\",\"@id\":\"https:\/\/newsestlyonnais.fr\/site\/2017\/06\/27\/genas-esga-ping-tournoi-regional-et-nouveau-president\/#article\",\"isPartOf\":{\"@id\":\"https:\/\/newsestlyonnais.fr\/site\/2017\/06\/27\/genas-esga-ping-tournoi-regional-et-nouveau-president\/\"},\"author\":{\"name\":\"R\u00e9dac. NEWS\",\"@id\":\"https:\/\/newsestlyonnais.fr\/site\/#\/schema\/person\/3230d5615f390bb808365d673001e887\"},\"headline\":\"GENAS | ESGA Ping > tournoi r\u00e9gional et nouveau pr\u00e9sident\",\"datePublished\":\"2017-06-27T06:47:46+00:00\",\"dateModified\":\"2020-11-09T05:12:58+00:00\",\"mainEntityOfPage\":{\"@id\":\"https:\/\/newsestlyonnais.fr\/site\/2017\/06\/27\/genas-esga-ping-tournoi-regional-et-nouveau-president\/\"},\"wordCount\":260,\"commentCount\":0,\"publisher\":{\"@id\":\"https:\/\/newsestlyonnais.fr\/site\/#organization\"},\"image\":{\"@id\":\"https:\/\/newsestlyonnais.fr\/site\/2017\/06\/27\/genas-esga-ping-tournoi-regional-et-nouveau-president\/#primaryimage\"},\"thumbnailUrl\":\"https:\/\/newsestlyonnais.fr\/site\/wp-content\/uploads\/2017\/06\/NEWSESTLYONNAIS-TOUR-REGIO.jpg\",\"articleSection\":[\"CCEL | Communes\",\"Genas\",\"Tennis | Tennis de table\",\"Tennis de table\"],\"inLanguage\":\"fr-FR\",\"potentialAction\":[{\"@type\":\"CommentAction\",\"name\":\"Comment\",\"target\":[\"https:\/\/newsestlyonnais.fr\/site\/2017\/06\/27\/genas-esga-ping-tournoi-regional-et-nouveau-president\/#respond\"]}]},{\"@type\":\"WebPage\",\"@id\":\"https:\/\/newsestlyonnais.fr\/site\/2017\/06\/27\/genas-esga-ping-tournoi-regional-et-nouveau-president\/\",\"url\":\"https:\/\/newsestlyonnais.fr\/site\/2017\/06\/27\/genas-esga-ping-tournoi-regional-et-nouveau-president\/\",\"name\":\"GENAS | ESGA Ping > tournoi r\u00e9gional et nouveau pr\u00e9sident\",\"isPartOf\":{\"@id\":\"https:\/\/newsestlyonnais.fr\/site\/#website\"},\"primaryImageOfPage\":{\"@id\":\"https:\/\/newsestlyonnais.fr\/site\/2017\/06\/27\/genas-esga-ping-tournoi-regional-et-nouveau-president\/#primaryimage\"},\"image\":{\"@id\":\"https:\/\/newsestlyonnais.fr\/site\/2017\/06\/27\/genas-esga-ping-tournoi-regional-et-nouveau-president\/#primaryimage\"},\"thumbnailUrl\":\"https:\/\/newsestlyonnais.fr\/site\/wp-content\/uploads\/2017\/06\/NEWSESTLYONNAIS-TOUR-REGIO.jpg\",\"datePublished\":\"2017-06-27T06:47:46+00:00\",\"dateModified\":\"2020-11-09T05:12:58+00:00\",\"description\":\"GENAS | ESGA Ping > tournoi r\u00e9gional et nouveau pr\u00e9sident\",\"breadcrumb\":{\"@id\":\"https:\/\/newsestlyonnais.fr\/site\/2017\/06\/27\/genas-esga-ping-tournoi-regional-et-nouveau-president\/#breadcrumb\"},\"inLanguage\":\"fr-FR\",\"potentialAction\":[{\"@type\":\"ReadAction\",\"target\":[\"https:\/\/newsestlyonnais.fr\/site\/2017\/06\/27\/genas-esga-ping-tournoi-regional-et-nouveau-president\/\"]}]},{\"@type\":\"ImageObject\",\"inLanguage\":\"fr-FR\",\"@id\":\"https:\/\/newsestlyonnais.fr\/site\/2017\/06\/27\/genas-esga-ping-tournoi-regional-et-nouveau-president\/#primaryimage\",\"url\":\"https:\/\/newsestlyonnais.fr\/site\/wp-content\/uploads\/2017\/06\/NEWSESTLYONNAIS-TOUR-REGIO.jpg\",\"contentUrl\":\"https:\/\/newsestlyonnais.fr\/site\/wp-content\/uploads\/2017\/06\/NEWSESTLYONNAIS-TOUR-REGIO.jpg\",\"width\":1000,\"height\":750,\"caption\":\"NEWSESTLYONNAIS - TOUR REGIO\"},{\"@type\":\"BreadcrumbList\",\"@id\":\"https:\/\/newsestlyonnais.fr\/site\/2017\/06\/27\/genas-esga-ping-tournoi-regional-et-nouveau-president\/#breadcrumb\",\"itemListElement\":[{\"@type\":\"ListItem\",\"position\":1,\"name\":\"Accueil\",\"item\":\"https:\/\/newsestlyonnais.fr\/site\/\"},{\"@type\":\"ListItem\",\"position\":2,\"name\":\"GENAS | ESGA Ping > tournoi r\u00e9gional et nouveau pr\u00e9sident\"}]},{\"@type\":\"WebSite\",\"@id\":\"https:\/\/newsestlyonnais.fr\/site\/#website\",\"url\":\"https:\/\/newsestlyonnais.fr\/site\/\",\"name\":\"News Est Lyonnais\",\"description\":\"L&#039;actualit\u00e9 au plus pr\u00e8s\",\"publisher\":{\"@id\":\"https:\/\/newsestlyonnais.fr\/site\/#organization\"},\"potentialAction\":[{\"@type\":\"SearchAction\",\"target\":{\"@type\":\"EntryPoint\",\"urlTemplate\":\"https:\/\/newsestlyonnais.fr\/site\/?s={search_term_string}\"},\"query-input\":{\"@type\":\"PropertyValueSpecification\",\"valueRequired\":true,\"valueName\":\"search_term_string\"}}],\"inLanguage\":\"fr-FR\"},{\"@type\":\"Organization\",\"@id\":\"https:\/\/newsestlyonnais.fr\/site\/#organization\",\"name\":\"News EST LYONNAIS\",\"url\":\"https:\/\/newsestlyonnais.fr\/site\/\",\"logo\":{\"@type\":\"ImageObject\",\"inLanguage\":\"fr-FR\",\"@id\":\"https:\/\/newsestlyonnais.fr\/site\/#\/schema\/logo\/image\/\",\"url\":\"\",\"contentUrl\":\"\",\"caption\":\"News EST LYONNAIS\"},\"image\":{\"@id\":\"https:\/\/newsestlyonnais.fr\/site\/#\/schema\/logo\/image\/\"}},{\"@type\":\"Person\",\"@id\":\"https:\/\/newsestlyonnais.fr\/site\/#\/schema\/person\/3230d5615f390bb808365d673001e887\",\"name\":\"R\u00e9dac. NEWS\",\"sameAs\":[\"http:\/\/www.newsestlyonnais.fr\",\"https:\/\/www.facebook.com\/pascal.oberson.1?fref=ts\",\"https:\/\/fr.linkedin.com\/in\/pascal-oberson-b17045113\"],\"url\":\"https:\/\/newsestlyonnais.fr\/site\/author\/nel\/\"}]}<\/script>\n<!-- \/ Yoast SEO plugin. -->","yoast_head_json":{"title":"GENAS | ESGA Ping > tournoi r\u00e9gional et nouveau pr\u00e9sident","description":"GENAS | ESGA Ping > tournoi r\u00e9gional et nouveau pr\u00e9sident","robots":{"index":"index","follow":"follow","max-snippet":"max-snippet:-1","max-image-preview":"max-image-preview:large","max-video-preview":"max-video-preview:-1"},"canonical":"https:\/\/newsestlyonnais.fr\/site\/2017\/06\/27\/genas-esga-ping-tournoi-regional-et-nouveau-president\/","og_locale":"fr_FR","og_type":"article","og_title":"GENAS | ESGA Ping > tournoi r\u00e9gional et nouveau pr\u00e9sident","og_description":"GENAS | ESGA Ping > tournoi r\u00e9gional et nouveau pr\u00e9sident","og_url":"https:\/\/newsestlyonnais.fr\/site\/2017\/06\/27\/genas-esga-ping-tournoi-regional-et-nouveau-president\/","og_site_name":"News Est Lyonnais","article_author":"https:\/\/www.facebook.com\/pascal.oberson.1?fref=ts","article_published_time":"2017-06-27T06:47:46+00:00","article_modified_time":"2020-11-09T05:12:58+00:00","og_image":[{"width":1000,"height":750,"url":"https:\/\/i1.wp.com\/newsestlyonnais.fr\/site\/wp-content\/uploads\/2017\/06\/NEWSESTLYONNAIS-TOUR-REGIO.jpg?fit=1000%2C750&ssl=1","type":"image\/jpeg"}],"author":"R\u00e9dac. NEWS","twitter_card":"summary_large_image","twitter_misc":{"\u00c9crit par":"R\u00e9dac. NEWS","Dur\u00e9e de lecture estim\u00e9e":"1 minute"},"schema":{"@context":"https:\/\/schema.org","@graph":[{"@type":"Article","@id":"https:\/\/newsestlyonnais.fr\/site\/2017\/06\/27\/genas-esga-ping-tournoi-regional-et-nouveau-president\/#article","isPartOf":{"@id":"https:\/\/newsestlyonnais.fr\/site\/2017\/06\/27\/genas-esga-ping-tournoi-regional-et-nouveau-president\/"},"author":{"name":"R\u00e9dac. NEWS","@id":"https:\/\/newsestlyonnais.fr\/site\/#\/schema\/person\/3230d5615f390bb808365d673001e887"},"headline":"GENAS | ESGA Ping > tournoi r\u00e9gional et nouveau pr\u00e9sident","datePublished":"2017-06-27T06:47:46+00:00","dateModified":"2020-11-09T05:12:58+00:00","mainEntityOfPage":{"@id":"https:\/\/newsestlyonnais.fr\/site\/2017\/06\/27\/genas-esga-ping-tournoi-regional-et-nouveau-president\/"},"wordCount":260,"commentCount":0,"publisher":{"@id":"https:\/\/newsestlyonnais.fr\/site\/#organization"},"image":{"@id":"https:\/\/newsestlyonnais.fr\/site\/2017\/06\/27\/genas-esga-ping-tournoi-regional-et-nouveau-president\/#primaryimage"},"thumbnailUrl":"https:\/\/newsestlyonnais.fr\/site\/wp-content\/uploads\/2017\/06\/NEWSESTLYONNAIS-TOUR-REGIO.jpg","articleSection":["CCEL | Communes","Genas","Tennis | Tennis de table","Tennis de table"],"inLanguage":"fr-FR","potentialAction":[{"@type":"CommentAction","name":"Comment","target":["https:\/\/newsestlyonnais.fr\/site\/2017\/06\/27\/genas-esga-ping-tournoi-regional-et-nouveau-president\/#respond"]}]},{"@type":"WebPage","@id":"https:\/\/newsestlyonnais.fr\/site\/2017\/06\/27\/genas-esga-ping-tournoi-regional-et-nouveau-president\/","url":"https:\/\/newsestlyonnais.fr\/site\/2017\/06\/27\/genas-esga-ping-tournoi-regional-et-nouveau-president\/","name":"GENAS | ESGA Ping > tournoi r\u00e9gional et nouveau pr\u00e9sident","isPartOf":{"@id":"https:\/\/newsestlyonnais.fr\/site\/#website"},"primaryImageOfPage":{"@id":"https:\/\/newsestlyonnais.fr\/site\/2017\/06\/27\/genas-esga-ping-tournoi-regional-et-nouveau-president\/#primaryimage"},"image":{"@id":"https:\/\/newsestlyonnais.fr\/site\/2017\/06\/27\/genas-esga-ping-tournoi-regional-et-nouveau-president\/#primaryimage"},"thumbnailUrl":"https:\/\/newsestlyonnais.fr\/site\/wp-content\/uploads\/2017\/06\/NEWSESTLYONNAIS-TOUR-REGIO.jpg","datePublished":"2017-06-27T06:47:46+00:00","dateModified":"2020-11-09T05:12:58+00:00","description":"GENAS | ESGA Ping > tournoi r\u00e9gional et nouveau pr\u00e9sident","breadcrumb":{"@id":"https:\/\/newsestlyonnais.fr\/site\/2017\/06\/27\/genas-esga-ping-tournoi-regional-et-nouveau-president\/#breadcrumb"},"inLanguage":"fr-FR","potentialAction":[{"@type":"ReadAction","target":["https:\/\/newsestlyonnais.fr\/site\/2017\/06\/27\/genas-esga-ping-tournoi-regional-et-nouveau-president\/"]}]},{"@type":"ImageObject","inLanguage":"fr-FR","@id":"https:\/\/newsestlyonnais.fr\/site\/2017\/06\/27\/genas-esga-ping-tournoi-regional-et-nouveau-president\/#primaryimage","url":"https:\/\/newsestlyonnais.fr\/site\/wp-content\/uploads\/2017\/06\/NEWSESTLYONNAIS-TOUR-REGIO.jpg","contentUrl":"https:\/\/newsestlyonnais.fr\/site\/wp-content\/uploads\/2017\/06\/NEWSESTLYONNAIS-TOUR-REGIO.jpg","width":1000,"height":750,"caption":"NEWSESTLYONNAIS - TOUR REGIO"},{"@type":"BreadcrumbList","@id":"https:\/\/newsestlyonnais.fr\/site\/2017\/06\/27\/genas-esga-ping-tournoi-regional-et-nouveau-president\/#breadcrumb","itemListElement":[{"@type":"ListItem","position":1,"name":"Accueil","item":"https:\/\/newsestlyonnais.fr\/site\/"},{"@type":"ListItem","position":2,"name":"GENAS | ESGA Ping > tournoi r\u00e9gional et nouveau pr\u00e9sident"}]},{"@type":"WebSite","@id":"https:\/\/newsestlyonnais.fr\/site\/#website","url":"https:\/\/newsestlyonnais.fr\/site\/","name":"News Est Lyonnais","description":"L&#039;actualit\u00e9 au plus pr\u00e8s","publisher":{"@id":"https:\/\/newsestlyonnais.fr\/site\/#organization"},"potentialAction":[{"@type":"SearchAction","target":{"@type":"EntryPoint","urlTemplate":"https:\/\/newsestlyonnais.fr\/site\/?s={search_term_string}"},"query-input":{"@type":"PropertyValueSpecification","valueRequired":true,"valueName":"search_term_string"}}],"inLanguage":"fr-FR"},{"@type":"Organization","@id":"https:\/\/newsestlyonnais.fr\/site\/#organization","name":"News EST LYONNAIS","url":"https:\/\/newsestlyonnais.fr\/site\/","logo":{"@type":"ImageObject","inLanguage":"fr-FR","@id":"https:\/\/newsestlyonnais.fr\/site\/#\/schema\/logo\/image\/","url":"","contentUrl":"","caption":"News EST LYONNAIS"},"image":{"@id":"https:\/\/newsestlyonnais.fr\/site\/#\/schema\/logo\/image\/"}},{"@type":"Person","@id":"https:\/\/newsestlyonnais.fr\/site\/#\/schema\/person\/3230d5615f390bb808365d673001e887","name":"R\u00e9dac. NEWS","sameAs":["http:\/\/www.newsestlyonnais.fr","https:\/\/www.facebook.com\/pascal.oberson.1?fref=ts","https:\/\/fr.linkedin.com\/in\/pascal-oberson-b17045113"],"url":"https:\/\/newsestlyonnais.fr\/site\/author\/nel\/"}]}},"_links":{"self":[{"href":"https:\/\/newsestlyonnais.fr\/site\/wp-json\/wp\/v2\/posts\/30503","targetHints":{"allow":["GET"]}}],"collection":[{"href":"https:\/\/newsestlyonnais.fr\/site\/wp-json\/wp\/v2\/posts"}],"about":[{"href":"https:\/\/newsestlyonnais.fr\/site\/wp-json\/wp\/v2\/types\/post"}],"author":[{"embeddable":true,"href":"https:\/\/newsestlyonnais.fr\/site\/wp-json\/wp\/v2\/users\/4"}],"replies":[{"embeddable":true,"href":"https:\/\/newsestlyonnais.fr\/site\/wp-json\/wp\/v2\/comments?post=30503"}],"version-history":[{"count":0,"href":"https:\/\/newsestlyonnais.fr\/site\/wp-json\/wp\/v2\/posts\/30503\/revisions"}],"wp:featuredmedia":[{"embeddable":true,"href":"https:\/\/newsestlyonnais.fr\/site\/wp-json\/wp\/v2\/media\/30515"}],"wp:attachment":[{"href":"https:\/\/newsestlyonnais.fr\/site\/wp-json\/wp\/v2\/media?parent=30503"}],"wp:term":[{"taxonomy":"category","embeddable":true,"href":"https:\/\/newsestlyonnais.fr\/site\/wp-json\/wp\/v2\/categories?post=30503"},{"taxonomy":"post_tag","embeddable":true,"href":"https:\/\/newsestlyonnais.fr\/site\/wp-json\/wp\/v2\/tags?post=30503"}],"curies":[{"name":"wp","href":"https:\/\/api.w.org\/{rel}","templated":true}]}}