{"id":30532,"date":"2017-06-27T13:20:39","date_gmt":"2017-06-27T12:20:39","guid":{"rendered":"http:\/\/newsestlyonnais.fr\/site\/?p=30532"},"modified":"2020-11-02T09:00:11","modified_gmt":"2020-11-02T08:00:11","slug":"chassieu-8-meeting-des-abeilles-dathletisme","status":"publish","type":"post","link":"https:\/\/newsestlyonnais.fr\/site\/2017\/06\/27\/chassieu-8-meeting-des-abeilles-dathletisme\/","title":{"rendered":"CHASSIEU | 8\u00b0 Meeting des Abeilles d&rsquo;athl\u00e9tisme"},"content":{"rendered":"<h4>Le club de Chassieu Athl\u00e9tisme, pr\u00e9sid\u00e9 par Herv\u00e9 Lamotte organisera en collaboration avec le Comit\u00e9 du Rh\u00f4ne d&rsquo;Athl\u00e9tisme du Rh\u00f4ne M\u00e9tropole de Lyon, le 8\u00b0 Meeting des Abeilles.<\/h4>\n<p>Une \u00e9preuve qui fait partie du challenge Sprint\/Haies mis en place par le comit\u00e9 et repr\u00e9sente la 4\u00b0 et derni\u00e8re \u00e9tape apr\u00e8s V\u00e9nissieux &amp; Tassin. A noter que les r\u00e9compenses podium sont des pots de miel !<\/p>\n<p>Pr\u00e8s de 300 athl\u00e8tes figurent actuellement au classement de ce championnat (130 f\u00e9minines &amp; 166 masculins).<\/p>\n<ul>\n<li>Classements \u00e0 retrouver sur: <a href=\"http:\/\/rhone.athle.com\/upload\/ssites\/000116\/challenges_du_rhone\/2017\/2017_challenge_sprint_haies.pdf\" target=\"_blank\" rel=\"noopener noreferrer\">http:\/\/rhone.athle.com\/upload\/ssites\/000116\/challenges_du_rhone\/2017\/2017_challenge_sprint_haies.pdf<\/a><\/li>\n<li>Horaires de la comp\u00e9tition qui se d\u00e9roulera <strong><em>Mercredi 28 Juin<\/em><\/strong>, au stade Romain Tisserand:<\/li>\n<\/ul>\n<table border=\"1\" width=\"636\" cellspacing=\"0\" cellpadding=\"5\">\n<colgroup>\n<col width=\"65\" \/>\n<col width=\"126\" \/>\n<col width=\"96\" \/>\n<col width=\"96\" \/>\n<col width=\"96\" \/>\n<col width=\"96\" \/> <\/colgroup>\n<tbody>\n<tr valign=\"TOP\">\n<td width=\"65\"><\/td>\n<td width=\"126\">\n<p lang=\"en-GB\" align=\"CENTER\"><span style=\"font-family: Tahoma,sans-serif\"><b>Courses<\/b><\/span><\/p>\n<\/td>\n<td width=\"96\">\n<p lang=\"en-GB\" align=\"CENTER\"><span style=\"font-family: Tahoma,sans-serif\"><b>Jury A<\/b><\/span><\/p>\n<\/td>\n<td width=\"96\">\n<p lang=\"en-GB\" align=\"CENTER\"><span style=\"font-family: Tahoma,sans-serif\"><b>Jury B<\/b><\/span><\/p>\n<\/td>\n<td width=\"96\">\n<p lang=\"en-GB\" align=\"CENTER\"><span style=\"font-family: Tahoma,sans-serif\"><b>Jury C<\/b><\/span><\/p>\n<\/td>\n<td width=\"96\">\n<p lang=\"en-GB\" align=\"CENTER\"><span style=\"font-family: Tahoma,sans-serif\"><b>Jury D<\/b><\/span><\/p>\n<\/td>\n<\/tr>\n<tr valign=\"TOP\">\n<td width=\"65\">\n<p lang=\"en-GB\" align=\"CENTER\"><span style=\"font-family: Tahoma,sans-serif\"><b>18 h 00<\/b><\/span><\/p>\n<\/td>\n<td colspan=\"5\" width=\"549\">\n<p align=\"CENTER\"><span style=\"font-family: Tahoma,sans-serif\">Composition et mise en place du jury<\/span><\/p>\n<\/td>\n<\/tr>\n<tr valign=\"TOP\">\n<td width=\"65\"><\/td>\n<td width=\"126\"><\/td>\n<td width=\"96\"><\/td>\n<td width=\"96\"><\/td>\n<td width=\"96\"><\/td>\n<td width=\"96\"><\/td>\n<\/tr>\n<tr valign=\"TOP\">\n<td width=\"65\">\n<p lang=\"en-GB\" align=\"CENTER\"><span style=\"font-family: Tahoma,sans-serif\"><b>19 h 00<\/b><\/span><\/p>\n<\/td>\n<td width=\"126\">\n<p align=\"CENTER\"><span style=\"font-family: Tahoma,sans-serif\">100 m Haies F<\/span><\/p>\n<\/td>\n<td width=\"96\">\n<p align=\"CENTER\"><span style=\"font-family: Tahoma,sans-serif\">Hauteur F<\/span><\/p>\n<\/td>\n<td width=\"96\">\n<p align=\"CENTER\"><span style=\"font-family: Tahoma,sans-serif\">Longueur H<\/span><\/p>\n<\/td>\n<td width=\"96\">\n<p align=\"CENTER\"><span style=\"font-family: Tahoma,sans-serif\"><span lang=\"en-GB\">Disque<\/span><\/span><span style=\"font-family: Tahoma,sans-serif\"><span lang=\"en-GB\"> F<\/span><\/span><\/p>\n<\/td>\n<td width=\"96\">\n<p align=\"CENTER\"><span style=\"font-family: Tahoma,sans-serif\"><span lang=\"en-GB\">Poids<\/span><\/span><span style=\"font-family: Tahoma,sans-serif\"><span lang=\"en-GB\"> H<\/span><\/span><\/p>\n<\/td>\n<\/tr>\n<tr valign=\"TOP\">\n<td width=\"65\"><\/td>\n<td width=\"126\"><\/td>\n<td width=\"96\"><\/td>\n<td width=\"96\"><\/td>\n<td width=\"96\"><\/td>\n<td width=\"96\"><\/td>\n<\/tr>\n<tr valign=\"TOP\">\n<td width=\"65\">\n<p lang=\"en-GB\" align=\"CENTER\"><span style=\"font-family: Tahoma,sans-serif\"><b>19 h 20<\/b><\/span><\/p>\n<\/td>\n<td width=\"126\">\n<p align=\"CENTER\"><span style=\"font-family: Tahoma,sans-serif\">110 m Haies H<\/span><\/p>\n<\/td>\n<td width=\"96\"><\/td>\n<td width=\"96\"><\/td>\n<td width=\"96\"><\/td>\n<td width=\"96\"><\/td>\n<\/tr>\n<tr valign=\"TOP\">\n<td width=\"65\"><\/td>\n<td width=\"126\"><\/td>\n<td width=\"96\"><\/td>\n<td width=\"96\"><\/td>\n<td width=\"96\"><\/td>\n<td width=\"96\"><\/td>\n<\/tr>\n<tr valign=\"TOP\">\n<td width=\"65\">\n<p lang=\"en-GB\" align=\"CENTER\"><span style=\"font-family: Tahoma,sans-serif\"><b>19 h 40<\/b><\/span><\/p>\n<\/td>\n<td width=\"126\">\n<p lang=\"en-GB\" align=\"CENTER\"><span style=\"font-family: Tahoma,sans-serif\">100 m F<\/span><\/p>\n<\/td>\n<td width=\"96\"><\/td>\n<td width=\"96\"><\/td>\n<td width=\"96\"><\/td>\n<td width=\"96\"><\/td>\n<\/tr>\n<tr valign=\"TOP\">\n<td width=\"65\"><\/td>\n<td width=\"126\"><\/td>\n<td width=\"96\"><\/td>\n<td width=\"96\"><\/td>\n<td width=\"96\"><\/td>\n<td width=\"96\"><\/td>\n<\/tr>\n<tr valign=\"TOP\">\n<td width=\"65\">\n<p align=\"CENTER\"><span style=\"font-family: Tahoma,sans-serif\"><b>20 h 00<\/b><\/span><\/p>\n<\/td>\n<td width=\"126\">\n<p align=\"CENTER\"><span style=\"font-family: Tahoma,sans-serif\">100 m H<\/span><\/p>\n<\/td>\n<td width=\"96\">\n<p align=\"CENTER\"><span style=\"font-family: Tahoma,sans-serif\">Hauteur H<\/span><\/p>\n<\/td>\n<td width=\"96\">\n<p align=\"CENTER\"><span style=\"font-family: Tahoma,sans-serif\">Longueur F<\/span><\/p>\n<\/td>\n<td width=\"96\">\n<p align=\"CENTER\"><span style=\"font-family: Tahoma,sans-serif\">Disque H<\/span><\/p>\n<\/td>\n<td width=\"96\">\n<p align=\"CENTER\"><span style=\"font-family: Tahoma,sans-serif\">Poids F<\/span><\/p>\n<\/td>\n<\/tr>\n<tr valign=\"TOP\">\n<td width=\"65\"><\/td>\n<td width=\"126\"><\/td>\n<td width=\"96\"><\/td>\n<td width=\"96\"><\/td>\n<td width=\"96\"><\/td>\n<td width=\"96\"><\/td>\n<\/tr>\n<tr valign=\"TOP\">\n<td width=\"65\">\n<p align=\"CENTER\"><span style=\"font-family: Tahoma,sans-serif\"><b>20 h 30<\/b><\/span><\/p>\n<\/td>\n<td width=\"126\">\n<p align=\"CENTER\"><span style=\"font-family: Tahoma,sans-serif\">400 m Haies F\/H<\/span><\/p>\n<\/td>\n<td width=\"96\"><\/td>\n<td width=\"96\"><\/td>\n<td width=\"96\"><\/td>\n<td width=\"96\"><\/td>\n<\/tr>\n<tr valign=\"TOP\">\n<td width=\"65\"><\/td>\n<td width=\"126\"><\/td>\n<td width=\"96\"><\/td>\n<td width=\"96\"><\/td>\n<td width=\"96\"><\/td>\n<td width=\"96\"><\/td>\n<\/tr>\n<tr valign=\"TOP\">\n<td width=\"65\">\n<p lang=\"de-DE\" align=\"CENTER\"><span style=\"font-family: Tahoma,sans-serif\"><b>20 h 50<\/b><\/span><\/p>\n<\/td>\n<td width=\"126\">\n<p lang=\"de-DE\" align=\"CENTER\"><span style=\"font-family: Tahoma,sans-serif\">400 m F<\/span><\/p>\n<\/td>\n<td width=\"96\"><\/td>\n<td width=\"96\"><\/td>\n<td width=\"96\"><\/td>\n<td width=\"96\"><\/td>\n<\/tr>\n<tr valign=\"TOP\">\n<td width=\"65\"><\/td>\n<td width=\"126\"><\/td>\n<td width=\"96\"><\/td>\n<td width=\"96\"><\/td>\n<td width=\"96\"><\/td>\n<td width=\"96\"><\/td>\n<\/tr>\n<tr valign=\"TOP\">\n<td width=\"65\">\n<p lang=\"en-GB\" align=\"CENTER\"><span style=\"font-family: Tahoma,sans-serif\"><b>21 h 10<\/b><\/span><\/p>\n<\/td>\n<td width=\"126\">\n<p lang=\"de-DE\" align=\"CENTER\"><span style=\"font-family: Tahoma,sans-serif\">400 m H<\/span><\/p>\n<\/td>\n<td width=\"96\"><\/td>\n<td width=\"96\"><\/td>\n<td width=\"96\"><\/td>\n<td width=\"96\"><\/td>\n<\/tr>\n<tr valign=\"TOP\">\n<td width=\"65\"><\/td>\n<td width=\"126\"><\/td>\n<td width=\"96\"><\/td>\n<td width=\"96\"><\/td>\n<td width=\"96\"><\/td>\n<td width=\"96\"><\/td>\n<\/tr>\n<tr valign=\"TOP\">\n<td width=\"65\">\n<p align=\"CENTER\"><span style=\"font-family: Tahoma,sans-serif\"><span lang=\"en-GB\"><b>21 h <\/b><\/span><\/span><span style=\"font-family: Tahoma,sans-serif\"><span lang=\"en-GB\"><b>30<\/b><\/span><\/span><\/p>\n<\/td>\n<td width=\"126\">\n<p lang=\"en-GB\" align=\"CENTER\"><span style=\"font-family: Tahoma,sans-serif\">200 m H<\/span><\/p>\n<\/td>\n<td width=\"96\"><\/td>\n<td width=\"96\"><\/td>\n<td width=\"96\"><\/td>\n<td width=\"96\"><\/td>\n<\/tr>\n<tr valign=\"TOP\">\n<td width=\"65\"><\/td>\n<td width=\"126\"><\/td>\n<td width=\"96\"><\/td>\n<td width=\"96\"><\/td>\n<td width=\"96\"><\/td>\n<td width=\"96\"><\/td>\n<\/tr>\n<tr valign=\"TOP\">\n<td width=\"65\">\n<p align=\"CENTER\"><span style=\"font-family: Tahoma,sans-serif\"><span lang=\"en-GB\"><b>21 h <\/b><\/span><\/span><span style=\"font-family: Tahoma,sans-serif\"><span lang=\"en-GB\"><b>50<\/b><\/span><\/span><\/p>\n<\/td>\n<td width=\"126\">\n<p lang=\"en-GB\" align=\"CENTER\"><span style=\"font-family: Tahoma,sans-serif\">200 m F<\/span><\/p>\n<\/td>\n<td width=\"96\"><\/td>\n<td width=\"96\"><\/td>\n<td width=\"96\"><\/td>\n<td width=\"96\"><\/td>\n<\/tr>\n<\/tbody>\n<\/table>\n<ul>\n<li>\n<h4>Retrouvez l&rsquo;ACTU du club sur:\u00a0<a href=\"http:\/\/www.chassieu-athle.fr\/Accueil.html\" target=\"_blank\" rel=\"noopener noreferrer\">http:\/\/www.chassieu-athle.fr\/Accueil.html<\/a><\/h4>\n<\/li>\n<\/ul>\n","protected":false},"excerpt":{"rendered":"<p>Le club de Chassieu Athl\u00e9tisme, pr\u00e9sid\u00e9 par Herv\u00e9 Lamotte organisera en collaboration avec le Comit\u00e9 du Rh\u00f4ne d&rsquo;Athl\u00e9tisme du Rh\u00f4ne M\u00e9tropole de Lyon, le 8\u00b0 Meeting des Abeilles. Une \u00e9preuve qui fait partie du challenge Sprint\/Haies mis en place par le comit\u00e9 et repr\u00e9sente la 4\u00b0 et derni\u00e8re \u00e9tape apr\u00e8s V\u00e9nissieux &amp; Tassin. A noter [&hellip;]<\/p>\n","protected":false},"author":4,"featured_media":30546,"comment_status":"open","ping_status":"open","sticky":false,"template":"","format":"standard","meta":{"footnotes":""},"categories":[2968,1283],"tags":[],"class_list":["post-30532","post","type-post","status-publish","format-standard","has-post-thumbnail","hentry","category-athle-course-pied-marche","category-chassieu-communes-diverses"],"yoast_head":"<!-- This site is optimized with the Yoast SEO plugin v27.2 - https:\/\/yoast.com\/product\/yoast-seo-wordpress\/ -->\n<title>CHASSIEU : 8\u00b0 Meeting des Abeilles d&#039;athl\u00e9tisme mercredi soir au stade Tisserand<\/title>\n<meta name=\"description\" content=\"CHASSIEU : 8\u00b0 Meeting des Abeilles d&#039;athl\u00e9tisme mercredi soir au stade Tisserand\" \/>\n<meta name=\"robots\" content=\"index, follow, max-snippet:-1, max-image-preview:large, max-video-preview:-1\" \/>\n<link rel=\"canonical\" href=\"https:\/\/newsestlyonnais.fr\/site\/2017\/06\/27\/chassieu-8-meeting-des-abeilles-dathletisme\/\" \/>\n<meta property=\"og:locale\" content=\"fr_FR\" \/>\n<meta property=\"og:type\" content=\"article\" \/>\n<meta property=\"og:title\" content=\"CHASSIEU : 8\u00b0 Meeting des Abeilles d&#039;athl\u00e9tisme mercredi soir au stade Tisserand\" \/>\n<meta property=\"og:description\" content=\"CHASSIEU : 8\u00b0 Meeting des Abeilles d&#039;athl\u00e9tisme mercredi soir au stade Tisserand\" \/>\n<meta property=\"og:url\" content=\"https:\/\/newsestlyonnais.fr\/site\/2017\/06\/27\/chassieu-8-meeting-des-abeilles-dathletisme\/\" \/>\n<meta property=\"og:site_name\" content=\"News Est Lyonnais\" \/>\n<meta property=\"article:author\" content=\"https:\/\/www.facebook.com\/pascal.oberson.1?fref=ts\" \/>\n<meta property=\"article:published_time\" content=\"2017-06-27T12:20:39+00:00\" \/>\n<meta property=\"article:modified_time\" content=\"2020-11-02T08:00:11+00:00\" \/>\n<meta name=\"author\" content=\"R\u00e9dac. NEWS\" \/>\n<meta name=\"twitter:card\" content=\"summary_large_image\" \/>\n<meta name=\"twitter:label1\" content=\"\u00c9crit par\" \/>\n\t<meta name=\"twitter:data1\" content=\"R\u00e9dac. NEWS\" \/>\n\t<meta name=\"twitter:label2\" content=\"Dur\u00e9e de lecture estim\u00e9e\" \/>\n\t<meta name=\"twitter:data2\" content=\"1 minute\" \/>\n<script type=\"application\/ld+json\" class=\"yoast-schema-graph\">{\"@context\":\"https:\/\/schema.org\",\"@graph\":[{\"@type\":\"Article\",\"@id\":\"https:\/\/newsestlyonnais.fr\/site\/2017\/06\/27\/chassieu-8-meeting-des-abeilles-dathletisme\/#article\",\"isPartOf\":{\"@id\":\"https:\/\/newsestlyonnais.fr\/site\/2017\/06\/27\/chassieu-8-meeting-des-abeilles-dathletisme\/\"},\"author\":{\"name\":\"R\u00e9dac. NEWS\",\"@id\":\"https:\/\/newsestlyonnais.fr\/site\/#\/schema\/person\/3230d5615f390bb808365d673001e887\"},\"headline\":\"CHASSIEU | 8\u00b0 Meeting des Abeilles d&rsquo;athl\u00e9tisme\",\"datePublished\":\"2017-06-27T12:20:39+00:00\",\"dateModified\":\"2020-11-02T08:00:11+00:00\",\"mainEntityOfPage\":{\"@id\":\"https:\/\/newsestlyonnais.fr\/site\/2017\/06\/27\/chassieu-8-meeting-des-abeilles-dathletisme\/\"},\"wordCount\":205,\"commentCount\":0,\"publisher\":{\"@id\":\"https:\/\/newsestlyonnais.fr\/site\/#organization\"},\"image\":{\"@id\":\"https:\/\/newsestlyonnais.fr\/site\/2017\/06\/27\/chassieu-8-meeting-des-abeilles-dathletisme\/#primaryimage\"},\"thumbnailUrl\":\"https:\/\/newsestlyonnais.fr\/site\/wp-content\/uploads\/2017\/06\/NEWSESTLYONNAIS-LOGO-CHASSIEU-ATHLE.bmp\",\"articleSection\":[\"Athl\u00e9 | Course pied | Marche\",\"Chassieu | Communes diverses\"],\"inLanguage\":\"fr-FR\",\"potentialAction\":[{\"@type\":\"CommentAction\",\"name\":\"Comment\",\"target\":[\"https:\/\/newsestlyonnais.fr\/site\/2017\/06\/27\/chassieu-8-meeting-des-abeilles-dathletisme\/#respond\"]}]},{\"@type\":\"WebPage\",\"@id\":\"https:\/\/newsestlyonnais.fr\/site\/2017\/06\/27\/chassieu-8-meeting-des-abeilles-dathletisme\/\",\"url\":\"https:\/\/newsestlyonnais.fr\/site\/2017\/06\/27\/chassieu-8-meeting-des-abeilles-dathletisme\/\",\"name\":\"CHASSIEU : 8\u00b0 Meeting des Abeilles d'athl\u00e9tisme mercredi soir au stade Tisserand\",\"isPartOf\":{\"@id\":\"https:\/\/newsestlyonnais.fr\/site\/#website\"},\"primaryImageOfPage\":{\"@id\":\"https:\/\/newsestlyonnais.fr\/site\/2017\/06\/27\/chassieu-8-meeting-des-abeilles-dathletisme\/#primaryimage\"},\"image\":{\"@id\":\"https:\/\/newsestlyonnais.fr\/site\/2017\/06\/27\/chassieu-8-meeting-des-abeilles-dathletisme\/#primaryimage\"},\"thumbnailUrl\":\"https:\/\/newsestlyonnais.fr\/site\/wp-content\/uploads\/2017\/06\/NEWSESTLYONNAIS-LOGO-CHASSIEU-ATHLE.bmp\",\"datePublished\":\"2017-06-27T12:20:39+00:00\",\"dateModified\":\"2020-11-02T08:00:11+00:00\",\"description\":\"CHASSIEU : 8\u00b0 Meeting des Abeilles d'athl\u00e9tisme mercredi soir au stade Tisserand\",\"breadcrumb\":{\"@id\":\"https:\/\/newsestlyonnais.fr\/site\/2017\/06\/27\/chassieu-8-meeting-des-abeilles-dathletisme\/#breadcrumb\"},\"inLanguage\":\"fr-FR\",\"potentialAction\":[{\"@type\":\"ReadAction\",\"target\":[\"https:\/\/newsestlyonnais.fr\/site\/2017\/06\/27\/chassieu-8-meeting-des-abeilles-dathletisme\/\"]}]},{\"@type\":\"ImageObject\",\"inLanguage\":\"fr-FR\",\"@id\":\"https:\/\/newsestlyonnais.fr\/site\/2017\/06\/27\/chassieu-8-meeting-des-abeilles-dathletisme\/#primaryimage\",\"url\":\"https:\/\/newsestlyonnais.fr\/site\/wp-content\/uploads\/2017\/06\/NEWSESTLYONNAIS-LOGO-CHASSIEU-ATHLE.bmp\",\"contentUrl\":\"https:\/\/newsestlyonnais.fr\/site\/wp-content\/uploads\/2017\/06\/NEWSESTLYONNAIS-LOGO-CHASSIEU-ATHLE.bmp\",\"width\":1000,\"height\":750,\"caption\":\"NEWSESTLYONNAIS - LOGO CHASSIEU ATHLE\"},{\"@type\":\"BreadcrumbList\",\"@id\":\"https:\/\/newsestlyonnais.fr\/site\/2017\/06\/27\/chassieu-8-meeting-des-abeilles-dathletisme\/#breadcrumb\",\"itemListElement\":[{\"@type\":\"ListItem\",\"position\":1,\"name\":\"Accueil\",\"item\":\"https:\/\/newsestlyonnais.fr\/site\/\"},{\"@type\":\"ListItem\",\"position\":2,\"name\":\"CHASSIEU | 8\u00b0 Meeting des Abeilles d&rsquo;athl\u00e9tisme\"}]},{\"@type\":\"WebSite\",\"@id\":\"https:\/\/newsestlyonnais.fr\/site\/#website\",\"url\":\"https:\/\/newsestlyonnais.fr\/site\/\",\"name\":\"News Est Lyonnais\",\"description\":\"L&#039;actualit\u00e9 au plus pr\u00e8s\",\"publisher\":{\"@id\":\"https:\/\/newsestlyonnais.fr\/site\/#organization\"},\"potentialAction\":[{\"@type\":\"SearchAction\",\"target\":{\"@type\":\"EntryPoint\",\"urlTemplate\":\"https:\/\/newsestlyonnais.fr\/site\/?s={search_term_string}\"},\"query-input\":{\"@type\":\"PropertyValueSpecification\",\"valueRequired\":true,\"valueName\":\"search_term_string\"}}],\"inLanguage\":\"fr-FR\"},{\"@type\":\"Organization\",\"@id\":\"https:\/\/newsestlyonnais.fr\/site\/#organization\",\"name\":\"News EST LYONNAIS\",\"url\":\"https:\/\/newsestlyonnais.fr\/site\/\",\"logo\":{\"@type\":\"ImageObject\",\"inLanguage\":\"fr-FR\",\"@id\":\"https:\/\/newsestlyonnais.fr\/site\/#\/schema\/logo\/image\/\",\"url\":\"\",\"contentUrl\":\"\",\"caption\":\"News EST LYONNAIS\"},\"image\":{\"@id\":\"https:\/\/newsestlyonnais.fr\/site\/#\/schema\/logo\/image\/\"}},{\"@type\":\"Person\",\"@id\":\"https:\/\/newsestlyonnais.fr\/site\/#\/schema\/person\/3230d5615f390bb808365d673001e887\",\"name\":\"R\u00e9dac. NEWS\",\"sameAs\":[\"http:\/\/www.newsestlyonnais.fr\",\"https:\/\/www.facebook.com\/pascal.oberson.1?fref=ts\",\"https:\/\/fr.linkedin.com\/in\/pascal-oberson-b17045113\"],\"url\":\"https:\/\/newsestlyonnais.fr\/site\/author\/nel\/\"}]}<\/script>\n<!-- \/ Yoast SEO plugin. -->","yoast_head_json":{"title":"CHASSIEU : 8\u00b0 Meeting des Abeilles d'athl\u00e9tisme mercredi soir au stade Tisserand","description":"CHASSIEU : 8\u00b0 Meeting des Abeilles d'athl\u00e9tisme mercredi soir au stade Tisserand","robots":{"index":"index","follow":"follow","max-snippet":"max-snippet:-1","max-image-preview":"max-image-preview:large","max-video-preview":"max-video-preview:-1"},"canonical":"https:\/\/newsestlyonnais.fr\/site\/2017\/06\/27\/chassieu-8-meeting-des-abeilles-dathletisme\/","og_locale":"fr_FR","og_type":"article","og_title":"CHASSIEU : 8\u00b0 Meeting des Abeilles d'athl\u00e9tisme mercredi soir au stade Tisserand","og_description":"CHASSIEU : 8\u00b0 Meeting des Abeilles d'athl\u00e9tisme mercredi soir au stade Tisserand","og_url":"https:\/\/newsestlyonnais.fr\/site\/2017\/06\/27\/chassieu-8-meeting-des-abeilles-dathletisme\/","og_site_name":"News Est Lyonnais","article_author":"https:\/\/www.facebook.com\/pascal.oberson.1?fref=ts","article_published_time":"2017-06-27T12:20:39+00:00","article_modified_time":"2020-11-02T08:00:11+00:00","author":"R\u00e9dac. NEWS","twitter_card":"summary_large_image","twitter_misc":{"\u00c9crit par":"R\u00e9dac. NEWS","Dur\u00e9e de lecture estim\u00e9e":"1 minute"},"schema":{"@context":"https:\/\/schema.org","@graph":[{"@type":"Article","@id":"https:\/\/newsestlyonnais.fr\/site\/2017\/06\/27\/chassieu-8-meeting-des-abeilles-dathletisme\/#article","isPartOf":{"@id":"https:\/\/newsestlyonnais.fr\/site\/2017\/06\/27\/chassieu-8-meeting-des-abeilles-dathletisme\/"},"author":{"name":"R\u00e9dac. NEWS","@id":"https:\/\/newsestlyonnais.fr\/site\/#\/schema\/person\/3230d5615f390bb808365d673001e887"},"headline":"CHASSIEU | 8\u00b0 Meeting des Abeilles d&rsquo;athl\u00e9tisme","datePublished":"2017-06-27T12:20:39+00:00","dateModified":"2020-11-02T08:00:11+00:00","mainEntityOfPage":{"@id":"https:\/\/newsestlyonnais.fr\/site\/2017\/06\/27\/chassieu-8-meeting-des-abeilles-dathletisme\/"},"wordCount":205,"commentCount":0,"publisher":{"@id":"https:\/\/newsestlyonnais.fr\/site\/#organization"},"image":{"@id":"https:\/\/newsestlyonnais.fr\/site\/2017\/06\/27\/chassieu-8-meeting-des-abeilles-dathletisme\/#primaryimage"},"thumbnailUrl":"https:\/\/newsestlyonnais.fr\/site\/wp-content\/uploads\/2017\/06\/NEWSESTLYONNAIS-LOGO-CHASSIEU-ATHLE.bmp","articleSection":["Athl\u00e9 | Course pied | Marche","Chassieu | Communes diverses"],"inLanguage":"fr-FR","potentialAction":[{"@type":"CommentAction","name":"Comment","target":["https:\/\/newsestlyonnais.fr\/site\/2017\/06\/27\/chassieu-8-meeting-des-abeilles-dathletisme\/#respond"]}]},{"@type":"WebPage","@id":"https:\/\/newsestlyonnais.fr\/site\/2017\/06\/27\/chassieu-8-meeting-des-abeilles-dathletisme\/","url":"https:\/\/newsestlyonnais.fr\/site\/2017\/06\/27\/chassieu-8-meeting-des-abeilles-dathletisme\/","name":"CHASSIEU : 8\u00b0 Meeting des Abeilles d'athl\u00e9tisme mercredi soir au stade Tisserand","isPartOf":{"@id":"https:\/\/newsestlyonnais.fr\/site\/#website"},"primaryImageOfPage":{"@id":"https:\/\/newsestlyonnais.fr\/site\/2017\/06\/27\/chassieu-8-meeting-des-abeilles-dathletisme\/#primaryimage"},"image":{"@id":"https:\/\/newsestlyonnais.fr\/site\/2017\/06\/27\/chassieu-8-meeting-des-abeilles-dathletisme\/#primaryimage"},"thumbnailUrl":"https:\/\/newsestlyonnais.fr\/site\/wp-content\/uploads\/2017\/06\/NEWSESTLYONNAIS-LOGO-CHASSIEU-ATHLE.bmp","datePublished":"2017-06-27T12:20:39+00:00","dateModified":"2020-11-02T08:00:11+00:00","description":"CHASSIEU : 8\u00b0 Meeting des Abeilles d'athl\u00e9tisme mercredi soir au stade Tisserand","breadcrumb":{"@id":"https:\/\/newsestlyonnais.fr\/site\/2017\/06\/27\/chassieu-8-meeting-des-abeilles-dathletisme\/#breadcrumb"},"inLanguage":"fr-FR","potentialAction":[{"@type":"ReadAction","target":["https:\/\/newsestlyonnais.fr\/site\/2017\/06\/27\/chassieu-8-meeting-des-abeilles-dathletisme\/"]}]},{"@type":"ImageObject","inLanguage":"fr-FR","@id":"https:\/\/newsestlyonnais.fr\/site\/2017\/06\/27\/chassieu-8-meeting-des-abeilles-dathletisme\/#primaryimage","url":"https:\/\/newsestlyonnais.fr\/site\/wp-content\/uploads\/2017\/06\/NEWSESTLYONNAIS-LOGO-CHASSIEU-ATHLE.bmp","contentUrl":"https:\/\/newsestlyonnais.fr\/site\/wp-content\/uploads\/2017\/06\/NEWSESTLYONNAIS-LOGO-CHASSIEU-ATHLE.bmp","width":1000,"height":750,"caption":"NEWSESTLYONNAIS - LOGO CHASSIEU ATHLE"},{"@type":"BreadcrumbList","@id":"https:\/\/newsestlyonnais.fr\/site\/2017\/06\/27\/chassieu-8-meeting-des-abeilles-dathletisme\/#breadcrumb","itemListElement":[{"@type":"ListItem","position":1,"name":"Accueil","item":"https:\/\/newsestlyonnais.fr\/site\/"},{"@type":"ListItem","position":2,"name":"CHASSIEU | 8\u00b0 Meeting des Abeilles d&rsquo;athl\u00e9tisme"}]},{"@type":"WebSite","@id":"https:\/\/newsestlyonnais.fr\/site\/#website","url":"https:\/\/newsestlyonnais.fr\/site\/","name":"News Est Lyonnais","description":"L&#039;actualit\u00e9 au plus pr\u00e8s","publisher":{"@id":"https:\/\/newsestlyonnais.fr\/site\/#organization"},"potentialAction":[{"@type":"SearchAction","target":{"@type":"EntryPoint","urlTemplate":"https:\/\/newsestlyonnais.fr\/site\/?s={search_term_string}"},"query-input":{"@type":"PropertyValueSpecification","valueRequired":true,"valueName":"search_term_string"}}],"inLanguage":"fr-FR"},{"@type":"Organization","@id":"https:\/\/newsestlyonnais.fr\/site\/#organization","name":"News EST LYONNAIS","url":"https:\/\/newsestlyonnais.fr\/site\/","logo":{"@type":"ImageObject","inLanguage":"fr-FR","@id":"https:\/\/newsestlyonnais.fr\/site\/#\/schema\/logo\/image\/","url":"","contentUrl":"","caption":"News EST LYONNAIS"},"image":{"@id":"https:\/\/newsestlyonnais.fr\/site\/#\/schema\/logo\/image\/"}},{"@type":"Person","@id":"https:\/\/newsestlyonnais.fr\/site\/#\/schema\/person\/3230d5615f390bb808365d673001e887","name":"R\u00e9dac. NEWS","sameAs":["http:\/\/www.newsestlyonnais.fr","https:\/\/www.facebook.com\/pascal.oberson.1?fref=ts","https:\/\/fr.linkedin.com\/in\/pascal-oberson-b17045113"],"url":"https:\/\/newsestlyonnais.fr\/site\/author\/nel\/"}]}},"_links":{"self":[{"href":"https:\/\/newsestlyonnais.fr\/site\/wp-json\/wp\/v2\/posts\/30532","targetHints":{"allow":["GET"]}}],"collection":[{"href":"https:\/\/newsestlyonnais.fr\/site\/wp-json\/wp\/v2\/posts"}],"about":[{"href":"https:\/\/newsestlyonnais.fr\/site\/wp-json\/wp\/v2\/types\/post"}],"author":[{"embeddable":true,"href":"https:\/\/newsestlyonnais.fr\/site\/wp-json\/wp\/v2\/users\/4"}],"replies":[{"embeddable":true,"href":"https:\/\/newsestlyonnais.fr\/site\/wp-json\/wp\/v2\/comments?post=30532"}],"version-history":[{"count":0,"href":"https:\/\/newsestlyonnais.fr\/site\/wp-json\/wp\/v2\/posts\/30532\/revisions"}],"wp:featuredmedia":[{"embeddable":true,"href":"https:\/\/newsestlyonnais.fr\/site\/wp-json\/wp\/v2\/media\/30546"}],"wp:attachment":[{"href":"https:\/\/newsestlyonnais.fr\/site\/wp-json\/wp\/v2\/media?parent=30532"}],"wp:term":[{"taxonomy":"category","embeddable":true,"href":"https:\/\/newsestlyonnais.fr\/site\/wp-json\/wp\/v2\/categories?post=30532"},{"taxonomy":"post_tag","embeddable":true,"href":"https:\/\/newsestlyonnais.fr\/site\/wp-json\/wp\/v2\/tags?post=30532"}],"curies":[{"name":"wp","href":"https:\/\/api.w.org\/{rel}","templated":true}]}}