{"id":30717,"date":"2017-07-04T11:31:57","date_gmt":"2017-07-04T10:31:57","guid":{"rendered":"http:\/\/newsestlyonnais.fr\/site\/?p=30717"},"modified":"2020-11-19T16:48:13","modified_gmt":"2020-11-19T15:48:13","slug":"lyon-3-agenda-evenements-de-juillet-aout","status":"publish","type":"post","link":"https:\/\/newsestlyonnais.fr\/site\/2017\/07\/04\/lyon-3-agenda-evenements-de-juillet-aout\/","title":{"rendered":"LYON 3 | Agenda des \u00e9v\u00e8nements de Juillet et Ao\u00fbt"},"content":{"rendered":"<h4>Nombreux sont les \u00e9v\u00e8nements pr\u00e9vus en Juillet et Ao\u00fbt sur l&rsquo; arrondissement, d\u00e9couvrez le programme:<\/h4>\n<ul>\n<li><span style=\"text-decoration: underline\"><strong>LUNDI 3 JUILLET<\/strong><\/span> <strong>\u00e0 11 h<\/strong> : <span style=\"text-decoration: underline\">Visite du chantier de r\u00e9habilitation du 70 rue Chaponnay<\/span>. Visite de chantier de la future r\u00e9sidence Le S\u00e9maphore. (Angle des rues Chaponnay et de Cr\u00e9qui)<\/li>\n<li>&amp; <strong>\u00e0 22 H<\/strong>: <span style=\"text-decoration: underline\">TOILES D\u2019ETE<\/span>: Cet \u00e9t\u00e9, les Inattendus d\u00e9ploient leur \u00e9cran de 9 m\u00e8tres et vous invitent \u00e0 [re]d\u00e9couvrir de petits bijoux pour des toiles d\u2019\u00e9t\u00e9 enti\u00e8rement consacr\u00e9es au format cin\u00e9mascope! Du cin\u00e9ma en plein air sur tr\u00e8s grand \u00e9cran. (<strong>Place Bahadourian (3\/07), Place Voltaire (10\/07) &amp; Esplanade Nelson Mandela (17\/07))<\/strong><\/li>\n<li>\n<div><span style=\"text-decoration: underline\"><strong>MARDI 4 JUILLET de 18 h \u00e0 19 h<\/strong><\/span>: <span style=\"text-decoration: underline\">Atelier d\u00e9couverte : THEATRE<\/span>. Venez d\u00e9couvrir la pratique th\u00e9\u00e2trale dans une ambiance ludique, conviviale et estivale ! Manifestation propos\u00e9e par la compagnie Cit\u00e9\u00e2tre.<\/div>\n<div>Des com\u00e9diens proposent et encadrent une s\u00e9rie de jeux autour de l\u2019expression corporelle, vocale, \u00e9motionnelle. De la musique est diffus\u00e9e lors de certains exercices pour soutenir les propositions.Les jeux sont \u00e9tudi\u00e9s pour permettre \u00e0 chacun de d\u00e9couvrir le th\u00e9\u00e2tre avec facilit\u00e9 et dans le plaisir quel que soit son \u00e2ge, son origine et sa situation socioculturelle. Parents et leurs enfants (d\u00e8s 7 ans) sont les bienvenus. Parc Sisley, 8 rue professeur Paul Sisley: contact@citeatre.fr <strong>&amp; \u00e0 18 h 30<\/strong>: <span style=\"text-decoration: underline\">R\u00e9union Publique De Restitution de l&rsquo;\u00e9valuation Impact Sant\u00e9 du Parc Zenith<\/span>. (EIS). La Ville de Lyon a souhait\u00e9 mener une \u00e9valuation d\u2019impact sur la sant\u00e9 (EIS) dans le cadre de la cr\u00e9ation du nouveau parc Z\u00e9nith sur le site des anciennes usines RVI.(Ecole Emile Cohl, 1 rue F\u00e9lix Rolet) &amp; <strong>de 16 h 30 \u00e0 0 h<\/strong>: <span style=\"text-decoration: underline\">LA GUILL\u2019EN FETE<\/span>. Une 14\u00b0 \u00e9dition plac\u00e9e sous le signe de la surprise. Les animations pour les enfants, ludiques ou sportives, d\u00e9butent la f\u00eate, les concerts, bals, ou spectacles de rue, la cl\u00f4turent.<\/div>\n<div>Entre ces deux temps, les tables sont dress\u00e9es pour un repas de quartier o\u00f9 tout le monde peut amener \u00e0 manger. (Le 4 juillet, place Voltaire et le 11 juillet place Guichard). Maison Pour Tous T\u00e9l: 04.78.60.64.01<\/div>\n<\/li>\n<li>\n<div><span style=\"text-decoration: underline\"><strong>MERCREDI 5 JUILLET de 18 h 30 \u00e0 19 h 45<\/strong><\/span>: <span style=\"text-decoration: underline\">YUMI DUO, ETHNO -ELECTRO -JAZZ<\/span>. A la crois\u00e9e des chemins entre jazz et musique du monde, YuMiDuo emm\u00e8ne petits et grands dans un univers musical unique et<\/div>\n<div>\n<div>insolite. Les percussions intrigantes se m\u00ealent aux m\u00e9lodies envo\u00fbtantes de la clarinette. (Place Sainte-Anne). &amp; <strong>de 16 h \u00e0 18 h<\/strong> : <span style=\"text-decoration: underline\">CHIC, DE L\u2019ARCHI<\/span> ! Ateliers jeune public sur la transformation de la Gare de la Part-Dieu. Comment construire une gare, organiser ses services ? Retrouvez \u00e9galement ces ateliers le 8 juillet (10 h \u00e0 12 h). (Maison du projet Part-Dieu \u2013 192 rue Garibaldi). contact@chicdelarchi.fr<\/div>\n<\/div>\n<div>&#8211; <span style=\"text-decoration: underline\"><strong>MARDI 11 JUILLET \u00e0 19 h<\/strong><\/span>: <span style=\"text-decoration: underline\">VERNISSAGE DE L\u2019EXPOSITION DE L\u2019UNICEF<\/span>. Du 10 au 22 juillet, une<\/div>\n<div>\n<div>\n<div>exposition consacr\u00e9e au 70\u00b0 anniversaire de l\u2019Unicef dans la salle d\u2019exposition de la mairie du 3\u00b0<\/div>\n<div>arrondissement.<\/div>\n<div>&#8211; <span style=\"text-decoration: underline\"><strong>MERCREDI 12 JUILLET de 18 h 30 \u00e0 22 h 30<\/strong><\/span> : <span style=\"text-decoration: underline\">BANQUET REPUBLICAIN<\/span>. Apr\u00e8s le succ\u00e8s de sa 1\u00b0 \u00e9dition, le 3\u00b0 arrondissement se rassemble \u00e0 nouveau pour un moment convivial et festif. Au programme<\/div>\n<div>\n<div>: ap\u00e9ritif des conseils de quartier, exposition, flashmob citoyen organis\u00e9 avec la MPT des Rancy, danse,<\/div>\n<div>foodtrucks pour se restaurer. L\u2019occasion \u00e9galement d\u2019honorer les citoyen (nes) d\u2019honneur du 3\u00b0arrondissement.<\/div>\n<div>La remise des m\u00e9dailles aura lieu \u00e0 19 H 30. (Place Charles de Gaulle).<\/div>\n<div>&#8211; <span style=\"text-decoration: underline\"><strong>JEUDI 13 ET VENDREDI 14 JUILLET \u00e0 21 h<\/strong><\/span>: <span style=\"text-decoration: underline\">BAL DES POMPIERS. <\/span>Comme chaque ann\u00e9e, la caserne Lyon Corneille vous invite au traditionnel bal des pompiers, \u00e9v\u00e8nement incontournable des festivit\u00e9s du 14 juillet ! (Caserne 78 Rue Pierre Corneille).<\/div>\n<div>&#8211; <span style=\"text-decoration: underline\"><strong>DIMANCHE 23 JUILLET de 19 h 30 \u00e0 23 h<\/strong><\/span>: <span style=\"text-decoration: underline\">TANGO ARGENTIN<\/span>.Venez danser et vous initier aux plaisirs du tango lors des bals en plein air propos\u00e9s par l\u2019association Tango de Soie. Au programme: le dimanche 23 juillet et le dimanche 20 ao\u00fbt : initiation \u00e0 20 h, rencontres, convivialit\u00e9 aux parfums de l&rsquo; Argentine. (18-20 quai Augagneur).<\/div>\n<div>&#8211; <span style=\"text-decoration: underline\"><strong>SAMEDI 29 JUILLET de 17 h \u00e0 23 h 30<\/strong> : CINE-FAMILLE<\/span>. L\u2019enfant et les familles au c\u0153ur d\u2019une soir\u00e9e de cin\u00e9ma. D\u00e8s la fin d\u2019apr\u00e8s-midi, ateliers ouverts \u00e0 tous: par une participation ludique, les enfants d\u00e9couvrent le cin\u00e9ma et l\u2019envers du d\u00e9cor.Un programme de courts-m\u00e9trages d\u00e9butera, \u00e0 la tomb\u00e9e de la nuit, autour de la th\u00e9matique des \u00ab\u00e9tranges cr\u00e9atures\u00bb. S\u00e9ance propos\u00e9e par l\u2019association Nu\u00e9es d\u2019Images. (Esplanade Nelson Mandela).contact@nueesdimages.fr<\/div>\n<div>&#8211; <span style=\"text-decoration: underline\"><strong>MARDI 1\u00b0 AOUT \u00e0 18 h &amp; 20 h 30<\/strong><\/span>: \u00ab\u00a0<span style=\"text-decoration: underline\">OU ON VA PAPA ?<\/span>\u00ab\u00a0Jean-Louis Fournier a eu deux enfants gravement handicap\u00e9s,\u00abla t\u00eate pleine de paille\u00bb dit-il simplement. C\u2019est avec un humour absurde et avec finesse, qu\u2019il nous confie sa mani\u00e8re de vivre le handicap. On \u00e9coute la dr\u00f4lerie se m\u00e9langer \u00e0 la trag\u00e9die, le malheur se m\u00ealer \u00e0 l\u2019amour. Pas toujours facile d\u2019\u00eatre papa. (Parc Kaplan). Cie Novecento. T\u00e9l: 06. 95. 49. 00. 98<\/div>\n<div>&#8211; <span style=\"text-decoration: underline\"><strong>MERCREDI 2 AOUT de 20 h \u00e0 21 h<\/strong><\/span>: <span style=\"text-decoration: underline\">SUCRERIES BOLIVIENNES<\/span>. Des rythmes festifs, des textes po\u00e9tiques, des fantaisies vocales et instrumentales: d\u00e9couvrez la musique baroque et traditionnelle sous un autre jour. L\u2019Ensemble Alkymia vous emm\u00e8ne d\u00e9couvrir les tr\u00e9sors musicaux de Sucre (anciennement La Plata, vice-royaut\u00e9 espagnole). Danses traditionnelles boliviennes et espagnoles se joignent \u00e0 cette panoplie de vie et de joie. (Parc Kaplan). Ensemble Alkymia. T\u00e9l. 06. 71. 89. 19. 62<\/div>\n<div>&#8211; <span style=\"text-decoration: underline\"><strong>JEUDI 10 AOUT de 19 h \u00e0 20 h<\/strong>: CROOT ET LE CAPITAINE GARATOAH<\/span>. Th\u00e9\u00e2tre jeune public d\u00e8s 5 ans. Combats d\u2019\u00e9p\u00e9es, joutes de mots, explosions magiques et poudre \u00e0 canon. A l\u2019abordage! Un spectacle de Terry Pellet et Camille Burnichon. (Aire de jeux Bonnel, angle des rues Moncey et Dunoir).\u00a0 cierelativement@gmail.com<\/div>\n<div>&#8211; <span style=\"text-decoration: underline\"><strong>MERCREDI 30 AOUT de 18 h \u00e0 20 h<\/strong><\/span>: <span style=\"text-decoration: underline\">MONSIEUR BAROCK<\/span>. Laissez-vous porter par cette voix hors du commun pourred\u00e9couvrir le r\u00e9pertoire d\u2019hier \u00e0 aujourd\u2019hui. De Purcell \u00e0 Balavoine, un voyage musical \u00e0 partager ! (Place Guichard) : contact@sprezzatura.fr<\/div>\n<\/div>\n<\/div>\n<\/div>\n<div><\/div>\n<\/li>\n<\/ul>\n<h4>Retrouvez l&rsquo;ACTU du 3\u00b0 sur: <a href=\"http:\/\/www.mairie3.lyon.fr\/page\/accueil_3.html\" target=\"_blank\" rel=\"noopener noreferrer\">http:\/\/www.mairie3.lyon.fr\/page\/accueil_3.html<\/a><\/h4>\n","protected":false},"excerpt":{"rendered":"<p>Nombreux sont les \u00e9v\u00e8nements pr\u00e9vus en Juillet et Ao\u00fbt sur l&rsquo; arrondissement, d\u00e9couvrez le programme: LUNDI 3 JUILLET \u00e0 11 h : Visite du chantier de r\u00e9habilitation du 70 rue Chaponnay. Visite de chantier de la future r\u00e9sidence Le S\u00e9maphore. (Angle des rues Chaponnay et de Cr\u00e9qui) &amp; \u00e0 22 H: TOILES D\u2019ETE: Cet \u00e9t\u00e9, [&hellip;]<\/p>\n","protected":false},"author":4,"featured_media":8840,"comment_status":"open","ping_status":"open","sticky":false,"template":"","format":"standard","meta":{"footnotes":""},"categories":[1625],"tags":[],"class_list":["post-30717","post","type-post","status-publish","format-standard","has-post-thumbnail","hentry","category-lyon"],"yoast_head":"<!-- This site is optimized with the Yoast SEO plugin v27.2 - https:\/\/yoast.com\/product\/yoast-seo-wordpress\/ -->\n<title>LYON 3\u00b0 : D\u00e9couvrez l&#039;Agenda des \u00e9v\u00e8nements de Juillet et Ao\u00fbt !<\/title>\n<meta name=\"description\" content=\"LYON 3\u00b0 : D\u00e9couvrez l&#039;Agenda des \u00e9v\u00e8nements de Juillet et Ao\u00fbt !\" \/>\n<meta name=\"robots\" content=\"index, follow, max-snippet:-1, max-image-preview:large, max-video-preview:-1\" \/>\n<link rel=\"canonical\" href=\"https:\/\/newsestlyonnais.fr\/site\/2017\/07\/04\/lyon-3-agenda-evenements-de-juillet-aout\/\" \/>\n<meta property=\"og:locale\" content=\"fr_FR\" \/>\n<meta property=\"og:type\" content=\"article\" \/>\n<meta property=\"og:title\" content=\"LYON 3\u00b0 : D\u00e9couvrez l&#039;Agenda des \u00e9v\u00e8nements de Juillet et Ao\u00fbt !\" \/>\n<meta property=\"og:description\" content=\"LYON 3\u00b0 : D\u00e9couvrez l&#039;Agenda des \u00e9v\u00e8nements de Juillet et Ao\u00fbt !\" \/>\n<meta property=\"og:url\" content=\"https:\/\/newsestlyonnais.fr\/site\/2017\/07\/04\/lyon-3-agenda-evenements-de-juillet-aout\/\" \/>\n<meta property=\"og:site_name\" content=\"News Est Lyonnais\" \/>\n<meta property=\"article:author\" content=\"https:\/\/www.facebook.com\/pascal.oberson.1?fref=ts\" \/>\n<meta property=\"article:published_time\" content=\"2017-07-04T10:31:57+00:00\" \/>\n<meta property=\"article:modified_time\" content=\"2020-11-19T15:48:13+00:00\" \/>\n<meta property=\"og:image\" content=\"https:\/\/i1.wp.com\/newsestlyonnais.fr\/site\/wp-content\/uploads\/2016\/06\/NEWSESTLYONNAIS-LYON-PANNEAUP1100180.jpg?fit=1000%2C750&ssl=1\" \/>\n\t<meta property=\"og:image:width\" content=\"1000\" \/>\n\t<meta property=\"og:image:height\" content=\"750\" \/>\n\t<meta property=\"og:image:type\" content=\"image\/jpeg\" \/>\n<meta name=\"author\" content=\"R\u00e9dac. NEWS\" \/>\n<meta name=\"twitter:card\" content=\"summary_large_image\" \/>\n<meta name=\"twitter:label1\" content=\"\u00c9crit par\" \/>\n\t<meta name=\"twitter:data1\" content=\"R\u00e9dac. NEWS\" \/>\n\t<meta name=\"twitter:label2\" content=\"Dur\u00e9e de lecture estim\u00e9e\" \/>\n\t<meta name=\"twitter:data2\" content=\"5 minutes\" \/>\n<script type=\"application\/ld+json\" class=\"yoast-schema-graph\">{\"@context\":\"https:\/\/schema.org\",\"@graph\":[{\"@type\":\"Article\",\"@id\":\"https:\/\/newsestlyonnais.fr\/site\/2017\/07\/04\/lyon-3-agenda-evenements-de-juillet-aout\/#article\",\"isPartOf\":{\"@id\":\"https:\/\/newsestlyonnais.fr\/site\/2017\/07\/04\/lyon-3-agenda-evenements-de-juillet-aout\/\"},\"author\":{\"name\":\"R\u00e9dac. NEWS\",\"@id\":\"https:\/\/newsestlyonnais.fr\/site\/#\/schema\/person\/3230d5615f390bb808365d673001e887\"},\"headline\":\"LYON 3 | Agenda des \u00e9v\u00e8nements de Juillet et Ao\u00fbt\",\"datePublished\":\"2017-07-04T10:31:57+00:00\",\"dateModified\":\"2020-11-19T15:48:13+00:00\",\"mainEntityOfPage\":{\"@id\":\"https:\/\/newsestlyonnais.fr\/site\/2017\/07\/04\/lyon-3-agenda-evenements-de-juillet-aout\/\"},\"wordCount\":992,\"commentCount\":0,\"publisher\":{\"@id\":\"https:\/\/newsestlyonnais.fr\/site\/#organization\"},\"image\":{\"@id\":\"https:\/\/newsestlyonnais.fr\/site\/2017\/07\/04\/lyon-3-agenda-evenements-de-juillet-aout\/#primaryimage\"},\"thumbnailUrl\":\"https:\/\/newsestlyonnais.fr\/site\/wp-content\/uploads\/2016\/06\/NEWSESTLYONNAIS-LYON-PANNEAUP1100180.jpg\",\"articleSection\":[\"Lyon\"],\"inLanguage\":\"fr-FR\",\"potentialAction\":[{\"@type\":\"CommentAction\",\"name\":\"Comment\",\"target\":[\"https:\/\/newsestlyonnais.fr\/site\/2017\/07\/04\/lyon-3-agenda-evenements-de-juillet-aout\/#respond\"]}]},{\"@type\":\"WebPage\",\"@id\":\"https:\/\/newsestlyonnais.fr\/site\/2017\/07\/04\/lyon-3-agenda-evenements-de-juillet-aout\/\",\"url\":\"https:\/\/newsestlyonnais.fr\/site\/2017\/07\/04\/lyon-3-agenda-evenements-de-juillet-aout\/\",\"name\":\"LYON 3\u00b0 : D\u00e9couvrez l'Agenda des \u00e9v\u00e8nements de Juillet et Ao\u00fbt !\",\"isPartOf\":{\"@id\":\"https:\/\/newsestlyonnais.fr\/site\/#website\"},\"primaryImageOfPage\":{\"@id\":\"https:\/\/newsestlyonnais.fr\/site\/2017\/07\/04\/lyon-3-agenda-evenements-de-juillet-aout\/#primaryimage\"},\"image\":{\"@id\":\"https:\/\/newsestlyonnais.fr\/site\/2017\/07\/04\/lyon-3-agenda-evenements-de-juillet-aout\/#primaryimage\"},\"thumbnailUrl\":\"https:\/\/newsestlyonnais.fr\/site\/wp-content\/uploads\/2016\/06\/NEWSESTLYONNAIS-LYON-PANNEAUP1100180.jpg\",\"datePublished\":\"2017-07-04T10:31:57+00:00\",\"dateModified\":\"2020-11-19T15:48:13+00:00\",\"description\":\"LYON 3\u00b0 : D\u00e9couvrez l'Agenda des \u00e9v\u00e8nements de Juillet et Ao\u00fbt !\",\"breadcrumb\":{\"@id\":\"https:\/\/newsestlyonnais.fr\/site\/2017\/07\/04\/lyon-3-agenda-evenements-de-juillet-aout\/#breadcrumb\"},\"inLanguage\":\"fr-FR\",\"potentialAction\":[{\"@type\":\"ReadAction\",\"target\":[\"https:\/\/newsestlyonnais.fr\/site\/2017\/07\/04\/lyon-3-agenda-evenements-de-juillet-aout\/\"]}]},{\"@type\":\"ImageObject\",\"inLanguage\":\"fr-FR\",\"@id\":\"https:\/\/newsestlyonnais.fr\/site\/2017\/07\/04\/lyon-3-agenda-evenements-de-juillet-aout\/#primaryimage\",\"url\":\"https:\/\/newsestlyonnais.fr\/site\/wp-content\/uploads\/2016\/06\/NEWSESTLYONNAIS-LYON-PANNEAUP1100180.jpg\",\"contentUrl\":\"https:\/\/newsestlyonnais.fr\/site\/wp-content\/uploads\/2016\/06\/NEWSESTLYONNAIS-LYON-PANNEAUP1100180.jpg\",\"width\":1000,\"height\":750,\"caption\":\"NEWSESTLYONNAIS - LYON PANNEAU\"},{\"@type\":\"BreadcrumbList\",\"@id\":\"https:\/\/newsestlyonnais.fr\/site\/2017\/07\/04\/lyon-3-agenda-evenements-de-juillet-aout\/#breadcrumb\",\"itemListElement\":[{\"@type\":\"ListItem\",\"position\":1,\"name\":\"Accueil\",\"item\":\"https:\/\/newsestlyonnais.fr\/site\/\"},{\"@type\":\"ListItem\",\"position\":2,\"name\":\"LYON 3 | Agenda des \u00e9v\u00e8nements de Juillet et Ao\u00fbt\"}]},{\"@type\":\"WebSite\",\"@id\":\"https:\/\/newsestlyonnais.fr\/site\/#website\",\"url\":\"https:\/\/newsestlyonnais.fr\/site\/\",\"name\":\"News Est Lyonnais\",\"description\":\"L&#039;actualit\u00e9 au plus pr\u00e8s\",\"publisher\":{\"@id\":\"https:\/\/newsestlyonnais.fr\/site\/#organization\"},\"potentialAction\":[{\"@type\":\"SearchAction\",\"target\":{\"@type\":\"EntryPoint\",\"urlTemplate\":\"https:\/\/newsestlyonnais.fr\/site\/?s={search_term_string}\"},\"query-input\":{\"@type\":\"PropertyValueSpecification\",\"valueRequired\":true,\"valueName\":\"search_term_string\"}}],\"inLanguage\":\"fr-FR\"},{\"@type\":\"Organization\",\"@id\":\"https:\/\/newsestlyonnais.fr\/site\/#organization\",\"name\":\"News EST LYONNAIS\",\"url\":\"https:\/\/newsestlyonnais.fr\/site\/\",\"logo\":{\"@type\":\"ImageObject\",\"inLanguage\":\"fr-FR\",\"@id\":\"https:\/\/newsestlyonnais.fr\/site\/#\/schema\/logo\/image\/\",\"url\":\"\",\"contentUrl\":\"\",\"caption\":\"News EST LYONNAIS\"},\"image\":{\"@id\":\"https:\/\/newsestlyonnais.fr\/site\/#\/schema\/logo\/image\/\"}},{\"@type\":\"Person\",\"@id\":\"https:\/\/newsestlyonnais.fr\/site\/#\/schema\/person\/3230d5615f390bb808365d673001e887\",\"name\":\"R\u00e9dac. NEWS\",\"sameAs\":[\"http:\/\/www.newsestlyonnais.fr\",\"https:\/\/www.facebook.com\/pascal.oberson.1?fref=ts\",\"https:\/\/fr.linkedin.com\/in\/pascal-oberson-b17045113\"],\"url\":\"https:\/\/newsestlyonnais.fr\/site\/author\/nel\/\"}]}<\/script>\n<!-- \/ Yoast SEO plugin. -->","yoast_head_json":{"title":"LYON 3\u00b0 : D\u00e9couvrez l'Agenda des \u00e9v\u00e8nements de Juillet et Ao\u00fbt !","description":"LYON 3\u00b0 : D\u00e9couvrez l'Agenda des \u00e9v\u00e8nements de Juillet et Ao\u00fbt !","robots":{"index":"index","follow":"follow","max-snippet":"max-snippet:-1","max-image-preview":"max-image-preview:large","max-video-preview":"max-video-preview:-1"},"canonical":"https:\/\/newsestlyonnais.fr\/site\/2017\/07\/04\/lyon-3-agenda-evenements-de-juillet-aout\/","og_locale":"fr_FR","og_type":"article","og_title":"LYON 3\u00b0 : D\u00e9couvrez l'Agenda des \u00e9v\u00e8nements de Juillet et Ao\u00fbt !","og_description":"LYON 3\u00b0 : D\u00e9couvrez l'Agenda des \u00e9v\u00e8nements de Juillet et Ao\u00fbt !","og_url":"https:\/\/newsestlyonnais.fr\/site\/2017\/07\/04\/lyon-3-agenda-evenements-de-juillet-aout\/","og_site_name":"News Est Lyonnais","article_author":"https:\/\/www.facebook.com\/pascal.oberson.1?fref=ts","article_published_time":"2017-07-04T10:31:57+00:00","article_modified_time":"2020-11-19T15:48:13+00:00","og_image":[{"width":1000,"height":750,"url":"https:\/\/i1.wp.com\/newsestlyonnais.fr\/site\/wp-content\/uploads\/2016\/06\/NEWSESTLYONNAIS-LYON-PANNEAUP1100180.jpg?fit=1000%2C750&ssl=1","type":"image\/jpeg"}],"author":"R\u00e9dac. NEWS","twitter_card":"summary_large_image","twitter_misc":{"\u00c9crit par":"R\u00e9dac. NEWS","Dur\u00e9e de lecture estim\u00e9e":"5 minutes"},"schema":{"@context":"https:\/\/schema.org","@graph":[{"@type":"Article","@id":"https:\/\/newsestlyonnais.fr\/site\/2017\/07\/04\/lyon-3-agenda-evenements-de-juillet-aout\/#article","isPartOf":{"@id":"https:\/\/newsestlyonnais.fr\/site\/2017\/07\/04\/lyon-3-agenda-evenements-de-juillet-aout\/"},"author":{"name":"R\u00e9dac. NEWS","@id":"https:\/\/newsestlyonnais.fr\/site\/#\/schema\/person\/3230d5615f390bb808365d673001e887"},"headline":"LYON 3 | Agenda des \u00e9v\u00e8nements de Juillet et Ao\u00fbt","datePublished":"2017-07-04T10:31:57+00:00","dateModified":"2020-11-19T15:48:13+00:00","mainEntityOfPage":{"@id":"https:\/\/newsestlyonnais.fr\/site\/2017\/07\/04\/lyon-3-agenda-evenements-de-juillet-aout\/"},"wordCount":992,"commentCount":0,"publisher":{"@id":"https:\/\/newsestlyonnais.fr\/site\/#organization"},"image":{"@id":"https:\/\/newsestlyonnais.fr\/site\/2017\/07\/04\/lyon-3-agenda-evenements-de-juillet-aout\/#primaryimage"},"thumbnailUrl":"https:\/\/newsestlyonnais.fr\/site\/wp-content\/uploads\/2016\/06\/NEWSESTLYONNAIS-LYON-PANNEAUP1100180.jpg","articleSection":["Lyon"],"inLanguage":"fr-FR","potentialAction":[{"@type":"CommentAction","name":"Comment","target":["https:\/\/newsestlyonnais.fr\/site\/2017\/07\/04\/lyon-3-agenda-evenements-de-juillet-aout\/#respond"]}]},{"@type":"WebPage","@id":"https:\/\/newsestlyonnais.fr\/site\/2017\/07\/04\/lyon-3-agenda-evenements-de-juillet-aout\/","url":"https:\/\/newsestlyonnais.fr\/site\/2017\/07\/04\/lyon-3-agenda-evenements-de-juillet-aout\/","name":"LYON 3\u00b0 : D\u00e9couvrez l'Agenda des \u00e9v\u00e8nements de Juillet et Ao\u00fbt !","isPartOf":{"@id":"https:\/\/newsestlyonnais.fr\/site\/#website"},"primaryImageOfPage":{"@id":"https:\/\/newsestlyonnais.fr\/site\/2017\/07\/04\/lyon-3-agenda-evenements-de-juillet-aout\/#primaryimage"},"image":{"@id":"https:\/\/newsestlyonnais.fr\/site\/2017\/07\/04\/lyon-3-agenda-evenements-de-juillet-aout\/#primaryimage"},"thumbnailUrl":"https:\/\/newsestlyonnais.fr\/site\/wp-content\/uploads\/2016\/06\/NEWSESTLYONNAIS-LYON-PANNEAUP1100180.jpg","datePublished":"2017-07-04T10:31:57+00:00","dateModified":"2020-11-19T15:48:13+00:00","description":"LYON 3\u00b0 : D\u00e9couvrez l'Agenda des \u00e9v\u00e8nements de Juillet et Ao\u00fbt !","breadcrumb":{"@id":"https:\/\/newsestlyonnais.fr\/site\/2017\/07\/04\/lyon-3-agenda-evenements-de-juillet-aout\/#breadcrumb"},"inLanguage":"fr-FR","potentialAction":[{"@type":"ReadAction","target":["https:\/\/newsestlyonnais.fr\/site\/2017\/07\/04\/lyon-3-agenda-evenements-de-juillet-aout\/"]}]},{"@type":"ImageObject","inLanguage":"fr-FR","@id":"https:\/\/newsestlyonnais.fr\/site\/2017\/07\/04\/lyon-3-agenda-evenements-de-juillet-aout\/#primaryimage","url":"https:\/\/newsestlyonnais.fr\/site\/wp-content\/uploads\/2016\/06\/NEWSESTLYONNAIS-LYON-PANNEAUP1100180.jpg","contentUrl":"https:\/\/newsestlyonnais.fr\/site\/wp-content\/uploads\/2016\/06\/NEWSESTLYONNAIS-LYON-PANNEAUP1100180.jpg","width":1000,"height":750,"caption":"NEWSESTLYONNAIS - LYON PANNEAU"},{"@type":"BreadcrumbList","@id":"https:\/\/newsestlyonnais.fr\/site\/2017\/07\/04\/lyon-3-agenda-evenements-de-juillet-aout\/#breadcrumb","itemListElement":[{"@type":"ListItem","position":1,"name":"Accueil","item":"https:\/\/newsestlyonnais.fr\/site\/"},{"@type":"ListItem","position":2,"name":"LYON 3 | Agenda des \u00e9v\u00e8nements de Juillet et Ao\u00fbt"}]},{"@type":"WebSite","@id":"https:\/\/newsestlyonnais.fr\/site\/#website","url":"https:\/\/newsestlyonnais.fr\/site\/","name":"News Est Lyonnais","description":"L&#039;actualit\u00e9 au plus pr\u00e8s","publisher":{"@id":"https:\/\/newsestlyonnais.fr\/site\/#organization"},"potentialAction":[{"@type":"SearchAction","target":{"@type":"EntryPoint","urlTemplate":"https:\/\/newsestlyonnais.fr\/site\/?s={search_term_string}"},"query-input":{"@type":"PropertyValueSpecification","valueRequired":true,"valueName":"search_term_string"}}],"inLanguage":"fr-FR"},{"@type":"Organization","@id":"https:\/\/newsestlyonnais.fr\/site\/#organization","name":"News EST LYONNAIS","url":"https:\/\/newsestlyonnais.fr\/site\/","logo":{"@type":"ImageObject","inLanguage":"fr-FR","@id":"https:\/\/newsestlyonnais.fr\/site\/#\/schema\/logo\/image\/","url":"","contentUrl":"","caption":"News EST LYONNAIS"},"image":{"@id":"https:\/\/newsestlyonnais.fr\/site\/#\/schema\/logo\/image\/"}},{"@type":"Person","@id":"https:\/\/newsestlyonnais.fr\/site\/#\/schema\/person\/3230d5615f390bb808365d673001e887","name":"R\u00e9dac. NEWS","sameAs":["http:\/\/www.newsestlyonnais.fr","https:\/\/www.facebook.com\/pascal.oberson.1?fref=ts","https:\/\/fr.linkedin.com\/in\/pascal-oberson-b17045113"],"url":"https:\/\/newsestlyonnais.fr\/site\/author\/nel\/"}]}},"_links":{"self":[{"href":"https:\/\/newsestlyonnais.fr\/site\/wp-json\/wp\/v2\/posts\/30717","targetHints":{"allow":["GET"]}}],"collection":[{"href":"https:\/\/newsestlyonnais.fr\/site\/wp-json\/wp\/v2\/posts"}],"about":[{"href":"https:\/\/newsestlyonnais.fr\/site\/wp-json\/wp\/v2\/types\/post"}],"author":[{"embeddable":true,"href":"https:\/\/newsestlyonnais.fr\/site\/wp-json\/wp\/v2\/users\/4"}],"replies":[{"embeddable":true,"href":"https:\/\/newsestlyonnais.fr\/site\/wp-json\/wp\/v2\/comments?post=30717"}],"version-history":[{"count":0,"href":"https:\/\/newsestlyonnais.fr\/site\/wp-json\/wp\/v2\/posts\/30717\/revisions"}],"wp:featuredmedia":[{"embeddable":true,"href":"https:\/\/newsestlyonnais.fr\/site\/wp-json\/wp\/v2\/media\/8840"}],"wp:attachment":[{"href":"https:\/\/newsestlyonnais.fr\/site\/wp-json\/wp\/v2\/media?parent=30717"}],"wp:term":[{"taxonomy":"category","embeddable":true,"href":"https:\/\/newsestlyonnais.fr\/site\/wp-json\/wp\/v2\/categories?post=30717"},{"taxonomy":"post_tag","embeddable":true,"href":"https:\/\/newsestlyonnais.fr\/site\/wp-json\/wp\/v2\/tags?post=30717"}],"curies":[{"name":"wp","href":"https:\/\/api.w.org\/{rel}","templated":true}]}}