{"id":30802,"date":"2017-06-30T13:02:33","date_gmt":"2017-06-30T12:02:33","guid":{"rendered":"http:\/\/newsestlyonnais.fr\/site\/?p=30802"},"modified":"2020-10-30T20:54:51","modified_gmt":"2020-10-30T19:54:51","slug":"lyon-sprint-evolution-cycliste-nicolas-verne-champion-regional-cadet","status":"publish","type":"post","link":"https:\/\/newsestlyonnais.fr\/site\/2017\/06\/30\/lyon-sprint-evolution-cycliste-nicolas-verne-champion-regional-cadet\/","title":{"rendered":"LYON Sprint Evolution | Le cycliste Nicolas Verne, champion r\u00e9gional cadet"},"content":{"rendered":"<h4>Les couleurs de Lyon Sprint Evolution ont brill\u00e9 lors du dernier week-end de juin au championnat Auvergne-Rh\u00f4ne-Alpes de l\u2019Avenir de cyclisme disput\u00e9 \u00e0 Corbelin (Is\u00e8re).<\/h4>\n<p>Nicolas Verne a en effet termin\u00e9 \u00e0 la 1\u00b0 place de ce championnat r\u00e9gional dans la cat\u00e9gorie cadets et le r\u00e9sultat de l\u2019ensemble de l\u2019\u00e9quipe a \u00e9t\u00e9 remarquable. Cette \u00e9preuve \u00e9tait l\u2019objectif num\u00e9ro un des cadets du club lyonnais et cette performance de tr\u00e8s haut niveau est l\u2019aboutissement du travail accompli par ces jeunes depuis le d\u00e9but de la saison.<\/p>\n<p>L&rsquo;entraineur Micka\u00ebl Buffaz a planifi\u00e9, depuis plusieurs mois, les entrainements et le cycle de comp\u00e9titions pour un pic de forme des coureurs sur cet objectif. Ce r\u00e9sultat gomme les incertitudes ou les doutes qui sont, parfois, venu troubler ses nuits. Il conforte les dirigeants dans leur projet de club avec, entre autres, la mise en place du Centre de Formation au sein de l\u2019Ecole de Cyclisme et la diffusion de valeurs comme l\u2019esprit d\u2019\u00e9quipe, l\u2019amiti\u00e9, le respect des autres, l\u2019abn\u00e9gation pour autrui.<\/p>\n<p>Cette dynamique doit motiver tout le club pour les \u00e9ch\u00e9ances importantes qui arrivent cet \u00e9t\u00e9 : Course Internationale de Bilbao et championnat de France sur Route (cadets) et sur Piste (Minimes, Cadets, Elite).<\/p>\n<ul>\n<li><strong>Retrouvez toute l&rsquo;ACTU du club sur: <a href=\"http:\/\/www.lyon-cyclisme.fr\" target=\"_blank\" rel=\"noopener noreferrer\">http:\/\/www.lyon-cyclisme.fr<\/a><\/strong><\/li>\n<\/ul>\n<div id='gallery-1' class='gallery galleryid-30802 gallery-columns-3 gallery-size-thumbnail'><figure class='gallery-item'>\n\t\t\t<div class='gallery-icon landscape'>\n\t\t\t\t<a href='https:\/\/newsestlyonnais.fr\/site\/2017\/06\/30\/lyon-sprint-evolution-cycliste-nicolas-verne-champion-regional-cadet\/newsestlyonnais-lyon-sprint-cham\/'><img loading=\"lazy\" decoding=\"async\" width=\"150\" height=\"150\" src=\"https:\/\/newsestlyonnais.fr\/site\/wp-content\/uploads\/2017\/06\/NEWSESTLYONNAIS-LYON-SPRINT-CHAM--150x150.jpg\" class=\"attachment-thumbnail size-thumbnail\" alt=\"NEWSESTLYONNAIS - LYON SPRINT CHAM\" \/><\/a>\n\t\t\t<\/div><\/figure><figure class='gallery-item'>\n\t\t\t<div class='gallery-icon landscape'>\n\t\t\t\t<a href='https:\/\/newsestlyonnais.fr\/site\/2017\/06\/30\/lyon-sprint-evolution-cycliste-nicolas-verne-champion-regional-cadet\/image031\/'><img loading=\"lazy\" decoding=\"async\" width=\"150\" height=\"150\" src=\"https:\/\/newsestlyonnais.fr\/site\/wp-content\/uploads\/2017\/06\/image031-150x150.jpg\" class=\"attachment-thumbnail size-thumbnail\" alt=\"https:\/\/newsestlyonnais.fr\/site\/medias\/2017\/06\/image031.jpg\" \/><\/a>\n\t\t\t<\/div><\/figure>\n\t\t<\/div>\n\n","protected":false},"excerpt":{"rendered":"<p>Les couleurs de Lyon Sprint Evolution ont brill\u00e9 lors du dernier week-end de juin au championnat Auvergne-Rh\u00f4ne-Alpes de l\u2019Avenir de cyclisme disput\u00e9 \u00e0 Corbelin (Is\u00e8re). Nicolas Verne a en effet termin\u00e9 \u00e0 la 1\u00b0 place de ce championnat r\u00e9gional dans la cat\u00e9gorie cadets et le r\u00e9sultat de l\u2019ensemble de l\u2019\u00e9quipe a \u00e9t\u00e9 remarquable. Cette \u00e9preuve [&hellip;]<\/p>\n","protected":false},"author":4,"featured_media":30812,"comment_status":"open","ping_status":"open","sticky":false,"template":"","format":"standard","meta":{"footnotes":""},"categories":[2969,1625],"tags":[],"class_list":["post-30802","post","type-post","status-publish","format-standard","has-post-thumbnail","hentry","category-cyclisme-cyclo-vtt","category-lyon"],"yoast_head":"<!-- This site is optimized with the Yoast SEO plugin v27.2 - https:\/\/yoast.com\/product\/yoast-seo-wordpress\/ -->\n<title>LYON SPRINT EVOLUTION : Le cycliste Nicolas Verne, champion r\u00e9gional cadet<\/title>\n<meta name=\"description\" content=\"LYON SPRINT EVOLUTION : Le cycliste Nicolas Verne, champion r\u00e9gional cadet\" \/>\n<meta name=\"robots\" content=\"index, follow, max-snippet:-1, max-image-preview:large, max-video-preview:-1\" \/>\n<link rel=\"canonical\" href=\"https:\/\/newsestlyonnais.fr\/site\/2017\/06\/30\/lyon-sprint-evolution-cycliste-nicolas-verne-champion-regional-cadet\/\" \/>\n<meta property=\"og:locale\" content=\"fr_FR\" \/>\n<meta property=\"og:type\" content=\"article\" \/>\n<meta property=\"og:title\" content=\"LYON SPRINT EVOLUTION : Le cycliste Nicolas Verne, champion r\u00e9gional cadet\" \/>\n<meta property=\"og:description\" content=\"LYON SPRINT EVOLUTION : Le cycliste Nicolas Verne, champion r\u00e9gional cadet\" \/>\n<meta property=\"og:url\" content=\"https:\/\/newsestlyonnais.fr\/site\/2017\/06\/30\/lyon-sprint-evolution-cycliste-nicolas-verne-champion-regional-cadet\/\" \/>\n<meta property=\"og:site_name\" content=\"News Est Lyonnais\" \/>\n<meta property=\"article:author\" content=\"https:\/\/www.facebook.com\/pascal.oberson.1?fref=ts\" \/>\n<meta property=\"article:published_time\" content=\"2017-06-30T12:02:33+00:00\" \/>\n<meta property=\"article:modified_time\" content=\"2020-10-30T19:54:51+00:00\" \/>\n<meta property=\"og:image\" content=\"https:\/\/i1.wp.com\/newsestlyonnais.fr\/site\/wp-content\/uploads\/2017\/06\/NEWSESTLYONNAIS-SPRINT.jpg?fit=1000%2C750&ssl=1\" \/>\n\t<meta property=\"og:image:width\" content=\"1000\" \/>\n\t<meta property=\"og:image:height\" content=\"750\" \/>\n\t<meta property=\"og:image:type\" content=\"image\/jpeg\" \/>\n<meta name=\"author\" content=\"R\u00e9dac. NEWS\" \/>\n<meta name=\"twitter:card\" content=\"summary_large_image\" \/>\n<meta name=\"twitter:label1\" content=\"\u00c9crit par\" \/>\n\t<meta name=\"twitter:data1\" content=\"R\u00e9dac. NEWS\" \/>\n\t<meta name=\"twitter:label2\" content=\"Dur\u00e9e de lecture estim\u00e9e\" \/>\n\t<meta name=\"twitter:data2\" content=\"1 minute\" \/>\n<script type=\"application\/ld+json\" class=\"yoast-schema-graph\">{\"@context\":\"https:\/\/schema.org\",\"@graph\":[{\"@type\":\"Article\",\"@id\":\"https:\/\/newsestlyonnais.fr\/site\/2017\/06\/30\/lyon-sprint-evolution-cycliste-nicolas-verne-champion-regional-cadet\/#article\",\"isPartOf\":{\"@id\":\"https:\/\/newsestlyonnais.fr\/site\/2017\/06\/30\/lyon-sprint-evolution-cycliste-nicolas-verne-champion-regional-cadet\/\"},\"author\":{\"name\":\"R\u00e9dac. NEWS\",\"@id\":\"https:\/\/newsestlyonnais.fr\/site\/#\/schema\/person\/3230d5615f390bb808365d673001e887\"},\"headline\":\"LYON Sprint Evolution | Le cycliste Nicolas Verne, champion r\u00e9gional cadet\",\"datePublished\":\"2017-06-30T12:02:33+00:00\",\"dateModified\":\"2020-10-30T19:54:51+00:00\",\"mainEntityOfPage\":{\"@id\":\"https:\/\/newsestlyonnais.fr\/site\/2017\/06\/30\/lyon-sprint-evolution-cycliste-nicolas-verne-champion-regional-cadet\/\"},\"wordCount\":246,\"commentCount\":0,\"publisher\":{\"@id\":\"https:\/\/newsestlyonnais.fr\/site\/#organization\"},\"image\":{\"@id\":\"https:\/\/newsestlyonnais.fr\/site\/2017\/06\/30\/lyon-sprint-evolution-cycliste-nicolas-verne-champion-regional-cadet\/#primaryimage\"},\"thumbnailUrl\":\"https:\/\/newsestlyonnais.fr\/site\/wp-content\/uploads\/2017\/06\/NEWSESTLYONNAIS-SPRINT.jpg\",\"articleSection\":[\"Cyclisme | Cyclo | Vtt\",\"Lyon\"],\"inLanguage\":\"fr-FR\",\"potentialAction\":[{\"@type\":\"CommentAction\",\"name\":\"Comment\",\"target\":[\"https:\/\/newsestlyonnais.fr\/site\/2017\/06\/30\/lyon-sprint-evolution-cycliste-nicolas-verne-champion-regional-cadet\/#respond\"]}]},{\"@type\":\"WebPage\",\"@id\":\"https:\/\/newsestlyonnais.fr\/site\/2017\/06\/30\/lyon-sprint-evolution-cycliste-nicolas-verne-champion-regional-cadet\/\",\"url\":\"https:\/\/newsestlyonnais.fr\/site\/2017\/06\/30\/lyon-sprint-evolution-cycliste-nicolas-verne-champion-regional-cadet\/\",\"name\":\"LYON SPRINT EVOLUTION : Le cycliste Nicolas Verne, champion r\u00e9gional cadet\",\"isPartOf\":{\"@id\":\"https:\/\/newsestlyonnais.fr\/site\/#website\"},\"primaryImageOfPage\":{\"@id\":\"https:\/\/newsestlyonnais.fr\/site\/2017\/06\/30\/lyon-sprint-evolution-cycliste-nicolas-verne-champion-regional-cadet\/#primaryimage\"},\"image\":{\"@id\":\"https:\/\/newsestlyonnais.fr\/site\/2017\/06\/30\/lyon-sprint-evolution-cycliste-nicolas-verne-champion-regional-cadet\/#primaryimage\"},\"thumbnailUrl\":\"https:\/\/newsestlyonnais.fr\/site\/wp-content\/uploads\/2017\/06\/NEWSESTLYONNAIS-SPRINT.jpg\",\"datePublished\":\"2017-06-30T12:02:33+00:00\",\"dateModified\":\"2020-10-30T19:54:51+00:00\",\"description\":\"LYON SPRINT EVOLUTION : Le cycliste Nicolas Verne, champion r\u00e9gional cadet\",\"breadcrumb\":{\"@id\":\"https:\/\/newsestlyonnais.fr\/site\/2017\/06\/30\/lyon-sprint-evolution-cycliste-nicolas-verne-champion-regional-cadet\/#breadcrumb\"},\"inLanguage\":\"fr-FR\",\"potentialAction\":[{\"@type\":\"ReadAction\",\"target\":[\"https:\/\/newsestlyonnais.fr\/site\/2017\/06\/30\/lyon-sprint-evolution-cycliste-nicolas-verne-champion-regional-cadet\/\"]}]},{\"@type\":\"ImageObject\",\"inLanguage\":\"fr-FR\",\"@id\":\"https:\/\/newsestlyonnais.fr\/site\/2017\/06\/30\/lyon-sprint-evolution-cycliste-nicolas-verne-champion-regional-cadet\/#primaryimage\",\"url\":\"https:\/\/newsestlyonnais.fr\/site\/wp-content\/uploads\/2017\/06\/NEWSESTLYONNAIS-SPRINT.jpg\",\"contentUrl\":\"https:\/\/newsestlyonnais.fr\/site\/wp-content\/uploads\/2017\/06\/NEWSESTLYONNAIS-SPRINT.jpg\",\"width\":1000,\"height\":750,\"caption\":\"Championnat de France Rout\"},{\"@type\":\"BreadcrumbList\",\"@id\":\"https:\/\/newsestlyonnais.fr\/site\/2017\/06\/30\/lyon-sprint-evolution-cycliste-nicolas-verne-champion-regional-cadet\/#breadcrumb\",\"itemListElement\":[{\"@type\":\"ListItem\",\"position\":1,\"name\":\"Accueil\",\"item\":\"https:\/\/newsestlyonnais.fr\/site\/\"},{\"@type\":\"ListItem\",\"position\":2,\"name\":\"LYON Sprint Evolution | Le cycliste Nicolas Verne, champion r\u00e9gional cadet\"}]},{\"@type\":\"WebSite\",\"@id\":\"https:\/\/newsestlyonnais.fr\/site\/#website\",\"url\":\"https:\/\/newsestlyonnais.fr\/site\/\",\"name\":\"News Est Lyonnais\",\"description\":\"L&#039;actualit\u00e9 au plus pr\u00e8s\",\"publisher\":{\"@id\":\"https:\/\/newsestlyonnais.fr\/site\/#organization\"},\"potentialAction\":[{\"@type\":\"SearchAction\",\"target\":{\"@type\":\"EntryPoint\",\"urlTemplate\":\"https:\/\/newsestlyonnais.fr\/site\/?s={search_term_string}\"},\"query-input\":{\"@type\":\"PropertyValueSpecification\",\"valueRequired\":true,\"valueName\":\"search_term_string\"}}],\"inLanguage\":\"fr-FR\"},{\"@type\":\"Organization\",\"@id\":\"https:\/\/newsestlyonnais.fr\/site\/#organization\",\"name\":\"News EST LYONNAIS\",\"url\":\"https:\/\/newsestlyonnais.fr\/site\/\",\"logo\":{\"@type\":\"ImageObject\",\"inLanguage\":\"fr-FR\",\"@id\":\"https:\/\/newsestlyonnais.fr\/site\/#\/schema\/logo\/image\/\",\"url\":\"\",\"contentUrl\":\"\",\"caption\":\"News EST LYONNAIS\"},\"image\":{\"@id\":\"https:\/\/newsestlyonnais.fr\/site\/#\/schema\/logo\/image\/\"}},{\"@type\":\"Person\",\"@id\":\"https:\/\/newsestlyonnais.fr\/site\/#\/schema\/person\/3230d5615f390bb808365d673001e887\",\"name\":\"R\u00e9dac. NEWS\",\"sameAs\":[\"http:\/\/www.newsestlyonnais.fr\",\"https:\/\/www.facebook.com\/pascal.oberson.1?fref=ts\",\"https:\/\/fr.linkedin.com\/in\/pascal-oberson-b17045113\"],\"url\":\"https:\/\/newsestlyonnais.fr\/site\/author\/nel\/\"}]}<\/script>\n<!-- \/ Yoast SEO plugin. -->","yoast_head_json":{"title":"LYON SPRINT EVOLUTION : Le cycliste Nicolas Verne, champion r\u00e9gional cadet","description":"LYON SPRINT EVOLUTION : Le cycliste Nicolas Verne, champion r\u00e9gional cadet","robots":{"index":"index","follow":"follow","max-snippet":"max-snippet:-1","max-image-preview":"max-image-preview:large","max-video-preview":"max-video-preview:-1"},"canonical":"https:\/\/newsestlyonnais.fr\/site\/2017\/06\/30\/lyon-sprint-evolution-cycliste-nicolas-verne-champion-regional-cadet\/","og_locale":"fr_FR","og_type":"article","og_title":"LYON SPRINT EVOLUTION : Le cycliste Nicolas Verne, champion r\u00e9gional cadet","og_description":"LYON SPRINT EVOLUTION : Le cycliste Nicolas Verne, champion r\u00e9gional cadet","og_url":"https:\/\/newsestlyonnais.fr\/site\/2017\/06\/30\/lyon-sprint-evolution-cycliste-nicolas-verne-champion-regional-cadet\/","og_site_name":"News Est Lyonnais","article_author":"https:\/\/www.facebook.com\/pascal.oberson.1?fref=ts","article_published_time":"2017-06-30T12:02:33+00:00","article_modified_time":"2020-10-30T19:54:51+00:00","og_image":[{"width":1000,"height":750,"url":"https:\/\/i1.wp.com\/newsestlyonnais.fr\/site\/wp-content\/uploads\/2017\/06\/NEWSESTLYONNAIS-SPRINT.jpg?fit=1000%2C750&ssl=1","type":"image\/jpeg"}],"author":"R\u00e9dac. NEWS","twitter_card":"summary_large_image","twitter_misc":{"\u00c9crit par":"R\u00e9dac. NEWS","Dur\u00e9e de lecture estim\u00e9e":"1 minute"},"schema":{"@context":"https:\/\/schema.org","@graph":[{"@type":"Article","@id":"https:\/\/newsestlyonnais.fr\/site\/2017\/06\/30\/lyon-sprint-evolution-cycliste-nicolas-verne-champion-regional-cadet\/#article","isPartOf":{"@id":"https:\/\/newsestlyonnais.fr\/site\/2017\/06\/30\/lyon-sprint-evolution-cycliste-nicolas-verne-champion-regional-cadet\/"},"author":{"name":"R\u00e9dac. NEWS","@id":"https:\/\/newsestlyonnais.fr\/site\/#\/schema\/person\/3230d5615f390bb808365d673001e887"},"headline":"LYON Sprint Evolution | Le cycliste Nicolas Verne, champion r\u00e9gional cadet","datePublished":"2017-06-30T12:02:33+00:00","dateModified":"2020-10-30T19:54:51+00:00","mainEntityOfPage":{"@id":"https:\/\/newsestlyonnais.fr\/site\/2017\/06\/30\/lyon-sprint-evolution-cycliste-nicolas-verne-champion-regional-cadet\/"},"wordCount":246,"commentCount":0,"publisher":{"@id":"https:\/\/newsestlyonnais.fr\/site\/#organization"},"image":{"@id":"https:\/\/newsestlyonnais.fr\/site\/2017\/06\/30\/lyon-sprint-evolution-cycliste-nicolas-verne-champion-regional-cadet\/#primaryimage"},"thumbnailUrl":"https:\/\/newsestlyonnais.fr\/site\/wp-content\/uploads\/2017\/06\/NEWSESTLYONNAIS-SPRINT.jpg","articleSection":["Cyclisme | Cyclo | Vtt","Lyon"],"inLanguage":"fr-FR","potentialAction":[{"@type":"CommentAction","name":"Comment","target":["https:\/\/newsestlyonnais.fr\/site\/2017\/06\/30\/lyon-sprint-evolution-cycliste-nicolas-verne-champion-regional-cadet\/#respond"]}]},{"@type":"WebPage","@id":"https:\/\/newsestlyonnais.fr\/site\/2017\/06\/30\/lyon-sprint-evolution-cycliste-nicolas-verne-champion-regional-cadet\/","url":"https:\/\/newsestlyonnais.fr\/site\/2017\/06\/30\/lyon-sprint-evolution-cycliste-nicolas-verne-champion-regional-cadet\/","name":"LYON SPRINT EVOLUTION : Le cycliste Nicolas Verne, champion r\u00e9gional cadet","isPartOf":{"@id":"https:\/\/newsestlyonnais.fr\/site\/#website"},"primaryImageOfPage":{"@id":"https:\/\/newsestlyonnais.fr\/site\/2017\/06\/30\/lyon-sprint-evolution-cycliste-nicolas-verne-champion-regional-cadet\/#primaryimage"},"image":{"@id":"https:\/\/newsestlyonnais.fr\/site\/2017\/06\/30\/lyon-sprint-evolution-cycliste-nicolas-verne-champion-regional-cadet\/#primaryimage"},"thumbnailUrl":"https:\/\/newsestlyonnais.fr\/site\/wp-content\/uploads\/2017\/06\/NEWSESTLYONNAIS-SPRINT.jpg","datePublished":"2017-06-30T12:02:33+00:00","dateModified":"2020-10-30T19:54:51+00:00","description":"LYON SPRINT EVOLUTION : Le cycliste Nicolas Verne, champion r\u00e9gional cadet","breadcrumb":{"@id":"https:\/\/newsestlyonnais.fr\/site\/2017\/06\/30\/lyon-sprint-evolution-cycliste-nicolas-verne-champion-regional-cadet\/#breadcrumb"},"inLanguage":"fr-FR","potentialAction":[{"@type":"ReadAction","target":["https:\/\/newsestlyonnais.fr\/site\/2017\/06\/30\/lyon-sprint-evolution-cycliste-nicolas-verne-champion-regional-cadet\/"]}]},{"@type":"ImageObject","inLanguage":"fr-FR","@id":"https:\/\/newsestlyonnais.fr\/site\/2017\/06\/30\/lyon-sprint-evolution-cycliste-nicolas-verne-champion-regional-cadet\/#primaryimage","url":"https:\/\/newsestlyonnais.fr\/site\/wp-content\/uploads\/2017\/06\/NEWSESTLYONNAIS-SPRINT.jpg","contentUrl":"https:\/\/newsestlyonnais.fr\/site\/wp-content\/uploads\/2017\/06\/NEWSESTLYONNAIS-SPRINT.jpg","width":1000,"height":750,"caption":"Championnat de France Rout"},{"@type":"BreadcrumbList","@id":"https:\/\/newsestlyonnais.fr\/site\/2017\/06\/30\/lyon-sprint-evolution-cycliste-nicolas-verne-champion-regional-cadet\/#breadcrumb","itemListElement":[{"@type":"ListItem","position":1,"name":"Accueil","item":"https:\/\/newsestlyonnais.fr\/site\/"},{"@type":"ListItem","position":2,"name":"LYON Sprint Evolution | Le cycliste Nicolas Verne, champion r\u00e9gional cadet"}]},{"@type":"WebSite","@id":"https:\/\/newsestlyonnais.fr\/site\/#website","url":"https:\/\/newsestlyonnais.fr\/site\/","name":"News Est Lyonnais","description":"L&#039;actualit\u00e9 au plus pr\u00e8s","publisher":{"@id":"https:\/\/newsestlyonnais.fr\/site\/#organization"},"potentialAction":[{"@type":"SearchAction","target":{"@type":"EntryPoint","urlTemplate":"https:\/\/newsestlyonnais.fr\/site\/?s={search_term_string}"},"query-input":{"@type":"PropertyValueSpecification","valueRequired":true,"valueName":"search_term_string"}}],"inLanguage":"fr-FR"},{"@type":"Organization","@id":"https:\/\/newsestlyonnais.fr\/site\/#organization","name":"News EST LYONNAIS","url":"https:\/\/newsestlyonnais.fr\/site\/","logo":{"@type":"ImageObject","inLanguage":"fr-FR","@id":"https:\/\/newsestlyonnais.fr\/site\/#\/schema\/logo\/image\/","url":"","contentUrl":"","caption":"News EST LYONNAIS"},"image":{"@id":"https:\/\/newsestlyonnais.fr\/site\/#\/schema\/logo\/image\/"}},{"@type":"Person","@id":"https:\/\/newsestlyonnais.fr\/site\/#\/schema\/person\/3230d5615f390bb808365d673001e887","name":"R\u00e9dac. NEWS","sameAs":["http:\/\/www.newsestlyonnais.fr","https:\/\/www.facebook.com\/pascal.oberson.1?fref=ts","https:\/\/fr.linkedin.com\/in\/pascal-oberson-b17045113"],"url":"https:\/\/newsestlyonnais.fr\/site\/author\/nel\/"}]}},"_links":{"self":[{"href":"https:\/\/newsestlyonnais.fr\/site\/wp-json\/wp\/v2\/posts\/30802","targetHints":{"allow":["GET"]}}],"collection":[{"href":"https:\/\/newsestlyonnais.fr\/site\/wp-json\/wp\/v2\/posts"}],"about":[{"href":"https:\/\/newsestlyonnais.fr\/site\/wp-json\/wp\/v2\/types\/post"}],"author":[{"embeddable":true,"href":"https:\/\/newsestlyonnais.fr\/site\/wp-json\/wp\/v2\/users\/4"}],"replies":[{"embeddable":true,"href":"https:\/\/newsestlyonnais.fr\/site\/wp-json\/wp\/v2\/comments?post=30802"}],"version-history":[{"count":0,"href":"https:\/\/newsestlyonnais.fr\/site\/wp-json\/wp\/v2\/posts\/30802\/revisions"}],"wp:featuredmedia":[{"embeddable":true,"href":"https:\/\/newsestlyonnais.fr\/site\/wp-json\/wp\/v2\/media\/30812"}],"wp:attachment":[{"href":"https:\/\/newsestlyonnais.fr\/site\/wp-json\/wp\/v2\/media?parent=30802"}],"wp:term":[{"taxonomy":"category","embeddable":true,"href":"https:\/\/newsestlyonnais.fr\/site\/wp-json\/wp\/v2\/categories?post=30802"},{"taxonomy":"post_tag","embeddable":true,"href":"https:\/\/newsestlyonnais.fr\/site\/wp-json\/wp\/v2\/tags?post=30802"}],"curies":[{"name":"wp","href":"https:\/\/api.w.org\/{rel}","templated":true}]}}