{"id":31158,"date":"2017-07-03T13:24:36","date_gmt":"2017-07-03T12:24:36","guid":{"rendered":"http:\/\/newsestlyonnais.fr\/site\/?p=31158"},"modified":"2020-10-24T08:10:59","modified_gmt":"2020-10-24T07:10:59","slug":"villeurbanne-lecole-de-triathlon-de-lasvel-vient-dachever-sa-7-saison-sportive","status":"publish","type":"post","link":"https:\/\/newsestlyonnais.fr\/site\/2017\/07\/03\/villeurbanne-lecole-de-triathlon-de-lasvel-vient-dachever-sa-7-saison-sportive\/","title":{"rendered":"VILLEURBANNE | L&rsquo;\u00e9cole de triathlon de l&rsquo;ASVEL vient d&rsquo;achever sa 7\u00b0 saison sportive"},"content":{"rendered":"<h4>L&rsquo;ASVEL triathlon pense \u00e0 son avenir en d\u00e9veloppant son \u00e9cole de triathlon, v\u00e9ritable axe de formation fond\u00e9 en 2010.<\/h4>\n<p><img loading=\"lazy\" decoding=\"async\" class=\"alignleft size-full wp-image-23750\" src=\"https:\/\/newsestlyonnais.fr\/site\/medias\/2017\/03\/NEWSESTLYONNAIS-MICRO.png\" alt=\"NEWSESTLYONNAIS MICRO\" width=\"250\" height=\"150\" \/>\u00ab\u00a0Notre \u00e9cole, qui a obtenu en 2015, le label \u00ab\u00a0une \u00e9toile\u00a0\u00bb de la F\u00e9d\u00e9ration Fran\u00e7aise de Triathlon dispose d&rsquo;un effectif constant depuis 4\/5 ans avec 24 licenci\u00e9s, dont 40 % de filles. Les entrainements ont lieu le mardi soir, mercredi apr\u00e8s-midi, jeudi &amp; vendredi soir et le samedi matin. De jeunes triathl\u00e8tes qui sont l\u00e0 avant tout pour le plaisir de faire du sport avec un c\u00f4t\u00e9 convivial. Ils participent \u00e0 diverses comp\u00e9titions comme les aquathlons ou cross de d\u00e9but de saison et ont \u00e9t\u00e9 pr\u00e9sents sur les premiers triathlons: Valence, Pierrelatte, Ile Barlet et Balme Dauphinoise. Parmi eux, figure le cadet Corentin Nony, champion Rh\u00f4ne-Alpes d&rsquo;aquathlon et s\u00e9lectionn\u00e9 pour les championnats de France. Ils sont actuellement en pleine pr\u00e9paration du 25\u00b0 triathlon de Vaulx en Velin pr\u00e9vu le 17 septembre \u00e0 Miribel-Jonage. La saison prochaine, on va pouvoir compter sur un groupe plus important, avec l&rsquo;arriv\u00e9e de pupilles, n\u00e9(e)s en 2007\/2008 qui sont pour la plupart des enfants de nos licenci\u00e9s adultes\u00a0\u00bb confie <strong>Pascal Chalot, responsable de cette \u00e9cole<\/strong>. (\u00e0 gauche sur PHOTO A LA UNE).<\/p>\n<p>Le club poursuit sa politique de recherche de partenaires et vient de signer un accord avec le GroupMorin, menuiserie industrielle bas\u00e9e \u00e0 Vaulx en Velin et dont son directeur Paul Edouard Morin est membre de la section\u00a0 villeurbannaise. Les jeunes pousses de l&rsquo;\u00e9cole de triathlon vont d&rsquo;ailleurs pouvoir b\u00e9n\u00e9ficier directement de ce partenariat puisqu&rsquo;ils arboreront la saison prochaine une tenue arborant le nom de ce sponsor. Dans le cadre de cet accord, ils viennent en compagnie de dirigeants du club de visiter les ateliers de la menuiserie.<\/p>\n<ul>\n<li>Pour tous renseignements sur cette \u00e9cole de triathlon: Contact: Pascal Chalot au 06.74.42.50.94<\/li>\n<\/ul>\n<p><strong><em>Toute l&rsquo;ACTU de l&rsquo;ASVEL Triathlon (partenaire de <a href=\"https:\/\/newsestlyonnais.fr\" target=\"_blank\" rel=\"noopener noreferrer\">https:\/\/newsestlyonnais.fr<\/a>) sur: <a href=\"http:\/\/www.asveltri.com\" target=\"_blank\" rel=\"noopener noreferrer\">http:\/\/www.asveltri.com<\/a><\/em><\/strong><\/p>\n<div id='gallery-1' class='gallery galleryid-31158 gallery-columns-3 gallery-size-thumbnail'><figure class='gallery-item'>\n\t\t\t<div class='gallery-icon landscape'>\n\t\t\t\t<a href='https:\/\/newsestlyonnais.fr\/site\/2017\/07\/03\/villeurbanne-lecole-de-triathlon-de-lasvel-vient-dachever-sa-7-saison-sportive\/newsestlyonnais-ecole-triathlon-asvel\/'><img loading=\"lazy\" decoding=\"async\" width=\"150\" height=\"150\" src=\"https:\/\/newsestlyonnais.fr\/site\/wp-content\/uploads\/2017\/07\/NEWSESTLYONNAIS-ECOLE-TRIATHLON-ASVEL-150x150.jpg\" class=\"attachment-thumbnail size-thumbnail\" alt=\"NEWSESTLYONNAIS - ECOLE TRIATHLON ASVEL\" aria-describedby=\"gallery-1-31161\" \/><\/a>\n\t\t\t<\/div>\n\t\t\t\t<figcaption class='wp-caption-text gallery-caption' id='gallery-1-31161'>\n\t\t\t\tLes jeunes pousses du club devant la soci\u00e9t\u00e9 GroupMorin partenaire de l&rsquo;\u00e9cole de triathlon \n\t\t\t\t<\/figcaption><\/figure><figure class='gallery-item'>\n\t\t\t<div class='gallery-icon landscape'>\n\t\t\t\t<a href='https:\/\/newsestlyonnais.fr\/site\/2017\/07\/03\/villeurbanne-lecole-de-triathlon-de-lasvel-vient-dachever-sa-7-saison-sportive\/newsestlyonnais-ecole-triathlon-asvel-2\/'><img loading=\"lazy\" decoding=\"async\" width=\"150\" height=\"150\" src=\"https:\/\/newsestlyonnais.fr\/site\/wp-content\/uploads\/2017\/07\/NEWSESTLYONNAIS-ECOLE-TRIATHLON-ASVEL-2-150x150.jpg\" class=\"attachment-thumbnail size-thumbnail\" alt=\"NEWSESTLYONNAIS - ECOLE TRIATHLON ASVEL (2)\" aria-describedby=\"gallery-1-31164\" \/><\/a>\n\t\t\t<\/div>\n\t\t\t\t<figcaption class='wp-caption-text gallery-caption' id='gallery-1-31164'>\n\t\t\t\tJeunes triathl\u00e8tes et dirigeants ont pu visiter la menuiserie industrielle\n\t\t\t\t<\/figcaption><\/figure><figure class='gallery-item'>\n\t\t\t<div class='gallery-icon landscape'>\n\t\t\t\t<a href='https:\/\/newsestlyonnais.fr\/site\/2017\/07\/03\/villeurbanne-lecole-de-triathlon-de-lasvel-vient-dachever-sa-7-saison-sportive\/newsestlyonnais-asvel-trathlon-logo-2\/'><img loading=\"lazy\" decoding=\"async\" width=\"150\" height=\"150\" src=\"https:\/\/newsestlyonnais.fr\/site\/wp-content\/uploads\/2017\/07\/NEWSESTLYONNAIS-ASVEL-TRATHLON-logo--150x150.jpg\" class=\"attachment-thumbnail size-thumbnail\" alt=\"NEWSESTLYONNAIS - ASVEL TRATHLON logo\" \/><\/a>\n\t\t\t<\/div><\/figure>\n\t\t<\/div>\n\n","protected":false},"excerpt":{"rendered":"<p>L&rsquo;ASVEL triathlon pense \u00e0 son avenir en d\u00e9veloppant son \u00e9cole de triathlon, v\u00e9ritable axe de formation fond\u00e9 en 2010. \u00ab\u00a0Notre \u00e9cole, qui a obtenu en 2015, le label \u00ab\u00a0une \u00e9toile\u00a0\u00bb de la F\u00e9d\u00e9ration Fran\u00e7aise de Triathlon dispose d&rsquo;un effectif constant depuis 4\/5 ans avec 24 licenci\u00e9s, dont 40 % de filles. Les entrainements ont lieu [&hellip;]<\/p>\n","protected":false},"author":4,"featured_media":31161,"comment_status":"open","ping_status":"open","sticky":false,"template":"","format":"standard","meta":{"footnotes":""},"categories":[2988,2990],"tags":[],"class_list":["post-31158","post","type-post","status-publish","format-standard","has-post-thumbnail","hentry","category-natation-triathlon","category-triathlon"],"yoast_head":"<!-- This site is optimized with the Yoast SEO plugin v27.2 - https:\/\/yoast.com\/product\/yoast-seo-wordpress\/ -->\n<title>VILLEURBANNE : L&#039;\u00e9cole de triathlon de l&#039;ASVEL vient d&#039;achever sa 7\u00b0 saison sportive<\/title>\n<meta name=\"description\" content=\"VILLEURBANNE : L&#039;\u00e9cole de triathlon de l&#039;ASVEL vient d&#039;achever sa 7\u00b0 saison sportive\" \/>\n<meta name=\"robots\" content=\"index, follow, max-snippet:-1, max-image-preview:large, max-video-preview:-1\" \/>\n<link rel=\"canonical\" href=\"https:\/\/newsestlyonnais.fr\/site\/2017\/07\/03\/villeurbanne-lecole-de-triathlon-de-lasvel-vient-dachever-sa-7-saison-sportive\/\" \/>\n<meta property=\"og:locale\" content=\"fr_FR\" \/>\n<meta property=\"og:type\" content=\"article\" \/>\n<meta property=\"og:title\" content=\"VILLEURBANNE : L&#039;\u00e9cole de triathlon de l&#039;ASVEL vient d&#039;achever sa 7\u00b0 saison sportive\" \/>\n<meta property=\"og:description\" content=\"VILLEURBANNE : L&#039;\u00e9cole de triathlon de l&#039;ASVEL vient d&#039;achever sa 7\u00b0 saison sportive\" \/>\n<meta property=\"og:url\" content=\"https:\/\/newsestlyonnais.fr\/site\/2017\/07\/03\/villeurbanne-lecole-de-triathlon-de-lasvel-vient-dachever-sa-7-saison-sportive\/\" \/>\n<meta property=\"og:site_name\" content=\"News Est Lyonnais\" \/>\n<meta property=\"article:author\" content=\"https:\/\/www.facebook.com\/pascal.oberson.1?fref=ts\" \/>\n<meta property=\"article:published_time\" content=\"2017-07-03T12:24:36+00:00\" \/>\n<meta property=\"article:modified_time\" content=\"2020-10-24T07:10:59+00:00\" \/>\n<meta property=\"og:image\" content=\"https:\/\/i2.wp.com\/newsestlyonnais.fr\/site\/wp-content\/uploads\/2017\/07\/NEWSESTLYONNAIS-ECOLE-TRIATHLON-ASVEL.jpg?fit=1000%2C750&ssl=1\" \/>\n\t<meta property=\"og:image:width\" content=\"1000\" \/>\n\t<meta property=\"og:image:height\" content=\"750\" \/>\n\t<meta property=\"og:image:type\" content=\"image\/jpeg\" \/>\n<meta name=\"author\" content=\"R\u00e9dac. NEWS\" \/>\n<meta name=\"twitter:card\" content=\"summary_large_image\" \/>\n<meta name=\"twitter:label1\" content=\"\u00c9crit par\" \/>\n\t<meta name=\"twitter:data1\" content=\"R\u00e9dac. NEWS\" \/>\n\t<meta name=\"twitter:label2\" content=\"Dur\u00e9e de lecture estim\u00e9e\" \/>\n\t<meta name=\"twitter:data2\" content=\"2 minutes\" \/>\n<script type=\"application\/ld+json\" class=\"yoast-schema-graph\">{\"@context\":\"https:\/\/schema.org\",\"@graph\":[{\"@type\":\"Article\",\"@id\":\"https:\/\/newsestlyonnais.fr\/site\/2017\/07\/03\/villeurbanne-lecole-de-triathlon-de-lasvel-vient-dachever-sa-7-saison-sportive\/#article\",\"isPartOf\":{\"@id\":\"https:\/\/newsestlyonnais.fr\/site\/2017\/07\/03\/villeurbanne-lecole-de-triathlon-de-lasvel-vient-dachever-sa-7-saison-sportive\/\"},\"author\":{\"name\":\"R\u00e9dac. NEWS\",\"@id\":\"https:\/\/newsestlyonnais.fr\/site\/#\/schema\/person\/3230d5615f390bb808365d673001e887\"},\"headline\":\"VILLEURBANNE | L&rsquo;\u00e9cole de triathlon de l&rsquo;ASVEL vient d&rsquo;achever sa 7\u00b0 saison sportive\",\"datePublished\":\"2017-07-03T12:24:36+00:00\",\"dateModified\":\"2020-10-24T07:10:59+00:00\",\"mainEntityOfPage\":{\"@id\":\"https:\/\/newsestlyonnais.fr\/site\/2017\/07\/03\/villeurbanne-lecole-de-triathlon-de-lasvel-vient-dachever-sa-7-saison-sportive\/\"},\"wordCount\":346,\"commentCount\":0,\"publisher\":{\"@id\":\"https:\/\/newsestlyonnais.fr\/site\/#organization\"},\"image\":{\"@id\":\"https:\/\/newsestlyonnais.fr\/site\/2017\/07\/03\/villeurbanne-lecole-de-triathlon-de-lasvel-vient-dachever-sa-7-saison-sportive\/#primaryimage\"},\"thumbnailUrl\":\"https:\/\/newsestlyonnais.fr\/site\/wp-content\/uploads\/2017\/07\/NEWSESTLYONNAIS-ECOLE-TRIATHLON-ASVEL.jpg\",\"articleSection\":[\"Natation | Triathlon\",\"Triathlon\"],\"inLanguage\":\"fr-FR\",\"potentialAction\":[{\"@type\":\"CommentAction\",\"name\":\"Comment\",\"target\":[\"https:\/\/newsestlyonnais.fr\/site\/2017\/07\/03\/villeurbanne-lecole-de-triathlon-de-lasvel-vient-dachever-sa-7-saison-sportive\/#respond\"]}]},{\"@type\":\"WebPage\",\"@id\":\"https:\/\/newsestlyonnais.fr\/site\/2017\/07\/03\/villeurbanne-lecole-de-triathlon-de-lasvel-vient-dachever-sa-7-saison-sportive\/\",\"url\":\"https:\/\/newsestlyonnais.fr\/site\/2017\/07\/03\/villeurbanne-lecole-de-triathlon-de-lasvel-vient-dachever-sa-7-saison-sportive\/\",\"name\":\"VILLEURBANNE : L'\u00e9cole de triathlon de l'ASVEL vient d'achever sa 7\u00b0 saison sportive\",\"isPartOf\":{\"@id\":\"https:\/\/newsestlyonnais.fr\/site\/#website\"},\"primaryImageOfPage\":{\"@id\":\"https:\/\/newsestlyonnais.fr\/site\/2017\/07\/03\/villeurbanne-lecole-de-triathlon-de-lasvel-vient-dachever-sa-7-saison-sportive\/#primaryimage\"},\"image\":{\"@id\":\"https:\/\/newsestlyonnais.fr\/site\/2017\/07\/03\/villeurbanne-lecole-de-triathlon-de-lasvel-vient-dachever-sa-7-saison-sportive\/#primaryimage\"},\"thumbnailUrl\":\"https:\/\/newsestlyonnais.fr\/site\/wp-content\/uploads\/2017\/07\/NEWSESTLYONNAIS-ECOLE-TRIATHLON-ASVEL.jpg\",\"datePublished\":\"2017-07-03T12:24:36+00:00\",\"dateModified\":\"2020-10-24T07:10:59+00:00\",\"description\":\"VILLEURBANNE : L'\u00e9cole de triathlon de l'ASVEL vient d'achever sa 7\u00b0 saison sportive\",\"breadcrumb\":{\"@id\":\"https:\/\/newsestlyonnais.fr\/site\/2017\/07\/03\/villeurbanne-lecole-de-triathlon-de-lasvel-vient-dachever-sa-7-saison-sportive\/#breadcrumb\"},\"inLanguage\":\"fr-FR\",\"potentialAction\":[{\"@type\":\"ReadAction\",\"target\":[\"https:\/\/newsestlyonnais.fr\/site\/2017\/07\/03\/villeurbanne-lecole-de-triathlon-de-lasvel-vient-dachever-sa-7-saison-sportive\/\"]}]},{\"@type\":\"ImageObject\",\"inLanguage\":\"fr-FR\",\"@id\":\"https:\/\/newsestlyonnais.fr\/site\/2017\/07\/03\/villeurbanne-lecole-de-triathlon-de-lasvel-vient-dachever-sa-7-saison-sportive\/#primaryimage\",\"url\":\"https:\/\/newsestlyonnais.fr\/site\/wp-content\/uploads\/2017\/07\/NEWSESTLYONNAIS-ECOLE-TRIATHLON-ASVEL.jpg\",\"contentUrl\":\"https:\/\/newsestlyonnais.fr\/site\/wp-content\/uploads\/2017\/07\/NEWSESTLYONNAIS-ECOLE-TRIATHLON-ASVEL.jpg\",\"width\":1000,\"height\":750,\"caption\":\"Les jeunes pousses du club devant la soci\u00e9t\u00e9 GroupMorin partenaire de l'\u00e9cole de triathlon\"},{\"@type\":\"BreadcrumbList\",\"@id\":\"https:\/\/newsestlyonnais.fr\/site\/2017\/07\/03\/villeurbanne-lecole-de-triathlon-de-lasvel-vient-dachever-sa-7-saison-sportive\/#breadcrumb\",\"itemListElement\":[{\"@type\":\"ListItem\",\"position\":1,\"name\":\"Accueil\",\"item\":\"https:\/\/newsestlyonnais.fr\/site\/\"},{\"@type\":\"ListItem\",\"position\":2,\"name\":\"VILLEURBANNE | L&rsquo;\u00e9cole de triathlon de l&rsquo;ASVEL vient d&rsquo;achever sa 7\u00b0 saison sportive\"}]},{\"@type\":\"WebSite\",\"@id\":\"https:\/\/newsestlyonnais.fr\/site\/#website\",\"url\":\"https:\/\/newsestlyonnais.fr\/site\/\",\"name\":\"News Est Lyonnais\",\"description\":\"L&#039;actualit\u00e9 au plus pr\u00e8s\",\"publisher\":{\"@id\":\"https:\/\/newsestlyonnais.fr\/site\/#organization\"},\"potentialAction\":[{\"@type\":\"SearchAction\",\"target\":{\"@type\":\"EntryPoint\",\"urlTemplate\":\"https:\/\/newsestlyonnais.fr\/site\/?s={search_term_string}\"},\"query-input\":{\"@type\":\"PropertyValueSpecification\",\"valueRequired\":true,\"valueName\":\"search_term_string\"}}],\"inLanguage\":\"fr-FR\"},{\"@type\":\"Organization\",\"@id\":\"https:\/\/newsestlyonnais.fr\/site\/#organization\",\"name\":\"News EST LYONNAIS\",\"url\":\"https:\/\/newsestlyonnais.fr\/site\/\",\"logo\":{\"@type\":\"ImageObject\",\"inLanguage\":\"fr-FR\",\"@id\":\"https:\/\/newsestlyonnais.fr\/site\/#\/schema\/logo\/image\/\",\"url\":\"\",\"contentUrl\":\"\",\"caption\":\"News EST LYONNAIS\"},\"image\":{\"@id\":\"https:\/\/newsestlyonnais.fr\/site\/#\/schema\/logo\/image\/\"}},{\"@type\":\"Person\",\"@id\":\"https:\/\/newsestlyonnais.fr\/site\/#\/schema\/person\/3230d5615f390bb808365d673001e887\",\"name\":\"R\u00e9dac. NEWS\",\"sameAs\":[\"http:\/\/www.newsestlyonnais.fr\",\"https:\/\/www.facebook.com\/pascal.oberson.1?fref=ts\",\"https:\/\/fr.linkedin.com\/in\/pascal-oberson-b17045113\"],\"url\":\"https:\/\/newsestlyonnais.fr\/site\/author\/nel\/\"}]}<\/script>\n<!-- \/ Yoast SEO plugin. -->","yoast_head_json":{"title":"VILLEURBANNE : L'\u00e9cole de triathlon de l'ASVEL vient d'achever sa 7\u00b0 saison sportive","description":"VILLEURBANNE : L'\u00e9cole de triathlon de l'ASVEL vient d'achever sa 7\u00b0 saison sportive","robots":{"index":"index","follow":"follow","max-snippet":"max-snippet:-1","max-image-preview":"max-image-preview:large","max-video-preview":"max-video-preview:-1"},"canonical":"https:\/\/newsestlyonnais.fr\/site\/2017\/07\/03\/villeurbanne-lecole-de-triathlon-de-lasvel-vient-dachever-sa-7-saison-sportive\/","og_locale":"fr_FR","og_type":"article","og_title":"VILLEURBANNE : L'\u00e9cole de triathlon de l'ASVEL vient d'achever sa 7\u00b0 saison sportive","og_description":"VILLEURBANNE : L'\u00e9cole de triathlon de l'ASVEL vient d'achever sa 7\u00b0 saison sportive","og_url":"https:\/\/newsestlyonnais.fr\/site\/2017\/07\/03\/villeurbanne-lecole-de-triathlon-de-lasvel-vient-dachever-sa-7-saison-sportive\/","og_site_name":"News Est Lyonnais","article_author":"https:\/\/www.facebook.com\/pascal.oberson.1?fref=ts","article_published_time":"2017-07-03T12:24:36+00:00","article_modified_time":"2020-10-24T07:10:59+00:00","og_image":[{"width":1000,"height":750,"url":"https:\/\/i2.wp.com\/newsestlyonnais.fr\/site\/wp-content\/uploads\/2017\/07\/NEWSESTLYONNAIS-ECOLE-TRIATHLON-ASVEL.jpg?fit=1000%2C750&ssl=1","type":"image\/jpeg"}],"author":"R\u00e9dac. NEWS","twitter_card":"summary_large_image","twitter_misc":{"\u00c9crit par":"R\u00e9dac. NEWS","Dur\u00e9e de lecture estim\u00e9e":"2 minutes"},"schema":{"@context":"https:\/\/schema.org","@graph":[{"@type":"Article","@id":"https:\/\/newsestlyonnais.fr\/site\/2017\/07\/03\/villeurbanne-lecole-de-triathlon-de-lasvel-vient-dachever-sa-7-saison-sportive\/#article","isPartOf":{"@id":"https:\/\/newsestlyonnais.fr\/site\/2017\/07\/03\/villeurbanne-lecole-de-triathlon-de-lasvel-vient-dachever-sa-7-saison-sportive\/"},"author":{"name":"R\u00e9dac. NEWS","@id":"https:\/\/newsestlyonnais.fr\/site\/#\/schema\/person\/3230d5615f390bb808365d673001e887"},"headline":"VILLEURBANNE | L&rsquo;\u00e9cole de triathlon de l&rsquo;ASVEL vient d&rsquo;achever sa 7\u00b0 saison sportive","datePublished":"2017-07-03T12:24:36+00:00","dateModified":"2020-10-24T07:10:59+00:00","mainEntityOfPage":{"@id":"https:\/\/newsestlyonnais.fr\/site\/2017\/07\/03\/villeurbanne-lecole-de-triathlon-de-lasvel-vient-dachever-sa-7-saison-sportive\/"},"wordCount":346,"commentCount":0,"publisher":{"@id":"https:\/\/newsestlyonnais.fr\/site\/#organization"},"image":{"@id":"https:\/\/newsestlyonnais.fr\/site\/2017\/07\/03\/villeurbanne-lecole-de-triathlon-de-lasvel-vient-dachever-sa-7-saison-sportive\/#primaryimage"},"thumbnailUrl":"https:\/\/newsestlyonnais.fr\/site\/wp-content\/uploads\/2017\/07\/NEWSESTLYONNAIS-ECOLE-TRIATHLON-ASVEL.jpg","articleSection":["Natation | Triathlon","Triathlon"],"inLanguage":"fr-FR","potentialAction":[{"@type":"CommentAction","name":"Comment","target":["https:\/\/newsestlyonnais.fr\/site\/2017\/07\/03\/villeurbanne-lecole-de-triathlon-de-lasvel-vient-dachever-sa-7-saison-sportive\/#respond"]}]},{"@type":"WebPage","@id":"https:\/\/newsestlyonnais.fr\/site\/2017\/07\/03\/villeurbanne-lecole-de-triathlon-de-lasvel-vient-dachever-sa-7-saison-sportive\/","url":"https:\/\/newsestlyonnais.fr\/site\/2017\/07\/03\/villeurbanne-lecole-de-triathlon-de-lasvel-vient-dachever-sa-7-saison-sportive\/","name":"VILLEURBANNE : L'\u00e9cole de triathlon de l'ASVEL vient d'achever sa 7\u00b0 saison sportive","isPartOf":{"@id":"https:\/\/newsestlyonnais.fr\/site\/#website"},"primaryImageOfPage":{"@id":"https:\/\/newsestlyonnais.fr\/site\/2017\/07\/03\/villeurbanne-lecole-de-triathlon-de-lasvel-vient-dachever-sa-7-saison-sportive\/#primaryimage"},"image":{"@id":"https:\/\/newsestlyonnais.fr\/site\/2017\/07\/03\/villeurbanne-lecole-de-triathlon-de-lasvel-vient-dachever-sa-7-saison-sportive\/#primaryimage"},"thumbnailUrl":"https:\/\/newsestlyonnais.fr\/site\/wp-content\/uploads\/2017\/07\/NEWSESTLYONNAIS-ECOLE-TRIATHLON-ASVEL.jpg","datePublished":"2017-07-03T12:24:36+00:00","dateModified":"2020-10-24T07:10:59+00:00","description":"VILLEURBANNE : L'\u00e9cole de triathlon de l'ASVEL vient d'achever sa 7\u00b0 saison sportive","breadcrumb":{"@id":"https:\/\/newsestlyonnais.fr\/site\/2017\/07\/03\/villeurbanne-lecole-de-triathlon-de-lasvel-vient-dachever-sa-7-saison-sportive\/#breadcrumb"},"inLanguage":"fr-FR","potentialAction":[{"@type":"ReadAction","target":["https:\/\/newsestlyonnais.fr\/site\/2017\/07\/03\/villeurbanne-lecole-de-triathlon-de-lasvel-vient-dachever-sa-7-saison-sportive\/"]}]},{"@type":"ImageObject","inLanguage":"fr-FR","@id":"https:\/\/newsestlyonnais.fr\/site\/2017\/07\/03\/villeurbanne-lecole-de-triathlon-de-lasvel-vient-dachever-sa-7-saison-sportive\/#primaryimage","url":"https:\/\/newsestlyonnais.fr\/site\/wp-content\/uploads\/2017\/07\/NEWSESTLYONNAIS-ECOLE-TRIATHLON-ASVEL.jpg","contentUrl":"https:\/\/newsestlyonnais.fr\/site\/wp-content\/uploads\/2017\/07\/NEWSESTLYONNAIS-ECOLE-TRIATHLON-ASVEL.jpg","width":1000,"height":750,"caption":"Les jeunes pousses du club devant la soci\u00e9t\u00e9 GroupMorin partenaire de l'\u00e9cole de triathlon"},{"@type":"BreadcrumbList","@id":"https:\/\/newsestlyonnais.fr\/site\/2017\/07\/03\/villeurbanne-lecole-de-triathlon-de-lasvel-vient-dachever-sa-7-saison-sportive\/#breadcrumb","itemListElement":[{"@type":"ListItem","position":1,"name":"Accueil","item":"https:\/\/newsestlyonnais.fr\/site\/"},{"@type":"ListItem","position":2,"name":"VILLEURBANNE | L&rsquo;\u00e9cole de triathlon de l&rsquo;ASVEL vient d&rsquo;achever sa 7\u00b0 saison sportive"}]},{"@type":"WebSite","@id":"https:\/\/newsestlyonnais.fr\/site\/#website","url":"https:\/\/newsestlyonnais.fr\/site\/","name":"News Est Lyonnais","description":"L&#039;actualit\u00e9 au plus pr\u00e8s","publisher":{"@id":"https:\/\/newsestlyonnais.fr\/site\/#organization"},"potentialAction":[{"@type":"SearchAction","target":{"@type":"EntryPoint","urlTemplate":"https:\/\/newsestlyonnais.fr\/site\/?s={search_term_string}"},"query-input":{"@type":"PropertyValueSpecification","valueRequired":true,"valueName":"search_term_string"}}],"inLanguage":"fr-FR"},{"@type":"Organization","@id":"https:\/\/newsestlyonnais.fr\/site\/#organization","name":"News EST LYONNAIS","url":"https:\/\/newsestlyonnais.fr\/site\/","logo":{"@type":"ImageObject","inLanguage":"fr-FR","@id":"https:\/\/newsestlyonnais.fr\/site\/#\/schema\/logo\/image\/","url":"","contentUrl":"","caption":"News EST LYONNAIS"},"image":{"@id":"https:\/\/newsestlyonnais.fr\/site\/#\/schema\/logo\/image\/"}},{"@type":"Person","@id":"https:\/\/newsestlyonnais.fr\/site\/#\/schema\/person\/3230d5615f390bb808365d673001e887","name":"R\u00e9dac. NEWS","sameAs":["http:\/\/www.newsestlyonnais.fr","https:\/\/www.facebook.com\/pascal.oberson.1?fref=ts","https:\/\/fr.linkedin.com\/in\/pascal-oberson-b17045113"],"url":"https:\/\/newsestlyonnais.fr\/site\/author\/nel\/"}]}},"_links":{"self":[{"href":"https:\/\/newsestlyonnais.fr\/site\/wp-json\/wp\/v2\/posts\/31158","targetHints":{"allow":["GET"]}}],"collection":[{"href":"https:\/\/newsestlyonnais.fr\/site\/wp-json\/wp\/v2\/posts"}],"about":[{"href":"https:\/\/newsestlyonnais.fr\/site\/wp-json\/wp\/v2\/types\/post"}],"author":[{"embeddable":true,"href":"https:\/\/newsestlyonnais.fr\/site\/wp-json\/wp\/v2\/users\/4"}],"replies":[{"embeddable":true,"href":"https:\/\/newsestlyonnais.fr\/site\/wp-json\/wp\/v2\/comments?post=31158"}],"version-history":[{"count":0,"href":"https:\/\/newsestlyonnais.fr\/site\/wp-json\/wp\/v2\/posts\/31158\/revisions"}],"wp:featuredmedia":[{"embeddable":true,"href":"https:\/\/newsestlyonnais.fr\/site\/wp-json\/wp\/v2\/media\/31161"}],"wp:attachment":[{"href":"https:\/\/newsestlyonnais.fr\/site\/wp-json\/wp\/v2\/media?parent=31158"}],"wp:term":[{"taxonomy":"category","embeddable":true,"href":"https:\/\/newsestlyonnais.fr\/site\/wp-json\/wp\/v2\/categories?post=31158"},{"taxonomy":"post_tag","embeddable":true,"href":"https:\/\/newsestlyonnais.fr\/site\/wp-json\/wp\/v2\/tags?post=31158"}],"curies":[{"name":"wp","href":"https:\/\/api.w.org\/{rel}","templated":true}]}}