{"id":31204,"date":"2017-07-04T08:04:49","date_gmt":"2017-07-04T07:04:49","guid":{"rendered":"http:\/\/newsestlyonnais.fr\/site\/?p=31204"},"modified":"2020-11-07T18:14:49","modified_gmt":"2020-11-07T17:14:49","slug":"est-lyonnais-les-clubs-et-lieux-de-pratique-de-leducation-physique-et-gymnastique-volontaire","status":"publish","type":"post","link":"https:\/\/newsestlyonnais.fr\/site\/2017\/07\/04\/est-lyonnais-les-clubs-et-lieux-de-pratique-de-leducation-physique-et-gymnastique-volontaire\/","title":{"rendered":"Est-Lyonnais | Clubs et lieux de pratique de l&rsquo;Education Physique et Gymnastique Volontaire"},"content":{"rendered":"<div class=\"i4ewOd-jfdpUb mU4ghb-ij8cu-paHMcb i4ewOd-jfdpUb-YLEHIf\">\n<div class=\"mU4ghb-qAWA2-ij8cu\">\n<h4 class=\"mU4ghb-qAWA2-ij8cu-SmKAyb\"><em><strong>Le C<\/strong>omit\u00e9 D\u00e9partemental du Rh\u00f4ne\/M\u00e9tropole de Lyon de Gymnastique Volontaire vient de publier la liste des <\/em>clubs et lieux de pratique des cours d&rsquo;EPGV pour la saison 2017\/2018.<\/h4>\n<div class=\"mU4ghb-qAWA2-ij8cu-SmKAyb\">D\u00e9couvrez <span style=\"text-decoration: underline\">en exclusivit\u00e9 &amp; par COMMUNES<\/span> la liste des structures de l&rsquo;EST LYONNAIS, avec les contacts:<\/div>\n<div class=\"mU4ghb-qAWA2-ij8cu-SmKAyb\"><\/div>\n<\/div>\n<\/div>\n<div class=\"suEOdc\">&#8211; <span style=\"text-decoration: underline\"><em><strong>BRON:<\/strong><\/em><\/span> Ecole Alsace Lorraine\/Ecole Jules Ferry\/Gymnase Tola Vologe\/Halle des Sports\/Jean Jaur\u00e8s (acc\u00e8s par le stade)\/Maison de Quartier des Essarts. <span style=\"text-decoration: underline\">Infos &amp; Inscriptions<\/span> : <a href=\"http:\/\/www.gvbron.com\" target=\"_blank\" rel=\"nofollow noopener noreferrer\">www.gvbron.com<\/a>\u00a0 T\u00e9l:07.50.60.13.59 ou 06.05.06.04.69<\/div>\n<div class=\"suEOdc\">&#8211; <span style=\"text-decoration: underline\"><strong><em>CHAPONNAY:<\/em><\/strong><\/span> Salle Plantier. <span style=\"text-decoration: underline\">Infos &amp; Inscriptions<\/span> : Club Soleil d&rsquo;Automne.\u00a0<a href=\"https:\/\/soleildautomne.jimdo.com\/gymnastique\/bbjogging@orange.f\" target=\"_blank\" rel=\"noopener noreferrer\">https:\/\/soleildautomne.jimdo.com\/gymnastique\/bbjogging@orange.fr<\/a><\/div>\n<div class=\"suEOdc\">&#8211; <span style=\"text-decoration: underline\"><em><strong>DECINES:<\/strong><\/em><\/span> Centre Social Montaberlet, 11 Avenue Chardonnet\/Gymnase Becquerel, 37 rue Sully\/Gymnase Zola,<\/div>\n<div class=\"suEOdc\">\n<div class=\"HzV7m-pbTTYe-ibnC6b-V67aGc\">\n<div class=\"suEOdc\">117 rue Emile Zola, Piscine , 110 rue Emile Zola. <span style=\"text-decoration: underline\">Infos &amp; Inscriptions: <a href=\"http:\/\/www.gvdecines.fr \/ gvdecines69@gmail.com\" target=\"_blank\" rel=\"noopener noreferrer\">http:\/\/www.gvdecines.fr \/ gvdecines69@gmail.com<\/a><\/span><\/div>\n<div class=\"suEOdc\">&#8211;<span style=\"text-decoration: underline\"><strong> GENAS<\/strong><\/span>: Complexe Sportif M.Gonzales\/Stade M.Gonzales\u00a0 <span style=\"text-decoration: underline\">Infos &amp; Inscriptions<\/span> : <a href=\"http:\/\/www.gv-genas.fr\" target=\"_blank\" rel=\"noopener noreferrer\">http:\/\/www.gv-genas.fr<\/a> T\u00e9l. 06. 71.40.52.72<\/div>\n<div class=\"suEOdc\">&#8211;<span style=\"text-decoration: underline\"><strong> LYON 3\u00b0<\/strong><\/span>:\u00a0\u00a0215 rue Paul Bert. <span style=\"text-decoration: underline\">Infos &amp; Inscriptions<\/span> : 04 72 65 04 59 \/ <a href=\"mailto:jean-pierre.erard@wanadoo.fr\" target=\"_blank\" rel=\"nofollow noopener noreferrer\">jean-pierre.erard@wanadoo.fr<\/a><\/div>\n<div class=\"suEOdc\">&#8211; <span style=\"text-decoration: underline\"><strong>LYON 7\u00b0<\/strong><\/span>: 6, Impasse des Chalets\/Parc de Gerland. Infos, Inscriptions: <a href=\"mailto:lyonelbellot@epgv.fr\" target=\"_blank\" rel=\"nofollow noopener noreferrer\">lyonelbellot@epgv.fr<\/a><\/div>\n<div class=\"suEOdc\">&#8211; <span style=\"text-decoration: underline\"><strong>MIONS<\/strong><\/span>: Centre Culturel, Salle n\u00b03 \/Espace Convergence, 60 rue Mangetemps\/Groupe Scolaire Germain Fumeux\/Groupe Scolaire Joliot Curie\/Salle Tennis de Table. Infos &amp;\u00a0 Inscriptions : <a href=\"http:\/\/www.gvlesiris.fr\" target=\"_blank\" rel=\"noopener noreferrer\">http:\/\/www.gvlesiris.fr<\/a>\/ <a href=\"mailto:contactgvlesiris@laposte.net\" target=\"_blank\" rel=\"nofollow noopener noreferrer\">contactgvlesiris@laposte.net<\/a> \/ 09. 52. 52. 24. 07 \/ 06. 03. 91. 66. 90<\/div>\n<div class=\"suEOdc\">&#8211; <span style=\"text-decoration: underline\"><strong>MIRIBEL<\/strong><\/span>: Salle de Danse\/Salle Polyvalente (Le Mas Rillier)\/Stade La Chanal. Infos &amp;\u00a0 Inscriptions :<a href=\"http:\/\/www.gvmiribel.lacotiere.free.fr\" target=\"_blank\" rel=\"noopener noreferrer\">http:\/\/www.gvmiribel.lacotiere.free.fr<\/a> \/ <a href=\"mailto:gvmiribel.lacotiere@gmail.com\" target=\"_blank\" rel=\"nofollow noopener noreferrer\">gvmiribel.lacotiere@gmail.com<\/a> \/ 06. 84. 13. 56. 58 \/ 09. 54. 56. 39. 82<\/div>\n<div class=\"suEOdc\">&#8211; <span style=\"text-decoration: underline\"><strong>PARC DE MIRIBEL-JONAGE<\/strong><\/span>: Cours anim\u00e9s par Patrick Bonvarlet. Infos &amp; Inscriptions : <a href=\"mailto:gvdecines69@gmail.com\" target=\"_blank\" rel=\"nofollow noopener noreferrer\">gvdecines69@gmail.com<\/a> \/ <a href=\"http:\/\/www.gvdecines.fr\" target=\"_blank\" rel=\"noopener noreferrer\">http:\/\/www.gvdecines.fr<\/a><br \/>\n&#8211; <span style=\"text-decoration: underline\"><strong>PUSIGNAN<\/strong><\/span>: Centre Culturel et Sportif de l&rsquo;Odyss\u00e9e (salle Janine Charrat\/Parking devant le domaine de Ferraguet. Infos, Inscriptions : <a href=\"mailto:gymvolontaire-069178@epgv.fr\" target=\"_blank\" rel=\"nofollow noopener noreferrer\">gymvolontaire-069178@epgv.fr<\/a> 06.81.51.65.48<\/div>\n<div class=\"suEOdc\">&#8211; <span style=\"text-decoration: underline\"><strong>SAINT BONNET DE MURE<\/strong><\/span>: Complexe Sportif, Salle n\u00b02. Infos &amp; Inscriptions : <a href=\"mailto:jean-pierre.bourgey@orange.fr\" target=\"_blank\" rel=\"nofollow noopener noreferrer\">jean-pierre.bourgey@orange.fr<\/a> \/ 04. 78. 40. 86. 09 \/ 06. 62. 20. 18. 50<\/div>\n<div class=\"suEOdc\">&#8211; <span style=\"text-decoration: underline\"><strong>SAINT PIERRE DE CHANDIEU<\/strong><\/span>: Centre des Arts Camille Floret, 11 Chemin de la Bouvi\u00e8re\/Salle Deslyres, Rue du Stade. Infos &amp; Inscriptions : <a href=\"mailto:gvstpierre69780@gmail.com\" target=\"_blank\" rel=\"nofollow noopener noreferrer\">gvstpierre69780@gmail.com<\/a> \/ 06. 07. 90. 84. 43\u00a0<a href=\"https:\/\/www.facebook.com\/people\/Gv-St-Pierre\/100013375240457\" target=\"_blank\" rel=\"noopener noreferrer\">https:\/\/www.facebook.com\/people\/Gv-St-Pierre\/100013375240457<\/a><\/div>\n<div class=\"suEOdc\">\n<div class=\"suEOdc\">\n<div class=\"HzV7m-pbTTYe-ibnC6b-V67aGc\">\n<div class=\"suEOdc\">&#8211; <span style=\"text-decoration: underline\"><strong>SAINT PRIEST<\/strong><\/span>: Centre Nautique Pierre Mend\u00e8s France\/Gymnase Berlioz\/Gymnase Jean Mac\u00e9\/Gymnase Signoret\/MJC Jean Cocteau\/Piscine Caneton\/Salle Chrysostome. Infos &amp; Inscriptions :\u00a0<a href=\"http:\/\/www.gvlesnarcisses.fr\" target=\"_blank\" rel=\"noopener noreferrer\">http:\/\/www.gvlesnarcisses.fr<\/a><\/div>\n<div class=\"suEOdc\">&#8211; <span style=\"text-decoration: underline\"><strong>TOUSSIEU<\/strong><\/span>: Salle des F\u00eates \/ Salle des Miroirs. Infos &amp; Inscriptions : Georgette Valentin (04.78.40.22.07 \/ 06.76.62.15.70). <a href=\"http:\/\/www.mairie-toussieu.fr\/10-A-S-T-Gymnastique-Volontaire\" target=\"_blank\" rel=\"noopener noreferrer\">http:\/\/www.mairie-toussieu.fr\/10-A-S-T-Gymnastique-Volontaire<\/a><\/div>\n<div class=\"suEOdc\">&#8211; <span style=\"text-decoration: underline\"><strong>VENISSIEUX<\/strong><\/span>: Gymnase Ernest Renan &#8211; 80\/96 rue Professeur Roux\/Gymnase Georges Levy &#8211; Rue Honor\u00e9 de Balzac\/Gymnase Jean Guimier. Infos &amp; Inscriptions : 09.54.08.71.72 \/ <a href=\"mailto:gymvolontaire-069170@epgv.fr\" target=\"_blank\" rel=\"nofollow noopener noreferrer\">gymvolontaire-069170@epgv.fr<\/a> \/ <a href=\"mailto:chdujo@free.fr\" target=\"_blank\" rel=\"nofollow noopener noreferrer\">chdujo@free.fr<\/a><\/div>\n<div class=\"suEOdc\">&#8211; <span style=\"text-decoration: underline\"><strong>VILLEURBANNE<\/strong><\/span>: Gymnase Ecole Jean Jaur\u00e8s\/Centre Culturel et de la Vie Associative. Infos &amp; Inscriptions : GV Gratte-Ciel \/ 06.80.36.43.57 \/ <a href=\"mailto:joatton.jean-noel@wanadoo.fr\" target=\"_blank\" rel=\"nofollow noopener noreferrer\">joatton.jean-noel@wanadoo.fr<\/a><\/div>\n<\/div>\n<\/div>\n<\/div>\n<\/div>\n<\/div>\n<div><\/div>\n<div>______________________________________________________________________________<\/div>\n<h4 class=\"suEOdc\">Plus d&rsquo;infos sur: <em><strong>C<span style=\"text-decoration: underline\">omit\u00e9 D\u00e9partemental du Rh\u00f4ne\/M\u00e9tropole de Lyon de Gymnastique Volontaire<\/span> : <\/strong><\/em>169 avenue Charles De Gaulle \u00e0\u00a0 Tassin la Demi-Lune<br \/>\n<a class=\"mailto-link\" href=\"mailto:gv.codep699@orange.fr\" target=\"_blank\" rel=\"noopener noreferrer\">gv.codep699@orange.fr\u00a0 <\/a>T\u00e9l: 04. 37. 41. 24. 10 \/ 06. 07. 42. 13. 84<\/h4>\n<div><a href=\"http:\/\/www.sport-sante.fr\/epgv-comite-departemental-rhone\/accueil.html\" target=\"_blank\" rel=\"noopener noreferrer\">http:\/\/www.sport-sante.fr\/epgv-comite-departemental-rhone\/accueil.html<\/a><\/div>\n<div><\/div>\n<div>______________________________________________________________________________<\/div>\n<div class=\"suEOdc\">\n<div class=\"HzV7m-pbTTYe-ibnC6b-V67aGc\">\n<div class=\"suEOdc\"><\/div>\n<div class=\"suEOdc\">\n<div class=\"HzV7m-pbTTYe-ibnC6b pbTTYe-ibnC6b-d6wfac HzV7m-pbTTYe-ibnC6b-onv9We\"><\/div>\n<div class=\"HzV7m-pbTTYe-ibnC6b pbTTYe-ibnC6b-d6wfac HzV7m-pbTTYe-ibnC6b-onv9We\">\n<div class=\"pbTTYe-ibnC6b-Bz112c\"><\/div>\n<p>&nbsp;<\/p>\n<\/div>\n<\/div>\n<\/div>\n<div class=\"HzV7m-pbTTYe-ibnC6b pbTTYe-ibnC6b-d6wfac HzV7m-pbTTYe-ibnC6b-onv9We\">\n<div class=\"pbTTYe-ibnC6b-Bz112c\">&#8211;<\/div>\n<\/div>\n<\/div>\n<div class=\"i4ewOd-jfdpUb mU4ghb-ij8cu-paHMcb i4ewOd-jfdpUb-YLEHIf\">\n<div class=\"mU4ghb-qAWA2-ij8cu\">\n<div class=\"mU4ghb-qAWA2-ij8cu-SmKAyb\">&#8211;<\/div>\n<\/div>\n<\/div>\n","protected":false},"excerpt":{"rendered":"<p>Le Comit\u00e9 D\u00e9partemental du Rh\u00f4ne\/M\u00e9tropole de Lyon de Gymnastique Volontaire vient de publier la liste des clubs et lieux de pratique des cours d&rsquo;EPGV pour la saison 2017\/2018. D\u00e9couvrez en exclusivit\u00e9 &amp; par COMMUNES la liste des structures de l&rsquo;EST LYONNAIS, avec les contacts: &#8211; BRON: Ecole Alsace Lorraine\/Ecole Jules Ferry\/Gymnase Tola Vologe\/Halle des Sports\/Jean [&hellip;]<\/p>\n","protected":false},"author":4,"featured_media":31286,"comment_status":"open","ping_status":"open","sticky":false,"template":"","format":"standard","meta":{"footnotes":""},"categories":[156,19,270,1295,21,166,1598,1319,3016,1625,1286,1296,1282,1293,1298,29],"tags":[],"class_list":["post-31204","post","type-post","status-publish","format-standard","has-post-thumbnail","hentry","category-ain","category-bron","category-cte-de-communes-c-c-e-l","category-chaponnay-ternay-pays-dozon","category-decines-charpieu","category-divers-sports","category-genas","category-gymnastique-grs-gv","category-institutions-trophees-jo","category-lyon","category-mions","category-sain-priest","category-st-bonnet-st-laurent-de-mure","category-st-pierre-de-chandieu-toussieu","category-venissieux","category-villeurbanne"],"yoast_head":"<!-- This site is optimized with the Yoast SEO plugin v27.2 - https:\/\/yoast.com\/product\/yoast-seo-wordpress\/ -->\n<title>EST LYONNAIS : Clubs et lieux de pratique de l&#039;Education Physique et Gymnastique Volontaire pour 2017\/2018<\/title>\n<meta name=\"description\" content=\"EST LYONNAIS : Clubs et lieux de pratique de l&#039;Education Physique et Gymnastique Volontaire pour 2017\/2018\" \/>\n<meta name=\"robots\" content=\"index, follow, max-snippet:-1, max-image-preview:large, max-video-preview:-1\" \/>\n<link rel=\"canonical\" href=\"https:\/\/newsestlyonnais.fr\/site\/2017\/07\/04\/est-lyonnais-les-clubs-et-lieux-de-pratique-de-leducation-physique-et-gymnastique-volontaire\/\" \/>\n<meta property=\"og:locale\" content=\"fr_FR\" \/>\n<meta property=\"og:type\" content=\"article\" \/>\n<meta property=\"og:title\" content=\"EST LYONNAIS : Clubs et lieux de pratique de l&#039;Education Physique et Gymnastique Volontaire pour 2017\/2018\" \/>\n<meta property=\"og:description\" content=\"EST LYONNAIS : Clubs et lieux de pratique de l&#039;Education Physique et Gymnastique Volontaire pour 2017\/2018\" \/>\n<meta property=\"og:url\" content=\"https:\/\/newsestlyonnais.fr\/site\/2017\/07\/04\/est-lyonnais-les-clubs-et-lieux-de-pratique-de-leducation-physique-et-gymnastique-volontaire\/\" \/>\n<meta property=\"og:site_name\" content=\"News Est Lyonnais\" \/>\n<meta property=\"article:author\" content=\"https:\/\/www.facebook.com\/pascal.oberson.1?fref=ts\" \/>\n<meta property=\"article:published_time\" content=\"2017-07-04T07:04:49+00:00\" \/>\n<meta property=\"article:modified_time\" content=\"2020-11-07T17:14:49+00:00\" \/>\n<meta property=\"og:image\" content=\"https:\/\/i0.wp.com\/newsestlyonnais.fr\/site\/wp-content\/uploads\/2017\/07\/NEWSESTLYONNAIS-EPGV-.jpg?fit=1000%2C750&ssl=1\" \/>\n\t<meta property=\"og:image:width\" content=\"1000\" \/>\n\t<meta property=\"og:image:height\" content=\"750\" \/>\n\t<meta property=\"og:image:type\" content=\"image\/jpeg\" \/>\n<meta name=\"author\" content=\"R\u00e9dac. NEWS\" \/>\n<meta name=\"twitter:card\" content=\"summary_large_image\" \/>\n<meta name=\"twitter:label1\" content=\"\u00c9crit par\" \/>\n\t<meta name=\"twitter:data1\" content=\"R\u00e9dac. NEWS\" \/>\n\t<meta name=\"twitter:label2\" content=\"Dur\u00e9e de lecture estim\u00e9e\" \/>\n\t<meta name=\"twitter:data2\" content=\"2 minutes\" \/>\n<script type=\"application\/ld+json\" class=\"yoast-schema-graph\">{\"@context\":\"https:\/\/schema.org\",\"@graph\":[{\"@type\":\"Article\",\"@id\":\"https:\/\/newsestlyonnais.fr\/site\/2017\/07\/04\/est-lyonnais-les-clubs-et-lieux-de-pratique-de-leducation-physique-et-gymnastique-volontaire\/#article\",\"isPartOf\":{\"@id\":\"https:\/\/newsestlyonnais.fr\/site\/2017\/07\/04\/est-lyonnais-les-clubs-et-lieux-de-pratique-de-leducation-physique-et-gymnastique-volontaire\/\"},\"author\":{\"name\":\"R\u00e9dac. NEWS\",\"@id\":\"https:\/\/newsestlyonnais.fr\/site\/#\/schema\/person\/3230d5615f390bb808365d673001e887\"},\"headline\":\"Est-Lyonnais | Clubs et lieux de pratique de l&rsquo;Education Physique et Gymnastique Volontaire\",\"datePublished\":\"2017-07-04T07:04:49+00:00\",\"dateModified\":\"2020-11-07T17:14:49+00:00\",\"mainEntityOfPage\":{\"@id\":\"https:\/\/newsestlyonnais.fr\/site\/2017\/07\/04\/est-lyonnais-les-clubs-et-lieux-de-pratique-de-leducation-physique-et-gymnastique-volontaire\/\"},\"wordCount\":481,\"commentCount\":0,\"publisher\":{\"@id\":\"https:\/\/newsestlyonnais.fr\/site\/#organization\"},\"image\":{\"@id\":\"https:\/\/newsestlyonnais.fr\/site\/2017\/07\/04\/est-lyonnais-les-clubs-et-lieux-de-pratique-de-leducation-physique-et-gymnastique-volontaire\/#primaryimage\"},\"thumbnailUrl\":\"https:\/\/newsestlyonnais.fr\/site\/wp-content\/uploads\/2017\/07\/NEWSESTLYONNAIS-EPGV-.jpg\",\"articleSection\":[\"Ain (01)\",\"Bron\",\"CCEL | Communes\",\"Chaponnay | Ternay | Pays d'Ozon\",\"D\u00e9cines-Charpieu\",\"Divers Sports\",\"Genas\",\"Gymnastique | Grs | Gv\",\"Institutions | Troph\u00e9es | J.O.\",\"Lyon\",\"Mions\",\"Saint-Priest\",\"St Bonnet | St Laurent de Mure\",\"St Pierre de Chandieu | Toussieu\",\"V\u00e9nissieux\",\"Villeurbanne\"],\"inLanguage\":\"fr-FR\",\"potentialAction\":[{\"@type\":\"CommentAction\",\"name\":\"Comment\",\"target\":[\"https:\/\/newsestlyonnais.fr\/site\/2017\/07\/04\/est-lyonnais-les-clubs-et-lieux-de-pratique-de-leducation-physique-et-gymnastique-volontaire\/#respond\"]}]},{\"@type\":\"WebPage\",\"@id\":\"https:\/\/newsestlyonnais.fr\/site\/2017\/07\/04\/est-lyonnais-les-clubs-et-lieux-de-pratique-de-leducation-physique-et-gymnastique-volontaire\/\",\"url\":\"https:\/\/newsestlyonnais.fr\/site\/2017\/07\/04\/est-lyonnais-les-clubs-et-lieux-de-pratique-de-leducation-physique-et-gymnastique-volontaire\/\",\"name\":\"EST LYONNAIS : Clubs et lieux de pratique de l'Education Physique et Gymnastique Volontaire pour 2017\/2018\",\"isPartOf\":{\"@id\":\"https:\/\/newsestlyonnais.fr\/site\/#website\"},\"primaryImageOfPage\":{\"@id\":\"https:\/\/newsestlyonnais.fr\/site\/2017\/07\/04\/est-lyonnais-les-clubs-et-lieux-de-pratique-de-leducation-physique-et-gymnastique-volontaire\/#primaryimage\"},\"image\":{\"@id\":\"https:\/\/newsestlyonnais.fr\/site\/2017\/07\/04\/est-lyonnais-les-clubs-et-lieux-de-pratique-de-leducation-physique-et-gymnastique-volontaire\/#primaryimage\"},\"thumbnailUrl\":\"https:\/\/newsestlyonnais.fr\/site\/wp-content\/uploads\/2017\/07\/NEWSESTLYONNAIS-EPGV-.jpg\",\"datePublished\":\"2017-07-04T07:04:49+00:00\",\"dateModified\":\"2020-11-07T17:14:49+00:00\",\"description\":\"EST LYONNAIS : Clubs et lieux de pratique de l'Education Physique et Gymnastique Volontaire pour 2017\/2018\",\"breadcrumb\":{\"@id\":\"https:\/\/newsestlyonnais.fr\/site\/2017\/07\/04\/est-lyonnais-les-clubs-et-lieux-de-pratique-de-leducation-physique-et-gymnastique-volontaire\/#breadcrumb\"},\"inLanguage\":\"fr-FR\",\"potentialAction\":[{\"@type\":\"ReadAction\",\"target\":[\"https:\/\/newsestlyonnais.fr\/site\/2017\/07\/04\/est-lyonnais-les-clubs-et-lieux-de-pratique-de-leducation-physique-et-gymnastique-volontaire\/\"]}]},{\"@type\":\"ImageObject\",\"inLanguage\":\"fr-FR\",\"@id\":\"https:\/\/newsestlyonnais.fr\/site\/2017\/07\/04\/est-lyonnais-les-clubs-et-lieux-de-pratique-de-leducation-physique-et-gymnastique-volontaire\/#primaryimage\",\"url\":\"https:\/\/newsestlyonnais.fr\/site\/wp-content\/uploads\/2017\/07\/NEWSESTLYONNAIS-EPGV-.jpg\",\"contentUrl\":\"https:\/\/newsestlyonnais.fr\/site\/wp-content\/uploads\/2017\/07\/NEWSESTLYONNAIS-EPGV-.jpg\",\"width\":1000,\"height\":750,\"caption\":\"NEWSESTLYONNAIS EPGV\"},{\"@type\":\"BreadcrumbList\",\"@id\":\"https:\/\/newsestlyonnais.fr\/site\/2017\/07\/04\/est-lyonnais-les-clubs-et-lieux-de-pratique-de-leducation-physique-et-gymnastique-volontaire\/#breadcrumb\",\"itemListElement\":[{\"@type\":\"ListItem\",\"position\":1,\"name\":\"Accueil\",\"item\":\"https:\/\/newsestlyonnais.fr\/site\/\"},{\"@type\":\"ListItem\",\"position\":2,\"name\":\"Est-Lyonnais | Clubs et lieux de pratique de l&rsquo;Education Physique et Gymnastique Volontaire\"}]},{\"@type\":\"WebSite\",\"@id\":\"https:\/\/newsestlyonnais.fr\/site\/#website\",\"url\":\"https:\/\/newsestlyonnais.fr\/site\/\",\"name\":\"News Est Lyonnais\",\"description\":\"L&#039;actualit\u00e9 au plus pr\u00e8s\",\"publisher\":{\"@id\":\"https:\/\/newsestlyonnais.fr\/site\/#organization\"},\"potentialAction\":[{\"@type\":\"SearchAction\",\"target\":{\"@type\":\"EntryPoint\",\"urlTemplate\":\"https:\/\/newsestlyonnais.fr\/site\/?s={search_term_string}\"},\"query-input\":{\"@type\":\"PropertyValueSpecification\",\"valueRequired\":true,\"valueName\":\"search_term_string\"}}],\"inLanguage\":\"fr-FR\"},{\"@type\":\"Organization\",\"@id\":\"https:\/\/newsestlyonnais.fr\/site\/#organization\",\"name\":\"News EST LYONNAIS\",\"url\":\"https:\/\/newsestlyonnais.fr\/site\/\",\"logo\":{\"@type\":\"ImageObject\",\"inLanguage\":\"fr-FR\",\"@id\":\"https:\/\/newsestlyonnais.fr\/site\/#\/schema\/logo\/image\/\",\"url\":\"\",\"contentUrl\":\"\",\"caption\":\"News EST LYONNAIS\"},\"image\":{\"@id\":\"https:\/\/newsestlyonnais.fr\/site\/#\/schema\/logo\/image\/\"}},{\"@type\":\"Person\",\"@id\":\"https:\/\/newsestlyonnais.fr\/site\/#\/schema\/person\/3230d5615f390bb808365d673001e887\",\"name\":\"R\u00e9dac. NEWS\",\"sameAs\":[\"http:\/\/www.newsestlyonnais.fr\",\"https:\/\/www.facebook.com\/pascal.oberson.1?fref=ts\",\"https:\/\/fr.linkedin.com\/in\/pascal-oberson-b17045113\"],\"url\":\"https:\/\/newsestlyonnais.fr\/site\/author\/nel\/\"}]}<\/script>\n<!-- \/ Yoast SEO plugin. -->","yoast_head_json":{"title":"EST LYONNAIS : Clubs et lieux de pratique de l'Education Physique et Gymnastique Volontaire pour 2017\/2018","description":"EST LYONNAIS : Clubs et lieux de pratique de l'Education Physique et Gymnastique Volontaire pour 2017\/2018","robots":{"index":"index","follow":"follow","max-snippet":"max-snippet:-1","max-image-preview":"max-image-preview:large","max-video-preview":"max-video-preview:-1"},"canonical":"https:\/\/newsestlyonnais.fr\/site\/2017\/07\/04\/est-lyonnais-les-clubs-et-lieux-de-pratique-de-leducation-physique-et-gymnastique-volontaire\/","og_locale":"fr_FR","og_type":"article","og_title":"EST LYONNAIS : Clubs et lieux de pratique de l'Education Physique et Gymnastique Volontaire pour 2017\/2018","og_description":"EST LYONNAIS : Clubs et lieux de pratique de l'Education Physique et Gymnastique Volontaire pour 2017\/2018","og_url":"https:\/\/newsestlyonnais.fr\/site\/2017\/07\/04\/est-lyonnais-les-clubs-et-lieux-de-pratique-de-leducation-physique-et-gymnastique-volontaire\/","og_site_name":"News Est Lyonnais","article_author":"https:\/\/www.facebook.com\/pascal.oberson.1?fref=ts","article_published_time":"2017-07-04T07:04:49+00:00","article_modified_time":"2020-11-07T17:14:49+00:00","og_image":[{"width":1000,"height":750,"url":"https:\/\/i0.wp.com\/newsestlyonnais.fr\/site\/wp-content\/uploads\/2017\/07\/NEWSESTLYONNAIS-EPGV-.jpg?fit=1000%2C750&ssl=1","type":"image\/jpeg"}],"author":"R\u00e9dac. NEWS","twitter_card":"summary_large_image","twitter_misc":{"\u00c9crit par":"R\u00e9dac. NEWS","Dur\u00e9e de lecture estim\u00e9e":"2 minutes"},"schema":{"@context":"https:\/\/schema.org","@graph":[{"@type":"Article","@id":"https:\/\/newsestlyonnais.fr\/site\/2017\/07\/04\/est-lyonnais-les-clubs-et-lieux-de-pratique-de-leducation-physique-et-gymnastique-volontaire\/#article","isPartOf":{"@id":"https:\/\/newsestlyonnais.fr\/site\/2017\/07\/04\/est-lyonnais-les-clubs-et-lieux-de-pratique-de-leducation-physique-et-gymnastique-volontaire\/"},"author":{"name":"R\u00e9dac. NEWS","@id":"https:\/\/newsestlyonnais.fr\/site\/#\/schema\/person\/3230d5615f390bb808365d673001e887"},"headline":"Est-Lyonnais | Clubs et lieux de pratique de l&rsquo;Education Physique et Gymnastique Volontaire","datePublished":"2017-07-04T07:04:49+00:00","dateModified":"2020-11-07T17:14:49+00:00","mainEntityOfPage":{"@id":"https:\/\/newsestlyonnais.fr\/site\/2017\/07\/04\/est-lyonnais-les-clubs-et-lieux-de-pratique-de-leducation-physique-et-gymnastique-volontaire\/"},"wordCount":481,"commentCount":0,"publisher":{"@id":"https:\/\/newsestlyonnais.fr\/site\/#organization"},"image":{"@id":"https:\/\/newsestlyonnais.fr\/site\/2017\/07\/04\/est-lyonnais-les-clubs-et-lieux-de-pratique-de-leducation-physique-et-gymnastique-volontaire\/#primaryimage"},"thumbnailUrl":"https:\/\/newsestlyonnais.fr\/site\/wp-content\/uploads\/2017\/07\/NEWSESTLYONNAIS-EPGV-.jpg","articleSection":["Ain (01)","Bron","CCEL | Communes","Chaponnay | Ternay | Pays d'Ozon","D\u00e9cines-Charpieu","Divers Sports","Genas","Gymnastique | Grs | Gv","Institutions | Troph\u00e9es | J.O.","Lyon","Mions","Saint-Priest","St Bonnet | St Laurent de Mure","St Pierre de Chandieu | Toussieu","V\u00e9nissieux","Villeurbanne"],"inLanguage":"fr-FR","potentialAction":[{"@type":"CommentAction","name":"Comment","target":["https:\/\/newsestlyonnais.fr\/site\/2017\/07\/04\/est-lyonnais-les-clubs-et-lieux-de-pratique-de-leducation-physique-et-gymnastique-volontaire\/#respond"]}]},{"@type":"WebPage","@id":"https:\/\/newsestlyonnais.fr\/site\/2017\/07\/04\/est-lyonnais-les-clubs-et-lieux-de-pratique-de-leducation-physique-et-gymnastique-volontaire\/","url":"https:\/\/newsestlyonnais.fr\/site\/2017\/07\/04\/est-lyonnais-les-clubs-et-lieux-de-pratique-de-leducation-physique-et-gymnastique-volontaire\/","name":"EST LYONNAIS : Clubs et lieux de pratique de l'Education Physique et Gymnastique Volontaire pour 2017\/2018","isPartOf":{"@id":"https:\/\/newsestlyonnais.fr\/site\/#website"},"primaryImageOfPage":{"@id":"https:\/\/newsestlyonnais.fr\/site\/2017\/07\/04\/est-lyonnais-les-clubs-et-lieux-de-pratique-de-leducation-physique-et-gymnastique-volontaire\/#primaryimage"},"image":{"@id":"https:\/\/newsestlyonnais.fr\/site\/2017\/07\/04\/est-lyonnais-les-clubs-et-lieux-de-pratique-de-leducation-physique-et-gymnastique-volontaire\/#primaryimage"},"thumbnailUrl":"https:\/\/newsestlyonnais.fr\/site\/wp-content\/uploads\/2017\/07\/NEWSESTLYONNAIS-EPGV-.jpg","datePublished":"2017-07-04T07:04:49+00:00","dateModified":"2020-11-07T17:14:49+00:00","description":"EST LYONNAIS : Clubs et lieux de pratique de l'Education Physique et Gymnastique Volontaire pour 2017\/2018","breadcrumb":{"@id":"https:\/\/newsestlyonnais.fr\/site\/2017\/07\/04\/est-lyonnais-les-clubs-et-lieux-de-pratique-de-leducation-physique-et-gymnastique-volontaire\/#breadcrumb"},"inLanguage":"fr-FR","potentialAction":[{"@type":"ReadAction","target":["https:\/\/newsestlyonnais.fr\/site\/2017\/07\/04\/est-lyonnais-les-clubs-et-lieux-de-pratique-de-leducation-physique-et-gymnastique-volontaire\/"]}]},{"@type":"ImageObject","inLanguage":"fr-FR","@id":"https:\/\/newsestlyonnais.fr\/site\/2017\/07\/04\/est-lyonnais-les-clubs-et-lieux-de-pratique-de-leducation-physique-et-gymnastique-volontaire\/#primaryimage","url":"https:\/\/newsestlyonnais.fr\/site\/wp-content\/uploads\/2017\/07\/NEWSESTLYONNAIS-EPGV-.jpg","contentUrl":"https:\/\/newsestlyonnais.fr\/site\/wp-content\/uploads\/2017\/07\/NEWSESTLYONNAIS-EPGV-.jpg","width":1000,"height":750,"caption":"NEWSESTLYONNAIS EPGV"},{"@type":"BreadcrumbList","@id":"https:\/\/newsestlyonnais.fr\/site\/2017\/07\/04\/est-lyonnais-les-clubs-et-lieux-de-pratique-de-leducation-physique-et-gymnastique-volontaire\/#breadcrumb","itemListElement":[{"@type":"ListItem","position":1,"name":"Accueil","item":"https:\/\/newsestlyonnais.fr\/site\/"},{"@type":"ListItem","position":2,"name":"Est-Lyonnais | Clubs et lieux de pratique de l&rsquo;Education Physique et Gymnastique Volontaire"}]},{"@type":"WebSite","@id":"https:\/\/newsestlyonnais.fr\/site\/#website","url":"https:\/\/newsestlyonnais.fr\/site\/","name":"News Est Lyonnais","description":"L&#039;actualit\u00e9 au plus pr\u00e8s","publisher":{"@id":"https:\/\/newsestlyonnais.fr\/site\/#organization"},"potentialAction":[{"@type":"SearchAction","target":{"@type":"EntryPoint","urlTemplate":"https:\/\/newsestlyonnais.fr\/site\/?s={search_term_string}"},"query-input":{"@type":"PropertyValueSpecification","valueRequired":true,"valueName":"search_term_string"}}],"inLanguage":"fr-FR"},{"@type":"Organization","@id":"https:\/\/newsestlyonnais.fr\/site\/#organization","name":"News EST LYONNAIS","url":"https:\/\/newsestlyonnais.fr\/site\/","logo":{"@type":"ImageObject","inLanguage":"fr-FR","@id":"https:\/\/newsestlyonnais.fr\/site\/#\/schema\/logo\/image\/","url":"","contentUrl":"","caption":"News EST LYONNAIS"},"image":{"@id":"https:\/\/newsestlyonnais.fr\/site\/#\/schema\/logo\/image\/"}},{"@type":"Person","@id":"https:\/\/newsestlyonnais.fr\/site\/#\/schema\/person\/3230d5615f390bb808365d673001e887","name":"R\u00e9dac. NEWS","sameAs":["http:\/\/www.newsestlyonnais.fr","https:\/\/www.facebook.com\/pascal.oberson.1?fref=ts","https:\/\/fr.linkedin.com\/in\/pascal-oberson-b17045113"],"url":"https:\/\/newsestlyonnais.fr\/site\/author\/nel\/"}]}},"_links":{"self":[{"href":"https:\/\/newsestlyonnais.fr\/site\/wp-json\/wp\/v2\/posts\/31204","targetHints":{"allow":["GET"]}}],"collection":[{"href":"https:\/\/newsestlyonnais.fr\/site\/wp-json\/wp\/v2\/posts"}],"about":[{"href":"https:\/\/newsestlyonnais.fr\/site\/wp-json\/wp\/v2\/types\/post"}],"author":[{"embeddable":true,"href":"https:\/\/newsestlyonnais.fr\/site\/wp-json\/wp\/v2\/users\/4"}],"replies":[{"embeddable":true,"href":"https:\/\/newsestlyonnais.fr\/site\/wp-json\/wp\/v2\/comments?post=31204"}],"version-history":[{"count":0,"href":"https:\/\/newsestlyonnais.fr\/site\/wp-json\/wp\/v2\/posts\/31204\/revisions"}],"wp:featuredmedia":[{"embeddable":true,"href":"https:\/\/newsestlyonnais.fr\/site\/wp-json\/wp\/v2\/media\/31286"}],"wp:attachment":[{"href":"https:\/\/newsestlyonnais.fr\/site\/wp-json\/wp\/v2\/media?parent=31204"}],"wp:term":[{"taxonomy":"category","embeddable":true,"href":"https:\/\/newsestlyonnais.fr\/site\/wp-json\/wp\/v2\/categories?post=31204"},{"taxonomy":"post_tag","embeddable":true,"href":"https:\/\/newsestlyonnais.fr\/site\/wp-json\/wp\/v2\/tags?post=31204"}],"curies":[{"name":"wp","href":"https:\/\/api.w.org\/{rel}","templated":true}]}}