{"id":31393,"date":"2017-07-05T06:36:18","date_gmt":"2017-07-05T05:36:18","guid":{"rendered":"http:\/\/newsestlyonnais.fr\/site\/?p=31393"},"modified":"2020-11-16T09:35:25","modified_gmt":"2020-11-16T08:35:25","slug":"villeurbanne-vivez-lete-animations-gratuites-pour-tous-jusquau-7-septembre","status":"publish","type":"post","link":"https:\/\/newsestlyonnais.fr\/site\/2017\/07\/05\/villeurbanne-vivez-lete-animations-gratuites-pour-tous-jusquau-7-septembre\/","title":{"rendered":"VILLEURBANNE | \u00ab\u00a0Vivez l\u2019\u00e9t\u00e9\u00a0\u00bb > animations gratuites pour tous jusqu\u2019au 7\u00a0septembre !"},"content":{"rendered":"<h4><i>Pour permettre aux habitants de profiter pleinement de la p\u00e9riode estivale tout en restant chez soi, la ville de Villeurbanne et ses partenaires proposent des activit\u00e9s ludiques, culturelles et sportives. <\/i><\/h4>\n<p><i>Concerts, balades, cin\u00e9ma, lecture, sport, une multitude d\u2019animations gratuites, destin\u00e9es \u00e0 tous les publics.<\/i><\/p>\n<ul>\n<li class=\"ox-12e0482f5e-MsoNormal\"><b><span style=\"text-decoration: underline\"><em>L\u2019\u00e9t\u00e9 en centre-ville<\/em><\/span>: <\/b><strong>Du 8 juillet au 7 septembre, l\u2019avenue Henri-Barbusse<\/strong> devient pi\u00e9tonne pour la huiti\u00e8me ann\u00e9e. Terrasses de caf\u00e9s et de restaurants \u00e9tendues, parasols d\u00e9pli\u00e9s et pots v\u00e9g\u00e9talis\u00e9s\u2026 Les Villeurbannais red\u00e9couvriront le c\u0153ur de la ville m\u00e9tamorphos\u00e9e pour l\u2019\u00e9t\u00e9. Les puces du canal feront leur retour aux Gratte-Ciel le 8 juillet avec une quarantaine d\u2019exposants de petits objets, cartes postales et meubles vintages. Mardi 25 juillet, Le Rize organisera des visites pour d\u00e9couvrir l\u2019histoire architecturale et urbaine unique des Gratte-Ciel.<\/li>\n<li class=\"ox-12e0482f5e-MsoNormal\"><b><em><span style=\"text-decoration: underline\">Des espaces de d\u00e9tente et de lecture<\/span><\/em>: <\/b>Des transats et parasols avec livres, magazines et un kiosque \u00e0 lecture pour les plus petits seront mis \u00e0 disposition sur le <strong>parvis de l\u2019h\u00f4tel de ville du 8 juillet au 2 septembre<\/strong>. De nombreuses animations p\u00e9dagogiques et manuelles seront \u00e9galement propos\u00e9es pour petits et grands tout au long de la p\u00e9riode estivale : initiation aux \u00e9checs, aux danses latines, jeux de soci\u00e9t\u00e9, ateliers modelage, de calligraphie, d\u2019\u00e9veil aux arts plastiques\u2026 L\u2019occasion pour les habitants de se rencontrer et de partager des moments conviviaux. Durant le mois de juillet, au pied des immeubles des quartiers Saint-Jean, Cyprian\/Les Brosses et Buers\/Croix-Luizet, des biblioth\u00e8ques \u00e0 ciel ouvert permettront aux enfants (3-12 ans) de s\u2019\u00e9vader le temps d\u2019une lecture.<\/li>\n<li class=\"ox-12e0482f5e-MsoNormal\"><b><em><span style=\"text-decoration: underline\">S\u00e9ances de cin\u00e9ma sous les \u00e9toiles et au Rize<\/span><\/em>: <\/b><strong>Du 13 juillet au 24 ao\u00fbt<\/strong>, la Ville met en place le dispositif <strong>Cin\u00e9ma sous les \u00e9toiles<\/strong>, en partenariat avec les centres sociaux villeurbannais. Neuf s\u00e9ances gratuites avec \u00e9cran g\u00e9ant en plein air : des films d\u2019animation (Kung Fu Panda 3, Comme des B\u00eates, Vice Versa), de la com\u00e9die avec Caf\u00e9 Society de Woody Allen, des films d\u2019aventure (Heidi ou Le Livre de la Jungle)\u2026 Tous les samedis de juillet et ao\u00fbt, Le Rize diffusera \u00e9galement des films autour des rapports entre l\u2019homme et les milieux naturels. Les spectateurs pourront ensuite partager leurs impressions.<\/li>\n<li class=\"ox-12e0482f5e-MsoNormal\"><b><span style=\"text-decoration: underline\"><em>Du sport et des loisirs pour les jeunes<\/em><\/span>: <\/b><strong>Du 10 juillet au 4 ao\u00fbt<\/strong>, la <strong>Caravane des sports<\/strong> proposera aux jeunes, d\u00e8s l\u2019\u00e2ge de 12 ans, un programme multi-activit\u00e9s : cirque accro, BMX, biathlon, graff, crossfit, football, tchoukball, zumba&#8230; De nombreuses animations encadr\u00e9es s\u2019installeront dans les quartiers pour les jeunes d\u00e8s 6 ans : ateliers cr\u00e9atifs, grands jeux, rencontres sportives, jeux de soci\u00e9t\u00e9\u2026 Du 9 au 18 ao\u00fbt, un \u00ab espace jeunes \u00bb proposera \u00e9galement des activit\u00e9s \u00e0 partir de 12 ans : initiation DJ, jeux vid\u00e9o ext\u00e9rieur, graff, babyfoot, sports collectifs, espace \u00ab d\u00e9tente \u00bb dans les quartiers Saint-Jean, Tonkin, Cyprian\/Les Brosses et Buers\/Croix-Luizet.<\/li>\n<li class=\"ox-12e0482f5e-MsoNormal\"><span style=\"text-decoration: underline\"><em><b>Des animations autour des bassins<\/b><\/em><\/span><em><b>:\u00a0<\/b><\/em><b> <\/b><strong>Jusqu\u2019au 27 ao\u00fbt, le Centre nautique Etienne-Gagnaire<\/strong> ouvre ses portes au grand public avec des animations aquatiques et terrestres. Un \u00e9ducateur sportif encadrera un espace aqua-ludique, am\u00e9nag\u00e9 pour les enfants de 3 \u00e0 10 ans (sous la responsabilit\u00e9 des parents). Des stages de natation pour les jeunes et des cours de gymnastique aquatique pour les adultes compl\u00e8teront l\u2019offre estivale.<\/li>\n<li class=\"ox-12e0482f5e-MsoNormal\"><b><span style=\"text-decoration: underline\"><em>L\u2019environnement au c\u0153ur de la ville<\/em><\/span>: <\/b><strong>En juillet et en ao\u00fbt<\/strong>, Anim\u2019Feyssine proposera, <strong>tous les mercredis apr\u00e8s-mid<\/strong>i, des activit\u00e9s ludiques pour d\u00e9couvrir le <strong>parc de la Feyssine<\/strong> tout en s\u2019amusant. Dans les parcs et les jardins, l\u2019\u00e9quipe de la direction Paysages et nature sensibilisera les jeunes \u00e0 l\u2019environnement avec des animations : Pictionnary du d\u00e9veloppement durable, Jeu de l\u2019oie de l\u2019environnement, course au tri, connaissance du cycle de l\u2019eau, des arbres&#8230;\u00a0 Le Rize proposera \u00e9galement des rendez-vous pour tous les \u00e2ges autour de l\u2019exposition \u00ab La graine et le bitume \u00bb consacr\u00e9e \u00e0 la place du v\u00e9g\u00e9tal en ville : des balades v\u00e9g\u00e9tales pour d\u00e9couvrir les jardins \u00e9ph\u00e9m\u00e8res de la rue L\u00e9on-Chomel ou encore les premiers potagers en libre-service.<\/li>\n<li class=\"ox-12e0482f5e-MsoNormal\"><b><span style=\"text-decoration: underline\"><em>Un \u00e9t\u00e9 au rythme de la musique<\/em><\/span>: <\/b><strong>Du 12 juillet au 30 ao\u00fbt<\/strong>, \u00e0 partir de 19h le <strong>parvis de l\u2019h\u00f4tel de ville<\/strong> vibrera au rythme de concerts vari\u00e9s avec le groove de SaraVertigo, les reprises de T\u00e9l\u00e9phonemania\u2026 Gah Tse Li emm\u00e8nera le public sur le continent africain alors que Nedl Officiel proposera un DJ set enflamm\u00e9.<\/li>\n<li class=\"ox-12e0482f5e-MsoNormal\"><span style=\"text-decoration: underline\"><em><b>Et pour les seniors <\/b><\/em><\/span><em><b>: <\/b><\/em><strong>Du 3 juillet au 31 ao\u00fbt<\/strong>, l\u2019Ovpar (Office villeurbannais des personnes \u00e2g\u00e9es et des retrait\u00e9s) met en place de multiples activit\u00e9s \u00e0 destination des seniors : concert, d\u00e9couverte de calligraphie chinoise, expositions, marches matinales, visites ou sorties\u2026 pour tisser des liens et partir en vacances tout en restant chez soi.<\/li>\n<\/ul>\n<h4 class=\"ox-12e0482f5e-MsoNormal\">Plus d\u2019infos sur: <a href=\"http:\/\/www.viva-interactif.com\" target=\"_blank\" rel=\"noopener noreferrer\">http:\/\/www.viva-interactif.com<\/a><\/h4>\n","protected":false},"excerpt":{"rendered":"<p>Pour permettre aux habitants de profiter pleinement de la p\u00e9riode estivale tout en restant chez soi, la ville de Villeurbanne et ses partenaires proposent des activit\u00e9s ludiques, culturelles et sportives. Concerts, balades, cin\u00e9ma, lecture, sport, une multitude d\u2019animations gratuites, destin\u00e9es \u00e0 tous les publics. L\u2019\u00e9t\u00e9 en centre-ville: Du 8 juillet au 7 septembre, l\u2019avenue Henri-Barbusse [&hellip;]<\/p>\n","protected":false},"author":4,"featured_media":12277,"comment_status":"open","ping_status":"open","sticky":false,"template":"","format":"standard","meta":{"footnotes":""},"categories":[171,29],"tags":[],"class_list":["post-31393","post","type-post","status-publish","format-standard","has-post-thumbnail","hentry","category-enfance-jeunesse","category-villeurbanne"],"yoast_head":"<!-- This site is optimized with the Yoast SEO plugin v27.2 - https:\/\/yoast.com\/product\/yoast-seo-wordpress\/ -->\n<title>VILLEURBANNE : &quot;Vivez l\u2019\u00e9t\u00e9&quot; : Animations gratuites pour tous jusqu\u2019au 7 septembre !<\/title>\n<meta name=\"description\" content=\"VILLEURBANNE : &quot;Vivez l\u2019\u00e9t\u00e9&quot; : Animations gratuites pour tous jusqu\u2019au 7 septembre !\" \/>\n<meta name=\"robots\" content=\"index, follow, max-snippet:-1, max-image-preview:large, max-video-preview:-1\" \/>\n<link rel=\"canonical\" href=\"https:\/\/newsestlyonnais.fr\/site\/2017\/07\/05\/villeurbanne-vivez-lete-animations-gratuites-pour-tous-jusquau-7-septembre\/\" \/>\n<meta property=\"og:locale\" content=\"fr_FR\" \/>\n<meta property=\"og:type\" content=\"article\" \/>\n<meta property=\"og:title\" content=\"VILLEURBANNE : &quot;Vivez l\u2019\u00e9t\u00e9&quot; : Animations gratuites pour tous jusqu\u2019au 7 septembre !\" \/>\n<meta property=\"og:description\" content=\"VILLEURBANNE : &quot;Vivez l\u2019\u00e9t\u00e9&quot; : Animations gratuites pour tous jusqu\u2019au 7 septembre !\" \/>\n<meta property=\"og:url\" content=\"https:\/\/newsestlyonnais.fr\/site\/2017\/07\/05\/villeurbanne-vivez-lete-animations-gratuites-pour-tous-jusquau-7-septembre\/\" \/>\n<meta property=\"og:site_name\" content=\"News Est Lyonnais\" \/>\n<meta property=\"article:author\" content=\"https:\/\/www.facebook.com\/pascal.oberson.1?fref=ts\" \/>\n<meta property=\"article:published_time\" content=\"2017-07-05T05:36:18+00:00\" \/>\n<meta property=\"article:modified_time\" content=\"2020-11-16T08:35:25+00:00\" \/>\n<meta property=\"og:image\" content=\"https:\/\/i0.wp.com\/newsestlyonnais.fr\/site\/wp-content\/uploads\/2016\/09\/NEWSESTLYONNAIS-PANNEAUVILLEURBANNE.jpg?fit=1000%2C750&ssl=1\" \/>\n\t<meta property=\"og:image:width\" content=\"1000\" \/>\n\t<meta property=\"og:image:height\" content=\"750\" \/>\n\t<meta property=\"og:image:type\" content=\"image\/jpeg\" \/>\n<meta name=\"author\" content=\"R\u00e9dac. NEWS\" \/>\n<meta name=\"twitter:card\" content=\"summary_large_image\" \/>\n<meta name=\"twitter:label1\" content=\"\u00c9crit par\" \/>\n\t<meta name=\"twitter:data1\" content=\"R\u00e9dac. NEWS\" \/>\n\t<meta name=\"twitter:label2\" content=\"Dur\u00e9e de lecture estim\u00e9e\" \/>\n\t<meta name=\"twitter:data2\" content=\"4 minutes\" \/>\n<script type=\"application\/ld+json\" class=\"yoast-schema-graph\">{\"@context\":\"https:\/\/schema.org\",\"@graph\":[{\"@type\":\"Article\",\"@id\":\"https:\/\/newsestlyonnais.fr\/site\/2017\/07\/05\/villeurbanne-vivez-lete-animations-gratuites-pour-tous-jusquau-7-septembre\/#article\",\"isPartOf\":{\"@id\":\"https:\/\/newsestlyonnais.fr\/site\/2017\/07\/05\/villeurbanne-vivez-lete-animations-gratuites-pour-tous-jusquau-7-septembre\/\"},\"author\":{\"name\":\"R\u00e9dac. NEWS\",\"@id\":\"https:\/\/newsestlyonnais.fr\/site\/#\/schema\/person\/3230d5615f390bb808365d673001e887\"},\"headline\":\"VILLEURBANNE | \u00ab\u00a0Vivez l\u2019\u00e9t\u00e9\u00a0\u00bb > animations gratuites pour tous jusqu\u2019au 7\u00a0septembre !\",\"datePublished\":\"2017-07-05T05:36:18+00:00\",\"dateModified\":\"2020-11-16T08:35:25+00:00\",\"mainEntityOfPage\":{\"@id\":\"https:\/\/newsestlyonnais.fr\/site\/2017\/07\/05\/villeurbanne-vivez-lete-animations-gratuites-pour-tous-jusquau-7-septembre\/\"},\"wordCount\":830,\"commentCount\":0,\"publisher\":{\"@id\":\"https:\/\/newsestlyonnais.fr\/site\/#organization\"},\"image\":{\"@id\":\"https:\/\/newsestlyonnais.fr\/site\/2017\/07\/05\/villeurbanne-vivez-lete-animations-gratuites-pour-tous-jusquau-7-septembre\/#primaryimage\"},\"thumbnailUrl\":\"https:\/\/newsestlyonnais.fr\/site\/wp-content\/uploads\/2016\/09\/NEWSESTLYONNAIS-PANNEAUVILLEURBANNE.jpg\",\"articleSection\":[\"Enfance | Jeunesse\",\"Villeurbanne\"],\"inLanguage\":\"fr-FR\",\"potentialAction\":[{\"@type\":\"CommentAction\",\"name\":\"Comment\",\"target\":[\"https:\/\/newsestlyonnais.fr\/site\/2017\/07\/05\/villeurbanne-vivez-lete-animations-gratuites-pour-tous-jusquau-7-septembre\/#respond\"]}]},{\"@type\":\"WebPage\",\"@id\":\"https:\/\/newsestlyonnais.fr\/site\/2017\/07\/05\/villeurbanne-vivez-lete-animations-gratuites-pour-tous-jusquau-7-septembre\/\",\"url\":\"https:\/\/newsestlyonnais.fr\/site\/2017\/07\/05\/villeurbanne-vivez-lete-animations-gratuites-pour-tous-jusquau-7-septembre\/\",\"name\":\"VILLEURBANNE : \\\"Vivez l\u2019\u00e9t\u00e9\\\" : Animations gratuites pour tous jusqu\u2019au 7 septembre !\",\"isPartOf\":{\"@id\":\"https:\/\/newsestlyonnais.fr\/site\/#website\"},\"primaryImageOfPage\":{\"@id\":\"https:\/\/newsestlyonnais.fr\/site\/2017\/07\/05\/villeurbanne-vivez-lete-animations-gratuites-pour-tous-jusquau-7-septembre\/#primaryimage\"},\"image\":{\"@id\":\"https:\/\/newsestlyonnais.fr\/site\/2017\/07\/05\/villeurbanne-vivez-lete-animations-gratuites-pour-tous-jusquau-7-septembre\/#primaryimage\"},\"thumbnailUrl\":\"https:\/\/newsestlyonnais.fr\/site\/wp-content\/uploads\/2016\/09\/NEWSESTLYONNAIS-PANNEAUVILLEURBANNE.jpg\",\"datePublished\":\"2017-07-05T05:36:18+00:00\",\"dateModified\":\"2020-11-16T08:35:25+00:00\",\"description\":\"VILLEURBANNE : \\\"Vivez l\u2019\u00e9t\u00e9\\\" : Animations gratuites pour tous jusqu\u2019au 7 septembre !\",\"breadcrumb\":{\"@id\":\"https:\/\/newsestlyonnais.fr\/site\/2017\/07\/05\/villeurbanne-vivez-lete-animations-gratuites-pour-tous-jusquau-7-septembre\/#breadcrumb\"},\"inLanguage\":\"fr-FR\",\"potentialAction\":[{\"@type\":\"ReadAction\",\"target\":[\"https:\/\/newsestlyonnais.fr\/site\/2017\/07\/05\/villeurbanne-vivez-lete-animations-gratuites-pour-tous-jusquau-7-septembre\/\"]}]},{\"@type\":\"ImageObject\",\"inLanguage\":\"fr-FR\",\"@id\":\"https:\/\/newsestlyonnais.fr\/site\/2017\/07\/05\/villeurbanne-vivez-lete-animations-gratuites-pour-tous-jusquau-7-septembre\/#primaryimage\",\"url\":\"https:\/\/newsestlyonnais.fr\/site\/wp-content\/uploads\/2016\/09\/NEWSESTLYONNAIS-PANNEAUVILLEURBANNE.jpg\",\"contentUrl\":\"https:\/\/newsestlyonnais.fr\/site\/wp-content\/uploads\/2016\/09\/NEWSESTLYONNAIS-PANNEAUVILLEURBANNE.jpg\",\"width\":1000,\"height\":750,\"caption\":\"newsestlyonnais-panneauvilleurbanne\"},{\"@type\":\"BreadcrumbList\",\"@id\":\"https:\/\/newsestlyonnais.fr\/site\/2017\/07\/05\/villeurbanne-vivez-lete-animations-gratuites-pour-tous-jusquau-7-septembre\/#breadcrumb\",\"itemListElement\":[{\"@type\":\"ListItem\",\"position\":1,\"name\":\"Accueil\",\"item\":\"https:\/\/newsestlyonnais.fr\/site\/\"},{\"@type\":\"ListItem\",\"position\":2,\"name\":\"VILLEURBANNE | \u00ab\u00a0Vivez l\u2019\u00e9t\u00e9\u00a0\u00bb > animations gratuites pour tous jusqu\u2019au 7\u00a0septembre !\"}]},{\"@type\":\"WebSite\",\"@id\":\"https:\/\/newsestlyonnais.fr\/site\/#website\",\"url\":\"https:\/\/newsestlyonnais.fr\/site\/\",\"name\":\"News Est Lyonnais\",\"description\":\"L&#039;actualit\u00e9 au plus pr\u00e8s\",\"publisher\":{\"@id\":\"https:\/\/newsestlyonnais.fr\/site\/#organization\"},\"potentialAction\":[{\"@type\":\"SearchAction\",\"target\":{\"@type\":\"EntryPoint\",\"urlTemplate\":\"https:\/\/newsestlyonnais.fr\/site\/?s={search_term_string}\"},\"query-input\":{\"@type\":\"PropertyValueSpecification\",\"valueRequired\":true,\"valueName\":\"search_term_string\"}}],\"inLanguage\":\"fr-FR\"},{\"@type\":\"Organization\",\"@id\":\"https:\/\/newsestlyonnais.fr\/site\/#organization\",\"name\":\"News EST LYONNAIS\",\"url\":\"https:\/\/newsestlyonnais.fr\/site\/\",\"logo\":{\"@type\":\"ImageObject\",\"inLanguage\":\"fr-FR\",\"@id\":\"https:\/\/newsestlyonnais.fr\/site\/#\/schema\/logo\/image\/\",\"url\":\"\",\"contentUrl\":\"\",\"caption\":\"News EST LYONNAIS\"},\"image\":{\"@id\":\"https:\/\/newsestlyonnais.fr\/site\/#\/schema\/logo\/image\/\"}},{\"@type\":\"Person\",\"@id\":\"https:\/\/newsestlyonnais.fr\/site\/#\/schema\/person\/3230d5615f390bb808365d673001e887\",\"name\":\"R\u00e9dac. NEWS\",\"sameAs\":[\"http:\/\/www.newsestlyonnais.fr\",\"https:\/\/www.facebook.com\/pascal.oberson.1?fref=ts\",\"https:\/\/fr.linkedin.com\/in\/pascal-oberson-b17045113\"],\"url\":\"https:\/\/newsestlyonnais.fr\/site\/author\/nel\/\"}]}<\/script>\n<!-- \/ Yoast SEO plugin. -->","yoast_head_json":{"title":"VILLEURBANNE : \"Vivez l\u2019\u00e9t\u00e9\" : Animations gratuites pour tous jusqu\u2019au 7 septembre !","description":"VILLEURBANNE : \"Vivez l\u2019\u00e9t\u00e9\" : Animations gratuites pour tous jusqu\u2019au 7 septembre !","robots":{"index":"index","follow":"follow","max-snippet":"max-snippet:-1","max-image-preview":"max-image-preview:large","max-video-preview":"max-video-preview:-1"},"canonical":"https:\/\/newsestlyonnais.fr\/site\/2017\/07\/05\/villeurbanne-vivez-lete-animations-gratuites-pour-tous-jusquau-7-septembre\/","og_locale":"fr_FR","og_type":"article","og_title":"VILLEURBANNE : \"Vivez l\u2019\u00e9t\u00e9\" : Animations gratuites pour tous jusqu\u2019au 7 septembre !","og_description":"VILLEURBANNE : \"Vivez l\u2019\u00e9t\u00e9\" : Animations gratuites pour tous jusqu\u2019au 7 septembre !","og_url":"https:\/\/newsestlyonnais.fr\/site\/2017\/07\/05\/villeurbanne-vivez-lete-animations-gratuites-pour-tous-jusquau-7-septembre\/","og_site_name":"News Est Lyonnais","article_author":"https:\/\/www.facebook.com\/pascal.oberson.1?fref=ts","article_published_time":"2017-07-05T05:36:18+00:00","article_modified_time":"2020-11-16T08:35:25+00:00","og_image":[{"width":1000,"height":750,"url":"https:\/\/i0.wp.com\/newsestlyonnais.fr\/site\/wp-content\/uploads\/2016\/09\/NEWSESTLYONNAIS-PANNEAUVILLEURBANNE.jpg?fit=1000%2C750&ssl=1","type":"image\/jpeg"}],"author":"R\u00e9dac. NEWS","twitter_card":"summary_large_image","twitter_misc":{"\u00c9crit par":"R\u00e9dac. NEWS","Dur\u00e9e de lecture estim\u00e9e":"4 minutes"},"schema":{"@context":"https:\/\/schema.org","@graph":[{"@type":"Article","@id":"https:\/\/newsestlyonnais.fr\/site\/2017\/07\/05\/villeurbanne-vivez-lete-animations-gratuites-pour-tous-jusquau-7-septembre\/#article","isPartOf":{"@id":"https:\/\/newsestlyonnais.fr\/site\/2017\/07\/05\/villeurbanne-vivez-lete-animations-gratuites-pour-tous-jusquau-7-septembre\/"},"author":{"name":"R\u00e9dac. NEWS","@id":"https:\/\/newsestlyonnais.fr\/site\/#\/schema\/person\/3230d5615f390bb808365d673001e887"},"headline":"VILLEURBANNE | \u00ab\u00a0Vivez l\u2019\u00e9t\u00e9\u00a0\u00bb > animations gratuites pour tous jusqu\u2019au 7\u00a0septembre !","datePublished":"2017-07-05T05:36:18+00:00","dateModified":"2020-11-16T08:35:25+00:00","mainEntityOfPage":{"@id":"https:\/\/newsestlyonnais.fr\/site\/2017\/07\/05\/villeurbanne-vivez-lete-animations-gratuites-pour-tous-jusquau-7-septembre\/"},"wordCount":830,"commentCount":0,"publisher":{"@id":"https:\/\/newsestlyonnais.fr\/site\/#organization"},"image":{"@id":"https:\/\/newsestlyonnais.fr\/site\/2017\/07\/05\/villeurbanne-vivez-lete-animations-gratuites-pour-tous-jusquau-7-septembre\/#primaryimage"},"thumbnailUrl":"https:\/\/newsestlyonnais.fr\/site\/wp-content\/uploads\/2016\/09\/NEWSESTLYONNAIS-PANNEAUVILLEURBANNE.jpg","articleSection":["Enfance | Jeunesse","Villeurbanne"],"inLanguage":"fr-FR","potentialAction":[{"@type":"CommentAction","name":"Comment","target":["https:\/\/newsestlyonnais.fr\/site\/2017\/07\/05\/villeurbanne-vivez-lete-animations-gratuites-pour-tous-jusquau-7-septembre\/#respond"]}]},{"@type":"WebPage","@id":"https:\/\/newsestlyonnais.fr\/site\/2017\/07\/05\/villeurbanne-vivez-lete-animations-gratuites-pour-tous-jusquau-7-septembre\/","url":"https:\/\/newsestlyonnais.fr\/site\/2017\/07\/05\/villeurbanne-vivez-lete-animations-gratuites-pour-tous-jusquau-7-septembre\/","name":"VILLEURBANNE : \"Vivez l\u2019\u00e9t\u00e9\" : Animations gratuites pour tous jusqu\u2019au 7 septembre !","isPartOf":{"@id":"https:\/\/newsestlyonnais.fr\/site\/#website"},"primaryImageOfPage":{"@id":"https:\/\/newsestlyonnais.fr\/site\/2017\/07\/05\/villeurbanne-vivez-lete-animations-gratuites-pour-tous-jusquau-7-septembre\/#primaryimage"},"image":{"@id":"https:\/\/newsestlyonnais.fr\/site\/2017\/07\/05\/villeurbanne-vivez-lete-animations-gratuites-pour-tous-jusquau-7-septembre\/#primaryimage"},"thumbnailUrl":"https:\/\/newsestlyonnais.fr\/site\/wp-content\/uploads\/2016\/09\/NEWSESTLYONNAIS-PANNEAUVILLEURBANNE.jpg","datePublished":"2017-07-05T05:36:18+00:00","dateModified":"2020-11-16T08:35:25+00:00","description":"VILLEURBANNE : \"Vivez l\u2019\u00e9t\u00e9\" : Animations gratuites pour tous jusqu\u2019au 7 septembre !","breadcrumb":{"@id":"https:\/\/newsestlyonnais.fr\/site\/2017\/07\/05\/villeurbanne-vivez-lete-animations-gratuites-pour-tous-jusquau-7-septembre\/#breadcrumb"},"inLanguage":"fr-FR","potentialAction":[{"@type":"ReadAction","target":["https:\/\/newsestlyonnais.fr\/site\/2017\/07\/05\/villeurbanne-vivez-lete-animations-gratuites-pour-tous-jusquau-7-septembre\/"]}]},{"@type":"ImageObject","inLanguage":"fr-FR","@id":"https:\/\/newsestlyonnais.fr\/site\/2017\/07\/05\/villeurbanne-vivez-lete-animations-gratuites-pour-tous-jusquau-7-septembre\/#primaryimage","url":"https:\/\/newsestlyonnais.fr\/site\/wp-content\/uploads\/2016\/09\/NEWSESTLYONNAIS-PANNEAUVILLEURBANNE.jpg","contentUrl":"https:\/\/newsestlyonnais.fr\/site\/wp-content\/uploads\/2016\/09\/NEWSESTLYONNAIS-PANNEAUVILLEURBANNE.jpg","width":1000,"height":750,"caption":"newsestlyonnais-panneauvilleurbanne"},{"@type":"BreadcrumbList","@id":"https:\/\/newsestlyonnais.fr\/site\/2017\/07\/05\/villeurbanne-vivez-lete-animations-gratuites-pour-tous-jusquau-7-septembre\/#breadcrumb","itemListElement":[{"@type":"ListItem","position":1,"name":"Accueil","item":"https:\/\/newsestlyonnais.fr\/site\/"},{"@type":"ListItem","position":2,"name":"VILLEURBANNE | \u00ab\u00a0Vivez l\u2019\u00e9t\u00e9\u00a0\u00bb > animations gratuites pour tous jusqu\u2019au 7\u00a0septembre !"}]},{"@type":"WebSite","@id":"https:\/\/newsestlyonnais.fr\/site\/#website","url":"https:\/\/newsestlyonnais.fr\/site\/","name":"News Est Lyonnais","description":"L&#039;actualit\u00e9 au plus pr\u00e8s","publisher":{"@id":"https:\/\/newsestlyonnais.fr\/site\/#organization"},"potentialAction":[{"@type":"SearchAction","target":{"@type":"EntryPoint","urlTemplate":"https:\/\/newsestlyonnais.fr\/site\/?s={search_term_string}"},"query-input":{"@type":"PropertyValueSpecification","valueRequired":true,"valueName":"search_term_string"}}],"inLanguage":"fr-FR"},{"@type":"Organization","@id":"https:\/\/newsestlyonnais.fr\/site\/#organization","name":"News EST LYONNAIS","url":"https:\/\/newsestlyonnais.fr\/site\/","logo":{"@type":"ImageObject","inLanguage":"fr-FR","@id":"https:\/\/newsestlyonnais.fr\/site\/#\/schema\/logo\/image\/","url":"","contentUrl":"","caption":"News EST LYONNAIS"},"image":{"@id":"https:\/\/newsestlyonnais.fr\/site\/#\/schema\/logo\/image\/"}},{"@type":"Person","@id":"https:\/\/newsestlyonnais.fr\/site\/#\/schema\/person\/3230d5615f390bb808365d673001e887","name":"R\u00e9dac. NEWS","sameAs":["http:\/\/www.newsestlyonnais.fr","https:\/\/www.facebook.com\/pascal.oberson.1?fref=ts","https:\/\/fr.linkedin.com\/in\/pascal-oberson-b17045113"],"url":"https:\/\/newsestlyonnais.fr\/site\/author\/nel\/"}]}},"_links":{"self":[{"href":"https:\/\/newsestlyonnais.fr\/site\/wp-json\/wp\/v2\/posts\/31393","targetHints":{"allow":["GET"]}}],"collection":[{"href":"https:\/\/newsestlyonnais.fr\/site\/wp-json\/wp\/v2\/posts"}],"about":[{"href":"https:\/\/newsestlyonnais.fr\/site\/wp-json\/wp\/v2\/types\/post"}],"author":[{"embeddable":true,"href":"https:\/\/newsestlyonnais.fr\/site\/wp-json\/wp\/v2\/users\/4"}],"replies":[{"embeddable":true,"href":"https:\/\/newsestlyonnais.fr\/site\/wp-json\/wp\/v2\/comments?post=31393"}],"version-history":[{"count":0,"href":"https:\/\/newsestlyonnais.fr\/site\/wp-json\/wp\/v2\/posts\/31393\/revisions"}],"wp:featuredmedia":[{"embeddable":true,"href":"https:\/\/newsestlyonnais.fr\/site\/wp-json\/wp\/v2\/media\/12277"}],"wp:attachment":[{"href":"https:\/\/newsestlyonnais.fr\/site\/wp-json\/wp\/v2\/media?parent=31393"}],"wp:term":[{"taxonomy":"category","embeddable":true,"href":"https:\/\/newsestlyonnais.fr\/site\/wp-json\/wp\/v2\/categories?post=31393"},{"taxonomy":"post_tag","embeddable":true,"href":"https:\/\/newsestlyonnais.fr\/site\/wp-json\/wp\/v2\/tags?post=31393"}],"curies":[{"name":"wp","href":"https:\/\/api.w.org\/{rel}","templated":true}]}}