{"id":31400,"date":"2017-07-05T14:41:12","date_gmt":"2017-07-05T13:41:12","guid":{"rendered":"http:\/\/newsestlyonnais.fr\/site\/?p=31400"},"modified":"2020-11-01T19:20:52","modified_gmt":"2020-11-01T18:20:52","slug":"bron-meeting-interregional-dathletisme-jeudi-soir","status":"publish","type":"post","link":"https:\/\/newsestlyonnais.fr\/site\/2017\/07\/05\/bron-meeting-interregional-dathletisme-jeudi-soir\/","title":{"rendered":"BRON | Meeting interr\u00e9gional d&rsquo;athl\u00e9tisme jeudi soir"},"content":{"rendered":"<div dir=\"ltr\">\n<div>\n<p>Une comp\u00e9tition interr\u00e9gionale organis\u00e9e par l&rsquo;ASUL Bron Athl\u00e9tisme (section locale de l&rsquo;Entente Sud Lyonnais) et qui rassemblera plus de 200 athl\u00e8tes (masculins &amp; f\u00e9minines) de tout le territoire mais aussi de l&rsquo;\u00e9tranger !<\/p>\n<p>&#8212;&#8212;&#8212;&#8212;&#8212;&#8212;&#8212;&#8212;&#8212;&#8212;&#8212;&#8212;&#8212;&#8212;&#8212;&#8212;&#8212;&#8212;&#8212;&#8212;&#8212;&#8212;&#8212;&#8212;&#8212;&#8212;&#8212;&#8212;&#8212;&#8212;&#8212;&#8212;&#8212;&#8212;&#8212;&#8212;&#8212;&#8212;&#8212;&#8212;&#8212;&#8212;&#8212;&#8212;&#8212;&#8211;<\/p>\n<h4><span style=\"text-decoration: underline\">Le programme du meeting<\/span> :<\/h4>\n<ul>\n<li>17 h 15 :\u00a0 Mise en place du jury<\/li>\n<li>18 h : 100 m Femmes (S\u00e9ries)<\/li>\n<li>18 h 05 : Perche Femmes<\/li>\n<li>18 h 10 : Longueur Hommes<\/li>\n<li>18 h 40 : 100 m Hommes (S\u00e9ries)<\/li>\n<li>19 h : Hauteur Femmes<\/li>\n<li>19 h 20 : 400 m Femmes<\/li>\n<li>19 h 45 :\u00a0 400 m Hommes<\/li>\n<li>20 h 10 : 100 m Femmes (Finales)<\/li>\n<li>20 h 15 : Triple Femmes<\/li>\n<li>20 h 30 : Perche Hommes<\/li>\n<li>20 h 35 : Hauteur Hommes<\/li>\n<li>20 h 40 : 200 m Femmes *<\/li>\n<li>21 h 10 : 200 m Hommes *<\/li>\n<li>21 h 30 : 800 m Femmes *<\/li>\n<li>21 h 40 : 800 m Hommes *<\/li>\n<li>21 h 50 : 1500 m<\/li>\n<\/ul>\n<p>* En fonction du nombre d&rsquo;engag\u00e9s, les horaires pourront \u00eatre adapt\u00e9s.<\/p>\n<p>&#8212;&#8212;&#8212;&#8212;&#8212;&#8212;&#8212;&#8212;&#8212;&#8212;&#8212;&#8212;&#8212;&#8212;&#8212;&#8212;&#8212;&#8212;&#8212;&#8212;&#8212;&#8212;&#8212;&#8212;&#8212;&#8212;&#8212;&#8212;&#8212;&#8212;&#8212;&#8212;&#8212;&#8212;&#8212;&#8212;&#8212;&#8212;&#8212;&#8212;&#8212;&#8212;&#8212;&#8212;&#8212;&#8211;<\/p>\n<h4>+ d&rsquo;infos sur: http:\/\/asubron.athle.com\/asp.net\/espaces.html\/html.aspx?id=13104<\/h4>\n<ul>\n<li>Stade Pierre Duboeuf, 4 rue Jean Bouin \u00e0 Bron. <em><strong>Entr\u00e9e gratuite.<\/strong><\/em><\/li>\n<\/ul>\n<p>&#8212;&#8212;&#8212;&#8212;&#8212;&#8212;&#8212;&#8212;&#8212;&#8212;&#8212;&#8212;&#8212;&#8212;&#8212;&#8212;&#8212;&#8212;&#8212;&#8212;&#8212;&#8212;&#8212;&#8212;&#8212;&#8212;&#8212;&#8212;&#8212;&#8212;&#8212;&#8212;&#8212;&#8212;&#8212;&#8212;&#8212;&#8212;&#8212;&#8212;&#8212;&#8212;&#8212;&#8212;&#8212;&#8211;<\/p>\n<p><img loading=\"lazy\" decoding=\"async\" class=\"size-full wp-image-31425 aligncenter\" src=\"https:\/\/newsestlyonnais.fr\/site\/medias\/2017\/07\/Affiche-meeting-Bron-2017-v2.jpg\" alt=\"Affiche meeting Bron 2017 v2\" width=\"149\" height=\"211\" \/><\/p>\n<p>&nbsp;<\/p>\n<\/div>\n<\/div>\n","protected":false},"excerpt":{"rendered":"<p>Le challenge des meetings de la Ligue Auvergne Rh\u00f4ne-Alpes d\u2019 Athl\u00e9tisme fera \u00e9tape au stade Pierre Duboeuf.<\/p>\n","protected":false},"author":4,"featured_media":31423,"comment_status":"open","ping_status":"open","sticky":false,"template":"","format":"standard","meta":{"footnotes":""},"categories":[30,2968,19],"tags":[2162,2072],"class_list":["post-31400","post","type-post","status-publish","format-standard","has-post-thumbnail","hentry","category-a-la-une","category-athle-course-pied-marche","category-bron","tag-athletisme","tag-bron"],"yoast_head":"<!-- This site is optimized with the Yoast SEO plugin v27.2 - https:\/\/yoast.com\/product\/yoast-seo-wordpress\/ -->\n<title>BRON | Meeting interr\u00e9gional d&#039;athl\u00e9tisme jeudi soir<\/title>\n<meta name=\"description\" content=\"BRON | Meeting interr\u00e9gional d&#039;athl\u00e9tisme jeudi soir\" \/>\n<meta name=\"robots\" content=\"index, follow, max-snippet:-1, max-image-preview:large, max-video-preview:-1\" \/>\n<link rel=\"canonical\" href=\"https:\/\/newsestlyonnais.fr\/site\/2017\/07\/05\/bron-meeting-interregional-dathletisme-jeudi-soir\/\" \/>\n<meta property=\"og:locale\" content=\"fr_FR\" \/>\n<meta property=\"og:type\" content=\"article\" \/>\n<meta property=\"og:title\" content=\"BRON | Meeting interr\u00e9gional d&#039;athl\u00e9tisme jeudi soir\" \/>\n<meta property=\"og:description\" content=\"BRON | Meeting interr\u00e9gional d&#039;athl\u00e9tisme jeudi soir\" \/>\n<meta property=\"og:url\" content=\"https:\/\/newsestlyonnais.fr\/site\/2017\/07\/05\/bron-meeting-interregional-dathletisme-jeudi-soir\/\" \/>\n<meta property=\"og:site_name\" content=\"News Est Lyonnais\" \/>\n<meta property=\"article:author\" content=\"https:\/\/www.facebook.com\/pascal.oberson.1?fref=ts\" \/>\n<meta property=\"article:published_time\" content=\"2017-07-05T13:41:12+00:00\" \/>\n<meta property=\"article:modified_time\" content=\"2020-11-01T18:20:52+00:00\" \/>\n<meta property=\"og:image\" content=\"https:\/\/i1.wp.com\/newsestlyonnais.fr\/site\/wp-content\/uploads\/2017\/07\/NEWSESTLYONNAIS-MEETING-ATHLE-BRON.jpg?fit=1000%2C750&ssl=1\" \/>\n\t<meta property=\"og:image:width\" content=\"1000\" \/>\n\t<meta property=\"og:image:height\" content=\"750\" \/>\n\t<meta property=\"og:image:type\" content=\"image\/jpeg\" \/>\n<meta name=\"author\" content=\"R\u00e9dac. NEWS\" \/>\n<meta name=\"twitter:card\" content=\"summary_large_image\" \/>\n<meta name=\"twitter:label1\" content=\"\u00c9crit par\" \/>\n\t<meta name=\"twitter:data1\" content=\"R\u00e9dac. NEWS\" \/>\n\t<meta name=\"twitter:label2\" content=\"Dur\u00e9e de lecture estim\u00e9e\" \/>\n\t<meta name=\"twitter:data2\" content=\"1 minute\" \/>\n<script type=\"application\/ld+json\" class=\"yoast-schema-graph\">{\"@context\":\"https:\/\/schema.org\",\"@graph\":[{\"@type\":\"Article\",\"@id\":\"https:\/\/newsestlyonnais.fr\/site\/2017\/07\/05\/bron-meeting-interregional-dathletisme-jeudi-soir\/#article\",\"isPartOf\":{\"@id\":\"https:\/\/newsestlyonnais.fr\/site\/2017\/07\/05\/bron-meeting-interregional-dathletisme-jeudi-soir\/\"},\"author\":{\"name\":\"R\u00e9dac. NEWS\",\"@id\":\"https:\/\/newsestlyonnais.fr\/site\/#\/schema\/person\/3230d5615f390bb808365d673001e887\"},\"headline\":\"BRON | Meeting interr\u00e9gional d&rsquo;athl\u00e9tisme jeudi soir\",\"datePublished\":\"2017-07-05T13:41:12+00:00\",\"dateModified\":\"2020-11-01T18:20:52+00:00\",\"mainEntityOfPage\":{\"@id\":\"https:\/\/newsestlyonnais.fr\/site\/2017\/07\/05\/bron-meeting-interregional-dathletisme-jeudi-soir\/\"},\"wordCount\":152,\"commentCount\":0,\"publisher\":{\"@id\":\"https:\/\/newsestlyonnais.fr\/site\/#organization\"},\"image\":{\"@id\":\"https:\/\/newsestlyonnais.fr\/site\/2017\/07\/05\/bron-meeting-interregional-dathletisme-jeudi-soir\/#primaryimage\"},\"thumbnailUrl\":\"https:\/\/newsestlyonnais.fr\/site\/wp-content\/uploads\/2017\/07\/NEWSESTLYONNAIS-MEETING-ATHLE-BRON.jpg\",\"keywords\":[\"ATHLETISME\",\"BRON\"],\"articleSection\":[\"\u00e0 la une\",\"Athl\u00e9 | Course pied | Marche\",\"Bron\"],\"inLanguage\":\"fr-FR\",\"potentialAction\":[{\"@type\":\"CommentAction\",\"name\":\"Comment\",\"target\":[\"https:\/\/newsestlyonnais.fr\/site\/2017\/07\/05\/bron-meeting-interregional-dathletisme-jeudi-soir\/#respond\"]}]},{\"@type\":\"WebPage\",\"@id\":\"https:\/\/newsestlyonnais.fr\/site\/2017\/07\/05\/bron-meeting-interregional-dathletisme-jeudi-soir\/\",\"url\":\"https:\/\/newsestlyonnais.fr\/site\/2017\/07\/05\/bron-meeting-interregional-dathletisme-jeudi-soir\/\",\"name\":\"BRON | Meeting interr\u00e9gional d'athl\u00e9tisme jeudi soir\",\"isPartOf\":{\"@id\":\"https:\/\/newsestlyonnais.fr\/site\/#website\"},\"primaryImageOfPage\":{\"@id\":\"https:\/\/newsestlyonnais.fr\/site\/2017\/07\/05\/bron-meeting-interregional-dathletisme-jeudi-soir\/#primaryimage\"},\"image\":{\"@id\":\"https:\/\/newsestlyonnais.fr\/site\/2017\/07\/05\/bron-meeting-interregional-dathletisme-jeudi-soir\/#primaryimage\"},\"thumbnailUrl\":\"https:\/\/newsestlyonnais.fr\/site\/wp-content\/uploads\/2017\/07\/NEWSESTLYONNAIS-MEETING-ATHLE-BRON.jpg\",\"datePublished\":\"2017-07-05T13:41:12+00:00\",\"dateModified\":\"2020-11-01T18:20:52+00:00\",\"description\":\"BRON | Meeting interr\u00e9gional d'athl\u00e9tisme jeudi soir\",\"breadcrumb\":{\"@id\":\"https:\/\/newsestlyonnais.fr\/site\/2017\/07\/05\/bron-meeting-interregional-dathletisme-jeudi-soir\/#breadcrumb\"},\"inLanguage\":\"fr-FR\",\"potentialAction\":[{\"@type\":\"ReadAction\",\"target\":[\"https:\/\/newsestlyonnais.fr\/site\/2017\/07\/05\/bron-meeting-interregional-dathletisme-jeudi-soir\/\"]}]},{\"@type\":\"ImageObject\",\"inLanguage\":\"fr-FR\",\"@id\":\"https:\/\/newsestlyonnais.fr\/site\/2017\/07\/05\/bron-meeting-interregional-dathletisme-jeudi-soir\/#primaryimage\",\"url\":\"https:\/\/newsestlyonnais.fr\/site\/wp-content\/uploads\/2017\/07\/NEWSESTLYONNAIS-MEETING-ATHLE-BRON.jpg\",\"contentUrl\":\"https:\/\/newsestlyonnais.fr\/site\/wp-content\/uploads\/2017\/07\/NEWSESTLYONNAIS-MEETING-ATHLE-BRON.jpg\",\"width\":1000,\"height\":750,\"caption\":\"NEWSESTLYONNAIS - MEETING ATHLE BRON\"},{\"@type\":\"BreadcrumbList\",\"@id\":\"https:\/\/newsestlyonnais.fr\/site\/2017\/07\/05\/bron-meeting-interregional-dathletisme-jeudi-soir\/#breadcrumb\",\"itemListElement\":[{\"@type\":\"ListItem\",\"position\":1,\"name\":\"Accueil\",\"item\":\"https:\/\/newsestlyonnais.fr\/site\/\"},{\"@type\":\"ListItem\",\"position\":2,\"name\":\"BRON | Meeting interr\u00e9gional d&rsquo;athl\u00e9tisme jeudi soir\"}]},{\"@type\":\"WebSite\",\"@id\":\"https:\/\/newsestlyonnais.fr\/site\/#website\",\"url\":\"https:\/\/newsestlyonnais.fr\/site\/\",\"name\":\"News Est Lyonnais\",\"description\":\"L&#039;actualit\u00e9 au plus pr\u00e8s\",\"publisher\":{\"@id\":\"https:\/\/newsestlyonnais.fr\/site\/#organization\"},\"potentialAction\":[{\"@type\":\"SearchAction\",\"target\":{\"@type\":\"EntryPoint\",\"urlTemplate\":\"https:\/\/newsestlyonnais.fr\/site\/?s={search_term_string}\"},\"query-input\":{\"@type\":\"PropertyValueSpecification\",\"valueRequired\":true,\"valueName\":\"search_term_string\"}}],\"inLanguage\":\"fr-FR\"},{\"@type\":\"Organization\",\"@id\":\"https:\/\/newsestlyonnais.fr\/site\/#organization\",\"name\":\"News EST LYONNAIS\",\"url\":\"https:\/\/newsestlyonnais.fr\/site\/\",\"logo\":{\"@type\":\"ImageObject\",\"inLanguage\":\"fr-FR\",\"@id\":\"https:\/\/newsestlyonnais.fr\/site\/#\/schema\/logo\/image\/\",\"url\":\"\",\"contentUrl\":\"\",\"caption\":\"News EST LYONNAIS\"},\"image\":{\"@id\":\"https:\/\/newsestlyonnais.fr\/site\/#\/schema\/logo\/image\/\"}},{\"@type\":\"Person\",\"@id\":\"https:\/\/newsestlyonnais.fr\/site\/#\/schema\/person\/3230d5615f390bb808365d673001e887\",\"name\":\"R\u00e9dac. NEWS\",\"sameAs\":[\"http:\/\/www.newsestlyonnais.fr\",\"https:\/\/www.facebook.com\/pascal.oberson.1?fref=ts\",\"https:\/\/fr.linkedin.com\/in\/pascal-oberson-b17045113\"],\"url\":\"https:\/\/newsestlyonnais.fr\/site\/author\/nel\/\"}]}<\/script>\n<!-- \/ Yoast SEO plugin. -->","yoast_head_json":{"title":"BRON | Meeting interr\u00e9gional d'athl\u00e9tisme jeudi soir","description":"BRON | Meeting interr\u00e9gional d'athl\u00e9tisme jeudi soir","robots":{"index":"index","follow":"follow","max-snippet":"max-snippet:-1","max-image-preview":"max-image-preview:large","max-video-preview":"max-video-preview:-1"},"canonical":"https:\/\/newsestlyonnais.fr\/site\/2017\/07\/05\/bron-meeting-interregional-dathletisme-jeudi-soir\/","og_locale":"fr_FR","og_type":"article","og_title":"BRON | Meeting interr\u00e9gional d'athl\u00e9tisme jeudi soir","og_description":"BRON | Meeting interr\u00e9gional d'athl\u00e9tisme jeudi soir","og_url":"https:\/\/newsestlyonnais.fr\/site\/2017\/07\/05\/bron-meeting-interregional-dathletisme-jeudi-soir\/","og_site_name":"News Est Lyonnais","article_author":"https:\/\/www.facebook.com\/pascal.oberson.1?fref=ts","article_published_time":"2017-07-05T13:41:12+00:00","article_modified_time":"2020-11-01T18:20:52+00:00","og_image":[{"width":1000,"height":750,"url":"https:\/\/i1.wp.com\/newsestlyonnais.fr\/site\/wp-content\/uploads\/2017\/07\/NEWSESTLYONNAIS-MEETING-ATHLE-BRON.jpg?fit=1000%2C750&ssl=1","type":"image\/jpeg"}],"author":"R\u00e9dac. NEWS","twitter_card":"summary_large_image","twitter_misc":{"\u00c9crit par":"R\u00e9dac. NEWS","Dur\u00e9e de lecture estim\u00e9e":"1 minute"},"schema":{"@context":"https:\/\/schema.org","@graph":[{"@type":"Article","@id":"https:\/\/newsestlyonnais.fr\/site\/2017\/07\/05\/bron-meeting-interregional-dathletisme-jeudi-soir\/#article","isPartOf":{"@id":"https:\/\/newsestlyonnais.fr\/site\/2017\/07\/05\/bron-meeting-interregional-dathletisme-jeudi-soir\/"},"author":{"name":"R\u00e9dac. NEWS","@id":"https:\/\/newsestlyonnais.fr\/site\/#\/schema\/person\/3230d5615f390bb808365d673001e887"},"headline":"BRON | Meeting interr\u00e9gional d&rsquo;athl\u00e9tisme jeudi soir","datePublished":"2017-07-05T13:41:12+00:00","dateModified":"2020-11-01T18:20:52+00:00","mainEntityOfPage":{"@id":"https:\/\/newsestlyonnais.fr\/site\/2017\/07\/05\/bron-meeting-interregional-dathletisme-jeudi-soir\/"},"wordCount":152,"commentCount":0,"publisher":{"@id":"https:\/\/newsestlyonnais.fr\/site\/#organization"},"image":{"@id":"https:\/\/newsestlyonnais.fr\/site\/2017\/07\/05\/bron-meeting-interregional-dathletisme-jeudi-soir\/#primaryimage"},"thumbnailUrl":"https:\/\/newsestlyonnais.fr\/site\/wp-content\/uploads\/2017\/07\/NEWSESTLYONNAIS-MEETING-ATHLE-BRON.jpg","keywords":["ATHLETISME","BRON"],"articleSection":["\u00e0 la une","Athl\u00e9 | Course pied | Marche","Bron"],"inLanguage":"fr-FR","potentialAction":[{"@type":"CommentAction","name":"Comment","target":["https:\/\/newsestlyonnais.fr\/site\/2017\/07\/05\/bron-meeting-interregional-dathletisme-jeudi-soir\/#respond"]}]},{"@type":"WebPage","@id":"https:\/\/newsestlyonnais.fr\/site\/2017\/07\/05\/bron-meeting-interregional-dathletisme-jeudi-soir\/","url":"https:\/\/newsestlyonnais.fr\/site\/2017\/07\/05\/bron-meeting-interregional-dathletisme-jeudi-soir\/","name":"BRON | Meeting interr\u00e9gional d'athl\u00e9tisme jeudi soir","isPartOf":{"@id":"https:\/\/newsestlyonnais.fr\/site\/#website"},"primaryImageOfPage":{"@id":"https:\/\/newsestlyonnais.fr\/site\/2017\/07\/05\/bron-meeting-interregional-dathletisme-jeudi-soir\/#primaryimage"},"image":{"@id":"https:\/\/newsestlyonnais.fr\/site\/2017\/07\/05\/bron-meeting-interregional-dathletisme-jeudi-soir\/#primaryimage"},"thumbnailUrl":"https:\/\/newsestlyonnais.fr\/site\/wp-content\/uploads\/2017\/07\/NEWSESTLYONNAIS-MEETING-ATHLE-BRON.jpg","datePublished":"2017-07-05T13:41:12+00:00","dateModified":"2020-11-01T18:20:52+00:00","description":"BRON | Meeting interr\u00e9gional d'athl\u00e9tisme jeudi soir","breadcrumb":{"@id":"https:\/\/newsestlyonnais.fr\/site\/2017\/07\/05\/bron-meeting-interregional-dathletisme-jeudi-soir\/#breadcrumb"},"inLanguage":"fr-FR","potentialAction":[{"@type":"ReadAction","target":["https:\/\/newsestlyonnais.fr\/site\/2017\/07\/05\/bron-meeting-interregional-dathletisme-jeudi-soir\/"]}]},{"@type":"ImageObject","inLanguage":"fr-FR","@id":"https:\/\/newsestlyonnais.fr\/site\/2017\/07\/05\/bron-meeting-interregional-dathletisme-jeudi-soir\/#primaryimage","url":"https:\/\/newsestlyonnais.fr\/site\/wp-content\/uploads\/2017\/07\/NEWSESTLYONNAIS-MEETING-ATHLE-BRON.jpg","contentUrl":"https:\/\/newsestlyonnais.fr\/site\/wp-content\/uploads\/2017\/07\/NEWSESTLYONNAIS-MEETING-ATHLE-BRON.jpg","width":1000,"height":750,"caption":"NEWSESTLYONNAIS - MEETING ATHLE BRON"},{"@type":"BreadcrumbList","@id":"https:\/\/newsestlyonnais.fr\/site\/2017\/07\/05\/bron-meeting-interregional-dathletisme-jeudi-soir\/#breadcrumb","itemListElement":[{"@type":"ListItem","position":1,"name":"Accueil","item":"https:\/\/newsestlyonnais.fr\/site\/"},{"@type":"ListItem","position":2,"name":"BRON | Meeting interr\u00e9gional d&rsquo;athl\u00e9tisme jeudi soir"}]},{"@type":"WebSite","@id":"https:\/\/newsestlyonnais.fr\/site\/#website","url":"https:\/\/newsestlyonnais.fr\/site\/","name":"News Est Lyonnais","description":"L&#039;actualit\u00e9 au plus pr\u00e8s","publisher":{"@id":"https:\/\/newsestlyonnais.fr\/site\/#organization"},"potentialAction":[{"@type":"SearchAction","target":{"@type":"EntryPoint","urlTemplate":"https:\/\/newsestlyonnais.fr\/site\/?s={search_term_string}"},"query-input":{"@type":"PropertyValueSpecification","valueRequired":true,"valueName":"search_term_string"}}],"inLanguage":"fr-FR"},{"@type":"Organization","@id":"https:\/\/newsestlyonnais.fr\/site\/#organization","name":"News EST LYONNAIS","url":"https:\/\/newsestlyonnais.fr\/site\/","logo":{"@type":"ImageObject","inLanguage":"fr-FR","@id":"https:\/\/newsestlyonnais.fr\/site\/#\/schema\/logo\/image\/","url":"","contentUrl":"","caption":"News EST LYONNAIS"},"image":{"@id":"https:\/\/newsestlyonnais.fr\/site\/#\/schema\/logo\/image\/"}},{"@type":"Person","@id":"https:\/\/newsestlyonnais.fr\/site\/#\/schema\/person\/3230d5615f390bb808365d673001e887","name":"R\u00e9dac. NEWS","sameAs":["http:\/\/www.newsestlyonnais.fr","https:\/\/www.facebook.com\/pascal.oberson.1?fref=ts","https:\/\/fr.linkedin.com\/in\/pascal-oberson-b17045113"],"url":"https:\/\/newsestlyonnais.fr\/site\/author\/nel\/"}]}},"_links":{"self":[{"href":"https:\/\/newsestlyonnais.fr\/site\/wp-json\/wp\/v2\/posts\/31400","targetHints":{"allow":["GET"]}}],"collection":[{"href":"https:\/\/newsestlyonnais.fr\/site\/wp-json\/wp\/v2\/posts"}],"about":[{"href":"https:\/\/newsestlyonnais.fr\/site\/wp-json\/wp\/v2\/types\/post"}],"author":[{"embeddable":true,"href":"https:\/\/newsestlyonnais.fr\/site\/wp-json\/wp\/v2\/users\/4"}],"replies":[{"embeddable":true,"href":"https:\/\/newsestlyonnais.fr\/site\/wp-json\/wp\/v2\/comments?post=31400"}],"version-history":[{"count":0,"href":"https:\/\/newsestlyonnais.fr\/site\/wp-json\/wp\/v2\/posts\/31400\/revisions"}],"wp:featuredmedia":[{"embeddable":true,"href":"https:\/\/newsestlyonnais.fr\/site\/wp-json\/wp\/v2\/media\/31423"}],"wp:attachment":[{"href":"https:\/\/newsestlyonnais.fr\/site\/wp-json\/wp\/v2\/media?parent=31400"}],"wp:term":[{"taxonomy":"category","embeddable":true,"href":"https:\/\/newsestlyonnais.fr\/site\/wp-json\/wp\/v2\/categories?post=31400"},{"taxonomy":"post_tag","embeddable":true,"href":"https:\/\/newsestlyonnais.fr\/site\/wp-json\/wp\/v2\/tags?post=31400"}],"curies":[{"name":"wp","href":"https:\/\/api.w.org\/{rel}","templated":true}]}}