{"id":31483,"date":"2017-07-06T11:47:59","date_gmt":"2017-07-06T10:47:59","guid":{"rendered":"http:\/\/newsestlyonnais.fr\/site\/?p=31483"},"modified":"2017-07-06T11:47:59","modified_gmt":"2017-07-06T10:47:59","slug":"premier-bilan-chiffre-du-bac-2017-dans-lacademie-de-lyon","status":"publish","type":"post","link":"https:\/\/newsestlyonnais.fr\/site\/2017\/07\/06\/premier-bilan-chiffre-du-bac-2017-dans-lacademie-de-lyon\/","title":{"rendered":"Premier bilan chiffr\u00e9 du Bac 2017 dans l\u2019acad\u00e9mie de Lyon"},"content":{"rendered":"<h4>A la suite de la premi\u00e8re session de juin 2017 et du premier groupe d\u2019\u00e9preuve, retrouvez quelques donn\u00e9es chiffr\u00e9es transmises par le rectorat de l&rsquo;Acad\u00e9mie de Lyon:<\/h4>\n<p><strong>Baccalaur\u00e9at toutes s\u00e9ries<\/strong>: baisse de 1,6 point du taux de r\u00e9ussite. 33.501candidats se sont pr\u00e9sent\u00e9s \u00e0 l\u2019examen du baccalaur\u00e9at g\u00e9n\u00e9ral, technologique ou professionnel \u00e0 la session de juin 2017, soit 646 candidats de plus que l\u2019an pass\u00e9 (+2%) :<\/p>\n<ul>\n<li>54 % des candidats passent le <strong>baccalaur\u00e9at g\u00e9n\u00e9ral<\/strong>, soit un total de 18076 candidats. Ils sont 529 de plus que l\u2019an dernier (+ 3 %). Le nombre de pr\u00e9sents \u00e0 l\u2019examen augmente dans les trois s\u00e9ries, de fa\u00e7on plus prononc\u00e9e en s\u00e9ries litt\u00e9raire (+8,8%) et \u00e9conomique et sociale (+ 4,5 %)\u00a0 qu\u2019en s\u00e9rie scientifique (+ 0,7 %)<\/li>\n<li>20,8 % des candidats se sont pr\u00e9sent\u00e9s au <strong>baccalaur\u00e9at technologique<\/strong>, ce qui correspond \u00e0 6978 candidats. Ils sont135 de plus que l\u2019ann\u00e9e derni\u00e8re (+ 2 %).<\/li>\n<li>25,2 % des candidats passent le <strong>baccalaur\u00e9at professionnel<\/strong>, ce qui repr\u00e9sente 8447 candidats, effectif stable par rapport \u00e0 l\u2019ann\u00e9e derni\u00e8re.<br \/>\nA l\u2019issue du premier groupe d\u2019\u00e9preuves, le <strong>taux de r\u00e9ussite pour l&rsquo;ensemble des baccalaur\u00e9ats est de 79,2 %<\/strong>, en baisse par rapport \u00e0 l&rsquo;ann\u00e9e pass\u00e9e (80,8 %).<\/li>\n<\/ul>\n<p><strong>Ainsi, l\u2019acad\u00e9mie de Lyon compte \u00e0 ce jour 26 524 nouveaux bacheliers et 4 592 candidats soumis au second groupe d\u2019\u00e9preuves<\/strong>.<br \/>\nLa proportion de candidats soumis au second groupe (13,7%) est plus importante qu\u2019en 2016.<\/p>\n<p><span style=\"text-decoration: underline\"><strong>Baccalaur\u00e9at g\u00e9n\u00e9ral<\/strong><\/span>: A l&rsquo;issue de ce premier groupe d&rsquo;\u00e9preuves, le taux de r\u00e9ussite au baccalaur\u00e9at g\u00e9n\u00e9ral<br \/>\nest de 80,7 %; il \u00e9tait en 2016 de 82,7 %. Cette baisse concerne principalement la s\u00e9rie \u00e9conomique et sociale (-5,5 points). Elle est bien moindre dans les s\u00e9ries litt\u00e9raire (-0,2 point) et scientifique (-0,3 point). La proportion de candidats soumis au second groupe (14,3 %) est plus importante qu\u2019en 2016. Le taux de r\u00e9ussite des filles (81,2 %) est sup\u00e9rieur \u00e0 celui des gar\u00e7ons (80 %), comme en 2016, mais l\u2019\u00e9cart est moins important. Sur les 14 587 admis au baccalaur\u00e9at g\u00e9n\u00e9ral, on compte <strong>2270 mentions\u00a0\u00bbTr\u00e8s Bien\u00a0\u00bb<\/strong>, 3127 mentions \u00ab\u00a0Bien\u00a0\u00bb et 4 280 mentions \u00ab\u00a0Assez Bien\u00a0\u00bb. Au total, 66,3% des admis au 1\u00b0 groupe obtiennent une mention (contre 69,3% en 2016).<\/p>\n<ul>\n<li>\n<div><span style=\"text-decoration: underline\"><strong><em>Donn\u00e9es concernant les trois d\u00e9partements<\/em><\/strong><\/span>:<\/div>\n<div>Le d\u00e9partement de <strong>l\u2019Ain<\/strong> enregistre un taux de r\u00e9ussite de 79,9 % (-2,8points), soit <strong>4.420 nouveaux bacheliers<\/strong>, dont 2509 au baccalaur\u00e9at g\u00e9n\u00e9ral (80,3% de r\u00e9ussite), 909 au baccalaur\u00e9at technologique (77,5%) et 1002 au baccalaur\u00e9at professionnel (81,5%). Le d\u00e9partement de<strong> la Loire<\/strong> affiche un taux de r\u00e9ussite de 78,7% (-1,9point), avec <strong>6.041 nouveaux bacheliers<\/strong>, dont 3068 au baccalaur\u00e9at g\u00e9n\u00e9ral (79,6% de r\u00e9ussite), 1246 au baccalaur\u00e9at technologique (78,6%), et 1727 au baccalaur\u00e9at professionnel (77,1%). Dans <strong>le Rh\u00f4ne<\/strong>, le taux de r\u00e9ussite est de 79,2% (-1,2point), soit <strong>16.063 nouveaux bacheliers<\/strong>, 9010 aubaccalaur\u00e9at g\u00e9n\u00e9ral (81,2% de r\u00e9ussite), 3251 au baccalaur\u00e9at technologique (77,0%) et 3802 au baccalaur\u00e9at professionnel (76,4%).<\/div>\n<\/li>\n<\/ul>\n<p><em><strong>Plus d&rsquo;infos sur<\/strong><\/em>: <a href=\"http:\/\/cache.media.education.gouv.fr\/file\/Examens_et_concours\/26\/8\/CP_1er_groupe_792268.pdf\" target=\"_blank\" rel=\"noopener noreferrer\">http:\/\/cache.media.education.gouv.fr\/file\/Examens_et_concours\/26\/8\/CP_1er_groupe_792268.pdf<\/a><\/p>\n","protected":false},"excerpt":{"rendered":"<p>A la suite de la premi\u00e8re session de juin 2017 et du premier groupe d\u2019\u00e9preuve, retrouvez quelques donn\u00e9es chiffr\u00e9es transmises par le rectorat de l&rsquo;Acad\u00e9mie de Lyon: Baccalaur\u00e9at toutes s\u00e9ries: baisse de 1,6 point du taux de r\u00e9ussite. 33.501candidats se sont pr\u00e9sent\u00e9s \u00e0 l\u2019examen du baccalaur\u00e9at g\u00e9n\u00e9ral, technologique ou professionnel \u00e0 la session de juin [&hellip;]<\/p>\n","protected":false},"author":4,"featured_media":25760,"comment_status":"open","ping_status":"open","sticky":false,"template":"","format":"standard","meta":{"footnotes":""},"categories":[30,8,173],"tags":[],"class_list":["post-31483","post","type-post","status-publish","format-standard","has-post-thumbnail","hentry","category-a-la-une","category-communes","category-scolaire"],"yoast_head":"<!-- This site is optimized with the Yoast SEO plugin v27.2 - https:\/\/yoast.com\/product\/yoast-seo-wordpress\/ -->\n<title>Premier bilan chiffr\u00e9 du Bac 2017 dans l\u2019acad\u00e9mie de Lyon<\/title>\n<meta name=\"description\" content=\"Premier bilan chiffr\u00e9 du Bac 2017 dans l\u2019acad\u00e9mie de Lyon\" \/>\n<meta name=\"robots\" content=\"index, follow, max-snippet:-1, max-image-preview:large, max-video-preview:-1\" \/>\n<link rel=\"canonical\" href=\"https:\/\/newsestlyonnais.fr\/site\/2017\/07\/06\/premier-bilan-chiffre-du-bac-2017-dans-lacademie-de-lyon\/\" \/>\n<meta property=\"og:locale\" content=\"fr_FR\" \/>\n<meta property=\"og:type\" content=\"article\" \/>\n<meta property=\"og:title\" content=\"Premier bilan chiffr\u00e9 du Bac 2017 dans l\u2019acad\u00e9mie de Lyon\" \/>\n<meta property=\"og:description\" content=\"Premier bilan chiffr\u00e9 du Bac 2017 dans l\u2019acad\u00e9mie de Lyon\" \/>\n<meta property=\"og:url\" content=\"https:\/\/newsestlyonnais.fr\/site\/2017\/07\/06\/premier-bilan-chiffre-du-bac-2017-dans-lacademie-de-lyon\/\" \/>\n<meta property=\"og:site_name\" content=\"News Est Lyonnais\" \/>\n<meta property=\"article:author\" content=\"https:\/\/www.facebook.com\/pascal.oberson.1?fref=ts\" \/>\n<meta property=\"article:published_time\" content=\"2017-07-06T10:47:59+00:00\" \/>\n<meta property=\"og:image\" content=\"https:\/\/i2.wp.com\/newsestlyonnais.fr\/site\/wp-content\/uploads\/2017\/04\/NewsEstLyonnais-Flash-Info.png?fit=1000%2C750&ssl=1\" \/>\n\t<meta property=\"og:image:width\" content=\"1000\" \/>\n\t<meta property=\"og:image:height\" content=\"750\" \/>\n\t<meta property=\"og:image:type\" content=\"image\/png\" \/>\n<meta name=\"author\" content=\"R\u00e9dac. NEWS\" \/>\n<meta name=\"twitter:card\" content=\"summary_large_image\" \/>\n<meta name=\"twitter:label1\" content=\"\u00c9crit par\" \/>\n\t<meta name=\"twitter:data1\" content=\"R\u00e9dac. NEWS\" \/>\n\t<meta name=\"twitter:label2\" content=\"Dur\u00e9e de lecture estim\u00e9e\" \/>\n\t<meta name=\"twitter:data2\" content=\"2 minutes\" \/>\n<script type=\"application\/ld+json\" class=\"yoast-schema-graph\">{\"@context\":\"https:\/\/schema.org\",\"@graph\":[{\"@type\":\"Article\",\"@id\":\"https:\/\/newsestlyonnais.fr\/site\/2017\/07\/06\/premier-bilan-chiffre-du-bac-2017-dans-lacademie-de-lyon\/#article\",\"isPartOf\":{\"@id\":\"https:\/\/newsestlyonnais.fr\/site\/2017\/07\/06\/premier-bilan-chiffre-du-bac-2017-dans-lacademie-de-lyon\/\"},\"author\":{\"name\":\"R\u00e9dac. NEWS\",\"@id\":\"https:\/\/newsestlyonnais.fr\/site\/#\/schema\/person\/3230d5615f390bb808365d673001e887\"},\"headline\":\"Premier bilan chiffr\u00e9 du Bac 2017 dans l\u2019acad\u00e9mie de Lyon\",\"datePublished\":\"2017-07-06T10:47:59+00:00\",\"mainEntityOfPage\":{\"@id\":\"https:\/\/newsestlyonnais.fr\/site\/2017\/07\/06\/premier-bilan-chiffre-du-bac-2017-dans-lacademie-de-lyon\/\"},\"wordCount\":506,\"commentCount\":0,\"publisher\":{\"@id\":\"https:\/\/newsestlyonnais.fr\/site\/#organization\"},\"image\":{\"@id\":\"https:\/\/newsestlyonnais.fr\/site\/2017\/07\/06\/premier-bilan-chiffre-du-bac-2017-dans-lacademie-de-lyon\/#primaryimage\"},\"thumbnailUrl\":\"https:\/\/newsestlyonnais.fr\/site\/wp-content\/uploads\/2017\/04\/NewsEstLyonnais-Flash-Info.png\",\"articleSection\":[\"\u00e0 la une\",\"Communes\",\"Scolaire\"],\"inLanguage\":\"fr-FR\",\"potentialAction\":[{\"@type\":\"CommentAction\",\"name\":\"Comment\",\"target\":[\"https:\/\/newsestlyonnais.fr\/site\/2017\/07\/06\/premier-bilan-chiffre-du-bac-2017-dans-lacademie-de-lyon\/#respond\"]}]},{\"@type\":\"WebPage\",\"@id\":\"https:\/\/newsestlyonnais.fr\/site\/2017\/07\/06\/premier-bilan-chiffre-du-bac-2017-dans-lacademie-de-lyon\/\",\"url\":\"https:\/\/newsestlyonnais.fr\/site\/2017\/07\/06\/premier-bilan-chiffre-du-bac-2017-dans-lacademie-de-lyon\/\",\"name\":\"Premier bilan chiffr\u00e9 du Bac 2017 dans l\u2019acad\u00e9mie de Lyon\",\"isPartOf\":{\"@id\":\"https:\/\/newsestlyonnais.fr\/site\/#website\"},\"primaryImageOfPage\":{\"@id\":\"https:\/\/newsestlyonnais.fr\/site\/2017\/07\/06\/premier-bilan-chiffre-du-bac-2017-dans-lacademie-de-lyon\/#primaryimage\"},\"image\":{\"@id\":\"https:\/\/newsestlyonnais.fr\/site\/2017\/07\/06\/premier-bilan-chiffre-du-bac-2017-dans-lacademie-de-lyon\/#primaryimage\"},\"thumbnailUrl\":\"https:\/\/newsestlyonnais.fr\/site\/wp-content\/uploads\/2017\/04\/NewsEstLyonnais-Flash-Info.png\",\"datePublished\":\"2017-07-06T10:47:59+00:00\",\"description\":\"Premier bilan chiffr\u00e9 du Bac 2017 dans l\u2019acad\u00e9mie de Lyon\",\"breadcrumb\":{\"@id\":\"https:\/\/newsestlyonnais.fr\/site\/2017\/07\/06\/premier-bilan-chiffre-du-bac-2017-dans-lacademie-de-lyon\/#breadcrumb\"},\"inLanguage\":\"fr-FR\",\"potentialAction\":[{\"@type\":\"ReadAction\",\"target\":[\"https:\/\/newsestlyonnais.fr\/site\/2017\/07\/06\/premier-bilan-chiffre-du-bac-2017-dans-lacademie-de-lyon\/\"]}]},{\"@type\":\"ImageObject\",\"inLanguage\":\"fr-FR\",\"@id\":\"https:\/\/newsestlyonnais.fr\/site\/2017\/07\/06\/premier-bilan-chiffre-du-bac-2017-dans-lacademie-de-lyon\/#primaryimage\",\"url\":\"https:\/\/newsestlyonnais.fr\/site\/wp-content\/uploads\/2017\/04\/NewsEstLyonnais-Flash-Info.png\",\"contentUrl\":\"https:\/\/newsestlyonnais.fr\/site\/wp-content\/uploads\/2017\/04\/NewsEstLyonnais-Flash-Info.png\",\"width\":1000,\"height\":750,\"caption\":\"NewsEstLyonnais-Flash-Info\"},{\"@type\":\"BreadcrumbList\",\"@id\":\"https:\/\/newsestlyonnais.fr\/site\/2017\/07\/06\/premier-bilan-chiffre-du-bac-2017-dans-lacademie-de-lyon\/#breadcrumb\",\"itemListElement\":[{\"@type\":\"ListItem\",\"position\":1,\"name\":\"Accueil\",\"item\":\"https:\/\/newsestlyonnais.fr\/site\/\"},{\"@type\":\"ListItem\",\"position\":2,\"name\":\"Premier bilan chiffr\u00e9 du Bac 2017 dans l\u2019acad\u00e9mie de Lyon\"}]},{\"@type\":\"WebSite\",\"@id\":\"https:\/\/newsestlyonnais.fr\/site\/#website\",\"url\":\"https:\/\/newsestlyonnais.fr\/site\/\",\"name\":\"News Est Lyonnais\",\"description\":\"L&#039;actualit\u00e9 au plus pr\u00e8s\",\"publisher\":{\"@id\":\"https:\/\/newsestlyonnais.fr\/site\/#organization\"},\"potentialAction\":[{\"@type\":\"SearchAction\",\"target\":{\"@type\":\"EntryPoint\",\"urlTemplate\":\"https:\/\/newsestlyonnais.fr\/site\/?s={search_term_string}\"},\"query-input\":{\"@type\":\"PropertyValueSpecification\",\"valueRequired\":true,\"valueName\":\"search_term_string\"}}],\"inLanguage\":\"fr-FR\"},{\"@type\":\"Organization\",\"@id\":\"https:\/\/newsestlyonnais.fr\/site\/#organization\",\"name\":\"News EST LYONNAIS\",\"url\":\"https:\/\/newsestlyonnais.fr\/site\/\",\"logo\":{\"@type\":\"ImageObject\",\"inLanguage\":\"fr-FR\",\"@id\":\"https:\/\/newsestlyonnais.fr\/site\/#\/schema\/logo\/image\/\",\"url\":\"\",\"contentUrl\":\"\",\"caption\":\"News EST LYONNAIS\"},\"image\":{\"@id\":\"https:\/\/newsestlyonnais.fr\/site\/#\/schema\/logo\/image\/\"}},{\"@type\":\"Person\",\"@id\":\"https:\/\/newsestlyonnais.fr\/site\/#\/schema\/person\/3230d5615f390bb808365d673001e887\",\"name\":\"R\u00e9dac. NEWS\",\"sameAs\":[\"http:\/\/www.newsestlyonnais.fr\",\"https:\/\/www.facebook.com\/pascal.oberson.1?fref=ts\",\"https:\/\/fr.linkedin.com\/in\/pascal-oberson-b17045113\"],\"url\":\"https:\/\/newsestlyonnais.fr\/site\/author\/nel\/\"}]}<\/script>\n<!-- \/ Yoast SEO plugin. -->","yoast_head_json":{"title":"Premier bilan chiffr\u00e9 du Bac 2017 dans l\u2019acad\u00e9mie de Lyon","description":"Premier bilan chiffr\u00e9 du Bac 2017 dans l\u2019acad\u00e9mie de Lyon","robots":{"index":"index","follow":"follow","max-snippet":"max-snippet:-1","max-image-preview":"max-image-preview:large","max-video-preview":"max-video-preview:-1"},"canonical":"https:\/\/newsestlyonnais.fr\/site\/2017\/07\/06\/premier-bilan-chiffre-du-bac-2017-dans-lacademie-de-lyon\/","og_locale":"fr_FR","og_type":"article","og_title":"Premier bilan chiffr\u00e9 du Bac 2017 dans l\u2019acad\u00e9mie de Lyon","og_description":"Premier bilan chiffr\u00e9 du Bac 2017 dans l\u2019acad\u00e9mie de Lyon","og_url":"https:\/\/newsestlyonnais.fr\/site\/2017\/07\/06\/premier-bilan-chiffre-du-bac-2017-dans-lacademie-de-lyon\/","og_site_name":"News Est Lyonnais","article_author":"https:\/\/www.facebook.com\/pascal.oberson.1?fref=ts","article_published_time":"2017-07-06T10:47:59+00:00","og_image":[{"width":1000,"height":750,"url":"https:\/\/i2.wp.com\/newsestlyonnais.fr\/site\/wp-content\/uploads\/2017\/04\/NewsEstLyonnais-Flash-Info.png?fit=1000%2C750&ssl=1","type":"image\/png"}],"author":"R\u00e9dac. NEWS","twitter_card":"summary_large_image","twitter_misc":{"\u00c9crit par":"R\u00e9dac. NEWS","Dur\u00e9e de lecture estim\u00e9e":"2 minutes"},"schema":{"@context":"https:\/\/schema.org","@graph":[{"@type":"Article","@id":"https:\/\/newsestlyonnais.fr\/site\/2017\/07\/06\/premier-bilan-chiffre-du-bac-2017-dans-lacademie-de-lyon\/#article","isPartOf":{"@id":"https:\/\/newsestlyonnais.fr\/site\/2017\/07\/06\/premier-bilan-chiffre-du-bac-2017-dans-lacademie-de-lyon\/"},"author":{"name":"R\u00e9dac. NEWS","@id":"https:\/\/newsestlyonnais.fr\/site\/#\/schema\/person\/3230d5615f390bb808365d673001e887"},"headline":"Premier bilan chiffr\u00e9 du Bac 2017 dans l\u2019acad\u00e9mie de Lyon","datePublished":"2017-07-06T10:47:59+00:00","mainEntityOfPage":{"@id":"https:\/\/newsestlyonnais.fr\/site\/2017\/07\/06\/premier-bilan-chiffre-du-bac-2017-dans-lacademie-de-lyon\/"},"wordCount":506,"commentCount":0,"publisher":{"@id":"https:\/\/newsestlyonnais.fr\/site\/#organization"},"image":{"@id":"https:\/\/newsestlyonnais.fr\/site\/2017\/07\/06\/premier-bilan-chiffre-du-bac-2017-dans-lacademie-de-lyon\/#primaryimage"},"thumbnailUrl":"https:\/\/newsestlyonnais.fr\/site\/wp-content\/uploads\/2017\/04\/NewsEstLyonnais-Flash-Info.png","articleSection":["\u00e0 la une","Communes","Scolaire"],"inLanguage":"fr-FR","potentialAction":[{"@type":"CommentAction","name":"Comment","target":["https:\/\/newsestlyonnais.fr\/site\/2017\/07\/06\/premier-bilan-chiffre-du-bac-2017-dans-lacademie-de-lyon\/#respond"]}]},{"@type":"WebPage","@id":"https:\/\/newsestlyonnais.fr\/site\/2017\/07\/06\/premier-bilan-chiffre-du-bac-2017-dans-lacademie-de-lyon\/","url":"https:\/\/newsestlyonnais.fr\/site\/2017\/07\/06\/premier-bilan-chiffre-du-bac-2017-dans-lacademie-de-lyon\/","name":"Premier bilan chiffr\u00e9 du Bac 2017 dans l\u2019acad\u00e9mie de Lyon","isPartOf":{"@id":"https:\/\/newsestlyonnais.fr\/site\/#website"},"primaryImageOfPage":{"@id":"https:\/\/newsestlyonnais.fr\/site\/2017\/07\/06\/premier-bilan-chiffre-du-bac-2017-dans-lacademie-de-lyon\/#primaryimage"},"image":{"@id":"https:\/\/newsestlyonnais.fr\/site\/2017\/07\/06\/premier-bilan-chiffre-du-bac-2017-dans-lacademie-de-lyon\/#primaryimage"},"thumbnailUrl":"https:\/\/newsestlyonnais.fr\/site\/wp-content\/uploads\/2017\/04\/NewsEstLyonnais-Flash-Info.png","datePublished":"2017-07-06T10:47:59+00:00","description":"Premier bilan chiffr\u00e9 du Bac 2017 dans l\u2019acad\u00e9mie de Lyon","breadcrumb":{"@id":"https:\/\/newsestlyonnais.fr\/site\/2017\/07\/06\/premier-bilan-chiffre-du-bac-2017-dans-lacademie-de-lyon\/#breadcrumb"},"inLanguage":"fr-FR","potentialAction":[{"@type":"ReadAction","target":["https:\/\/newsestlyonnais.fr\/site\/2017\/07\/06\/premier-bilan-chiffre-du-bac-2017-dans-lacademie-de-lyon\/"]}]},{"@type":"ImageObject","inLanguage":"fr-FR","@id":"https:\/\/newsestlyonnais.fr\/site\/2017\/07\/06\/premier-bilan-chiffre-du-bac-2017-dans-lacademie-de-lyon\/#primaryimage","url":"https:\/\/newsestlyonnais.fr\/site\/wp-content\/uploads\/2017\/04\/NewsEstLyonnais-Flash-Info.png","contentUrl":"https:\/\/newsestlyonnais.fr\/site\/wp-content\/uploads\/2017\/04\/NewsEstLyonnais-Flash-Info.png","width":1000,"height":750,"caption":"NewsEstLyonnais-Flash-Info"},{"@type":"BreadcrumbList","@id":"https:\/\/newsestlyonnais.fr\/site\/2017\/07\/06\/premier-bilan-chiffre-du-bac-2017-dans-lacademie-de-lyon\/#breadcrumb","itemListElement":[{"@type":"ListItem","position":1,"name":"Accueil","item":"https:\/\/newsestlyonnais.fr\/site\/"},{"@type":"ListItem","position":2,"name":"Premier bilan chiffr\u00e9 du Bac 2017 dans l\u2019acad\u00e9mie de Lyon"}]},{"@type":"WebSite","@id":"https:\/\/newsestlyonnais.fr\/site\/#website","url":"https:\/\/newsestlyonnais.fr\/site\/","name":"News Est Lyonnais","description":"L&#039;actualit\u00e9 au plus pr\u00e8s","publisher":{"@id":"https:\/\/newsestlyonnais.fr\/site\/#organization"},"potentialAction":[{"@type":"SearchAction","target":{"@type":"EntryPoint","urlTemplate":"https:\/\/newsestlyonnais.fr\/site\/?s={search_term_string}"},"query-input":{"@type":"PropertyValueSpecification","valueRequired":true,"valueName":"search_term_string"}}],"inLanguage":"fr-FR"},{"@type":"Organization","@id":"https:\/\/newsestlyonnais.fr\/site\/#organization","name":"News EST LYONNAIS","url":"https:\/\/newsestlyonnais.fr\/site\/","logo":{"@type":"ImageObject","inLanguage":"fr-FR","@id":"https:\/\/newsestlyonnais.fr\/site\/#\/schema\/logo\/image\/","url":"","contentUrl":"","caption":"News EST LYONNAIS"},"image":{"@id":"https:\/\/newsestlyonnais.fr\/site\/#\/schema\/logo\/image\/"}},{"@type":"Person","@id":"https:\/\/newsestlyonnais.fr\/site\/#\/schema\/person\/3230d5615f390bb808365d673001e887","name":"R\u00e9dac. NEWS","sameAs":["http:\/\/www.newsestlyonnais.fr","https:\/\/www.facebook.com\/pascal.oberson.1?fref=ts","https:\/\/fr.linkedin.com\/in\/pascal-oberson-b17045113"],"url":"https:\/\/newsestlyonnais.fr\/site\/author\/nel\/"}]}},"_links":{"self":[{"href":"https:\/\/newsestlyonnais.fr\/site\/wp-json\/wp\/v2\/posts\/31483","targetHints":{"allow":["GET"]}}],"collection":[{"href":"https:\/\/newsestlyonnais.fr\/site\/wp-json\/wp\/v2\/posts"}],"about":[{"href":"https:\/\/newsestlyonnais.fr\/site\/wp-json\/wp\/v2\/types\/post"}],"author":[{"embeddable":true,"href":"https:\/\/newsestlyonnais.fr\/site\/wp-json\/wp\/v2\/users\/4"}],"replies":[{"embeddable":true,"href":"https:\/\/newsestlyonnais.fr\/site\/wp-json\/wp\/v2\/comments?post=31483"}],"version-history":[{"count":0,"href":"https:\/\/newsestlyonnais.fr\/site\/wp-json\/wp\/v2\/posts\/31483\/revisions"}],"wp:featuredmedia":[{"embeddable":true,"href":"https:\/\/newsestlyonnais.fr\/site\/wp-json\/wp\/v2\/media\/25760"}],"wp:attachment":[{"href":"https:\/\/newsestlyonnais.fr\/site\/wp-json\/wp\/v2\/media?parent=31483"}],"wp:term":[{"taxonomy":"category","embeddable":true,"href":"https:\/\/newsestlyonnais.fr\/site\/wp-json\/wp\/v2\/categories?post=31483"},{"taxonomy":"post_tag","embeddable":true,"href":"https:\/\/newsestlyonnais.fr\/site\/wp-json\/wp\/v2\/tags?post=31483"}],"curies":[{"name":"wp","href":"https:\/\/api.w.org\/{rel}","templated":true}]}}