{"id":31546,"date":"2017-07-01T05:36:50","date_gmt":"2017-07-01T04:36:50","guid":{"rendered":"http:\/\/newsestlyonnais.fr\/site\/?p=31546"},"modified":"2020-11-05T19:26:56","modified_gmt":"2020-11-05T18:26:56","slug":"decines-desserte-evenementielle-pour-le-concert-de-celine-dion","status":"publish","type":"post","link":"https:\/\/newsestlyonnais.fr\/site\/2017\/07\/01\/decines-desserte-evenementielle-pour-le-concert-de-celine-dion\/","title":{"rendered":"DECINES | Desserte \u00e9v\u00e9nementielle pour le concert de C\u00e9line Dion"},"content":{"rendered":"<h4>C\u00e9line Dion se produira au Parc Olympique Lyonnais le mercredi 12 juillet \u00e0 partir de 20 heures 30.<\/h4>\n<ul>\n<li><span style=\"text-decoration: underline\"><strong>TARIFICATION<\/strong> <\/span>:<\/li>\n<\/ul>\n<p>A l\u2019occasion de ce type d\u2019\u00e9v\u00e9nement (en dehors des matchs de l\u2019OL), une <strong>tarification sp\u00e9cifique<\/strong> est mise en place pour la desserte du Parc Olympique Lyonnais. Pour acc\u00e9der aux diff\u00e9rentes navettes (bus et tram), les spectateurs devront imp\u00e9rativement \u00eatre munis de ce <strong>titre sp\u00e9cial<\/strong> vendu au tarif de <strong>5 \u20ac l\u2019aller-retour<\/strong> sur le site du Parc OL. Un titre TCL \u00ab\u00a0classique\u00a0\u00bb ne permet pas l\u2019acc\u00e8s \u00e0 cette desserte \u00e9v\u00e9nementielle. Un contr\u00f4le de ce titre sp\u00e9cial sera effectu\u00e9 avant la mont\u00e9e dans les navettes.<\/p>\n<ul>\n<li><span style=\"text-decoration: underline\"><strong>COMMENT SE RENDRE AU PARC OL ?<\/strong> <\/span><\/li>\n<\/ul>\n<p>Il est vivement conseill\u00e9 d\u2019emprunter l\u2019itin\u00e9raire en fonction de sa provenance, tous les d\u00e9tails et conseils sur<em><strong> <a href=\"http:\/\/www.tcl.fr\/Actus-du-reseau\/Desserte-du-concert-de-Celine-Dion-le-12-juillet-au-Parc-OL\" target=\"_blank\" rel=\"noopener noreferrer\">http:\/\/www.tcl.fr\/Actus-du-reseau\/Desserte-du-concert-de-Celine-Dion-le-12-juillet-au-Parc-OL <\/a>.<\/strong> <\/em>Les navettes au d\u00e9part Part Dieu Villette Sud sont tr\u00e8s fr\u00e9quent\u00e9es et d\u2019autres possibilit\u00e9s sont offertes pour se rendre au Parc OL.<\/p>\n<p>A partir de 17 heures, des <strong>navettes bus et tramway<\/strong> sont mises en place au d\u00e9part de Vaulx-en-Velin La Soie, Part Dieu Villette Sud, Meyzieu les Panettes et Eurexpo :<\/p>\n<p><strong><span style=\"text-decoration: underline\">Navette tramway Vaulx-en-Velin La Soie<\/span>:\u00a0<\/strong> A l\u2019aller: <span style=\"text-decoration: underline\">Premier d\u00e9part<\/span> en direction du stade : 17 h &amp; <span style=\"text-decoration: underline\">Dernier d\u00e9part<\/span> en direction du stade : 21 h.\u00a0 <strong><em>Fr\u00e9quence : 6 \u00e0 9 minutes<\/em><\/strong>.\u00a0 Au retour: <span style=\"text-decoration: underline\">Premier d\u00e9part<\/span> depuis le stade : 23 h 15. <span style=\"text-decoration: underline\">Dernier d\u00e9part<\/span> depuis le stade : 00 h\u00a0 <strong><em>Fr\u00e9quence : 3 \u00e0 6 minutes<\/em><\/strong>.<\/p>\n<p><span style=\"text-decoration: underline\"><strong>Navette tramway Part-Dieu Villette Sud<\/strong><\/span>: A l\u2019aller: <span style=\"text-decoration: underline\">Premier d\u00e9part<\/span> en direction du stade : 17 h. <span style=\"text-decoration: underline\">Dernier d\u00e9part<\/span> en direction du stade : 20 h 45. <strong><em>Fr\u00e9quence : 7 \u00e0 10 minutes.<\/em> <\/strong>Au retour <span style=\"text-decoration: underline\">Premier d\u00e9part<\/span> depuis le stade : 23 h 15. <span style=\"text-decoration: underline\">Dernier d\u00e9part<\/span> depuis le stade : 00h. <em><strong>Fr\u00e9quence : 4 \u00e0 7 minutes.<\/strong><\/em><\/p>\n<p><span style=\"text-decoration: underline\"><strong>Navette tramway Meyzieu Les Panettes<\/strong><\/span>: A l\u2019aller: <span style=\"text-decoration: underline\">Premier d\u00e9part<\/span> en direction du stade : 17 h. <span style=\"text-decoration: underline\">Dernier d\u00e9part<\/span> en direction du stade : 21 h. <strong>Fr\u00e9quence : 5 \u00e0 12 minutes.<\/strong> Au retour: <span style=\"text-decoration: underline\">Premier d\u00e9part<\/span> depuis le stade : 23 h 15. <span style=\"text-decoration: underline\">Dernier d\u00e9part<\/span> depuis le stade : 00 h. <em><strong>Fr\u00e9quence : 3 \u00e0 4 minutes.<\/strong><\/em><\/p>\n<p><span style=\"text-decoration: underline\"><strong>Navette bus Eurexpo<\/strong><\/span>: A l\u2019aller: <span style=\"text-decoration: underline\">Premier d\u00e9part<\/span> en direction du stade : 17 h: <span style=\"text-decoration: underline\">Dernier d\u00e9part<\/span> en direction du stade : 20 h 45. <strong>Fr\u00e9quence : 1 \u00e0 5 minutes.<\/strong> Au retour <span style=\"text-decoration: underline\">Premier d\u00e9part<\/span> depuis le stade : 23 h 15. <span style=\"text-decoration: underline\">Dernier d\u00e9part<\/span> depuis le stade : 00 h. <strong><em>Fr\u00e9quence : 1 minute<\/em><\/strong><\/p>\n<p><span style=\"text-decoration: underline\"><em><strong>Pour l&rsquo;occasion, le r\u00e9seau TCL sera renforc\u00e9<\/strong><\/em><\/span>:<\/p>\n<p><strong>La ligne T3<\/strong> circulera avec une <strong><em>fr\u00e9quence de 9 minutes<\/em> <\/strong>pour l\u2019aller de 19 h \u00e0 21 h, et pour le retour de 23 h 30 jusqu\u2019\u00e0 la fin de service. L\u2019arr\u00eat \u00ab D\u00e9cines Grand Large \u00bb est situ\u00e9 \u00e0 environ 700 m\u00e8tres de marche du stade.<\/p>\n<p><strong>Les lignes de m\u00e9tro A, B, C et D<\/strong> seront prolong\u00e9es de 30 minutes.<\/p>\n<p><strong>La ligne T5<\/strong> sera \u00e9tendue jusqu\u2019\u00e0 Eurexpo \u00e0 partir de 16 h 33 au d\u00e9part de Grange Blanche. Elle circulera avec une <strong><em>fr\u00e9quence de 12 minutes<\/em><\/strong> jusqu\u2019\u00e0 20 h 30, puis 12 \u00e0 15 minutes jusqu\u2019\u00e0 la fin de service. Dernier d\u00e9part d\u2019Eurexpo \u00e0 00 h 30.<\/p>\n<ul>\n<li>Plus d&rsquo;infos sur: <a href=\"http:\/\/www.tcl.fr\" target=\"_blank\" rel=\"noopener noreferrer\">http:\/\/www.tcl.fr<\/a><\/li>\n<\/ul>\n","protected":false},"excerpt":{"rendered":"<p>C\u00e9line Dion se produira au Parc Olympique Lyonnais le mercredi 12 juillet \u00e0 partir de 20 heures 30. TARIFICATION : A l\u2019occasion de ce type d\u2019\u00e9v\u00e9nement (en dehors des matchs de l\u2019OL), une tarification sp\u00e9cifique est mise en place pour la desserte du Parc Olympique Lyonnais. Pour acc\u00e9der aux diff\u00e9rentes navettes (bus et tram), les [&hellip;]<\/p>\n","protected":false},"author":4,"featured_media":25760,"comment_status":"open","ping_status":"open","sticky":false,"template":"","format":"standard","meta":{"footnotes":""},"categories":[21,3330,3006,787,309,13],"tags":[],"class_list":["post-31546","post","type-post","status-publish","format-standard","has-post-thumbnail","hentry","category-decines-charpieu","category-mode-spectacle","category-musique-danse-humour","category-ptites-news","category-pratique","category-transports-circulation"],"yoast_head":"<!-- This site is optimized with the Yoast SEO plugin v27.2 - https:\/\/yoast.com\/product\/yoast-seo-wordpress\/ -->\n<title>DECINES : Desserte \u00c9v\u00e9nementielle pour le concert de C\u00e9line Dion<\/title>\n<meta name=\"description\" content=\"DECINES : Desserte \u00c9v\u00e9nementielle pour le concert de C\u00e9line Dion\" \/>\n<meta name=\"robots\" content=\"index, follow, max-snippet:-1, max-image-preview:large, max-video-preview:-1\" \/>\n<link rel=\"canonical\" href=\"https:\/\/newsestlyonnais.fr\/site\/2017\/07\/01\/decines-desserte-evenementielle-pour-le-concert-de-celine-dion\/\" \/>\n<meta property=\"og:locale\" content=\"fr_FR\" \/>\n<meta property=\"og:type\" content=\"article\" \/>\n<meta property=\"og:title\" content=\"DECINES : Desserte \u00c9v\u00e9nementielle pour le concert de C\u00e9line Dion\" \/>\n<meta property=\"og:description\" content=\"DECINES : Desserte \u00c9v\u00e9nementielle pour le concert de C\u00e9line Dion\" \/>\n<meta property=\"og:url\" content=\"https:\/\/newsestlyonnais.fr\/site\/2017\/07\/01\/decines-desserte-evenementielle-pour-le-concert-de-celine-dion\/\" \/>\n<meta property=\"og:site_name\" content=\"News Est Lyonnais\" \/>\n<meta property=\"article:author\" content=\"https:\/\/www.facebook.com\/pascal.oberson.1?fref=ts\" \/>\n<meta property=\"article:published_time\" content=\"2017-07-01T04:36:50+00:00\" \/>\n<meta property=\"article:modified_time\" content=\"2020-11-05T18:26:56+00:00\" \/>\n<meta property=\"og:image\" content=\"https:\/\/i2.wp.com\/newsestlyonnais.fr\/site\/wp-content\/uploads\/2017\/04\/NewsEstLyonnais-Flash-Info.png?fit=1000%2C750&ssl=1\" \/>\n\t<meta property=\"og:image:width\" content=\"1000\" \/>\n\t<meta property=\"og:image:height\" content=\"750\" \/>\n\t<meta property=\"og:image:type\" content=\"image\/png\" \/>\n<meta name=\"author\" content=\"R\u00e9dac. NEWS\" \/>\n<meta name=\"twitter:card\" content=\"summary_large_image\" \/>\n<meta name=\"twitter:label1\" content=\"\u00c9crit par\" \/>\n\t<meta name=\"twitter:data1\" content=\"R\u00e9dac. NEWS\" \/>\n\t<meta name=\"twitter:label2\" content=\"Dur\u00e9e de lecture estim\u00e9e\" \/>\n\t<meta name=\"twitter:data2\" content=\"2 minutes\" \/>\n<script type=\"application\/ld+json\" class=\"yoast-schema-graph\">{\"@context\":\"https:\/\/schema.org\",\"@graph\":[{\"@type\":\"Article\",\"@id\":\"https:\/\/newsestlyonnais.fr\/site\/2017\/07\/01\/decines-desserte-evenementielle-pour-le-concert-de-celine-dion\/#article\",\"isPartOf\":{\"@id\":\"https:\/\/newsestlyonnais.fr\/site\/2017\/07\/01\/decines-desserte-evenementielle-pour-le-concert-de-celine-dion\/\"},\"author\":{\"name\":\"R\u00e9dac. NEWS\",\"@id\":\"https:\/\/newsestlyonnais.fr\/site\/#\/schema\/person\/3230d5615f390bb808365d673001e887\"},\"headline\":\"DECINES | Desserte \u00e9v\u00e9nementielle pour le concert de C\u00e9line Dion\",\"datePublished\":\"2017-07-01T04:36:50+00:00\",\"dateModified\":\"2020-11-05T18:26:56+00:00\",\"mainEntityOfPage\":{\"@id\":\"https:\/\/newsestlyonnais.fr\/site\/2017\/07\/01\/decines-desserte-evenementielle-pour-le-concert-de-celine-dion\/\"},\"wordCount\":511,\"commentCount\":0,\"publisher\":{\"@id\":\"https:\/\/newsestlyonnais.fr\/site\/#organization\"},\"image\":{\"@id\":\"https:\/\/newsestlyonnais.fr\/site\/2017\/07\/01\/decines-desserte-evenementielle-pour-le-concert-de-celine-dion\/#primaryimage\"},\"thumbnailUrl\":\"https:\/\/newsestlyonnais.fr\/site\/wp-content\/uploads\/2017\/04\/NewsEstLyonnais-Flash-Info.png\",\"articleSection\":[\"D\u00e9cines-Charpieu\",\"Mode | Spectacle\",\"Musique | Danse | Humour\",\"P'tites News\",\"Pratique\",\"Transports | Circulation\"],\"inLanguage\":\"fr-FR\",\"potentialAction\":[{\"@type\":\"CommentAction\",\"name\":\"Comment\",\"target\":[\"https:\/\/newsestlyonnais.fr\/site\/2017\/07\/01\/decines-desserte-evenementielle-pour-le-concert-de-celine-dion\/#respond\"]}]},{\"@type\":\"WebPage\",\"@id\":\"https:\/\/newsestlyonnais.fr\/site\/2017\/07\/01\/decines-desserte-evenementielle-pour-le-concert-de-celine-dion\/\",\"url\":\"https:\/\/newsestlyonnais.fr\/site\/2017\/07\/01\/decines-desserte-evenementielle-pour-le-concert-de-celine-dion\/\",\"name\":\"DECINES : Desserte \u00c9v\u00e9nementielle pour le concert de C\u00e9line Dion\",\"isPartOf\":{\"@id\":\"https:\/\/newsestlyonnais.fr\/site\/#website\"},\"primaryImageOfPage\":{\"@id\":\"https:\/\/newsestlyonnais.fr\/site\/2017\/07\/01\/decines-desserte-evenementielle-pour-le-concert-de-celine-dion\/#primaryimage\"},\"image\":{\"@id\":\"https:\/\/newsestlyonnais.fr\/site\/2017\/07\/01\/decines-desserte-evenementielle-pour-le-concert-de-celine-dion\/#primaryimage\"},\"thumbnailUrl\":\"https:\/\/newsestlyonnais.fr\/site\/wp-content\/uploads\/2017\/04\/NewsEstLyonnais-Flash-Info.png\",\"datePublished\":\"2017-07-01T04:36:50+00:00\",\"dateModified\":\"2020-11-05T18:26:56+00:00\",\"description\":\"DECINES : Desserte \u00c9v\u00e9nementielle pour le concert de C\u00e9line Dion\",\"breadcrumb\":{\"@id\":\"https:\/\/newsestlyonnais.fr\/site\/2017\/07\/01\/decines-desserte-evenementielle-pour-le-concert-de-celine-dion\/#breadcrumb\"},\"inLanguage\":\"fr-FR\",\"potentialAction\":[{\"@type\":\"ReadAction\",\"target\":[\"https:\/\/newsestlyonnais.fr\/site\/2017\/07\/01\/decines-desserte-evenementielle-pour-le-concert-de-celine-dion\/\"]}]},{\"@type\":\"ImageObject\",\"inLanguage\":\"fr-FR\",\"@id\":\"https:\/\/newsestlyonnais.fr\/site\/2017\/07\/01\/decines-desserte-evenementielle-pour-le-concert-de-celine-dion\/#primaryimage\",\"url\":\"https:\/\/newsestlyonnais.fr\/site\/wp-content\/uploads\/2017\/04\/NewsEstLyonnais-Flash-Info.png\",\"contentUrl\":\"https:\/\/newsestlyonnais.fr\/site\/wp-content\/uploads\/2017\/04\/NewsEstLyonnais-Flash-Info.png\",\"width\":1000,\"height\":750,\"caption\":\"NewsEstLyonnais-Flash-Info\"},{\"@type\":\"BreadcrumbList\",\"@id\":\"https:\/\/newsestlyonnais.fr\/site\/2017\/07\/01\/decines-desserte-evenementielle-pour-le-concert-de-celine-dion\/#breadcrumb\",\"itemListElement\":[{\"@type\":\"ListItem\",\"position\":1,\"name\":\"Accueil\",\"item\":\"https:\/\/newsestlyonnais.fr\/site\/\"},{\"@type\":\"ListItem\",\"position\":2,\"name\":\"DECINES | Desserte \u00e9v\u00e9nementielle pour le concert de C\u00e9line Dion\"}]},{\"@type\":\"WebSite\",\"@id\":\"https:\/\/newsestlyonnais.fr\/site\/#website\",\"url\":\"https:\/\/newsestlyonnais.fr\/site\/\",\"name\":\"News Est Lyonnais\",\"description\":\"L&#039;actualit\u00e9 au plus pr\u00e8s\",\"publisher\":{\"@id\":\"https:\/\/newsestlyonnais.fr\/site\/#organization\"},\"potentialAction\":[{\"@type\":\"SearchAction\",\"target\":{\"@type\":\"EntryPoint\",\"urlTemplate\":\"https:\/\/newsestlyonnais.fr\/site\/?s={search_term_string}\"},\"query-input\":{\"@type\":\"PropertyValueSpecification\",\"valueRequired\":true,\"valueName\":\"search_term_string\"}}],\"inLanguage\":\"fr-FR\"},{\"@type\":\"Organization\",\"@id\":\"https:\/\/newsestlyonnais.fr\/site\/#organization\",\"name\":\"News EST LYONNAIS\",\"url\":\"https:\/\/newsestlyonnais.fr\/site\/\",\"logo\":{\"@type\":\"ImageObject\",\"inLanguage\":\"fr-FR\",\"@id\":\"https:\/\/newsestlyonnais.fr\/site\/#\/schema\/logo\/image\/\",\"url\":\"\",\"contentUrl\":\"\",\"caption\":\"News EST LYONNAIS\"},\"image\":{\"@id\":\"https:\/\/newsestlyonnais.fr\/site\/#\/schema\/logo\/image\/\"}},{\"@type\":\"Person\",\"@id\":\"https:\/\/newsestlyonnais.fr\/site\/#\/schema\/person\/3230d5615f390bb808365d673001e887\",\"name\":\"R\u00e9dac. NEWS\",\"sameAs\":[\"http:\/\/www.newsestlyonnais.fr\",\"https:\/\/www.facebook.com\/pascal.oberson.1?fref=ts\",\"https:\/\/fr.linkedin.com\/in\/pascal-oberson-b17045113\"],\"url\":\"https:\/\/newsestlyonnais.fr\/site\/author\/nel\/\"}]}<\/script>\n<!-- \/ Yoast SEO plugin. -->","yoast_head_json":{"title":"DECINES : Desserte \u00c9v\u00e9nementielle pour le concert de C\u00e9line Dion","description":"DECINES : Desserte \u00c9v\u00e9nementielle pour le concert de C\u00e9line Dion","robots":{"index":"index","follow":"follow","max-snippet":"max-snippet:-1","max-image-preview":"max-image-preview:large","max-video-preview":"max-video-preview:-1"},"canonical":"https:\/\/newsestlyonnais.fr\/site\/2017\/07\/01\/decines-desserte-evenementielle-pour-le-concert-de-celine-dion\/","og_locale":"fr_FR","og_type":"article","og_title":"DECINES : Desserte \u00c9v\u00e9nementielle pour le concert de C\u00e9line Dion","og_description":"DECINES : Desserte \u00c9v\u00e9nementielle pour le concert de C\u00e9line Dion","og_url":"https:\/\/newsestlyonnais.fr\/site\/2017\/07\/01\/decines-desserte-evenementielle-pour-le-concert-de-celine-dion\/","og_site_name":"News Est Lyonnais","article_author":"https:\/\/www.facebook.com\/pascal.oberson.1?fref=ts","article_published_time":"2017-07-01T04:36:50+00:00","article_modified_time":"2020-11-05T18:26:56+00:00","og_image":[{"width":1000,"height":750,"url":"https:\/\/i2.wp.com\/newsestlyonnais.fr\/site\/wp-content\/uploads\/2017\/04\/NewsEstLyonnais-Flash-Info.png?fit=1000%2C750&ssl=1","type":"image\/png"}],"author":"R\u00e9dac. NEWS","twitter_card":"summary_large_image","twitter_misc":{"\u00c9crit par":"R\u00e9dac. NEWS","Dur\u00e9e de lecture estim\u00e9e":"2 minutes"},"schema":{"@context":"https:\/\/schema.org","@graph":[{"@type":"Article","@id":"https:\/\/newsestlyonnais.fr\/site\/2017\/07\/01\/decines-desserte-evenementielle-pour-le-concert-de-celine-dion\/#article","isPartOf":{"@id":"https:\/\/newsestlyonnais.fr\/site\/2017\/07\/01\/decines-desserte-evenementielle-pour-le-concert-de-celine-dion\/"},"author":{"name":"R\u00e9dac. NEWS","@id":"https:\/\/newsestlyonnais.fr\/site\/#\/schema\/person\/3230d5615f390bb808365d673001e887"},"headline":"DECINES | Desserte \u00e9v\u00e9nementielle pour le concert de C\u00e9line Dion","datePublished":"2017-07-01T04:36:50+00:00","dateModified":"2020-11-05T18:26:56+00:00","mainEntityOfPage":{"@id":"https:\/\/newsestlyonnais.fr\/site\/2017\/07\/01\/decines-desserte-evenementielle-pour-le-concert-de-celine-dion\/"},"wordCount":511,"commentCount":0,"publisher":{"@id":"https:\/\/newsestlyonnais.fr\/site\/#organization"},"image":{"@id":"https:\/\/newsestlyonnais.fr\/site\/2017\/07\/01\/decines-desserte-evenementielle-pour-le-concert-de-celine-dion\/#primaryimage"},"thumbnailUrl":"https:\/\/newsestlyonnais.fr\/site\/wp-content\/uploads\/2017\/04\/NewsEstLyonnais-Flash-Info.png","articleSection":["D\u00e9cines-Charpieu","Mode | Spectacle","Musique | Danse | Humour","P'tites News","Pratique","Transports | Circulation"],"inLanguage":"fr-FR","potentialAction":[{"@type":"CommentAction","name":"Comment","target":["https:\/\/newsestlyonnais.fr\/site\/2017\/07\/01\/decines-desserte-evenementielle-pour-le-concert-de-celine-dion\/#respond"]}]},{"@type":"WebPage","@id":"https:\/\/newsestlyonnais.fr\/site\/2017\/07\/01\/decines-desserte-evenementielle-pour-le-concert-de-celine-dion\/","url":"https:\/\/newsestlyonnais.fr\/site\/2017\/07\/01\/decines-desserte-evenementielle-pour-le-concert-de-celine-dion\/","name":"DECINES : Desserte \u00c9v\u00e9nementielle pour le concert de C\u00e9line Dion","isPartOf":{"@id":"https:\/\/newsestlyonnais.fr\/site\/#website"},"primaryImageOfPage":{"@id":"https:\/\/newsestlyonnais.fr\/site\/2017\/07\/01\/decines-desserte-evenementielle-pour-le-concert-de-celine-dion\/#primaryimage"},"image":{"@id":"https:\/\/newsestlyonnais.fr\/site\/2017\/07\/01\/decines-desserte-evenementielle-pour-le-concert-de-celine-dion\/#primaryimage"},"thumbnailUrl":"https:\/\/newsestlyonnais.fr\/site\/wp-content\/uploads\/2017\/04\/NewsEstLyonnais-Flash-Info.png","datePublished":"2017-07-01T04:36:50+00:00","dateModified":"2020-11-05T18:26:56+00:00","description":"DECINES : Desserte \u00c9v\u00e9nementielle pour le concert de C\u00e9line Dion","breadcrumb":{"@id":"https:\/\/newsestlyonnais.fr\/site\/2017\/07\/01\/decines-desserte-evenementielle-pour-le-concert-de-celine-dion\/#breadcrumb"},"inLanguage":"fr-FR","potentialAction":[{"@type":"ReadAction","target":["https:\/\/newsestlyonnais.fr\/site\/2017\/07\/01\/decines-desserte-evenementielle-pour-le-concert-de-celine-dion\/"]}]},{"@type":"ImageObject","inLanguage":"fr-FR","@id":"https:\/\/newsestlyonnais.fr\/site\/2017\/07\/01\/decines-desserte-evenementielle-pour-le-concert-de-celine-dion\/#primaryimage","url":"https:\/\/newsestlyonnais.fr\/site\/wp-content\/uploads\/2017\/04\/NewsEstLyonnais-Flash-Info.png","contentUrl":"https:\/\/newsestlyonnais.fr\/site\/wp-content\/uploads\/2017\/04\/NewsEstLyonnais-Flash-Info.png","width":1000,"height":750,"caption":"NewsEstLyonnais-Flash-Info"},{"@type":"BreadcrumbList","@id":"https:\/\/newsestlyonnais.fr\/site\/2017\/07\/01\/decines-desserte-evenementielle-pour-le-concert-de-celine-dion\/#breadcrumb","itemListElement":[{"@type":"ListItem","position":1,"name":"Accueil","item":"https:\/\/newsestlyonnais.fr\/site\/"},{"@type":"ListItem","position":2,"name":"DECINES | Desserte \u00e9v\u00e9nementielle pour le concert de C\u00e9line Dion"}]},{"@type":"WebSite","@id":"https:\/\/newsestlyonnais.fr\/site\/#website","url":"https:\/\/newsestlyonnais.fr\/site\/","name":"News Est Lyonnais","description":"L&#039;actualit\u00e9 au plus pr\u00e8s","publisher":{"@id":"https:\/\/newsestlyonnais.fr\/site\/#organization"},"potentialAction":[{"@type":"SearchAction","target":{"@type":"EntryPoint","urlTemplate":"https:\/\/newsestlyonnais.fr\/site\/?s={search_term_string}"},"query-input":{"@type":"PropertyValueSpecification","valueRequired":true,"valueName":"search_term_string"}}],"inLanguage":"fr-FR"},{"@type":"Organization","@id":"https:\/\/newsestlyonnais.fr\/site\/#organization","name":"News EST LYONNAIS","url":"https:\/\/newsestlyonnais.fr\/site\/","logo":{"@type":"ImageObject","inLanguage":"fr-FR","@id":"https:\/\/newsestlyonnais.fr\/site\/#\/schema\/logo\/image\/","url":"","contentUrl":"","caption":"News EST LYONNAIS"},"image":{"@id":"https:\/\/newsestlyonnais.fr\/site\/#\/schema\/logo\/image\/"}},{"@type":"Person","@id":"https:\/\/newsestlyonnais.fr\/site\/#\/schema\/person\/3230d5615f390bb808365d673001e887","name":"R\u00e9dac. NEWS","sameAs":["http:\/\/www.newsestlyonnais.fr","https:\/\/www.facebook.com\/pascal.oberson.1?fref=ts","https:\/\/fr.linkedin.com\/in\/pascal-oberson-b17045113"],"url":"https:\/\/newsestlyonnais.fr\/site\/author\/nel\/"}]}},"_links":{"self":[{"href":"https:\/\/newsestlyonnais.fr\/site\/wp-json\/wp\/v2\/posts\/31546","targetHints":{"allow":["GET"]}}],"collection":[{"href":"https:\/\/newsestlyonnais.fr\/site\/wp-json\/wp\/v2\/posts"}],"about":[{"href":"https:\/\/newsestlyonnais.fr\/site\/wp-json\/wp\/v2\/types\/post"}],"author":[{"embeddable":true,"href":"https:\/\/newsestlyonnais.fr\/site\/wp-json\/wp\/v2\/users\/4"}],"replies":[{"embeddable":true,"href":"https:\/\/newsestlyonnais.fr\/site\/wp-json\/wp\/v2\/comments?post=31546"}],"version-history":[{"count":0,"href":"https:\/\/newsestlyonnais.fr\/site\/wp-json\/wp\/v2\/posts\/31546\/revisions"}],"wp:featuredmedia":[{"embeddable":true,"href":"https:\/\/newsestlyonnais.fr\/site\/wp-json\/wp\/v2\/media\/25760"}],"wp:attachment":[{"href":"https:\/\/newsestlyonnais.fr\/site\/wp-json\/wp\/v2\/media?parent=31546"}],"wp:term":[{"taxonomy":"category","embeddable":true,"href":"https:\/\/newsestlyonnais.fr\/site\/wp-json\/wp\/v2\/categories?post=31546"},{"taxonomy":"post_tag","embeddable":true,"href":"https:\/\/newsestlyonnais.fr\/site\/wp-json\/wp\/v2\/tags?post=31546"}],"curies":[{"name":"wp","href":"https:\/\/api.w.org\/{rel}","templated":true}]}}