{"id":31656,"date":"2017-07-08T08:05:14","date_gmt":"2017-07-08T07:05:14","guid":{"rendered":"http:\/\/newsestlyonnais.fr\/site\/?p=31656"},"modified":"2017-07-08T08:05:14","modified_gmt":"2017-07-08T07:05:14","slug":"transports-en-commun-evolution-des-fiches-horaires-aux-tcl","status":"publish","type":"post","link":"https:\/\/newsestlyonnais.fr\/site\/2017\/07\/08\/transports-en-commun-evolution-des-fiches-horaires-aux-tcl\/","title":{"rendered":"Transports en commun : Evolution des fiches horaires aux TCL"},"content":{"rendered":"<h4>Pour r\u00e9pondre aux demandes des voyageurs sur la personnalisation des horaires, et devant l\u2019impact environnemental des r\u00e9\u00e9ditions \u00e0 chaque ajustement des temps de parcours ou des niveaux d\u2019offre, <strong><span style=\"text-decoration: underline\">les fiches horaires \u00e9voluent vers un format sur mesure \u00e0 compter du 10 juillet<\/span>.<\/strong><\/h4>\n<p>L\u2019information, et plus particuli\u00e8rement les horaires des lignes de m\u00e9tro, tramway et bus, est au c\u0153ur des attentes des clients du r\u00e9seau TCL. Pour r\u00e9pondre aux demandes des voyageurs sur la personnalisation des horaires, et devant l\u2019impact environnemental des r\u00e9\u00e9ditions \u00e0 chaque ajustement des temps de parcours ou des niveaux d\u2019offre, les fiches horaires \u00e9voluent vers un format sur mesure.<\/p>\n<p>Ainsi <span style=\"text-decoration: underline\">\u00e0 compter du 10 juillet 2017,<\/span><em><strong> les fiches ne seront plus disponibles en libre-service <\/strong>mais les clients auront plusieurs possibilit\u00e9s pour trouver les horaires \u00e0 l\u2019arr\u00eat ou la fiche horaire compl\u00e8te de leur ligne <\/em>:<\/p>\n<ul>\n<li><strong>Sur le site <a href=\"http:\/\/tcl.fr\" target=\"_blank\" rel=\"noopener noreferrer\">http:\/\/tcl.fr<\/a><\/strong> : Consultation des horaires par arr\u00eat et t\u00e9l\u00e9chargement des fiches horaires depuis la rubrique HORAIRES. A noter que l\u2019ergonomie de cette espace sera simplifi\u00e9e dans le courant de l\u2019\u00e9t\u00e9 pour faciliter la lisibilit\u00e9 et compr\u00e9hension des informations.<\/li>\n<li><strong>Sur l\u2019appli TCL<\/strong> : Consultation en temps r\u00e9el des 2 prochains horaires de passage des lignes \u00e0 l\u2019arr\u00eat gr\u00e2ce \u00e0 la cartographie.<\/li>\n<li><strong> En agence commerciale<\/strong> : Consultation des horaires et impression des fiches horaires en libre-service.<\/li>\n<li><strong>En relais info service<\/strong> : Sur demande aupr\u00e8s d\u2019un agent d\u2019accueil.<\/li>\n<li><strong>Aupr\u00e8s des conseillers d\u2019All\u00f4 TCL<\/strong> : Envoi des fiches horaires sur simple demande, par courrier postal ou par mail.<\/li>\n<\/ul>\n<h4>Plus d&rsquo;infos sur: <a href=\"http:\/\/www.tcl.fr\" target=\"_blank\" rel=\"noopener noreferrer\">http:\/\/www.tcl.fr<\/a><\/h4>\n<p>&nbsp;<\/p>\n","protected":false},"excerpt":{"rendered":"<p>Pour r\u00e9pondre aux demandes des voyageurs sur la personnalisation des horaires, et devant l\u2019impact environnemental des r\u00e9\u00e9ditions \u00e0 chaque ajustement des temps de parcours ou des niveaux d\u2019offre, les fiches horaires \u00e9voluent vers un format sur mesure \u00e0 compter du 10 juillet. L\u2019information, et plus particuli\u00e8rement les horaires des lignes de m\u00e9tro, tramway et bus, [&hellip;]<\/p>\n","protected":false},"author":4,"featured_media":25760,"comment_status":"open","ping_status":"open","sticky":false,"template":"","format":"standard","meta":{"footnotes":""},"categories":[30,309,13],"tags":[],"class_list":["post-31656","post","type-post","status-publish","format-standard","has-post-thumbnail","hentry","category-a-la-une","category-pratique","category-transports-circulation"],"yoast_head":"<!-- This site is optimized with the Yoast SEO plugin v27.2 - https:\/\/yoast.com\/product\/yoast-seo-wordpress\/ -->\n<title>Transports en commun : Evolution des fiches horaires aux TCL<\/title>\n<meta name=\"description\" content=\"Transports en commun : Evolution des fiches horaires aux TCL\" \/>\n<meta name=\"robots\" content=\"index, follow, max-snippet:-1, max-image-preview:large, max-video-preview:-1\" \/>\n<link rel=\"canonical\" href=\"https:\/\/newsestlyonnais.fr\/site\/2017\/07\/08\/transports-en-commun-evolution-des-fiches-horaires-aux-tcl\/\" \/>\n<meta property=\"og:locale\" content=\"fr_FR\" \/>\n<meta property=\"og:type\" content=\"article\" \/>\n<meta property=\"og:title\" content=\"Transports en commun : Evolution des fiches horaires aux TCL\" \/>\n<meta property=\"og:description\" content=\"Transports en commun : Evolution des fiches horaires aux TCL\" \/>\n<meta property=\"og:url\" content=\"https:\/\/newsestlyonnais.fr\/site\/2017\/07\/08\/transports-en-commun-evolution-des-fiches-horaires-aux-tcl\/\" \/>\n<meta property=\"og:site_name\" content=\"News Est Lyonnais\" \/>\n<meta property=\"article:author\" content=\"https:\/\/www.facebook.com\/pascal.oberson.1?fref=ts\" \/>\n<meta property=\"article:published_time\" content=\"2017-07-08T07:05:14+00:00\" \/>\n<meta property=\"og:image\" content=\"https:\/\/i2.wp.com\/newsestlyonnais.fr\/site\/wp-content\/uploads\/2017\/04\/NewsEstLyonnais-Flash-Info.png?fit=1000%2C750&ssl=1\" \/>\n\t<meta property=\"og:image:width\" content=\"1000\" \/>\n\t<meta property=\"og:image:height\" content=\"750\" \/>\n\t<meta property=\"og:image:type\" content=\"image\/png\" \/>\n<meta name=\"author\" content=\"R\u00e9dac. NEWS\" \/>\n<meta name=\"twitter:card\" content=\"summary_large_image\" \/>\n<meta name=\"twitter:label1\" content=\"\u00c9crit par\" \/>\n\t<meta name=\"twitter:data1\" content=\"R\u00e9dac. NEWS\" \/>\n\t<meta name=\"twitter:label2\" content=\"Dur\u00e9e de lecture estim\u00e9e\" \/>\n\t<meta name=\"twitter:data2\" content=\"1 minute\" \/>\n<script type=\"application\/ld+json\" class=\"yoast-schema-graph\">{\"@context\":\"https:\/\/schema.org\",\"@graph\":[{\"@type\":\"Article\",\"@id\":\"https:\/\/newsestlyonnais.fr\/site\/2017\/07\/08\/transports-en-commun-evolution-des-fiches-horaires-aux-tcl\/#article\",\"isPartOf\":{\"@id\":\"https:\/\/newsestlyonnais.fr\/site\/2017\/07\/08\/transports-en-commun-evolution-des-fiches-horaires-aux-tcl\/\"},\"author\":{\"name\":\"R\u00e9dac. NEWS\",\"@id\":\"https:\/\/newsestlyonnais.fr\/site\/#\/schema\/person\/3230d5615f390bb808365d673001e887\"},\"headline\":\"Transports en commun : Evolution des fiches horaires aux TCL\",\"datePublished\":\"2017-07-08T07:05:14+00:00\",\"mainEntityOfPage\":{\"@id\":\"https:\/\/newsestlyonnais.fr\/site\/2017\/07\/08\/transports-en-commun-evolution-des-fiches-horaires-aux-tcl\/\"},\"wordCount\":282,\"commentCount\":0,\"publisher\":{\"@id\":\"https:\/\/newsestlyonnais.fr\/site\/#organization\"},\"image\":{\"@id\":\"https:\/\/newsestlyonnais.fr\/site\/2017\/07\/08\/transports-en-commun-evolution-des-fiches-horaires-aux-tcl\/#primaryimage\"},\"thumbnailUrl\":\"https:\/\/newsestlyonnais.fr\/site\/wp-content\/uploads\/2017\/04\/NewsEstLyonnais-Flash-Info.png\",\"articleSection\":[\"\u00e0 la une\",\"Pratique\",\"Transports | Circulation\"],\"inLanguage\":\"fr-FR\",\"potentialAction\":[{\"@type\":\"CommentAction\",\"name\":\"Comment\",\"target\":[\"https:\/\/newsestlyonnais.fr\/site\/2017\/07\/08\/transports-en-commun-evolution-des-fiches-horaires-aux-tcl\/#respond\"]}]},{\"@type\":\"WebPage\",\"@id\":\"https:\/\/newsestlyonnais.fr\/site\/2017\/07\/08\/transports-en-commun-evolution-des-fiches-horaires-aux-tcl\/\",\"url\":\"https:\/\/newsestlyonnais.fr\/site\/2017\/07\/08\/transports-en-commun-evolution-des-fiches-horaires-aux-tcl\/\",\"name\":\"Transports en commun : Evolution des fiches horaires aux TCL\",\"isPartOf\":{\"@id\":\"https:\/\/newsestlyonnais.fr\/site\/#website\"},\"primaryImageOfPage\":{\"@id\":\"https:\/\/newsestlyonnais.fr\/site\/2017\/07\/08\/transports-en-commun-evolution-des-fiches-horaires-aux-tcl\/#primaryimage\"},\"image\":{\"@id\":\"https:\/\/newsestlyonnais.fr\/site\/2017\/07\/08\/transports-en-commun-evolution-des-fiches-horaires-aux-tcl\/#primaryimage\"},\"thumbnailUrl\":\"https:\/\/newsestlyonnais.fr\/site\/wp-content\/uploads\/2017\/04\/NewsEstLyonnais-Flash-Info.png\",\"datePublished\":\"2017-07-08T07:05:14+00:00\",\"description\":\"Transports en commun : Evolution des fiches horaires aux TCL\",\"breadcrumb\":{\"@id\":\"https:\/\/newsestlyonnais.fr\/site\/2017\/07\/08\/transports-en-commun-evolution-des-fiches-horaires-aux-tcl\/#breadcrumb\"},\"inLanguage\":\"fr-FR\",\"potentialAction\":[{\"@type\":\"ReadAction\",\"target\":[\"https:\/\/newsestlyonnais.fr\/site\/2017\/07\/08\/transports-en-commun-evolution-des-fiches-horaires-aux-tcl\/\"]}]},{\"@type\":\"ImageObject\",\"inLanguage\":\"fr-FR\",\"@id\":\"https:\/\/newsestlyonnais.fr\/site\/2017\/07\/08\/transports-en-commun-evolution-des-fiches-horaires-aux-tcl\/#primaryimage\",\"url\":\"https:\/\/newsestlyonnais.fr\/site\/wp-content\/uploads\/2017\/04\/NewsEstLyonnais-Flash-Info.png\",\"contentUrl\":\"https:\/\/newsestlyonnais.fr\/site\/wp-content\/uploads\/2017\/04\/NewsEstLyonnais-Flash-Info.png\",\"width\":1000,\"height\":750,\"caption\":\"NewsEstLyonnais-Flash-Info\"},{\"@type\":\"BreadcrumbList\",\"@id\":\"https:\/\/newsestlyonnais.fr\/site\/2017\/07\/08\/transports-en-commun-evolution-des-fiches-horaires-aux-tcl\/#breadcrumb\",\"itemListElement\":[{\"@type\":\"ListItem\",\"position\":1,\"name\":\"Accueil\",\"item\":\"https:\/\/newsestlyonnais.fr\/site\/\"},{\"@type\":\"ListItem\",\"position\":2,\"name\":\"Transports en commun : Evolution des fiches horaires aux TCL\"}]},{\"@type\":\"WebSite\",\"@id\":\"https:\/\/newsestlyonnais.fr\/site\/#website\",\"url\":\"https:\/\/newsestlyonnais.fr\/site\/\",\"name\":\"News Est Lyonnais\",\"description\":\"L&#039;actualit\u00e9 au plus pr\u00e8s\",\"publisher\":{\"@id\":\"https:\/\/newsestlyonnais.fr\/site\/#organization\"},\"potentialAction\":[{\"@type\":\"SearchAction\",\"target\":{\"@type\":\"EntryPoint\",\"urlTemplate\":\"https:\/\/newsestlyonnais.fr\/site\/?s={search_term_string}\"},\"query-input\":{\"@type\":\"PropertyValueSpecification\",\"valueRequired\":true,\"valueName\":\"search_term_string\"}}],\"inLanguage\":\"fr-FR\"},{\"@type\":\"Organization\",\"@id\":\"https:\/\/newsestlyonnais.fr\/site\/#organization\",\"name\":\"News EST LYONNAIS\",\"url\":\"https:\/\/newsestlyonnais.fr\/site\/\",\"logo\":{\"@type\":\"ImageObject\",\"inLanguage\":\"fr-FR\",\"@id\":\"https:\/\/newsestlyonnais.fr\/site\/#\/schema\/logo\/image\/\",\"url\":\"\",\"contentUrl\":\"\",\"caption\":\"News EST LYONNAIS\"},\"image\":{\"@id\":\"https:\/\/newsestlyonnais.fr\/site\/#\/schema\/logo\/image\/\"}},{\"@type\":\"Person\",\"@id\":\"https:\/\/newsestlyonnais.fr\/site\/#\/schema\/person\/3230d5615f390bb808365d673001e887\",\"name\":\"R\u00e9dac. NEWS\",\"sameAs\":[\"http:\/\/www.newsestlyonnais.fr\",\"https:\/\/www.facebook.com\/pascal.oberson.1?fref=ts\",\"https:\/\/fr.linkedin.com\/in\/pascal-oberson-b17045113\"],\"url\":\"https:\/\/newsestlyonnais.fr\/site\/author\/nel\/\"}]}<\/script>\n<!-- \/ Yoast SEO plugin. -->","yoast_head_json":{"title":"Transports en commun : Evolution des fiches horaires aux TCL","description":"Transports en commun : Evolution des fiches horaires aux TCL","robots":{"index":"index","follow":"follow","max-snippet":"max-snippet:-1","max-image-preview":"max-image-preview:large","max-video-preview":"max-video-preview:-1"},"canonical":"https:\/\/newsestlyonnais.fr\/site\/2017\/07\/08\/transports-en-commun-evolution-des-fiches-horaires-aux-tcl\/","og_locale":"fr_FR","og_type":"article","og_title":"Transports en commun : Evolution des fiches horaires aux TCL","og_description":"Transports en commun : Evolution des fiches horaires aux TCL","og_url":"https:\/\/newsestlyonnais.fr\/site\/2017\/07\/08\/transports-en-commun-evolution-des-fiches-horaires-aux-tcl\/","og_site_name":"News Est Lyonnais","article_author":"https:\/\/www.facebook.com\/pascal.oberson.1?fref=ts","article_published_time":"2017-07-08T07:05:14+00:00","og_image":[{"width":1000,"height":750,"url":"https:\/\/i2.wp.com\/newsestlyonnais.fr\/site\/wp-content\/uploads\/2017\/04\/NewsEstLyonnais-Flash-Info.png?fit=1000%2C750&ssl=1","type":"image\/png"}],"author":"R\u00e9dac. NEWS","twitter_card":"summary_large_image","twitter_misc":{"\u00c9crit par":"R\u00e9dac. NEWS","Dur\u00e9e de lecture estim\u00e9e":"1 minute"},"schema":{"@context":"https:\/\/schema.org","@graph":[{"@type":"Article","@id":"https:\/\/newsestlyonnais.fr\/site\/2017\/07\/08\/transports-en-commun-evolution-des-fiches-horaires-aux-tcl\/#article","isPartOf":{"@id":"https:\/\/newsestlyonnais.fr\/site\/2017\/07\/08\/transports-en-commun-evolution-des-fiches-horaires-aux-tcl\/"},"author":{"name":"R\u00e9dac. NEWS","@id":"https:\/\/newsestlyonnais.fr\/site\/#\/schema\/person\/3230d5615f390bb808365d673001e887"},"headline":"Transports en commun : Evolution des fiches horaires aux TCL","datePublished":"2017-07-08T07:05:14+00:00","mainEntityOfPage":{"@id":"https:\/\/newsestlyonnais.fr\/site\/2017\/07\/08\/transports-en-commun-evolution-des-fiches-horaires-aux-tcl\/"},"wordCount":282,"commentCount":0,"publisher":{"@id":"https:\/\/newsestlyonnais.fr\/site\/#organization"},"image":{"@id":"https:\/\/newsestlyonnais.fr\/site\/2017\/07\/08\/transports-en-commun-evolution-des-fiches-horaires-aux-tcl\/#primaryimage"},"thumbnailUrl":"https:\/\/newsestlyonnais.fr\/site\/wp-content\/uploads\/2017\/04\/NewsEstLyonnais-Flash-Info.png","articleSection":["\u00e0 la une","Pratique","Transports | Circulation"],"inLanguage":"fr-FR","potentialAction":[{"@type":"CommentAction","name":"Comment","target":["https:\/\/newsestlyonnais.fr\/site\/2017\/07\/08\/transports-en-commun-evolution-des-fiches-horaires-aux-tcl\/#respond"]}]},{"@type":"WebPage","@id":"https:\/\/newsestlyonnais.fr\/site\/2017\/07\/08\/transports-en-commun-evolution-des-fiches-horaires-aux-tcl\/","url":"https:\/\/newsestlyonnais.fr\/site\/2017\/07\/08\/transports-en-commun-evolution-des-fiches-horaires-aux-tcl\/","name":"Transports en commun : Evolution des fiches horaires aux TCL","isPartOf":{"@id":"https:\/\/newsestlyonnais.fr\/site\/#website"},"primaryImageOfPage":{"@id":"https:\/\/newsestlyonnais.fr\/site\/2017\/07\/08\/transports-en-commun-evolution-des-fiches-horaires-aux-tcl\/#primaryimage"},"image":{"@id":"https:\/\/newsestlyonnais.fr\/site\/2017\/07\/08\/transports-en-commun-evolution-des-fiches-horaires-aux-tcl\/#primaryimage"},"thumbnailUrl":"https:\/\/newsestlyonnais.fr\/site\/wp-content\/uploads\/2017\/04\/NewsEstLyonnais-Flash-Info.png","datePublished":"2017-07-08T07:05:14+00:00","description":"Transports en commun : Evolution des fiches horaires aux TCL","breadcrumb":{"@id":"https:\/\/newsestlyonnais.fr\/site\/2017\/07\/08\/transports-en-commun-evolution-des-fiches-horaires-aux-tcl\/#breadcrumb"},"inLanguage":"fr-FR","potentialAction":[{"@type":"ReadAction","target":["https:\/\/newsestlyonnais.fr\/site\/2017\/07\/08\/transports-en-commun-evolution-des-fiches-horaires-aux-tcl\/"]}]},{"@type":"ImageObject","inLanguage":"fr-FR","@id":"https:\/\/newsestlyonnais.fr\/site\/2017\/07\/08\/transports-en-commun-evolution-des-fiches-horaires-aux-tcl\/#primaryimage","url":"https:\/\/newsestlyonnais.fr\/site\/wp-content\/uploads\/2017\/04\/NewsEstLyonnais-Flash-Info.png","contentUrl":"https:\/\/newsestlyonnais.fr\/site\/wp-content\/uploads\/2017\/04\/NewsEstLyonnais-Flash-Info.png","width":1000,"height":750,"caption":"NewsEstLyonnais-Flash-Info"},{"@type":"BreadcrumbList","@id":"https:\/\/newsestlyonnais.fr\/site\/2017\/07\/08\/transports-en-commun-evolution-des-fiches-horaires-aux-tcl\/#breadcrumb","itemListElement":[{"@type":"ListItem","position":1,"name":"Accueil","item":"https:\/\/newsestlyonnais.fr\/site\/"},{"@type":"ListItem","position":2,"name":"Transports en commun : Evolution des fiches horaires aux TCL"}]},{"@type":"WebSite","@id":"https:\/\/newsestlyonnais.fr\/site\/#website","url":"https:\/\/newsestlyonnais.fr\/site\/","name":"News Est Lyonnais","description":"L&#039;actualit\u00e9 au plus pr\u00e8s","publisher":{"@id":"https:\/\/newsestlyonnais.fr\/site\/#organization"},"potentialAction":[{"@type":"SearchAction","target":{"@type":"EntryPoint","urlTemplate":"https:\/\/newsestlyonnais.fr\/site\/?s={search_term_string}"},"query-input":{"@type":"PropertyValueSpecification","valueRequired":true,"valueName":"search_term_string"}}],"inLanguage":"fr-FR"},{"@type":"Organization","@id":"https:\/\/newsestlyonnais.fr\/site\/#organization","name":"News EST LYONNAIS","url":"https:\/\/newsestlyonnais.fr\/site\/","logo":{"@type":"ImageObject","inLanguage":"fr-FR","@id":"https:\/\/newsestlyonnais.fr\/site\/#\/schema\/logo\/image\/","url":"","contentUrl":"","caption":"News EST LYONNAIS"},"image":{"@id":"https:\/\/newsestlyonnais.fr\/site\/#\/schema\/logo\/image\/"}},{"@type":"Person","@id":"https:\/\/newsestlyonnais.fr\/site\/#\/schema\/person\/3230d5615f390bb808365d673001e887","name":"R\u00e9dac. NEWS","sameAs":["http:\/\/www.newsestlyonnais.fr","https:\/\/www.facebook.com\/pascal.oberson.1?fref=ts","https:\/\/fr.linkedin.com\/in\/pascal-oberson-b17045113"],"url":"https:\/\/newsestlyonnais.fr\/site\/author\/nel\/"}]}},"_links":{"self":[{"href":"https:\/\/newsestlyonnais.fr\/site\/wp-json\/wp\/v2\/posts\/31656","targetHints":{"allow":["GET"]}}],"collection":[{"href":"https:\/\/newsestlyonnais.fr\/site\/wp-json\/wp\/v2\/posts"}],"about":[{"href":"https:\/\/newsestlyonnais.fr\/site\/wp-json\/wp\/v2\/types\/post"}],"author":[{"embeddable":true,"href":"https:\/\/newsestlyonnais.fr\/site\/wp-json\/wp\/v2\/users\/4"}],"replies":[{"embeddable":true,"href":"https:\/\/newsestlyonnais.fr\/site\/wp-json\/wp\/v2\/comments?post=31656"}],"version-history":[{"count":0,"href":"https:\/\/newsestlyonnais.fr\/site\/wp-json\/wp\/v2\/posts\/31656\/revisions"}],"wp:featuredmedia":[{"embeddable":true,"href":"https:\/\/newsestlyonnais.fr\/site\/wp-json\/wp\/v2\/media\/25760"}],"wp:attachment":[{"href":"https:\/\/newsestlyonnais.fr\/site\/wp-json\/wp\/v2\/media?parent=31656"}],"wp:term":[{"taxonomy":"category","embeddable":true,"href":"https:\/\/newsestlyonnais.fr\/site\/wp-json\/wp\/v2\/categories?post=31656"},{"taxonomy":"post_tag","embeddable":true,"href":"https:\/\/newsestlyonnais.fr\/site\/wp-json\/wp\/v2\/tags?post=31656"}],"curies":[{"name":"wp","href":"https:\/\/api.w.org\/{rel}","templated":true}]}}