{"id":31666,"date":"2017-07-09T06:32:03","date_gmt":"2017-07-09T05:32:03","guid":{"rendered":"http:\/\/newsestlyonnais.fr\/site\/?p=31666"},"modified":"2020-11-05T13:24:26","modified_gmt":"2020-11-05T12:24:26","slug":"meyzieu-lopen-de-tennis-sacheve-ce-dimanche","status":"publish","type":"post","link":"https:\/\/newsestlyonnais.fr\/site\/2017\/07\/09\/meyzieu-lopen-de-tennis-sacheve-ce-dimanche\/","title":{"rendered":"MEYZIEU | L\u2019Open de Tennis s&rsquo;ach\u00e8ve ce dimanche"},"content":{"rendered":"<h4>Ce dimanche c&rsquo;est jour de finale pour l&rsquo;Open de Tennis o\u00f9 les ultimes parties sont pr\u00e9vues \u00e0 9 heures 30 au complexe des Servizi\u00e8res.<\/h4>\n<p>Un tournoi o\u00f9 vous avez pu suivre au quotidien les r\u00e9sultats dans les 4 tableaux programm\u00e9s.<\/p>\n<p>Trois rencontres se sont d\u00e9roul\u00e9es ce samedi, en voici les r\u00e9sultats.<\/p>\n<p><span style=\"text-decoration: underline\"><strong>Seniors Dames<\/strong><\/span>:<\/p>\n<ul>\n<li><strong>Christelle Dubreuil <\/strong>(TC Mandrinois, 2\/6) bat Cl\u00e9mence Joly (Lyon Sport M\u00e9tropole, 4\/6)\u00a0\u00a0\u00a0\u00a0\u00a0\u00a0\u00a0 6\/3, 6\/0.<strong><br \/>\n<\/strong><\/li>\n<\/ul>\n<p><strong><span style=\"text-decoration: underline\">Seniors Messieurs<\/span>:<\/strong><\/p>\n<ul>\n<li><strong>Maxime Piout <\/strong>(US Poinconnet, &#8211; 2\/6) bat Alexis Gerra (Chassieu Tennis, 1\/6)\u00a0 6\/0, 6\/1<\/li>\n<li><strong>Rodrigo Echavarria<\/strong> (Club Etrangers de la F\u00e9d\u00e9ration, 0) bat S\u00e9bastien Gauvignon (TC St Priest, 3\/6)\u00a0\u00a0\u00a0\u00a0\u00a0\u00a0 6\/4, 6\/3<\/li>\n<\/ul>\n<p>&nbsp;<\/p>\n<figure id=\"attachment_29077\" aria-describedby=\"caption-attachment-29077\" style=\"width: 1000px\" class=\"wp-caption alignleft\"><img loading=\"lazy\" decoding=\"async\" class=\"size-full wp-image-29077\" src=\"https:\/\/newsestlyonnais.fr\/site\/medias\/2017\/06\/NEWSESTLYONNAIS-OPEN-MEYZIEU-.jpg\" alt=\"NEWSESTLYONNAIS - OPEN MEYZIEU\" width=\"1000\" height=\"750\" srcset=\"https:\/\/newsestlyonnais.fr\/site\/wp-content\/uploads\/2017\/06\/NEWSESTLYONNAIS-OPEN-MEYZIEU-.jpg 1000w, https:\/\/newsestlyonnais.fr\/site\/wp-content\/uploads\/2017\/06\/NEWSESTLYONNAIS-OPEN-MEYZIEU--400x300.jpg 400w, https:\/\/newsestlyonnais.fr\/site\/wp-content\/uploads\/2017\/06\/NEWSESTLYONNAIS-OPEN-MEYZIEU--768x576.jpg 768w, https:\/\/newsestlyonnais.fr\/site\/wp-content\/uploads\/2017\/06\/NEWSESTLYONNAIS-OPEN-MEYZIEU--600x450.jpg 600w, https:\/\/newsestlyonnais.fr\/site\/wp-content\/uploads\/2017\/06\/NEWSESTLYONNAIS-OPEN-MEYZIEU--100x75.jpg 100w\" sizes=\"auto, (max-width: 1000px) 100vw, 1000px\" \/><figcaption id=\"caption-attachment-29077\" class=\"wp-caption-text\">Open du 10 juin au 9 juillet 2017<\/figcaption><\/figure>\n","protected":false},"excerpt":{"rendered":"<p>Ce dimanche c&rsquo;est jour de finale pour l&rsquo;Open de Tennis o\u00f9 les ultimes parties sont pr\u00e9vues \u00e0 9 heures 30 au complexe des Servizi\u00e8res. Un tournoi o\u00f9 vous avez pu suivre au quotidien les r\u00e9sultats dans les 4 tableaux programm\u00e9s. Trois rencontres se sont d\u00e9roul\u00e9es ce samedi, en voici les r\u00e9sultats. Seniors Dames: Christelle Dubreuil [&hellip;]<\/p>\n","protected":false},"author":4,"featured_media":10856,"comment_status":"open","ping_status":"open","sticky":false,"template":"","format":"standard","meta":{"footnotes":""},"categories":[24,2992,2991],"tags":[],"class_list":["post-31666","post","type-post","status-publish","format-standard","has-post-thumbnail","hentry","category-meyzieu","category-tennis-padel","category-tennis-tennis-table-sports"],"yoast_head":"<!-- This site is optimized with the Yoast SEO plugin v27.2 - https:\/\/yoast.com\/product\/yoast-seo-wordpress\/ -->\n<title>MEYZIEU : L\u2019Open de Tennis s&#039;ach\u00e8ve ce dimanche<\/title>\n<meta name=\"description\" content=\"MEYZIEU : L\u2019Open de Tennis s&#039;ach\u00e8ve ce dimanche\" \/>\n<meta name=\"robots\" content=\"index, follow, max-snippet:-1, max-image-preview:large, max-video-preview:-1\" \/>\n<link rel=\"canonical\" href=\"https:\/\/newsestlyonnais.fr\/site\/2017\/07\/09\/meyzieu-lopen-de-tennis-sacheve-ce-dimanche\/\" \/>\n<meta property=\"og:locale\" content=\"fr_FR\" \/>\n<meta property=\"og:type\" content=\"article\" \/>\n<meta property=\"og:title\" content=\"MEYZIEU : L\u2019Open de Tennis s&#039;ach\u00e8ve ce dimanche\" \/>\n<meta property=\"og:description\" content=\"MEYZIEU : L\u2019Open de Tennis s&#039;ach\u00e8ve ce dimanche\" \/>\n<meta property=\"og:url\" content=\"https:\/\/newsestlyonnais.fr\/site\/2017\/07\/09\/meyzieu-lopen-de-tennis-sacheve-ce-dimanche\/\" \/>\n<meta property=\"og:site_name\" content=\"News Est Lyonnais\" \/>\n<meta property=\"article:author\" content=\"https:\/\/www.facebook.com\/pascal.oberson.1?fref=ts\" \/>\n<meta property=\"article:published_time\" content=\"2017-07-09T05:32:03+00:00\" \/>\n<meta property=\"article:modified_time\" content=\"2020-11-05T12:24:26+00:00\" \/>\n<meta property=\"og:image\" content=\"https:\/\/i1.wp.com\/newsestlyonnais.fr\/site\/wp-content\/uploads\/2016\/07\/NEWSESTLYONNAIS-LOGO-TENNIS.png?fit=1000%2C750&ssl=1\" \/>\n\t<meta property=\"og:image:width\" content=\"1000\" \/>\n\t<meta property=\"og:image:height\" content=\"750\" \/>\n\t<meta property=\"og:image:type\" content=\"image\/png\" \/>\n<meta name=\"author\" content=\"R\u00e9dac. NEWS\" \/>\n<meta name=\"twitter:card\" content=\"summary_large_image\" \/>\n<meta name=\"twitter:label1\" content=\"\u00c9crit par\" \/>\n\t<meta name=\"twitter:data1\" content=\"R\u00e9dac. NEWS\" \/>\n\t<meta name=\"twitter:label2\" content=\"Dur\u00e9e de lecture estim\u00e9e\" \/>\n\t<meta name=\"twitter:data2\" content=\"1 minute\" \/>\n<script type=\"application\/ld+json\" class=\"yoast-schema-graph\">{\"@context\":\"https:\/\/schema.org\",\"@graph\":[{\"@type\":\"Article\",\"@id\":\"https:\/\/newsestlyonnais.fr\/site\/2017\/07\/09\/meyzieu-lopen-de-tennis-sacheve-ce-dimanche\/#article\",\"isPartOf\":{\"@id\":\"https:\/\/newsestlyonnais.fr\/site\/2017\/07\/09\/meyzieu-lopen-de-tennis-sacheve-ce-dimanche\/\"},\"author\":{\"name\":\"R\u00e9dac. NEWS\",\"@id\":\"https:\/\/newsestlyonnais.fr\/site\/#\/schema\/person\/3230d5615f390bb808365d673001e887\"},\"headline\":\"MEYZIEU | L\u2019Open de Tennis s&rsquo;ach\u00e8ve ce dimanche\",\"datePublished\":\"2017-07-09T05:32:03+00:00\",\"dateModified\":\"2020-11-05T12:24:26+00:00\",\"mainEntityOfPage\":{\"@id\":\"https:\/\/newsestlyonnais.fr\/site\/2017\/07\/09\/meyzieu-lopen-de-tennis-sacheve-ce-dimanche\/\"},\"wordCount\":121,\"commentCount\":0,\"publisher\":{\"@id\":\"https:\/\/newsestlyonnais.fr\/site\/#organization\"},\"image\":{\"@id\":\"https:\/\/newsestlyonnais.fr\/site\/2017\/07\/09\/meyzieu-lopen-de-tennis-sacheve-ce-dimanche\/#primaryimage\"},\"thumbnailUrl\":\"https:\/\/newsestlyonnais.fr\/site\/wp-content\/uploads\/2016\/07\/NEWSESTLYONNAIS-LOGO-TENNIS.png\",\"articleSection\":[\"Meyzieu\",\"Tennis | Padel\",\"Tennis | Tennis de table\"],\"inLanguage\":\"fr-FR\",\"potentialAction\":[{\"@type\":\"CommentAction\",\"name\":\"Comment\",\"target\":[\"https:\/\/newsestlyonnais.fr\/site\/2017\/07\/09\/meyzieu-lopen-de-tennis-sacheve-ce-dimanche\/#respond\"]}]},{\"@type\":\"WebPage\",\"@id\":\"https:\/\/newsestlyonnais.fr\/site\/2017\/07\/09\/meyzieu-lopen-de-tennis-sacheve-ce-dimanche\/\",\"url\":\"https:\/\/newsestlyonnais.fr\/site\/2017\/07\/09\/meyzieu-lopen-de-tennis-sacheve-ce-dimanche\/\",\"name\":\"MEYZIEU : L\u2019Open de Tennis s'ach\u00e8ve ce dimanche\",\"isPartOf\":{\"@id\":\"https:\/\/newsestlyonnais.fr\/site\/#website\"},\"primaryImageOfPage\":{\"@id\":\"https:\/\/newsestlyonnais.fr\/site\/2017\/07\/09\/meyzieu-lopen-de-tennis-sacheve-ce-dimanche\/#primaryimage\"},\"image\":{\"@id\":\"https:\/\/newsestlyonnais.fr\/site\/2017\/07\/09\/meyzieu-lopen-de-tennis-sacheve-ce-dimanche\/#primaryimage\"},\"thumbnailUrl\":\"https:\/\/newsestlyonnais.fr\/site\/wp-content\/uploads\/2016\/07\/NEWSESTLYONNAIS-LOGO-TENNIS.png\",\"datePublished\":\"2017-07-09T05:32:03+00:00\",\"dateModified\":\"2020-11-05T12:24:26+00:00\",\"description\":\"MEYZIEU : L\u2019Open de Tennis s'ach\u00e8ve ce dimanche\",\"breadcrumb\":{\"@id\":\"https:\/\/newsestlyonnais.fr\/site\/2017\/07\/09\/meyzieu-lopen-de-tennis-sacheve-ce-dimanche\/#breadcrumb\"},\"inLanguage\":\"fr-FR\",\"potentialAction\":[{\"@type\":\"ReadAction\",\"target\":[\"https:\/\/newsestlyonnais.fr\/site\/2017\/07\/09\/meyzieu-lopen-de-tennis-sacheve-ce-dimanche\/\"]}]},{\"@type\":\"ImageObject\",\"inLanguage\":\"fr-FR\",\"@id\":\"https:\/\/newsestlyonnais.fr\/site\/2017\/07\/09\/meyzieu-lopen-de-tennis-sacheve-ce-dimanche\/#primaryimage\",\"url\":\"https:\/\/newsestlyonnais.fr\/site\/wp-content\/uploads\/2016\/07\/NEWSESTLYONNAIS-LOGO-TENNIS.png\",\"contentUrl\":\"https:\/\/newsestlyonnais.fr\/site\/wp-content\/uploads\/2016\/07\/NEWSESTLYONNAIS-LOGO-TENNIS.png\",\"width\":1000,\"height\":750,\"caption\":\"NEWSESTLYONNAIS - LOGO TENNIS\"},{\"@type\":\"BreadcrumbList\",\"@id\":\"https:\/\/newsestlyonnais.fr\/site\/2017\/07\/09\/meyzieu-lopen-de-tennis-sacheve-ce-dimanche\/#breadcrumb\",\"itemListElement\":[{\"@type\":\"ListItem\",\"position\":1,\"name\":\"Accueil\",\"item\":\"https:\/\/newsestlyonnais.fr\/site\/\"},{\"@type\":\"ListItem\",\"position\":2,\"name\":\"MEYZIEU | L\u2019Open de Tennis s&rsquo;ach\u00e8ve ce dimanche\"}]},{\"@type\":\"WebSite\",\"@id\":\"https:\/\/newsestlyonnais.fr\/site\/#website\",\"url\":\"https:\/\/newsestlyonnais.fr\/site\/\",\"name\":\"News Est Lyonnais\",\"description\":\"L&#039;actualit\u00e9 au plus pr\u00e8s\",\"publisher\":{\"@id\":\"https:\/\/newsestlyonnais.fr\/site\/#organization\"},\"potentialAction\":[{\"@type\":\"SearchAction\",\"target\":{\"@type\":\"EntryPoint\",\"urlTemplate\":\"https:\/\/newsestlyonnais.fr\/site\/?s={search_term_string}\"},\"query-input\":{\"@type\":\"PropertyValueSpecification\",\"valueRequired\":true,\"valueName\":\"search_term_string\"}}],\"inLanguage\":\"fr-FR\"},{\"@type\":\"Organization\",\"@id\":\"https:\/\/newsestlyonnais.fr\/site\/#organization\",\"name\":\"News EST LYONNAIS\",\"url\":\"https:\/\/newsestlyonnais.fr\/site\/\",\"logo\":{\"@type\":\"ImageObject\",\"inLanguage\":\"fr-FR\",\"@id\":\"https:\/\/newsestlyonnais.fr\/site\/#\/schema\/logo\/image\/\",\"url\":\"\",\"contentUrl\":\"\",\"caption\":\"News EST LYONNAIS\"},\"image\":{\"@id\":\"https:\/\/newsestlyonnais.fr\/site\/#\/schema\/logo\/image\/\"}},{\"@type\":\"Person\",\"@id\":\"https:\/\/newsestlyonnais.fr\/site\/#\/schema\/person\/3230d5615f390bb808365d673001e887\",\"name\":\"R\u00e9dac. NEWS\",\"sameAs\":[\"http:\/\/www.newsestlyonnais.fr\",\"https:\/\/www.facebook.com\/pascal.oberson.1?fref=ts\",\"https:\/\/fr.linkedin.com\/in\/pascal-oberson-b17045113\"],\"url\":\"https:\/\/newsestlyonnais.fr\/site\/author\/nel\/\"}]}<\/script>\n<!-- \/ Yoast SEO plugin. -->","yoast_head_json":{"title":"MEYZIEU : L\u2019Open de Tennis s'ach\u00e8ve ce dimanche","description":"MEYZIEU : L\u2019Open de Tennis s'ach\u00e8ve ce dimanche","robots":{"index":"index","follow":"follow","max-snippet":"max-snippet:-1","max-image-preview":"max-image-preview:large","max-video-preview":"max-video-preview:-1"},"canonical":"https:\/\/newsestlyonnais.fr\/site\/2017\/07\/09\/meyzieu-lopen-de-tennis-sacheve-ce-dimanche\/","og_locale":"fr_FR","og_type":"article","og_title":"MEYZIEU : L\u2019Open de Tennis s'ach\u00e8ve ce dimanche","og_description":"MEYZIEU : L\u2019Open de Tennis s'ach\u00e8ve ce dimanche","og_url":"https:\/\/newsestlyonnais.fr\/site\/2017\/07\/09\/meyzieu-lopen-de-tennis-sacheve-ce-dimanche\/","og_site_name":"News Est Lyonnais","article_author":"https:\/\/www.facebook.com\/pascal.oberson.1?fref=ts","article_published_time":"2017-07-09T05:32:03+00:00","article_modified_time":"2020-11-05T12:24:26+00:00","og_image":[{"width":1000,"height":750,"url":"https:\/\/i1.wp.com\/newsestlyonnais.fr\/site\/wp-content\/uploads\/2016\/07\/NEWSESTLYONNAIS-LOGO-TENNIS.png?fit=1000%2C750&ssl=1","type":"image\/png"}],"author":"R\u00e9dac. NEWS","twitter_card":"summary_large_image","twitter_misc":{"\u00c9crit par":"R\u00e9dac. NEWS","Dur\u00e9e de lecture estim\u00e9e":"1 minute"},"schema":{"@context":"https:\/\/schema.org","@graph":[{"@type":"Article","@id":"https:\/\/newsestlyonnais.fr\/site\/2017\/07\/09\/meyzieu-lopen-de-tennis-sacheve-ce-dimanche\/#article","isPartOf":{"@id":"https:\/\/newsestlyonnais.fr\/site\/2017\/07\/09\/meyzieu-lopen-de-tennis-sacheve-ce-dimanche\/"},"author":{"name":"R\u00e9dac. NEWS","@id":"https:\/\/newsestlyonnais.fr\/site\/#\/schema\/person\/3230d5615f390bb808365d673001e887"},"headline":"MEYZIEU | L\u2019Open de Tennis s&rsquo;ach\u00e8ve ce dimanche","datePublished":"2017-07-09T05:32:03+00:00","dateModified":"2020-11-05T12:24:26+00:00","mainEntityOfPage":{"@id":"https:\/\/newsestlyonnais.fr\/site\/2017\/07\/09\/meyzieu-lopen-de-tennis-sacheve-ce-dimanche\/"},"wordCount":121,"commentCount":0,"publisher":{"@id":"https:\/\/newsestlyonnais.fr\/site\/#organization"},"image":{"@id":"https:\/\/newsestlyonnais.fr\/site\/2017\/07\/09\/meyzieu-lopen-de-tennis-sacheve-ce-dimanche\/#primaryimage"},"thumbnailUrl":"https:\/\/newsestlyonnais.fr\/site\/wp-content\/uploads\/2016\/07\/NEWSESTLYONNAIS-LOGO-TENNIS.png","articleSection":["Meyzieu","Tennis | Padel","Tennis | Tennis de table"],"inLanguage":"fr-FR","potentialAction":[{"@type":"CommentAction","name":"Comment","target":["https:\/\/newsestlyonnais.fr\/site\/2017\/07\/09\/meyzieu-lopen-de-tennis-sacheve-ce-dimanche\/#respond"]}]},{"@type":"WebPage","@id":"https:\/\/newsestlyonnais.fr\/site\/2017\/07\/09\/meyzieu-lopen-de-tennis-sacheve-ce-dimanche\/","url":"https:\/\/newsestlyonnais.fr\/site\/2017\/07\/09\/meyzieu-lopen-de-tennis-sacheve-ce-dimanche\/","name":"MEYZIEU : L\u2019Open de Tennis s'ach\u00e8ve ce dimanche","isPartOf":{"@id":"https:\/\/newsestlyonnais.fr\/site\/#website"},"primaryImageOfPage":{"@id":"https:\/\/newsestlyonnais.fr\/site\/2017\/07\/09\/meyzieu-lopen-de-tennis-sacheve-ce-dimanche\/#primaryimage"},"image":{"@id":"https:\/\/newsestlyonnais.fr\/site\/2017\/07\/09\/meyzieu-lopen-de-tennis-sacheve-ce-dimanche\/#primaryimage"},"thumbnailUrl":"https:\/\/newsestlyonnais.fr\/site\/wp-content\/uploads\/2016\/07\/NEWSESTLYONNAIS-LOGO-TENNIS.png","datePublished":"2017-07-09T05:32:03+00:00","dateModified":"2020-11-05T12:24:26+00:00","description":"MEYZIEU : L\u2019Open de Tennis s'ach\u00e8ve ce dimanche","breadcrumb":{"@id":"https:\/\/newsestlyonnais.fr\/site\/2017\/07\/09\/meyzieu-lopen-de-tennis-sacheve-ce-dimanche\/#breadcrumb"},"inLanguage":"fr-FR","potentialAction":[{"@type":"ReadAction","target":["https:\/\/newsestlyonnais.fr\/site\/2017\/07\/09\/meyzieu-lopen-de-tennis-sacheve-ce-dimanche\/"]}]},{"@type":"ImageObject","inLanguage":"fr-FR","@id":"https:\/\/newsestlyonnais.fr\/site\/2017\/07\/09\/meyzieu-lopen-de-tennis-sacheve-ce-dimanche\/#primaryimage","url":"https:\/\/newsestlyonnais.fr\/site\/wp-content\/uploads\/2016\/07\/NEWSESTLYONNAIS-LOGO-TENNIS.png","contentUrl":"https:\/\/newsestlyonnais.fr\/site\/wp-content\/uploads\/2016\/07\/NEWSESTLYONNAIS-LOGO-TENNIS.png","width":1000,"height":750,"caption":"NEWSESTLYONNAIS - LOGO TENNIS"},{"@type":"BreadcrumbList","@id":"https:\/\/newsestlyonnais.fr\/site\/2017\/07\/09\/meyzieu-lopen-de-tennis-sacheve-ce-dimanche\/#breadcrumb","itemListElement":[{"@type":"ListItem","position":1,"name":"Accueil","item":"https:\/\/newsestlyonnais.fr\/site\/"},{"@type":"ListItem","position":2,"name":"MEYZIEU | L\u2019Open de Tennis s&rsquo;ach\u00e8ve ce dimanche"}]},{"@type":"WebSite","@id":"https:\/\/newsestlyonnais.fr\/site\/#website","url":"https:\/\/newsestlyonnais.fr\/site\/","name":"News Est Lyonnais","description":"L&#039;actualit\u00e9 au plus pr\u00e8s","publisher":{"@id":"https:\/\/newsestlyonnais.fr\/site\/#organization"},"potentialAction":[{"@type":"SearchAction","target":{"@type":"EntryPoint","urlTemplate":"https:\/\/newsestlyonnais.fr\/site\/?s={search_term_string}"},"query-input":{"@type":"PropertyValueSpecification","valueRequired":true,"valueName":"search_term_string"}}],"inLanguage":"fr-FR"},{"@type":"Organization","@id":"https:\/\/newsestlyonnais.fr\/site\/#organization","name":"News EST LYONNAIS","url":"https:\/\/newsestlyonnais.fr\/site\/","logo":{"@type":"ImageObject","inLanguage":"fr-FR","@id":"https:\/\/newsestlyonnais.fr\/site\/#\/schema\/logo\/image\/","url":"","contentUrl":"","caption":"News EST LYONNAIS"},"image":{"@id":"https:\/\/newsestlyonnais.fr\/site\/#\/schema\/logo\/image\/"}},{"@type":"Person","@id":"https:\/\/newsestlyonnais.fr\/site\/#\/schema\/person\/3230d5615f390bb808365d673001e887","name":"R\u00e9dac. NEWS","sameAs":["http:\/\/www.newsestlyonnais.fr","https:\/\/www.facebook.com\/pascal.oberson.1?fref=ts","https:\/\/fr.linkedin.com\/in\/pascal-oberson-b17045113"],"url":"https:\/\/newsestlyonnais.fr\/site\/author\/nel\/"}]}},"_links":{"self":[{"href":"https:\/\/newsestlyonnais.fr\/site\/wp-json\/wp\/v2\/posts\/31666","targetHints":{"allow":["GET"]}}],"collection":[{"href":"https:\/\/newsestlyonnais.fr\/site\/wp-json\/wp\/v2\/posts"}],"about":[{"href":"https:\/\/newsestlyonnais.fr\/site\/wp-json\/wp\/v2\/types\/post"}],"author":[{"embeddable":true,"href":"https:\/\/newsestlyonnais.fr\/site\/wp-json\/wp\/v2\/users\/4"}],"replies":[{"embeddable":true,"href":"https:\/\/newsestlyonnais.fr\/site\/wp-json\/wp\/v2\/comments?post=31666"}],"version-history":[{"count":0,"href":"https:\/\/newsestlyonnais.fr\/site\/wp-json\/wp\/v2\/posts\/31666\/revisions"}],"wp:featuredmedia":[{"embeddable":true,"href":"https:\/\/newsestlyonnais.fr\/site\/wp-json\/wp\/v2\/media\/10856"}],"wp:attachment":[{"href":"https:\/\/newsestlyonnais.fr\/site\/wp-json\/wp\/v2\/media?parent=31666"}],"wp:term":[{"taxonomy":"category","embeddable":true,"href":"https:\/\/newsestlyonnais.fr\/site\/wp-json\/wp\/v2\/categories?post=31666"},{"taxonomy":"post_tag","embeddable":true,"href":"https:\/\/newsestlyonnais.fr\/site\/wp-json\/wp\/v2\/tags?post=31666"}],"curies":[{"name":"wp","href":"https:\/\/api.w.org\/{rel}","templated":true}]}}