{"id":31840,"date":"2017-07-10T13:37:03","date_gmt":"2017-07-10T12:37:03","guid":{"rendered":"http:\/\/newsestlyonnais.fr\/site\/?p=31840"},"modified":"2020-11-18T19:26:39","modified_gmt":"2020-11-18T18:26:39","slug":"vaulx-velin-secouristes-francais-de-croix-blanche-ont-inaugure-leurs-locaux","status":"publish","type":"post","link":"https:\/\/newsestlyonnais.fr\/site\/2017\/07\/10\/vaulx-velin-secouristes-francais-de-croix-blanche-ont-inaugure-leurs-locaux\/","title":{"rendered":"VAULX-EN-VELIN | Les secouristes fran\u00e7ais de la Croix Blanche ont inaugur\u00e9 leurs locaux"},"content":{"rendered":"<h4>Fort moment de convivialit\u00e9 vendredi soir \u00e0 l&rsquo;occasion de l&rsquo;inauguration des locaux des Secouristes Fran\u00e7ais de la Croix Blanche, association adh\u00e9rente \u00e0 l&rsquo;O.M.S. de Vaulx en Velin.<\/h4>\n<p>L&rsquo;association vaudaise fond\u00e9e en Octobre 1976 et qui a toujours \u00e9t\u00e9 pr\u00e9sid\u00e9e par Paul Mattolini avait en effet convi\u00e9 plusieurs \u00e9lus de la commune, dont la maire H\u00e9l\u00e8ne Geoffray, des secouristes membres et responsables d&rsquo;autres sections locales des alentours et des dirigeants du comit\u00e9 d\u00e9partemental.<\/p>\n<p>Un local sis au sein du secteur du Village que la section, qui compte \u00e0 ce jour une vingtaine d&rsquo;adh\u00e9rents tous b\u00e9n\u00e9voles, occupe depuis quelques mois apr\u00e8s l&rsquo;avoir attendu durant plus de trois d\u00e9cennies. Un lieu qui est donc le bienvenu pour stationner v\u00e9hicules de fonction et entreposer du mat\u00e9riel mais aussi bien fonctionnel pour toute r\u00e9union ou s\u00e9ance de formation.<\/p>\n<ul>\n<li><span style=\"text-decoration: underline\"><em>Contact Secouristes Fran\u00e7ais de la Croix Blanch<\/em><\/span>e: T\u00e9l. 06.64.13.48.09 ou croixblanchevaulx@gmail.com<\/li>\n<\/ul>\n<div id='gallery-1' class='gallery galleryid-31840 gallery-columns-3 gallery-size-thumbnail'><figure class='gallery-item'>\n\t\t\t<div class='gallery-icon landscape'>\n\t\t\t\t<a href='https:\/\/newsestlyonnais.fr\/site\/2017\/07\/10\/vaulx-velin-secouristes-francais-de-croix-blanche-ont-inaugure-leurs-locaux\/newsestlyonnais-inaug-local-secou\/'><img loading=\"lazy\" decoding=\"async\" width=\"150\" height=\"150\" src=\"https:\/\/newsestlyonnais.fr\/site\/wp-content\/uploads\/2017\/07\/NEWSESTLYONNAIS-inaug-local-secou-150x150.jpg\" class=\"attachment-thumbnail size-thumbnail\" alt=\"NEWSESTLYONNAIS - inaug local secou\" aria-describedby=\"gallery-1-31847\" \/><\/a>\n\t\t\t<\/div>\n\t\t\t\t<figcaption class='wp-caption-text gallery-caption' id='gallery-1-31847'>\n\t\t\t\tPaul Mattolini ( pr\u00e9sident) et H\u00e9l\u00e8ne Geoffray (maire de Vaulx en Velin).\n\t\t\t\t<\/figcaption><\/figure><figure class='gallery-item'>\n\t\t\t<div class='gallery-icon landscape'>\n\t\t\t\t<a href='https:\/\/newsestlyonnais.fr\/site\/2017\/07\/10\/vaulx-velin-secouristes-francais-de-croix-blanche-ont-inaugure-leurs-locaux\/newsestlyonnais-secouriste-inaug-local\/'><img loading=\"lazy\" decoding=\"async\" width=\"150\" height=\"150\" src=\"https:\/\/newsestlyonnais.fr\/site\/wp-content\/uploads\/2017\/07\/NEWSESTLYONNAIS-SECOURISTE-INAUG-LOCAL-150x150.jpg\" class=\"attachment-thumbnail size-thumbnail\" alt=\"NEWSESTLYONNAIS - SECOURISTE INAUG LOCAL\" \/><\/a>\n\t\t\t<\/div><\/figure>\n\t\t<\/div>\n\n","protected":false},"excerpt":{"rendered":"<p>Fort moment de convivialit\u00e9 vendredi soir \u00e0 l&rsquo;occasion de l&rsquo;inauguration des locaux des Secouristes Fran\u00e7ais de la Croix Blanche, association adh\u00e9rente \u00e0 l&rsquo;O.M.S. de Vaulx en Velin. L&rsquo;association vaudaise fond\u00e9e en Octobre 1976 et qui a toujours \u00e9t\u00e9 pr\u00e9sid\u00e9e par Paul Mattolini avait en effet convi\u00e9 plusieurs \u00e9lus de la commune, dont la maire H\u00e9l\u00e8ne [&hellip;]<\/p>\n","protected":false},"author":4,"featured_media":31842,"comment_status":"open","ping_status":"open","sticky":false,"template":"","format":"standard","meta":{"footnotes":""},"categories":[1753,172,28],"tags":[],"class_list":["post-31840","post","type-post","status-publish","format-standard","has-post-thumbnail","hentry","category-secours-securite","category-travaux-amenagements","category-vaulx-en-velin"],"yoast_head":"<!-- This site is optimized with the Yoast SEO plugin v27.2 - https:\/\/yoast.com\/product\/yoast-seo-wordpress\/ -->\n<title>VAULX EN VELIN: Les secouristes fran\u00e7ais de la Croix Blanche ont inaugur\u00e9 leurs locaux<\/title>\n<meta name=\"description\" content=\"VAULX EN VELIN: Les secouristes fran\u00e7ais de la Croix Blanche ont inaugur\u00e9 leurs locaux\" \/>\n<meta name=\"robots\" content=\"index, follow, max-snippet:-1, max-image-preview:large, max-video-preview:-1\" \/>\n<link rel=\"canonical\" href=\"https:\/\/newsestlyonnais.fr\/site\/2017\/07\/10\/vaulx-velin-secouristes-francais-de-croix-blanche-ont-inaugure-leurs-locaux\/\" \/>\n<meta property=\"og:locale\" content=\"fr_FR\" \/>\n<meta property=\"og:type\" content=\"article\" \/>\n<meta property=\"og:title\" content=\"VAULX EN VELIN: Les secouristes fran\u00e7ais de la Croix Blanche ont inaugur\u00e9 leurs locaux\" \/>\n<meta property=\"og:description\" content=\"VAULX EN VELIN: Les secouristes fran\u00e7ais de la Croix Blanche ont inaugur\u00e9 leurs locaux\" \/>\n<meta property=\"og:url\" content=\"https:\/\/newsestlyonnais.fr\/site\/2017\/07\/10\/vaulx-velin-secouristes-francais-de-croix-blanche-ont-inaugure-leurs-locaux\/\" \/>\n<meta property=\"og:site_name\" content=\"News Est Lyonnais\" \/>\n<meta property=\"article:author\" content=\"https:\/\/www.facebook.com\/pascal.oberson.1?fref=ts\" \/>\n<meta property=\"article:published_time\" content=\"2017-07-10T12:37:03+00:00\" \/>\n<meta property=\"article:modified_time\" content=\"2020-11-18T18:26:39+00:00\" \/>\n<meta property=\"og:image\" content=\"https:\/\/i2.wp.com\/newsestlyonnais.fr\/site\/wp-content\/uploads\/2017\/07\/NEWSESTLYONNAIS-SECOU-LOCAL-VAULX.jpg?fit=1000%2C750&ssl=1\" \/>\n\t<meta property=\"og:image:width\" content=\"1000\" \/>\n\t<meta property=\"og:image:height\" content=\"750\" \/>\n\t<meta property=\"og:image:type\" content=\"image\/jpeg\" \/>\n<meta name=\"author\" content=\"R\u00e9dac. NEWS\" \/>\n<meta name=\"twitter:card\" content=\"summary_large_image\" \/>\n<meta name=\"twitter:label1\" content=\"\u00c9crit par\" \/>\n\t<meta name=\"twitter:data1\" content=\"R\u00e9dac. NEWS\" \/>\n\t<meta name=\"twitter:label2\" content=\"Dur\u00e9e de lecture estim\u00e9e\" \/>\n\t<meta name=\"twitter:data2\" content=\"1 minute\" \/>\n<script type=\"application\/ld+json\" class=\"yoast-schema-graph\">{\"@context\":\"https:\/\/schema.org\",\"@graph\":[{\"@type\":\"Article\",\"@id\":\"https:\/\/newsestlyonnais.fr\/site\/2017\/07\/10\/vaulx-velin-secouristes-francais-de-croix-blanche-ont-inaugure-leurs-locaux\/#article\",\"isPartOf\":{\"@id\":\"https:\/\/newsestlyonnais.fr\/site\/2017\/07\/10\/vaulx-velin-secouristes-francais-de-croix-blanche-ont-inaugure-leurs-locaux\/\"},\"author\":{\"name\":\"R\u00e9dac. NEWS\",\"@id\":\"https:\/\/newsestlyonnais.fr\/site\/#\/schema\/person\/3230d5615f390bb808365d673001e887\"},\"headline\":\"VAULX-EN-VELIN | Les secouristes fran\u00e7ais de la Croix Blanche ont inaugur\u00e9 leurs locaux\",\"datePublished\":\"2017-07-10T12:37:03+00:00\",\"dateModified\":\"2020-11-18T18:26:39+00:00\",\"mainEntityOfPage\":{\"@id\":\"https:\/\/newsestlyonnais.fr\/site\/2017\/07\/10\/vaulx-velin-secouristes-francais-de-croix-blanche-ont-inaugure-leurs-locaux\/\"},\"wordCount\":187,\"commentCount\":0,\"publisher\":{\"@id\":\"https:\/\/newsestlyonnais.fr\/site\/#organization\"},\"image\":{\"@id\":\"https:\/\/newsestlyonnais.fr\/site\/2017\/07\/10\/vaulx-velin-secouristes-francais-de-croix-blanche-ont-inaugure-leurs-locaux\/#primaryimage\"},\"thumbnailUrl\":\"https:\/\/newsestlyonnais.fr\/site\/wp-content\/uploads\/2017\/07\/NEWSESTLYONNAIS-SECOU-LOCAL-VAULX.jpg\",\"articleSection\":[\"Secours | S\u00e9curit\u00e9\",\"Travaux | Am\u00e9nagements\",\"Vaulx-en-Velin\"],\"inLanguage\":\"fr-FR\",\"potentialAction\":[{\"@type\":\"CommentAction\",\"name\":\"Comment\",\"target\":[\"https:\/\/newsestlyonnais.fr\/site\/2017\/07\/10\/vaulx-velin-secouristes-francais-de-croix-blanche-ont-inaugure-leurs-locaux\/#respond\"]}]},{\"@type\":\"WebPage\",\"@id\":\"https:\/\/newsestlyonnais.fr\/site\/2017\/07\/10\/vaulx-velin-secouristes-francais-de-croix-blanche-ont-inaugure-leurs-locaux\/\",\"url\":\"https:\/\/newsestlyonnais.fr\/site\/2017\/07\/10\/vaulx-velin-secouristes-francais-de-croix-blanche-ont-inaugure-leurs-locaux\/\",\"name\":\"VAULX EN VELIN: Les secouristes fran\u00e7ais de la Croix Blanche ont inaugur\u00e9 leurs locaux\",\"isPartOf\":{\"@id\":\"https:\/\/newsestlyonnais.fr\/site\/#website\"},\"primaryImageOfPage\":{\"@id\":\"https:\/\/newsestlyonnais.fr\/site\/2017\/07\/10\/vaulx-velin-secouristes-francais-de-croix-blanche-ont-inaugure-leurs-locaux\/#primaryimage\"},\"image\":{\"@id\":\"https:\/\/newsestlyonnais.fr\/site\/2017\/07\/10\/vaulx-velin-secouristes-francais-de-croix-blanche-ont-inaugure-leurs-locaux\/#primaryimage\"},\"thumbnailUrl\":\"https:\/\/newsestlyonnais.fr\/site\/wp-content\/uploads\/2017\/07\/NEWSESTLYONNAIS-SECOU-LOCAL-VAULX.jpg\",\"datePublished\":\"2017-07-10T12:37:03+00:00\",\"dateModified\":\"2020-11-18T18:26:39+00:00\",\"description\":\"VAULX EN VELIN: Les secouristes fran\u00e7ais de la Croix Blanche ont inaugur\u00e9 leurs locaux\",\"breadcrumb\":{\"@id\":\"https:\/\/newsestlyonnais.fr\/site\/2017\/07\/10\/vaulx-velin-secouristes-francais-de-croix-blanche-ont-inaugure-leurs-locaux\/#breadcrumb\"},\"inLanguage\":\"fr-FR\",\"potentialAction\":[{\"@type\":\"ReadAction\",\"target\":[\"https:\/\/newsestlyonnais.fr\/site\/2017\/07\/10\/vaulx-velin-secouristes-francais-de-croix-blanche-ont-inaugure-leurs-locaux\/\"]}]},{\"@type\":\"ImageObject\",\"inLanguage\":\"fr-FR\",\"@id\":\"https:\/\/newsestlyonnais.fr\/site\/2017\/07\/10\/vaulx-velin-secouristes-francais-de-croix-blanche-ont-inaugure-leurs-locaux\/#primaryimage\",\"url\":\"https:\/\/newsestlyonnais.fr\/site\/wp-content\/uploads\/2017\/07\/NEWSESTLYONNAIS-SECOU-LOCAL-VAULX.jpg\",\"contentUrl\":\"https:\/\/newsestlyonnais.fr\/site\/wp-content\/uploads\/2017\/07\/NEWSESTLYONNAIS-SECOU-LOCAL-VAULX.jpg\",\"width\":1000,\"height\":750,\"caption\":\"NEWSESTLYONNAIS - SECOU LOCAL VAULX\"},{\"@type\":\"BreadcrumbList\",\"@id\":\"https:\/\/newsestlyonnais.fr\/site\/2017\/07\/10\/vaulx-velin-secouristes-francais-de-croix-blanche-ont-inaugure-leurs-locaux\/#breadcrumb\",\"itemListElement\":[{\"@type\":\"ListItem\",\"position\":1,\"name\":\"Accueil\",\"item\":\"https:\/\/newsestlyonnais.fr\/site\/\"},{\"@type\":\"ListItem\",\"position\":2,\"name\":\"VAULX-EN-VELIN | Les secouristes fran\u00e7ais de la Croix Blanche ont inaugur\u00e9 leurs locaux\"}]},{\"@type\":\"WebSite\",\"@id\":\"https:\/\/newsestlyonnais.fr\/site\/#website\",\"url\":\"https:\/\/newsestlyonnais.fr\/site\/\",\"name\":\"News Est Lyonnais\",\"description\":\"L&#039;actualit\u00e9 au plus pr\u00e8s\",\"publisher\":{\"@id\":\"https:\/\/newsestlyonnais.fr\/site\/#organization\"},\"potentialAction\":[{\"@type\":\"SearchAction\",\"target\":{\"@type\":\"EntryPoint\",\"urlTemplate\":\"https:\/\/newsestlyonnais.fr\/site\/?s={search_term_string}\"},\"query-input\":{\"@type\":\"PropertyValueSpecification\",\"valueRequired\":true,\"valueName\":\"search_term_string\"}}],\"inLanguage\":\"fr-FR\"},{\"@type\":\"Organization\",\"@id\":\"https:\/\/newsestlyonnais.fr\/site\/#organization\",\"name\":\"News EST LYONNAIS\",\"url\":\"https:\/\/newsestlyonnais.fr\/site\/\",\"logo\":{\"@type\":\"ImageObject\",\"inLanguage\":\"fr-FR\",\"@id\":\"https:\/\/newsestlyonnais.fr\/site\/#\/schema\/logo\/image\/\",\"url\":\"\",\"contentUrl\":\"\",\"caption\":\"News EST LYONNAIS\"},\"image\":{\"@id\":\"https:\/\/newsestlyonnais.fr\/site\/#\/schema\/logo\/image\/\"}},{\"@type\":\"Person\",\"@id\":\"https:\/\/newsestlyonnais.fr\/site\/#\/schema\/person\/3230d5615f390bb808365d673001e887\",\"name\":\"R\u00e9dac. NEWS\",\"sameAs\":[\"http:\/\/www.newsestlyonnais.fr\",\"https:\/\/www.facebook.com\/pascal.oberson.1?fref=ts\",\"https:\/\/fr.linkedin.com\/in\/pascal-oberson-b17045113\"],\"url\":\"https:\/\/newsestlyonnais.fr\/site\/author\/nel\/\"}]}<\/script>\n<!-- \/ Yoast SEO plugin. -->","yoast_head_json":{"title":"VAULX EN VELIN: Les secouristes fran\u00e7ais de la Croix Blanche ont inaugur\u00e9 leurs locaux","description":"VAULX EN VELIN: Les secouristes fran\u00e7ais de la Croix Blanche ont inaugur\u00e9 leurs locaux","robots":{"index":"index","follow":"follow","max-snippet":"max-snippet:-1","max-image-preview":"max-image-preview:large","max-video-preview":"max-video-preview:-1"},"canonical":"https:\/\/newsestlyonnais.fr\/site\/2017\/07\/10\/vaulx-velin-secouristes-francais-de-croix-blanche-ont-inaugure-leurs-locaux\/","og_locale":"fr_FR","og_type":"article","og_title":"VAULX EN VELIN: Les secouristes fran\u00e7ais de la Croix Blanche ont inaugur\u00e9 leurs locaux","og_description":"VAULX EN VELIN: Les secouristes fran\u00e7ais de la Croix Blanche ont inaugur\u00e9 leurs locaux","og_url":"https:\/\/newsestlyonnais.fr\/site\/2017\/07\/10\/vaulx-velin-secouristes-francais-de-croix-blanche-ont-inaugure-leurs-locaux\/","og_site_name":"News Est Lyonnais","article_author":"https:\/\/www.facebook.com\/pascal.oberson.1?fref=ts","article_published_time":"2017-07-10T12:37:03+00:00","article_modified_time":"2020-11-18T18:26:39+00:00","og_image":[{"width":1000,"height":750,"url":"https:\/\/i2.wp.com\/newsestlyonnais.fr\/site\/wp-content\/uploads\/2017\/07\/NEWSESTLYONNAIS-SECOU-LOCAL-VAULX.jpg?fit=1000%2C750&ssl=1","type":"image\/jpeg"}],"author":"R\u00e9dac. NEWS","twitter_card":"summary_large_image","twitter_misc":{"\u00c9crit par":"R\u00e9dac. NEWS","Dur\u00e9e de lecture estim\u00e9e":"1 minute"},"schema":{"@context":"https:\/\/schema.org","@graph":[{"@type":"Article","@id":"https:\/\/newsestlyonnais.fr\/site\/2017\/07\/10\/vaulx-velin-secouristes-francais-de-croix-blanche-ont-inaugure-leurs-locaux\/#article","isPartOf":{"@id":"https:\/\/newsestlyonnais.fr\/site\/2017\/07\/10\/vaulx-velin-secouristes-francais-de-croix-blanche-ont-inaugure-leurs-locaux\/"},"author":{"name":"R\u00e9dac. NEWS","@id":"https:\/\/newsestlyonnais.fr\/site\/#\/schema\/person\/3230d5615f390bb808365d673001e887"},"headline":"VAULX-EN-VELIN | Les secouristes fran\u00e7ais de la Croix Blanche ont inaugur\u00e9 leurs locaux","datePublished":"2017-07-10T12:37:03+00:00","dateModified":"2020-11-18T18:26:39+00:00","mainEntityOfPage":{"@id":"https:\/\/newsestlyonnais.fr\/site\/2017\/07\/10\/vaulx-velin-secouristes-francais-de-croix-blanche-ont-inaugure-leurs-locaux\/"},"wordCount":187,"commentCount":0,"publisher":{"@id":"https:\/\/newsestlyonnais.fr\/site\/#organization"},"image":{"@id":"https:\/\/newsestlyonnais.fr\/site\/2017\/07\/10\/vaulx-velin-secouristes-francais-de-croix-blanche-ont-inaugure-leurs-locaux\/#primaryimage"},"thumbnailUrl":"https:\/\/newsestlyonnais.fr\/site\/wp-content\/uploads\/2017\/07\/NEWSESTLYONNAIS-SECOU-LOCAL-VAULX.jpg","articleSection":["Secours | S\u00e9curit\u00e9","Travaux | Am\u00e9nagements","Vaulx-en-Velin"],"inLanguage":"fr-FR","potentialAction":[{"@type":"CommentAction","name":"Comment","target":["https:\/\/newsestlyonnais.fr\/site\/2017\/07\/10\/vaulx-velin-secouristes-francais-de-croix-blanche-ont-inaugure-leurs-locaux\/#respond"]}]},{"@type":"WebPage","@id":"https:\/\/newsestlyonnais.fr\/site\/2017\/07\/10\/vaulx-velin-secouristes-francais-de-croix-blanche-ont-inaugure-leurs-locaux\/","url":"https:\/\/newsestlyonnais.fr\/site\/2017\/07\/10\/vaulx-velin-secouristes-francais-de-croix-blanche-ont-inaugure-leurs-locaux\/","name":"VAULX EN VELIN: Les secouristes fran\u00e7ais de la Croix Blanche ont inaugur\u00e9 leurs locaux","isPartOf":{"@id":"https:\/\/newsestlyonnais.fr\/site\/#website"},"primaryImageOfPage":{"@id":"https:\/\/newsestlyonnais.fr\/site\/2017\/07\/10\/vaulx-velin-secouristes-francais-de-croix-blanche-ont-inaugure-leurs-locaux\/#primaryimage"},"image":{"@id":"https:\/\/newsestlyonnais.fr\/site\/2017\/07\/10\/vaulx-velin-secouristes-francais-de-croix-blanche-ont-inaugure-leurs-locaux\/#primaryimage"},"thumbnailUrl":"https:\/\/newsestlyonnais.fr\/site\/wp-content\/uploads\/2017\/07\/NEWSESTLYONNAIS-SECOU-LOCAL-VAULX.jpg","datePublished":"2017-07-10T12:37:03+00:00","dateModified":"2020-11-18T18:26:39+00:00","description":"VAULX EN VELIN: Les secouristes fran\u00e7ais de la Croix Blanche ont inaugur\u00e9 leurs locaux","breadcrumb":{"@id":"https:\/\/newsestlyonnais.fr\/site\/2017\/07\/10\/vaulx-velin-secouristes-francais-de-croix-blanche-ont-inaugure-leurs-locaux\/#breadcrumb"},"inLanguage":"fr-FR","potentialAction":[{"@type":"ReadAction","target":["https:\/\/newsestlyonnais.fr\/site\/2017\/07\/10\/vaulx-velin-secouristes-francais-de-croix-blanche-ont-inaugure-leurs-locaux\/"]}]},{"@type":"ImageObject","inLanguage":"fr-FR","@id":"https:\/\/newsestlyonnais.fr\/site\/2017\/07\/10\/vaulx-velin-secouristes-francais-de-croix-blanche-ont-inaugure-leurs-locaux\/#primaryimage","url":"https:\/\/newsestlyonnais.fr\/site\/wp-content\/uploads\/2017\/07\/NEWSESTLYONNAIS-SECOU-LOCAL-VAULX.jpg","contentUrl":"https:\/\/newsestlyonnais.fr\/site\/wp-content\/uploads\/2017\/07\/NEWSESTLYONNAIS-SECOU-LOCAL-VAULX.jpg","width":1000,"height":750,"caption":"NEWSESTLYONNAIS - SECOU LOCAL VAULX"},{"@type":"BreadcrumbList","@id":"https:\/\/newsestlyonnais.fr\/site\/2017\/07\/10\/vaulx-velin-secouristes-francais-de-croix-blanche-ont-inaugure-leurs-locaux\/#breadcrumb","itemListElement":[{"@type":"ListItem","position":1,"name":"Accueil","item":"https:\/\/newsestlyonnais.fr\/site\/"},{"@type":"ListItem","position":2,"name":"VAULX-EN-VELIN | Les secouristes fran\u00e7ais de la Croix Blanche ont inaugur\u00e9 leurs locaux"}]},{"@type":"WebSite","@id":"https:\/\/newsestlyonnais.fr\/site\/#website","url":"https:\/\/newsestlyonnais.fr\/site\/","name":"News Est Lyonnais","description":"L&#039;actualit\u00e9 au plus pr\u00e8s","publisher":{"@id":"https:\/\/newsestlyonnais.fr\/site\/#organization"},"potentialAction":[{"@type":"SearchAction","target":{"@type":"EntryPoint","urlTemplate":"https:\/\/newsestlyonnais.fr\/site\/?s={search_term_string}"},"query-input":{"@type":"PropertyValueSpecification","valueRequired":true,"valueName":"search_term_string"}}],"inLanguage":"fr-FR"},{"@type":"Organization","@id":"https:\/\/newsestlyonnais.fr\/site\/#organization","name":"News EST LYONNAIS","url":"https:\/\/newsestlyonnais.fr\/site\/","logo":{"@type":"ImageObject","inLanguage":"fr-FR","@id":"https:\/\/newsestlyonnais.fr\/site\/#\/schema\/logo\/image\/","url":"","contentUrl":"","caption":"News EST LYONNAIS"},"image":{"@id":"https:\/\/newsestlyonnais.fr\/site\/#\/schema\/logo\/image\/"}},{"@type":"Person","@id":"https:\/\/newsestlyonnais.fr\/site\/#\/schema\/person\/3230d5615f390bb808365d673001e887","name":"R\u00e9dac. NEWS","sameAs":["http:\/\/www.newsestlyonnais.fr","https:\/\/www.facebook.com\/pascal.oberson.1?fref=ts","https:\/\/fr.linkedin.com\/in\/pascal-oberson-b17045113"],"url":"https:\/\/newsestlyonnais.fr\/site\/author\/nel\/"}]}},"_links":{"self":[{"href":"https:\/\/newsestlyonnais.fr\/site\/wp-json\/wp\/v2\/posts\/31840","targetHints":{"allow":["GET"]}}],"collection":[{"href":"https:\/\/newsestlyonnais.fr\/site\/wp-json\/wp\/v2\/posts"}],"about":[{"href":"https:\/\/newsestlyonnais.fr\/site\/wp-json\/wp\/v2\/types\/post"}],"author":[{"embeddable":true,"href":"https:\/\/newsestlyonnais.fr\/site\/wp-json\/wp\/v2\/users\/4"}],"replies":[{"embeddable":true,"href":"https:\/\/newsestlyonnais.fr\/site\/wp-json\/wp\/v2\/comments?post=31840"}],"version-history":[{"count":0,"href":"https:\/\/newsestlyonnais.fr\/site\/wp-json\/wp\/v2\/posts\/31840\/revisions"}],"wp:featuredmedia":[{"embeddable":true,"href":"https:\/\/newsestlyonnais.fr\/site\/wp-json\/wp\/v2\/media\/31842"}],"wp:attachment":[{"href":"https:\/\/newsestlyonnais.fr\/site\/wp-json\/wp\/v2\/media?parent=31840"}],"wp:term":[{"taxonomy":"category","embeddable":true,"href":"https:\/\/newsestlyonnais.fr\/site\/wp-json\/wp\/v2\/categories?post=31840"},{"taxonomy":"post_tag","embeddable":true,"href":"https:\/\/newsestlyonnais.fr\/site\/wp-json\/wp\/v2\/tags?post=31840"}],"curies":[{"name":"wp","href":"https:\/\/api.w.org\/{rel}","templated":true}]}}