{"id":31851,"date":"2017-07-10T14:06:49","date_gmt":"2017-07-10T13:06:49","guid":{"rendered":"http:\/\/newsestlyonnais.fr\/site\/?p=31851"},"modified":"2020-11-01T19:21:17","modified_gmt":"2020-11-01T18:21:17","slug":"bron-retour-en-images-sur-le-meeting-dathletisme","status":"publish","type":"post","link":"https:\/\/newsestlyonnais.fr\/site\/2017\/07\/10\/bron-retour-en-images-sur-le-meeting-dathletisme\/","title":{"rendered":"BRON | Retour en images sur le Meeting Interr\u00e9gional d&rsquo;athl\u00e9tisme"},"content":{"rendered":"<h4>Organis\u00e9 le mercredi 6 juillet dernier au stade Pierre Duboeuf par l&rsquo; Asul Bron Athl\u00e9tisme (section locale de l&rsquo;Entente Sud Lyonnais) ce meeting interr\u00e9gional a r\u00e9uni un beau plateau.<\/h4>\n<p>Malgr\u00e9 le fort vent r\u00e9gnant sur la piste, les performances r\u00e9alis\u00e9es ont \u00e9t\u00e9 de bon niveau r\u00e9gional, voire national tant en saut (longueur, triple saut, hauteur &amp; perche), qu&rsquo;en sprint (100 m, 200 &amp; 400 m) et en demi-fond.<\/p>\n<ul>\n<li>Tous les r\u00e9sultats du meeting sur : <a href=\"http:\/\/bases.athle.com\/asp.net\/liste.aspx?frmbase=resultats&amp;frmmode=1&amp;frmespace=1132&amp;frmcompetition=202847\" target=\"_blank\" rel=\"noopener noreferrer\">http:\/\/bases.athle.com\/asp.net\/liste.aspx?frmbase=resultats&amp;frmmode=1&amp;frmespace=1132&amp;frmcompetition=202847<\/a><\/li>\n<\/ul>\n<div id='gallery-1' class='gallery galleryid-31851 gallery-columns-3 gallery-size-thumbnail'><figure class='gallery-item'>\n\t\t\t<div class='gallery-icon landscape'>\n\t\t\t\t<a href='https:\/\/newsestlyonnais.fr\/site\/2017\/07\/10\/bron-retour-en-images-sur-le-meeting-dathletisme\/newsestlyonnais-6-meeting-perche\/'><img loading=\"lazy\" decoding=\"async\" width=\"150\" height=\"150\" src=\"https:\/\/newsestlyonnais.fr\/site\/wp-content\/uploads\/2017\/07\/NEWSESTLYONNAIS-6-meeting-perche-150x150.jpg\" class=\"attachment-thumbnail size-thumbnail\" alt=\"NEWSESTLYONNAIS - meeting perche\" aria-describedby=\"gallery-1-31871\" \/><\/a>\n\t\t\t<\/div>\n\t\t\t\t<figcaption class='wp-caption-text gallery-caption' id='gallery-1-31871'>\n\t\t\t\tLe speaker Loic G\u00e9raud pr\u00e9sentant le plateau f\u00e9minin du concours de la perche\n\t\t\t\t<\/figcaption><\/figure><figure class='gallery-item'>\n\t\t\t<div class='gallery-icon landscape'>\n\t\t\t\t<a href='https:\/\/newsestlyonnais.fr\/site\/2017\/07\/10\/bron-retour-en-images-sur-le-meeting-dathletisme\/newsestlyonnais-saut-longueur\/'><img loading=\"lazy\" decoding=\"async\" width=\"150\" height=\"150\" src=\"https:\/\/newsestlyonnais.fr\/site\/wp-content\/uploads\/2017\/07\/NEWSESTLYONNAIS-SAUT-LONGUEUR-150x150.jpg\" class=\"attachment-thumbnail size-thumbnail\" alt=\"NEWSESTLYONNAIS - SAUT LONGUEUR\" aria-describedby=\"gallery-1-31878\" \/><\/a>\n\t\t\t<\/div>\n\t\t\t\t<figcaption class='wp-caption-text gallery-caption' id='gallery-1-31878'>\n\t\t\t\tPr\u00e9sentation du plateau de la longueur !\n\t\t\t\t<\/figcaption><\/figure><figure class='gallery-item'>\n\t\t\t<div class='gallery-icon landscape'>\n\t\t\t\t<a href='https:\/\/newsestlyonnais.fr\/site\/2017\/07\/10\/bron-retour-en-images-sur-le-meeting-dathletisme\/newsestlyonnais-meeting-athle-bron-2\/'><img loading=\"lazy\" decoding=\"async\" width=\"150\" height=\"150\" src=\"https:\/\/newsestlyonnais.fr\/site\/wp-content\/uploads\/2017\/07\/NEWSESTLYONNAIS-MEETING-ATHLE-BRON-1-150x150.jpg\" class=\"attachment-thumbnail size-thumbnail\" alt=\"NEWSESTLYONNAIS - MEETING ATHLE BRON\" \/><\/a>\n\t\t\t<\/div><\/figure><figure class='gallery-item'>\n\t\t\t<div class='gallery-icon landscape'>\n\t\t\t\t<a href='https:\/\/newsestlyonnais.fr\/site\/2017\/07\/10\/bron-retour-en-images-sur-le-meeting-dathletisme\/newsestlyonnais-meeting-e-biron\/'><img loading=\"lazy\" decoding=\"async\" width=\"150\" height=\"150\" src=\"https:\/\/newsestlyonnais.fr\/site\/wp-content\/uploads\/2017\/07\/NEWSESTLYONNAIS-MEETING-E.-BIRON-150x150.jpg\" class=\"attachment-thumbnail size-thumbnail\" alt=\"NEWSESTLYONNAIS - MEETING E. BIRON\" aria-describedby=\"gallery-1-31872\" \/><\/a>\n\t\t\t<\/div>\n\t\t\t\t<figcaption class='wp-caption-text gallery-caption' id='gallery-1-31872'>\n\t\t\t\tEmmanuel Biron (ESL Pierre B\u00e9nite, \u00e0 gauche) s&rsquo;est impos\u00e9 sur le 100 m\u00e8tres\n\t\t\t\t<\/figcaption><\/figure><figure class='gallery-item'>\n\t\t\t<div class='gallery-icon portrait'>\n\t\t\t\t<a href='https:\/\/newsestlyonnais.fr\/site\/2017\/07\/10\/bron-retour-en-images-sur-le-meeting-dathletisme\/affiche-meeting-bron-2017-v2-2\/'><img loading=\"lazy\" decoding=\"async\" width=\"149\" height=\"150\" src=\"https:\/\/newsestlyonnais.fr\/site\/wp-content\/uploads\/2017\/07\/Affiche-meeting-Bron-2017-v2-1-149x150.jpg\" class=\"attachment-thumbnail size-thumbnail\" alt=\"NEWSESTLYONNAIS - MEETING AFFICHE\" aria-describedby=\"gallery-1-31879\" \/><\/a>\n\t\t\t<\/div>\n\t\t\t\t<figcaption class='wp-caption-text gallery-caption' id='gallery-1-31879'>\n\t\t\t\t      L&rsquo;affiche du meeting ! \n\t\t\t\t<\/figcaption><\/figure>\n\t\t<\/div>\n\n","protected":false},"excerpt":{"rendered":"<p>Organis\u00e9 le mercredi 6 juillet dernier au stade Pierre Duboeuf par l&rsquo; Asul Bron Athl\u00e9tisme (section locale de l&rsquo;Entente Sud Lyonnais) ce meeting interr\u00e9gional a r\u00e9uni un beau plateau. Malgr\u00e9 le fort vent r\u00e9gnant sur la piste, les performances r\u00e9alis\u00e9es ont \u00e9t\u00e9 de bon niveau r\u00e9gional, voire national tant en saut (longueur, triple saut, hauteur [&hellip;]<\/p>\n","protected":false},"author":4,"featured_media":31853,"comment_status":"open","ping_status":"open","sticky":false,"template":"","format":"standard","meta":{"footnotes":""},"categories":[2968,19],"tags":[],"class_list":["post-31851","post","type-post","status-publish","format-standard","has-post-thumbnail","hentry","category-athle-course-pied-marche","category-bron"],"yoast_head":"<!-- This site is optimized with the Yoast SEO plugin v27.2 - https:\/\/yoast.com\/product\/yoast-seo-wordpress\/ -->\n<title>BRON : Retour en images sur le Meeting d&#039;athl\u00e9tisme<\/title>\n<meta name=\"description\" content=\"BRON : Retour en images sur le Meeting d&#039;athl\u00e9tisme\" \/>\n<meta name=\"robots\" content=\"index, follow, max-snippet:-1, max-image-preview:large, max-video-preview:-1\" \/>\n<link rel=\"canonical\" href=\"https:\/\/newsestlyonnais.fr\/site\/2017\/07\/10\/bron-retour-en-images-sur-le-meeting-dathletisme\/\" \/>\n<meta property=\"og:locale\" content=\"fr_FR\" \/>\n<meta property=\"og:type\" content=\"article\" \/>\n<meta property=\"og:title\" content=\"BRON : Retour en images sur le Meeting d&#039;athl\u00e9tisme\" \/>\n<meta property=\"og:description\" content=\"BRON : Retour en images sur le Meeting d&#039;athl\u00e9tisme\" \/>\n<meta property=\"og:url\" content=\"https:\/\/newsestlyonnais.fr\/site\/2017\/07\/10\/bron-retour-en-images-sur-le-meeting-dathletisme\/\" \/>\n<meta property=\"og:site_name\" content=\"News Est Lyonnais\" \/>\n<meta property=\"article:author\" content=\"https:\/\/www.facebook.com\/pascal.oberson.1?fref=ts\" \/>\n<meta property=\"article:published_time\" content=\"2017-07-10T13:06:49+00:00\" \/>\n<meta property=\"article:modified_time\" content=\"2020-11-01T18:21:17+00:00\" \/>\n<meta property=\"og:image\" content=\"https:\/\/i2.wp.com\/newsestlyonnais.fr\/site\/wp-content\/uploads\/2017\/07\/NEWSESTLYONNAIS-meeting-bron-01.jpg?fit=1000%2C750&ssl=1\" \/>\n\t<meta property=\"og:image:width\" content=\"1000\" \/>\n\t<meta property=\"og:image:height\" content=\"750\" \/>\n\t<meta property=\"og:image:type\" content=\"image\/jpeg\" \/>\n<meta name=\"author\" content=\"R\u00e9dac. NEWS\" \/>\n<meta name=\"twitter:card\" content=\"summary_large_image\" \/>\n<meta name=\"twitter:label1\" content=\"\u00c9crit par\" \/>\n\t<meta name=\"twitter:data1\" content=\"R\u00e9dac. NEWS\" \/>\n<script type=\"application\/ld+json\" class=\"yoast-schema-graph\">{\"@context\":\"https:\/\/schema.org\",\"@graph\":[{\"@type\":\"Article\",\"@id\":\"https:\/\/newsestlyonnais.fr\/site\/2017\/07\/10\/bron-retour-en-images-sur-le-meeting-dathletisme\/#article\",\"isPartOf\":{\"@id\":\"https:\/\/newsestlyonnais.fr\/site\/2017\/07\/10\/bron-retour-en-images-sur-le-meeting-dathletisme\/\"},\"author\":{\"name\":\"R\u00e9dac. NEWS\",\"@id\":\"https:\/\/newsestlyonnais.fr\/site\/#\/schema\/person\/3230d5615f390bb808365d673001e887\"},\"headline\":\"BRON | Retour en images sur le Meeting Interr\u00e9gional d&rsquo;athl\u00e9tisme\",\"datePublished\":\"2017-07-10T13:06:49+00:00\",\"dateModified\":\"2020-11-01T18:21:17+00:00\",\"mainEntityOfPage\":{\"@id\":\"https:\/\/newsestlyonnais.fr\/site\/2017\/07\/10\/bron-retour-en-images-sur-le-meeting-dathletisme\/\"},\"wordCount\":112,\"commentCount\":0,\"publisher\":{\"@id\":\"https:\/\/newsestlyonnais.fr\/site\/#organization\"},\"image\":{\"@id\":\"https:\/\/newsestlyonnais.fr\/site\/2017\/07\/10\/bron-retour-en-images-sur-le-meeting-dathletisme\/#primaryimage\"},\"thumbnailUrl\":\"https:\/\/newsestlyonnais.fr\/site\/wp-content\/uploads\/2017\/07\/NEWSESTLYONNAIS-meeting-bron-01.jpg\",\"articleSection\":[\"Athl\u00e9 | Course pied | Marche\",\"Bron\"],\"inLanguage\":\"fr-FR\",\"potentialAction\":[{\"@type\":\"CommentAction\",\"name\":\"Comment\",\"target\":[\"https:\/\/newsestlyonnais.fr\/site\/2017\/07\/10\/bron-retour-en-images-sur-le-meeting-dathletisme\/#respond\"]}]},{\"@type\":\"WebPage\",\"@id\":\"https:\/\/newsestlyonnais.fr\/site\/2017\/07\/10\/bron-retour-en-images-sur-le-meeting-dathletisme\/\",\"url\":\"https:\/\/newsestlyonnais.fr\/site\/2017\/07\/10\/bron-retour-en-images-sur-le-meeting-dathletisme\/\",\"name\":\"BRON : Retour en images sur le Meeting d'athl\u00e9tisme\",\"isPartOf\":{\"@id\":\"https:\/\/newsestlyonnais.fr\/site\/#website\"},\"primaryImageOfPage\":{\"@id\":\"https:\/\/newsestlyonnais.fr\/site\/2017\/07\/10\/bron-retour-en-images-sur-le-meeting-dathletisme\/#primaryimage\"},\"image\":{\"@id\":\"https:\/\/newsestlyonnais.fr\/site\/2017\/07\/10\/bron-retour-en-images-sur-le-meeting-dathletisme\/#primaryimage\"},\"thumbnailUrl\":\"https:\/\/newsestlyonnais.fr\/site\/wp-content\/uploads\/2017\/07\/NEWSESTLYONNAIS-meeting-bron-01.jpg\",\"datePublished\":\"2017-07-10T13:06:49+00:00\",\"dateModified\":\"2020-11-01T18:21:17+00:00\",\"description\":\"BRON : Retour en images sur le Meeting d'athl\u00e9tisme\",\"breadcrumb\":{\"@id\":\"https:\/\/newsestlyonnais.fr\/site\/2017\/07\/10\/bron-retour-en-images-sur-le-meeting-dathletisme\/#breadcrumb\"},\"inLanguage\":\"fr-FR\",\"potentialAction\":[{\"@type\":\"ReadAction\",\"target\":[\"https:\/\/newsestlyonnais.fr\/site\/2017\/07\/10\/bron-retour-en-images-sur-le-meeting-dathletisme\/\"]}]},{\"@type\":\"ImageObject\",\"inLanguage\":\"fr-FR\",\"@id\":\"https:\/\/newsestlyonnais.fr\/site\/2017\/07\/10\/bron-retour-en-images-sur-le-meeting-dathletisme\/#primaryimage\",\"url\":\"https:\/\/newsestlyonnais.fr\/site\/wp-content\/uploads\/2017\/07\/NEWSESTLYONNAIS-meeting-bron-01.jpg\",\"contentUrl\":\"https:\/\/newsestlyonnais.fr\/site\/wp-content\/uploads\/2017\/07\/NEWSESTLYONNAIS-meeting-bron-01.jpg\",\"width\":1000,\"height\":750},{\"@type\":\"BreadcrumbList\",\"@id\":\"https:\/\/newsestlyonnais.fr\/site\/2017\/07\/10\/bron-retour-en-images-sur-le-meeting-dathletisme\/#breadcrumb\",\"itemListElement\":[{\"@type\":\"ListItem\",\"position\":1,\"name\":\"Accueil\",\"item\":\"https:\/\/newsestlyonnais.fr\/site\/\"},{\"@type\":\"ListItem\",\"position\":2,\"name\":\"BRON | Retour en images sur le Meeting Interr\u00e9gional d&rsquo;athl\u00e9tisme\"}]},{\"@type\":\"WebSite\",\"@id\":\"https:\/\/newsestlyonnais.fr\/site\/#website\",\"url\":\"https:\/\/newsestlyonnais.fr\/site\/\",\"name\":\"News Est Lyonnais\",\"description\":\"L&#039;actualit\u00e9 au plus pr\u00e8s\",\"publisher\":{\"@id\":\"https:\/\/newsestlyonnais.fr\/site\/#organization\"},\"potentialAction\":[{\"@type\":\"SearchAction\",\"target\":{\"@type\":\"EntryPoint\",\"urlTemplate\":\"https:\/\/newsestlyonnais.fr\/site\/?s={search_term_string}\"},\"query-input\":{\"@type\":\"PropertyValueSpecification\",\"valueRequired\":true,\"valueName\":\"search_term_string\"}}],\"inLanguage\":\"fr-FR\"},{\"@type\":\"Organization\",\"@id\":\"https:\/\/newsestlyonnais.fr\/site\/#organization\",\"name\":\"News EST LYONNAIS\",\"url\":\"https:\/\/newsestlyonnais.fr\/site\/\",\"logo\":{\"@type\":\"ImageObject\",\"inLanguage\":\"fr-FR\",\"@id\":\"https:\/\/newsestlyonnais.fr\/site\/#\/schema\/logo\/image\/\",\"url\":\"\",\"contentUrl\":\"\",\"caption\":\"News EST LYONNAIS\"},\"image\":{\"@id\":\"https:\/\/newsestlyonnais.fr\/site\/#\/schema\/logo\/image\/\"}},{\"@type\":\"Person\",\"@id\":\"https:\/\/newsestlyonnais.fr\/site\/#\/schema\/person\/3230d5615f390bb808365d673001e887\",\"name\":\"R\u00e9dac. NEWS\",\"sameAs\":[\"http:\/\/www.newsestlyonnais.fr\",\"https:\/\/www.facebook.com\/pascal.oberson.1?fref=ts\",\"https:\/\/fr.linkedin.com\/in\/pascal-oberson-b17045113\"],\"url\":\"https:\/\/newsestlyonnais.fr\/site\/author\/nel\/\"}]}<\/script>\n<!-- \/ Yoast SEO plugin. -->","yoast_head_json":{"title":"BRON : Retour en images sur le Meeting d'athl\u00e9tisme","description":"BRON : Retour en images sur le Meeting d'athl\u00e9tisme","robots":{"index":"index","follow":"follow","max-snippet":"max-snippet:-1","max-image-preview":"max-image-preview:large","max-video-preview":"max-video-preview:-1"},"canonical":"https:\/\/newsestlyonnais.fr\/site\/2017\/07\/10\/bron-retour-en-images-sur-le-meeting-dathletisme\/","og_locale":"fr_FR","og_type":"article","og_title":"BRON : Retour en images sur le Meeting d'athl\u00e9tisme","og_description":"BRON : Retour en images sur le Meeting d'athl\u00e9tisme","og_url":"https:\/\/newsestlyonnais.fr\/site\/2017\/07\/10\/bron-retour-en-images-sur-le-meeting-dathletisme\/","og_site_name":"News Est Lyonnais","article_author":"https:\/\/www.facebook.com\/pascal.oberson.1?fref=ts","article_published_time":"2017-07-10T13:06:49+00:00","article_modified_time":"2020-11-01T18:21:17+00:00","og_image":[{"width":1000,"height":750,"url":"https:\/\/i2.wp.com\/newsestlyonnais.fr\/site\/wp-content\/uploads\/2017\/07\/NEWSESTLYONNAIS-meeting-bron-01.jpg?fit=1000%2C750&ssl=1","type":"image\/jpeg"}],"author":"R\u00e9dac. NEWS","twitter_card":"summary_large_image","twitter_misc":{"\u00c9crit par":"R\u00e9dac. NEWS"},"schema":{"@context":"https:\/\/schema.org","@graph":[{"@type":"Article","@id":"https:\/\/newsestlyonnais.fr\/site\/2017\/07\/10\/bron-retour-en-images-sur-le-meeting-dathletisme\/#article","isPartOf":{"@id":"https:\/\/newsestlyonnais.fr\/site\/2017\/07\/10\/bron-retour-en-images-sur-le-meeting-dathletisme\/"},"author":{"name":"R\u00e9dac. NEWS","@id":"https:\/\/newsestlyonnais.fr\/site\/#\/schema\/person\/3230d5615f390bb808365d673001e887"},"headline":"BRON | Retour en images sur le Meeting Interr\u00e9gional d&rsquo;athl\u00e9tisme","datePublished":"2017-07-10T13:06:49+00:00","dateModified":"2020-11-01T18:21:17+00:00","mainEntityOfPage":{"@id":"https:\/\/newsestlyonnais.fr\/site\/2017\/07\/10\/bron-retour-en-images-sur-le-meeting-dathletisme\/"},"wordCount":112,"commentCount":0,"publisher":{"@id":"https:\/\/newsestlyonnais.fr\/site\/#organization"},"image":{"@id":"https:\/\/newsestlyonnais.fr\/site\/2017\/07\/10\/bron-retour-en-images-sur-le-meeting-dathletisme\/#primaryimage"},"thumbnailUrl":"https:\/\/newsestlyonnais.fr\/site\/wp-content\/uploads\/2017\/07\/NEWSESTLYONNAIS-meeting-bron-01.jpg","articleSection":["Athl\u00e9 | Course pied | Marche","Bron"],"inLanguage":"fr-FR","potentialAction":[{"@type":"CommentAction","name":"Comment","target":["https:\/\/newsestlyonnais.fr\/site\/2017\/07\/10\/bron-retour-en-images-sur-le-meeting-dathletisme\/#respond"]}]},{"@type":"WebPage","@id":"https:\/\/newsestlyonnais.fr\/site\/2017\/07\/10\/bron-retour-en-images-sur-le-meeting-dathletisme\/","url":"https:\/\/newsestlyonnais.fr\/site\/2017\/07\/10\/bron-retour-en-images-sur-le-meeting-dathletisme\/","name":"BRON : Retour en images sur le Meeting d'athl\u00e9tisme","isPartOf":{"@id":"https:\/\/newsestlyonnais.fr\/site\/#website"},"primaryImageOfPage":{"@id":"https:\/\/newsestlyonnais.fr\/site\/2017\/07\/10\/bron-retour-en-images-sur-le-meeting-dathletisme\/#primaryimage"},"image":{"@id":"https:\/\/newsestlyonnais.fr\/site\/2017\/07\/10\/bron-retour-en-images-sur-le-meeting-dathletisme\/#primaryimage"},"thumbnailUrl":"https:\/\/newsestlyonnais.fr\/site\/wp-content\/uploads\/2017\/07\/NEWSESTLYONNAIS-meeting-bron-01.jpg","datePublished":"2017-07-10T13:06:49+00:00","dateModified":"2020-11-01T18:21:17+00:00","description":"BRON : Retour en images sur le Meeting d'athl\u00e9tisme","breadcrumb":{"@id":"https:\/\/newsestlyonnais.fr\/site\/2017\/07\/10\/bron-retour-en-images-sur-le-meeting-dathletisme\/#breadcrumb"},"inLanguage":"fr-FR","potentialAction":[{"@type":"ReadAction","target":["https:\/\/newsestlyonnais.fr\/site\/2017\/07\/10\/bron-retour-en-images-sur-le-meeting-dathletisme\/"]}]},{"@type":"ImageObject","inLanguage":"fr-FR","@id":"https:\/\/newsestlyonnais.fr\/site\/2017\/07\/10\/bron-retour-en-images-sur-le-meeting-dathletisme\/#primaryimage","url":"https:\/\/newsestlyonnais.fr\/site\/wp-content\/uploads\/2017\/07\/NEWSESTLYONNAIS-meeting-bron-01.jpg","contentUrl":"https:\/\/newsestlyonnais.fr\/site\/wp-content\/uploads\/2017\/07\/NEWSESTLYONNAIS-meeting-bron-01.jpg","width":1000,"height":750},{"@type":"BreadcrumbList","@id":"https:\/\/newsestlyonnais.fr\/site\/2017\/07\/10\/bron-retour-en-images-sur-le-meeting-dathletisme\/#breadcrumb","itemListElement":[{"@type":"ListItem","position":1,"name":"Accueil","item":"https:\/\/newsestlyonnais.fr\/site\/"},{"@type":"ListItem","position":2,"name":"BRON | Retour en images sur le Meeting Interr\u00e9gional d&rsquo;athl\u00e9tisme"}]},{"@type":"WebSite","@id":"https:\/\/newsestlyonnais.fr\/site\/#website","url":"https:\/\/newsestlyonnais.fr\/site\/","name":"News Est Lyonnais","description":"L&#039;actualit\u00e9 au plus pr\u00e8s","publisher":{"@id":"https:\/\/newsestlyonnais.fr\/site\/#organization"},"potentialAction":[{"@type":"SearchAction","target":{"@type":"EntryPoint","urlTemplate":"https:\/\/newsestlyonnais.fr\/site\/?s={search_term_string}"},"query-input":{"@type":"PropertyValueSpecification","valueRequired":true,"valueName":"search_term_string"}}],"inLanguage":"fr-FR"},{"@type":"Organization","@id":"https:\/\/newsestlyonnais.fr\/site\/#organization","name":"News EST LYONNAIS","url":"https:\/\/newsestlyonnais.fr\/site\/","logo":{"@type":"ImageObject","inLanguage":"fr-FR","@id":"https:\/\/newsestlyonnais.fr\/site\/#\/schema\/logo\/image\/","url":"","contentUrl":"","caption":"News EST LYONNAIS"},"image":{"@id":"https:\/\/newsestlyonnais.fr\/site\/#\/schema\/logo\/image\/"}},{"@type":"Person","@id":"https:\/\/newsestlyonnais.fr\/site\/#\/schema\/person\/3230d5615f390bb808365d673001e887","name":"R\u00e9dac. NEWS","sameAs":["http:\/\/www.newsestlyonnais.fr","https:\/\/www.facebook.com\/pascal.oberson.1?fref=ts","https:\/\/fr.linkedin.com\/in\/pascal-oberson-b17045113"],"url":"https:\/\/newsestlyonnais.fr\/site\/author\/nel\/"}]}},"_links":{"self":[{"href":"https:\/\/newsestlyonnais.fr\/site\/wp-json\/wp\/v2\/posts\/31851","targetHints":{"allow":["GET"]}}],"collection":[{"href":"https:\/\/newsestlyonnais.fr\/site\/wp-json\/wp\/v2\/posts"}],"about":[{"href":"https:\/\/newsestlyonnais.fr\/site\/wp-json\/wp\/v2\/types\/post"}],"author":[{"embeddable":true,"href":"https:\/\/newsestlyonnais.fr\/site\/wp-json\/wp\/v2\/users\/4"}],"replies":[{"embeddable":true,"href":"https:\/\/newsestlyonnais.fr\/site\/wp-json\/wp\/v2\/comments?post=31851"}],"version-history":[{"count":0,"href":"https:\/\/newsestlyonnais.fr\/site\/wp-json\/wp\/v2\/posts\/31851\/revisions"}],"wp:featuredmedia":[{"embeddable":true,"href":"https:\/\/newsestlyonnais.fr\/site\/wp-json\/wp\/v2\/media\/31853"}],"wp:attachment":[{"href":"https:\/\/newsestlyonnais.fr\/site\/wp-json\/wp\/v2\/media?parent=31851"}],"wp:term":[{"taxonomy":"category","embeddable":true,"href":"https:\/\/newsestlyonnais.fr\/site\/wp-json\/wp\/v2\/categories?post=31851"},{"taxonomy":"post_tag","embeddable":true,"href":"https:\/\/newsestlyonnais.fr\/site\/wp-json\/wp\/v2\/tags?post=31851"}],"curies":[{"name":"wp","href":"https:\/\/api.w.org\/{rel}","templated":true}]}}