{"id":31928,"date":"2017-07-11T13:28:55","date_gmt":"2017-07-11T12:28:55","guid":{"rendered":"http:\/\/newsestlyonnais.fr\/site\/?p=31928"},"modified":"2020-11-17T11:10:16","modified_gmt":"2020-11-17T10:10:16","slug":"lyon-3-sejour-balneaire-et-assemblee-generale-pour-la-maison-des-italiens","status":"publish","type":"post","link":"https:\/\/newsestlyonnais.fr\/site\/2017\/07\/11\/lyon-3-sejour-balneaire-et-assemblee-generale-pour-la-maison-des-italiens\/","title":{"rendered":"LYON 3 | S\u00e9jour baln\u00e9aire et assembl\u00e9e g\u00e9n\u00e9rale pour la Maison des Italiens"},"content":{"rendered":"<h4>Double actualit\u00e9 en cette fin de saison, pour la Maison des Italiens, association bas\u00e9e \u00e0 Lyon 3\u00b0 et pr\u00e9sid\u00e9e par\u00a0 Gianfranco Pretto.<\/h4>\n<ul>\n<li>Tout d&rsquo;abord, l &lsquo;Assembl\u00e9e G\u00e9n\u00e9rale annuelle, qui s&rsquo;est tenue le samedi 17 juin 2017, o\u00f9 tous les responsables d\u2019associations \u00e9taient pr\u00e9sents ainsi que les nombreux b\u00e9n\u00e9voles qui \u0153uvrent tous les jours pour l\u2019association et son<br \/>\npatrimoine. L\u2019exercice 2016 \u00e9tant termin\u00e9 les administrateurs se devaient comme chaque ann\u00e9e de faire le point sur les comptes, les travaux, les relations avec les associations et le monde associatif ainsi que les objectifs pour 2017 d\u00e9j\u00e0 bien entam\u00e9s.<br \/>\nLe <strong>Pr\u00e9sident Gianfranco Pretto<\/strong> a fait un retour sur l\u2019ann\u00e9e et pr\u00e9sent\u00e9 le rapport moral de l\u2019association en<br \/>\nremerciant tout d\u2019abord l\u2019ensemble des participants de l\u2019extraordinaire mouvement de solidarit\u00e9 d\u00e9velopp\u00e9<br \/>\nautour de cette maison\/monument. Sans eux rien ne se ferait et aucun projet ne viendrait \u00e0 bout. On ne le<br \/>\nr\u00e9p\u00e9tera jamais assez : \u00ab\u00a0cette maison existera dans le futur gr\u00e2ce \u00e0 quelques dizaines de courageux, accrocs , fiers du pass\u00e9 et confiants dans l\u2019avenir. Puis le <strong>Secr\u00e9taire G\u00e9n\u00e9ral Danilo Vezzio<\/strong>, a pr\u00e9sent\u00e9 en d\u00e9tail: la r\u00e9novation de la \u00abMaison\u00bb, la gestion administrative g\u00e9n\u00e9rale, la relance de l\u2019activit\u00e9 culturelle et sociale, la communication, ainsi que les objectifs 2017-2018. Tout cela avec le souci d\u2019une gestion financi\u00e8re sans faille que <strong>le Tr\u00e9sorier Bernard Zilli<\/strong> a confirm\u00e9 \u00eatre saine, transparente et conforme.<br \/>\nL\u2019assembl\u00e9e a donn\u00e9 quitus et valid\u00e9 les objectifs pour conforter et augmenter les locations, assurer une<br \/>\nautonomie financi\u00e8re, maintenir le s\u00e9jour baln\u00e9aire pour nos anciens, entreprendre les travaux de ravalement de la fa\u00e7ade, le remplacement de la sonorisation, la remise en \u00e9tat de la cave. Ce n\u2019est pas le travail qui manque,<br \/>\nni la volont\u00e9 et donc tout cela va prendre forme dans la bonne humeur.<\/li>\n<li>Le s\u00e9jour baln\u00e9aire 2017 qui a eu lieu du 28 mai au 11 juin 2017 \u00e0 IGEA MARINA (Rimini) qui a rassembl\u00e9 46 personnes. Le soleil, la mer, le sable &#8230;..tout le monde connait !! Seul ou accompagn\u00e9 la Maison des Italiens de\n<div>Lyon concocte chaque ann\u00e9e un super s\u00e9jour avec pension compl\u00e8te \u00e0 l&rsquo; h\u00f4tel\u00a0\u00bbCEVOLI\u00a0\u00bb. Face \u00e0 la plage de sable fin &#8230;..tranquillit\u00e9 et s\u00e9r\u00e9nit\u00e9 assur\u00e9es !<\/div>\n<\/li>\n<\/ul>\n<div id='gallery-1' class='gallery galleryid-31928 gallery-columns-3 gallery-size-thumbnail'><figure class='gallery-item'>\n\t\t\t<div class='gallery-icon landscape'>\n\t\t\t\t<a href='https:\/\/newsestlyonnais.fr\/site\/2017\/07\/11\/lyon-3-sejour-balneaire-et-assemblee-generale-pour-la-maison-des-italiens\/newsestlyonnais-logo-maison-italiens\/'><img loading=\"lazy\" decoding=\"async\" width=\"150\" height=\"150\" src=\"https:\/\/newsestlyonnais.fr\/site\/wp-content\/uploads\/2017\/07\/NEWSESTLYONNAIS-LOGO-MAISON-ITALIENS-150x150.jpg\" class=\"attachment-thumbnail size-thumbnail\" alt=\"NEWSESTLYONNAIS LOGO MAISON ITALIENS\" \/><\/a>\n\t\t\t<\/div><\/figure><figure class='gallery-item'>\n\t\t\t<div class='gallery-icon landscape'>\n\t\t\t\t<a href='https:\/\/newsestlyonnais.fr\/site\/2017\/07\/11\/lyon-3-sejour-balneaire-et-assemblee-generale-pour-la-maison-des-italiens\/newsestlyonnais-rimini\/'><img loading=\"lazy\" decoding=\"async\" width=\"150\" height=\"150\" src=\"https:\/\/newsestlyonnais.fr\/site\/wp-content\/uploads\/2017\/07\/NEWSESTLYONNAIS-RIMINI-150x150.jpg\" class=\"attachment-thumbnail size-thumbnail\" alt=\"NEWSESTLYONNAIS - RIMINI\" \/><\/a>\n\t\t\t<\/div><\/figure><figure class='gallery-item'>\n\t\t\t<div class='gallery-icon landscape'>\n\t\t\t\t<a href='https:\/\/newsestlyonnais.fr\/site\/2017\/07\/11\/lyon-3-sejour-balneaire-et-assemblee-generale-pour-la-maison-des-italiens\/newsestlyonnais-maison-italiens-sejour\/'><img loading=\"lazy\" decoding=\"async\" width=\"150\" height=\"150\" src=\"https:\/\/newsestlyonnais.fr\/site\/wp-content\/uploads\/2017\/07\/NEWSESTLYONNAIS-MAISON-ITALIENS-SEJOUR-150x150.jpg\" class=\"attachment-thumbnail size-thumbnail\" alt=\"NEWSESTLYONNAIS MAISON ITALIENS SEJOUR\" \/><\/a>\n\t\t\t<\/div><\/figure>\n\t\t<\/div>\n\n<p><strong>MAISON DES ITALIENS DE LYON<\/strong> : 82 Rue du Dauphin\u00e9\u00a0 \u00e0 LYON 3\u00b0. T\u00e9l. 04 78 54 35 06<\/p>\n<ul>\n<li>\n<h4>Retrouvez l&rsquo;ACTU de l&rsquo;association sur: <a href=\"http:\/\/maisondesitaliens.fr\" target=\"_blank\" rel=\"noopener noreferrer\">http:\/\/maisondesitaliens.fr<\/a><\/h4>\n<\/li>\n<\/ul>\n","protected":false},"excerpt":{"rendered":"<p>Double actualit\u00e9 en cette fin de saison, pour la Maison des Italiens, association bas\u00e9e \u00e0 Lyon 3\u00b0 et pr\u00e9sid\u00e9e par\u00a0 Gianfranco Pretto. Tout d&rsquo;abord, l &lsquo;Assembl\u00e9e G\u00e9n\u00e9rale annuelle, qui s&rsquo;est tenue le samedi 17 juin 2017, o\u00f9 tous les responsables d\u2019associations \u00e9taient pr\u00e9sents ainsi que les nombreux b\u00e9n\u00e9voles qui \u0153uvrent tous les jours pour l\u2019association [&hellip;]<\/p>\n","protected":false},"author":4,"featured_media":31942,"comment_status":"open","ping_status":"open","sticky":false,"template":"","format":"standard","meta":{"footnotes":""},"categories":[1625,1219],"tags":[],"class_list":["post-31928","post","type-post","status-publish","format-standard","has-post-thumbnail","hentry","category-lyon","category-religion-seniors-souvenir"],"yoast_head":"<!-- This site is optimized with the Yoast SEO plugin v27.2 - https:\/\/yoast.com\/product\/yoast-seo-wordpress\/ -->\n<title>LYON 3\u00b0 : S\u00e9jour baln\u00e9aire et assembl\u00e9e g\u00e9n\u00e9rale pour la Maison des Italiens<\/title>\n<meta name=\"description\" content=\"LYON 3\u00b0 : S\u00e9jour baln\u00e9aire et assembl\u00e9e g\u00e9n\u00e9rale pour la Maison des Italiens\" \/>\n<meta name=\"robots\" content=\"index, follow, max-snippet:-1, max-image-preview:large, max-video-preview:-1\" \/>\n<link rel=\"canonical\" href=\"https:\/\/newsestlyonnais.fr\/site\/2017\/07\/11\/lyon-3-sejour-balneaire-et-assemblee-generale-pour-la-maison-des-italiens\/\" \/>\n<meta property=\"og:locale\" content=\"fr_FR\" \/>\n<meta property=\"og:type\" content=\"article\" \/>\n<meta property=\"og:title\" content=\"LYON 3\u00b0 : S\u00e9jour baln\u00e9aire et assembl\u00e9e g\u00e9n\u00e9rale pour la Maison des Italiens\" \/>\n<meta property=\"og:description\" content=\"LYON 3\u00b0 : S\u00e9jour baln\u00e9aire et assembl\u00e9e g\u00e9n\u00e9rale pour la Maison des Italiens\" \/>\n<meta property=\"og:url\" content=\"https:\/\/newsestlyonnais.fr\/site\/2017\/07\/11\/lyon-3-sejour-balneaire-et-assemblee-generale-pour-la-maison-des-italiens\/\" \/>\n<meta property=\"og:site_name\" content=\"News Est Lyonnais\" \/>\n<meta property=\"article:author\" content=\"https:\/\/www.facebook.com\/pascal.oberson.1?fref=ts\" \/>\n<meta property=\"article:published_time\" content=\"2017-07-11T12:28:55+00:00\" \/>\n<meta property=\"article:modified_time\" content=\"2020-11-17T10:10:16+00:00\" \/>\n<meta property=\"og:image\" content=\"https:\/\/i2.wp.com\/newsestlyonnais.fr\/site\/wp-content\/uploads\/2017\/07\/NEWSESTLYONNAIS-ag-juin-2017.jpg?fit=1000%2C750&ssl=1\" \/>\n\t<meta property=\"og:image:width\" content=\"1000\" \/>\n\t<meta property=\"og:image:height\" content=\"750\" \/>\n\t<meta property=\"og:image:type\" content=\"image\/jpeg\" \/>\n<meta name=\"author\" content=\"R\u00e9dac. NEWS\" \/>\n<meta name=\"twitter:card\" content=\"summary_large_image\" \/>\n<meta name=\"twitter:label1\" content=\"\u00c9crit par\" \/>\n\t<meta name=\"twitter:data1\" content=\"R\u00e9dac. NEWS\" \/>\n\t<meta name=\"twitter:label2\" content=\"Dur\u00e9e de lecture estim\u00e9e\" \/>\n\t<meta name=\"twitter:data2\" content=\"2 minutes\" \/>\n<script type=\"application\/ld+json\" class=\"yoast-schema-graph\">{\"@context\":\"https:\/\/schema.org\",\"@graph\":[{\"@type\":\"Article\",\"@id\":\"https:\/\/newsestlyonnais.fr\/site\/2017\/07\/11\/lyon-3-sejour-balneaire-et-assemblee-generale-pour-la-maison-des-italiens\/#article\",\"isPartOf\":{\"@id\":\"https:\/\/newsestlyonnais.fr\/site\/2017\/07\/11\/lyon-3-sejour-balneaire-et-assemblee-generale-pour-la-maison-des-italiens\/\"},\"author\":{\"name\":\"R\u00e9dac. NEWS\",\"@id\":\"https:\/\/newsestlyonnais.fr\/site\/#\/schema\/person\/3230d5615f390bb808365d673001e887\"},\"headline\":\"LYON 3 | S\u00e9jour baln\u00e9aire et assembl\u00e9e g\u00e9n\u00e9rale pour la Maison des Italiens\",\"datePublished\":\"2017-07-11T12:28:55+00:00\",\"dateModified\":\"2020-11-17T10:10:16+00:00\",\"mainEntityOfPage\":{\"@id\":\"https:\/\/newsestlyonnais.fr\/site\/2017\/07\/11\/lyon-3-sejour-balneaire-et-assemblee-generale-pour-la-maison-des-italiens\/\"},\"wordCount\":441,\"commentCount\":0,\"publisher\":{\"@id\":\"https:\/\/newsestlyonnais.fr\/site\/#organization\"},\"image\":{\"@id\":\"https:\/\/newsestlyonnais.fr\/site\/2017\/07\/11\/lyon-3-sejour-balneaire-et-assemblee-generale-pour-la-maison-des-italiens\/#primaryimage\"},\"thumbnailUrl\":\"https:\/\/newsestlyonnais.fr\/site\/wp-content\/uploads\/2017\/07\/NEWSESTLYONNAIS-ag-juin-2017.jpg\",\"articleSection\":[\"Lyon\",\"Religion | Seniors | Souvenir\"],\"inLanguage\":\"fr-FR\",\"potentialAction\":[{\"@type\":\"CommentAction\",\"name\":\"Comment\",\"target\":[\"https:\/\/newsestlyonnais.fr\/site\/2017\/07\/11\/lyon-3-sejour-balneaire-et-assemblee-generale-pour-la-maison-des-italiens\/#respond\"]}]},{\"@type\":\"WebPage\",\"@id\":\"https:\/\/newsestlyonnais.fr\/site\/2017\/07\/11\/lyon-3-sejour-balneaire-et-assemblee-generale-pour-la-maison-des-italiens\/\",\"url\":\"https:\/\/newsestlyonnais.fr\/site\/2017\/07\/11\/lyon-3-sejour-balneaire-et-assemblee-generale-pour-la-maison-des-italiens\/\",\"name\":\"LYON 3\u00b0 : S\u00e9jour baln\u00e9aire et assembl\u00e9e g\u00e9n\u00e9rale pour la Maison des Italiens\",\"isPartOf\":{\"@id\":\"https:\/\/newsestlyonnais.fr\/site\/#website\"},\"primaryImageOfPage\":{\"@id\":\"https:\/\/newsestlyonnais.fr\/site\/2017\/07\/11\/lyon-3-sejour-balneaire-et-assemblee-generale-pour-la-maison-des-italiens\/#primaryimage\"},\"image\":{\"@id\":\"https:\/\/newsestlyonnais.fr\/site\/2017\/07\/11\/lyon-3-sejour-balneaire-et-assemblee-generale-pour-la-maison-des-italiens\/#primaryimage\"},\"thumbnailUrl\":\"https:\/\/newsestlyonnais.fr\/site\/wp-content\/uploads\/2017\/07\/NEWSESTLYONNAIS-ag-juin-2017.jpg\",\"datePublished\":\"2017-07-11T12:28:55+00:00\",\"dateModified\":\"2020-11-17T10:10:16+00:00\",\"description\":\"LYON 3\u00b0 : S\u00e9jour baln\u00e9aire et assembl\u00e9e g\u00e9n\u00e9rale pour la Maison des Italiens\",\"breadcrumb\":{\"@id\":\"https:\/\/newsestlyonnais.fr\/site\/2017\/07\/11\/lyon-3-sejour-balneaire-et-assemblee-generale-pour-la-maison-des-italiens\/#breadcrumb\"},\"inLanguage\":\"fr-FR\",\"potentialAction\":[{\"@type\":\"ReadAction\",\"target\":[\"https:\/\/newsestlyonnais.fr\/site\/2017\/07\/11\/lyon-3-sejour-balneaire-et-assemblee-generale-pour-la-maison-des-italiens\/\"]}]},{\"@type\":\"ImageObject\",\"inLanguage\":\"fr-FR\",\"@id\":\"https:\/\/newsestlyonnais.fr\/site\/2017\/07\/11\/lyon-3-sejour-balneaire-et-assemblee-generale-pour-la-maison-des-italiens\/#primaryimage\",\"url\":\"https:\/\/newsestlyonnais.fr\/site\/wp-content\/uploads\/2017\/07\/NEWSESTLYONNAIS-ag-juin-2017.jpg\",\"contentUrl\":\"https:\/\/newsestlyonnais.fr\/site\/wp-content\/uploads\/2017\/07\/NEWSESTLYONNAIS-ag-juin-2017.jpg\",\"width\":1000,\"height\":750,\"caption\":\"NEWSESTLYONNAIS - ag juin 2017\"},{\"@type\":\"BreadcrumbList\",\"@id\":\"https:\/\/newsestlyonnais.fr\/site\/2017\/07\/11\/lyon-3-sejour-balneaire-et-assemblee-generale-pour-la-maison-des-italiens\/#breadcrumb\",\"itemListElement\":[{\"@type\":\"ListItem\",\"position\":1,\"name\":\"Accueil\",\"item\":\"https:\/\/newsestlyonnais.fr\/site\/\"},{\"@type\":\"ListItem\",\"position\":2,\"name\":\"LYON 3 | S\u00e9jour baln\u00e9aire et assembl\u00e9e g\u00e9n\u00e9rale pour la Maison des Italiens\"}]},{\"@type\":\"WebSite\",\"@id\":\"https:\/\/newsestlyonnais.fr\/site\/#website\",\"url\":\"https:\/\/newsestlyonnais.fr\/site\/\",\"name\":\"News Est Lyonnais\",\"description\":\"L&#039;actualit\u00e9 au plus pr\u00e8s\",\"publisher\":{\"@id\":\"https:\/\/newsestlyonnais.fr\/site\/#organization\"},\"potentialAction\":[{\"@type\":\"SearchAction\",\"target\":{\"@type\":\"EntryPoint\",\"urlTemplate\":\"https:\/\/newsestlyonnais.fr\/site\/?s={search_term_string}\"},\"query-input\":{\"@type\":\"PropertyValueSpecification\",\"valueRequired\":true,\"valueName\":\"search_term_string\"}}],\"inLanguage\":\"fr-FR\"},{\"@type\":\"Organization\",\"@id\":\"https:\/\/newsestlyonnais.fr\/site\/#organization\",\"name\":\"News EST LYONNAIS\",\"url\":\"https:\/\/newsestlyonnais.fr\/site\/\",\"logo\":{\"@type\":\"ImageObject\",\"inLanguage\":\"fr-FR\",\"@id\":\"https:\/\/newsestlyonnais.fr\/site\/#\/schema\/logo\/image\/\",\"url\":\"\",\"contentUrl\":\"\",\"caption\":\"News EST LYONNAIS\"},\"image\":{\"@id\":\"https:\/\/newsestlyonnais.fr\/site\/#\/schema\/logo\/image\/\"}},{\"@type\":\"Person\",\"@id\":\"https:\/\/newsestlyonnais.fr\/site\/#\/schema\/person\/3230d5615f390bb808365d673001e887\",\"name\":\"R\u00e9dac. NEWS\",\"sameAs\":[\"http:\/\/www.newsestlyonnais.fr\",\"https:\/\/www.facebook.com\/pascal.oberson.1?fref=ts\",\"https:\/\/fr.linkedin.com\/in\/pascal-oberson-b17045113\"],\"url\":\"https:\/\/newsestlyonnais.fr\/site\/author\/nel\/\"}]}<\/script>\n<!-- \/ Yoast SEO plugin. -->","yoast_head_json":{"title":"LYON 3\u00b0 : S\u00e9jour baln\u00e9aire et assembl\u00e9e g\u00e9n\u00e9rale pour la Maison des Italiens","description":"LYON 3\u00b0 : S\u00e9jour baln\u00e9aire et assembl\u00e9e g\u00e9n\u00e9rale pour la Maison des Italiens","robots":{"index":"index","follow":"follow","max-snippet":"max-snippet:-1","max-image-preview":"max-image-preview:large","max-video-preview":"max-video-preview:-1"},"canonical":"https:\/\/newsestlyonnais.fr\/site\/2017\/07\/11\/lyon-3-sejour-balneaire-et-assemblee-generale-pour-la-maison-des-italiens\/","og_locale":"fr_FR","og_type":"article","og_title":"LYON 3\u00b0 : S\u00e9jour baln\u00e9aire et assembl\u00e9e g\u00e9n\u00e9rale pour la Maison des Italiens","og_description":"LYON 3\u00b0 : S\u00e9jour baln\u00e9aire et assembl\u00e9e g\u00e9n\u00e9rale pour la Maison des Italiens","og_url":"https:\/\/newsestlyonnais.fr\/site\/2017\/07\/11\/lyon-3-sejour-balneaire-et-assemblee-generale-pour-la-maison-des-italiens\/","og_site_name":"News Est Lyonnais","article_author":"https:\/\/www.facebook.com\/pascal.oberson.1?fref=ts","article_published_time":"2017-07-11T12:28:55+00:00","article_modified_time":"2020-11-17T10:10:16+00:00","og_image":[{"width":1000,"height":750,"url":"https:\/\/i2.wp.com\/newsestlyonnais.fr\/site\/wp-content\/uploads\/2017\/07\/NEWSESTLYONNAIS-ag-juin-2017.jpg?fit=1000%2C750&ssl=1","type":"image\/jpeg"}],"author":"R\u00e9dac. NEWS","twitter_card":"summary_large_image","twitter_misc":{"\u00c9crit par":"R\u00e9dac. NEWS","Dur\u00e9e de lecture estim\u00e9e":"2 minutes"},"schema":{"@context":"https:\/\/schema.org","@graph":[{"@type":"Article","@id":"https:\/\/newsestlyonnais.fr\/site\/2017\/07\/11\/lyon-3-sejour-balneaire-et-assemblee-generale-pour-la-maison-des-italiens\/#article","isPartOf":{"@id":"https:\/\/newsestlyonnais.fr\/site\/2017\/07\/11\/lyon-3-sejour-balneaire-et-assemblee-generale-pour-la-maison-des-italiens\/"},"author":{"name":"R\u00e9dac. NEWS","@id":"https:\/\/newsestlyonnais.fr\/site\/#\/schema\/person\/3230d5615f390bb808365d673001e887"},"headline":"LYON 3 | S\u00e9jour baln\u00e9aire et assembl\u00e9e g\u00e9n\u00e9rale pour la Maison des Italiens","datePublished":"2017-07-11T12:28:55+00:00","dateModified":"2020-11-17T10:10:16+00:00","mainEntityOfPage":{"@id":"https:\/\/newsestlyonnais.fr\/site\/2017\/07\/11\/lyon-3-sejour-balneaire-et-assemblee-generale-pour-la-maison-des-italiens\/"},"wordCount":441,"commentCount":0,"publisher":{"@id":"https:\/\/newsestlyonnais.fr\/site\/#organization"},"image":{"@id":"https:\/\/newsestlyonnais.fr\/site\/2017\/07\/11\/lyon-3-sejour-balneaire-et-assemblee-generale-pour-la-maison-des-italiens\/#primaryimage"},"thumbnailUrl":"https:\/\/newsestlyonnais.fr\/site\/wp-content\/uploads\/2017\/07\/NEWSESTLYONNAIS-ag-juin-2017.jpg","articleSection":["Lyon","Religion | Seniors | Souvenir"],"inLanguage":"fr-FR","potentialAction":[{"@type":"CommentAction","name":"Comment","target":["https:\/\/newsestlyonnais.fr\/site\/2017\/07\/11\/lyon-3-sejour-balneaire-et-assemblee-generale-pour-la-maison-des-italiens\/#respond"]}]},{"@type":"WebPage","@id":"https:\/\/newsestlyonnais.fr\/site\/2017\/07\/11\/lyon-3-sejour-balneaire-et-assemblee-generale-pour-la-maison-des-italiens\/","url":"https:\/\/newsestlyonnais.fr\/site\/2017\/07\/11\/lyon-3-sejour-balneaire-et-assemblee-generale-pour-la-maison-des-italiens\/","name":"LYON 3\u00b0 : S\u00e9jour baln\u00e9aire et assembl\u00e9e g\u00e9n\u00e9rale pour la Maison des Italiens","isPartOf":{"@id":"https:\/\/newsestlyonnais.fr\/site\/#website"},"primaryImageOfPage":{"@id":"https:\/\/newsestlyonnais.fr\/site\/2017\/07\/11\/lyon-3-sejour-balneaire-et-assemblee-generale-pour-la-maison-des-italiens\/#primaryimage"},"image":{"@id":"https:\/\/newsestlyonnais.fr\/site\/2017\/07\/11\/lyon-3-sejour-balneaire-et-assemblee-generale-pour-la-maison-des-italiens\/#primaryimage"},"thumbnailUrl":"https:\/\/newsestlyonnais.fr\/site\/wp-content\/uploads\/2017\/07\/NEWSESTLYONNAIS-ag-juin-2017.jpg","datePublished":"2017-07-11T12:28:55+00:00","dateModified":"2020-11-17T10:10:16+00:00","description":"LYON 3\u00b0 : S\u00e9jour baln\u00e9aire et assembl\u00e9e g\u00e9n\u00e9rale pour la Maison des Italiens","breadcrumb":{"@id":"https:\/\/newsestlyonnais.fr\/site\/2017\/07\/11\/lyon-3-sejour-balneaire-et-assemblee-generale-pour-la-maison-des-italiens\/#breadcrumb"},"inLanguage":"fr-FR","potentialAction":[{"@type":"ReadAction","target":["https:\/\/newsestlyonnais.fr\/site\/2017\/07\/11\/lyon-3-sejour-balneaire-et-assemblee-generale-pour-la-maison-des-italiens\/"]}]},{"@type":"ImageObject","inLanguage":"fr-FR","@id":"https:\/\/newsestlyonnais.fr\/site\/2017\/07\/11\/lyon-3-sejour-balneaire-et-assemblee-generale-pour-la-maison-des-italiens\/#primaryimage","url":"https:\/\/newsestlyonnais.fr\/site\/wp-content\/uploads\/2017\/07\/NEWSESTLYONNAIS-ag-juin-2017.jpg","contentUrl":"https:\/\/newsestlyonnais.fr\/site\/wp-content\/uploads\/2017\/07\/NEWSESTLYONNAIS-ag-juin-2017.jpg","width":1000,"height":750,"caption":"NEWSESTLYONNAIS - ag juin 2017"},{"@type":"BreadcrumbList","@id":"https:\/\/newsestlyonnais.fr\/site\/2017\/07\/11\/lyon-3-sejour-balneaire-et-assemblee-generale-pour-la-maison-des-italiens\/#breadcrumb","itemListElement":[{"@type":"ListItem","position":1,"name":"Accueil","item":"https:\/\/newsestlyonnais.fr\/site\/"},{"@type":"ListItem","position":2,"name":"LYON 3 | S\u00e9jour baln\u00e9aire et assembl\u00e9e g\u00e9n\u00e9rale pour la Maison des Italiens"}]},{"@type":"WebSite","@id":"https:\/\/newsestlyonnais.fr\/site\/#website","url":"https:\/\/newsestlyonnais.fr\/site\/","name":"News Est Lyonnais","description":"L&#039;actualit\u00e9 au plus pr\u00e8s","publisher":{"@id":"https:\/\/newsestlyonnais.fr\/site\/#organization"},"potentialAction":[{"@type":"SearchAction","target":{"@type":"EntryPoint","urlTemplate":"https:\/\/newsestlyonnais.fr\/site\/?s={search_term_string}"},"query-input":{"@type":"PropertyValueSpecification","valueRequired":true,"valueName":"search_term_string"}}],"inLanguage":"fr-FR"},{"@type":"Organization","@id":"https:\/\/newsestlyonnais.fr\/site\/#organization","name":"News EST LYONNAIS","url":"https:\/\/newsestlyonnais.fr\/site\/","logo":{"@type":"ImageObject","inLanguage":"fr-FR","@id":"https:\/\/newsestlyonnais.fr\/site\/#\/schema\/logo\/image\/","url":"","contentUrl":"","caption":"News EST LYONNAIS"},"image":{"@id":"https:\/\/newsestlyonnais.fr\/site\/#\/schema\/logo\/image\/"}},{"@type":"Person","@id":"https:\/\/newsestlyonnais.fr\/site\/#\/schema\/person\/3230d5615f390bb808365d673001e887","name":"R\u00e9dac. NEWS","sameAs":["http:\/\/www.newsestlyonnais.fr","https:\/\/www.facebook.com\/pascal.oberson.1?fref=ts","https:\/\/fr.linkedin.com\/in\/pascal-oberson-b17045113"],"url":"https:\/\/newsestlyonnais.fr\/site\/author\/nel\/"}]}},"_links":{"self":[{"href":"https:\/\/newsestlyonnais.fr\/site\/wp-json\/wp\/v2\/posts\/31928","targetHints":{"allow":["GET"]}}],"collection":[{"href":"https:\/\/newsestlyonnais.fr\/site\/wp-json\/wp\/v2\/posts"}],"about":[{"href":"https:\/\/newsestlyonnais.fr\/site\/wp-json\/wp\/v2\/types\/post"}],"author":[{"embeddable":true,"href":"https:\/\/newsestlyonnais.fr\/site\/wp-json\/wp\/v2\/users\/4"}],"replies":[{"embeddable":true,"href":"https:\/\/newsestlyonnais.fr\/site\/wp-json\/wp\/v2\/comments?post=31928"}],"version-history":[{"count":0,"href":"https:\/\/newsestlyonnais.fr\/site\/wp-json\/wp\/v2\/posts\/31928\/revisions"}],"wp:featuredmedia":[{"embeddable":true,"href":"https:\/\/newsestlyonnais.fr\/site\/wp-json\/wp\/v2\/media\/31942"}],"wp:attachment":[{"href":"https:\/\/newsestlyonnais.fr\/site\/wp-json\/wp\/v2\/media?parent=31928"}],"wp:term":[{"taxonomy":"category","embeddable":true,"href":"https:\/\/newsestlyonnais.fr\/site\/wp-json\/wp\/v2\/categories?post=31928"},{"taxonomy":"post_tag","embeddable":true,"href":"https:\/\/newsestlyonnais.fr\/site\/wp-json\/wp\/v2\/tags?post=31928"}],"curies":[{"name":"wp","href":"https:\/\/api.w.org\/{rel}","templated":true}]}}