{"id":31955,"date":"2017-07-12T06:11:09","date_gmt":"2017-07-12T05:11:09","guid":{"rendered":"http:\/\/newsestlyonnais.fr\/site\/?p=31955"},"modified":"2020-11-12T20:32:32","modified_gmt":"2020-11-12T19:32:32","slug":"parcs-de-parilly-et-lacroix-laval-des-vacances-sportives-gratuites-pour-les-518-ans-jusquau-28-juillet","status":"publish","type":"post","link":"https:\/\/newsestlyonnais.fr\/site\/2017\/07\/12\/parcs-de-parilly-et-lacroix-laval-des-vacances-sportives-gratuites-pour-les-518-ans-jusquau-28-juillet\/","title":{"rendered":"Parcs de Parilly et Lacroix Laval | Vacances sportives gratuites pour les 5\/18 ans jusqu&rsquo;au 28 juillet !"},"content":{"rendered":"<h4>La M\u00e9tropole de Lyon propose, en lien avec les associations sportives un programme d\u2019activit\u00e9s sur les deux parcs m\u00e9tropolitains de Parilly &amp; Lacroix-Laval.<\/h4>\n<div>Ce dispositif permet aux jeunes qui ne partent pas en vacances, de <strong>d\u00e9couvrir gratuitement des activit\u00e9s sportives<\/strong> vari\u00e9es et encadr\u00e9es par des \u00e9ducateurs dipl\u00f4m\u00e9s.<\/div>\n<div>Toutes les activit\u00e9s sont <strong>gratuites et accessibles sur r\u00e9servation<\/strong> directement aupr\u00e8s des associations sportives partenaires de la M\u00e9tropole de Lyon. Elles se d\u00e9roulent <strong>du lundi au vendredi<\/strong> (<span style=\"text-decoration: underline\">pas d\u2019activit\u00e9s les week-ends et le 14 juillet<\/span>).<\/div>\n<div><\/div>\n<div><em><strong>Plus d&rsquo;infos sur<\/strong><\/em>:\u00a0<a href=\"https:\/\/www.grandlyon.com\/fileadmin\/user_upload\/media\/pdf\/culture-sports\/20170612_metropole-vacances-sportives-2017_grand-public.pdf\" target=\"_blank\" rel=\"noopener noreferrer\">https:\/\/www.grandlyon.com\/fileadmin\/user_upload\/media\/pdf\/culture-sports\/20170612_metropole-vacances-sportives-2017_grand-public.pdf<\/a><\/div>\n<div><\/div>\n<div><img loading=\"lazy\" decoding=\"async\" class=\"alignleft size-full wp-image-32023\" src=\"https:\/\/newsestlyonnais.fr\/site\/medias\/2017\/07\/NEWSESTLYONNAIS-CALENDRIER-ACTI.jpg\" alt=\"NEWSESTLYONNAIS CALENDRIER ACTI\" width=\"1000\" height=\"750\" srcset=\"https:\/\/newsestlyonnais.fr\/site\/wp-content\/uploads\/2017\/07\/NEWSESTLYONNAIS-CALENDRIER-ACTI.jpg 1000w, https:\/\/newsestlyonnais.fr\/site\/wp-content\/uploads\/2017\/07\/NEWSESTLYONNAIS-CALENDRIER-ACTI-400x300.jpg 400w, https:\/\/newsestlyonnais.fr\/site\/wp-content\/uploads\/2017\/07\/NEWSESTLYONNAIS-CALENDRIER-ACTI-768x576.jpg 768w, https:\/\/newsestlyonnais.fr\/site\/wp-content\/uploads\/2017\/07\/NEWSESTLYONNAIS-CALENDRIER-ACTI-600x450.jpg 600w, https:\/\/newsestlyonnais.fr\/site\/wp-content\/uploads\/2017\/07\/NEWSESTLYONNAIS-CALENDRIER-ACTI-100x75.jpg 100w\" sizes=\"auto, (max-width: 1000px) 100vw, 1000px\" \/><\/div>\n","protected":false},"excerpt":{"rendered":"<p>La M\u00e9tropole de Lyon propose, en lien avec les associations sportives un programme d\u2019activit\u00e9s sur les deux parcs m\u00e9tropolitains de Parilly &amp; Lacroix-Laval. Ce dispositif permet aux jeunes qui ne partent pas en vacances, de d\u00e9couvrir gratuitement des activit\u00e9s sportives vari\u00e9es et encadr\u00e9es par des \u00e9ducateurs dipl\u00f4m\u00e9s. Toutes les activit\u00e9s sont gratuites et accessibles sur [&hellip;]<\/p>\n","protected":false},"author":4,"featured_media":32012,"comment_status":"open","ping_status":"open","sticky":false,"template":"","format":"standard","meta":{"footnotes":""},"categories":[574,166,171],"tags":[],"class_list":["post-31955","post","type-post","status-publish","format-standard","has-post-thumbnail","hentry","category-autres-sports","category-divers-sports","category-enfance-jeunesse"],"yoast_head":"<!-- This site is optimized with the Yoast SEO plugin v27.2 - https:\/\/yoast.com\/product\/yoast-seo-wordpress\/ -->\n<title>Parcs de Parilly et Lacroix Laval : Des vacances sportives gratuites pour les 5\/18 ans jusqu&#039;au 28 juillet !<\/title>\n<meta name=\"description\" content=\"Parcs de Parilly et Lacroix Laval : Des vacances sportives gratuites pour les 5\/18 ans jusqu&#039;au 28 juillet !\" \/>\n<meta name=\"robots\" content=\"index, follow, max-snippet:-1, max-image-preview:large, max-video-preview:-1\" \/>\n<link rel=\"canonical\" href=\"https:\/\/newsestlyonnais.fr\/site\/2017\/07\/12\/parcs-de-parilly-et-lacroix-laval-des-vacances-sportives-gratuites-pour-les-518-ans-jusquau-28-juillet\/\" \/>\n<meta property=\"og:locale\" content=\"fr_FR\" \/>\n<meta property=\"og:type\" content=\"article\" \/>\n<meta property=\"og:title\" content=\"Parcs de Parilly et Lacroix Laval : Des vacances sportives gratuites pour les 5\/18 ans jusqu&#039;au 28 juillet !\" \/>\n<meta property=\"og:description\" content=\"Parcs de Parilly et Lacroix Laval : Des vacances sportives gratuites pour les 5\/18 ans jusqu&#039;au 28 juillet !\" \/>\n<meta property=\"og:url\" content=\"https:\/\/newsestlyonnais.fr\/site\/2017\/07\/12\/parcs-de-parilly-et-lacroix-laval-des-vacances-sportives-gratuites-pour-les-518-ans-jusquau-28-juillet\/\" \/>\n<meta property=\"og:site_name\" content=\"News Est Lyonnais\" \/>\n<meta property=\"article:author\" content=\"https:\/\/www.facebook.com\/pascal.oberson.1?fref=ts\" \/>\n<meta property=\"article:published_time\" content=\"2017-07-12T05:11:09+00:00\" \/>\n<meta property=\"article:modified_time\" content=\"2020-11-12T19:32:32+00:00\" \/>\n<meta property=\"og:image\" content=\"https:\/\/i1.wp.com\/newsestlyonnais.fr\/site\/wp-content\/uploads\/2017\/07\/NEWSESTLYONNAIS-METROPOEL-VACANCES-SPORTIVES.jpg?fit=1000%2C750&ssl=1\" \/>\n\t<meta property=\"og:image:width\" content=\"1000\" \/>\n\t<meta property=\"og:image:height\" content=\"750\" \/>\n\t<meta property=\"og:image:type\" content=\"image\/jpeg\" \/>\n<meta name=\"author\" content=\"R\u00e9dac. NEWS\" \/>\n<meta name=\"twitter:card\" content=\"summary_large_image\" \/>\n<meta name=\"twitter:label1\" content=\"\u00c9crit par\" \/>\n\t<meta name=\"twitter:data1\" content=\"R\u00e9dac. NEWS\" \/>\n\t<meta name=\"twitter:label2\" content=\"Dur\u00e9e de lecture estim\u00e9e\" \/>\n\t<meta name=\"twitter:data2\" content=\"1 minute\" \/>\n<script type=\"application\/ld+json\" class=\"yoast-schema-graph\">{\"@context\":\"https:\/\/schema.org\",\"@graph\":[{\"@type\":\"Article\",\"@id\":\"https:\/\/newsestlyonnais.fr\/site\/2017\/07\/12\/parcs-de-parilly-et-lacroix-laval-des-vacances-sportives-gratuites-pour-les-518-ans-jusquau-28-juillet\/#article\",\"isPartOf\":{\"@id\":\"https:\/\/newsestlyonnais.fr\/site\/2017\/07\/12\/parcs-de-parilly-et-lacroix-laval-des-vacances-sportives-gratuites-pour-les-518-ans-jusquau-28-juillet\/\"},\"author\":{\"name\":\"R\u00e9dac. NEWS\",\"@id\":\"https:\/\/newsestlyonnais.fr\/site\/#\/schema\/person\/3230d5615f390bb808365d673001e887\"},\"headline\":\"Parcs de Parilly et Lacroix Laval | Vacances sportives gratuites pour les 5\/18 ans jusqu&rsquo;au 28 juillet !\",\"datePublished\":\"2017-07-12T05:11:09+00:00\",\"dateModified\":\"2020-11-12T19:32:32+00:00\",\"mainEntityOfPage\":{\"@id\":\"https:\/\/newsestlyonnais.fr\/site\/2017\/07\/12\/parcs-de-parilly-et-lacroix-laval-des-vacances-sportives-gratuites-pour-les-518-ans-jusquau-28-juillet\/\"},\"wordCount\":130,\"commentCount\":0,\"publisher\":{\"@id\":\"https:\/\/newsestlyonnais.fr\/site\/#organization\"},\"image\":{\"@id\":\"https:\/\/newsestlyonnais.fr\/site\/2017\/07\/12\/parcs-de-parilly-et-lacroix-laval-des-vacances-sportives-gratuites-pour-les-518-ans-jusquau-28-juillet\/#primaryimage\"},\"thumbnailUrl\":\"https:\/\/newsestlyonnais.fr\/site\/wp-content\/uploads\/2017\/07\/NEWSESTLYONNAIS-METROPOEL-VACANCES-SPORTIVES.jpg\",\"articleSection\":[\"Autres sports\",\"Divers Sports\",\"Enfance | Jeunesse\"],\"inLanguage\":\"fr-FR\",\"potentialAction\":[{\"@type\":\"CommentAction\",\"name\":\"Comment\",\"target\":[\"https:\/\/newsestlyonnais.fr\/site\/2017\/07\/12\/parcs-de-parilly-et-lacroix-laval-des-vacances-sportives-gratuites-pour-les-518-ans-jusquau-28-juillet\/#respond\"]}]},{\"@type\":\"WebPage\",\"@id\":\"https:\/\/newsestlyonnais.fr\/site\/2017\/07\/12\/parcs-de-parilly-et-lacroix-laval-des-vacances-sportives-gratuites-pour-les-518-ans-jusquau-28-juillet\/\",\"url\":\"https:\/\/newsestlyonnais.fr\/site\/2017\/07\/12\/parcs-de-parilly-et-lacroix-laval-des-vacances-sportives-gratuites-pour-les-518-ans-jusquau-28-juillet\/\",\"name\":\"Parcs de Parilly et Lacroix Laval : Des vacances sportives gratuites pour les 5\/18 ans jusqu'au 28 juillet !\",\"isPartOf\":{\"@id\":\"https:\/\/newsestlyonnais.fr\/site\/#website\"},\"primaryImageOfPage\":{\"@id\":\"https:\/\/newsestlyonnais.fr\/site\/2017\/07\/12\/parcs-de-parilly-et-lacroix-laval-des-vacances-sportives-gratuites-pour-les-518-ans-jusquau-28-juillet\/#primaryimage\"},\"image\":{\"@id\":\"https:\/\/newsestlyonnais.fr\/site\/2017\/07\/12\/parcs-de-parilly-et-lacroix-laval-des-vacances-sportives-gratuites-pour-les-518-ans-jusquau-28-juillet\/#primaryimage\"},\"thumbnailUrl\":\"https:\/\/newsestlyonnais.fr\/site\/wp-content\/uploads\/2017\/07\/NEWSESTLYONNAIS-METROPOEL-VACANCES-SPORTIVES.jpg\",\"datePublished\":\"2017-07-12T05:11:09+00:00\",\"dateModified\":\"2020-11-12T19:32:32+00:00\",\"description\":\"Parcs de Parilly et Lacroix Laval : Des vacances sportives gratuites pour les 5\/18 ans jusqu'au 28 juillet !\",\"breadcrumb\":{\"@id\":\"https:\/\/newsestlyonnais.fr\/site\/2017\/07\/12\/parcs-de-parilly-et-lacroix-laval-des-vacances-sportives-gratuites-pour-les-518-ans-jusquau-28-juillet\/#breadcrumb\"},\"inLanguage\":\"fr-FR\",\"potentialAction\":[{\"@type\":\"ReadAction\",\"target\":[\"https:\/\/newsestlyonnais.fr\/site\/2017\/07\/12\/parcs-de-parilly-et-lacroix-laval-des-vacances-sportives-gratuites-pour-les-518-ans-jusquau-28-juillet\/\"]}]},{\"@type\":\"ImageObject\",\"inLanguage\":\"fr-FR\",\"@id\":\"https:\/\/newsestlyonnais.fr\/site\/2017\/07\/12\/parcs-de-parilly-et-lacroix-laval-des-vacances-sportives-gratuites-pour-les-518-ans-jusquau-28-juillet\/#primaryimage\",\"url\":\"https:\/\/newsestlyonnais.fr\/site\/wp-content\/uploads\/2017\/07\/NEWSESTLYONNAIS-METROPOEL-VACANCES-SPORTIVES.jpg\",\"contentUrl\":\"https:\/\/newsestlyonnais.fr\/site\/wp-content\/uploads\/2017\/07\/NEWSESTLYONNAIS-METROPOEL-VACANCES-SPORTIVES.jpg\",\"width\":1000,\"height\":750,\"caption\":\"NEWSESTLYONNAIS METROPOEL VACANCES SPORTIVES\"},{\"@type\":\"BreadcrumbList\",\"@id\":\"https:\/\/newsestlyonnais.fr\/site\/2017\/07\/12\/parcs-de-parilly-et-lacroix-laval-des-vacances-sportives-gratuites-pour-les-518-ans-jusquau-28-juillet\/#breadcrumb\",\"itemListElement\":[{\"@type\":\"ListItem\",\"position\":1,\"name\":\"Accueil\",\"item\":\"https:\/\/newsestlyonnais.fr\/site\/\"},{\"@type\":\"ListItem\",\"position\":2,\"name\":\"Parcs de Parilly et Lacroix Laval | Vacances sportives gratuites pour les 5\/18 ans jusqu&rsquo;au 28 juillet !\"}]},{\"@type\":\"WebSite\",\"@id\":\"https:\/\/newsestlyonnais.fr\/site\/#website\",\"url\":\"https:\/\/newsestlyonnais.fr\/site\/\",\"name\":\"News Est Lyonnais\",\"description\":\"L&#039;actualit\u00e9 au plus pr\u00e8s\",\"publisher\":{\"@id\":\"https:\/\/newsestlyonnais.fr\/site\/#organization\"},\"potentialAction\":[{\"@type\":\"SearchAction\",\"target\":{\"@type\":\"EntryPoint\",\"urlTemplate\":\"https:\/\/newsestlyonnais.fr\/site\/?s={search_term_string}\"},\"query-input\":{\"@type\":\"PropertyValueSpecification\",\"valueRequired\":true,\"valueName\":\"search_term_string\"}}],\"inLanguage\":\"fr-FR\"},{\"@type\":\"Organization\",\"@id\":\"https:\/\/newsestlyonnais.fr\/site\/#organization\",\"name\":\"News EST LYONNAIS\",\"url\":\"https:\/\/newsestlyonnais.fr\/site\/\",\"logo\":{\"@type\":\"ImageObject\",\"inLanguage\":\"fr-FR\",\"@id\":\"https:\/\/newsestlyonnais.fr\/site\/#\/schema\/logo\/image\/\",\"url\":\"\",\"contentUrl\":\"\",\"caption\":\"News EST LYONNAIS\"},\"image\":{\"@id\":\"https:\/\/newsestlyonnais.fr\/site\/#\/schema\/logo\/image\/\"}},{\"@type\":\"Person\",\"@id\":\"https:\/\/newsestlyonnais.fr\/site\/#\/schema\/person\/3230d5615f390bb808365d673001e887\",\"name\":\"R\u00e9dac. NEWS\",\"sameAs\":[\"http:\/\/www.newsestlyonnais.fr\",\"https:\/\/www.facebook.com\/pascal.oberson.1?fref=ts\",\"https:\/\/fr.linkedin.com\/in\/pascal-oberson-b17045113\"],\"url\":\"https:\/\/newsestlyonnais.fr\/site\/author\/nel\/\"}]}<\/script>\n<!-- \/ Yoast SEO plugin. -->","yoast_head_json":{"title":"Parcs de Parilly et Lacroix Laval : Des vacances sportives gratuites pour les 5\/18 ans jusqu'au 28 juillet !","description":"Parcs de Parilly et Lacroix Laval : Des vacances sportives gratuites pour les 5\/18 ans jusqu'au 28 juillet !","robots":{"index":"index","follow":"follow","max-snippet":"max-snippet:-1","max-image-preview":"max-image-preview:large","max-video-preview":"max-video-preview:-1"},"canonical":"https:\/\/newsestlyonnais.fr\/site\/2017\/07\/12\/parcs-de-parilly-et-lacroix-laval-des-vacances-sportives-gratuites-pour-les-518-ans-jusquau-28-juillet\/","og_locale":"fr_FR","og_type":"article","og_title":"Parcs de Parilly et Lacroix Laval : Des vacances sportives gratuites pour les 5\/18 ans jusqu'au 28 juillet !","og_description":"Parcs de Parilly et Lacroix Laval : Des vacances sportives gratuites pour les 5\/18 ans jusqu'au 28 juillet !","og_url":"https:\/\/newsestlyonnais.fr\/site\/2017\/07\/12\/parcs-de-parilly-et-lacroix-laval-des-vacances-sportives-gratuites-pour-les-518-ans-jusquau-28-juillet\/","og_site_name":"News Est Lyonnais","article_author":"https:\/\/www.facebook.com\/pascal.oberson.1?fref=ts","article_published_time":"2017-07-12T05:11:09+00:00","article_modified_time":"2020-11-12T19:32:32+00:00","og_image":[{"width":1000,"height":750,"url":"https:\/\/i1.wp.com\/newsestlyonnais.fr\/site\/wp-content\/uploads\/2017\/07\/NEWSESTLYONNAIS-METROPOEL-VACANCES-SPORTIVES.jpg?fit=1000%2C750&ssl=1","type":"image\/jpeg"}],"author":"R\u00e9dac. NEWS","twitter_card":"summary_large_image","twitter_misc":{"\u00c9crit par":"R\u00e9dac. NEWS","Dur\u00e9e de lecture estim\u00e9e":"1 minute"},"schema":{"@context":"https:\/\/schema.org","@graph":[{"@type":"Article","@id":"https:\/\/newsestlyonnais.fr\/site\/2017\/07\/12\/parcs-de-parilly-et-lacroix-laval-des-vacances-sportives-gratuites-pour-les-518-ans-jusquau-28-juillet\/#article","isPartOf":{"@id":"https:\/\/newsestlyonnais.fr\/site\/2017\/07\/12\/parcs-de-parilly-et-lacroix-laval-des-vacances-sportives-gratuites-pour-les-518-ans-jusquau-28-juillet\/"},"author":{"name":"R\u00e9dac. NEWS","@id":"https:\/\/newsestlyonnais.fr\/site\/#\/schema\/person\/3230d5615f390bb808365d673001e887"},"headline":"Parcs de Parilly et Lacroix Laval | Vacances sportives gratuites pour les 5\/18 ans jusqu&rsquo;au 28 juillet !","datePublished":"2017-07-12T05:11:09+00:00","dateModified":"2020-11-12T19:32:32+00:00","mainEntityOfPage":{"@id":"https:\/\/newsestlyonnais.fr\/site\/2017\/07\/12\/parcs-de-parilly-et-lacroix-laval-des-vacances-sportives-gratuites-pour-les-518-ans-jusquau-28-juillet\/"},"wordCount":130,"commentCount":0,"publisher":{"@id":"https:\/\/newsestlyonnais.fr\/site\/#organization"},"image":{"@id":"https:\/\/newsestlyonnais.fr\/site\/2017\/07\/12\/parcs-de-parilly-et-lacroix-laval-des-vacances-sportives-gratuites-pour-les-518-ans-jusquau-28-juillet\/#primaryimage"},"thumbnailUrl":"https:\/\/newsestlyonnais.fr\/site\/wp-content\/uploads\/2017\/07\/NEWSESTLYONNAIS-METROPOEL-VACANCES-SPORTIVES.jpg","articleSection":["Autres sports","Divers Sports","Enfance | Jeunesse"],"inLanguage":"fr-FR","potentialAction":[{"@type":"CommentAction","name":"Comment","target":["https:\/\/newsestlyonnais.fr\/site\/2017\/07\/12\/parcs-de-parilly-et-lacroix-laval-des-vacances-sportives-gratuites-pour-les-518-ans-jusquau-28-juillet\/#respond"]}]},{"@type":"WebPage","@id":"https:\/\/newsestlyonnais.fr\/site\/2017\/07\/12\/parcs-de-parilly-et-lacroix-laval-des-vacances-sportives-gratuites-pour-les-518-ans-jusquau-28-juillet\/","url":"https:\/\/newsestlyonnais.fr\/site\/2017\/07\/12\/parcs-de-parilly-et-lacroix-laval-des-vacances-sportives-gratuites-pour-les-518-ans-jusquau-28-juillet\/","name":"Parcs de Parilly et Lacroix Laval : Des vacances sportives gratuites pour les 5\/18 ans jusqu'au 28 juillet !","isPartOf":{"@id":"https:\/\/newsestlyonnais.fr\/site\/#website"},"primaryImageOfPage":{"@id":"https:\/\/newsestlyonnais.fr\/site\/2017\/07\/12\/parcs-de-parilly-et-lacroix-laval-des-vacances-sportives-gratuites-pour-les-518-ans-jusquau-28-juillet\/#primaryimage"},"image":{"@id":"https:\/\/newsestlyonnais.fr\/site\/2017\/07\/12\/parcs-de-parilly-et-lacroix-laval-des-vacances-sportives-gratuites-pour-les-518-ans-jusquau-28-juillet\/#primaryimage"},"thumbnailUrl":"https:\/\/newsestlyonnais.fr\/site\/wp-content\/uploads\/2017\/07\/NEWSESTLYONNAIS-METROPOEL-VACANCES-SPORTIVES.jpg","datePublished":"2017-07-12T05:11:09+00:00","dateModified":"2020-11-12T19:32:32+00:00","description":"Parcs de Parilly et Lacroix Laval : Des vacances sportives gratuites pour les 5\/18 ans jusqu'au 28 juillet !","breadcrumb":{"@id":"https:\/\/newsestlyonnais.fr\/site\/2017\/07\/12\/parcs-de-parilly-et-lacroix-laval-des-vacances-sportives-gratuites-pour-les-518-ans-jusquau-28-juillet\/#breadcrumb"},"inLanguage":"fr-FR","potentialAction":[{"@type":"ReadAction","target":["https:\/\/newsestlyonnais.fr\/site\/2017\/07\/12\/parcs-de-parilly-et-lacroix-laval-des-vacances-sportives-gratuites-pour-les-518-ans-jusquau-28-juillet\/"]}]},{"@type":"ImageObject","inLanguage":"fr-FR","@id":"https:\/\/newsestlyonnais.fr\/site\/2017\/07\/12\/parcs-de-parilly-et-lacroix-laval-des-vacances-sportives-gratuites-pour-les-518-ans-jusquau-28-juillet\/#primaryimage","url":"https:\/\/newsestlyonnais.fr\/site\/wp-content\/uploads\/2017\/07\/NEWSESTLYONNAIS-METROPOEL-VACANCES-SPORTIVES.jpg","contentUrl":"https:\/\/newsestlyonnais.fr\/site\/wp-content\/uploads\/2017\/07\/NEWSESTLYONNAIS-METROPOEL-VACANCES-SPORTIVES.jpg","width":1000,"height":750,"caption":"NEWSESTLYONNAIS METROPOEL VACANCES SPORTIVES"},{"@type":"BreadcrumbList","@id":"https:\/\/newsestlyonnais.fr\/site\/2017\/07\/12\/parcs-de-parilly-et-lacroix-laval-des-vacances-sportives-gratuites-pour-les-518-ans-jusquau-28-juillet\/#breadcrumb","itemListElement":[{"@type":"ListItem","position":1,"name":"Accueil","item":"https:\/\/newsestlyonnais.fr\/site\/"},{"@type":"ListItem","position":2,"name":"Parcs de Parilly et Lacroix Laval | Vacances sportives gratuites pour les 5\/18 ans jusqu&rsquo;au 28 juillet !"}]},{"@type":"WebSite","@id":"https:\/\/newsestlyonnais.fr\/site\/#website","url":"https:\/\/newsestlyonnais.fr\/site\/","name":"News Est Lyonnais","description":"L&#039;actualit\u00e9 au plus pr\u00e8s","publisher":{"@id":"https:\/\/newsestlyonnais.fr\/site\/#organization"},"potentialAction":[{"@type":"SearchAction","target":{"@type":"EntryPoint","urlTemplate":"https:\/\/newsestlyonnais.fr\/site\/?s={search_term_string}"},"query-input":{"@type":"PropertyValueSpecification","valueRequired":true,"valueName":"search_term_string"}}],"inLanguage":"fr-FR"},{"@type":"Organization","@id":"https:\/\/newsestlyonnais.fr\/site\/#organization","name":"News EST LYONNAIS","url":"https:\/\/newsestlyonnais.fr\/site\/","logo":{"@type":"ImageObject","inLanguage":"fr-FR","@id":"https:\/\/newsestlyonnais.fr\/site\/#\/schema\/logo\/image\/","url":"","contentUrl":"","caption":"News EST LYONNAIS"},"image":{"@id":"https:\/\/newsestlyonnais.fr\/site\/#\/schema\/logo\/image\/"}},{"@type":"Person","@id":"https:\/\/newsestlyonnais.fr\/site\/#\/schema\/person\/3230d5615f390bb808365d673001e887","name":"R\u00e9dac. NEWS","sameAs":["http:\/\/www.newsestlyonnais.fr","https:\/\/www.facebook.com\/pascal.oberson.1?fref=ts","https:\/\/fr.linkedin.com\/in\/pascal-oberson-b17045113"],"url":"https:\/\/newsestlyonnais.fr\/site\/author\/nel\/"}]}},"_links":{"self":[{"href":"https:\/\/newsestlyonnais.fr\/site\/wp-json\/wp\/v2\/posts\/31955","targetHints":{"allow":["GET"]}}],"collection":[{"href":"https:\/\/newsestlyonnais.fr\/site\/wp-json\/wp\/v2\/posts"}],"about":[{"href":"https:\/\/newsestlyonnais.fr\/site\/wp-json\/wp\/v2\/types\/post"}],"author":[{"embeddable":true,"href":"https:\/\/newsestlyonnais.fr\/site\/wp-json\/wp\/v2\/users\/4"}],"replies":[{"embeddable":true,"href":"https:\/\/newsestlyonnais.fr\/site\/wp-json\/wp\/v2\/comments?post=31955"}],"version-history":[{"count":0,"href":"https:\/\/newsestlyonnais.fr\/site\/wp-json\/wp\/v2\/posts\/31955\/revisions"}],"wp:featuredmedia":[{"embeddable":true,"href":"https:\/\/newsestlyonnais.fr\/site\/wp-json\/wp\/v2\/media\/32012"}],"wp:attachment":[{"href":"https:\/\/newsestlyonnais.fr\/site\/wp-json\/wp\/v2\/media?parent=31955"}],"wp:term":[{"taxonomy":"category","embeddable":true,"href":"https:\/\/newsestlyonnais.fr\/site\/wp-json\/wp\/v2\/categories?post=31955"},{"taxonomy":"post_tag","embeddable":true,"href":"https:\/\/newsestlyonnais.fr\/site\/wp-json\/wp\/v2\/tags?post=31955"}],"curies":[{"name":"wp","href":"https:\/\/api.w.org\/{rel}","templated":true}]}}