{"id":31991,"date":"2017-07-12T05:31:03","date_gmt":"2017-07-12T04:31:03","guid":{"rendered":"http:\/\/newsestlyonnais.fr\/site\/?p=31991"},"modified":"2020-11-05T13:22:09","modified_gmt":"2020-11-05T12:22:09","slug":"pusignan-lopen-senior-de-tennis-sacheve-samedi","status":"publish","type":"post","link":"https:\/\/newsestlyonnais.fr\/site\/2017\/07\/12\/pusignan-lopen-senior-de-tennis-sacheve-samedi\/","title":{"rendered":"PUSIGNAN | L&rsquo;Open senior de tennis s&rsquo;ach\u00e8ve ce samedi"},"content":{"rendered":"<h4>La 1\u00b0 \u00e9dition de l&rsquo;Open seniors, tournoi remis en route par l&rsquo;Association Tennis Pusignan (ATP), apr\u00e8s une quinzaine d&rsquo;ann\u00e9es de sommeil, touche \u00e0 sa fin.<\/h4>\n<p>Une comp\u00e9tition programm\u00e9e dans 2 tableaux (dames &amp; messieurs) dont les premiers coups de raquette ont \u00e9t\u00e9 donn\u00e9s le jeudi 22 juin dernier et qui s&rsquo;ach\u00e8vera samedi apr\u00e8s-midi.<\/p>\n<p><img loading=\"lazy\" decoding=\"async\" class=\"alignleft size-full wp-image-23750\" src=\"https:\/\/newsestlyonnais.fr\/site\/medias\/2017\/03\/NEWSESTLYONNAIS-MICRO.png\" alt=\"NEWSESTLYONNAIS MICRO\" width=\"250\" height=\"150\" \/>\u00a0\u00bb Les inscriptions sont termin\u00e9es et nous avons enregistr\u00e9 la participation de 26 dames et 88 messieurs soit 114 personnes, dont une vingtaine du club. Tout s&rsquo;est bien pass\u00e9 et nous n&rsquo;avons d&rsquo;ailleurs proc\u00e9d\u00e9 \u00e0 aucune annulation ou report de matchs. Ceci gr\u00e2ce \u00e0 la solidarit\u00e9 existant avec les clubs voisins, comme Genas, Jonage et Meyzieu, qui ont pu nous pr\u00eater leurs courts couverts lors des r\u00e9cents orages. Un tournoi de bon niveau puisque nous avons pu compter sur la pr\u00e9sence de 9 class\u00e9s 15\/1 (5 hommes et 4 dames)\u00a0\u00bb confie le <em><strong>juge-arbitre J\u00e9r\u00f4me Dodane<\/strong><\/em>.<\/p>\n<p><strong><span style=\"text-decoration: underline\">Meilleurs parcours<\/span><\/strong> r\u00e9alis\u00e9s par: <span style=\"text-decoration: underline\">Fr\u00e9d\u00e9ric Degouve<\/span> (St Pierre de Chandieu, 30\/3): 5 matchs gagn\u00e9s et qui a perdu \u00e0 15\/3. <span style=\"text-decoration: underline\">Benjamin Guillaud &amp; Micael Bonnay<\/span> (tous deux du TC Genas, 30\/2): 4 matchs gagn\u00e9s.<\/p>\n<p><span style=\"text-decoration: underline\"><em><strong>Programme des rencontres<\/strong><\/em><\/span>: <span style=\"text-decoration: underline\">Demi-finales<\/span>: vendredi 14 juillet \u00e0 9 h &amp; 10 h 30 . <span style=\"text-decoration: underline\">Finales<\/span>: Samedi \u00e0 16 heures 30.<\/p>\n<p><span style=\"text-decoration: underline\"><em><strong>PHOTO A LA UNE:<\/strong><\/em><\/span> Une partie de l&rsquo;\u00e9quipe de b\u00e9n\u00e9voles assurant les permanences du tournoi, dont \u00e0 droite J\u00e9r\u00f4me Dodane, le juge-arbitre.<\/p>\n<figure id=\"attachment_29272\" aria-describedby=\"caption-attachment-29272\" style=\"width: 1000px\" class=\"wp-caption alignleft\"><img loading=\"lazy\" decoding=\"async\" class=\"size-full wp-image-29272\" src=\"https:\/\/newsestlyonnais.fr\/site\/medias\/2017\/06\/NEWSESTLYONNAIS-TENNIS-PUSIGNAN-OPEN-.jpg\" alt=\"NEWSESTLYONNAIS - TENNIS PUSIGNAN OPEN\" width=\"1000\" height=\"750\" srcset=\"https:\/\/newsestlyonnais.fr\/site\/wp-content\/uploads\/2017\/06\/NEWSESTLYONNAIS-TENNIS-PUSIGNAN-OPEN-.jpg 1000w, https:\/\/newsestlyonnais.fr\/site\/wp-content\/uploads\/2017\/06\/NEWSESTLYONNAIS-TENNIS-PUSIGNAN-OPEN--400x300.jpg 400w, https:\/\/newsestlyonnais.fr\/site\/wp-content\/uploads\/2017\/06\/NEWSESTLYONNAIS-TENNIS-PUSIGNAN-OPEN--768x576.jpg 768w, https:\/\/newsestlyonnais.fr\/site\/wp-content\/uploads\/2017\/06\/NEWSESTLYONNAIS-TENNIS-PUSIGNAN-OPEN--600x450.jpg 600w, https:\/\/newsestlyonnais.fr\/site\/wp-content\/uploads\/2017\/06\/NEWSESTLYONNAIS-TENNIS-PUSIGNAN-OPEN--100x75.jpg 100w\" sizes=\"auto, (max-width: 1000px) 100vw, 1000px\" \/><figcaption id=\"caption-attachment-29272\" class=\"wp-caption-text\">OPEN TENNIS<\/figcaption><\/figure>\n<p>&nbsp;<\/p>\n","protected":false},"excerpt":{"rendered":"<p>La 1\u00b0 \u00e9dition de l&rsquo;Open seniors, tournoi remis en route par l&rsquo;Association Tennis Pusignan (ATP), apr\u00e8s une quinzaine d&rsquo;ann\u00e9es de sommeil, touche \u00e0 sa fin. Une comp\u00e9tition programm\u00e9e dans 2 tableaux (dames &amp; messieurs) dont les premiers coups de raquette ont \u00e9t\u00e9 donn\u00e9s le jeudi 22 juin dernier et qui s&rsquo;ach\u00e8vera samedi apr\u00e8s-midi. \u00a0\u00bb Les [&hellip;]<\/p>\n","protected":false},"author":4,"featured_media":31993,"comment_status":"open","ping_status":"open","sticky":false,"template":"","format":"standard","meta":{"footnotes":""},"categories":[270,1279,2992,2991],"tags":[],"class_list":["post-31991","post","type-post","status-publish","format-standard","has-post-thumbnail","hentry","category-cte-de-communes-c-c-e-l","category-jons-pusignan","category-tennis-padel","category-tennis-tennis-table-sports"],"yoast_head":"<!-- This site is optimized with the Yoast SEO plugin v27.2 - https:\/\/yoast.com\/product\/yoast-seo-wordpress\/ -->\n<title>PUSIGNAN: L&#039;Open senior de tennis s&#039;ach\u00e8ve ce samedi<\/title>\n<meta name=\"description\" content=\"PUSIGNAN: L&#039;Open senior de tennis s&#039;ach\u00e8ve ce samedi\" \/>\n<meta name=\"robots\" content=\"index, follow, max-snippet:-1, max-image-preview:large, max-video-preview:-1\" \/>\n<link rel=\"canonical\" href=\"https:\/\/newsestlyonnais.fr\/site\/2017\/07\/12\/pusignan-lopen-senior-de-tennis-sacheve-samedi\/\" \/>\n<meta property=\"og:locale\" content=\"fr_FR\" \/>\n<meta property=\"og:type\" content=\"article\" \/>\n<meta property=\"og:title\" content=\"PUSIGNAN: L&#039;Open senior de tennis s&#039;ach\u00e8ve ce samedi\" \/>\n<meta property=\"og:description\" content=\"PUSIGNAN: L&#039;Open senior de tennis s&#039;ach\u00e8ve ce samedi\" \/>\n<meta property=\"og:url\" content=\"https:\/\/newsestlyonnais.fr\/site\/2017\/07\/12\/pusignan-lopen-senior-de-tennis-sacheve-samedi\/\" \/>\n<meta property=\"og:site_name\" content=\"News Est Lyonnais\" \/>\n<meta property=\"article:author\" content=\"https:\/\/www.facebook.com\/pascal.oberson.1?fref=ts\" \/>\n<meta property=\"article:published_time\" content=\"2017-07-12T04:31:03+00:00\" \/>\n<meta property=\"article:modified_time\" content=\"2020-11-05T12:22:09+00:00\" \/>\n<meta property=\"og:image\" content=\"https:\/\/i2.wp.com\/newsestlyonnais.fr\/site\/wp-content\/uploads\/2017\/07\/NEWSESTLYONNAIS-OPEN-TENNIS-PUSIGNAN.jpg?fit=1000%2C750&ssl=1\" \/>\n\t<meta property=\"og:image:width\" content=\"1000\" \/>\n\t<meta property=\"og:image:height\" content=\"750\" \/>\n\t<meta property=\"og:image:type\" content=\"image\/jpeg\" \/>\n<meta name=\"author\" content=\"R\u00e9dac. NEWS\" \/>\n<meta name=\"twitter:card\" content=\"summary_large_image\" \/>\n<meta name=\"twitter:label1\" content=\"\u00c9crit par\" \/>\n\t<meta name=\"twitter:data1\" content=\"R\u00e9dac. NEWS\" \/>\n\t<meta name=\"twitter:label2\" content=\"Dur\u00e9e de lecture estim\u00e9e\" \/>\n\t<meta name=\"twitter:data2\" content=\"1 minute\" \/>\n<script type=\"application\/ld+json\" class=\"yoast-schema-graph\">{\"@context\":\"https:\/\/schema.org\",\"@graph\":[{\"@type\":\"Article\",\"@id\":\"https:\/\/newsestlyonnais.fr\/site\/2017\/07\/12\/pusignan-lopen-senior-de-tennis-sacheve-samedi\/#article\",\"isPartOf\":{\"@id\":\"https:\/\/newsestlyonnais.fr\/site\/2017\/07\/12\/pusignan-lopen-senior-de-tennis-sacheve-samedi\/\"},\"author\":{\"name\":\"R\u00e9dac. NEWS\",\"@id\":\"https:\/\/newsestlyonnais.fr\/site\/#\/schema\/person\/3230d5615f390bb808365d673001e887\"},\"headline\":\"PUSIGNAN | L&rsquo;Open senior de tennis s&rsquo;ach\u00e8ve ce samedi\",\"datePublished\":\"2017-07-12T04:31:03+00:00\",\"dateModified\":\"2020-11-05T12:22:09+00:00\",\"mainEntityOfPage\":{\"@id\":\"https:\/\/newsestlyonnais.fr\/site\/2017\/07\/12\/pusignan-lopen-senior-de-tennis-sacheve-samedi\/\"},\"wordCount\":250,\"commentCount\":0,\"publisher\":{\"@id\":\"https:\/\/newsestlyonnais.fr\/site\/#organization\"},\"image\":{\"@id\":\"https:\/\/newsestlyonnais.fr\/site\/2017\/07\/12\/pusignan-lopen-senior-de-tennis-sacheve-samedi\/#primaryimage\"},\"thumbnailUrl\":\"https:\/\/newsestlyonnais.fr\/site\/wp-content\/uploads\/2017\/07\/NEWSESTLYONNAIS-OPEN-TENNIS-PUSIGNAN.jpg\",\"articleSection\":[\"CCEL | Communes\",\"Jons | Pusignan\",\"Tennis | Padel\",\"Tennis | Tennis de table\"],\"inLanguage\":\"fr-FR\",\"potentialAction\":[{\"@type\":\"CommentAction\",\"name\":\"Comment\",\"target\":[\"https:\/\/newsestlyonnais.fr\/site\/2017\/07\/12\/pusignan-lopen-senior-de-tennis-sacheve-samedi\/#respond\"]}]},{\"@type\":\"WebPage\",\"@id\":\"https:\/\/newsestlyonnais.fr\/site\/2017\/07\/12\/pusignan-lopen-senior-de-tennis-sacheve-samedi\/\",\"url\":\"https:\/\/newsestlyonnais.fr\/site\/2017\/07\/12\/pusignan-lopen-senior-de-tennis-sacheve-samedi\/\",\"name\":\"PUSIGNAN: L'Open senior de tennis s'ach\u00e8ve ce samedi\",\"isPartOf\":{\"@id\":\"https:\/\/newsestlyonnais.fr\/site\/#website\"},\"primaryImageOfPage\":{\"@id\":\"https:\/\/newsestlyonnais.fr\/site\/2017\/07\/12\/pusignan-lopen-senior-de-tennis-sacheve-samedi\/#primaryimage\"},\"image\":{\"@id\":\"https:\/\/newsestlyonnais.fr\/site\/2017\/07\/12\/pusignan-lopen-senior-de-tennis-sacheve-samedi\/#primaryimage\"},\"thumbnailUrl\":\"https:\/\/newsestlyonnais.fr\/site\/wp-content\/uploads\/2017\/07\/NEWSESTLYONNAIS-OPEN-TENNIS-PUSIGNAN.jpg\",\"datePublished\":\"2017-07-12T04:31:03+00:00\",\"dateModified\":\"2020-11-05T12:22:09+00:00\",\"description\":\"PUSIGNAN: L'Open senior de tennis s'ach\u00e8ve ce samedi\",\"breadcrumb\":{\"@id\":\"https:\/\/newsestlyonnais.fr\/site\/2017\/07\/12\/pusignan-lopen-senior-de-tennis-sacheve-samedi\/#breadcrumb\"},\"inLanguage\":\"fr-FR\",\"potentialAction\":[{\"@type\":\"ReadAction\",\"target\":[\"https:\/\/newsestlyonnais.fr\/site\/2017\/07\/12\/pusignan-lopen-senior-de-tennis-sacheve-samedi\/\"]}]},{\"@type\":\"ImageObject\",\"inLanguage\":\"fr-FR\",\"@id\":\"https:\/\/newsestlyonnais.fr\/site\/2017\/07\/12\/pusignan-lopen-senior-de-tennis-sacheve-samedi\/#primaryimage\",\"url\":\"https:\/\/newsestlyonnais.fr\/site\/wp-content\/uploads\/2017\/07\/NEWSESTLYONNAIS-OPEN-TENNIS-PUSIGNAN.jpg\",\"contentUrl\":\"https:\/\/newsestlyonnais.fr\/site\/wp-content\/uploads\/2017\/07\/NEWSESTLYONNAIS-OPEN-TENNIS-PUSIGNAN.jpg\",\"width\":1000,\"height\":750,\"caption\":\"NEWSESTLYONNAIS - OPEN TENNIS PUSIGNAN\"},{\"@type\":\"BreadcrumbList\",\"@id\":\"https:\/\/newsestlyonnais.fr\/site\/2017\/07\/12\/pusignan-lopen-senior-de-tennis-sacheve-samedi\/#breadcrumb\",\"itemListElement\":[{\"@type\":\"ListItem\",\"position\":1,\"name\":\"Accueil\",\"item\":\"https:\/\/newsestlyonnais.fr\/site\/\"},{\"@type\":\"ListItem\",\"position\":2,\"name\":\"PUSIGNAN | L&rsquo;Open senior de tennis s&rsquo;ach\u00e8ve ce samedi\"}]},{\"@type\":\"WebSite\",\"@id\":\"https:\/\/newsestlyonnais.fr\/site\/#website\",\"url\":\"https:\/\/newsestlyonnais.fr\/site\/\",\"name\":\"News Est Lyonnais\",\"description\":\"L&#039;actualit\u00e9 au plus pr\u00e8s\",\"publisher\":{\"@id\":\"https:\/\/newsestlyonnais.fr\/site\/#organization\"},\"potentialAction\":[{\"@type\":\"SearchAction\",\"target\":{\"@type\":\"EntryPoint\",\"urlTemplate\":\"https:\/\/newsestlyonnais.fr\/site\/?s={search_term_string}\"},\"query-input\":{\"@type\":\"PropertyValueSpecification\",\"valueRequired\":true,\"valueName\":\"search_term_string\"}}],\"inLanguage\":\"fr-FR\"},{\"@type\":\"Organization\",\"@id\":\"https:\/\/newsestlyonnais.fr\/site\/#organization\",\"name\":\"News EST LYONNAIS\",\"url\":\"https:\/\/newsestlyonnais.fr\/site\/\",\"logo\":{\"@type\":\"ImageObject\",\"inLanguage\":\"fr-FR\",\"@id\":\"https:\/\/newsestlyonnais.fr\/site\/#\/schema\/logo\/image\/\",\"url\":\"\",\"contentUrl\":\"\",\"caption\":\"News EST LYONNAIS\"},\"image\":{\"@id\":\"https:\/\/newsestlyonnais.fr\/site\/#\/schema\/logo\/image\/\"}},{\"@type\":\"Person\",\"@id\":\"https:\/\/newsestlyonnais.fr\/site\/#\/schema\/person\/3230d5615f390bb808365d673001e887\",\"name\":\"R\u00e9dac. NEWS\",\"sameAs\":[\"http:\/\/www.newsestlyonnais.fr\",\"https:\/\/www.facebook.com\/pascal.oberson.1?fref=ts\",\"https:\/\/fr.linkedin.com\/in\/pascal-oberson-b17045113\"],\"url\":\"https:\/\/newsestlyonnais.fr\/site\/author\/nel\/\"}]}<\/script>\n<!-- \/ Yoast SEO plugin. -->","yoast_head_json":{"title":"PUSIGNAN: L'Open senior de tennis s'ach\u00e8ve ce samedi","description":"PUSIGNAN: L'Open senior de tennis s'ach\u00e8ve ce samedi","robots":{"index":"index","follow":"follow","max-snippet":"max-snippet:-1","max-image-preview":"max-image-preview:large","max-video-preview":"max-video-preview:-1"},"canonical":"https:\/\/newsestlyonnais.fr\/site\/2017\/07\/12\/pusignan-lopen-senior-de-tennis-sacheve-samedi\/","og_locale":"fr_FR","og_type":"article","og_title":"PUSIGNAN: L'Open senior de tennis s'ach\u00e8ve ce samedi","og_description":"PUSIGNAN: L'Open senior de tennis s'ach\u00e8ve ce samedi","og_url":"https:\/\/newsestlyonnais.fr\/site\/2017\/07\/12\/pusignan-lopen-senior-de-tennis-sacheve-samedi\/","og_site_name":"News Est Lyonnais","article_author":"https:\/\/www.facebook.com\/pascal.oberson.1?fref=ts","article_published_time":"2017-07-12T04:31:03+00:00","article_modified_time":"2020-11-05T12:22:09+00:00","og_image":[{"width":1000,"height":750,"url":"https:\/\/i2.wp.com\/newsestlyonnais.fr\/site\/wp-content\/uploads\/2017\/07\/NEWSESTLYONNAIS-OPEN-TENNIS-PUSIGNAN.jpg?fit=1000%2C750&ssl=1","type":"image\/jpeg"}],"author":"R\u00e9dac. NEWS","twitter_card":"summary_large_image","twitter_misc":{"\u00c9crit par":"R\u00e9dac. NEWS","Dur\u00e9e de lecture estim\u00e9e":"1 minute"},"schema":{"@context":"https:\/\/schema.org","@graph":[{"@type":"Article","@id":"https:\/\/newsestlyonnais.fr\/site\/2017\/07\/12\/pusignan-lopen-senior-de-tennis-sacheve-samedi\/#article","isPartOf":{"@id":"https:\/\/newsestlyonnais.fr\/site\/2017\/07\/12\/pusignan-lopen-senior-de-tennis-sacheve-samedi\/"},"author":{"name":"R\u00e9dac. NEWS","@id":"https:\/\/newsestlyonnais.fr\/site\/#\/schema\/person\/3230d5615f390bb808365d673001e887"},"headline":"PUSIGNAN | L&rsquo;Open senior de tennis s&rsquo;ach\u00e8ve ce samedi","datePublished":"2017-07-12T04:31:03+00:00","dateModified":"2020-11-05T12:22:09+00:00","mainEntityOfPage":{"@id":"https:\/\/newsestlyonnais.fr\/site\/2017\/07\/12\/pusignan-lopen-senior-de-tennis-sacheve-samedi\/"},"wordCount":250,"commentCount":0,"publisher":{"@id":"https:\/\/newsestlyonnais.fr\/site\/#organization"},"image":{"@id":"https:\/\/newsestlyonnais.fr\/site\/2017\/07\/12\/pusignan-lopen-senior-de-tennis-sacheve-samedi\/#primaryimage"},"thumbnailUrl":"https:\/\/newsestlyonnais.fr\/site\/wp-content\/uploads\/2017\/07\/NEWSESTLYONNAIS-OPEN-TENNIS-PUSIGNAN.jpg","articleSection":["CCEL | Communes","Jons | Pusignan","Tennis | Padel","Tennis | Tennis de table"],"inLanguage":"fr-FR","potentialAction":[{"@type":"CommentAction","name":"Comment","target":["https:\/\/newsestlyonnais.fr\/site\/2017\/07\/12\/pusignan-lopen-senior-de-tennis-sacheve-samedi\/#respond"]}]},{"@type":"WebPage","@id":"https:\/\/newsestlyonnais.fr\/site\/2017\/07\/12\/pusignan-lopen-senior-de-tennis-sacheve-samedi\/","url":"https:\/\/newsestlyonnais.fr\/site\/2017\/07\/12\/pusignan-lopen-senior-de-tennis-sacheve-samedi\/","name":"PUSIGNAN: L'Open senior de tennis s'ach\u00e8ve ce samedi","isPartOf":{"@id":"https:\/\/newsestlyonnais.fr\/site\/#website"},"primaryImageOfPage":{"@id":"https:\/\/newsestlyonnais.fr\/site\/2017\/07\/12\/pusignan-lopen-senior-de-tennis-sacheve-samedi\/#primaryimage"},"image":{"@id":"https:\/\/newsestlyonnais.fr\/site\/2017\/07\/12\/pusignan-lopen-senior-de-tennis-sacheve-samedi\/#primaryimage"},"thumbnailUrl":"https:\/\/newsestlyonnais.fr\/site\/wp-content\/uploads\/2017\/07\/NEWSESTLYONNAIS-OPEN-TENNIS-PUSIGNAN.jpg","datePublished":"2017-07-12T04:31:03+00:00","dateModified":"2020-11-05T12:22:09+00:00","description":"PUSIGNAN: L'Open senior de tennis s'ach\u00e8ve ce samedi","breadcrumb":{"@id":"https:\/\/newsestlyonnais.fr\/site\/2017\/07\/12\/pusignan-lopen-senior-de-tennis-sacheve-samedi\/#breadcrumb"},"inLanguage":"fr-FR","potentialAction":[{"@type":"ReadAction","target":["https:\/\/newsestlyonnais.fr\/site\/2017\/07\/12\/pusignan-lopen-senior-de-tennis-sacheve-samedi\/"]}]},{"@type":"ImageObject","inLanguage":"fr-FR","@id":"https:\/\/newsestlyonnais.fr\/site\/2017\/07\/12\/pusignan-lopen-senior-de-tennis-sacheve-samedi\/#primaryimage","url":"https:\/\/newsestlyonnais.fr\/site\/wp-content\/uploads\/2017\/07\/NEWSESTLYONNAIS-OPEN-TENNIS-PUSIGNAN.jpg","contentUrl":"https:\/\/newsestlyonnais.fr\/site\/wp-content\/uploads\/2017\/07\/NEWSESTLYONNAIS-OPEN-TENNIS-PUSIGNAN.jpg","width":1000,"height":750,"caption":"NEWSESTLYONNAIS - OPEN TENNIS PUSIGNAN"},{"@type":"BreadcrumbList","@id":"https:\/\/newsestlyonnais.fr\/site\/2017\/07\/12\/pusignan-lopen-senior-de-tennis-sacheve-samedi\/#breadcrumb","itemListElement":[{"@type":"ListItem","position":1,"name":"Accueil","item":"https:\/\/newsestlyonnais.fr\/site\/"},{"@type":"ListItem","position":2,"name":"PUSIGNAN | L&rsquo;Open senior de tennis s&rsquo;ach\u00e8ve ce samedi"}]},{"@type":"WebSite","@id":"https:\/\/newsestlyonnais.fr\/site\/#website","url":"https:\/\/newsestlyonnais.fr\/site\/","name":"News Est Lyonnais","description":"L&#039;actualit\u00e9 au plus pr\u00e8s","publisher":{"@id":"https:\/\/newsestlyonnais.fr\/site\/#organization"},"potentialAction":[{"@type":"SearchAction","target":{"@type":"EntryPoint","urlTemplate":"https:\/\/newsestlyonnais.fr\/site\/?s={search_term_string}"},"query-input":{"@type":"PropertyValueSpecification","valueRequired":true,"valueName":"search_term_string"}}],"inLanguage":"fr-FR"},{"@type":"Organization","@id":"https:\/\/newsestlyonnais.fr\/site\/#organization","name":"News EST LYONNAIS","url":"https:\/\/newsestlyonnais.fr\/site\/","logo":{"@type":"ImageObject","inLanguage":"fr-FR","@id":"https:\/\/newsestlyonnais.fr\/site\/#\/schema\/logo\/image\/","url":"","contentUrl":"","caption":"News EST LYONNAIS"},"image":{"@id":"https:\/\/newsestlyonnais.fr\/site\/#\/schema\/logo\/image\/"}},{"@type":"Person","@id":"https:\/\/newsestlyonnais.fr\/site\/#\/schema\/person\/3230d5615f390bb808365d673001e887","name":"R\u00e9dac. NEWS","sameAs":["http:\/\/www.newsestlyonnais.fr","https:\/\/www.facebook.com\/pascal.oberson.1?fref=ts","https:\/\/fr.linkedin.com\/in\/pascal-oberson-b17045113"],"url":"https:\/\/newsestlyonnais.fr\/site\/author\/nel\/"}]}},"_links":{"self":[{"href":"https:\/\/newsestlyonnais.fr\/site\/wp-json\/wp\/v2\/posts\/31991","targetHints":{"allow":["GET"]}}],"collection":[{"href":"https:\/\/newsestlyonnais.fr\/site\/wp-json\/wp\/v2\/posts"}],"about":[{"href":"https:\/\/newsestlyonnais.fr\/site\/wp-json\/wp\/v2\/types\/post"}],"author":[{"embeddable":true,"href":"https:\/\/newsestlyonnais.fr\/site\/wp-json\/wp\/v2\/users\/4"}],"replies":[{"embeddable":true,"href":"https:\/\/newsestlyonnais.fr\/site\/wp-json\/wp\/v2\/comments?post=31991"}],"version-history":[{"count":0,"href":"https:\/\/newsestlyonnais.fr\/site\/wp-json\/wp\/v2\/posts\/31991\/revisions"}],"wp:featuredmedia":[{"embeddable":true,"href":"https:\/\/newsestlyonnais.fr\/site\/wp-json\/wp\/v2\/media\/31993"}],"wp:attachment":[{"href":"https:\/\/newsestlyonnais.fr\/site\/wp-json\/wp\/v2\/media?parent=31991"}],"wp:term":[{"taxonomy":"category","embeddable":true,"href":"https:\/\/newsestlyonnais.fr\/site\/wp-json\/wp\/v2\/categories?post=31991"},{"taxonomy":"post_tag","embeddable":true,"href":"https:\/\/newsestlyonnais.fr\/site\/wp-json\/wp\/v2\/tags?post=31991"}],"curies":[{"name":"wp","href":"https:\/\/api.w.org\/{rel}","templated":true}]}}