{"id":32269,"date":"2017-07-16T16:36:11","date_gmt":"2017-07-16T15:36:11","guid":{"rendered":"http:\/\/newsestlyonnais.fr\/site\/?p=32269"},"modified":"2020-11-02T08:57:55","modified_gmt":"2020-11-02T07:57:55","slug":"villeurbanne-victoria-josse-triple-sauteuse-de-lasvel-athle-5-du-mondial-cadets-ial-cadets","status":"publish","type":"post","link":"https:\/\/newsestlyonnais.fr\/site\/2017\/07\/16\/villeurbanne-victoria-josse-triple-sauteuse-de-lasvel-athle-5-du-mondial-cadets-ial-cadets\/","title":{"rendered":"VILLEURBANNE | Victoria Josse, triple-sauteuse de l&rsquo;Asvel Athl\u00e9, 5\u00b0 du Mondial cadets"},"content":{"rendered":"<h4>Dans la foul\u00e9e de son titre national d\u00e9croch\u00e9 r\u00e9cemment, la jeune triple sauteuse Victoria Josse a confirm\u00e9 ce week-end son \u00e9norme potentiel lors du Mondial qui se disputait \u00e0 Nairobi, au Kenya.<\/h4>\n<p><span class=\"_5yl5\"> Victoria, membre de l&rsquo;ASVEL Athl\u00e9tisme, termine en effet \u00e0 une belle 5\u00b0 place de ces Championnats du Monde Cadets, avec un meilleur saut \u00e0 12 m\u00e8tres 99, ce qui constitue son nouveau record personnel.<\/span><\/p>\n<p><span class=\"_5yl5\">\u00a0\u00bb La concurrence \u00e9tait vraiment tr\u00e8s forte et le podium un peu loin (13 m\u00e8tres 29), pour y acc\u00e9der \u00a0\u00bb confie son coach Julien Langlet.\u00a0 <\/span><\/p>\n<ul>\n<li><strong>Retrouvez l\u2019ACTU de l\u2019ASVEL Athl\u00e9 sur:\u00a0 <a href=\"http:\/\/www.asvelathle.fr\" target=\"_blank\" rel=\"noopener noreferrer\">http:\/\/www.asvelathle.fr<\/a><\/strong><\/li>\n<\/ul>\n","protected":false},"excerpt":{"rendered":"<p>Dans la foul\u00e9e de son titre national d\u00e9croch\u00e9 r\u00e9cemment, la jeune triple sauteuse Victoria Josse a confirm\u00e9 ce week-end son \u00e9norme potentiel lors du Mondial qui se disputait \u00e0 Nairobi, au Kenya. Victoria, membre de l&rsquo;ASVEL Athl\u00e9tisme, termine en effet \u00e0 une belle 5\u00b0 place de ces Championnats du Monde Cadets, avec un meilleur saut [&hellip;]<\/p>\n","protected":false},"author":4,"featured_media":32276,"comment_status":"open","ping_status":"open","sticky":false,"template":"","format":"standard","meta":{"footnotes":""},"categories":[2968,29],"tags":[],"class_list":["post-32269","post","type-post","status-publish","format-standard","has-post-thumbnail","hentry","category-athle-course-pied-marche","category-villeurbanne"],"yoast_head":"<!-- This site is optimized with the Yoast SEO plugin v27.2 - https:\/\/yoast.com\/product\/yoast-seo-wordpress\/ -->\n<title>VILLEURBANNE : Victoria Josse, triple-sauteuse de l&#039;Asvel Athl\u00e9, 5\u00b0 du Mondial cadets !<\/title>\n<meta name=\"description\" content=\"Victoria Josse (triple-sauteuse de l&#039;Asvel Athl\u00e9) 5\u00b0 du Mondial cadets et dans la foul\u00e9e de son titre national, elle confirme au Mondial \u00e0 Nairobi (Kenya)\" \/>\n<meta name=\"robots\" content=\"index, follow, max-snippet:-1, max-image-preview:large, max-video-preview:-1\" \/>\n<link rel=\"canonical\" href=\"https:\/\/newsestlyonnais.fr\/site\/2017\/07\/16\/villeurbanne-victoria-josse-triple-sauteuse-de-lasvel-athle-5-du-mondial-cadets-ial-cadets\/\" \/>\n<meta property=\"og:locale\" content=\"fr_FR\" \/>\n<meta property=\"og:type\" content=\"article\" \/>\n<meta property=\"og:title\" content=\"VILLEURBANNE : Victoria Josse, triple-sauteuse de l&#039;Asvel Athl\u00e9, 5\u00b0 du Mondial cadets !\" \/>\n<meta property=\"og:description\" content=\"Victoria Josse (triple-sauteuse de l&#039;Asvel Athl\u00e9) 5\u00b0 du Mondial cadets et dans la foul\u00e9e de son titre national, elle confirme au Mondial \u00e0 Nairobi (Kenya)\" \/>\n<meta property=\"og:url\" content=\"https:\/\/newsestlyonnais.fr\/site\/2017\/07\/16\/villeurbanne-victoria-josse-triple-sauteuse-de-lasvel-athle-5-du-mondial-cadets-ial-cadets\/\" \/>\n<meta property=\"og:site_name\" content=\"News Est Lyonnais\" \/>\n<meta property=\"article:author\" content=\"https:\/\/www.facebook.com\/pascal.oberson.1?fref=ts\" \/>\n<meta property=\"article:published_time\" content=\"2017-07-16T15:36:11+00:00\" \/>\n<meta property=\"article:modified_time\" content=\"2020-11-02T07:57:55+00:00\" \/>\n<meta property=\"og:image\" content=\"https:\/\/i1.wp.com\/newsestlyonnais.fr\/site\/wp-content\/uploads\/2017\/07\/NEWSESTLYONNAIS-VICTORIA-JOSSE-NAIROBI.jpg?fit=1000%2C750&ssl=1\" \/>\n\t<meta property=\"og:image:width\" content=\"1000\" \/>\n\t<meta property=\"og:image:height\" content=\"750\" \/>\n\t<meta property=\"og:image:type\" content=\"image\/jpeg\" \/>\n<meta name=\"author\" content=\"R\u00e9dac. NEWS\" \/>\n<meta name=\"twitter:card\" content=\"summary_large_image\" \/>\n<meta name=\"twitter:label1\" content=\"\u00c9crit par\" \/>\n\t<meta name=\"twitter:data1\" content=\"R\u00e9dac. NEWS\" \/>\n\t<meta name=\"twitter:label2\" content=\"Dur\u00e9e de lecture estim\u00e9e\" \/>\n\t<meta name=\"twitter:data2\" content=\"1 minute\" \/>\n<script type=\"application\/ld+json\" class=\"yoast-schema-graph\">{\"@context\":\"https:\/\/schema.org\",\"@graph\":[{\"@type\":\"Article\",\"@id\":\"https:\/\/newsestlyonnais.fr\/site\/2017\/07\/16\/villeurbanne-victoria-josse-triple-sauteuse-de-lasvel-athle-5-du-mondial-cadets-ial-cadets\/#article\",\"isPartOf\":{\"@id\":\"https:\/\/newsestlyonnais.fr\/site\/2017\/07\/16\/villeurbanne-victoria-josse-triple-sauteuse-de-lasvel-athle-5-du-mondial-cadets-ial-cadets\/\"},\"author\":{\"name\":\"R\u00e9dac. NEWS\",\"@id\":\"https:\/\/newsestlyonnais.fr\/site\/#\/schema\/person\/3230d5615f390bb808365d673001e887\"},\"headline\":\"VILLEURBANNE | Victoria Josse, triple-sauteuse de l&rsquo;Asvel Athl\u00e9, 5\u00b0 du Mondial cadets\",\"datePublished\":\"2017-07-16T15:36:11+00:00\",\"dateModified\":\"2020-11-02T07:57:55+00:00\",\"mainEntityOfPage\":{\"@id\":\"https:\/\/newsestlyonnais.fr\/site\/2017\/07\/16\/villeurbanne-victoria-josse-triple-sauteuse-de-lasvel-athle-5-du-mondial-cadets-ial-cadets\/\"},\"wordCount\":113,\"commentCount\":0,\"publisher\":{\"@id\":\"https:\/\/newsestlyonnais.fr\/site\/#organization\"},\"image\":{\"@id\":\"https:\/\/newsestlyonnais.fr\/site\/2017\/07\/16\/villeurbanne-victoria-josse-triple-sauteuse-de-lasvel-athle-5-du-mondial-cadets-ial-cadets\/#primaryimage\"},\"thumbnailUrl\":\"https:\/\/newsestlyonnais.fr\/site\/wp-content\/uploads\/2017\/07\/NEWSESTLYONNAIS-VICTORIA-JOSSE-NAIROBI.jpg\",\"articleSection\":[\"Athl\u00e9 | Course pied | Marche\",\"Villeurbanne\"],\"inLanguage\":\"fr-FR\",\"potentialAction\":[{\"@type\":\"CommentAction\",\"name\":\"Comment\",\"target\":[\"https:\/\/newsestlyonnais.fr\/site\/2017\/07\/16\/villeurbanne-victoria-josse-triple-sauteuse-de-lasvel-athle-5-du-mondial-cadets-ial-cadets\/#respond\"]}]},{\"@type\":\"WebPage\",\"@id\":\"https:\/\/newsestlyonnais.fr\/site\/2017\/07\/16\/villeurbanne-victoria-josse-triple-sauteuse-de-lasvel-athle-5-du-mondial-cadets-ial-cadets\/\",\"url\":\"https:\/\/newsestlyonnais.fr\/site\/2017\/07\/16\/villeurbanne-victoria-josse-triple-sauteuse-de-lasvel-athle-5-du-mondial-cadets-ial-cadets\/\",\"name\":\"VILLEURBANNE : Victoria Josse, triple-sauteuse de l'Asvel Athl\u00e9, 5\u00b0 du Mondial cadets !\",\"isPartOf\":{\"@id\":\"https:\/\/newsestlyonnais.fr\/site\/#website\"},\"primaryImageOfPage\":{\"@id\":\"https:\/\/newsestlyonnais.fr\/site\/2017\/07\/16\/villeurbanne-victoria-josse-triple-sauteuse-de-lasvel-athle-5-du-mondial-cadets-ial-cadets\/#primaryimage\"},\"image\":{\"@id\":\"https:\/\/newsestlyonnais.fr\/site\/2017\/07\/16\/villeurbanne-victoria-josse-triple-sauteuse-de-lasvel-athle-5-du-mondial-cadets-ial-cadets\/#primaryimage\"},\"thumbnailUrl\":\"https:\/\/newsestlyonnais.fr\/site\/wp-content\/uploads\/2017\/07\/NEWSESTLYONNAIS-VICTORIA-JOSSE-NAIROBI.jpg\",\"datePublished\":\"2017-07-16T15:36:11+00:00\",\"dateModified\":\"2020-11-02T07:57:55+00:00\",\"description\":\"Victoria Josse (triple-sauteuse de l'Asvel Athl\u00e9) 5\u00b0 du Mondial cadets et dans la foul\u00e9e de son titre national, elle confirme au Mondial \u00e0 Nairobi (Kenya)\",\"breadcrumb\":{\"@id\":\"https:\/\/newsestlyonnais.fr\/site\/2017\/07\/16\/villeurbanne-victoria-josse-triple-sauteuse-de-lasvel-athle-5-du-mondial-cadets-ial-cadets\/#breadcrumb\"},\"inLanguage\":\"fr-FR\",\"potentialAction\":[{\"@type\":\"ReadAction\",\"target\":[\"https:\/\/newsestlyonnais.fr\/site\/2017\/07\/16\/villeurbanne-victoria-josse-triple-sauteuse-de-lasvel-athle-5-du-mondial-cadets-ial-cadets\/\"]}]},{\"@type\":\"ImageObject\",\"inLanguage\":\"fr-FR\",\"@id\":\"https:\/\/newsestlyonnais.fr\/site\/2017\/07\/16\/villeurbanne-victoria-josse-triple-sauteuse-de-lasvel-athle-5-du-mondial-cadets-ial-cadets\/#primaryimage\",\"url\":\"https:\/\/newsestlyonnais.fr\/site\/wp-content\/uploads\/2017\/07\/NEWSESTLYONNAIS-VICTORIA-JOSSE-NAIROBI.jpg\",\"contentUrl\":\"https:\/\/newsestlyonnais.fr\/site\/wp-content\/uploads\/2017\/07\/NEWSESTLYONNAIS-VICTORIA-JOSSE-NAIROBI.jpg\",\"width\":1000,\"height\":750,\"caption\":\"NEWSESTLYONNAIS - VICTORIA JOSSE NAIROBI\"},{\"@type\":\"BreadcrumbList\",\"@id\":\"https:\/\/newsestlyonnais.fr\/site\/2017\/07\/16\/villeurbanne-victoria-josse-triple-sauteuse-de-lasvel-athle-5-du-mondial-cadets-ial-cadets\/#breadcrumb\",\"itemListElement\":[{\"@type\":\"ListItem\",\"position\":1,\"name\":\"Accueil\",\"item\":\"https:\/\/newsestlyonnais.fr\/site\/\"},{\"@type\":\"ListItem\",\"position\":2,\"name\":\"VILLEURBANNE | Victoria Josse, triple-sauteuse de l&rsquo;Asvel Athl\u00e9, 5\u00b0 du Mondial cadets\"}]},{\"@type\":\"WebSite\",\"@id\":\"https:\/\/newsestlyonnais.fr\/site\/#website\",\"url\":\"https:\/\/newsestlyonnais.fr\/site\/\",\"name\":\"News Est Lyonnais\",\"description\":\"L&#039;actualit\u00e9 au plus pr\u00e8s\",\"publisher\":{\"@id\":\"https:\/\/newsestlyonnais.fr\/site\/#organization\"},\"potentialAction\":[{\"@type\":\"SearchAction\",\"target\":{\"@type\":\"EntryPoint\",\"urlTemplate\":\"https:\/\/newsestlyonnais.fr\/site\/?s={search_term_string}\"},\"query-input\":{\"@type\":\"PropertyValueSpecification\",\"valueRequired\":true,\"valueName\":\"search_term_string\"}}],\"inLanguage\":\"fr-FR\"},{\"@type\":\"Organization\",\"@id\":\"https:\/\/newsestlyonnais.fr\/site\/#organization\",\"name\":\"News EST LYONNAIS\",\"url\":\"https:\/\/newsestlyonnais.fr\/site\/\",\"logo\":{\"@type\":\"ImageObject\",\"inLanguage\":\"fr-FR\",\"@id\":\"https:\/\/newsestlyonnais.fr\/site\/#\/schema\/logo\/image\/\",\"url\":\"\",\"contentUrl\":\"\",\"caption\":\"News EST LYONNAIS\"},\"image\":{\"@id\":\"https:\/\/newsestlyonnais.fr\/site\/#\/schema\/logo\/image\/\"}},{\"@type\":\"Person\",\"@id\":\"https:\/\/newsestlyonnais.fr\/site\/#\/schema\/person\/3230d5615f390bb808365d673001e887\",\"name\":\"R\u00e9dac. NEWS\",\"sameAs\":[\"http:\/\/www.newsestlyonnais.fr\",\"https:\/\/www.facebook.com\/pascal.oberson.1?fref=ts\",\"https:\/\/fr.linkedin.com\/in\/pascal-oberson-b17045113\"],\"url\":\"https:\/\/newsestlyonnais.fr\/site\/author\/nel\/\"}]}<\/script>\n<!-- \/ Yoast SEO plugin. -->","yoast_head_json":{"title":"VILLEURBANNE : Victoria Josse, triple-sauteuse de l'Asvel Athl\u00e9, 5\u00b0 du Mondial cadets !","description":"Victoria Josse (triple-sauteuse de l'Asvel Athl\u00e9) 5\u00b0 du Mondial cadets et dans la foul\u00e9e de son titre national, elle confirme au Mondial \u00e0 Nairobi (Kenya)","robots":{"index":"index","follow":"follow","max-snippet":"max-snippet:-1","max-image-preview":"max-image-preview:large","max-video-preview":"max-video-preview:-1"},"canonical":"https:\/\/newsestlyonnais.fr\/site\/2017\/07\/16\/villeurbanne-victoria-josse-triple-sauteuse-de-lasvel-athle-5-du-mondial-cadets-ial-cadets\/","og_locale":"fr_FR","og_type":"article","og_title":"VILLEURBANNE : Victoria Josse, triple-sauteuse de l'Asvel Athl\u00e9, 5\u00b0 du Mondial cadets !","og_description":"Victoria Josse (triple-sauteuse de l'Asvel Athl\u00e9) 5\u00b0 du Mondial cadets et dans la foul\u00e9e de son titre national, elle confirme au Mondial \u00e0 Nairobi (Kenya)","og_url":"https:\/\/newsestlyonnais.fr\/site\/2017\/07\/16\/villeurbanne-victoria-josse-triple-sauteuse-de-lasvel-athle-5-du-mondial-cadets-ial-cadets\/","og_site_name":"News Est Lyonnais","article_author":"https:\/\/www.facebook.com\/pascal.oberson.1?fref=ts","article_published_time":"2017-07-16T15:36:11+00:00","article_modified_time":"2020-11-02T07:57:55+00:00","og_image":[{"width":1000,"height":750,"url":"https:\/\/i1.wp.com\/newsestlyonnais.fr\/site\/wp-content\/uploads\/2017\/07\/NEWSESTLYONNAIS-VICTORIA-JOSSE-NAIROBI.jpg?fit=1000%2C750&ssl=1","type":"image\/jpeg"}],"author":"R\u00e9dac. NEWS","twitter_card":"summary_large_image","twitter_misc":{"\u00c9crit par":"R\u00e9dac. NEWS","Dur\u00e9e de lecture estim\u00e9e":"1 minute"},"schema":{"@context":"https:\/\/schema.org","@graph":[{"@type":"Article","@id":"https:\/\/newsestlyonnais.fr\/site\/2017\/07\/16\/villeurbanne-victoria-josse-triple-sauteuse-de-lasvel-athle-5-du-mondial-cadets-ial-cadets\/#article","isPartOf":{"@id":"https:\/\/newsestlyonnais.fr\/site\/2017\/07\/16\/villeurbanne-victoria-josse-triple-sauteuse-de-lasvel-athle-5-du-mondial-cadets-ial-cadets\/"},"author":{"name":"R\u00e9dac. NEWS","@id":"https:\/\/newsestlyonnais.fr\/site\/#\/schema\/person\/3230d5615f390bb808365d673001e887"},"headline":"VILLEURBANNE | Victoria Josse, triple-sauteuse de l&rsquo;Asvel Athl\u00e9, 5\u00b0 du Mondial cadets","datePublished":"2017-07-16T15:36:11+00:00","dateModified":"2020-11-02T07:57:55+00:00","mainEntityOfPage":{"@id":"https:\/\/newsestlyonnais.fr\/site\/2017\/07\/16\/villeurbanne-victoria-josse-triple-sauteuse-de-lasvel-athle-5-du-mondial-cadets-ial-cadets\/"},"wordCount":113,"commentCount":0,"publisher":{"@id":"https:\/\/newsestlyonnais.fr\/site\/#organization"},"image":{"@id":"https:\/\/newsestlyonnais.fr\/site\/2017\/07\/16\/villeurbanne-victoria-josse-triple-sauteuse-de-lasvel-athle-5-du-mondial-cadets-ial-cadets\/#primaryimage"},"thumbnailUrl":"https:\/\/newsestlyonnais.fr\/site\/wp-content\/uploads\/2017\/07\/NEWSESTLYONNAIS-VICTORIA-JOSSE-NAIROBI.jpg","articleSection":["Athl\u00e9 | Course pied | Marche","Villeurbanne"],"inLanguage":"fr-FR","potentialAction":[{"@type":"CommentAction","name":"Comment","target":["https:\/\/newsestlyonnais.fr\/site\/2017\/07\/16\/villeurbanne-victoria-josse-triple-sauteuse-de-lasvel-athle-5-du-mondial-cadets-ial-cadets\/#respond"]}]},{"@type":"WebPage","@id":"https:\/\/newsestlyonnais.fr\/site\/2017\/07\/16\/villeurbanne-victoria-josse-triple-sauteuse-de-lasvel-athle-5-du-mondial-cadets-ial-cadets\/","url":"https:\/\/newsestlyonnais.fr\/site\/2017\/07\/16\/villeurbanne-victoria-josse-triple-sauteuse-de-lasvel-athle-5-du-mondial-cadets-ial-cadets\/","name":"VILLEURBANNE : Victoria Josse, triple-sauteuse de l'Asvel Athl\u00e9, 5\u00b0 du Mondial cadets !","isPartOf":{"@id":"https:\/\/newsestlyonnais.fr\/site\/#website"},"primaryImageOfPage":{"@id":"https:\/\/newsestlyonnais.fr\/site\/2017\/07\/16\/villeurbanne-victoria-josse-triple-sauteuse-de-lasvel-athle-5-du-mondial-cadets-ial-cadets\/#primaryimage"},"image":{"@id":"https:\/\/newsestlyonnais.fr\/site\/2017\/07\/16\/villeurbanne-victoria-josse-triple-sauteuse-de-lasvel-athle-5-du-mondial-cadets-ial-cadets\/#primaryimage"},"thumbnailUrl":"https:\/\/newsestlyonnais.fr\/site\/wp-content\/uploads\/2017\/07\/NEWSESTLYONNAIS-VICTORIA-JOSSE-NAIROBI.jpg","datePublished":"2017-07-16T15:36:11+00:00","dateModified":"2020-11-02T07:57:55+00:00","description":"Victoria Josse (triple-sauteuse de l'Asvel Athl\u00e9) 5\u00b0 du Mondial cadets et dans la foul\u00e9e de son titre national, elle confirme au Mondial \u00e0 Nairobi (Kenya)","breadcrumb":{"@id":"https:\/\/newsestlyonnais.fr\/site\/2017\/07\/16\/villeurbanne-victoria-josse-triple-sauteuse-de-lasvel-athle-5-du-mondial-cadets-ial-cadets\/#breadcrumb"},"inLanguage":"fr-FR","potentialAction":[{"@type":"ReadAction","target":["https:\/\/newsestlyonnais.fr\/site\/2017\/07\/16\/villeurbanne-victoria-josse-triple-sauteuse-de-lasvel-athle-5-du-mondial-cadets-ial-cadets\/"]}]},{"@type":"ImageObject","inLanguage":"fr-FR","@id":"https:\/\/newsestlyonnais.fr\/site\/2017\/07\/16\/villeurbanne-victoria-josse-triple-sauteuse-de-lasvel-athle-5-du-mondial-cadets-ial-cadets\/#primaryimage","url":"https:\/\/newsestlyonnais.fr\/site\/wp-content\/uploads\/2017\/07\/NEWSESTLYONNAIS-VICTORIA-JOSSE-NAIROBI.jpg","contentUrl":"https:\/\/newsestlyonnais.fr\/site\/wp-content\/uploads\/2017\/07\/NEWSESTLYONNAIS-VICTORIA-JOSSE-NAIROBI.jpg","width":1000,"height":750,"caption":"NEWSESTLYONNAIS - VICTORIA JOSSE NAIROBI"},{"@type":"BreadcrumbList","@id":"https:\/\/newsestlyonnais.fr\/site\/2017\/07\/16\/villeurbanne-victoria-josse-triple-sauteuse-de-lasvel-athle-5-du-mondial-cadets-ial-cadets\/#breadcrumb","itemListElement":[{"@type":"ListItem","position":1,"name":"Accueil","item":"https:\/\/newsestlyonnais.fr\/site\/"},{"@type":"ListItem","position":2,"name":"VILLEURBANNE | Victoria Josse, triple-sauteuse de l&rsquo;Asvel Athl\u00e9, 5\u00b0 du Mondial cadets"}]},{"@type":"WebSite","@id":"https:\/\/newsestlyonnais.fr\/site\/#website","url":"https:\/\/newsestlyonnais.fr\/site\/","name":"News Est Lyonnais","description":"L&#039;actualit\u00e9 au plus pr\u00e8s","publisher":{"@id":"https:\/\/newsestlyonnais.fr\/site\/#organization"},"potentialAction":[{"@type":"SearchAction","target":{"@type":"EntryPoint","urlTemplate":"https:\/\/newsestlyonnais.fr\/site\/?s={search_term_string}"},"query-input":{"@type":"PropertyValueSpecification","valueRequired":true,"valueName":"search_term_string"}}],"inLanguage":"fr-FR"},{"@type":"Organization","@id":"https:\/\/newsestlyonnais.fr\/site\/#organization","name":"News EST LYONNAIS","url":"https:\/\/newsestlyonnais.fr\/site\/","logo":{"@type":"ImageObject","inLanguage":"fr-FR","@id":"https:\/\/newsestlyonnais.fr\/site\/#\/schema\/logo\/image\/","url":"","contentUrl":"","caption":"News EST LYONNAIS"},"image":{"@id":"https:\/\/newsestlyonnais.fr\/site\/#\/schema\/logo\/image\/"}},{"@type":"Person","@id":"https:\/\/newsestlyonnais.fr\/site\/#\/schema\/person\/3230d5615f390bb808365d673001e887","name":"R\u00e9dac. NEWS","sameAs":["http:\/\/www.newsestlyonnais.fr","https:\/\/www.facebook.com\/pascal.oberson.1?fref=ts","https:\/\/fr.linkedin.com\/in\/pascal-oberson-b17045113"],"url":"https:\/\/newsestlyonnais.fr\/site\/author\/nel\/"}]}},"_links":{"self":[{"href":"https:\/\/newsestlyonnais.fr\/site\/wp-json\/wp\/v2\/posts\/32269","targetHints":{"allow":["GET"]}}],"collection":[{"href":"https:\/\/newsestlyonnais.fr\/site\/wp-json\/wp\/v2\/posts"}],"about":[{"href":"https:\/\/newsestlyonnais.fr\/site\/wp-json\/wp\/v2\/types\/post"}],"author":[{"embeddable":true,"href":"https:\/\/newsestlyonnais.fr\/site\/wp-json\/wp\/v2\/users\/4"}],"replies":[{"embeddable":true,"href":"https:\/\/newsestlyonnais.fr\/site\/wp-json\/wp\/v2\/comments?post=32269"}],"version-history":[{"count":0,"href":"https:\/\/newsestlyonnais.fr\/site\/wp-json\/wp\/v2\/posts\/32269\/revisions"}],"wp:featuredmedia":[{"embeddable":true,"href":"https:\/\/newsestlyonnais.fr\/site\/wp-json\/wp\/v2\/media\/32276"}],"wp:attachment":[{"href":"https:\/\/newsestlyonnais.fr\/site\/wp-json\/wp\/v2\/media?parent=32269"}],"wp:term":[{"taxonomy":"category","embeddable":true,"href":"https:\/\/newsestlyonnais.fr\/site\/wp-json\/wp\/v2\/categories?post=32269"},{"taxonomy":"post_tag","embeddable":true,"href":"https:\/\/newsestlyonnais.fr\/site\/wp-json\/wp\/v2\/tags?post=32269"}],"curies":[{"name":"wp","href":"https:\/\/api.w.org\/{rel}","templated":true}]}}