{"id":32556,"date":"2017-07-22T08:07:23","date_gmt":"2017-07-22T07:07:23","guid":{"rendered":"http:\/\/newsestlyonnais.fr\/site\/?p=32556"},"modified":"2020-11-20T13:23:16","modified_gmt":"2020-11-20T12:23:16","slug":"meyzieu-la-saison-2016-2017-de-laviron-majolan-aura-ete-un-excellent-cru","status":"publish","type":"post","link":"https:\/\/newsestlyonnais.fr\/site\/2017\/07\/22\/meyzieu-la-saison-2016-2017-de-laviron-majolan-aura-ete-un-excellent-cru\/","title":{"rendered":"MEYZIEU | La saison 2016-2017 de l\u2019Aviron Majolan aura \u00e9t\u00e9 un excellent cru"},"content":{"rendered":"<h4>193 membres, comp\u00e9titeurs et loisirs confondus, ont fait partie de l\u2019Aviron Majolan pour cette saison 2016-2017 dont les dirigeants viennent d&rsquo;en dresser le bilan global.<\/h4>\n<p>&nbsp;<\/p>\n<p><span style=\"text-decoration: underline\"><strong>C\u00f4t\u00e9 comp\u00e9tition<\/strong><\/span>, cette saison aura \u00e9t\u00e9 un excellent cru puisque 4 m\u00e9dailles ont \u00e9t\u00e9 remport\u00e9es, dont une en or, au cours des championnats de France par les rameurs majolans :<\/p>\n<ul>\n<li>M\u00e9daille d\u2019<strong>or<\/strong> pour le <strong>2 de couple homme poids l\u00e9ger<\/strong> compos\u00e9 de <span style=\"text-decoration: underline\">Maxime Demontfaucon et Thibault Remy.<\/span><\/li>\n<li>M\u00e9daille d\u2019<strong>argent<\/strong> pour le <strong>2 sans barreur homme poids l\u00e9ger<\/strong> avec <span style=\"text-decoration: underline\">Thibault Remy<\/span> associ\u00e9 \u00e0 un rameur lyonnais aux championnats de France bateaux courts.<\/li>\n<li>M\u00e9daille de <strong>bronze<\/strong> pour le <strong>4 de couple barr\u00e9 gar\u00e7on J14<\/strong> compos\u00e9 de <span style=\"text-decoration: underline\">Valentin Arthaud, Lucas Constanza, Cl\u00e9ment Lepretre, Matthias Cissey et Marie Dessy (barreuse)<\/span><strong>. <\/strong>C&rsquo;est d&rsquo;ailleurs la premi\u00e8re m\u00e9daille dans cette cat\u00e9gorie (ex-minime) pour le club depuis sa cr\u00e9ation en 1953.<strong><br \/>\n<\/strong><\/li>\n<li>M\u00e9daille de <strong>bronze<\/strong> pour le <strong>4 sans barreur gar\u00e7on J18<\/strong> compos\u00e9 de <span style=\"text-decoration: underline\">Nicolas Starc, Corentin Constanza, Julien Monveneur et Thibaut Lan\u00e7on.<\/span><strong> (PHOTO A LA UNE)<\/strong>.<br \/>\n<span style=\"text-decoration: underline\"><strong><em>NOTA<\/em><\/strong><\/span>: cette ann\u00e9e, toutes les cat\u00e9gories ont \u00e9t\u00e9 tr\u00e8s bien repr\u00e9sent\u00e9es au niveau national avec plusieurs bateaux class\u00e9s dans les 15 meilleurs bateaux fran\u00e7ais. Au niveau international, l\u2019Aviron Majolan se fait \u00e9galement remarquer avec <strong>2 jeunes en \u00e9quipe de France<\/strong> :<br \/>\n\u2022 <strong>Maxime Demontfaucon<\/strong> qui a int\u00e9gr\u00e9 le 4 de couple senior homme poids l\u00e9ger. Avec son \u00e9quipage, il vient d\u2019ailleurs de remporter la m\u00e9daille d&rsquo;argent en coupe du monde \u00e0 Lucerne avant de s\u2019envoler pour les championnats du monde qui auront lieu en Floride fin septembre.<br \/>\n\u2022 <strong>Corentin Constanza<\/strong> qui a int\u00e9gr\u00e9 l\u2019\u00e9quipe de France junior et qui va participer \u00e0 la coupe de la jeunesse en Belgique \u00e0 Hazewinkel fin ao\u00fbt.<br \/>\n\u00ab\u00a0Ces bons r\u00e9sultats \u00e9tant le fruit d&rsquo;un important travail collectif au sein du club men\u00e9 par les entra\u00eeneurs qui ont su mobiliser ces rameurs sur des objectifs ambitieux mais r\u00e9alistes. R\u00e9cemment, l&rsquo;apport financier de partenaires priv\u00e9s venant compl\u00e9ter les subventions des partenaires publics est aussi d\u00e9terminant puisqu&rsquo;il permet la p\u00e9rennisation de l&rsquo;encadrement, l&rsquo;achat de bateaux et une meilleure gestion logistique des comp\u00e9titions\u00a0\u00bb. confie un dirigeant du club.<\/li>\n<\/ul>\n<p><span style=\"text-decoration: underline\"><strong>Vie du club<\/strong><\/span> : De nombreux \u00e9v\u00e9nements ont \u00e9t\u00e9 organis\u00e9s tout au long de l\u2019ann\u00e9e, afin de faire d\u00e9couvrir l\u2019aviron au plus grand nombre et pour tout public. Et ceci gr\u00e2ce \u00e0 un \u00e9norme travail des b\u00e9n\u00e9voles ! Notamment l\u2019organisation de la 2\u00b0 \u00e9dition de la journ\u00e9e \u00ab\u00a0<strong>Toutes \u00e0 l\u2019aviron f\u00e9minin<\/strong>\u00a0\u00bb qui a permis d\u2019initier 86 d\u00e9butantes (de 15 \u00e0 + de 50 ans) dans une ambiance conviviale et festive.<\/p>\n<ul>\n<li>\n<h4>Retrouvez l&rsquo;ACTU de l&rsquo;Aviron Majolan sur: <a href=\"https:\/\/avironmajolan.org\" target=\"_blank\" rel=\"noopener noreferrer\">https:\/\/avironmajolan.org<\/a><\/h4>\n<\/li>\n<\/ul>\n<div id='gallery-1' class='gallery galleryid-32556 gallery-columns-3 gallery-size-thumbnail'><figure class='gallery-item'>\n\t\t\t<div class='gallery-icon landscape'>\n\t\t\t\t<a href='https:\/\/newsestlyonnais.fr\/site\/2017\/07\/22\/meyzieu-la-saison-2016-2017-de-laviron-majolan-aura-ete-un-excellent-cru\/newsestlyonnais-aviron-majolan-buro\/'><img loading=\"lazy\" decoding=\"async\" width=\"150\" height=\"150\" src=\"https:\/\/newsestlyonnais.fr\/site\/wp-content\/uploads\/2017\/07\/NEWSESTLYONNAIS-AVIRON-MAJOLAN-BURO-150x150.jpg\" class=\"attachment-thumbnail size-thumbnail\" alt=\"\" aria-describedby=\"gallery-1-32674\" \/><\/a>\n\t\t\t<\/div>\n\t\t\t\t<figcaption class='wp-caption-text gallery-caption' id='gallery-1-32674'>\n\t\t\t\tR\u00e9mi Revellin (pr\u00e9sident) ,St\u00e9phane Constanza (tr\u00e9sorier) et C\u00e9cile B\u00e9carie (secr\u00e9taire). \n\t\t\t\t<\/figcaption><\/figure><figure class='gallery-item'>\n\t\t\t<div class='gallery-icon landscape'>\n\t\t\t\t<a href='https:\/\/newsestlyonnais.fr\/site\/2017\/07\/22\/meyzieu-la-saison-2016-2017-de-laviron-majolan-aura-ete-un-excellent-cru\/newsestlyonnais-medailleor\/'><img loading=\"lazy\" decoding=\"async\" width=\"150\" height=\"150\" src=\"https:\/\/newsestlyonnais.fr\/site\/wp-content\/uploads\/2017\/07\/NEWSESTLYONNAIS-MedailleOr--150x150.jpg\" class=\"attachment-thumbnail size-thumbnail\" alt=\"\" aria-describedby=\"gallery-1-32676\" \/><\/a>\n\t\t\t<\/div>\n\t\t\t\t<figcaption class='wp-caption-text gallery-caption' id='gallery-1-32676'>\n\t\t\t\tThibault Remy et Maxime Demontfaucon sont champions de France \n\t\t\t\t<\/figcaption><\/figure><figure class='gallery-item'>\n\t\t\t<div class='gallery-icon landscape'>\n\t\t\t\t<a href='https:\/\/newsestlyonnais.fr\/site\/2017\/07\/22\/meyzieu-la-saison-2016-2017-de-laviron-majolan-aura-ete-un-excellent-cru\/newsestlyonnais-toutes-a-aviron\/'><img loading=\"lazy\" decoding=\"async\" width=\"150\" height=\"150\" src=\"https:\/\/newsestlyonnais.fr\/site\/wp-content\/uploads\/2017\/07\/NEWSESTLYONNAIS-TOUTES-A-AVIRON-150x150.jpg\" class=\"attachment-thumbnail size-thumbnail\" alt=\"NEWSESTLYONNAIS - TOUTES A AVIRON\" aria-describedby=\"gallery-1-32677\" \/><\/a>\n\t\t\t<\/div>\n\t\t\t\t<figcaption class='wp-caption-text gallery-caption' id='gallery-1-32677'>\n\t\t\t\t\u00ab\u00a0Toutes \u00e0 l\u2019aviron\nf\u00e9minin\u00a0\u00bb  a permis d\u2019initier 86 d\u00e9butantes\n\t\t\t\t<\/figcaption><\/figure><figure class='gallery-item'>\n\t\t\t<div class='gallery-icon landscape'>\n\t\t\t\t<a href='https:\/\/newsestlyonnais.fr\/site\/2017\/07\/22\/meyzieu-la-saison-2016-2017-de-laviron-majolan-aura-ete-un-excellent-cru\/newsestlyonnais-medaillebronzej14\/'><img loading=\"lazy\" decoding=\"async\" width=\"150\" height=\"150\" src=\"https:\/\/newsestlyonnais.fr\/site\/wp-content\/uploads\/2017\/07\/NEWSESTLYONNAIS-MedailleBronzeJ14-150x150.jpg\" class=\"attachment-thumbnail size-thumbnail\" alt=\"NEWSESTLYONNAIS MedailleBronzeJ14\" aria-describedby=\"gallery-1-32678\" \/><\/a>\n\t\t\t<\/div>\n\t\t\t\t<figcaption class='wp-caption-text gallery-caption' id='gallery-1-32678'>\n\t\t\t\tLes &#8211; 14 ans m\u00e9daill\u00e9s de bronze\n\t\t\t\t<\/figcaption><\/figure>\n\t\t<\/div>\n\n","protected":false},"excerpt":{"rendered":"<p>193 membres, comp\u00e9titeurs et loisirs confondus, ont fait partie de l\u2019Aviron Majolan pour cette saison 2016-2017 dont les dirigeants viennent d&rsquo;en dresser le bilan global. &nbsp; C\u00f4t\u00e9 comp\u00e9tition, cette saison aura \u00e9t\u00e9 un excellent cru puisque 4 m\u00e9dailles ont \u00e9t\u00e9 remport\u00e9es, dont une en or, au cours des championnats de France par les rameurs majolans [&hellip;]<\/p>\n","protected":false},"author":4,"featured_media":32673,"comment_status":"open","ping_status":"open","sticky":false,"template":"","format":"standard","meta":{"footnotes":""},"categories":[3443,1347,2973,24],"tags":[],"class_list":["post-32556","post","type-post","status-publish","format-standard","has-post-thumbnail","hentry","category-aviation-nautisme","category-aviron","category-aviron-kayak-voile-sports","category-meyzieu"],"yoast_head":"<!-- This site is optimized with the Yoast SEO plugin v27.2 - https:\/\/yoast.com\/product\/yoast-seo-wordpress\/ -->\n<title>MEYZIEU: La saison 2016-2017 de l\u2019Aviron Majolan aura \u00e9t\u00e9 un excellent cru<\/title>\n<meta name=\"description\" content=\"MEYZIEU: La saison 2016-2017 de l\u2019Aviron Majolan aura \u00e9t\u00e9 un excellent cru\" \/>\n<meta name=\"robots\" content=\"index, follow, max-snippet:-1, max-image-preview:large, max-video-preview:-1\" \/>\n<link rel=\"canonical\" href=\"https:\/\/newsestlyonnais.fr\/site\/2017\/07\/22\/meyzieu-la-saison-2016-2017-de-laviron-majolan-aura-ete-un-excellent-cru\/\" \/>\n<meta property=\"og:locale\" content=\"fr_FR\" \/>\n<meta property=\"og:type\" content=\"article\" \/>\n<meta property=\"og:title\" content=\"MEYZIEU: La saison 2016-2017 de l\u2019Aviron Majolan aura \u00e9t\u00e9 un excellent cru\" \/>\n<meta property=\"og:description\" content=\"MEYZIEU: La saison 2016-2017 de l\u2019Aviron Majolan aura \u00e9t\u00e9 un excellent cru\" \/>\n<meta property=\"og:url\" content=\"https:\/\/newsestlyonnais.fr\/site\/2017\/07\/22\/meyzieu-la-saison-2016-2017-de-laviron-majolan-aura-ete-un-excellent-cru\/\" \/>\n<meta property=\"og:site_name\" content=\"News Est Lyonnais\" \/>\n<meta property=\"article:author\" content=\"https:\/\/www.facebook.com\/pascal.oberson.1?fref=ts\" \/>\n<meta property=\"article:published_time\" content=\"2017-07-22T07:07:23+00:00\" \/>\n<meta property=\"article:modified_time\" content=\"2020-11-20T12:23:16+00:00\" \/>\n<meta property=\"og:image\" content=\"https:\/\/i0.wp.com\/newsestlyonnais.fr\/site\/wp-content\/uploads\/2017\/07\/NEWSESTLYONNAIS-MedailleBronzeJ18.jpg?fit=1000%2C750&ssl=1\" \/>\n\t<meta property=\"og:image:width\" content=\"1000\" \/>\n\t<meta property=\"og:image:height\" content=\"750\" \/>\n\t<meta property=\"og:image:type\" content=\"image\/jpeg\" \/>\n<meta name=\"author\" content=\"R\u00e9dac. NEWS\" \/>\n<meta name=\"twitter:card\" content=\"summary_large_image\" \/>\n<meta name=\"twitter:label1\" content=\"\u00c9crit par\" \/>\n\t<meta name=\"twitter:data1\" content=\"R\u00e9dac. NEWS\" \/>\n\t<meta name=\"twitter:label2\" content=\"Dur\u00e9e de lecture estim\u00e9e\" \/>\n\t<meta name=\"twitter:data2\" content=\"2 minutes\" \/>\n<script type=\"application\/ld+json\" class=\"yoast-schema-graph\">{\"@context\":\"https:\/\/schema.org\",\"@graph\":[{\"@type\":\"Article\",\"@id\":\"https:\/\/newsestlyonnais.fr\/site\/2017\/07\/22\/meyzieu-la-saison-2016-2017-de-laviron-majolan-aura-ete-un-excellent-cru\/#article\",\"isPartOf\":{\"@id\":\"https:\/\/newsestlyonnais.fr\/site\/2017\/07\/22\/meyzieu-la-saison-2016-2017-de-laviron-majolan-aura-ete-un-excellent-cru\/\"},\"author\":{\"name\":\"R\u00e9dac. NEWS\",\"@id\":\"https:\/\/newsestlyonnais.fr\/site\/#\/schema\/person\/3230d5615f390bb808365d673001e887\"},\"headline\":\"MEYZIEU | La saison 2016-2017 de l\u2019Aviron Majolan aura \u00e9t\u00e9 un excellent cru\",\"datePublished\":\"2017-07-22T07:07:23+00:00\",\"dateModified\":\"2020-11-20T12:23:16+00:00\",\"mainEntityOfPage\":{\"@id\":\"https:\/\/newsestlyonnais.fr\/site\/2017\/07\/22\/meyzieu-la-saison-2016-2017-de-laviron-majolan-aura-ete-un-excellent-cru\/\"},\"wordCount\":485,\"commentCount\":0,\"publisher\":{\"@id\":\"https:\/\/newsestlyonnais.fr\/site\/#organization\"},\"image\":{\"@id\":\"https:\/\/newsestlyonnais.fr\/site\/2017\/07\/22\/meyzieu-la-saison-2016-2017-de-laviron-majolan-aura-ete-un-excellent-cru\/#primaryimage\"},\"thumbnailUrl\":\"https:\/\/newsestlyonnais.fr\/site\/wp-content\/uploads\/2017\/07\/NEWSESTLYONNAIS-MedailleBronzeJ18.jpg\",\"articleSection\":[\"Aviation | Nautisme\",\"Aviron\",\"Aviron | Kayak | Voile\",\"Meyzieu\"],\"inLanguage\":\"fr-FR\",\"potentialAction\":[{\"@type\":\"CommentAction\",\"name\":\"Comment\",\"target\":[\"https:\/\/newsestlyonnais.fr\/site\/2017\/07\/22\/meyzieu-la-saison-2016-2017-de-laviron-majolan-aura-ete-un-excellent-cru\/#respond\"]}]},{\"@type\":\"WebPage\",\"@id\":\"https:\/\/newsestlyonnais.fr\/site\/2017\/07\/22\/meyzieu-la-saison-2016-2017-de-laviron-majolan-aura-ete-un-excellent-cru\/\",\"url\":\"https:\/\/newsestlyonnais.fr\/site\/2017\/07\/22\/meyzieu-la-saison-2016-2017-de-laviron-majolan-aura-ete-un-excellent-cru\/\",\"name\":\"MEYZIEU: La saison 2016-2017 de l\u2019Aviron Majolan aura \u00e9t\u00e9 un excellent cru\",\"isPartOf\":{\"@id\":\"https:\/\/newsestlyonnais.fr\/site\/#website\"},\"primaryImageOfPage\":{\"@id\":\"https:\/\/newsestlyonnais.fr\/site\/2017\/07\/22\/meyzieu-la-saison-2016-2017-de-laviron-majolan-aura-ete-un-excellent-cru\/#primaryimage\"},\"image\":{\"@id\":\"https:\/\/newsestlyonnais.fr\/site\/2017\/07\/22\/meyzieu-la-saison-2016-2017-de-laviron-majolan-aura-ete-un-excellent-cru\/#primaryimage\"},\"thumbnailUrl\":\"https:\/\/newsestlyonnais.fr\/site\/wp-content\/uploads\/2017\/07\/NEWSESTLYONNAIS-MedailleBronzeJ18.jpg\",\"datePublished\":\"2017-07-22T07:07:23+00:00\",\"dateModified\":\"2020-11-20T12:23:16+00:00\",\"description\":\"MEYZIEU: La saison 2016-2017 de l\u2019Aviron Majolan aura \u00e9t\u00e9 un excellent cru\",\"breadcrumb\":{\"@id\":\"https:\/\/newsestlyonnais.fr\/site\/2017\/07\/22\/meyzieu-la-saison-2016-2017-de-laviron-majolan-aura-ete-un-excellent-cru\/#breadcrumb\"},\"inLanguage\":\"fr-FR\",\"potentialAction\":[{\"@type\":\"ReadAction\",\"target\":[\"https:\/\/newsestlyonnais.fr\/site\/2017\/07\/22\/meyzieu-la-saison-2016-2017-de-laviron-majolan-aura-ete-un-excellent-cru\/\"]}]},{\"@type\":\"ImageObject\",\"inLanguage\":\"fr-FR\",\"@id\":\"https:\/\/newsestlyonnais.fr\/site\/2017\/07\/22\/meyzieu-la-saison-2016-2017-de-laviron-majolan-aura-ete-un-excellent-cru\/#primaryimage\",\"url\":\"https:\/\/newsestlyonnais.fr\/site\/wp-content\/uploads\/2017\/07\/NEWSESTLYONNAIS-MedailleBronzeJ18.jpg\",\"contentUrl\":\"https:\/\/newsestlyonnais.fr\/site\/wp-content\/uploads\/2017\/07\/NEWSESTLYONNAIS-MedailleBronzeJ18.jpg\",\"width\":1000,\"height\":750,\"caption\":\"NEWSESTLYONNAIS - MedailleBronzeJ18\"},{\"@type\":\"BreadcrumbList\",\"@id\":\"https:\/\/newsestlyonnais.fr\/site\/2017\/07\/22\/meyzieu-la-saison-2016-2017-de-laviron-majolan-aura-ete-un-excellent-cru\/#breadcrumb\",\"itemListElement\":[{\"@type\":\"ListItem\",\"position\":1,\"name\":\"Accueil\",\"item\":\"https:\/\/newsestlyonnais.fr\/site\/\"},{\"@type\":\"ListItem\",\"position\":2,\"name\":\"MEYZIEU | La saison 2016-2017 de l\u2019Aviron Majolan aura \u00e9t\u00e9 un excellent cru\"}]},{\"@type\":\"WebSite\",\"@id\":\"https:\/\/newsestlyonnais.fr\/site\/#website\",\"url\":\"https:\/\/newsestlyonnais.fr\/site\/\",\"name\":\"News Est Lyonnais\",\"description\":\"L&#039;actualit\u00e9 au plus pr\u00e8s\",\"publisher\":{\"@id\":\"https:\/\/newsestlyonnais.fr\/site\/#organization\"},\"potentialAction\":[{\"@type\":\"SearchAction\",\"target\":{\"@type\":\"EntryPoint\",\"urlTemplate\":\"https:\/\/newsestlyonnais.fr\/site\/?s={search_term_string}\"},\"query-input\":{\"@type\":\"PropertyValueSpecification\",\"valueRequired\":true,\"valueName\":\"search_term_string\"}}],\"inLanguage\":\"fr-FR\"},{\"@type\":\"Organization\",\"@id\":\"https:\/\/newsestlyonnais.fr\/site\/#organization\",\"name\":\"News EST LYONNAIS\",\"url\":\"https:\/\/newsestlyonnais.fr\/site\/\",\"logo\":{\"@type\":\"ImageObject\",\"inLanguage\":\"fr-FR\",\"@id\":\"https:\/\/newsestlyonnais.fr\/site\/#\/schema\/logo\/image\/\",\"url\":\"\",\"contentUrl\":\"\",\"caption\":\"News EST LYONNAIS\"},\"image\":{\"@id\":\"https:\/\/newsestlyonnais.fr\/site\/#\/schema\/logo\/image\/\"}},{\"@type\":\"Person\",\"@id\":\"https:\/\/newsestlyonnais.fr\/site\/#\/schema\/person\/3230d5615f390bb808365d673001e887\",\"name\":\"R\u00e9dac. NEWS\",\"sameAs\":[\"http:\/\/www.newsestlyonnais.fr\",\"https:\/\/www.facebook.com\/pascal.oberson.1?fref=ts\",\"https:\/\/fr.linkedin.com\/in\/pascal-oberson-b17045113\"],\"url\":\"https:\/\/newsestlyonnais.fr\/site\/author\/nel\/\"}]}<\/script>\n<!-- \/ Yoast SEO plugin. -->","yoast_head_json":{"title":"MEYZIEU: La saison 2016-2017 de l\u2019Aviron Majolan aura \u00e9t\u00e9 un excellent cru","description":"MEYZIEU: La saison 2016-2017 de l\u2019Aviron Majolan aura \u00e9t\u00e9 un excellent cru","robots":{"index":"index","follow":"follow","max-snippet":"max-snippet:-1","max-image-preview":"max-image-preview:large","max-video-preview":"max-video-preview:-1"},"canonical":"https:\/\/newsestlyonnais.fr\/site\/2017\/07\/22\/meyzieu-la-saison-2016-2017-de-laviron-majolan-aura-ete-un-excellent-cru\/","og_locale":"fr_FR","og_type":"article","og_title":"MEYZIEU: La saison 2016-2017 de l\u2019Aviron Majolan aura \u00e9t\u00e9 un excellent cru","og_description":"MEYZIEU: La saison 2016-2017 de l\u2019Aviron Majolan aura \u00e9t\u00e9 un excellent cru","og_url":"https:\/\/newsestlyonnais.fr\/site\/2017\/07\/22\/meyzieu-la-saison-2016-2017-de-laviron-majolan-aura-ete-un-excellent-cru\/","og_site_name":"News Est Lyonnais","article_author":"https:\/\/www.facebook.com\/pascal.oberson.1?fref=ts","article_published_time":"2017-07-22T07:07:23+00:00","article_modified_time":"2020-11-20T12:23:16+00:00","og_image":[{"width":1000,"height":750,"url":"https:\/\/i0.wp.com\/newsestlyonnais.fr\/site\/wp-content\/uploads\/2017\/07\/NEWSESTLYONNAIS-MedailleBronzeJ18.jpg?fit=1000%2C750&ssl=1","type":"image\/jpeg"}],"author":"R\u00e9dac. NEWS","twitter_card":"summary_large_image","twitter_misc":{"\u00c9crit par":"R\u00e9dac. NEWS","Dur\u00e9e de lecture estim\u00e9e":"2 minutes"},"schema":{"@context":"https:\/\/schema.org","@graph":[{"@type":"Article","@id":"https:\/\/newsestlyonnais.fr\/site\/2017\/07\/22\/meyzieu-la-saison-2016-2017-de-laviron-majolan-aura-ete-un-excellent-cru\/#article","isPartOf":{"@id":"https:\/\/newsestlyonnais.fr\/site\/2017\/07\/22\/meyzieu-la-saison-2016-2017-de-laviron-majolan-aura-ete-un-excellent-cru\/"},"author":{"name":"R\u00e9dac. NEWS","@id":"https:\/\/newsestlyonnais.fr\/site\/#\/schema\/person\/3230d5615f390bb808365d673001e887"},"headline":"MEYZIEU | La saison 2016-2017 de l\u2019Aviron Majolan aura \u00e9t\u00e9 un excellent cru","datePublished":"2017-07-22T07:07:23+00:00","dateModified":"2020-11-20T12:23:16+00:00","mainEntityOfPage":{"@id":"https:\/\/newsestlyonnais.fr\/site\/2017\/07\/22\/meyzieu-la-saison-2016-2017-de-laviron-majolan-aura-ete-un-excellent-cru\/"},"wordCount":485,"commentCount":0,"publisher":{"@id":"https:\/\/newsestlyonnais.fr\/site\/#organization"},"image":{"@id":"https:\/\/newsestlyonnais.fr\/site\/2017\/07\/22\/meyzieu-la-saison-2016-2017-de-laviron-majolan-aura-ete-un-excellent-cru\/#primaryimage"},"thumbnailUrl":"https:\/\/newsestlyonnais.fr\/site\/wp-content\/uploads\/2017\/07\/NEWSESTLYONNAIS-MedailleBronzeJ18.jpg","articleSection":["Aviation | Nautisme","Aviron","Aviron | Kayak | Voile","Meyzieu"],"inLanguage":"fr-FR","potentialAction":[{"@type":"CommentAction","name":"Comment","target":["https:\/\/newsestlyonnais.fr\/site\/2017\/07\/22\/meyzieu-la-saison-2016-2017-de-laviron-majolan-aura-ete-un-excellent-cru\/#respond"]}]},{"@type":"WebPage","@id":"https:\/\/newsestlyonnais.fr\/site\/2017\/07\/22\/meyzieu-la-saison-2016-2017-de-laviron-majolan-aura-ete-un-excellent-cru\/","url":"https:\/\/newsestlyonnais.fr\/site\/2017\/07\/22\/meyzieu-la-saison-2016-2017-de-laviron-majolan-aura-ete-un-excellent-cru\/","name":"MEYZIEU: La saison 2016-2017 de l\u2019Aviron Majolan aura \u00e9t\u00e9 un excellent cru","isPartOf":{"@id":"https:\/\/newsestlyonnais.fr\/site\/#website"},"primaryImageOfPage":{"@id":"https:\/\/newsestlyonnais.fr\/site\/2017\/07\/22\/meyzieu-la-saison-2016-2017-de-laviron-majolan-aura-ete-un-excellent-cru\/#primaryimage"},"image":{"@id":"https:\/\/newsestlyonnais.fr\/site\/2017\/07\/22\/meyzieu-la-saison-2016-2017-de-laviron-majolan-aura-ete-un-excellent-cru\/#primaryimage"},"thumbnailUrl":"https:\/\/newsestlyonnais.fr\/site\/wp-content\/uploads\/2017\/07\/NEWSESTLYONNAIS-MedailleBronzeJ18.jpg","datePublished":"2017-07-22T07:07:23+00:00","dateModified":"2020-11-20T12:23:16+00:00","description":"MEYZIEU: La saison 2016-2017 de l\u2019Aviron Majolan aura \u00e9t\u00e9 un excellent cru","breadcrumb":{"@id":"https:\/\/newsestlyonnais.fr\/site\/2017\/07\/22\/meyzieu-la-saison-2016-2017-de-laviron-majolan-aura-ete-un-excellent-cru\/#breadcrumb"},"inLanguage":"fr-FR","potentialAction":[{"@type":"ReadAction","target":["https:\/\/newsestlyonnais.fr\/site\/2017\/07\/22\/meyzieu-la-saison-2016-2017-de-laviron-majolan-aura-ete-un-excellent-cru\/"]}]},{"@type":"ImageObject","inLanguage":"fr-FR","@id":"https:\/\/newsestlyonnais.fr\/site\/2017\/07\/22\/meyzieu-la-saison-2016-2017-de-laviron-majolan-aura-ete-un-excellent-cru\/#primaryimage","url":"https:\/\/newsestlyonnais.fr\/site\/wp-content\/uploads\/2017\/07\/NEWSESTLYONNAIS-MedailleBronzeJ18.jpg","contentUrl":"https:\/\/newsestlyonnais.fr\/site\/wp-content\/uploads\/2017\/07\/NEWSESTLYONNAIS-MedailleBronzeJ18.jpg","width":1000,"height":750,"caption":"NEWSESTLYONNAIS - MedailleBronzeJ18"},{"@type":"BreadcrumbList","@id":"https:\/\/newsestlyonnais.fr\/site\/2017\/07\/22\/meyzieu-la-saison-2016-2017-de-laviron-majolan-aura-ete-un-excellent-cru\/#breadcrumb","itemListElement":[{"@type":"ListItem","position":1,"name":"Accueil","item":"https:\/\/newsestlyonnais.fr\/site\/"},{"@type":"ListItem","position":2,"name":"MEYZIEU | La saison 2016-2017 de l\u2019Aviron Majolan aura \u00e9t\u00e9 un excellent cru"}]},{"@type":"WebSite","@id":"https:\/\/newsestlyonnais.fr\/site\/#website","url":"https:\/\/newsestlyonnais.fr\/site\/","name":"News Est Lyonnais","description":"L&#039;actualit\u00e9 au plus pr\u00e8s","publisher":{"@id":"https:\/\/newsestlyonnais.fr\/site\/#organization"},"potentialAction":[{"@type":"SearchAction","target":{"@type":"EntryPoint","urlTemplate":"https:\/\/newsestlyonnais.fr\/site\/?s={search_term_string}"},"query-input":{"@type":"PropertyValueSpecification","valueRequired":true,"valueName":"search_term_string"}}],"inLanguage":"fr-FR"},{"@type":"Organization","@id":"https:\/\/newsestlyonnais.fr\/site\/#organization","name":"News EST LYONNAIS","url":"https:\/\/newsestlyonnais.fr\/site\/","logo":{"@type":"ImageObject","inLanguage":"fr-FR","@id":"https:\/\/newsestlyonnais.fr\/site\/#\/schema\/logo\/image\/","url":"","contentUrl":"","caption":"News EST LYONNAIS"},"image":{"@id":"https:\/\/newsestlyonnais.fr\/site\/#\/schema\/logo\/image\/"}},{"@type":"Person","@id":"https:\/\/newsestlyonnais.fr\/site\/#\/schema\/person\/3230d5615f390bb808365d673001e887","name":"R\u00e9dac. NEWS","sameAs":["http:\/\/www.newsestlyonnais.fr","https:\/\/www.facebook.com\/pascal.oberson.1?fref=ts","https:\/\/fr.linkedin.com\/in\/pascal-oberson-b17045113"],"url":"https:\/\/newsestlyonnais.fr\/site\/author\/nel\/"}]}},"_links":{"self":[{"href":"https:\/\/newsestlyonnais.fr\/site\/wp-json\/wp\/v2\/posts\/32556","targetHints":{"allow":["GET"]}}],"collection":[{"href":"https:\/\/newsestlyonnais.fr\/site\/wp-json\/wp\/v2\/posts"}],"about":[{"href":"https:\/\/newsestlyonnais.fr\/site\/wp-json\/wp\/v2\/types\/post"}],"author":[{"embeddable":true,"href":"https:\/\/newsestlyonnais.fr\/site\/wp-json\/wp\/v2\/users\/4"}],"replies":[{"embeddable":true,"href":"https:\/\/newsestlyonnais.fr\/site\/wp-json\/wp\/v2\/comments?post=32556"}],"version-history":[{"count":0,"href":"https:\/\/newsestlyonnais.fr\/site\/wp-json\/wp\/v2\/posts\/32556\/revisions"}],"wp:featuredmedia":[{"embeddable":true,"href":"https:\/\/newsestlyonnais.fr\/site\/wp-json\/wp\/v2\/media\/32673"}],"wp:attachment":[{"href":"https:\/\/newsestlyonnais.fr\/site\/wp-json\/wp\/v2\/media?parent=32556"}],"wp:term":[{"taxonomy":"category","embeddable":true,"href":"https:\/\/newsestlyonnais.fr\/site\/wp-json\/wp\/v2\/categories?post=32556"},{"taxonomy":"post_tag","embeddable":true,"href":"https:\/\/newsestlyonnais.fr\/site\/wp-json\/wp\/v2\/tags?post=32556"}],"curies":[{"name":"wp","href":"https:\/\/api.w.org\/{rel}","templated":true}]}}