{"id":32588,"date":"2017-07-23T08:41:59","date_gmt":"2017-07-23T07:41:59","guid":{"rendered":"http:\/\/newsestlyonnais.fr\/site\/?p=32588"},"modified":"2020-11-03T14:31:51","modified_gmt":"2020-11-03T13:31:51","slug":"vaulx-en-velin-une-nouvelle-equipe-dirigeante-et-le-plein-dambitions-pour-le-vaulx-basket-club","status":"publish","type":"post","link":"https:\/\/newsestlyonnais.fr\/site\/2017\/07\/23\/vaulx-en-velin-une-nouvelle-equipe-dirigeante-et-le-plein-dambitions-pour-le-vaulx-basket-club\/","title":{"rendered":"VAULX-EN-VELIN | Une nouvelle \u00e9quipe dirigeante et le plein d&rsquo;ambitions pour le Vaulx Basket Club"},"content":{"rendered":"<h4>La fin de saison du Vaulx Basket Club (V.B.C.) aura \u00e9t\u00e9 marqu\u00e9e par deux faits majeurs, le maintien des seniors en N3 et un changement \u00e0 la pr\u00e9sidence.<\/h4>\n<ul>\n<li>Sur le terrain, les joueurs ont en effet r\u00e9ussi leur pari de se maintenir au premier niveau national gr\u00e2ce \u00e0 leur belle victoire lors de la derni\u00e8re rencontre capitale face au CS Ozon. Un nouveau groupe a \u00e9t\u00e9 constitu\u00e9 pour aborder la saison 2017\/2018 et faire une ann\u00e9e plus brillante. Le <strong>coach Yohan Valla<\/strong> pourra ainsi compter sur 2 joueurs qui reviennent au V.B.C. : <strong>Antoine Courtial<\/strong> (apr\u00e8s une ann\u00e9e sabbatique) et <span class=\"wsg-font-size-0\"><strong>Adrien Kandom<\/strong> (form\u00e9 au club et qui jouait en N2 \u00e0 St Priest). Mais \u00e9galement sur 2 \u00e9l\u00e9ments qui ont fait le court d\u00e9placement en venant de D\u00e9cines : <strong>Mathieu Pasque<\/strong> (30 ans, postes 2 et 3) &amp; <strong>Victor Novelli<\/strong> (30 ans, postes 3 et 4). L&rsquo;objectif fix\u00e9 pour cette \u00e9quipe sera avant tout de passer une saison plus tranquille en gardant sa vocation de club formateur en donnant du temps de jeu \u00e0 ses jeunes.<\/span><\/li>\n<\/ul>\n<ul>\n<li>Enfin en coulisses, la section aura connu quelques changements au niveau de son comit\u00e9 directeur suite \u00e0 l&rsquo;AG tenue le 22 juin dernier. <strong>Philippe Damiecki<\/strong> succ\u00e8de ainsi \u00e0 la pr\u00e9sidence \u00e0 Laurence Jarnieux qui tient dor\u00e9navant avec Thierry Serrano et Henri Oliver, un des 3 postes de vice-pr\u00e9sidents. La secr\u00e9taire \u00e9tant L\u00e9onor Esteves et la tr\u00e9sori\u00e8re Lucie Guilbert.<\/li>\n<li>Parmi les attentes de la future saison, on retiendra l&rsquo;espoir de remont\u00e9e imm\u00e9diate des seniors 2 en RN1 apr\u00e8s la descente intervenue et de garder les U18 en \u00e9lite apr\u00e8s un exercice o\u00f9 ils ont rat\u00e9 de peu les phases finales. Le projet sportif \u00e9tant de cr\u00e9er une synergie avec tous les coachs et qu&rsquo;\u00e0 partir des U 18 se cr\u00e9e une fili\u00e8re formation. Et le souhait de poursuivre la bonne collaboration avec l&rsquo;ASVEL et la continuit\u00e9 de la C.T.C. avec Bron qui va d\u00e9marrer sa 3\u00b0 saison.<\/li>\n<\/ul>\n<p><strong>NOTA<\/strong>: Le V.B.C. organisera les 1 &amp; 2 septembre son traditionnel challenge Nougier-Bados et accueillera 2 \u00e9quipes de N3 (Ail Rousset &amp; CS Ozon) et un de L2 suisse (VS Meyrin).<\/p>\n<ul>\n<li>Retrouvez l&rsquo;ACTU du club sur: <a href=\"http:\/\/www.vaulxbasketclub.fr\" target=\"_blank\" rel=\"noopener noreferrer\">http:\/\/www.vaulxbasketclub.fr<\/a><\/li>\n<\/ul>\n","protected":false},"excerpt":{"rendered":"<p>La fin de saison du Vaulx Basket Club (V.B.C.) aura \u00e9t\u00e9 marqu\u00e9e par deux faits majeurs, le maintien des seniors en N3 et un changement \u00e0 la pr\u00e9sidence. Sur le terrain, les joueurs ont en effet r\u00e9ussi leur pari de se maintenir au premier niveau national gr\u00e2ce \u00e0 leur belle victoire lors de la derni\u00e8re [&hellip;]<\/p>\n","protected":false},"author":4,"featured_media":32597,"comment_status":"open","ping_status":"open","sticky":false,"template":"","format":"standard","meta":{"footnotes":""},"categories":[1357,2975,28],"tags":[],"class_list":["post-32588","post","type-post","status-publish","format-standard","has-post-thumbnail","hentry","category-basket","category-basket-hand-volley-sports","category-vaulx-en-velin"],"yoast_head":"<!-- This site is optimized with the Yoast SEO plugin v27.2 - https:\/\/yoast.com\/product\/yoast-seo-wordpress\/ -->\n<title>VAULX EN VELIN: Une nouvelle \u00e9quipe dirigeante et le plein d&#039;ambitions pour le Vaulx Basket Club<\/title>\n<meta name=\"description\" content=\"VAULX EN VELIN: Une nouvelle \u00e9quipe dirigeante et le plein d&#039;ambitions pour le Vaulx Basket Club\" \/>\n<meta name=\"robots\" content=\"index, follow, max-snippet:-1, max-image-preview:large, max-video-preview:-1\" \/>\n<link rel=\"canonical\" href=\"https:\/\/newsestlyonnais.fr\/site\/2017\/07\/23\/vaulx-en-velin-une-nouvelle-equipe-dirigeante-et-le-plein-dambitions-pour-le-vaulx-basket-club\/\" \/>\n<meta property=\"og:locale\" content=\"fr_FR\" \/>\n<meta property=\"og:type\" content=\"article\" \/>\n<meta property=\"og:title\" content=\"VAULX EN VELIN: Une nouvelle \u00e9quipe dirigeante et le plein d&#039;ambitions pour le Vaulx Basket Club\" \/>\n<meta property=\"og:description\" content=\"VAULX EN VELIN: Une nouvelle \u00e9quipe dirigeante et le plein d&#039;ambitions pour le Vaulx Basket Club\" \/>\n<meta property=\"og:url\" content=\"https:\/\/newsestlyonnais.fr\/site\/2017\/07\/23\/vaulx-en-velin-une-nouvelle-equipe-dirigeante-et-le-plein-dambitions-pour-le-vaulx-basket-club\/\" \/>\n<meta property=\"og:site_name\" content=\"News Est Lyonnais\" \/>\n<meta property=\"article:author\" content=\"https:\/\/www.facebook.com\/pascal.oberson.1?fref=ts\" \/>\n<meta property=\"article:published_time\" content=\"2017-07-23T07:41:59+00:00\" \/>\n<meta property=\"article:modified_time\" content=\"2020-11-03T13:31:51+00:00\" \/>\n<meta property=\"og:image\" content=\"https:\/\/i1.wp.com\/newsestlyonnais.fr\/site\/wp-content\/uploads\/2017\/07\/NEWSESTLYONNAIS-VBC-.jpg?fit=1000%2C750&ssl=1\" \/>\n\t<meta property=\"og:image:width\" content=\"1000\" \/>\n\t<meta property=\"og:image:height\" content=\"750\" \/>\n\t<meta property=\"og:image:type\" content=\"image\/jpeg\" \/>\n<meta name=\"author\" content=\"R\u00e9dac. NEWS\" \/>\n<meta name=\"twitter:card\" content=\"summary_large_image\" \/>\n<meta name=\"twitter:label1\" content=\"\u00c9crit par\" \/>\n\t<meta name=\"twitter:data1\" content=\"R\u00e9dac. NEWS\" \/>\n\t<meta name=\"twitter:label2\" content=\"Dur\u00e9e de lecture estim\u00e9e\" \/>\n\t<meta name=\"twitter:data2\" content=\"2 minutes\" \/>\n<script type=\"application\/ld+json\" class=\"yoast-schema-graph\">{\"@context\":\"https:\/\/schema.org\",\"@graph\":[{\"@type\":\"Article\",\"@id\":\"https:\/\/newsestlyonnais.fr\/site\/2017\/07\/23\/vaulx-en-velin-une-nouvelle-equipe-dirigeante-et-le-plein-dambitions-pour-le-vaulx-basket-club\/#article\",\"isPartOf\":{\"@id\":\"https:\/\/newsestlyonnais.fr\/site\/2017\/07\/23\/vaulx-en-velin-une-nouvelle-equipe-dirigeante-et-le-plein-dambitions-pour-le-vaulx-basket-club\/\"},\"author\":{\"name\":\"R\u00e9dac. NEWS\",\"@id\":\"https:\/\/newsestlyonnais.fr\/site\/#\/schema\/person\/3230d5615f390bb808365d673001e887\"},\"headline\":\"VAULX-EN-VELIN | Une nouvelle \u00e9quipe dirigeante et le plein d&rsquo;ambitions pour le Vaulx Basket Club\",\"datePublished\":\"2017-07-23T07:41:59+00:00\",\"dateModified\":\"2020-11-03T13:31:51+00:00\",\"mainEntityOfPage\":{\"@id\":\"https:\/\/newsestlyonnais.fr\/site\/2017\/07\/23\/vaulx-en-velin-une-nouvelle-equipe-dirigeante-et-le-plein-dambitions-pour-le-vaulx-basket-club\/\"},\"wordCount\":391,\"commentCount\":0,\"publisher\":{\"@id\":\"https:\/\/newsestlyonnais.fr\/site\/#organization\"},\"image\":{\"@id\":\"https:\/\/newsestlyonnais.fr\/site\/2017\/07\/23\/vaulx-en-velin-une-nouvelle-equipe-dirigeante-et-le-plein-dambitions-pour-le-vaulx-basket-club\/#primaryimage\"},\"thumbnailUrl\":\"https:\/\/newsestlyonnais.fr\/site\/wp-content\/uploads\/2017\/07\/NEWSESTLYONNAIS-VBC-.jpg\",\"articleSection\":[\"Basket\",\"Basket | Hand | Volley\",\"Vaulx-en-Velin\"],\"inLanguage\":\"fr-FR\",\"potentialAction\":[{\"@type\":\"CommentAction\",\"name\":\"Comment\",\"target\":[\"https:\/\/newsestlyonnais.fr\/site\/2017\/07\/23\/vaulx-en-velin-une-nouvelle-equipe-dirigeante-et-le-plein-dambitions-pour-le-vaulx-basket-club\/#respond\"]}]},{\"@type\":\"WebPage\",\"@id\":\"https:\/\/newsestlyonnais.fr\/site\/2017\/07\/23\/vaulx-en-velin-une-nouvelle-equipe-dirigeante-et-le-plein-dambitions-pour-le-vaulx-basket-club\/\",\"url\":\"https:\/\/newsestlyonnais.fr\/site\/2017\/07\/23\/vaulx-en-velin-une-nouvelle-equipe-dirigeante-et-le-plein-dambitions-pour-le-vaulx-basket-club\/\",\"name\":\"VAULX EN VELIN: Une nouvelle \u00e9quipe dirigeante et le plein d'ambitions pour le Vaulx Basket Club\",\"isPartOf\":{\"@id\":\"https:\/\/newsestlyonnais.fr\/site\/#website\"},\"primaryImageOfPage\":{\"@id\":\"https:\/\/newsestlyonnais.fr\/site\/2017\/07\/23\/vaulx-en-velin-une-nouvelle-equipe-dirigeante-et-le-plein-dambitions-pour-le-vaulx-basket-club\/#primaryimage\"},\"image\":{\"@id\":\"https:\/\/newsestlyonnais.fr\/site\/2017\/07\/23\/vaulx-en-velin-une-nouvelle-equipe-dirigeante-et-le-plein-dambitions-pour-le-vaulx-basket-club\/#primaryimage\"},\"thumbnailUrl\":\"https:\/\/newsestlyonnais.fr\/site\/wp-content\/uploads\/2017\/07\/NEWSESTLYONNAIS-VBC-.jpg\",\"datePublished\":\"2017-07-23T07:41:59+00:00\",\"dateModified\":\"2020-11-03T13:31:51+00:00\",\"description\":\"VAULX EN VELIN: Une nouvelle \u00e9quipe dirigeante et le plein d'ambitions pour le Vaulx Basket Club\",\"breadcrumb\":{\"@id\":\"https:\/\/newsestlyonnais.fr\/site\/2017\/07\/23\/vaulx-en-velin-une-nouvelle-equipe-dirigeante-et-le-plein-dambitions-pour-le-vaulx-basket-club\/#breadcrumb\"},\"inLanguage\":\"fr-FR\",\"potentialAction\":[{\"@type\":\"ReadAction\",\"target\":[\"https:\/\/newsestlyonnais.fr\/site\/2017\/07\/23\/vaulx-en-velin-une-nouvelle-equipe-dirigeante-et-le-plein-dambitions-pour-le-vaulx-basket-club\/\"]}]},{\"@type\":\"ImageObject\",\"inLanguage\":\"fr-FR\",\"@id\":\"https:\/\/newsestlyonnais.fr\/site\/2017\/07\/23\/vaulx-en-velin-une-nouvelle-equipe-dirigeante-et-le-plein-dambitions-pour-le-vaulx-basket-club\/#primaryimage\",\"url\":\"https:\/\/newsestlyonnais.fr\/site\/wp-content\/uploads\/2017\/07\/NEWSESTLYONNAIS-VBC-.jpg\",\"contentUrl\":\"https:\/\/newsestlyonnais.fr\/site\/wp-content\/uploads\/2017\/07\/NEWSESTLYONNAIS-VBC-.jpg\",\"width\":1000,\"height\":750,\"caption\":\"NEWSESTLYONNAIS VBC\"},{\"@type\":\"BreadcrumbList\",\"@id\":\"https:\/\/newsestlyonnais.fr\/site\/2017\/07\/23\/vaulx-en-velin-une-nouvelle-equipe-dirigeante-et-le-plein-dambitions-pour-le-vaulx-basket-club\/#breadcrumb\",\"itemListElement\":[{\"@type\":\"ListItem\",\"position\":1,\"name\":\"Accueil\",\"item\":\"https:\/\/newsestlyonnais.fr\/site\/\"},{\"@type\":\"ListItem\",\"position\":2,\"name\":\"VAULX-EN-VELIN | Une nouvelle \u00e9quipe dirigeante et le plein d&rsquo;ambitions pour le Vaulx Basket Club\"}]},{\"@type\":\"WebSite\",\"@id\":\"https:\/\/newsestlyonnais.fr\/site\/#website\",\"url\":\"https:\/\/newsestlyonnais.fr\/site\/\",\"name\":\"News Est Lyonnais\",\"description\":\"L&#039;actualit\u00e9 au plus pr\u00e8s\",\"publisher\":{\"@id\":\"https:\/\/newsestlyonnais.fr\/site\/#organization\"},\"potentialAction\":[{\"@type\":\"SearchAction\",\"target\":{\"@type\":\"EntryPoint\",\"urlTemplate\":\"https:\/\/newsestlyonnais.fr\/site\/?s={search_term_string}\"},\"query-input\":{\"@type\":\"PropertyValueSpecification\",\"valueRequired\":true,\"valueName\":\"search_term_string\"}}],\"inLanguage\":\"fr-FR\"},{\"@type\":\"Organization\",\"@id\":\"https:\/\/newsestlyonnais.fr\/site\/#organization\",\"name\":\"News EST LYONNAIS\",\"url\":\"https:\/\/newsestlyonnais.fr\/site\/\",\"logo\":{\"@type\":\"ImageObject\",\"inLanguage\":\"fr-FR\",\"@id\":\"https:\/\/newsestlyonnais.fr\/site\/#\/schema\/logo\/image\/\",\"url\":\"\",\"contentUrl\":\"\",\"caption\":\"News EST LYONNAIS\"},\"image\":{\"@id\":\"https:\/\/newsestlyonnais.fr\/site\/#\/schema\/logo\/image\/\"}},{\"@type\":\"Person\",\"@id\":\"https:\/\/newsestlyonnais.fr\/site\/#\/schema\/person\/3230d5615f390bb808365d673001e887\",\"name\":\"R\u00e9dac. NEWS\",\"sameAs\":[\"http:\/\/www.newsestlyonnais.fr\",\"https:\/\/www.facebook.com\/pascal.oberson.1?fref=ts\",\"https:\/\/fr.linkedin.com\/in\/pascal-oberson-b17045113\"],\"url\":\"https:\/\/newsestlyonnais.fr\/site\/author\/nel\/\"}]}<\/script>\n<!-- \/ Yoast SEO plugin. -->","yoast_head_json":{"title":"VAULX EN VELIN: Une nouvelle \u00e9quipe dirigeante et le plein d'ambitions pour le Vaulx Basket Club","description":"VAULX EN VELIN: Une nouvelle \u00e9quipe dirigeante et le plein d'ambitions pour le Vaulx Basket Club","robots":{"index":"index","follow":"follow","max-snippet":"max-snippet:-1","max-image-preview":"max-image-preview:large","max-video-preview":"max-video-preview:-1"},"canonical":"https:\/\/newsestlyonnais.fr\/site\/2017\/07\/23\/vaulx-en-velin-une-nouvelle-equipe-dirigeante-et-le-plein-dambitions-pour-le-vaulx-basket-club\/","og_locale":"fr_FR","og_type":"article","og_title":"VAULX EN VELIN: Une nouvelle \u00e9quipe dirigeante et le plein d'ambitions pour le Vaulx Basket Club","og_description":"VAULX EN VELIN: Une nouvelle \u00e9quipe dirigeante et le plein d'ambitions pour le Vaulx Basket Club","og_url":"https:\/\/newsestlyonnais.fr\/site\/2017\/07\/23\/vaulx-en-velin-une-nouvelle-equipe-dirigeante-et-le-plein-dambitions-pour-le-vaulx-basket-club\/","og_site_name":"News Est Lyonnais","article_author":"https:\/\/www.facebook.com\/pascal.oberson.1?fref=ts","article_published_time":"2017-07-23T07:41:59+00:00","article_modified_time":"2020-11-03T13:31:51+00:00","og_image":[{"width":1000,"height":750,"url":"https:\/\/i1.wp.com\/newsestlyonnais.fr\/site\/wp-content\/uploads\/2017\/07\/NEWSESTLYONNAIS-VBC-.jpg?fit=1000%2C750&ssl=1","type":"image\/jpeg"}],"author":"R\u00e9dac. NEWS","twitter_card":"summary_large_image","twitter_misc":{"\u00c9crit par":"R\u00e9dac. NEWS","Dur\u00e9e de lecture estim\u00e9e":"2 minutes"},"schema":{"@context":"https:\/\/schema.org","@graph":[{"@type":"Article","@id":"https:\/\/newsestlyonnais.fr\/site\/2017\/07\/23\/vaulx-en-velin-une-nouvelle-equipe-dirigeante-et-le-plein-dambitions-pour-le-vaulx-basket-club\/#article","isPartOf":{"@id":"https:\/\/newsestlyonnais.fr\/site\/2017\/07\/23\/vaulx-en-velin-une-nouvelle-equipe-dirigeante-et-le-plein-dambitions-pour-le-vaulx-basket-club\/"},"author":{"name":"R\u00e9dac. NEWS","@id":"https:\/\/newsestlyonnais.fr\/site\/#\/schema\/person\/3230d5615f390bb808365d673001e887"},"headline":"VAULX-EN-VELIN | Une nouvelle \u00e9quipe dirigeante et le plein d&rsquo;ambitions pour le Vaulx Basket Club","datePublished":"2017-07-23T07:41:59+00:00","dateModified":"2020-11-03T13:31:51+00:00","mainEntityOfPage":{"@id":"https:\/\/newsestlyonnais.fr\/site\/2017\/07\/23\/vaulx-en-velin-une-nouvelle-equipe-dirigeante-et-le-plein-dambitions-pour-le-vaulx-basket-club\/"},"wordCount":391,"commentCount":0,"publisher":{"@id":"https:\/\/newsestlyonnais.fr\/site\/#organization"},"image":{"@id":"https:\/\/newsestlyonnais.fr\/site\/2017\/07\/23\/vaulx-en-velin-une-nouvelle-equipe-dirigeante-et-le-plein-dambitions-pour-le-vaulx-basket-club\/#primaryimage"},"thumbnailUrl":"https:\/\/newsestlyonnais.fr\/site\/wp-content\/uploads\/2017\/07\/NEWSESTLYONNAIS-VBC-.jpg","articleSection":["Basket","Basket | Hand | Volley","Vaulx-en-Velin"],"inLanguage":"fr-FR","potentialAction":[{"@type":"CommentAction","name":"Comment","target":["https:\/\/newsestlyonnais.fr\/site\/2017\/07\/23\/vaulx-en-velin-une-nouvelle-equipe-dirigeante-et-le-plein-dambitions-pour-le-vaulx-basket-club\/#respond"]}]},{"@type":"WebPage","@id":"https:\/\/newsestlyonnais.fr\/site\/2017\/07\/23\/vaulx-en-velin-une-nouvelle-equipe-dirigeante-et-le-plein-dambitions-pour-le-vaulx-basket-club\/","url":"https:\/\/newsestlyonnais.fr\/site\/2017\/07\/23\/vaulx-en-velin-une-nouvelle-equipe-dirigeante-et-le-plein-dambitions-pour-le-vaulx-basket-club\/","name":"VAULX EN VELIN: Une nouvelle \u00e9quipe dirigeante et le plein d'ambitions pour le Vaulx Basket Club","isPartOf":{"@id":"https:\/\/newsestlyonnais.fr\/site\/#website"},"primaryImageOfPage":{"@id":"https:\/\/newsestlyonnais.fr\/site\/2017\/07\/23\/vaulx-en-velin-une-nouvelle-equipe-dirigeante-et-le-plein-dambitions-pour-le-vaulx-basket-club\/#primaryimage"},"image":{"@id":"https:\/\/newsestlyonnais.fr\/site\/2017\/07\/23\/vaulx-en-velin-une-nouvelle-equipe-dirigeante-et-le-plein-dambitions-pour-le-vaulx-basket-club\/#primaryimage"},"thumbnailUrl":"https:\/\/newsestlyonnais.fr\/site\/wp-content\/uploads\/2017\/07\/NEWSESTLYONNAIS-VBC-.jpg","datePublished":"2017-07-23T07:41:59+00:00","dateModified":"2020-11-03T13:31:51+00:00","description":"VAULX EN VELIN: Une nouvelle \u00e9quipe dirigeante et le plein d'ambitions pour le Vaulx Basket Club","breadcrumb":{"@id":"https:\/\/newsestlyonnais.fr\/site\/2017\/07\/23\/vaulx-en-velin-une-nouvelle-equipe-dirigeante-et-le-plein-dambitions-pour-le-vaulx-basket-club\/#breadcrumb"},"inLanguage":"fr-FR","potentialAction":[{"@type":"ReadAction","target":["https:\/\/newsestlyonnais.fr\/site\/2017\/07\/23\/vaulx-en-velin-une-nouvelle-equipe-dirigeante-et-le-plein-dambitions-pour-le-vaulx-basket-club\/"]}]},{"@type":"ImageObject","inLanguage":"fr-FR","@id":"https:\/\/newsestlyonnais.fr\/site\/2017\/07\/23\/vaulx-en-velin-une-nouvelle-equipe-dirigeante-et-le-plein-dambitions-pour-le-vaulx-basket-club\/#primaryimage","url":"https:\/\/newsestlyonnais.fr\/site\/wp-content\/uploads\/2017\/07\/NEWSESTLYONNAIS-VBC-.jpg","contentUrl":"https:\/\/newsestlyonnais.fr\/site\/wp-content\/uploads\/2017\/07\/NEWSESTLYONNAIS-VBC-.jpg","width":1000,"height":750,"caption":"NEWSESTLYONNAIS VBC"},{"@type":"BreadcrumbList","@id":"https:\/\/newsestlyonnais.fr\/site\/2017\/07\/23\/vaulx-en-velin-une-nouvelle-equipe-dirigeante-et-le-plein-dambitions-pour-le-vaulx-basket-club\/#breadcrumb","itemListElement":[{"@type":"ListItem","position":1,"name":"Accueil","item":"https:\/\/newsestlyonnais.fr\/site\/"},{"@type":"ListItem","position":2,"name":"VAULX-EN-VELIN | Une nouvelle \u00e9quipe dirigeante et le plein d&rsquo;ambitions pour le Vaulx Basket Club"}]},{"@type":"WebSite","@id":"https:\/\/newsestlyonnais.fr\/site\/#website","url":"https:\/\/newsestlyonnais.fr\/site\/","name":"News Est Lyonnais","description":"L&#039;actualit\u00e9 au plus pr\u00e8s","publisher":{"@id":"https:\/\/newsestlyonnais.fr\/site\/#organization"},"potentialAction":[{"@type":"SearchAction","target":{"@type":"EntryPoint","urlTemplate":"https:\/\/newsestlyonnais.fr\/site\/?s={search_term_string}"},"query-input":{"@type":"PropertyValueSpecification","valueRequired":true,"valueName":"search_term_string"}}],"inLanguage":"fr-FR"},{"@type":"Organization","@id":"https:\/\/newsestlyonnais.fr\/site\/#organization","name":"News EST LYONNAIS","url":"https:\/\/newsestlyonnais.fr\/site\/","logo":{"@type":"ImageObject","inLanguage":"fr-FR","@id":"https:\/\/newsestlyonnais.fr\/site\/#\/schema\/logo\/image\/","url":"","contentUrl":"","caption":"News EST LYONNAIS"},"image":{"@id":"https:\/\/newsestlyonnais.fr\/site\/#\/schema\/logo\/image\/"}},{"@type":"Person","@id":"https:\/\/newsestlyonnais.fr\/site\/#\/schema\/person\/3230d5615f390bb808365d673001e887","name":"R\u00e9dac. NEWS","sameAs":["http:\/\/www.newsestlyonnais.fr","https:\/\/www.facebook.com\/pascal.oberson.1?fref=ts","https:\/\/fr.linkedin.com\/in\/pascal-oberson-b17045113"],"url":"https:\/\/newsestlyonnais.fr\/site\/author\/nel\/"}]}},"_links":{"self":[{"href":"https:\/\/newsestlyonnais.fr\/site\/wp-json\/wp\/v2\/posts\/32588","targetHints":{"allow":["GET"]}}],"collection":[{"href":"https:\/\/newsestlyonnais.fr\/site\/wp-json\/wp\/v2\/posts"}],"about":[{"href":"https:\/\/newsestlyonnais.fr\/site\/wp-json\/wp\/v2\/types\/post"}],"author":[{"embeddable":true,"href":"https:\/\/newsestlyonnais.fr\/site\/wp-json\/wp\/v2\/users\/4"}],"replies":[{"embeddable":true,"href":"https:\/\/newsestlyonnais.fr\/site\/wp-json\/wp\/v2\/comments?post=32588"}],"version-history":[{"count":0,"href":"https:\/\/newsestlyonnais.fr\/site\/wp-json\/wp\/v2\/posts\/32588\/revisions"}],"wp:featuredmedia":[{"embeddable":true,"href":"https:\/\/newsestlyonnais.fr\/site\/wp-json\/wp\/v2\/media\/32597"}],"wp:attachment":[{"href":"https:\/\/newsestlyonnais.fr\/site\/wp-json\/wp\/v2\/media?parent=32588"}],"wp:term":[{"taxonomy":"category","embeddable":true,"href":"https:\/\/newsestlyonnais.fr\/site\/wp-json\/wp\/v2\/categories?post=32588"},{"taxonomy":"post_tag","embeddable":true,"href":"https:\/\/newsestlyonnais.fr\/site\/wp-json\/wp\/v2\/tags?post=32588"}],"curies":[{"name":"wp","href":"https:\/\/api.w.org\/{rel}","templated":true}]}}