{"id":32605,"date":"2017-07-19T11:12:20","date_gmt":"2017-07-19T10:12:20","guid":{"rendered":"http:\/\/newsestlyonnais.fr\/site\/?p=32605"},"modified":"2020-11-09T06:26:54","modified_gmt":"2020-11-09T05:26:54","slug":"genas-operation-tranquillite-vacances-et-conseils-pratiques","status":"publish","type":"post","link":"https:\/\/newsestlyonnais.fr\/site\/2017\/07\/19\/genas-operation-tranquillite-vacances-et-conseils-pratiques\/","title":{"rendered":"GENAS| Op\u00e9ration Tranquillit\u00e9 vacances : quelques conseils pratiques !"},"content":{"rendered":"<h4>Tranquillit\u00e9 vacances, service de s\u00e9curisation mis en oeuvre par la police municipale. Un dispositif gratuit et du bon sens pour partir l\u2019esprit serein !<\/h4>\n<p>Vous vous absentez de mani\u00e8re prolong\u00e9e de votre domicile ?<\/p>\n<p>Partez l\u2019esprit tranquille gr\u00e2ce \u00e0 l\u2019Op\u00e9ration Tranquillit\u00e9 vacances, service de s\u00e9curisation mis en oeuvre par la police municipale.<br \/>\nGr\u00e2ce \u00e0 ce dispositif, assurez-vous de la surveillance de votre domicile, \u00e0 travers des patrouilles organis\u00e9es par les forces de l\u2019ordre dans le cadre de leurs missions.<br \/>\nPendant votre absence et de mani\u00e8re al\u00e9atoire, des patrouilles de surveillance seront effectu\u00e9es, afin de dissuader tout individu de tentative de cambriolage.<br \/>\nEn cas de probl\u00e8me, la police contactera la personne de votre choix, qui pourra r\u00e9agir et entreprendre les d\u00e9marches n\u00e9cessaires.<br \/>\n<span style=\"text-decoration: underline\">\u00c0 noter que cette op\u00e9ration est conduite sur toute l&rsquo;ann\u00e9e et non uniquement pendant la p\u00e9riode estival<\/span>e.<\/p>\n<p><span style=\"text-decoration: underline\"><strong><em>Conseils pratiques avant de vous absenter de mani\u00e8re prolong\u00e9e<\/em><\/strong><\/span>:<\/p>\n<ul>\n<li>Ne communiquez pas vos dates de d\u00e9part en cong\u00e9s sur les r\u00e9seaux sociaux.<\/li>\n<li>D\u00e9signez une personne de confiance pour relever votre courrier afin de ne pas \u00e9veiller les soup\u00e7ons par une boite aux lettres pleine.<\/li>\n<li>Souscrivez, aupr\u00e8s des services postaux, \u00e0 un dispositif de renvoi de votre courrier sur lieu de vill\u00e9giature.<\/li>\n<li>Dans la mesure du possible, renvoyez votre ligne de t\u00e9l\u00e9phone fixe vers votre t\u00e9l\u00e9phone mobile.<\/li>\n<li>Fermez correctement vos fen\u00eatres et volets et v\u00e9rifiez le bon \u00e9tat des serrures et verrous.<\/li>\n<li>D\u00e9signez un voisin ou un ami pour ouvrir et fermer les volets et \/ ou allumer quelques lumi\u00e8res. A d\u00e9faut, une prise de type \u00ab minuteur \u00bb peut permettre d\u2019allumer certaines lampes sans pr\u00e9sence dans le logement.<\/li>\n<li>Ne laissez pas de grosses sommes d&rsquo;argent dans votre habitation.<\/li>\n<li>Remisez vos bijoux, objets d&rsquo;art et de valeurs en lieu s\u00fbr, en les ayant pr\u00e9alablement r\u00e9pertori\u00e9s et photographi\u00e9s.<\/li>\n<\/ul>\n<h4>Vous souhaitez b\u00e9n\u00e9ficier de ce service ? Contact: <span style=\"text-decoration: underline\">Police municipale de Genas (04.72.79.70.66)<\/span><\/h4>\n<ul>\n<li>Source: communiqu\u00e9 de la Ville de Genas.<\/li>\n<\/ul>\n","protected":false},"excerpt":{"rendered":"<p>Tranquillit\u00e9 vacances, service de s\u00e9curisation mis en oeuvre par la police municipale. Un dispositif gratuit et du bon sens pour partir l\u2019esprit serein ! Vous vous absentez de mani\u00e8re prolong\u00e9e de votre domicile ? Partez l\u2019esprit tranquille gr\u00e2ce \u00e0 l\u2019Op\u00e9ration Tranquillit\u00e9 vacances, service de s\u00e9curisation mis en oeuvre par la police municipale. Gr\u00e2ce \u00e0 ce [&hellip;]<\/p>\n","protected":false},"author":4,"featured_media":8137,"comment_status":"open","ping_status":"open","sticky":false,"template":"","format":"standard","meta":{"footnotes":""},"categories":[270,1598,1753],"tags":[],"class_list":["post-32605","post","type-post","status-publish","format-standard","has-post-thumbnail","hentry","category-cte-de-communes-c-c-e-l","category-genas","category-secours-securite"],"yoast_head":"<!-- This site is optimized with the Yoast SEO plugin v27.2 - https:\/\/yoast.com\/product\/yoast-seo-wordpress\/ -->\n<title>GENAS : Op\u00e9ration Tranquillit\u00e9 vacances : quelques conseils pratiques !<\/title>\n<meta name=\"description\" content=\"GENAS : Op\u00e9ration Tranquillit\u00e9 vacances : quelques conseils pratiques !\" \/>\n<meta name=\"robots\" content=\"index, follow, max-snippet:-1, max-image-preview:large, max-video-preview:-1\" \/>\n<link rel=\"canonical\" href=\"https:\/\/newsestlyonnais.fr\/site\/2017\/07\/19\/genas-operation-tranquillite-vacances-et-conseils-pratiques\/\" \/>\n<meta property=\"og:locale\" content=\"fr_FR\" \/>\n<meta property=\"og:type\" content=\"article\" \/>\n<meta property=\"og:title\" content=\"GENAS : Op\u00e9ration Tranquillit\u00e9 vacances : quelques conseils pratiques !\" \/>\n<meta property=\"og:description\" content=\"GENAS : Op\u00e9ration Tranquillit\u00e9 vacances : quelques conseils pratiques !\" \/>\n<meta property=\"og:url\" content=\"https:\/\/newsestlyonnais.fr\/site\/2017\/07\/19\/genas-operation-tranquillite-vacances-et-conseils-pratiques\/\" \/>\n<meta property=\"og:site_name\" content=\"News Est Lyonnais\" \/>\n<meta property=\"article:author\" content=\"https:\/\/www.facebook.com\/pascal.oberson.1?fref=ts\" \/>\n<meta property=\"article:published_time\" content=\"2017-07-19T10:12:20+00:00\" \/>\n<meta property=\"article:modified_time\" content=\"2020-11-09T05:26:54+00:00\" \/>\n<meta property=\"og:image\" content=\"https:\/\/i0.wp.com\/newsestlyonnais.fr\/site\/wp-content\/uploads\/2016\/05\/NEWSESTLYONNAISPANNEAUGENAS-1.jpg?fit=1000%2C750&ssl=1\" \/>\n\t<meta property=\"og:image:width\" content=\"1000\" \/>\n\t<meta property=\"og:image:height\" content=\"750\" \/>\n\t<meta property=\"og:image:type\" content=\"image\/jpeg\" \/>\n<meta name=\"author\" content=\"R\u00e9dac. NEWS\" \/>\n<meta name=\"twitter:card\" content=\"summary_large_image\" \/>\n<meta name=\"twitter:label1\" content=\"\u00c9crit par\" \/>\n\t<meta name=\"twitter:data1\" content=\"R\u00e9dac. NEWS\" \/>\n\t<meta name=\"twitter:label2\" content=\"Dur\u00e9e de lecture estim\u00e9e\" \/>\n\t<meta name=\"twitter:data2\" content=\"2 minutes\" \/>\n<script type=\"application\/ld+json\" class=\"yoast-schema-graph\">{\"@context\":\"https:\/\/schema.org\",\"@graph\":[{\"@type\":\"Article\",\"@id\":\"https:\/\/newsestlyonnais.fr\/site\/2017\/07\/19\/genas-operation-tranquillite-vacances-et-conseils-pratiques\/#article\",\"isPartOf\":{\"@id\":\"https:\/\/newsestlyonnais.fr\/site\/2017\/07\/19\/genas-operation-tranquillite-vacances-et-conseils-pratiques\/\"},\"author\":{\"name\":\"R\u00e9dac. NEWS\",\"@id\":\"https:\/\/newsestlyonnais.fr\/site\/#\/schema\/person\/3230d5615f390bb808365d673001e887\"},\"headline\":\"GENAS| Op\u00e9ration Tranquillit\u00e9 vacances : quelques conseils pratiques !\",\"datePublished\":\"2017-07-19T10:12:20+00:00\",\"dateModified\":\"2020-11-09T05:26:54+00:00\",\"mainEntityOfPage\":{\"@id\":\"https:\/\/newsestlyonnais.fr\/site\/2017\/07\/19\/genas-operation-tranquillite-vacances-et-conseils-pratiques\/\"},\"wordCount\":362,\"commentCount\":0,\"publisher\":{\"@id\":\"https:\/\/newsestlyonnais.fr\/site\/#organization\"},\"image\":{\"@id\":\"https:\/\/newsestlyonnais.fr\/site\/2017\/07\/19\/genas-operation-tranquillite-vacances-et-conseils-pratiques\/#primaryimage\"},\"thumbnailUrl\":\"https:\/\/newsestlyonnais.fr\/site\/wp-content\/uploads\/2016\/05\/NEWSESTLYONNAISPANNEAUGENAS-1.jpg\",\"articleSection\":[\"CCEL | Communes\",\"Genas\",\"Secours | S\u00e9curit\u00e9\"],\"inLanguage\":\"fr-FR\",\"potentialAction\":[{\"@type\":\"CommentAction\",\"name\":\"Comment\",\"target\":[\"https:\/\/newsestlyonnais.fr\/site\/2017\/07\/19\/genas-operation-tranquillite-vacances-et-conseils-pratiques\/#respond\"]}]},{\"@type\":\"WebPage\",\"@id\":\"https:\/\/newsestlyonnais.fr\/site\/2017\/07\/19\/genas-operation-tranquillite-vacances-et-conseils-pratiques\/\",\"url\":\"https:\/\/newsestlyonnais.fr\/site\/2017\/07\/19\/genas-operation-tranquillite-vacances-et-conseils-pratiques\/\",\"name\":\"GENAS : Op\u00e9ration Tranquillit\u00e9 vacances : quelques conseils pratiques !\",\"isPartOf\":{\"@id\":\"https:\/\/newsestlyonnais.fr\/site\/#website\"},\"primaryImageOfPage\":{\"@id\":\"https:\/\/newsestlyonnais.fr\/site\/2017\/07\/19\/genas-operation-tranquillite-vacances-et-conseils-pratiques\/#primaryimage\"},\"image\":{\"@id\":\"https:\/\/newsestlyonnais.fr\/site\/2017\/07\/19\/genas-operation-tranquillite-vacances-et-conseils-pratiques\/#primaryimage\"},\"thumbnailUrl\":\"https:\/\/newsestlyonnais.fr\/site\/wp-content\/uploads\/2016\/05\/NEWSESTLYONNAISPANNEAUGENAS-1.jpg\",\"datePublished\":\"2017-07-19T10:12:20+00:00\",\"dateModified\":\"2020-11-09T05:26:54+00:00\",\"description\":\"GENAS : Op\u00e9ration Tranquillit\u00e9 vacances : quelques conseils pratiques !\",\"breadcrumb\":{\"@id\":\"https:\/\/newsestlyonnais.fr\/site\/2017\/07\/19\/genas-operation-tranquillite-vacances-et-conseils-pratiques\/#breadcrumb\"},\"inLanguage\":\"fr-FR\",\"potentialAction\":[{\"@type\":\"ReadAction\",\"target\":[\"https:\/\/newsestlyonnais.fr\/site\/2017\/07\/19\/genas-operation-tranquillite-vacances-et-conseils-pratiques\/\"]}]},{\"@type\":\"ImageObject\",\"inLanguage\":\"fr-FR\",\"@id\":\"https:\/\/newsestlyonnais.fr\/site\/2017\/07\/19\/genas-operation-tranquillite-vacances-et-conseils-pratiques\/#primaryimage\",\"url\":\"https:\/\/newsestlyonnais.fr\/site\/wp-content\/uploads\/2016\/05\/NEWSESTLYONNAISPANNEAUGENAS-1.jpg\",\"contentUrl\":\"https:\/\/newsestlyonnais.fr\/site\/wp-content\/uploads\/2016\/05\/NEWSESTLYONNAISPANNEAUGENAS-1.jpg\",\"width\":1000,\"height\":750,\"caption\":\"NEWSESTLYONNAISPANNEAUGENAS\"},{\"@type\":\"BreadcrumbList\",\"@id\":\"https:\/\/newsestlyonnais.fr\/site\/2017\/07\/19\/genas-operation-tranquillite-vacances-et-conseils-pratiques\/#breadcrumb\",\"itemListElement\":[{\"@type\":\"ListItem\",\"position\":1,\"name\":\"Accueil\",\"item\":\"https:\/\/newsestlyonnais.fr\/site\/\"},{\"@type\":\"ListItem\",\"position\":2,\"name\":\"GENAS| Op\u00e9ration Tranquillit\u00e9 vacances : quelques conseils pratiques !\"}]},{\"@type\":\"WebSite\",\"@id\":\"https:\/\/newsestlyonnais.fr\/site\/#website\",\"url\":\"https:\/\/newsestlyonnais.fr\/site\/\",\"name\":\"News Est Lyonnais\",\"description\":\"L&#039;actualit\u00e9 au plus pr\u00e8s\",\"publisher\":{\"@id\":\"https:\/\/newsestlyonnais.fr\/site\/#organization\"},\"potentialAction\":[{\"@type\":\"SearchAction\",\"target\":{\"@type\":\"EntryPoint\",\"urlTemplate\":\"https:\/\/newsestlyonnais.fr\/site\/?s={search_term_string}\"},\"query-input\":{\"@type\":\"PropertyValueSpecification\",\"valueRequired\":true,\"valueName\":\"search_term_string\"}}],\"inLanguage\":\"fr-FR\"},{\"@type\":\"Organization\",\"@id\":\"https:\/\/newsestlyonnais.fr\/site\/#organization\",\"name\":\"News EST LYONNAIS\",\"url\":\"https:\/\/newsestlyonnais.fr\/site\/\",\"logo\":{\"@type\":\"ImageObject\",\"inLanguage\":\"fr-FR\",\"@id\":\"https:\/\/newsestlyonnais.fr\/site\/#\/schema\/logo\/image\/\",\"url\":\"\",\"contentUrl\":\"\",\"caption\":\"News EST LYONNAIS\"},\"image\":{\"@id\":\"https:\/\/newsestlyonnais.fr\/site\/#\/schema\/logo\/image\/\"}},{\"@type\":\"Person\",\"@id\":\"https:\/\/newsestlyonnais.fr\/site\/#\/schema\/person\/3230d5615f390bb808365d673001e887\",\"name\":\"R\u00e9dac. NEWS\",\"sameAs\":[\"http:\/\/www.newsestlyonnais.fr\",\"https:\/\/www.facebook.com\/pascal.oberson.1?fref=ts\",\"https:\/\/fr.linkedin.com\/in\/pascal-oberson-b17045113\"],\"url\":\"https:\/\/newsestlyonnais.fr\/site\/author\/nel\/\"}]}<\/script>\n<!-- \/ Yoast SEO plugin. -->","yoast_head_json":{"title":"GENAS : Op\u00e9ration Tranquillit\u00e9 vacances : quelques conseils pratiques !","description":"GENAS : Op\u00e9ration Tranquillit\u00e9 vacances : quelques conseils pratiques !","robots":{"index":"index","follow":"follow","max-snippet":"max-snippet:-1","max-image-preview":"max-image-preview:large","max-video-preview":"max-video-preview:-1"},"canonical":"https:\/\/newsestlyonnais.fr\/site\/2017\/07\/19\/genas-operation-tranquillite-vacances-et-conseils-pratiques\/","og_locale":"fr_FR","og_type":"article","og_title":"GENAS : Op\u00e9ration Tranquillit\u00e9 vacances : quelques conseils pratiques !","og_description":"GENAS : Op\u00e9ration Tranquillit\u00e9 vacances : quelques conseils pratiques !","og_url":"https:\/\/newsestlyonnais.fr\/site\/2017\/07\/19\/genas-operation-tranquillite-vacances-et-conseils-pratiques\/","og_site_name":"News Est Lyonnais","article_author":"https:\/\/www.facebook.com\/pascal.oberson.1?fref=ts","article_published_time":"2017-07-19T10:12:20+00:00","article_modified_time":"2020-11-09T05:26:54+00:00","og_image":[{"width":1000,"height":750,"url":"https:\/\/i0.wp.com\/newsestlyonnais.fr\/site\/wp-content\/uploads\/2016\/05\/NEWSESTLYONNAISPANNEAUGENAS-1.jpg?fit=1000%2C750&ssl=1","type":"image\/jpeg"}],"author":"R\u00e9dac. NEWS","twitter_card":"summary_large_image","twitter_misc":{"\u00c9crit par":"R\u00e9dac. NEWS","Dur\u00e9e de lecture estim\u00e9e":"2 minutes"},"schema":{"@context":"https:\/\/schema.org","@graph":[{"@type":"Article","@id":"https:\/\/newsestlyonnais.fr\/site\/2017\/07\/19\/genas-operation-tranquillite-vacances-et-conseils-pratiques\/#article","isPartOf":{"@id":"https:\/\/newsestlyonnais.fr\/site\/2017\/07\/19\/genas-operation-tranquillite-vacances-et-conseils-pratiques\/"},"author":{"name":"R\u00e9dac. NEWS","@id":"https:\/\/newsestlyonnais.fr\/site\/#\/schema\/person\/3230d5615f390bb808365d673001e887"},"headline":"GENAS| Op\u00e9ration Tranquillit\u00e9 vacances : quelques conseils pratiques !","datePublished":"2017-07-19T10:12:20+00:00","dateModified":"2020-11-09T05:26:54+00:00","mainEntityOfPage":{"@id":"https:\/\/newsestlyonnais.fr\/site\/2017\/07\/19\/genas-operation-tranquillite-vacances-et-conseils-pratiques\/"},"wordCount":362,"commentCount":0,"publisher":{"@id":"https:\/\/newsestlyonnais.fr\/site\/#organization"},"image":{"@id":"https:\/\/newsestlyonnais.fr\/site\/2017\/07\/19\/genas-operation-tranquillite-vacances-et-conseils-pratiques\/#primaryimage"},"thumbnailUrl":"https:\/\/newsestlyonnais.fr\/site\/wp-content\/uploads\/2016\/05\/NEWSESTLYONNAISPANNEAUGENAS-1.jpg","articleSection":["CCEL | Communes","Genas","Secours | S\u00e9curit\u00e9"],"inLanguage":"fr-FR","potentialAction":[{"@type":"CommentAction","name":"Comment","target":["https:\/\/newsestlyonnais.fr\/site\/2017\/07\/19\/genas-operation-tranquillite-vacances-et-conseils-pratiques\/#respond"]}]},{"@type":"WebPage","@id":"https:\/\/newsestlyonnais.fr\/site\/2017\/07\/19\/genas-operation-tranquillite-vacances-et-conseils-pratiques\/","url":"https:\/\/newsestlyonnais.fr\/site\/2017\/07\/19\/genas-operation-tranquillite-vacances-et-conseils-pratiques\/","name":"GENAS : Op\u00e9ration Tranquillit\u00e9 vacances : quelques conseils pratiques !","isPartOf":{"@id":"https:\/\/newsestlyonnais.fr\/site\/#website"},"primaryImageOfPage":{"@id":"https:\/\/newsestlyonnais.fr\/site\/2017\/07\/19\/genas-operation-tranquillite-vacances-et-conseils-pratiques\/#primaryimage"},"image":{"@id":"https:\/\/newsestlyonnais.fr\/site\/2017\/07\/19\/genas-operation-tranquillite-vacances-et-conseils-pratiques\/#primaryimage"},"thumbnailUrl":"https:\/\/newsestlyonnais.fr\/site\/wp-content\/uploads\/2016\/05\/NEWSESTLYONNAISPANNEAUGENAS-1.jpg","datePublished":"2017-07-19T10:12:20+00:00","dateModified":"2020-11-09T05:26:54+00:00","description":"GENAS : Op\u00e9ration Tranquillit\u00e9 vacances : quelques conseils pratiques !","breadcrumb":{"@id":"https:\/\/newsestlyonnais.fr\/site\/2017\/07\/19\/genas-operation-tranquillite-vacances-et-conseils-pratiques\/#breadcrumb"},"inLanguage":"fr-FR","potentialAction":[{"@type":"ReadAction","target":["https:\/\/newsestlyonnais.fr\/site\/2017\/07\/19\/genas-operation-tranquillite-vacances-et-conseils-pratiques\/"]}]},{"@type":"ImageObject","inLanguage":"fr-FR","@id":"https:\/\/newsestlyonnais.fr\/site\/2017\/07\/19\/genas-operation-tranquillite-vacances-et-conseils-pratiques\/#primaryimage","url":"https:\/\/newsestlyonnais.fr\/site\/wp-content\/uploads\/2016\/05\/NEWSESTLYONNAISPANNEAUGENAS-1.jpg","contentUrl":"https:\/\/newsestlyonnais.fr\/site\/wp-content\/uploads\/2016\/05\/NEWSESTLYONNAISPANNEAUGENAS-1.jpg","width":1000,"height":750,"caption":"NEWSESTLYONNAISPANNEAUGENAS"},{"@type":"BreadcrumbList","@id":"https:\/\/newsestlyonnais.fr\/site\/2017\/07\/19\/genas-operation-tranquillite-vacances-et-conseils-pratiques\/#breadcrumb","itemListElement":[{"@type":"ListItem","position":1,"name":"Accueil","item":"https:\/\/newsestlyonnais.fr\/site\/"},{"@type":"ListItem","position":2,"name":"GENAS| Op\u00e9ration Tranquillit\u00e9 vacances : quelques conseils pratiques !"}]},{"@type":"WebSite","@id":"https:\/\/newsestlyonnais.fr\/site\/#website","url":"https:\/\/newsestlyonnais.fr\/site\/","name":"News Est Lyonnais","description":"L&#039;actualit\u00e9 au plus pr\u00e8s","publisher":{"@id":"https:\/\/newsestlyonnais.fr\/site\/#organization"},"potentialAction":[{"@type":"SearchAction","target":{"@type":"EntryPoint","urlTemplate":"https:\/\/newsestlyonnais.fr\/site\/?s={search_term_string}"},"query-input":{"@type":"PropertyValueSpecification","valueRequired":true,"valueName":"search_term_string"}}],"inLanguage":"fr-FR"},{"@type":"Organization","@id":"https:\/\/newsestlyonnais.fr\/site\/#organization","name":"News EST LYONNAIS","url":"https:\/\/newsestlyonnais.fr\/site\/","logo":{"@type":"ImageObject","inLanguage":"fr-FR","@id":"https:\/\/newsestlyonnais.fr\/site\/#\/schema\/logo\/image\/","url":"","contentUrl":"","caption":"News EST LYONNAIS"},"image":{"@id":"https:\/\/newsestlyonnais.fr\/site\/#\/schema\/logo\/image\/"}},{"@type":"Person","@id":"https:\/\/newsestlyonnais.fr\/site\/#\/schema\/person\/3230d5615f390bb808365d673001e887","name":"R\u00e9dac. NEWS","sameAs":["http:\/\/www.newsestlyonnais.fr","https:\/\/www.facebook.com\/pascal.oberson.1?fref=ts","https:\/\/fr.linkedin.com\/in\/pascal-oberson-b17045113"],"url":"https:\/\/newsestlyonnais.fr\/site\/author\/nel\/"}]}},"_links":{"self":[{"href":"https:\/\/newsestlyonnais.fr\/site\/wp-json\/wp\/v2\/posts\/32605","targetHints":{"allow":["GET"]}}],"collection":[{"href":"https:\/\/newsestlyonnais.fr\/site\/wp-json\/wp\/v2\/posts"}],"about":[{"href":"https:\/\/newsestlyonnais.fr\/site\/wp-json\/wp\/v2\/types\/post"}],"author":[{"embeddable":true,"href":"https:\/\/newsestlyonnais.fr\/site\/wp-json\/wp\/v2\/users\/4"}],"replies":[{"embeddable":true,"href":"https:\/\/newsestlyonnais.fr\/site\/wp-json\/wp\/v2\/comments?post=32605"}],"version-history":[{"count":0,"href":"https:\/\/newsestlyonnais.fr\/site\/wp-json\/wp\/v2\/posts\/32605\/revisions"}],"wp:featuredmedia":[{"embeddable":true,"href":"https:\/\/newsestlyonnais.fr\/site\/wp-json\/wp\/v2\/media\/8137"}],"wp:attachment":[{"href":"https:\/\/newsestlyonnais.fr\/site\/wp-json\/wp\/v2\/media?parent=32605"}],"wp:term":[{"taxonomy":"category","embeddable":true,"href":"https:\/\/newsestlyonnais.fr\/site\/wp-json\/wp\/v2\/categories?post=32605"},{"taxonomy":"post_tag","embeddable":true,"href":"https:\/\/newsestlyonnais.fr\/site\/wp-json\/wp\/v2\/tags?post=32605"}],"curies":[{"name":"wp","href":"https:\/\/api.w.org\/{rel}","templated":true}]}}