{"id":32648,"date":"2017-07-22T06:35:04","date_gmt":"2017-07-22T05:35:04","guid":{"rendered":"http:\/\/newsestlyonnais.fr\/site\/?p=32648"},"modified":"2017-07-23T07:35:11","modified_gmt":"2017-07-23T06:35:11","slug":"adaptation-de-loffre-reseau-tcl-change-a-rentree","status":"publish","type":"post","link":"https:\/\/newsestlyonnais.fr\/site\/2017\/07\/22\/adaptation-de-loffre-reseau-tcl-change-a-rentree\/","title":{"rendered":"Adaptation de l&rsquo;offre sur le r\u00e9seau TCL : ce qui change \u00e0 la rentr\u00e9e !"},"content":{"rendered":"<h4>Deux fois par an, une commission d\u2019adaptation de l\u2019offre se r\u00e9unit pour \u00e9laborer des propositions visant \u00e0 adapter le r\u00e9seau TCL \u00e0 l\u2019\u00e9volution des d\u00e9placements et optimiser l\u2019offre. Ces adaptations sont le r\u00e9sultat d\u2019un travail de concertation entre le SYTRAL et les \u00e9lus des communes concern\u00e9es.<\/h4>\n<p>Voici les principales mesures d\u2019adaptation d\u2019offre qui seront progressivement <strong>effectives \u00e0 compter du 28 ao\u00fbt 2017<\/strong> , dont certaines concernent directement l&rsquo;EST LYONNAIS:<\/p>\n<ul>\n<li><span style=\"text-decoration: underline\">Renfort du m\u00e9tro D aux heures de pointe<\/span>: La fr\u00e9quence sera port\u00e9e \u00e0 1 minute 45 en heures de pointes du matin et du soir en semaine, permettant d\u2019accro\u00eetre la capacit\u00e9 d\u2019accueil de la ligne.<\/li>\n<li><span style=\"text-decoration: underline\">Renfort du funiculaire Fourvi\u00e8re<\/span> les samedis apr\u00e8s-midi: Le funiculaire Fourvi\u00e8re attire chaque ann\u00e9e davantage de touristes et voit sa fr\u00e9quentation significativement progresser. Pour r\u00e9pondre \u00e0 cette hausse notamment le week-end, la fr\u00e9quence du funiculaire sera de 4 minutes les samedis apr\u00e8s-midi contre 5 minutes actuellement.<\/li>\n<li><span style=\"text-decoration: underline\"><em><strong>Renfort de la ligne T3 et r\u00e9organisation du secteur Meyzieu\/Jonage<\/strong><\/em><\/span> : Pour r\u00e9pondre \u00e0 la forte attractivit\u00e9 de la ligne T3, la fr\u00e9quence sera renforc\u00e9e aux : <span style=\"text-decoration: underline\">Heures de pointes<\/span> : 6 \u00e0 7 minutes contre 7 minutes 30 actuellement, permettant d\u2019apporter 10 % de capacit\u00e9 suppl\u00e9mentaire. <span style=\"text-decoration: underline\">Heures creuses et p\u00e9riode de vacances scolaires<\/span> : 12 minutes contre 15 minutes actuellement.<\/li>\n<li><span style=\"text-decoration: underline\"><strong>Les lignes 85 et 95 simplifient leurs itin\u00e9raires dans la commune de Meyzieu<\/strong><\/span> pour offrir un acc\u00e8s plus direct au tramway T3, avec un nouvel arr\u00eat de bus en face de la station Meyzieu Gare.<\/li>\n<li><span style=\"text-decoration: underline\">Nouvelles navettes dans les Monts d\u2019Or<\/span>: 2 nouvelles lignes circuleront du lundi au vendredi avec des horaires identiques toute l\u2019ann\u00e9e: \u2022 S3 (Collonges Gare \u2013 Techlid- All\u00e9e des H\u00eatres) &amp; S16 (Collonges Gare \u2013 Ecully Le P\u00e9rollier) s\u2019ajoutent au r\u00e9seau TCL pour permettre une desserte transversale entre les communes des Monts-d\u2019Or, le p\u00f4le d\u2019activit\u00e9 de Techlid, la clinique de la Sauvegarde et le centre commercial du P\u00e9rollier.<\/li>\n<li><span style=\"text-decoration: underline\">Changement d\u2019itin\u00e9raire de la ligne S1 dans le quartier de Perrache<\/span>: Dans le cadre du projet urbain du p\u00f4le d\u2019\u00e9change multimodal de Perrache, l&rsquo;itin\u00e9raire de la ligne S1 sera modifi\u00e9 suite \u00e0 la pi\u00e9tonisation des vo\u00fbtes qu&rsquo;elle emprunte aujourd&rsquo;hui.<br \/>\nLa ligne S1 en direction de la Gare St-Paul empruntera d\u00e9sormais le quai Rambaud, le cours de Verdun et la place Gensoul. L\u2019arr\u00eat \u00ab Suchet \u00bb reste privil\u00e9gi\u00e9 pour les correspondances avec le m\u00e9tro A via un cheminement dans la vo\u00fbte pi\u00e9tonnis\u00e9e.<\/li>\n<li><span style=\"text-decoration: underline\">Desserte de la ZAC de la Castellane \u00e0 Sathonay avec la ligne 9<\/span>: Pour accompagner l\u2019urbanisation d\u2019une partie de l\u2019ancien camp militaire situ\u00e9e sur la commune de Sathonay-Camp, la ligne 9 verra son itin\u00e9raire prolong\u00e9 et son terminus se fera d\u00e9sormais \u00e0 \u00ab Sathonay Castellane\u00bb.<\/li>\n<li><span style=\"text-decoration: underline\">R\u00e9organisation de la ligne S10 dans le quartier de Saint Rambert<\/span>:<br \/>\nLa ligne S10 sera prolong\u00e9e du Plateau de Saint Rambert jusqu\u2019au Lyc\u00e9e Jean Perrin. Les nouveaux arr\u00eats desservis sont Berlioz, Grand Champ et Lyc\u00e9e J. Perrin (terminus). Nouveaut\u00e9 : la ligne fonctionnera \u00e9galement l\u2019apr\u00e8s-midi de 14 h \u00e0 18 h.<\/li>\n<\/ul>\n<p><span style=\"text-decoration: underline\"><em><strong>TOUTES LES LIGNES CONCERN\u00c9ES PAR L\u2019ADAPTATION D\u2019OFFRE<\/strong><\/em><\/span>: <span style=\"text-decoration: underline\">M\u00e9tro D<\/span>, <span style=\"text-decoration: underline\">Funiculaires F1 et F2<\/span>, <span style=\"text-decoration: underline\">Tramways T3 et T5<\/span>. <span style=\"text-decoration: underline\">Lignes de Bus<\/span> C8, C25, 6, 9, 11, 35, 63, 65, 70, 78, 85, 95, 98, S1, S3, S10, S16 et R3.<\/p>\n<ul>\n<li>\n<h4>Plus d\u2019informations sur <a href=\"http:\/\/tcl.fr\" target=\"_blank\" rel=\"noopener noreferrer\">http:\/\/tcl.fr<\/a><\/h4>\n<\/li>\n<\/ul>\n","protected":false},"excerpt":{"rendered":"<p>Deux fois par an, une commission d\u2019adaptation de l\u2019offre se r\u00e9unit pour \u00e9laborer des propositions visant \u00e0 adapter le r\u00e9seau TCL \u00e0 l\u2019\u00e9volution des d\u00e9placements et optimiser l\u2019offre. Ces adaptations sont le r\u00e9sultat d\u2019un travail de concertation entre le SYTRAL et les \u00e9lus des communes concern\u00e9es. Voici les principales mesures d\u2019adaptation d\u2019offre qui seront progressivement [&hellip;]<\/p>\n","protected":false},"author":4,"featured_media":25760,"comment_status":"open","ping_status":"open","sticky":false,"template":"","format":"standard","meta":{"footnotes":""},"categories":[30,309,13],"tags":[],"class_list":["post-32648","post","type-post","status-publish","format-standard","has-post-thumbnail","hentry","category-a-la-une","category-pratique","category-transports-circulation"],"yoast_head":"<!-- This site is optimized with the Yoast SEO plugin v27.2 - https:\/\/yoast.com\/product\/yoast-seo-wordpress\/ -->\n<title>Adaptation de l&#039;offre sur le r\u00e9seau TCL : ce qui change \u00e0 la rentr\u00e9e !<\/title>\n<meta name=\"description\" content=\"Adaptation de l&#039;offre sur le r\u00e9seau TCL : ce qui change \u00e0 la rentr\u00e9e !\" \/>\n<meta name=\"robots\" content=\"index, follow, max-snippet:-1, max-image-preview:large, max-video-preview:-1\" \/>\n<link rel=\"canonical\" href=\"https:\/\/newsestlyonnais.fr\/site\/2017\/07\/22\/adaptation-de-loffre-reseau-tcl-change-a-rentree\/\" \/>\n<meta property=\"og:locale\" content=\"fr_FR\" \/>\n<meta property=\"og:type\" content=\"article\" \/>\n<meta property=\"og:title\" content=\"Adaptation de l&#039;offre sur le r\u00e9seau TCL : ce qui change \u00e0 la rentr\u00e9e !\" \/>\n<meta property=\"og:description\" content=\"Adaptation de l&#039;offre sur le r\u00e9seau TCL : ce qui change \u00e0 la rentr\u00e9e !\" \/>\n<meta property=\"og:url\" content=\"https:\/\/newsestlyonnais.fr\/site\/2017\/07\/22\/adaptation-de-loffre-reseau-tcl-change-a-rentree\/\" \/>\n<meta property=\"og:site_name\" content=\"News Est Lyonnais\" \/>\n<meta property=\"article:author\" content=\"https:\/\/www.facebook.com\/pascal.oberson.1?fref=ts\" \/>\n<meta property=\"article:published_time\" content=\"2017-07-22T05:35:04+00:00\" \/>\n<meta property=\"article:modified_time\" content=\"2017-07-23T06:35:11+00:00\" \/>\n<meta property=\"og:image\" content=\"https:\/\/i2.wp.com\/newsestlyonnais.fr\/site\/wp-content\/uploads\/2017\/04\/NewsEstLyonnais-Flash-Info.png?fit=1000%2C750&ssl=1\" \/>\n\t<meta property=\"og:image:width\" content=\"1000\" \/>\n\t<meta property=\"og:image:height\" content=\"750\" \/>\n\t<meta property=\"og:image:type\" content=\"image\/png\" \/>\n<meta name=\"author\" content=\"R\u00e9dac. NEWS\" \/>\n<meta name=\"twitter:card\" content=\"summary_large_image\" \/>\n<meta name=\"twitter:label1\" content=\"\u00c9crit par\" \/>\n\t<meta name=\"twitter:data1\" content=\"R\u00e9dac. NEWS\" \/>\n\t<meta name=\"twitter:label2\" content=\"Dur\u00e9e de lecture estim\u00e9e\" \/>\n\t<meta name=\"twitter:data2\" content=\"3 minutes\" \/>\n<script type=\"application\/ld+json\" class=\"yoast-schema-graph\">{\"@context\":\"https:\/\/schema.org\",\"@graph\":[{\"@type\":\"Article\",\"@id\":\"https:\/\/newsestlyonnais.fr\/site\/2017\/07\/22\/adaptation-de-loffre-reseau-tcl-change-a-rentree\/#article\",\"isPartOf\":{\"@id\":\"https:\/\/newsestlyonnais.fr\/site\/2017\/07\/22\/adaptation-de-loffre-reseau-tcl-change-a-rentree\/\"},\"author\":{\"name\":\"R\u00e9dac. NEWS\",\"@id\":\"https:\/\/newsestlyonnais.fr\/site\/#\/schema\/person\/3230d5615f390bb808365d673001e887\"},\"headline\":\"Adaptation de l&rsquo;offre sur le r\u00e9seau TCL : ce qui change \u00e0 la rentr\u00e9e !\",\"datePublished\":\"2017-07-22T05:35:04+00:00\",\"dateModified\":\"2017-07-23T06:35:11+00:00\",\"mainEntityOfPage\":{\"@id\":\"https:\/\/newsestlyonnais.fr\/site\/2017\/07\/22\/adaptation-de-loffre-reseau-tcl-change-a-rentree\/\"},\"wordCount\":582,\"commentCount\":1,\"publisher\":{\"@id\":\"https:\/\/newsestlyonnais.fr\/site\/#organization\"},\"image\":{\"@id\":\"https:\/\/newsestlyonnais.fr\/site\/2017\/07\/22\/adaptation-de-loffre-reseau-tcl-change-a-rentree\/#primaryimage\"},\"thumbnailUrl\":\"https:\/\/newsestlyonnais.fr\/site\/wp-content\/uploads\/2017\/04\/NewsEstLyonnais-Flash-Info.png\",\"articleSection\":[\"\u00e0 la une\",\"Pratique\",\"Transports | Circulation\"],\"inLanguage\":\"fr-FR\",\"potentialAction\":[{\"@type\":\"CommentAction\",\"name\":\"Comment\",\"target\":[\"https:\/\/newsestlyonnais.fr\/site\/2017\/07\/22\/adaptation-de-loffre-reseau-tcl-change-a-rentree\/#respond\"]}]},{\"@type\":\"WebPage\",\"@id\":\"https:\/\/newsestlyonnais.fr\/site\/2017\/07\/22\/adaptation-de-loffre-reseau-tcl-change-a-rentree\/\",\"url\":\"https:\/\/newsestlyonnais.fr\/site\/2017\/07\/22\/adaptation-de-loffre-reseau-tcl-change-a-rentree\/\",\"name\":\"Adaptation de l'offre sur le r\u00e9seau TCL : ce qui change \u00e0 la rentr\u00e9e !\",\"isPartOf\":{\"@id\":\"https:\/\/newsestlyonnais.fr\/site\/#website\"},\"primaryImageOfPage\":{\"@id\":\"https:\/\/newsestlyonnais.fr\/site\/2017\/07\/22\/adaptation-de-loffre-reseau-tcl-change-a-rentree\/#primaryimage\"},\"image\":{\"@id\":\"https:\/\/newsestlyonnais.fr\/site\/2017\/07\/22\/adaptation-de-loffre-reseau-tcl-change-a-rentree\/#primaryimage\"},\"thumbnailUrl\":\"https:\/\/newsestlyonnais.fr\/site\/wp-content\/uploads\/2017\/04\/NewsEstLyonnais-Flash-Info.png\",\"datePublished\":\"2017-07-22T05:35:04+00:00\",\"dateModified\":\"2017-07-23T06:35:11+00:00\",\"description\":\"Adaptation de l'offre sur le r\u00e9seau TCL : ce qui change \u00e0 la rentr\u00e9e !\",\"breadcrumb\":{\"@id\":\"https:\/\/newsestlyonnais.fr\/site\/2017\/07\/22\/adaptation-de-loffre-reseau-tcl-change-a-rentree\/#breadcrumb\"},\"inLanguage\":\"fr-FR\",\"potentialAction\":[{\"@type\":\"ReadAction\",\"target\":[\"https:\/\/newsestlyonnais.fr\/site\/2017\/07\/22\/adaptation-de-loffre-reseau-tcl-change-a-rentree\/\"]}]},{\"@type\":\"ImageObject\",\"inLanguage\":\"fr-FR\",\"@id\":\"https:\/\/newsestlyonnais.fr\/site\/2017\/07\/22\/adaptation-de-loffre-reseau-tcl-change-a-rentree\/#primaryimage\",\"url\":\"https:\/\/newsestlyonnais.fr\/site\/wp-content\/uploads\/2017\/04\/NewsEstLyonnais-Flash-Info.png\",\"contentUrl\":\"https:\/\/newsestlyonnais.fr\/site\/wp-content\/uploads\/2017\/04\/NewsEstLyonnais-Flash-Info.png\",\"width\":1000,\"height\":750,\"caption\":\"NewsEstLyonnais-Flash-Info\"},{\"@type\":\"BreadcrumbList\",\"@id\":\"https:\/\/newsestlyonnais.fr\/site\/2017\/07\/22\/adaptation-de-loffre-reseau-tcl-change-a-rentree\/#breadcrumb\",\"itemListElement\":[{\"@type\":\"ListItem\",\"position\":1,\"name\":\"Accueil\",\"item\":\"https:\/\/newsestlyonnais.fr\/site\/\"},{\"@type\":\"ListItem\",\"position\":2,\"name\":\"Adaptation de l&rsquo;offre sur le r\u00e9seau TCL : ce qui change \u00e0 la rentr\u00e9e !\"}]},{\"@type\":\"WebSite\",\"@id\":\"https:\/\/newsestlyonnais.fr\/site\/#website\",\"url\":\"https:\/\/newsestlyonnais.fr\/site\/\",\"name\":\"News Est Lyonnais\",\"description\":\"L&#039;actualit\u00e9 au plus pr\u00e8s\",\"publisher\":{\"@id\":\"https:\/\/newsestlyonnais.fr\/site\/#organization\"},\"potentialAction\":[{\"@type\":\"SearchAction\",\"target\":{\"@type\":\"EntryPoint\",\"urlTemplate\":\"https:\/\/newsestlyonnais.fr\/site\/?s={search_term_string}\"},\"query-input\":{\"@type\":\"PropertyValueSpecification\",\"valueRequired\":true,\"valueName\":\"search_term_string\"}}],\"inLanguage\":\"fr-FR\"},{\"@type\":\"Organization\",\"@id\":\"https:\/\/newsestlyonnais.fr\/site\/#organization\",\"name\":\"News EST LYONNAIS\",\"url\":\"https:\/\/newsestlyonnais.fr\/site\/\",\"logo\":{\"@type\":\"ImageObject\",\"inLanguage\":\"fr-FR\",\"@id\":\"https:\/\/newsestlyonnais.fr\/site\/#\/schema\/logo\/image\/\",\"url\":\"\",\"contentUrl\":\"\",\"caption\":\"News EST LYONNAIS\"},\"image\":{\"@id\":\"https:\/\/newsestlyonnais.fr\/site\/#\/schema\/logo\/image\/\"}},{\"@type\":\"Person\",\"@id\":\"https:\/\/newsestlyonnais.fr\/site\/#\/schema\/person\/3230d5615f390bb808365d673001e887\",\"name\":\"R\u00e9dac. NEWS\",\"sameAs\":[\"http:\/\/www.newsestlyonnais.fr\",\"https:\/\/www.facebook.com\/pascal.oberson.1?fref=ts\",\"https:\/\/fr.linkedin.com\/in\/pascal-oberson-b17045113\"],\"url\":\"https:\/\/newsestlyonnais.fr\/site\/author\/nel\/\"}]}<\/script>\n<!-- \/ Yoast SEO plugin. -->","yoast_head_json":{"title":"Adaptation de l'offre sur le r\u00e9seau TCL : ce qui change \u00e0 la rentr\u00e9e !","description":"Adaptation de l'offre sur le r\u00e9seau TCL : ce qui change \u00e0 la rentr\u00e9e !","robots":{"index":"index","follow":"follow","max-snippet":"max-snippet:-1","max-image-preview":"max-image-preview:large","max-video-preview":"max-video-preview:-1"},"canonical":"https:\/\/newsestlyonnais.fr\/site\/2017\/07\/22\/adaptation-de-loffre-reseau-tcl-change-a-rentree\/","og_locale":"fr_FR","og_type":"article","og_title":"Adaptation de l'offre sur le r\u00e9seau TCL : ce qui change \u00e0 la rentr\u00e9e !","og_description":"Adaptation de l'offre sur le r\u00e9seau TCL : ce qui change \u00e0 la rentr\u00e9e !","og_url":"https:\/\/newsestlyonnais.fr\/site\/2017\/07\/22\/adaptation-de-loffre-reseau-tcl-change-a-rentree\/","og_site_name":"News Est Lyonnais","article_author":"https:\/\/www.facebook.com\/pascal.oberson.1?fref=ts","article_published_time":"2017-07-22T05:35:04+00:00","article_modified_time":"2017-07-23T06:35:11+00:00","og_image":[{"width":1000,"height":750,"url":"https:\/\/i2.wp.com\/newsestlyonnais.fr\/site\/wp-content\/uploads\/2017\/04\/NewsEstLyonnais-Flash-Info.png?fit=1000%2C750&ssl=1","type":"image\/png"}],"author":"R\u00e9dac. NEWS","twitter_card":"summary_large_image","twitter_misc":{"\u00c9crit par":"R\u00e9dac. NEWS","Dur\u00e9e de lecture estim\u00e9e":"3 minutes"},"schema":{"@context":"https:\/\/schema.org","@graph":[{"@type":"Article","@id":"https:\/\/newsestlyonnais.fr\/site\/2017\/07\/22\/adaptation-de-loffre-reseau-tcl-change-a-rentree\/#article","isPartOf":{"@id":"https:\/\/newsestlyonnais.fr\/site\/2017\/07\/22\/adaptation-de-loffre-reseau-tcl-change-a-rentree\/"},"author":{"name":"R\u00e9dac. NEWS","@id":"https:\/\/newsestlyonnais.fr\/site\/#\/schema\/person\/3230d5615f390bb808365d673001e887"},"headline":"Adaptation de l&rsquo;offre sur le r\u00e9seau TCL : ce qui change \u00e0 la rentr\u00e9e !","datePublished":"2017-07-22T05:35:04+00:00","dateModified":"2017-07-23T06:35:11+00:00","mainEntityOfPage":{"@id":"https:\/\/newsestlyonnais.fr\/site\/2017\/07\/22\/adaptation-de-loffre-reseau-tcl-change-a-rentree\/"},"wordCount":582,"commentCount":1,"publisher":{"@id":"https:\/\/newsestlyonnais.fr\/site\/#organization"},"image":{"@id":"https:\/\/newsestlyonnais.fr\/site\/2017\/07\/22\/adaptation-de-loffre-reseau-tcl-change-a-rentree\/#primaryimage"},"thumbnailUrl":"https:\/\/newsestlyonnais.fr\/site\/wp-content\/uploads\/2017\/04\/NewsEstLyonnais-Flash-Info.png","articleSection":["\u00e0 la une","Pratique","Transports | Circulation"],"inLanguage":"fr-FR","potentialAction":[{"@type":"CommentAction","name":"Comment","target":["https:\/\/newsestlyonnais.fr\/site\/2017\/07\/22\/adaptation-de-loffre-reseau-tcl-change-a-rentree\/#respond"]}]},{"@type":"WebPage","@id":"https:\/\/newsestlyonnais.fr\/site\/2017\/07\/22\/adaptation-de-loffre-reseau-tcl-change-a-rentree\/","url":"https:\/\/newsestlyonnais.fr\/site\/2017\/07\/22\/adaptation-de-loffre-reseau-tcl-change-a-rentree\/","name":"Adaptation de l'offre sur le r\u00e9seau TCL : ce qui change \u00e0 la rentr\u00e9e !","isPartOf":{"@id":"https:\/\/newsestlyonnais.fr\/site\/#website"},"primaryImageOfPage":{"@id":"https:\/\/newsestlyonnais.fr\/site\/2017\/07\/22\/adaptation-de-loffre-reseau-tcl-change-a-rentree\/#primaryimage"},"image":{"@id":"https:\/\/newsestlyonnais.fr\/site\/2017\/07\/22\/adaptation-de-loffre-reseau-tcl-change-a-rentree\/#primaryimage"},"thumbnailUrl":"https:\/\/newsestlyonnais.fr\/site\/wp-content\/uploads\/2017\/04\/NewsEstLyonnais-Flash-Info.png","datePublished":"2017-07-22T05:35:04+00:00","dateModified":"2017-07-23T06:35:11+00:00","description":"Adaptation de l'offre sur le r\u00e9seau TCL : ce qui change \u00e0 la rentr\u00e9e !","breadcrumb":{"@id":"https:\/\/newsestlyonnais.fr\/site\/2017\/07\/22\/adaptation-de-loffre-reseau-tcl-change-a-rentree\/#breadcrumb"},"inLanguage":"fr-FR","potentialAction":[{"@type":"ReadAction","target":["https:\/\/newsestlyonnais.fr\/site\/2017\/07\/22\/adaptation-de-loffre-reseau-tcl-change-a-rentree\/"]}]},{"@type":"ImageObject","inLanguage":"fr-FR","@id":"https:\/\/newsestlyonnais.fr\/site\/2017\/07\/22\/adaptation-de-loffre-reseau-tcl-change-a-rentree\/#primaryimage","url":"https:\/\/newsestlyonnais.fr\/site\/wp-content\/uploads\/2017\/04\/NewsEstLyonnais-Flash-Info.png","contentUrl":"https:\/\/newsestlyonnais.fr\/site\/wp-content\/uploads\/2017\/04\/NewsEstLyonnais-Flash-Info.png","width":1000,"height":750,"caption":"NewsEstLyonnais-Flash-Info"},{"@type":"BreadcrumbList","@id":"https:\/\/newsestlyonnais.fr\/site\/2017\/07\/22\/adaptation-de-loffre-reseau-tcl-change-a-rentree\/#breadcrumb","itemListElement":[{"@type":"ListItem","position":1,"name":"Accueil","item":"https:\/\/newsestlyonnais.fr\/site\/"},{"@type":"ListItem","position":2,"name":"Adaptation de l&rsquo;offre sur le r\u00e9seau TCL : ce qui change \u00e0 la rentr\u00e9e !"}]},{"@type":"WebSite","@id":"https:\/\/newsestlyonnais.fr\/site\/#website","url":"https:\/\/newsestlyonnais.fr\/site\/","name":"News Est Lyonnais","description":"L&#039;actualit\u00e9 au plus pr\u00e8s","publisher":{"@id":"https:\/\/newsestlyonnais.fr\/site\/#organization"},"potentialAction":[{"@type":"SearchAction","target":{"@type":"EntryPoint","urlTemplate":"https:\/\/newsestlyonnais.fr\/site\/?s={search_term_string}"},"query-input":{"@type":"PropertyValueSpecification","valueRequired":true,"valueName":"search_term_string"}}],"inLanguage":"fr-FR"},{"@type":"Organization","@id":"https:\/\/newsestlyonnais.fr\/site\/#organization","name":"News EST LYONNAIS","url":"https:\/\/newsestlyonnais.fr\/site\/","logo":{"@type":"ImageObject","inLanguage":"fr-FR","@id":"https:\/\/newsestlyonnais.fr\/site\/#\/schema\/logo\/image\/","url":"","contentUrl":"","caption":"News EST LYONNAIS"},"image":{"@id":"https:\/\/newsestlyonnais.fr\/site\/#\/schema\/logo\/image\/"}},{"@type":"Person","@id":"https:\/\/newsestlyonnais.fr\/site\/#\/schema\/person\/3230d5615f390bb808365d673001e887","name":"R\u00e9dac. NEWS","sameAs":["http:\/\/www.newsestlyonnais.fr","https:\/\/www.facebook.com\/pascal.oberson.1?fref=ts","https:\/\/fr.linkedin.com\/in\/pascal-oberson-b17045113"],"url":"https:\/\/newsestlyonnais.fr\/site\/author\/nel\/"}]}},"_links":{"self":[{"href":"https:\/\/newsestlyonnais.fr\/site\/wp-json\/wp\/v2\/posts\/32648","targetHints":{"allow":["GET"]}}],"collection":[{"href":"https:\/\/newsestlyonnais.fr\/site\/wp-json\/wp\/v2\/posts"}],"about":[{"href":"https:\/\/newsestlyonnais.fr\/site\/wp-json\/wp\/v2\/types\/post"}],"author":[{"embeddable":true,"href":"https:\/\/newsestlyonnais.fr\/site\/wp-json\/wp\/v2\/users\/4"}],"replies":[{"embeddable":true,"href":"https:\/\/newsestlyonnais.fr\/site\/wp-json\/wp\/v2\/comments?post=32648"}],"version-history":[{"count":0,"href":"https:\/\/newsestlyonnais.fr\/site\/wp-json\/wp\/v2\/posts\/32648\/revisions"}],"wp:featuredmedia":[{"embeddable":true,"href":"https:\/\/newsestlyonnais.fr\/site\/wp-json\/wp\/v2\/media\/25760"}],"wp:attachment":[{"href":"https:\/\/newsestlyonnais.fr\/site\/wp-json\/wp\/v2\/media?parent=32648"}],"wp:term":[{"taxonomy":"category","embeddable":true,"href":"https:\/\/newsestlyonnais.fr\/site\/wp-json\/wp\/v2\/categories?post=32648"},{"taxonomy":"post_tag","embeddable":true,"href":"https:\/\/newsestlyonnais.fr\/site\/wp-json\/wp\/v2\/tags?post=32648"}],"curies":[{"name":"wp","href":"https:\/\/api.w.org\/{rel}","templated":true}]}}