{"id":32860,"date":"2017-07-25T07:31:02","date_gmt":"2017-07-25T06:31:02","guid":{"rendered":"http:\/\/newsestlyonnais.fr\/site\/?p=32860"},"modified":"2020-11-20T15:46:12","modified_gmt":"2020-11-20T14:46:12","slug":"bron-a-la-rencontre-mercredi-des-chantiers-ville-vie-vacances","status":"publish","type":"post","link":"https:\/\/newsestlyonnais.fr\/site\/2017\/07\/25\/bron-a-la-rencontre-mercredi-des-chantiers-ville-vie-vacances\/","title":{"rendered":"BRON | A la rencontre mercredi des chantiers Ville Vie Vacances !"},"content":{"rendered":"<h4>En juillet et en ao\u00fbt, des jeunes Brondillants \u00e2g\u00e9s de 14 \u00e0 25 ans travaillent encadr\u00e9s par les agents municipaux de diff\u00e9rents services dans le cadre du programme \u201cVille Vie Vacances\u201d(VVV).<\/h4>\n<div>\n<p>Comme chaque \u00e9t\u00e9 et p\u00e9riodes de vacances scolaires, les jeunes Brondillants et Brondillantes peuvent s\u2019inscrire \u00e0 l\u2019un des chantiers Ville Vie Vacances (VVV) propos\u00e9s par la Ville. Depuis 1996, dans le cadre de sa politique prioritaire d\u2019insertion sociale, la Ville permet aux jeunes de 14 \u00e0 25 ans de d\u00e9couvrir le monde du travail (le candidat doit avoir 14 ans le 1\u00b0 jour du chantier).<\/p>\n<div>Ce dispositif, cofinanc\u00e9 par l\u2019\u00c9tat, l\u2019Acs\u00e9 et la CAF, aide \u00e0 la r\u00e9alisation d\u2019un projet personnel (permis de conduire, financement du Bafa ou projet de vacances). Petits travaux administratifs, jardinage, nettoyage, peinture, archivage ou mise sous pli.: les chantiers VVV offrent une premi\u00e8re exp\u00e9rience de travail, cr\u00e9ent du lien social etd\u00e9veloppent des dynamiques d\u2019insertion. Une fa\u00e7on aussi de pr\u00e9venir les conduites \u00e0 risque, de participer \u00e0 la formation du futur adulte, et aussi un moyen de gagner un peu d\u2019argent de poche (gratification de 100 euros pour 17 h 30 hebdomadaires \u00e0 raison de 2 semaines maximum).<\/div>\n<div>&#8211; Ces chantiers sont supervis\u00e9s par les Services Techniques de la Ville et encadr\u00e9s par du personnel de la Ville, ou mis \u00e0 disposition. Par, exemple, l\u2019association Multi Service D\u00e9veloppement (MSD).<\/div>\n<\/div>\n<div>&#8211; Cette ann\u00e9e, 168 chantiers accueillent 167 jeunes, filles et gar\u00e7ons. Invitation \u00e0 aller \u00e0 leur rencontre, en pr\u00e9sence de<\/div>\n<div>Jean-Michel Longueval, Maire de Bron, Francis Serrano, Adjoint d\u00e9l\u00e9gu\u00e9 \u00e0 la Pr\u00e9vention, et des services de la Ville.<\/div>\n<div>Le d\u00e9part de la visite aura lieu Mercredi 26 juillet \u00e0 9 heures. Rendez-vous derri\u00e8re l\u2019H\u00f4tel de Ville (c\u00f4t\u00e9 place de la Libert\u00e9).<\/div>\n<div><span style=\"text-decoration: underline\">Avec au programme la visite de 4 chantiers VVV<\/span>:<br \/>\n1 &#8211; chantier peinture a\u0300 l\u2019e\u0301cole Jean Moulin, 5 jeunes<br \/>\n2 &#8211; chantier entretien au Centre nautique Andre\u0301 Sousi, 2 jeunes<br \/>\n3 &#8211; chantier peinture au Centre social Les Taillis, 3 jeunes<br \/>\n4 &#8211; chantier nettoyage de livres et rayonnages a\u0300 la Me\u0301diathe\u0300que Jean Pre\u0301vost, 2 jeunes<\/p>\n<\/div>\n<p>&nbsp;<\/p>\n<p>&nbsp;<\/p>\n","protected":false},"excerpt":{"rendered":"<p>En juillet et en ao\u00fbt, des jeunes Brondillants \u00e2g\u00e9s de 14 \u00e0 25 ans travaillent encadr\u00e9s par les agents municipaux de diff\u00e9rents services dans le cadre du programme \u201cVille Vie Vacances\u201d(VVV). Comme chaque \u00e9t\u00e9 et p\u00e9riodes de vacances scolaires, les jeunes Brondillants et Brondillantes peuvent s\u2019inscrire \u00e0 l\u2019un des chantiers Ville Vie Vacances (VVV) propos\u00e9s [&hellip;]<\/p>\n","protected":false},"author":4,"featured_media":10549,"comment_status":"open","ping_status":"open","sticky":false,"template":"","format":"standard","meta":{"footnotes":""},"categories":[19,214,171,18],"tags":[],"class_list":["post-32860","post","type-post","status-publish","format-standard","has-post-thumbnail","hentry","category-bron","category-emplois-infos-diverses","category-enfance-jeunesse","category-sante-bien-etre-solidarite"],"yoast_head":"<!-- This site is optimized with the Yoast SEO plugin v27.2 - https:\/\/yoast.com\/product\/yoast-seo-wordpress\/ -->\n<title>BRON : A la rencontre mercredi des chantiers Ville Vie Vacances !<\/title>\n<meta name=\"description\" content=\"BRON : A la rencontre mercredi des chantiers Ville Vie Vacances !\" \/>\n<meta name=\"robots\" content=\"index, follow, max-snippet:-1, max-image-preview:large, max-video-preview:-1\" \/>\n<link rel=\"canonical\" href=\"https:\/\/newsestlyonnais.fr\/site\/2017\/07\/25\/bron-a-la-rencontre-mercredi-des-chantiers-ville-vie-vacances\/\" \/>\n<meta property=\"og:locale\" content=\"fr_FR\" \/>\n<meta property=\"og:type\" content=\"article\" \/>\n<meta property=\"og:title\" content=\"BRON : A la rencontre mercredi des chantiers Ville Vie Vacances !\" \/>\n<meta property=\"og:description\" content=\"BRON : A la rencontre mercredi des chantiers Ville Vie Vacances !\" \/>\n<meta property=\"og:url\" content=\"https:\/\/newsestlyonnais.fr\/site\/2017\/07\/25\/bron-a-la-rencontre-mercredi-des-chantiers-ville-vie-vacances\/\" \/>\n<meta property=\"og:site_name\" content=\"News Est Lyonnais\" \/>\n<meta property=\"article:author\" content=\"https:\/\/www.facebook.com\/pascal.oberson.1?fref=ts\" \/>\n<meta property=\"article:published_time\" content=\"2017-07-25T06:31:02+00:00\" \/>\n<meta property=\"article:modified_time\" content=\"2020-11-20T14:46:12+00:00\" \/>\n<meta property=\"og:image\" content=\"https:\/\/i2.wp.com\/newsestlyonnais.fr\/site\/wp-content\/uploads\/2016\/07\/NEWSESTLYONNAIS-PANNEAUBRON.jpg?fit=1000%2C750&ssl=1\" \/>\n\t<meta property=\"og:image:width\" content=\"1000\" \/>\n\t<meta property=\"og:image:height\" content=\"750\" \/>\n\t<meta property=\"og:image:type\" content=\"image\/jpeg\" \/>\n<meta name=\"author\" content=\"R\u00e9dac. NEWS\" \/>\n<meta name=\"twitter:card\" content=\"summary_large_image\" \/>\n<meta name=\"twitter:label1\" content=\"\u00c9crit par\" \/>\n\t<meta name=\"twitter:data1\" content=\"R\u00e9dac. NEWS\" \/>\n\t<meta name=\"twitter:label2\" content=\"Dur\u00e9e de lecture estim\u00e9e\" \/>\n\t<meta name=\"twitter:data2\" content=\"2 minutes\" \/>\n<script type=\"application\/ld+json\" class=\"yoast-schema-graph\">{\"@context\":\"https:\/\/schema.org\",\"@graph\":[{\"@type\":\"Article\",\"@id\":\"https:\/\/newsestlyonnais.fr\/site\/2017\/07\/25\/bron-a-la-rencontre-mercredi-des-chantiers-ville-vie-vacances\/#article\",\"isPartOf\":{\"@id\":\"https:\/\/newsestlyonnais.fr\/site\/2017\/07\/25\/bron-a-la-rencontre-mercredi-des-chantiers-ville-vie-vacances\/\"},\"author\":{\"name\":\"R\u00e9dac. NEWS\",\"@id\":\"https:\/\/newsestlyonnais.fr\/site\/#\/schema\/person\/3230d5615f390bb808365d673001e887\"},\"headline\":\"BRON | A la rencontre mercredi des chantiers Ville Vie Vacances !\",\"datePublished\":\"2017-07-25T06:31:02+00:00\",\"dateModified\":\"2020-11-20T14:46:12+00:00\",\"mainEntityOfPage\":{\"@id\":\"https:\/\/newsestlyonnais.fr\/site\/2017\/07\/25\/bron-a-la-rencontre-mercredi-des-chantiers-ville-vie-vacances\/\"},\"wordCount\":360,\"commentCount\":0,\"publisher\":{\"@id\":\"https:\/\/newsestlyonnais.fr\/site\/#organization\"},\"image\":{\"@id\":\"https:\/\/newsestlyonnais.fr\/site\/2017\/07\/25\/bron-a-la-rencontre-mercredi-des-chantiers-ville-vie-vacances\/#primaryimage\"},\"thumbnailUrl\":\"https:\/\/newsestlyonnais.fr\/site\/wp-content\/uploads\/2016\/07\/NEWSESTLYONNAIS-PANNEAUBRON.jpg\",\"articleSection\":[\"Bron\",\"Emplois (infos diverses)\",\"Enfance | Jeunesse\",\"Sant\u00e9 | Bien Etre | Solidarit\u00e9\"],\"inLanguage\":\"fr-FR\",\"potentialAction\":[{\"@type\":\"CommentAction\",\"name\":\"Comment\",\"target\":[\"https:\/\/newsestlyonnais.fr\/site\/2017\/07\/25\/bron-a-la-rencontre-mercredi-des-chantiers-ville-vie-vacances\/#respond\"]}]},{\"@type\":\"WebPage\",\"@id\":\"https:\/\/newsestlyonnais.fr\/site\/2017\/07\/25\/bron-a-la-rencontre-mercredi-des-chantiers-ville-vie-vacances\/\",\"url\":\"https:\/\/newsestlyonnais.fr\/site\/2017\/07\/25\/bron-a-la-rencontre-mercredi-des-chantiers-ville-vie-vacances\/\",\"name\":\"BRON : A la rencontre mercredi des chantiers Ville Vie Vacances !\",\"isPartOf\":{\"@id\":\"https:\/\/newsestlyonnais.fr\/site\/#website\"},\"primaryImageOfPage\":{\"@id\":\"https:\/\/newsestlyonnais.fr\/site\/2017\/07\/25\/bron-a-la-rencontre-mercredi-des-chantiers-ville-vie-vacances\/#primaryimage\"},\"image\":{\"@id\":\"https:\/\/newsestlyonnais.fr\/site\/2017\/07\/25\/bron-a-la-rencontre-mercredi-des-chantiers-ville-vie-vacances\/#primaryimage\"},\"thumbnailUrl\":\"https:\/\/newsestlyonnais.fr\/site\/wp-content\/uploads\/2016\/07\/NEWSESTLYONNAIS-PANNEAUBRON.jpg\",\"datePublished\":\"2017-07-25T06:31:02+00:00\",\"dateModified\":\"2020-11-20T14:46:12+00:00\",\"description\":\"BRON : A la rencontre mercredi des chantiers Ville Vie Vacances !\",\"breadcrumb\":{\"@id\":\"https:\/\/newsestlyonnais.fr\/site\/2017\/07\/25\/bron-a-la-rencontre-mercredi-des-chantiers-ville-vie-vacances\/#breadcrumb\"},\"inLanguage\":\"fr-FR\",\"potentialAction\":[{\"@type\":\"ReadAction\",\"target\":[\"https:\/\/newsestlyonnais.fr\/site\/2017\/07\/25\/bron-a-la-rencontre-mercredi-des-chantiers-ville-vie-vacances\/\"]}]},{\"@type\":\"ImageObject\",\"inLanguage\":\"fr-FR\",\"@id\":\"https:\/\/newsestlyonnais.fr\/site\/2017\/07\/25\/bron-a-la-rencontre-mercredi-des-chantiers-ville-vie-vacances\/#primaryimage\",\"url\":\"https:\/\/newsestlyonnais.fr\/site\/wp-content\/uploads\/2016\/07\/NEWSESTLYONNAIS-PANNEAUBRON.jpg\",\"contentUrl\":\"https:\/\/newsestlyonnais.fr\/site\/wp-content\/uploads\/2016\/07\/NEWSESTLYONNAIS-PANNEAUBRON.jpg\",\"width\":1000,\"height\":750,\"caption\":\"NEWSESTLYONNAIS - PANNEAUBRON\"},{\"@type\":\"BreadcrumbList\",\"@id\":\"https:\/\/newsestlyonnais.fr\/site\/2017\/07\/25\/bron-a-la-rencontre-mercredi-des-chantiers-ville-vie-vacances\/#breadcrumb\",\"itemListElement\":[{\"@type\":\"ListItem\",\"position\":1,\"name\":\"Accueil\",\"item\":\"https:\/\/newsestlyonnais.fr\/site\/\"},{\"@type\":\"ListItem\",\"position\":2,\"name\":\"BRON | A la rencontre mercredi des chantiers Ville Vie Vacances !\"}]},{\"@type\":\"WebSite\",\"@id\":\"https:\/\/newsestlyonnais.fr\/site\/#website\",\"url\":\"https:\/\/newsestlyonnais.fr\/site\/\",\"name\":\"News Est Lyonnais\",\"description\":\"L&#039;actualit\u00e9 au plus pr\u00e8s\",\"publisher\":{\"@id\":\"https:\/\/newsestlyonnais.fr\/site\/#organization\"},\"potentialAction\":[{\"@type\":\"SearchAction\",\"target\":{\"@type\":\"EntryPoint\",\"urlTemplate\":\"https:\/\/newsestlyonnais.fr\/site\/?s={search_term_string}\"},\"query-input\":{\"@type\":\"PropertyValueSpecification\",\"valueRequired\":true,\"valueName\":\"search_term_string\"}}],\"inLanguage\":\"fr-FR\"},{\"@type\":\"Organization\",\"@id\":\"https:\/\/newsestlyonnais.fr\/site\/#organization\",\"name\":\"News EST LYONNAIS\",\"url\":\"https:\/\/newsestlyonnais.fr\/site\/\",\"logo\":{\"@type\":\"ImageObject\",\"inLanguage\":\"fr-FR\",\"@id\":\"https:\/\/newsestlyonnais.fr\/site\/#\/schema\/logo\/image\/\",\"url\":\"\",\"contentUrl\":\"\",\"caption\":\"News EST LYONNAIS\"},\"image\":{\"@id\":\"https:\/\/newsestlyonnais.fr\/site\/#\/schema\/logo\/image\/\"}},{\"@type\":\"Person\",\"@id\":\"https:\/\/newsestlyonnais.fr\/site\/#\/schema\/person\/3230d5615f390bb808365d673001e887\",\"name\":\"R\u00e9dac. NEWS\",\"sameAs\":[\"http:\/\/www.newsestlyonnais.fr\",\"https:\/\/www.facebook.com\/pascal.oberson.1?fref=ts\",\"https:\/\/fr.linkedin.com\/in\/pascal-oberson-b17045113\"],\"url\":\"https:\/\/newsestlyonnais.fr\/site\/author\/nel\/\"}]}<\/script>\n<!-- \/ Yoast SEO plugin. -->","yoast_head_json":{"title":"BRON : A la rencontre mercredi des chantiers Ville Vie Vacances !","description":"BRON : A la rencontre mercredi des chantiers Ville Vie Vacances !","robots":{"index":"index","follow":"follow","max-snippet":"max-snippet:-1","max-image-preview":"max-image-preview:large","max-video-preview":"max-video-preview:-1"},"canonical":"https:\/\/newsestlyonnais.fr\/site\/2017\/07\/25\/bron-a-la-rencontre-mercredi-des-chantiers-ville-vie-vacances\/","og_locale":"fr_FR","og_type":"article","og_title":"BRON : A la rencontre mercredi des chantiers Ville Vie Vacances !","og_description":"BRON : A la rencontre mercredi des chantiers Ville Vie Vacances !","og_url":"https:\/\/newsestlyonnais.fr\/site\/2017\/07\/25\/bron-a-la-rencontre-mercredi-des-chantiers-ville-vie-vacances\/","og_site_name":"News Est Lyonnais","article_author":"https:\/\/www.facebook.com\/pascal.oberson.1?fref=ts","article_published_time":"2017-07-25T06:31:02+00:00","article_modified_time":"2020-11-20T14:46:12+00:00","og_image":[{"width":1000,"height":750,"url":"https:\/\/i2.wp.com\/newsestlyonnais.fr\/site\/wp-content\/uploads\/2016\/07\/NEWSESTLYONNAIS-PANNEAUBRON.jpg?fit=1000%2C750&ssl=1","type":"image\/jpeg"}],"author":"R\u00e9dac. NEWS","twitter_card":"summary_large_image","twitter_misc":{"\u00c9crit par":"R\u00e9dac. NEWS","Dur\u00e9e de lecture estim\u00e9e":"2 minutes"},"schema":{"@context":"https:\/\/schema.org","@graph":[{"@type":"Article","@id":"https:\/\/newsestlyonnais.fr\/site\/2017\/07\/25\/bron-a-la-rencontre-mercredi-des-chantiers-ville-vie-vacances\/#article","isPartOf":{"@id":"https:\/\/newsestlyonnais.fr\/site\/2017\/07\/25\/bron-a-la-rencontre-mercredi-des-chantiers-ville-vie-vacances\/"},"author":{"name":"R\u00e9dac. NEWS","@id":"https:\/\/newsestlyonnais.fr\/site\/#\/schema\/person\/3230d5615f390bb808365d673001e887"},"headline":"BRON | A la rencontre mercredi des chantiers Ville Vie Vacances !","datePublished":"2017-07-25T06:31:02+00:00","dateModified":"2020-11-20T14:46:12+00:00","mainEntityOfPage":{"@id":"https:\/\/newsestlyonnais.fr\/site\/2017\/07\/25\/bron-a-la-rencontre-mercredi-des-chantiers-ville-vie-vacances\/"},"wordCount":360,"commentCount":0,"publisher":{"@id":"https:\/\/newsestlyonnais.fr\/site\/#organization"},"image":{"@id":"https:\/\/newsestlyonnais.fr\/site\/2017\/07\/25\/bron-a-la-rencontre-mercredi-des-chantiers-ville-vie-vacances\/#primaryimage"},"thumbnailUrl":"https:\/\/newsestlyonnais.fr\/site\/wp-content\/uploads\/2016\/07\/NEWSESTLYONNAIS-PANNEAUBRON.jpg","articleSection":["Bron","Emplois (infos diverses)","Enfance | Jeunesse","Sant\u00e9 | Bien Etre | Solidarit\u00e9"],"inLanguage":"fr-FR","potentialAction":[{"@type":"CommentAction","name":"Comment","target":["https:\/\/newsestlyonnais.fr\/site\/2017\/07\/25\/bron-a-la-rencontre-mercredi-des-chantiers-ville-vie-vacances\/#respond"]}]},{"@type":"WebPage","@id":"https:\/\/newsestlyonnais.fr\/site\/2017\/07\/25\/bron-a-la-rencontre-mercredi-des-chantiers-ville-vie-vacances\/","url":"https:\/\/newsestlyonnais.fr\/site\/2017\/07\/25\/bron-a-la-rencontre-mercredi-des-chantiers-ville-vie-vacances\/","name":"BRON : A la rencontre mercredi des chantiers Ville Vie Vacances !","isPartOf":{"@id":"https:\/\/newsestlyonnais.fr\/site\/#website"},"primaryImageOfPage":{"@id":"https:\/\/newsestlyonnais.fr\/site\/2017\/07\/25\/bron-a-la-rencontre-mercredi-des-chantiers-ville-vie-vacances\/#primaryimage"},"image":{"@id":"https:\/\/newsestlyonnais.fr\/site\/2017\/07\/25\/bron-a-la-rencontre-mercredi-des-chantiers-ville-vie-vacances\/#primaryimage"},"thumbnailUrl":"https:\/\/newsestlyonnais.fr\/site\/wp-content\/uploads\/2016\/07\/NEWSESTLYONNAIS-PANNEAUBRON.jpg","datePublished":"2017-07-25T06:31:02+00:00","dateModified":"2020-11-20T14:46:12+00:00","description":"BRON : A la rencontre mercredi des chantiers Ville Vie Vacances !","breadcrumb":{"@id":"https:\/\/newsestlyonnais.fr\/site\/2017\/07\/25\/bron-a-la-rencontre-mercredi-des-chantiers-ville-vie-vacances\/#breadcrumb"},"inLanguage":"fr-FR","potentialAction":[{"@type":"ReadAction","target":["https:\/\/newsestlyonnais.fr\/site\/2017\/07\/25\/bron-a-la-rencontre-mercredi-des-chantiers-ville-vie-vacances\/"]}]},{"@type":"ImageObject","inLanguage":"fr-FR","@id":"https:\/\/newsestlyonnais.fr\/site\/2017\/07\/25\/bron-a-la-rencontre-mercredi-des-chantiers-ville-vie-vacances\/#primaryimage","url":"https:\/\/newsestlyonnais.fr\/site\/wp-content\/uploads\/2016\/07\/NEWSESTLYONNAIS-PANNEAUBRON.jpg","contentUrl":"https:\/\/newsestlyonnais.fr\/site\/wp-content\/uploads\/2016\/07\/NEWSESTLYONNAIS-PANNEAUBRON.jpg","width":1000,"height":750,"caption":"NEWSESTLYONNAIS - PANNEAUBRON"},{"@type":"BreadcrumbList","@id":"https:\/\/newsestlyonnais.fr\/site\/2017\/07\/25\/bron-a-la-rencontre-mercredi-des-chantiers-ville-vie-vacances\/#breadcrumb","itemListElement":[{"@type":"ListItem","position":1,"name":"Accueil","item":"https:\/\/newsestlyonnais.fr\/site\/"},{"@type":"ListItem","position":2,"name":"BRON | A la rencontre mercredi des chantiers Ville Vie Vacances !"}]},{"@type":"WebSite","@id":"https:\/\/newsestlyonnais.fr\/site\/#website","url":"https:\/\/newsestlyonnais.fr\/site\/","name":"News Est Lyonnais","description":"L&#039;actualit\u00e9 au plus pr\u00e8s","publisher":{"@id":"https:\/\/newsestlyonnais.fr\/site\/#organization"},"potentialAction":[{"@type":"SearchAction","target":{"@type":"EntryPoint","urlTemplate":"https:\/\/newsestlyonnais.fr\/site\/?s={search_term_string}"},"query-input":{"@type":"PropertyValueSpecification","valueRequired":true,"valueName":"search_term_string"}}],"inLanguage":"fr-FR"},{"@type":"Organization","@id":"https:\/\/newsestlyonnais.fr\/site\/#organization","name":"News EST LYONNAIS","url":"https:\/\/newsestlyonnais.fr\/site\/","logo":{"@type":"ImageObject","inLanguage":"fr-FR","@id":"https:\/\/newsestlyonnais.fr\/site\/#\/schema\/logo\/image\/","url":"","contentUrl":"","caption":"News EST LYONNAIS"},"image":{"@id":"https:\/\/newsestlyonnais.fr\/site\/#\/schema\/logo\/image\/"}},{"@type":"Person","@id":"https:\/\/newsestlyonnais.fr\/site\/#\/schema\/person\/3230d5615f390bb808365d673001e887","name":"R\u00e9dac. NEWS","sameAs":["http:\/\/www.newsestlyonnais.fr","https:\/\/www.facebook.com\/pascal.oberson.1?fref=ts","https:\/\/fr.linkedin.com\/in\/pascal-oberson-b17045113"],"url":"https:\/\/newsestlyonnais.fr\/site\/author\/nel\/"}]}},"_links":{"self":[{"href":"https:\/\/newsestlyonnais.fr\/site\/wp-json\/wp\/v2\/posts\/32860","targetHints":{"allow":["GET"]}}],"collection":[{"href":"https:\/\/newsestlyonnais.fr\/site\/wp-json\/wp\/v2\/posts"}],"about":[{"href":"https:\/\/newsestlyonnais.fr\/site\/wp-json\/wp\/v2\/types\/post"}],"author":[{"embeddable":true,"href":"https:\/\/newsestlyonnais.fr\/site\/wp-json\/wp\/v2\/users\/4"}],"replies":[{"embeddable":true,"href":"https:\/\/newsestlyonnais.fr\/site\/wp-json\/wp\/v2\/comments?post=32860"}],"version-history":[{"count":0,"href":"https:\/\/newsestlyonnais.fr\/site\/wp-json\/wp\/v2\/posts\/32860\/revisions"}],"wp:featuredmedia":[{"embeddable":true,"href":"https:\/\/newsestlyonnais.fr\/site\/wp-json\/wp\/v2\/media\/10549"}],"wp:attachment":[{"href":"https:\/\/newsestlyonnais.fr\/site\/wp-json\/wp\/v2\/media?parent=32860"}],"wp:term":[{"taxonomy":"category","embeddable":true,"href":"https:\/\/newsestlyonnais.fr\/site\/wp-json\/wp\/v2\/categories?post=32860"},{"taxonomy":"post_tag","embeddable":true,"href":"https:\/\/newsestlyonnais.fr\/site\/wp-json\/wp\/v2\/tags?post=32860"}],"curies":[{"name":"wp","href":"https:\/\/api.w.org\/{rel}","templated":true}]}}