{"id":32919,"date":"2017-07-26T14:00:18","date_gmt":"2017-07-26T13:00:18","guid":{"rendered":"http:\/\/newsestlyonnais.fr\/site\/?p=32919"},"modified":"2020-11-12T14:12:13","modified_gmt":"2020-11-12T13:12:13","slug":"villeurbanne-les-activites-sport-sante-de-lasul-reprendront-en-septembre","status":"publish","type":"post","link":"https:\/\/newsestlyonnais.fr\/site\/2017\/07\/26\/villeurbanne-les-activites-sport-sante-de-lasul-reprendront-en-septembre\/","title":{"rendered":"VILLEURBANNE | Les activit\u00e9s sport-sant\u00e9 de l&rsquo;ASUL reprendront en septembre"},"content":{"rendered":"<h4>De septembre 2017 \u00e0 ao\u00fbt 2018, l&rsquo;ASUL proposera 3 cat\u00e9gories d\u2019activit\u00e9s\u00a0dans le cadre de son programme \u00ab\u00a0Un Corps en Forme\u00a0\u00bb.<\/h4>\n<p><span style=\"text-decoration: underline\">Activit\u00e9s aquatiques pour devenir \u00e0 l\u2019aise et autonome dans l\u2019eau<\/span> (enfants et adultes), <span style=\"text-decoration: underline\">ateliers d\u2019 entretien et activit\u00e9s de plein-air<\/span>: l\u2019ASUL offre la possibilit\u00e9 de devenir acteur de sa sant\u00e9 en proposant une large gamme pour tous les \u00e2ges.<\/p>\n<p>Des professionnels en Activit\u00e9 Physique Adapt\u00e9e et Sant\u00e9 (APAS) apportent leur expertise dans le but de favoriser l\u2019autonomie des pratiquants, gr\u00e2ce \u00e0 un accompagnement adapt\u00e9 en groupes restreints dans une ambiance conviviale. <strong>Toutes les activit\u00e9s se d\u00e9roulent \u00e0 Villeurbanne<\/strong>.<\/p>\n<ul>\n<li><span style=\"text-decoration: underline\"><em><strong>Activit\u00e9s aquatiques, devenir \u00e0 l\u2019aise dans l\u2019eau<\/strong><\/em><\/span> :<br \/>\n<span style=\"text-decoration: underline\">Ateliers enfants (\u00e0 partir de 6 ans)<\/span> : favoriser le plaisir dans l\u2019eau, permettre l\u2019autonomie aquatique,<br \/>\npr\u00e9parer les enfants \u00e0 l\u2019apprentissage des techniques de nage puis les approfondir.<br \/>\nAteliers r\u00e9guliers le week-end \u00e0 la piscine des Gratte-Ciel. Ateliers hebdomadaires en semaine au<br \/>\nCentre Nautique \u00c9tienne Gagnaire<br \/>\n<span style=\"text-decoration: underline\">Ateliers adultes<\/span> : vaincre ses peurs, d\u00e9couvrir l\u2019aisance aquatique et prendre du plaisir dans l\u2019eau.<br \/>\nDevenir progressivement autonome et apprendre \u00e0 nager.<br \/>\nAteliers r\u00e9guliers, le week-end \u00e0 la piscine des Gratte-Ciel. Cours hebdomadaires en semaine \u00e0 la<br \/>\npiscine Boulloche ou au Centre Nautique \u00c9tienne Gagnaire \u00e0 Villeurbanne en fonction de votre aisance dans l\u2019eau.<\/li>\n<li><span style=\"text-decoration: underline\"><strong><em>Activit\u00e9s d\u2019entretien<\/em><\/strong><\/span> : <span style=\"text-decoration: underline\">Atelier d\u2019entretien corporel<\/span> : entretenir sa condition physique, garder aisance et plaisir \u00e0 bouger, prendre soin de soi. <span style=\"text-decoration: underline\">Atelier \u00e9quilibre<\/span> : stimuler l\u2019\u00e9quilibre et la confiance en soi, pr\u00e9venir les chutes. Ateliers hebdomadaires \u00e0 l\u2019Amicale La\u00efque de Cusset au 17 rue Pierre Baratin.<\/li>\n<li><span style=\"text-decoration: underline\"><em><strong>Activit\u00e9s de plein air<\/strong><\/em><\/span> : <span style=\"text-decoration: underline\">Marche nordique<\/span>: (<strong>PHOTO A LA UNE<\/strong>): d\u00e9couvrir une activit\u00e9 de marche dynamique, tout en douceur, facilit\u00e9e par l\u2019utilisation de b\u00e2tons sp\u00e9cifiques et pratiqu\u00e9e \u00e0 son propre rythme, en harmonie avec la nature.<br \/>\nAteliers r\u00e9guliers au parc de la Feyssine \u00e0 Villeurbanne. <span style=\"text-decoration: underline\">V\u00e9lo<\/span>: pour apprendre \u00e0 faire du v\u00e9lo, se remettre en selle ou tout simplement d\u00e9velopper son aisance.<br \/>\nS\u00e9ance individuelle ou en groupe au parc de la Feyssine et sorties dans d\u2019autres parcs du Grand Lyon.<\/li>\n<\/ul>\n<p><span style=\"text-decoration: underline\"><strong>\u00a0Modalit\u00e9s d\u2019inscription et contacts<\/strong><\/span>:<\/p>\n<ul>\n<li>Un <strong>dossier d\u2019inscription est t\u00e9l\u00e9chargeable<\/strong> sur le site internet de l\u2019ASUL (<a href=\"http:\/\/www.asul.org\" target=\"_blank\" rel=\"noopener noreferrer\">http:\/\/www.asul.org<\/a>) ou \u00e0 compl\u00e9ter au si\u00e8ge administratif.<\/li>\n<li>Des professionnels sont \u00e0 l&rsquo; \u00e9coute pour tout compl\u00e9ment d\u2019information sur ces activit\u00e9s.<br \/>\n<span style=\"text-decoration: underline\">Coordinatrice ASUL Un Corps en Forme<\/span>: Julie COMMER\u00c7ON (04.78.53.18.71 ou 06.59.87.05.11) ou julie.commercon@asul.org<br \/>\n<span style=\"text-decoration: underline\">Gestion administrative<\/span>: Catherine LANCELOT (04.78.53.18.71) ou uncorpsenforme@asul.org<br \/>\nInformations sur : <a href=\"http:\/\/www.asul.org\">http:\/\/www.asul.org<\/a><br \/>\nPage Facebook: ASUL<\/li>\n<\/ul>\n<div id='gallery-1' class='gallery galleryid-32919 gallery-columns-3 gallery-size-thumbnail'><figure class='gallery-item'>\n\t\t\t<div class='gallery-icon landscape'>\n\t\t\t\t<a href='https:\/\/newsestlyonnais.fr\/site\/2017\/07\/26\/villeurbanne-les-activites-sport-sante-de-lasul-reprendront-en-septembre\/newsestlyonnais-piscine-enfants\/'><img loading=\"lazy\" decoding=\"async\" width=\"150\" height=\"150\" src=\"https:\/\/newsestlyonnais.fr\/site\/wp-content\/uploads\/2017\/07\/NEWSESTLYONNAIS-Piscine-enfants-150x150.png\" class=\"attachment-thumbnail size-thumbnail\" alt=\"NEWSESTLYONNAIS - Piscine enfants\" aria-describedby=\"gallery-1-32934\" \/><\/a>\n\t\t\t<\/div>\n\t\t\t\t<figcaption class='wp-caption-text gallery-caption' id='gallery-1-32934'>\n\t\t\t\tAteliers aquatiques pour enfants \u00e0 partir de 6 ans\n\t\t\t\t<\/figcaption><\/figure><figure class='gallery-item'>\n\t\t\t<div class='gallery-icon landscape'>\n\t\t\t\t<a href='https:\/\/newsestlyonnais.fr\/site\/2017\/07\/26\/villeurbanne-les-activites-sport-sante-de-lasul-reprendront-en-septembre\/newsestlyonnais-asulpiscine-adultes\/'><img loading=\"lazy\" decoding=\"async\" width=\"150\" height=\"150\" src=\"https:\/\/newsestlyonnais.fr\/site\/wp-content\/uploads\/2017\/07\/NEWSESTLYONNAIS-ASULPiscine-adultes-150x150.png\" class=\"attachment-thumbnail size-thumbnail\" alt=\"\" aria-describedby=\"gallery-1-32935\" \/><\/a>\n\t\t\t<\/div>\n\t\t\t\t<figcaption class='wp-caption-text gallery-caption' id='gallery-1-32935'>\n\t\t\t\tActivit\u00e9s aquatiques pour adultes\n\t\t\t\t<\/figcaption><\/figure><figure class='gallery-item'>\n\t\t\t<div class='gallery-icon landscape'>\n\t\t\t\t<a href='https:\/\/newsestlyonnais.fr\/site\/2017\/07\/26\/villeurbanne-les-activites-sport-sante-de-lasul-reprendront-en-septembre\/newsestlyonnais-entretien-corporel\/'><img loading=\"lazy\" decoding=\"async\" width=\"150\" height=\"150\" src=\"https:\/\/newsestlyonnais.fr\/site\/wp-content\/uploads\/2017\/07\/NEWSESTLYONNAIS-entretien-corporel-150x150.png\" class=\"attachment-thumbnail size-thumbnail\" alt=\"NEWSESTLYONNAIS - entretien corporel\" aria-describedby=\"gallery-1-32937\" \/><\/a>\n\t\t\t<\/div>\n\t\t\t\t<figcaption class='wp-caption-text gallery-caption' id='gallery-1-32937'>\n\t\t\t\tDes ateliers d&rsquo;entretien corporel \n\t\t\t\t<\/figcaption><\/figure>\n\t\t<\/div>\n\n<ul>\n<li>\u200b<\/li>\n<\/ul>\n","protected":false},"excerpt":{"rendered":"<p>De septembre 2017 \u00e0 ao\u00fbt 2018, l&rsquo;ASUL proposera 3 cat\u00e9gories d\u2019activit\u00e9s\u00a0dans le cadre de son programme \u00ab\u00a0Un Corps en Forme\u00a0\u00bb. Activit\u00e9s aquatiques pour devenir \u00e0 l\u2019aise et autonome dans l\u2019eau (enfants et adultes), ateliers d\u2019 entretien et activit\u00e9s de plein-air: l\u2019ASUL offre la possibilit\u00e9 de devenir acteur de sa sant\u00e9 en proposant une large gamme [&hellip;]<\/p>\n","protected":false},"author":4,"featured_media":32933,"comment_status":"open","ping_status":"open","sticky":false,"template":"","format":"standard","meta":{"footnotes":""},"categories":[574,166,29],"tags":[],"class_list":["post-32919","post","type-post","status-publish","format-standard","has-post-thumbnail","hentry","category-autres-sports","category-divers-sports","category-villeurbanne"],"yoast_head":"<!-- This site is optimized with the Yoast SEO plugin v27.2 - https:\/\/yoast.com\/product\/yoast-seo-wordpress\/ -->\n<title>VILLEURBANNE : Les activit\u00e9s sport-sant\u00e9 de l&#039;ASUL reprendront en septembre<\/title>\n<meta name=\"description\" content=\"VILLEURBANNE : Les activit\u00e9s sport-sant\u00e9 de l&#039;ASUL reprendront en septembre\" \/>\n<meta name=\"robots\" content=\"index, follow, max-snippet:-1, max-image-preview:large, max-video-preview:-1\" \/>\n<link rel=\"canonical\" href=\"https:\/\/newsestlyonnais.fr\/site\/2017\/07\/26\/villeurbanne-les-activites-sport-sante-de-lasul-reprendront-en-septembre\/\" \/>\n<meta property=\"og:locale\" content=\"fr_FR\" \/>\n<meta property=\"og:type\" content=\"article\" \/>\n<meta property=\"og:title\" content=\"VILLEURBANNE : Les activit\u00e9s sport-sant\u00e9 de l&#039;ASUL reprendront en septembre\" \/>\n<meta property=\"og:description\" content=\"VILLEURBANNE : Les activit\u00e9s sport-sant\u00e9 de l&#039;ASUL reprendront en septembre\" \/>\n<meta property=\"og:url\" content=\"https:\/\/newsestlyonnais.fr\/site\/2017\/07\/26\/villeurbanne-les-activites-sport-sante-de-lasul-reprendront-en-septembre\/\" \/>\n<meta property=\"og:site_name\" content=\"News Est Lyonnais\" \/>\n<meta property=\"article:author\" content=\"https:\/\/www.facebook.com\/pascal.oberson.1?fref=ts\" \/>\n<meta property=\"article:published_time\" content=\"2017-07-26T13:00:18+00:00\" \/>\n<meta property=\"article:modified_time\" content=\"2020-11-12T13:12:13+00:00\" \/>\n<meta property=\"og:image\" content=\"https:\/\/i0.wp.com\/newsestlyonnais.fr\/site\/wp-content\/uploads\/2017\/07\/NEWSESTLYONNAIS-asul-Marche-nordique.png?fit=1000%2C750&ssl=1\" \/>\n\t<meta property=\"og:image:width\" content=\"1000\" \/>\n\t<meta property=\"og:image:height\" content=\"750\" \/>\n\t<meta property=\"og:image:type\" content=\"image\/png\" \/>\n<meta name=\"author\" content=\"R\u00e9dac. NEWS\" \/>\n<meta name=\"twitter:card\" content=\"summary_large_image\" \/>\n<meta name=\"twitter:label1\" content=\"\u00c9crit par\" \/>\n\t<meta name=\"twitter:data1\" content=\"R\u00e9dac. NEWS\" \/>\n\t<meta name=\"twitter:label2\" content=\"Dur\u00e9e de lecture estim\u00e9e\" \/>\n\t<meta name=\"twitter:data2\" content=\"2 minutes\" \/>\n<script type=\"application\/ld+json\" class=\"yoast-schema-graph\">{\"@context\":\"https:\/\/schema.org\",\"@graph\":[{\"@type\":\"Article\",\"@id\":\"https:\/\/newsestlyonnais.fr\/site\/2017\/07\/26\/villeurbanne-les-activites-sport-sante-de-lasul-reprendront-en-septembre\/#article\",\"isPartOf\":{\"@id\":\"https:\/\/newsestlyonnais.fr\/site\/2017\/07\/26\/villeurbanne-les-activites-sport-sante-de-lasul-reprendront-en-septembre\/\"},\"author\":{\"name\":\"R\u00e9dac. NEWS\",\"@id\":\"https:\/\/newsestlyonnais.fr\/site\/#\/schema\/person\/3230d5615f390bb808365d673001e887\"},\"headline\":\"VILLEURBANNE | Les activit\u00e9s sport-sant\u00e9 de l&rsquo;ASUL reprendront en septembre\",\"datePublished\":\"2017-07-26T13:00:18+00:00\",\"dateModified\":\"2020-11-12T13:12:13+00:00\",\"mainEntityOfPage\":{\"@id\":\"https:\/\/newsestlyonnais.fr\/site\/2017\/07\/26\/villeurbanne-les-activites-sport-sante-de-lasul-reprendront-en-septembre\/\"},\"wordCount\":447,\"commentCount\":0,\"publisher\":{\"@id\":\"https:\/\/newsestlyonnais.fr\/site\/#organization\"},\"image\":{\"@id\":\"https:\/\/newsestlyonnais.fr\/site\/2017\/07\/26\/villeurbanne-les-activites-sport-sante-de-lasul-reprendront-en-septembre\/#primaryimage\"},\"thumbnailUrl\":\"https:\/\/newsestlyonnais.fr\/site\/wp-content\/uploads\/2017\/07\/NEWSESTLYONNAIS-asul-Marche-nordique.png\",\"articleSection\":[\"Autres sports\",\"Divers Sports\",\"Villeurbanne\"],\"inLanguage\":\"fr-FR\",\"potentialAction\":[{\"@type\":\"CommentAction\",\"name\":\"Comment\",\"target\":[\"https:\/\/newsestlyonnais.fr\/site\/2017\/07\/26\/villeurbanne-les-activites-sport-sante-de-lasul-reprendront-en-septembre\/#respond\"]}]},{\"@type\":\"WebPage\",\"@id\":\"https:\/\/newsestlyonnais.fr\/site\/2017\/07\/26\/villeurbanne-les-activites-sport-sante-de-lasul-reprendront-en-septembre\/\",\"url\":\"https:\/\/newsestlyonnais.fr\/site\/2017\/07\/26\/villeurbanne-les-activites-sport-sante-de-lasul-reprendront-en-septembre\/\",\"name\":\"VILLEURBANNE : Les activit\u00e9s sport-sant\u00e9 de l'ASUL reprendront en septembre\",\"isPartOf\":{\"@id\":\"https:\/\/newsestlyonnais.fr\/site\/#website\"},\"primaryImageOfPage\":{\"@id\":\"https:\/\/newsestlyonnais.fr\/site\/2017\/07\/26\/villeurbanne-les-activites-sport-sante-de-lasul-reprendront-en-septembre\/#primaryimage\"},\"image\":{\"@id\":\"https:\/\/newsestlyonnais.fr\/site\/2017\/07\/26\/villeurbanne-les-activites-sport-sante-de-lasul-reprendront-en-septembre\/#primaryimage\"},\"thumbnailUrl\":\"https:\/\/newsestlyonnais.fr\/site\/wp-content\/uploads\/2017\/07\/NEWSESTLYONNAIS-asul-Marche-nordique.png\",\"datePublished\":\"2017-07-26T13:00:18+00:00\",\"dateModified\":\"2020-11-12T13:12:13+00:00\",\"description\":\"VILLEURBANNE : Les activit\u00e9s sport-sant\u00e9 de l'ASUL reprendront en septembre\",\"breadcrumb\":{\"@id\":\"https:\/\/newsestlyonnais.fr\/site\/2017\/07\/26\/villeurbanne-les-activites-sport-sante-de-lasul-reprendront-en-septembre\/#breadcrumb\"},\"inLanguage\":\"fr-FR\",\"potentialAction\":[{\"@type\":\"ReadAction\",\"target\":[\"https:\/\/newsestlyonnais.fr\/site\/2017\/07\/26\/villeurbanne-les-activites-sport-sante-de-lasul-reprendront-en-septembre\/\"]}]},{\"@type\":\"ImageObject\",\"inLanguage\":\"fr-FR\",\"@id\":\"https:\/\/newsestlyonnais.fr\/site\/2017\/07\/26\/villeurbanne-les-activites-sport-sante-de-lasul-reprendront-en-septembre\/#primaryimage\",\"url\":\"https:\/\/newsestlyonnais.fr\/site\/wp-content\/uploads\/2017\/07\/NEWSESTLYONNAIS-asul-Marche-nordique.png\",\"contentUrl\":\"https:\/\/newsestlyonnais.fr\/site\/wp-content\/uploads\/2017\/07\/NEWSESTLYONNAIS-asul-Marche-nordique.png\",\"width\":1000,\"height\":750,\"caption\":\"NEWSESTLYONNAIS - asul Marche nordique\"},{\"@type\":\"BreadcrumbList\",\"@id\":\"https:\/\/newsestlyonnais.fr\/site\/2017\/07\/26\/villeurbanne-les-activites-sport-sante-de-lasul-reprendront-en-septembre\/#breadcrumb\",\"itemListElement\":[{\"@type\":\"ListItem\",\"position\":1,\"name\":\"Accueil\",\"item\":\"https:\/\/newsestlyonnais.fr\/site\/\"},{\"@type\":\"ListItem\",\"position\":2,\"name\":\"VILLEURBANNE | Les activit\u00e9s sport-sant\u00e9 de l&rsquo;ASUL reprendront en septembre\"}]},{\"@type\":\"WebSite\",\"@id\":\"https:\/\/newsestlyonnais.fr\/site\/#website\",\"url\":\"https:\/\/newsestlyonnais.fr\/site\/\",\"name\":\"News Est Lyonnais\",\"description\":\"L&#039;actualit\u00e9 au plus pr\u00e8s\",\"publisher\":{\"@id\":\"https:\/\/newsestlyonnais.fr\/site\/#organization\"},\"potentialAction\":[{\"@type\":\"SearchAction\",\"target\":{\"@type\":\"EntryPoint\",\"urlTemplate\":\"https:\/\/newsestlyonnais.fr\/site\/?s={search_term_string}\"},\"query-input\":{\"@type\":\"PropertyValueSpecification\",\"valueRequired\":true,\"valueName\":\"search_term_string\"}}],\"inLanguage\":\"fr-FR\"},{\"@type\":\"Organization\",\"@id\":\"https:\/\/newsestlyonnais.fr\/site\/#organization\",\"name\":\"News EST LYONNAIS\",\"url\":\"https:\/\/newsestlyonnais.fr\/site\/\",\"logo\":{\"@type\":\"ImageObject\",\"inLanguage\":\"fr-FR\",\"@id\":\"https:\/\/newsestlyonnais.fr\/site\/#\/schema\/logo\/image\/\",\"url\":\"\",\"contentUrl\":\"\",\"caption\":\"News EST LYONNAIS\"},\"image\":{\"@id\":\"https:\/\/newsestlyonnais.fr\/site\/#\/schema\/logo\/image\/\"}},{\"@type\":\"Person\",\"@id\":\"https:\/\/newsestlyonnais.fr\/site\/#\/schema\/person\/3230d5615f390bb808365d673001e887\",\"name\":\"R\u00e9dac. NEWS\",\"sameAs\":[\"http:\/\/www.newsestlyonnais.fr\",\"https:\/\/www.facebook.com\/pascal.oberson.1?fref=ts\",\"https:\/\/fr.linkedin.com\/in\/pascal-oberson-b17045113\"],\"url\":\"https:\/\/newsestlyonnais.fr\/site\/author\/nel\/\"}]}<\/script>\n<!-- \/ Yoast SEO plugin. -->","yoast_head_json":{"title":"VILLEURBANNE : Les activit\u00e9s sport-sant\u00e9 de l'ASUL reprendront en septembre","description":"VILLEURBANNE : Les activit\u00e9s sport-sant\u00e9 de l'ASUL reprendront en septembre","robots":{"index":"index","follow":"follow","max-snippet":"max-snippet:-1","max-image-preview":"max-image-preview:large","max-video-preview":"max-video-preview:-1"},"canonical":"https:\/\/newsestlyonnais.fr\/site\/2017\/07\/26\/villeurbanne-les-activites-sport-sante-de-lasul-reprendront-en-septembre\/","og_locale":"fr_FR","og_type":"article","og_title":"VILLEURBANNE : Les activit\u00e9s sport-sant\u00e9 de l'ASUL reprendront en septembre","og_description":"VILLEURBANNE : Les activit\u00e9s sport-sant\u00e9 de l'ASUL reprendront en septembre","og_url":"https:\/\/newsestlyonnais.fr\/site\/2017\/07\/26\/villeurbanne-les-activites-sport-sante-de-lasul-reprendront-en-septembre\/","og_site_name":"News Est Lyonnais","article_author":"https:\/\/www.facebook.com\/pascal.oberson.1?fref=ts","article_published_time":"2017-07-26T13:00:18+00:00","article_modified_time":"2020-11-12T13:12:13+00:00","og_image":[{"width":1000,"height":750,"url":"https:\/\/i0.wp.com\/newsestlyonnais.fr\/site\/wp-content\/uploads\/2017\/07\/NEWSESTLYONNAIS-asul-Marche-nordique.png?fit=1000%2C750&ssl=1","type":"image\/png"}],"author":"R\u00e9dac. NEWS","twitter_card":"summary_large_image","twitter_misc":{"\u00c9crit par":"R\u00e9dac. NEWS","Dur\u00e9e de lecture estim\u00e9e":"2 minutes"},"schema":{"@context":"https:\/\/schema.org","@graph":[{"@type":"Article","@id":"https:\/\/newsestlyonnais.fr\/site\/2017\/07\/26\/villeurbanne-les-activites-sport-sante-de-lasul-reprendront-en-septembre\/#article","isPartOf":{"@id":"https:\/\/newsestlyonnais.fr\/site\/2017\/07\/26\/villeurbanne-les-activites-sport-sante-de-lasul-reprendront-en-septembre\/"},"author":{"name":"R\u00e9dac. NEWS","@id":"https:\/\/newsestlyonnais.fr\/site\/#\/schema\/person\/3230d5615f390bb808365d673001e887"},"headline":"VILLEURBANNE | Les activit\u00e9s sport-sant\u00e9 de l&rsquo;ASUL reprendront en septembre","datePublished":"2017-07-26T13:00:18+00:00","dateModified":"2020-11-12T13:12:13+00:00","mainEntityOfPage":{"@id":"https:\/\/newsestlyonnais.fr\/site\/2017\/07\/26\/villeurbanne-les-activites-sport-sante-de-lasul-reprendront-en-septembre\/"},"wordCount":447,"commentCount":0,"publisher":{"@id":"https:\/\/newsestlyonnais.fr\/site\/#organization"},"image":{"@id":"https:\/\/newsestlyonnais.fr\/site\/2017\/07\/26\/villeurbanne-les-activites-sport-sante-de-lasul-reprendront-en-septembre\/#primaryimage"},"thumbnailUrl":"https:\/\/newsestlyonnais.fr\/site\/wp-content\/uploads\/2017\/07\/NEWSESTLYONNAIS-asul-Marche-nordique.png","articleSection":["Autres sports","Divers Sports","Villeurbanne"],"inLanguage":"fr-FR","potentialAction":[{"@type":"CommentAction","name":"Comment","target":["https:\/\/newsestlyonnais.fr\/site\/2017\/07\/26\/villeurbanne-les-activites-sport-sante-de-lasul-reprendront-en-septembre\/#respond"]}]},{"@type":"WebPage","@id":"https:\/\/newsestlyonnais.fr\/site\/2017\/07\/26\/villeurbanne-les-activites-sport-sante-de-lasul-reprendront-en-septembre\/","url":"https:\/\/newsestlyonnais.fr\/site\/2017\/07\/26\/villeurbanne-les-activites-sport-sante-de-lasul-reprendront-en-septembre\/","name":"VILLEURBANNE : Les activit\u00e9s sport-sant\u00e9 de l'ASUL reprendront en septembre","isPartOf":{"@id":"https:\/\/newsestlyonnais.fr\/site\/#website"},"primaryImageOfPage":{"@id":"https:\/\/newsestlyonnais.fr\/site\/2017\/07\/26\/villeurbanne-les-activites-sport-sante-de-lasul-reprendront-en-septembre\/#primaryimage"},"image":{"@id":"https:\/\/newsestlyonnais.fr\/site\/2017\/07\/26\/villeurbanne-les-activites-sport-sante-de-lasul-reprendront-en-septembre\/#primaryimage"},"thumbnailUrl":"https:\/\/newsestlyonnais.fr\/site\/wp-content\/uploads\/2017\/07\/NEWSESTLYONNAIS-asul-Marche-nordique.png","datePublished":"2017-07-26T13:00:18+00:00","dateModified":"2020-11-12T13:12:13+00:00","description":"VILLEURBANNE : Les activit\u00e9s sport-sant\u00e9 de l'ASUL reprendront en septembre","breadcrumb":{"@id":"https:\/\/newsestlyonnais.fr\/site\/2017\/07\/26\/villeurbanne-les-activites-sport-sante-de-lasul-reprendront-en-septembre\/#breadcrumb"},"inLanguage":"fr-FR","potentialAction":[{"@type":"ReadAction","target":["https:\/\/newsestlyonnais.fr\/site\/2017\/07\/26\/villeurbanne-les-activites-sport-sante-de-lasul-reprendront-en-septembre\/"]}]},{"@type":"ImageObject","inLanguage":"fr-FR","@id":"https:\/\/newsestlyonnais.fr\/site\/2017\/07\/26\/villeurbanne-les-activites-sport-sante-de-lasul-reprendront-en-septembre\/#primaryimage","url":"https:\/\/newsestlyonnais.fr\/site\/wp-content\/uploads\/2017\/07\/NEWSESTLYONNAIS-asul-Marche-nordique.png","contentUrl":"https:\/\/newsestlyonnais.fr\/site\/wp-content\/uploads\/2017\/07\/NEWSESTLYONNAIS-asul-Marche-nordique.png","width":1000,"height":750,"caption":"NEWSESTLYONNAIS - asul Marche nordique"},{"@type":"BreadcrumbList","@id":"https:\/\/newsestlyonnais.fr\/site\/2017\/07\/26\/villeurbanne-les-activites-sport-sante-de-lasul-reprendront-en-septembre\/#breadcrumb","itemListElement":[{"@type":"ListItem","position":1,"name":"Accueil","item":"https:\/\/newsestlyonnais.fr\/site\/"},{"@type":"ListItem","position":2,"name":"VILLEURBANNE | Les activit\u00e9s sport-sant\u00e9 de l&rsquo;ASUL reprendront en septembre"}]},{"@type":"WebSite","@id":"https:\/\/newsestlyonnais.fr\/site\/#website","url":"https:\/\/newsestlyonnais.fr\/site\/","name":"News Est Lyonnais","description":"L&#039;actualit\u00e9 au plus pr\u00e8s","publisher":{"@id":"https:\/\/newsestlyonnais.fr\/site\/#organization"},"potentialAction":[{"@type":"SearchAction","target":{"@type":"EntryPoint","urlTemplate":"https:\/\/newsestlyonnais.fr\/site\/?s={search_term_string}"},"query-input":{"@type":"PropertyValueSpecification","valueRequired":true,"valueName":"search_term_string"}}],"inLanguage":"fr-FR"},{"@type":"Organization","@id":"https:\/\/newsestlyonnais.fr\/site\/#organization","name":"News EST LYONNAIS","url":"https:\/\/newsestlyonnais.fr\/site\/","logo":{"@type":"ImageObject","inLanguage":"fr-FR","@id":"https:\/\/newsestlyonnais.fr\/site\/#\/schema\/logo\/image\/","url":"","contentUrl":"","caption":"News EST LYONNAIS"},"image":{"@id":"https:\/\/newsestlyonnais.fr\/site\/#\/schema\/logo\/image\/"}},{"@type":"Person","@id":"https:\/\/newsestlyonnais.fr\/site\/#\/schema\/person\/3230d5615f390bb808365d673001e887","name":"R\u00e9dac. NEWS","sameAs":["http:\/\/www.newsestlyonnais.fr","https:\/\/www.facebook.com\/pascal.oberson.1?fref=ts","https:\/\/fr.linkedin.com\/in\/pascal-oberson-b17045113"],"url":"https:\/\/newsestlyonnais.fr\/site\/author\/nel\/"}]}},"_links":{"self":[{"href":"https:\/\/newsestlyonnais.fr\/site\/wp-json\/wp\/v2\/posts\/32919","targetHints":{"allow":["GET"]}}],"collection":[{"href":"https:\/\/newsestlyonnais.fr\/site\/wp-json\/wp\/v2\/posts"}],"about":[{"href":"https:\/\/newsestlyonnais.fr\/site\/wp-json\/wp\/v2\/types\/post"}],"author":[{"embeddable":true,"href":"https:\/\/newsestlyonnais.fr\/site\/wp-json\/wp\/v2\/users\/4"}],"replies":[{"embeddable":true,"href":"https:\/\/newsestlyonnais.fr\/site\/wp-json\/wp\/v2\/comments?post=32919"}],"version-history":[{"count":0,"href":"https:\/\/newsestlyonnais.fr\/site\/wp-json\/wp\/v2\/posts\/32919\/revisions"}],"wp:featuredmedia":[{"embeddable":true,"href":"https:\/\/newsestlyonnais.fr\/site\/wp-json\/wp\/v2\/media\/32933"}],"wp:attachment":[{"href":"https:\/\/newsestlyonnais.fr\/site\/wp-json\/wp\/v2\/media?parent=32919"}],"wp:term":[{"taxonomy":"category","embeddable":true,"href":"https:\/\/newsestlyonnais.fr\/site\/wp-json\/wp\/v2\/categories?post=32919"},{"taxonomy":"post_tag","embeddable":true,"href":"https:\/\/newsestlyonnais.fr\/site\/wp-json\/wp\/v2\/tags?post=32919"}],"curies":[{"name":"wp","href":"https:\/\/api.w.org\/{rel}","templated":true}]}}