{"id":33032,"date":"2017-07-27T18:11:27","date_gmt":"2017-07-27T17:11:27","guid":{"rendered":"http:\/\/newsestlyonnais.fr\/site\/?p=33032"},"modified":"2020-10-30T14:29:41","modified_gmt":"2020-10-30T13:29:41","slug":"genas-effectifs-en-hausse-et-annee-riche-en-sollicitations-pour-les-genas-azieu-hand","status":"publish","type":"post","link":"https:\/\/newsestlyonnais.fr\/site\/2017\/07\/27\/genas-effectifs-en-hausse-et-annee-riche-en-sollicitations-pour-les-genas-azieu-hand\/","title":{"rendered":"GENAS | Effectifs en hausse et ann\u00e9e riche en sollicitations pour l&rsquo;ES Genas Azieu Hand"},"content":{"rendered":"<h4>Au moment de la coupure estivale, l&rsquo;occasion est bonne pour Erick Lejal, pr\u00e9sident de l&rsquo;ES Genas-Azieu (ESGA) Handball de faire un point global sur l&rsquo;exercice 2016\/2017.<\/h4>\n<ul>\n<li><span style=\"text-decoration: underline\">Quel \u00e9tait l\u2019effectif total de cette saison<\/span> ? \u00a0\u00bb L&rsquo;ESGA Handball a connu une nouvelle <strong>augmentation de 3 %<\/strong> pour passer \u00e0 un <strong>effectif total de 291 adh\u00e9rents<\/strong> (213 masculins et 78 f\u00e9minines), \u00e2g\u00e9s de 3 \u00e0 66 ans et r\u00e9partis dans <strong>22 \u00e9quipes<\/strong>, dont 2 au niveau championnat de France et 4 en r\u00e9gionale. A noter que 65% des adh\u00e9rents ont moins de 18 ans\u00a0\u00bb.<\/li>\n<li><span style=\"text-decoration: underline\">Comment s\u2019est d\u00e9roul\u00e9e cette saison<\/span> ? \u00ab\u00a0Cette ann\u00e9e aura \u00e9t\u00e9 riche en sollicitations diverses. Tant par rapport aux contraintes avec lesquelles nous avons d\u00fb composer (changements de cat\u00e9gories li\u00e9s \u00e0 l&rsquo;arriv\u00e9e de la nouvelle ligue, travaux de r\u00e9novation de la Halle des Sports) que par les projets que nous avons men\u00e9s, en particulier l&rsquo;\u00e9laboration du nouveau projet sportif. Nous avons \u00e9galement chang\u00e9 de salari\u00e9, Joris ayant remplac\u00e9 Camille depuis septembre dernier\u00a0\u00bb.<\/li>\n<li><span style=\"text-decoration: underline\">Et sportivement qu&rsquo;en est-il<\/span> ? \u00a0\u00bb Malgr\u00e9 ce contexte difficile, les r\u00e9sultats sportifs ont \u00e9t\u00e9 satisfaisants. Nos \u00e9quipes seniors (<span style=\"text-decoration: underline\">PHOTO A LA UNE de l&rsquo;\u00e9quipe 1<\/span>) se sont maintenues, celles \u00e9voluant en r\u00e9gion ont jou\u00e9 le haut de tableau et notre formation des &#8211; de 18 ans masculins en entente avec Vaulx en Velin, a disput\u00e9 les finalit\u00e9s du championnat de France.<\/li>\n<li><span style=\"text-decoration: underline\">Quels sont les principaux projets pour la saison prochaine<\/span> ? \u00a0\u00bb La r\u00e9ussite de la collaboration avec Vaulx en Velin nous a conduit \u00e0 faire \u00e9voluer notre projet sportif. D&rsquo;une part, l&rsquo;Entente de l&rsquo;Est Lyonnais s&rsquo;agrandit avec l&rsquo;arriv\u00e9e de St Priest et ne concernera plus uniquement la cat\u00e9gorie -18 ans mais aussi les -16 et les -15 ans. Le but \u00e9tant de mutualiser les moyens (cr\u00e9neaux d&rsquo;entrainements, entraineurs, joueurs, budget) de mani\u00e8re \u00e0 pouvoir proposer \u00e0 tous les licenci\u00e9s un niveau qui lui est adapt\u00e9. En \u00e9voluant de mani\u00e8re p\u00e9renne au plus haut niveau pour accompagner nos meilleurs potentiels dans leur parcours d&rsquo;excellence sportive, tout en \u00e9tant capable de proposer des niveaux d\u00e9butants pour d\u00e9couvrir la pratique\u00a0\u00bb.<\/li>\n<\/ul>\n<p><span style=\"text-decoration: underline\"><strong>NOTA<\/strong><\/span> : <span style=\"text-decoration: underline\">Dates de reprise<\/span> (inscriptions et entrainements): Reprise sportive \u00e0 compter du lundi 4 septembre, certaines cat\u00e9gories \u00e9tant cependant concern\u00e9es par une reprise fin ao\u00fbt. <strong>Pr\u00e9sence au Forum des Associations de la ville de Genas le samedi 2 septembre (9 h \u00e0 14 h 30) \u00e0 la salle polyvalente Jacques Anquetil.<\/strong><\/p>\n<p><strong>Contacts<\/strong> : par mail: 5169021@ffhandball.net ou par t\u00e9l: au 07.82.98.02.81<\/p>\n<ul>\n<li>\n<h4>Retrouvez toute l&rsquo;ACTU du club sur: <a href=\"http:\/\/esga-handball.com\" target=\"_blank\" rel=\"noopener noreferrer\">http:\/\/esga-handball.com<\/a><\/h4>\n<\/li>\n<\/ul>\n<figure id=\"attachment_33058\" aria-describedby=\"caption-attachment-33058\" style=\"width: 1000px\" class=\"wp-caption alignleft\"><img loading=\"lazy\" decoding=\"async\" class=\"size-full wp-image-33058\" src=\"https:\/\/newsestlyonnais.fr\/site\/medias\/2017\/07\/NEWSESTLYONNAIS-ESG-HAND-MINI-HAND.jpg\" alt=\"NEWSESTLYONNAIS - ESG HAND MINI HAND\" width=\"1000\" height=\"750\" srcset=\"https:\/\/newsestlyonnais.fr\/site\/wp-content\/uploads\/2017\/07\/NEWSESTLYONNAIS-ESG-HAND-MINI-HAND.jpg 1000w, https:\/\/newsestlyonnais.fr\/site\/wp-content\/uploads\/2017\/07\/NEWSESTLYONNAIS-ESG-HAND-MINI-HAND-400x300.jpg 400w, https:\/\/newsestlyonnais.fr\/site\/wp-content\/uploads\/2017\/07\/NEWSESTLYONNAIS-ESG-HAND-MINI-HAND-768x576.jpg 768w, https:\/\/newsestlyonnais.fr\/site\/wp-content\/uploads\/2017\/07\/NEWSESTLYONNAIS-ESG-HAND-MINI-HAND-600x450.jpg 600w, https:\/\/newsestlyonnais.fr\/site\/wp-content\/uploads\/2017\/07\/NEWSESTLYONNAIS-ESG-HAND-MINI-HAND-100x75.jpg 100w\" sizes=\"auto, (max-width: 1000px) 100vw, 1000px\" \/><figcaption id=\"caption-attachment-33058\" class=\"wp-caption-text\">La section mini-hand du club<\/figcaption><\/figure>\n","protected":false},"excerpt":{"rendered":"<p>Au moment de la coupure estivale, l&rsquo;occasion est bonne pour Erick Lejal, pr\u00e9sident de l&rsquo;ES Genas-Azieu (ESGA) Handball de faire un point global sur l&rsquo;exercice 2016\/2017. Quel \u00e9tait l\u2019effectif total de cette saison ? \u00a0\u00bb L&rsquo;ESGA Handball a connu une nouvelle augmentation de 3 % pour passer \u00e0 un effectif total de 291 adh\u00e9rents (213 [&hellip;]<\/p>\n","protected":false},"author":4,"featured_media":33055,"comment_status":"open","ping_status":"open","sticky":false,"template":"","format":"standard","meta":{"footnotes":""},"categories":[2975,270,1598,1358],"tags":[],"class_list":["post-33032","post","type-post","status-publish","format-standard","has-post-thumbnail","hentry","category-basket-hand-volley-sports","category-cte-de-communes-c-c-e-l","category-genas","category-hand"],"yoast_head":"<!-- This site is optimized with the Yoast SEO plugin v27.2 - https:\/\/yoast.com\/product\/yoast-seo-wordpress\/ -->\n<title>GENAS : Effectifs en hausse et ann\u00e9e riche en sollicitations pour l&#039;ES Genas Azieu Hand<\/title>\n<meta name=\"description\" content=\"GENAS : Effectifs en hausse et ann\u00e9e riche en sollicitations pour l&#039;ES Genas Azieu Hand\" \/>\n<meta name=\"robots\" content=\"index, follow, max-snippet:-1, max-image-preview:large, max-video-preview:-1\" \/>\n<link rel=\"canonical\" href=\"https:\/\/newsestlyonnais.fr\/site\/2017\/07\/27\/genas-effectifs-en-hausse-et-annee-riche-en-sollicitations-pour-les-genas-azieu-hand\/\" \/>\n<meta property=\"og:locale\" content=\"fr_FR\" \/>\n<meta property=\"og:type\" content=\"article\" \/>\n<meta property=\"og:title\" content=\"GENAS : Effectifs en hausse et ann\u00e9e riche en sollicitations pour l&#039;ES Genas Azieu Hand\" \/>\n<meta property=\"og:description\" content=\"GENAS : Effectifs en hausse et ann\u00e9e riche en sollicitations pour l&#039;ES Genas Azieu Hand\" \/>\n<meta property=\"og:url\" content=\"https:\/\/newsestlyonnais.fr\/site\/2017\/07\/27\/genas-effectifs-en-hausse-et-annee-riche-en-sollicitations-pour-les-genas-azieu-hand\/\" \/>\n<meta property=\"og:site_name\" content=\"News Est Lyonnais\" \/>\n<meta property=\"article:author\" content=\"https:\/\/www.facebook.com\/pascal.oberson.1?fref=ts\" \/>\n<meta property=\"article:published_time\" content=\"2017-07-27T17:11:27+00:00\" \/>\n<meta property=\"article:modified_time\" content=\"2020-10-30T13:29:41+00:00\" \/>\n<meta property=\"og:image\" content=\"https:\/\/newsestlyonnais.fr\/site\/wp-content\/uploads\/2017\/07\/NEWSESTLYONNAIS-ESGA-HAND-2016-2017-1000x563.jpg\" \/>\n\t<meta property=\"og:image:width\" content=\"1000\" \/>\n\t<meta property=\"og:image:height\" content=\"563\" \/>\n\t<meta property=\"og:image:type\" content=\"image\/jpeg\" \/>\n<meta name=\"author\" content=\"R\u00e9dac. NEWS\" \/>\n<meta name=\"twitter:card\" content=\"summary_large_image\" \/>\n<meta name=\"twitter:label1\" content=\"\u00c9crit par\" \/>\n\t<meta name=\"twitter:data1\" content=\"R\u00e9dac. NEWS\" \/>\n\t<meta name=\"twitter:label2\" content=\"Dur\u00e9e de lecture estim\u00e9e\" \/>\n\t<meta name=\"twitter:data2\" content=\"2 minutes\" \/>\n<script type=\"application\/ld+json\" class=\"yoast-schema-graph\">{\"@context\":\"https:\/\/schema.org\",\"@graph\":[{\"@type\":\"Article\",\"@id\":\"https:\/\/newsestlyonnais.fr\/site\/2017\/07\/27\/genas-effectifs-en-hausse-et-annee-riche-en-sollicitations-pour-les-genas-azieu-hand\/#article\",\"isPartOf\":{\"@id\":\"https:\/\/newsestlyonnais.fr\/site\/2017\/07\/27\/genas-effectifs-en-hausse-et-annee-riche-en-sollicitations-pour-les-genas-azieu-hand\/\"},\"author\":{\"name\":\"R\u00e9dac. NEWS\",\"@id\":\"https:\/\/newsestlyonnais.fr\/site\/#\/schema\/person\/3230d5615f390bb808365d673001e887\"},\"headline\":\"GENAS | Effectifs en hausse et ann\u00e9e riche en sollicitations pour l&rsquo;ES Genas Azieu Hand\",\"datePublished\":\"2017-07-27T17:11:27+00:00\",\"dateModified\":\"2020-10-30T13:29:41+00:00\",\"mainEntityOfPage\":{\"@id\":\"https:\/\/newsestlyonnais.fr\/site\/2017\/07\/27\/genas-effectifs-en-hausse-et-annee-riche-en-sollicitations-pour-les-genas-azieu-hand\/\"},\"wordCount\":454,\"commentCount\":0,\"publisher\":{\"@id\":\"https:\/\/newsestlyonnais.fr\/site\/#organization\"},\"image\":{\"@id\":\"https:\/\/newsestlyonnais.fr\/site\/2017\/07\/27\/genas-effectifs-en-hausse-et-annee-riche-en-sollicitations-pour-les-genas-azieu-hand\/#primaryimage\"},\"thumbnailUrl\":\"https:\/\/newsestlyonnais.fr\/site\/wp-content\/uploads\/2017\/07\/NEWSESTLYONNAIS-ESGA-HAND-2016-2017.jpg\",\"articleSection\":[\"Basket | Hand | Volley\",\"CCEL | Communes\",\"Genas\",\"Hand\"],\"inLanguage\":\"fr-FR\",\"potentialAction\":[{\"@type\":\"CommentAction\",\"name\":\"Comment\",\"target\":[\"https:\/\/newsestlyonnais.fr\/site\/2017\/07\/27\/genas-effectifs-en-hausse-et-annee-riche-en-sollicitations-pour-les-genas-azieu-hand\/#respond\"]}]},{\"@type\":\"WebPage\",\"@id\":\"https:\/\/newsestlyonnais.fr\/site\/2017\/07\/27\/genas-effectifs-en-hausse-et-annee-riche-en-sollicitations-pour-les-genas-azieu-hand\/\",\"url\":\"https:\/\/newsestlyonnais.fr\/site\/2017\/07\/27\/genas-effectifs-en-hausse-et-annee-riche-en-sollicitations-pour-les-genas-azieu-hand\/\",\"name\":\"GENAS : Effectifs en hausse et ann\u00e9e riche en sollicitations pour l'ES Genas Azieu Hand\",\"isPartOf\":{\"@id\":\"https:\/\/newsestlyonnais.fr\/site\/#website\"},\"primaryImageOfPage\":{\"@id\":\"https:\/\/newsestlyonnais.fr\/site\/2017\/07\/27\/genas-effectifs-en-hausse-et-annee-riche-en-sollicitations-pour-les-genas-azieu-hand\/#primaryimage\"},\"image\":{\"@id\":\"https:\/\/newsestlyonnais.fr\/site\/2017\/07\/27\/genas-effectifs-en-hausse-et-annee-riche-en-sollicitations-pour-les-genas-azieu-hand\/#primaryimage\"},\"thumbnailUrl\":\"https:\/\/newsestlyonnais.fr\/site\/wp-content\/uploads\/2017\/07\/NEWSESTLYONNAIS-ESGA-HAND-2016-2017.jpg\",\"datePublished\":\"2017-07-27T17:11:27+00:00\",\"dateModified\":\"2020-10-30T13:29:41+00:00\",\"description\":\"GENAS : Effectifs en hausse et ann\u00e9e riche en sollicitations pour l'ES Genas Azieu Hand\",\"breadcrumb\":{\"@id\":\"https:\/\/newsestlyonnais.fr\/site\/2017\/07\/27\/genas-effectifs-en-hausse-et-annee-riche-en-sollicitations-pour-les-genas-azieu-hand\/#breadcrumb\"},\"inLanguage\":\"fr-FR\",\"potentialAction\":[{\"@type\":\"ReadAction\",\"target\":[\"https:\/\/newsestlyonnais.fr\/site\/2017\/07\/27\/genas-effectifs-en-hausse-et-annee-riche-en-sollicitations-pour-les-genas-azieu-hand\/\"]}]},{\"@type\":\"ImageObject\",\"inLanguage\":\"fr-FR\",\"@id\":\"https:\/\/newsestlyonnais.fr\/site\/2017\/07\/27\/genas-effectifs-en-hausse-et-annee-riche-en-sollicitations-pour-les-genas-azieu-hand\/#primaryimage\",\"url\":\"https:\/\/newsestlyonnais.fr\/site\/wp-content\/uploads\/2017\/07\/NEWSESTLYONNAIS-ESGA-HAND-2016-2017.jpg\",\"contentUrl\":\"https:\/\/newsestlyonnais.fr\/site\/wp-content\/uploads\/2017\/07\/NEWSESTLYONNAIS-ESGA-HAND-2016-2017.jpg\",\"width\":5344,\"height\":3008,\"caption\":\"NEWSESTLYONNAIS - ESGA HAND 2016 2017\"},{\"@type\":\"BreadcrumbList\",\"@id\":\"https:\/\/newsestlyonnais.fr\/site\/2017\/07\/27\/genas-effectifs-en-hausse-et-annee-riche-en-sollicitations-pour-les-genas-azieu-hand\/#breadcrumb\",\"itemListElement\":[{\"@type\":\"ListItem\",\"position\":1,\"name\":\"Accueil\",\"item\":\"https:\/\/newsestlyonnais.fr\/site\/\"},{\"@type\":\"ListItem\",\"position\":2,\"name\":\"GENAS | Effectifs en hausse et ann\u00e9e riche en sollicitations pour l&rsquo;ES Genas Azieu Hand\"}]},{\"@type\":\"WebSite\",\"@id\":\"https:\/\/newsestlyonnais.fr\/site\/#website\",\"url\":\"https:\/\/newsestlyonnais.fr\/site\/\",\"name\":\"News Est Lyonnais\",\"description\":\"L&#039;actualit\u00e9 au plus pr\u00e8s\",\"publisher\":{\"@id\":\"https:\/\/newsestlyonnais.fr\/site\/#organization\"},\"potentialAction\":[{\"@type\":\"SearchAction\",\"target\":{\"@type\":\"EntryPoint\",\"urlTemplate\":\"https:\/\/newsestlyonnais.fr\/site\/?s={search_term_string}\"},\"query-input\":{\"@type\":\"PropertyValueSpecification\",\"valueRequired\":true,\"valueName\":\"search_term_string\"}}],\"inLanguage\":\"fr-FR\"},{\"@type\":\"Organization\",\"@id\":\"https:\/\/newsestlyonnais.fr\/site\/#organization\",\"name\":\"News EST LYONNAIS\",\"url\":\"https:\/\/newsestlyonnais.fr\/site\/\",\"logo\":{\"@type\":\"ImageObject\",\"inLanguage\":\"fr-FR\",\"@id\":\"https:\/\/newsestlyonnais.fr\/site\/#\/schema\/logo\/image\/\",\"url\":\"\",\"contentUrl\":\"\",\"caption\":\"News EST LYONNAIS\"},\"image\":{\"@id\":\"https:\/\/newsestlyonnais.fr\/site\/#\/schema\/logo\/image\/\"}},{\"@type\":\"Person\",\"@id\":\"https:\/\/newsestlyonnais.fr\/site\/#\/schema\/person\/3230d5615f390bb808365d673001e887\",\"name\":\"R\u00e9dac. NEWS\",\"sameAs\":[\"http:\/\/www.newsestlyonnais.fr\",\"https:\/\/www.facebook.com\/pascal.oberson.1?fref=ts\",\"https:\/\/fr.linkedin.com\/in\/pascal-oberson-b17045113\"],\"url\":\"https:\/\/newsestlyonnais.fr\/site\/author\/nel\/\"}]}<\/script>\n<!-- \/ Yoast SEO plugin. -->","yoast_head_json":{"title":"GENAS : Effectifs en hausse et ann\u00e9e riche en sollicitations pour l'ES Genas Azieu Hand","description":"GENAS : Effectifs en hausse et ann\u00e9e riche en sollicitations pour l'ES Genas Azieu Hand","robots":{"index":"index","follow":"follow","max-snippet":"max-snippet:-1","max-image-preview":"max-image-preview:large","max-video-preview":"max-video-preview:-1"},"canonical":"https:\/\/newsestlyonnais.fr\/site\/2017\/07\/27\/genas-effectifs-en-hausse-et-annee-riche-en-sollicitations-pour-les-genas-azieu-hand\/","og_locale":"fr_FR","og_type":"article","og_title":"GENAS : Effectifs en hausse et ann\u00e9e riche en sollicitations pour l'ES Genas Azieu Hand","og_description":"GENAS : Effectifs en hausse et ann\u00e9e riche en sollicitations pour l'ES Genas Azieu Hand","og_url":"https:\/\/newsestlyonnais.fr\/site\/2017\/07\/27\/genas-effectifs-en-hausse-et-annee-riche-en-sollicitations-pour-les-genas-azieu-hand\/","og_site_name":"News Est Lyonnais","article_author":"https:\/\/www.facebook.com\/pascal.oberson.1?fref=ts","article_published_time":"2017-07-27T17:11:27+00:00","article_modified_time":"2020-10-30T13:29:41+00:00","og_image":[{"width":1000,"height":563,"url":"https:\/\/newsestlyonnais.fr\/site\/wp-content\/uploads\/2017\/07\/NEWSESTLYONNAIS-ESGA-HAND-2016-2017-1000x563.jpg","type":"image\/jpeg"}],"author":"R\u00e9dac. NEWS","twitter_card":"summary_large_image","twitter_misc":{"\u00c9crit par":"R\u00e9dac. NEWS","Dur\u00e9e de lecture estim\u00e9e":"2 minutes"},"schema":{"@context":"https:\/\/schema.org","@graph":[{"@type":"Article","@id":"https:\/\/newsestlyonnais.fr\/site\/2017\/07\/27\/genas-effectifs-en-hausse-et-annee-riche-en-sollicitations-pour-les-genas-azieu-hand\/#article","isPartOf":{"@id":"https:\/\/newsestlyonnais.fr\/site\/2017\/07\/27\/genas-effectifs-en-hausse-et-annee-riche-en-sollicitations-pour-les-genas-azieu-hand\/"},"author":{"name":"R\u00e9dac. NEWS","@id":"https:\/\/newsestlyonnais.fr\/site\/#\/schema\/person\/3230d5615f390bb808365d673001e887"},"headline":"GENAS | Effectifs en hausse et ann\u00e9e riche en sollicitations pour l&rsquo;ES Genas Azieu Hand","datePublished":"2017-07-27T17:11:27+00:00","dateModified":"2020-10-30T13:29:41+00:00","mainEntityOfPage":{"@id":"https:\/\/newsestlyonnais.fr\/site\/2017\/07\/27\/genas-effectifs-en-hausse-et-annee-riche-en-sollicitations-pour-les-genas-azieu-hand\/"},"wordCount":454,"commentCount":0,"publisher":{"@id":"https:\/\/newsestlyonnais.fr\/site\/#organization"},"image":{"@id":"https:\/\/newsestlyonnais.fr\/site\/2017\/07\/27\/genas-effectifs-en-hausse-et-annee-riche-en-sollicitations-pour-les-genas-azieu-hand\/#primaryimage"},"thumbnailUrl":"https:\/\/newsestlyonnais.fr\/site\/wp-content\/uploads\/2017\/07\/NEWSESTLYONNAIS-ESGA-HAND-2016-2017.jpg","articleSection":["Basket | Hand | Volley","CCEL | Communes","Genas","Hand"],"inLanguage":"fr-FR","potentialAction":[{"@type":"CommentAction","name":"Comment","target":["https:\/\/newsestlyonnais.fr\/site\/2017\/07\/27\/genas-effectifs-en-hausse-et-annee-riche-en-sollicitations-pour-les-genas-azieu-hand\/#respond"]}]},{"@type":"WebPage","@id":"https:\/\/newsestlyonnais.fr\/site\/2017\/07\/27\/genas-effectifs-en-hausse-et-annee-riche-en-sollicitations-pour-les-genas-azieu-hand\/","url":"https:\/\/newsestlyonnais.fr\/site\/2017\/07\/27\/genas-effectifs-en-hausse-et-annee-riche-en-sollicitations-pour-les-genas-azieu-hand\/","name":"GENAS : Effectifs en hausse et ann\u00e9e riche en sollicitations pour l'ES Genas Azieu Hand","isPartOf":{"@id":"https:\/\/newsestlyonnais.fr\/site\/#website"},"primaryImageOfPage":{"@id":"https:\/\/newsestlyonnais.fr\/site\/2017\/07\/27\/genas-effectifs-en-hausse-et-annee-riche-en-sollicitations-pour-les-genas-azieu-hand\/#primaryimage"},"image":{"@id":"https:\/\/newsestlyonnais.fr\/site\/2017\/07\/27\/genas-effectifs-en-hausse-et-annee-riche-en-sollicitations-pour-les-genas-azieu-hand\/#primaryimage"},"thumbnailUrl":"https:\/\/newsestlyonnais.fr\/site\/wp-content\/uploads\/2017\/07\/NEWSESTLYONNAIS-ESGA-HAND-2016-2017.jpg","datePublished":"2017-07-27T17:11:27+00:00","dateModified":"2020-10-30T13:29:41+00:00","description":"GENAS : Effectifs en hausse et ann\u00e9e riche en sollicitations pour l'ES Genas Azieu Hand","breadcrumb":{"@id":"https:\/\/newsestlyonnais.fr\/site\/2017\/07\/27\/genas-effectifs-en-hausse-et-annee-riche-en-sollicitations-pour-les-genas-azieu-hand\/#breadcrumb"},"inLanguage":"fr-FR","potentialAction":[{"@type":"ReadAction","target":["https:\/\/newsestlyonnais.fr\/site\/2017\/07\/27\/genas-effectifs-en-hausse-et-annee-riche-en-sollicitations-pour-les-genas-azieu-hand\/"]}]},{"@type":"ImageObject","inLanguage":"fr-FR","@id":"https:\/\/newsestlyonnais.fr\/site\/2017\/07\/27\/genas-effectifs-en-hausse-et-annee-riche-en-sollicitations-pour-les-genas-azieu-hand\/#primaryimage","url":"https:\/\/newsestlyonnais.fr\/site\/wp-content\/uploads\/2017\/07\/NEWSESTLYONNAIS-ESGA-HAND-2016-2017.jpg","contentUrl":"https:\/\/newsestlyonnais.fr\/site\/wp-content\/uploads\/2017\/07\/NEWSESTLYONNAIS-ESGA-HAND-2016-2017.jpg","width":5344,"height":3008,"caption":"NEWSESTLYONNAIS - ESGA HAND 2016 2017"},{"@type":"BreadcrumbList","@id":"https:\/\/newsestlyonnais.fr\/site\/2017\/07\/27\/genas-effectifs-en-hausse-et-annee-riche-en-sollicitations-pour-les-genas-azieu-hand\/#breadcrumb","itemListElement":[{"@type":"ListItem","position":1,"name":"Accueil","item":"https:\/\/newsestlyonnais.fr\/site\/"},{"@type":"ListItem","position":2,"name":"GENAS | Effectifs en hausse et ann\u00e9e riche en sollicitations pour l&rsquo;ES Genas Azieu Hand"}]},{"@type":"WebSite","@id":"https:\/\/newsestlyonnais.fr\/site\/#website","url":"https:\/\/newsestlyonnais.fr\/site\/","name":"News Est Lyonnais","description":"L&#039;actualit\u00e9 au plus pr\u00e8s","publisher":{"@id":"https:\/\/newsestlyonnais.fr\/site\/#organization"},"potentialAction":[{"@type":"SearchAction","target":{"@type":"EntryPoint","urlTemplate":"https:\/\/newsestlyonnais.fr\/site\/?s={search_term_string}"},"query-input":{"@type":"PropertyValueSpecification","valueRequired":true,"valueName":"search_term_string"}}],"inLanguage":"fr-FR"},{"@type":"Organization","@id":"https:\/\/newsestlyonnais.fr\/site\/#organization","name":"News EST LYONNAIS","url":"https:\/\/newsestlyonnais.fr\/site\/","logo":{"@type":"ImageObject","inLanguage":"fr-FR","@id":"https:\/\/newsestlyonnais.fr\/site\/#\/schema\/logo\/image\/","url":"","contentUrl":"","caption":"News EST LYONNAIS"},"image":{"@id":"https:\/\/newsestlyonnais.fr\/site\/#\/schema\/logo\/image\/"}},{"@type":"Person","@id":"https:\/\/newsestlyonnais.fr\/site\/#\/schema\/person\/3230d5615f390bb808365d673001e887","name":"R\u00e9dac. NEWS","sameAs":["http:\/\/www.newsestlyonnais.fr","https:\/\/www.facebook.com\/pascal.oberson.1?fref=ts","https:\/\/fr.linkedin.com\/in\/pascal-oberson-b17045113"],"url":"https:\/\/newsestlyonnais.fr\/site\/author\/nel\/"}]}},"_links":{"self":[{"href":"https:\/\/newsestlyonnais.fr\/site\/wp-json\/wp\/v2\/posts\/33032","targetHints":{"allow":["GET"]}}],"collection":[{"href":"https:\/\/newsestlyonnais.fr\/site\/wp-json\/wp\/v2\/posts"}],"about":[{"href":"https:\/\/newsestlyonnais.fr\/site\/wp-json\/wp\/v2\/types\/post"}],"author":[{"embeddable":true,"href":"https:\/\/newsestlyonnais.fr\/site\/wp-json\/wp\/v2\/users\/4"}],"replies":[{"embeddable":true,"href":"https:\/\/newsestlyonnais.fr\/site\/wp-json\/wp\/v2\/comments?post=33032"}],"version-history":[{"count":0,"href":"https:\/\/newsestlyonnais.fr\/site\/wp-json\/wp\/v2\/posts\/33032\/revisions"}],"wp:featuredmedia":[{"embeddable":true,"href":"https:\/\/newsestlyonnais.fr\/site\/wp-json\/wp\/v2\/media\/33055"}],"wp:attachment":[{"href":"https:\/\/newsestlyonnais.fr\/site\/wp-json\/wp\/v2\/media?parent=33032"}],"wp:term":[{"taxonomy":"category","embeddable":true,"href":"https:\/\/newsestlyonnais.fr\/site\/wp-json\/wp\/v2\/categories?post=33032"},{"taxonomy":"post_tag","embeddable":true,"href":"https:\/\/newsestlyonnais.fr\/site\/wp-json\/wp\/v2\/tags?post=33032"}],"curies":[{"name":"wp","href":"https:\/\/api.w.org\/{rel}","templated":true}]}}