{"id":33061,"date":"2017-07-28T05:38:17","date_gmt":"2017-07-28T04:38:17","guid":{"rendered":"http:\/\/newsestlyonnais.fr\/site\/?p=33061"},"modified":"2020-11-03T16:32:43","modified_gmt":"2020-11-03T15:32:43","slug":"vaulx-en-velin-du-vaulx-basket-a-lequipe-pro-de-chartres-la-belle-ascension-daxelle-rousseau","status":"publish","type":"post","link":"https:\/\/newsestlyonnais.fr\/site\/2017\/07\/28\/vaulx-en-velin-du-vaulx-basket-a-lequipe-pro-de-chartres-la-belle-ascension-daxelle-rousseau\/","title":{"rendered":"VAULX-EN-VELIN | Du Vaulx Basket \u00e0 l&rsquo;\u00e9quipe pro de Chartres, la belle ascension d&rsquo;Axelle Rousseau"},"content":{"rendered":"<h4>M\u00eame si son \u00e9quipe fanion masculine \u00e9volue au niveau national (N3), le Vaulx Basket club (VBC) a toujours eu vocation \u00e0 \u00eatre un club formateur.<\/h4>\n<p>Nombreuses et nombreux sont les joueuses et joueurs qui ont touch\u00e9 leur premier ballon de basket sur les parquets vaudais avant de briller ensuite sous d&rsquo;autres couleurs dans l&rsquo;hexagone et \u00e0 l&rsquo;\u00e9tranger.<\/p>\n<p><span class=\"_5yl5\">En cette p\u00e9riode estivale, c&rsquo;est une aventure heureuse, m\u00eame s&rsquo; il faut tout de m\u00eame raison garder, qui est \u00e0 signaler.<\/span><\/p>\n<p><span class=\"_5yl5\"><strong> Axelle Rousseau<\/strong> a d\u00e9but\u00e9 le basket au VBC en cat\u00e9gorie U 9 jusqu\u2019aux U 11. La vie est ainsi faite que tr\u00e8s vite elle a rejoint les rangs du FCL en U 13 puis a ensuite \u00e9volu\u00e9 au Lyon Basket F\u00e9minin. Bien lui en a pris, apr\u00e8s sa saison pass\u00e9e au Basket Landes et avoir connu une demi-finale de l\u2019 Euro en U 20 f\u00e9minines, elle vient de signer son premier contrat pro avec l&rsquo;AB Chartres.<\/span><\/p>\n<p>Cette jeune int\u00e9rieure qui vient de f\u00eater ses 20 ans le 25 juin dernier, \u00e9tant une des 3 recrues de l&rsquo;AB Chartres qui \u00e9volue en Ligue 2 f\u00e9minine.<\/p>\n<p><span class=\"_5yl5\"> Le VCBC ainsi que les nombreux amis et amies qu\u2019elle a laiss\u00e9s \u00e0 Vaulx-en-Velin lui souhaitent une pleine r\u00e9ussite.<\/span><\/p>\n","protected":false},"excerpt":{"rendered":"<p>M\u00eame si son \u00e9quipe fanion masculine \u00e9volue au niveau national (N3), le Vaulx Basket club (VBC) a toujours eu vocation \u00e0 \u00eatre un club formateur. Nombreuses et nombreux sont les joueuses et joueurs qui ont touch\u00e9 leur premier ballon de basket sur les parquets vaudais avant de briller ensuite sous d&rsquo;autres couleurs dans l&rsquo;hexagone et [&hellip;]<\/p>\n","protected":false},"author":4,"featured_media":33071,"comment_status":"open","ping_status":"open","sticky":false,"template":"","format":"standard","meta":{"footnotes":""},"categories":[1357,2975,3421,28],"tags":[],"class_list":["post-33061","post","type-post","status-publish","format-standard","has-post-thumbnail","hentry","category-basket","category-basket-hand-volley-sports","category-feminin-actu-au","category-vaulx-en-velin"],"yoast_head":"<!-- This site is optimized with the Yoast SEO plugin v27.2 - https:\/\/yoast.com\/product\/yoast-seo-wordpress\/ -->\n<title>VAULX EN VELIN: Du Vaulx Basket \u00e0 l&#039;\u00e9quipe pro de Chartres, la belle ascension d&#039;Axelle Rousseau<\/title>\n<meta name=\"description\" content=\"VAULX EN VELIN: Du Vaulx Basket \u00e0 l&#039;\u00e9quipe pro de Chartres, la belle ascension d&#039;Axelle Rousseau\" \/>\n<meta name=\"robots\" content=\"index, follow, max-snippet:-1, max-image-preview:large, max-video-preview:-1\" \/>\n<link rel=\"canonical\" href=\"https:\/\/newsestlyonnais.fr\/site\/2017\/07\/28\/vaulx-en-velin-du-vaulx-basket-a-lequipe-pro-de-chartres-la-belle-ascension-daxelle-rousseau\/\" \/>\n<meta property=\"og:locale\" content=\"fr_FR\" \/>\n<meta property=\"og:type\" content=\"article\" \/>\n<meta property=\"og:title\" content=\"VAULX EN VELIN: Du Vaulx Basket \u00e0 l&#039;\u00e9quipe pro de Chartres, la belle ascension d&#039;Axelle Rousseau\" \/>\n<meta property=\"og:description\" content=\"VAULX EN VELIN: Du Vaulx Basket \u00e0 l&#039;\u00e9quipe pro de Chartres, la belle ascension d&#039;Axelle Rousseau\" \/>\n<meta property=\"og:url\" content=\"https:\/\/newsestlyonnais.fr\/site\/2017\/07\/28\/vaulx-en-velin-du-vaulx-basket-a-lequipe-pro-de-chartres-la-belle-ascension-daxelle-rousseau\/\" \/>\n<meta property=\"og:site_name\" content=\"News Est Lyonnais\" \/>\n<meta property=\"article:author\" content=\"https:\/\/www.facebook.com\/pascal.oberson.1?fref=ts\" \/>\n<meta property=\"article:published_time\" content=\"2017-07-28T04:38:17+00:00\" \/>\n<meta property=\"article:modified_time\" content=\"2020-11-03T15:32:43+00:00\" \/>\n<meta property=\"og:image\" content=\"https:\/\/i0.wp.com\/newsestlyonnais.fr\/site\/wp-content\/uploads\/2017\/07\/NEWSESTLYONNAIS-VAULX-BASKET-AXELLE.png?fit=306%2C300&ssl=1\" \/>\n\t<meta property=\"og:image:width\" content=\"306\" \/>\n\t<meta property=\"og:image:height\" content=\"300\" \/>\n\t<meta property=\"og:image:type\" content=\"image\/png\" \/>\n<meta name=\"author\" content=\"R\u00e9dac. NEWS\" \/>\n<meta name=\"twitter:card\" content=\"summary_large_image\" \/>\n<meta name=\"twitter:label1\" content=\"\u00c9crit par\" \/>\n\t<meta name=\"twitter:data1\" content=\"R\u00e9dac. NEWS\" \/>\n\t<meta name=\"twitter:label2\" content=\"Dur\u00e9e de lecture estim\u00e9e\" \/>\n\t<meta name=\"twitter:data2\" content=\"1 minute\" \/>\n<script type=\"application\/ld+json\" class=\"yoast-schema-graph\">{\"@context\":\"https:\/\/schema.org\",\"@graph\":[{\"@type\":\"Article\",\"@id\":\"https:\/\/newsestlyonnais.fr\/site\/2017\/07\/28\/vaulx-en-velin-du-vaulx-basket-a-lequipe-pro-de-chartres-la-belle-ascension-daxelle-rousseau\/#article\",\"isPartOf\":{\"@id\":\"https:\/\/newsestlyonnais.fr\/site\/2017\/07\/28\/vaulx-en-velin-du-vaulx-basket-a-lequipe-pro-de-chartres-la-belle-ascension-daxelle-rousseau\/\"},\"author\":{\"name\":\"R\u00e9dac. NEWS\",\"@id\":\"https:\/\/newsestlyonnais.fr\/site\/#\/schema\/person\/3230d5615f390bb808365d673001e887\"},\"headline\":\"VAULX-EN-VELIN | Du Vaulx Basket \u00e0 l&rsquo;\u00e9quipe pro de Chartres, la belle ascension d&rsquo;Axelle Rousseau\",\"datePublished\":\"2017-07-28T04:38:17+00:00\",\"dateModified\":\"2020-11-03T15:32:43+00:00\",\"mainEntityOfPage\":{\"@id\":\"https:\/\/newsestlyonnais.fr\/site\/2017\/07\/28\/vaulx-en-velin-du-vaulx-basket-a-lequipe-pro-de-chartres-la-belle-ascension-daxelle-rousseau\/\"},\"wordCount\":228,\"commentCount\":0,\"publisher\":{\"@id\":\"https:\/\/newsestlyonnais.fr\/site\/#organization\"},\"image\":{\"@id\":\"https:\/\/newsestlyonnais.fr\/site\/2017\/07\/28\/vaulx-en-velin-du-vaulx-basket-a-lequipe-pro-de-chartres-la-belle-ascension-daxelle-rousseau\/#primaryimage\"},\"thumbnailUrl\":\"https:\/\/newsestlyonnais.fr\/site\/wp-content\/uploads\/2017\/07\/NEWSESTLYONNAIS-VAULX-BASKET-AXELLE.png\",\"articleSection\":[\"Basket\",\"Basket | Hand | Volley\",\"F\u00e9minin (Actu au)\",\"Vaulx-en-Velin\"],\"inLanguage\":\"fr-FR\",\"potentialAction\":[{\"@type\":\"CommentAction\",\"name\":\"Comment\",\"target\":[\"https:\/\/newsestlyonnais.fr\/site\/2017\/07\/28\/vaulx-en-velin-du-vaulx-basket-a-lequipe-pro-de-chartres-la-belle-ascension-daxelle-rousseau\/#respond\"]}]},{\"@type\":\"WebPage\",\"@id\":\"https:\/\/newsestlyonnais.fr\/site\/2017\/07\/28\/vaulx-en-velin-du-vaulx-basket-a-lequipe-pro-de-chartres-la-belle-ascension-daxelle-rousseau\/\",\"url\":\"https:\/\/newsestlyonnais.fr\/site\/2017\/07\/28\/vaulx-en-velin-du-vaulx-basket-a-lequipe-pro-de-chartres-la-belle-ascension-daxelle-rousseau\/\",\"name\":\"VAULX EN VELIN: Du Vaulx Basket \u00e0 l'\u00e9quipe pro de Chartres, la belle ascension d'Axelle Rousseau\",\"isPartOf\":{\"@id\":\"https:\/\/newsestlyonnais.fr\/site\/#website\"},\"primaryImageOfPage\":{\"@id\":\"https:\/\/newsestlyonnais.fr\/site\/2017\/07\/28\/vaulx-en-velin-du-vaulx-basket-a-lequipe-pro-de-chartres-la-belle-ascension-daxelle-rousseau\/#primaryimage\"},\"image\":{\"@id\":\"https:\/\/newsestlyonnais.fr\/site\/2017\/07\/28\/vaulx-en-velin-du-vaulx-basket-a-lequipe-pro-de-chartres-la-belle-ascension-daxelle-rousseau\/#primaryimage\"},\"thumbnailUrl\":\"https:\/\/newsestlyonnais.fr\/site\/wp-content\/uploads\/2017\/07\/NEWSESTLYONNAIS-VAULX-BASKET-AXELLE.png\",\"datePublished\":\"2017-07-28T04:38:17+00:00\",\"dateModified\":\"2020-11-03T15:32:43+00:00\",\"description\":\"VAULX EN VELIN: Du Vaulx Basket \u00e0 l'\u00e9quipe pro de Chartres, la belle ascension d'Axelle Rousseau\",\"breadcrumb\":{\"@id\":\"https:\/\/newsestlyonnais.fr\/site\/2017\/07\/28\/vaulx-en-velin-du-vaulx-basket-a-lequipe-pro-de-chartres-la-belle-ascension-daxelle-rousseau\/#breadcrumb\"},\"inLanguage\":\"fr-FR\",\"potentialAction\":[{\"@type\":\"ReadAction\",\"target\":[\"https:\/\/newsestlyonnais.fr\/site\/2017\/07\/28\/vaulx-en-velin-du-vaulx-basket-a-lequipe-pro-de-chartres-la-belle-ascension-daxelle-rousseau\/\"]}]},{\"@type\":\"ImageObject\",\"inLanguage\":\"fr-FR\",\"@id\":\"https:\/\/newsestlyonnais.fr\/site\/2017\/07\/28\/vaulx-en-velin-du-vaulx-basket-a-lequipe-pro-de-chartres-la-belle-ascension-daxelle-rousseau\/#primaryimage\",\"url\":\"https:\/\/newsestlyonnais.fr\/site\/wp-content\/uploads\/2017\/07\/NEWSESTLYONNAIS-VAULX-BASKET-AXELLE.png\",\"contentUrl\":\"https:\/\/newsestlyonnais.fr\/site\/wp-content\/uploads\/2017\/07\/NEWSESTLYONNAIS-VAULX-BASKET-AXELLE.png\",\"width\":306,\"height\":300,\"caption\":\"NEWSESTLYONNAIS VAULX BASKET AXELLE\"},{\"@type\":\"BreadcrumbList\",\"@id\":\"https:\/\/newsestlyonnais.fr\/site\/2017\/07\/28\/vaulx-en-velin-du-vaulx-basket-a-lequipe-pro-de-chartres-la-belle-ascension-daxelle-rousseau\/#breadcrumb\",\"itemListElement\":[{\"@type\":\"ListItem\",\"position\":1,\"name\":\"Accueil\",\"item\":\"https:\/\/newsestlyonnais.fr\/site\/\"},{\"@type\":\"ListItem\",\"position\":2,\"name\":\"VAULX-EN-VELIN | Du Vaulx Basket \u00e0 l&rsquo;\u00e9quipe pro de Chartres, la belle ascension d&rsquo;Axelle Rousseau\"}]},{\"@type\":\"WebSite\",\"@id\":\"https:\/\/newsestlyonnais.fr\/site\/#website\",\"url\":\"https:\/\/newsestlyonnais.fr\/site\/\",\"name\":\"News Est Lyonnais\",\"description\":\"L&#039;actualit\u00e9 au plus pr\u00e8s\",\"publisher\":{\"@id\":\"https:\/\/newsestlyonnais.fr\/site\/#organization\"},\"potentialAction\":[{\"@type\":\"SearchAction\",\"target\":{\"@type\":\"EntryPoint\",\"urlTemplate\":\"https:\/\/newsestlyonnais.fr\/site\/?s={search_term_string}\"},\"query-input\":{\"@type\":\"PropertyValueSpecification\",\"valueRequired\":true,\"valueName\":\"search_term_string\"}}],\"inLanguage\":\"fr-FR\"},{\"@type\":\"Organization\",\"@id\":\"https:\/\/newsestlyonnais.fr\/site\/#organization\",\"name\":\"News EST LYONNAIS\",\"url\":\"https:\/\/newsestlyonnais.fr\/site\/\",\"logo\":{\"@type\":\"ImageObject\",\"inLanguage\":\"fr-FR\",\"@id\":\"https:\/\/newsestlyonnais.fr\/site\/#\/schema\/logo\/image\/\",\"url\":\"\",\"contentUrl\":\"\",\"caption\":\"News EST LYONNAIS\"},\"image\":{\"@id\":\"https:\/\/newsestlyonnais.fr\/site\/#\/schema\/logo\/image\/\"}},{\"@type\":\"Person\",\"@id\":\"https:\/\/newsestlyonnais.fr\/site\/#\/schema\/person\/3230d5615f390bb808365d673001e887\",\"name\":\"R\u00e9dac. NEWS\",\"sameAs\":[\"http:\/\/www.newsestlyonnais.fr\",\"https:\/\/www.facebook.com\/pascal.oberson.1?fref=ts\",\"https:\/\/fr.linkedin.com\/in\/pascal-oberson-b17045113\"],\"url\":\"https:\/\/newsestlyonnais.fr\/site\/author\/nel\/\"}]}<\/script>\n<!-- \/ Yoast SEO plugin. -->","yoast_head_json":{"title":"VAULX EN VELIN: Du Vaulx Basket \u00e0 l'\u00e9quipe pro de Chartres, la belle ascension d'Axelle Rousseau","description":"VAULX EN VELIN: Du Vaulx Basket \u00e0 l'\u00e9quipe pro de Chartres, la belle ascension d'Axelle Rousseau","robots":{"index":"index","follow":"follow","max-snippet":"max-snippet:-1","max-image-preview":"max-image-preview:large","max-video-preview":"max-video-preview:-1"},"canonical":"https:\/\/newsestlyonnais.fr\/site\/2017\/07\/28\/vaulx-en-velin-du-vaulx-basket-a-lequipe-pro-de-chartres-la-belle-ascension-daxelle-rousseau\/","og_locale":"fr_FR","og_type":"article","og_title":"VAULX EN VELIN: Du Vaulx Basket \u00e0 l'\u00e9quipe pro de Chartres, la belle ascension d'Axelle Rousseau","og_description":"VAULX EN VELIN: Du Vaulx Basket \u00e0 l'\u00e9quipe pro de Chartres, la belle ascension d'Axelle Rousseau","og_url":"https:\/\/newsestlyonnais.fr\/site\/2017\/07\/28\/vaulx-en-velin-du-vaulx-basket-a-lequipe-pro-de-chartres-la-belle-ascension-daxelle-rousseau\/","og_site_name":"News Est Lyonnais","article_author":"https:\/\/www.facebook.com\/pascal.oberson.1?fref=ts","article_published_time":"2017-07-28T04:38:17+00:00","article_modified_time":"2020-11-03T15:32:43+00:00","og_image":[{"width":306,"height":300,"url":"https:\/\/i0.wp.com\/newsestlyonnais.fr\/site\/wp-content\/uploads\/2017\/07\/NEWSESTLYONNAIS-VAULX-BASKET-AXELLE.png?fit=306%2C300&ssl=1","type":"image\/png"}],"author":"R\u00e9dac. NEWS","twitter_card":"summary_large_image","twitter_misc":{"\u00c9crit par":"R\u00e9dac. NEWS","Dur\u00e9e de lecture estim\u00e9e":"1 minute"},"schema":{"@context":"https:\/\/schema.org","@graph":[{"@type":"Article","@id":"https:\/\/newsestlyonnais.fr\/site\/2017\/07\/28\/vaulx-en-velin-du-vaulx-basket-a-lequipe-pro-de-chartres-la-belle-ascension-daxelle-rousseau\/#article","isPartOf":{"@id":"https:\/\/newsestlyonnais.fr\/site\/2017\/07\/28\/vaulx-en-velin-du-vaulx-basket-a-lequipe-pro-de-chartres-la-belle-ascension-daxelle-rousseau\/"},"author":{"name":"R\u00e9dac. NEWS","@id":"https:\/\/newsestlyonnais.fr\/site\/#\/schema\/person\/3230d5615f390bb808365d673001e887"},"headline":"VAULX-EN-VELIN | Du Vaulx Basket \u00e0 l&rsquo;\u00e9quipe pro de Chartres, la belle ascension d&rsquo;Axelle Rousseau","datePublished":"2017-07-28T04:38:17+00:00","dateModified":"2020-11-03T15:32:43+00:00","mainEntityOfPage":{"@id":"https:\/\/newsestlyonnais.fr\/site\/2017\/07\/28\/vaulx-en-velin-du-vaulx-basket-a-lequipe-pro-de-chartres-la-belle-ascension-daxelle-rousseau\/"},"wordCount":228,"commentCount":0,"publisher":{"@id":"https:\/\/newsestlyonnais.fr\/site\/#organization"},"image":{"@id":"https:\/\/newsestlyonnais.fr\/site\/2017\/07\/28\/vaulx-en-velin-du-vaulx-basket-a-lequipe-pro-de-chartres-la-belle-ascension-daxelle-rousseau\/#primaryimage"},"thumbnailUrl":"https:\/\/newsestlyonnais.fr\/site\/wp-content\/uploads\/2017\/07\/NEWSESTLYONNAIS-VAULX-BASKET-AXELLE.png","articleSection":["Basket","Basket | Hand | Volley","F\u00e9minin (Actu au)","Vaulx-en-Velin"],"inLanguage":"fr-FR","potentialAction":[{"@type":"CommentAction","name":"Comment","target":["https:\/\/newsestlyonnais.fr\/site\/2017\/07\/28\/vaulx-en-velin-du-vaulx-basket-a-lequipe-pro-de-chartres-la-belle-ascension-daxelle-rousseau\/#respond"]}]},{"@type":"WebPage","@id":"https:\/\/newsestlyonnais.fr\/site\/2017\/07\/28\/vaulx-en-velin-du-vaulx-basket-a-lequipe-pro-de-chartres-la-belle-ascension-daxelle-rousseau\/","url":"https:\/\/newsestlyonnais.fr\/site\/2017\/07\/28\/vaulx-en-velin-du-vaulx-basket-a-lequipe-pro-de-chartres-la-belle-ascension-daxelle-rousseau\/","name":"VAULX EN VELIN: Du Vaulx Basket \u00e0 l'\u00e9quipe pro de Chartres, la belle ascension d'Axelle Rousseau","isPartOf":{"@id":"https:\/\/newsestlyonnais.fr\/site\/#website"},"primaryImageOfPage":{"@id":"https:\/\/newsestlyonnais.fr\/site\/2017\/07\/28\/vaulx-en-velin-du-vaulx-basket-a-lequipe-pro-de-chartres-la-belle-ascension-daxelle-rousseau\/#primaryimage"},"image":{"@id":"https:\/\/newsestlyonnais.fr\/site\/2017\/07\/28\/vaulx-en-velin-du-vaulx-basket-a-lequipe-pro-de-chartres-la-belle-ascension-daxelle-rousseau\/#primaryimage"},"thumbnailUrl":"https:\/\/newsestlyonnais.fr\/site\/wp-content\/uploads\/2017\/07\/NEWSESTLYONNAIS-VAULX-BASKET-AXELLE.png","datePublished":"2017-07-28T04:38:17+00:00","dateModified":"2020-11-03T15:32:43+00:00","description":"VAULX EN VELIN: Du Vaulx Basket \u00e0 l'\u00e9quipe pro de Chartres, la belle ascension d'Axelle Rousseau","breadcrumb":{"@id":"https:\/\/newsestlyonnais.fr\/site\/2017\/07\/28\/vaulx-en-velin-du-vaulx-basket-a-lequipe-pro-de-chartres-la-belle-ascension-daxelle-rousseau\/#breadcrumb"},"inLanguage":"fr-FR","potentialAction":[{"@type":"ReadAction","target":["https:\/\/newsestlyonnais.fr\/site\/2017\/07\/28\/vaulx-en-velin-du-vaulx-basket-a-lequipe-pro-de-chartres-la-belle-ascension-daxelle-rousseau\/"]}]},{"@type":"ImageObject","inLanguage":"fr-FR","@id":"https:\/\/newsestlyonnais.fr\/site\/2017\/07\/28\/vaulx-en-velin-du-vaulx-basket-a-lequipe-pro-de-chartres-la-belle-ascension-daxelle-rousseau\/#primaryimage","url":"https:\/\/newsestlyonnais.fr\/site\/wp-content\/uploads\/2017\/07\/NEWSESTLYONNAIS-VAULX-BASKET-AXELLE.png","contentUrl":"https:\/\/newsestlyonnais.fr\/site\/wp-content\/uploads\/2017\/07\/NEWSESTLYONNAIS-VAULX-BASKET-AXELLE.png","width":306,"height":300,"caption":"NEWSESTLYONNAIS VAULX BASKET AXELLE"},{"@type":"BreadcrumbList","@id":"https:\/\/newsestlyonnais.fr\/site\/2017\/07\/28\/vaulx-en-velin-du-vaulx-basket-a-lequipe-pro-de-chartres-la-belle-ascension-daxelle-rousseau\/#breadcrumb","itemListElement":[{"@type":"ListItem","position":1,"name":"Accueil","item":"https:\/\/newsestlyonnais.fr\/site\/"},{"@type":"ListItem","position":2,"name":"VAULX-EN-VELIN | Du Vaulx Basket \u00e0 l&rsquo;\u00e9quipe pro de Chartres, la belle ascension d&rsquo;Axelle Rousseau"}]},{"@type":"WebSite","@id":"https:\/\/newsestlyonnais.fr\/site\/#website","url":"https:\/\/newsestlyonnais.fr\/site\/","name":"News Est Lyonnais","description":"L&#039;actualit\u00e9 au plus pr\u00e8s","publisher":{"@id":"https:\/\/newsestlyonnais.fr\/site\/#organization"},"potentialAction":[{"@type":"SearchAction","target":{"@type":"EntryPoint","urlTemplate":"https:\/\/newsestlyonnais.fr\/site\/?s={search_term_string}"},"query-input":{"@type":"PropertyValueSpecification","valueRequired":true,"valueName":"search_term_string"}}],"inLanguage":"fr-FR"},{"@type":"Organization","@id":"https:\/\/newsestlyonnais.fr\/site\/#organization","name":"News EST LYONNAIS","url":"https:\/\/newsestlyonnais.fr\/site\/","logo":{"@type":"ImageObject","inLanguage":"fr-FR","@id":"https:\/\/newsestlyonnais.fr\/site\/#\/schema\/logo\/image\/","url":"","contentUrl":"","caption":"News EST LYONNAIS"},"image":{"@id":"https:\/\/newsestlyonnais.fr\/site\/#\/schema\/logo\/image\/"}},{"@type":"Person","@id":"https:\/\/newsestlyonnais.fr\/site\/#\/schema\/person\/3230d5615f390bb808365d673001e887","name":"R\u00e9dac. NEWS","sameAs":["http:\/\/www.newsestlyonnais.fr","https:\/\/www.facebook.com\/pascal.oberson.1?fref=ts","https:\/\/fr.linkedin.com\/in\/pascal-oberson-b17045113"],"url":"https:\/\/newsestlyonnais.fr\/site\/author\/nel\/"}]}},"_links":{"self":[{"href":"https:\/\/newsestlyonnais.fr\/site\/wp-json\/wp\/v2\/posts\/33061","targetHints":{"allow":["GET"]}}],"collection":[{"href":"https:\/\/newsestlyonnais.fr\/site\/wp-json\/wp\/v2\/posts"}],"about":[{"href":"https:\/\/newsestlyonnais.fr\/site\/wp-json\/wp\/v2\/types\/post"}],"author":[{"embeddable":true,"href":"https:\/\/newsestlyonnais.fr\/site\/wp-json\/wp\/v2\/users\/4"}],"replies":[{"embeddable":true,"href":"https:\/\/newsestlyonnais.fr\/site\/wp-json\/wp\/v2\/comments?post=33061"}],"version-history":[{"count":0,"href":"https:\/\/newsestlyonnais.fr\/site\/wp-json\/wp\/v2\/posts\/33061\/revisions"}],"wp:featuredmedia":[{"embeddable":true,"href":"https:\/\/newsestlyonnais.fr\/site\/wp-json\/wp\/v2\/media\/33071"}],"wp:attachment":[{"href":"https:\/\/newsestlyonnais.fr\/site\/wp-json\/wp\/v2\/media?parent=33061"}],"wp:term":[{"taxonomy":"category","embeddable":true,"href":"https:\/\/newsestlyonnais.fr\/site\/wp-json\/wp\/v2\/categories?post=33061"},{"taxonomy":"post_tag","embeddable":true,"href":"https:\/\/newsestlyonnais.fr\/site\/wp-json\/wp\/v2\/tags?post=33061"}],"curies":[{"name":"wp","href":"https:\/\/api.w.org\/{rel}","templated":true}]}}