{"id":33100,"date":"2017-07-29T18:04:59","date_gmt":"2017-07-29T17:04:59","guid":{"rendered":"http:\/\/newsestlyonnais.fr\/site\/?p=33100"},"modified":"2020-11-19T09:20:02","modified_gmt":"2020-11-19T08:20:02","slug":"retour-en-images-sur-linauguration-de-la-fresque-republique-a-genas","status":"publish","type":"post","link":"https:\/\/newsestlyonnais.fr\/site\/2017\/07\/29\/retour-en-images-sur-linauguration-de-la-fresque-republique-a-genas\/","title":{"rendered":"GENAS | Retour en images &gt; inauguration de la fresque R\u00e9publique"},"content":{"rendered":"<h4>L&rsquo;actualit\u00e9 \u00e9tant plus calme en cette p\u00e9riode estivale, c&rsquo;est le moment id\u00e9al pour revenir <span style=\"text-decoration: underline\">EN IMAGES<\/span>, sur des \u00e9v\u00e8nements qui se sont d\u00e9roul\u00e9s dans l&rsquo; EST LYONNAIS, lors des semaines pr\u00e9c\u00e9dentes.<\/h4>\n<p>Aujourd&rsquo;hui, <strong>FLASH-BACK sur un \u00e9v\u00e8nement :<br \/>\n<\/strong><\/p>\n<ul>\n<li><strong><span style=\"text-decoration: underline\">Jeudi 13 juillet 2017 et l&rsquo;inauguration de la nouvelle fresque \u00ab\u00a0La R\u00e9publique\u00a0\u00bb<\/span> install\u00e9e au 23 de la rue de la R\u00e9publique.<br \/>\n<\/strong><\/li>\n<\/ul>\n<p>Elle \u00e9voque la R\u00e9publique avec ses symboles comme la Marianne, \u00e0 l&rsquo;effigie de Brigitte Bardot et le drapeau tricolore.<\/p>\n<p>Merci \u00e0 la griffeducha pour sa collaboration.<\/p>\n<p>Plus d&rsquo;infos sur : <a href=\"http:\/\/dessous http:\/\/genas-hier-demain.blog4ever.com\" target=\"_blank\" rel=\"noopener noreferrer\">http:\/\/dessous http:\/\/genas-hier-demain.blog4ever.com<\/a><\/p>\n<p>Plus de photos sur : <a href=\"http:\/\/Photos : https:\/\/onedrive.live.com\/?authkey=%21AB5IdkFTEORRY9U&amp;id=A6AECF5C155A32DE%215603&amp;cid=A6AECF5C155A32DE\" target=\"_blank\" rel=\"noopener noreferrer\">http:\/\/Photos : https:\/\/onedrive.live.com\/?authkey=%21AB5IdkFTEORRY9U&amp;id=A6AECF5C155A32DE%215603&amp;cid=A6AECF5C155A32DE<\/a><\/p>\n<div id='gallery-1' class='gallery galleryid-33100 gallery-columns-3 gallery-size-thumbnail'><figure class='gallery-item'>\n\t\t\t<div class='gallery-icon landscape'>\n\t\t\t\t<a href='https:\/\/newsestlyonnais.fr\/site\/2017\/07\/29\/retour-en-images-sur-linauguration-de-la-fresque-republique-a-genas\/newsestlyonnais-genas-fresque-ancienne\/'><img loading=\"lazy\" decoding=\"async\" width=\"150\" height=\"150\" src=\"https:\/\/newsestlyonnais.fr\/site\/wp-content\/uploads\/2017\/07\/NEWSESTLYONNAIS-genas-fresque-ancienne--150x150.jpg\" class=\"attachment-thumbnail size-thumbnail\" alt=\"NEWSESTLYONNAIS - genas fresque ancienne\" aria-describedby=\"gallery-1-33113\" \/><\/a>\n\t\t\t<\/div>\n\t\t\t\t<figcaption class='wp-caption-text gallery-caption' id='gallery-1-33113'>\n\t\t\t\tL&rsquo;ancienne fresque de jour ..\n\t\t\t\t<\/figcaption><\/figure><figure class='gallery-item'>\n\t\t\t<div class='gallery-icon landscape'>\n\t\t\t\t<a href='https:\/\/newsestlyonnais.fr\/site\/2017\/07\/29\/retour-en-images-sur-linauguration-de-la-fresque-republique-a-genas\/newsestlyonnais-genas-fresque-nuit\/'><img loading=\"lazy\" decoding=\"async\" width=\"150\" height=\"150\" src=\"https:\/\/newsestlyonnais.fr\/site\/wp-content\/uploads\/2017\/07\/NEWSESTLYONNAIS-GENAS-FRESQUE-NUIT-150x150.jpg\" class=\"attachment-thumbnail size-thumbnail\" alt=\"NEWSESTLYONNAIS - GENAS FRESQUE NUIT\" aria-describedby=\"gallery-1-33114\" \/><\/a>\n\t\t\t<\/div>\n\t\t\t\t<figcaption class='wp-caption-text gallery-caption' id='gallery-1-33114'>\n\t\t\t\tEt de nuit ! \n\t\t\t\t<\/figcaption><\/figure><figure class='gallery-item'>\n\t\t\t<div class='gallery-icon landscape'>\n\t\t\t\t<a href='https:\/\/newsestlyonnais.fr\/site\/2017\/07\/29\/retour-en-images-sur-linauguration-de-la-fresque-republique-a-genas\/newsestlyonnais-genas-fresque\/'><img loading=\"lazy\" decoding=\"async\" width=\"150\" height=\"150\" src=\"https:\/\/newsestlyonnais.fr\/site\/wp-content\/uploads\/2017\/07\/NEWSESTLYONNAIS-GENAS-FRESQUE-150x150.jpg\" class=\"attachment-thumbnail size-thumbnail\" alt=\"NEWSESTLYONNAIS - GENAS FRESQUE\" \/><\/a>\n\t\t\t<\/div><\/figure>\n\t\t<\/div>\n\n<p>&nbsp;<\/p>\n<p>&nbsp;<\/p>\n<p>&nbsp;<\/p>\n","protected":false},"excerpt":{"rendered":"<p>L&rsquo;actualit\u00e9 \u00e9tant plus calme en cette p\u00e9riode estivale, c&rsquo;est le moment id\u00e9al pour revenir EN IMAGES, sur des \u00e9v\u00e8nements qui se sont d\u00e9roul\u00e9s dans l&rsquo; EST LYONNAIS, lors des semaines pr\u00e9c\u00e9dentes. Aujourd&rsquo;hui, FLASH-BACK sur un \u00e9v\u00e8nement : Jeudi 13 juillet 2017 et l&rsquo;inauguration de la nouvelle fresque \u00ab\u00a0La R\u00e9publique\u00a0\u00bb install\u00e9e au 23 de la rue [&hellip;]<\/p>\n","protected":false},"author":4,"featured_media":33109,"comment_status":"open","ping_status":"open","sticky":false,"template":"","format":"standard","meta":{"footnotes":""},"categories":[270,1598,172],"tags":[],"class_list":["post-33100","post","type-post","status-publish","format-standard","has-post-thumbnail","hentry","category-cte-de-communes-c-c-e-l","category-genas","category-travaux-amenagements"],"yoast_head":"<!-- This site is optimized with the Yoast SEO plugin v27.2 - https:\/\/yoast.com\/product\/yoast-seo-wordpress\/ -->\n<title>Retour en Images sur: L&#039;inauguration de la fresque R\u00e9publique \u00e0 GENAS<\/title>\n<meta name=\"description\" content=\"Retour en Images sur: L&#039;inauguration de la fresque R\u00e9publique \u00e0 GENAS\" \/>\n<meta name=\"robots\" content=\"index, follow, max-snippet:-1, max-image-preview:large, max-video-preview:-1\" \/>\n<link rel=\"canonical\" href=\"https:\/\/newsestlyonnais.fr\/site\/2017\/07\/29\/retour-en-images-sur-linauguration-de-la-fresque-republique-a-genas\/\" \/>\n<meta property=\"og:locale\" content=\"fr_FR\" \/>\n<meta property=\"og:type\" content=\"article\" \/>\n<meta property=\"og:title\" content=\"Retour en Images sur: L&#039;inauguration de la fresque R\u00e9publique \u00e0 GENAS\" \/>\n<meta property=\"og:description\" content=\"Retour en Images sur: L&#039;inauguration de la fresque R\u00e9publique \u00e0 GENAS\" \/>\n<meta property=\"og:url\" content=\"https:\/\/newsestlyonnais.fr\/site\/2017\/07\/29\/retour-en-images-sur-linauguration-de-la-fresque-republique-a-genas\/\" \/>\n<meta property=\"og:site_name\" content=\"News Est Lyonnais\" \/>\n<meta property=\"article:author\" content=\"https:\/\/www.facebook.com\/pascal.oberson.1?fref=ts\" \/>\n<meta property=\"article:published_time\" content=\"2017-07-29T17:04:59+00:00\" \/>\n<meta property=\"article:modified_time\" content=\"2020-11-19T08:20:02+00:00\" \/>\n<meta property=\"og:image\" content=\"https:\/\/i2.wp.com\/newsestlyonnais.fr\/site\/wp-content\/uploads\/2017\/07\/NEWSESTLYONNAIS-INAUG-FRESQUE.jpg?fit=1000%2C750&ssl=1\" \/>\n\t<meta property=\"og:image:width\" content=\"1000\" \/>\n\t<meta property=\"og:image:height\" content=\"750\" \/>\n\t<meta property=\"og:image:type\" content=\"image\/jpeg\" \/>\n<meta name=\"author\" content=\"R\u00e9dac. NEWS\" \/>\n<meta name=\"twitter:card\" content=\"summary_large_image\" \/>\n<meta name=\"twitter:label1\" content=\"\u00c9crit par\" \/>\n\t<meta name=\"twitter:data1\" content=\"R\u00e9dac. NEWS\" \/>\n\t<meta name=\"twitter:label2\" content=\"Dur\u00e9e de lecture estim\u00e9e\" \/>\n\t<meta name=\"twitter:data2\" content=\"1 minute\" \/>\n<script type=\"application\/ld+json\" class=\"yoast-schema-graph\">{\"@context\":\"https:\/\/schema.org\",\"@graph\":[{\"@type\":\"Article\",\"@id\":\"https:\/\/newsestlyonnais.fr\/site\/2017\/07\/29\/retour-en-images-sur-linauguration-de-la-fresque-republique-a-genas\/#article\",\"isPartOf\":{\"@id\":\"https:\/\/newsestlyonnais.fr\/site\/2017\/07\/29\/retour-en-images-sur-linauguration-de-la-fresque-republique-a-genas\/\"},\"author\":{\"name\":\"R\u00e9dac. NEWS\",\"@id\":\"https:\/\/newsestlyonnais.fr\/site\/#\/schema\/person\/3230d5615f390bb808365d673001e887\"},\"headline\":\"GENAS | Retour en images &gt; inauguration de la fresque R\u00e9publique\",\"datePublished\":\"2017-07-29T17:04:59+00:00\",\"dateModified\":\"2020-11-19T08:20:02+00:00\",\"mainEntityOfPage\":{\"@id\":\"https:\/\/newsestlyonnais.fr\/site\/2017\/07\/29\/retour-en-images-sur-linauguration-de-la-fresque-republique-a-genas\/\"},\"wordCount\":152,\"commentCount\":0,\"publisher\":{\"@id\":\"https:\/\/newsestlyonnais.fr\/site\/#organization\"},\"image\":{\"@id\":\"https:\/\/newsestlyonnais.fr\/site\/2017\/07\/29\/retour-en-images-sur-linauguration-de-la-fresque-republique-a-genas\/#primaryimage\"},\"thumbnailUrl\":\"https:\/\/newsestlyonnais.fr\/site\/wp-content\/uploads\/2017\/07\/NEWSESTLYONNAIS-INAUG-FRESQUE.jpg\",\"articleSection\":[\"CCEL | Communes\",\"Genas\",\"Travaux | Am\u00e9nagements\"],\"inLanguage\":\"fr-FR\",\"potentialAction\":[{\"@type\":\"CommentAction\",\"name\":\"Comment\",\"target\":[\"https:\/\/newsestlyonnais.fr\/site\/2017\/07\/29\/retour-en-images-sur-linauguration-de-la-fresque-republique-a-genas\/#respond\"]}]},{\"@type\":\"WebPage\",\"@id\":\"https:\/\/newsestlyonnais.fr\/site\/2017\/07\/29\/retour-en-images-sur-linauguration-de-la-fresque-republique-a-genas\/\",\"url\":\"https:\/\/newsestlyonnais.fr\/site\/2017\/07\/29\/retour-en-images-sur-linauguration-de-la-fresque-republique-a-genas\/\",\"name\":\"Retour en Images sur: L'inauguration de la fresque R\u00e9publique \u00e0 GENAS\",\"isPartOf\":{\"@id\":\"https:\/\/newsestlyonnais.fr\/site\/#website\"},\"primaryImageOfPage\":{\"@id\":\"https:\/\/newsestlyonnais.fr\/site\/2017\/07\/29\/retour-en-images-sur-linauguration-de-la-fresque-republique-a-genas\/#primaryimage\"},\"image\":{\"@id\":\"https:\/\/newsestlyonnais.fr\/site\/2017\/07\/29\/retour-en-images-sur-linauguration-de-la-fresque-republique-a-genas\/#primaryimage\"},\"thumbnailUrl\":\"https:\/\/newsestlyonnais.fr\/site\/wp-content\/uploads\/2017\/07\/NEWSESTLYONNAIS-INAUG-FRESQUE.jpg\",\"datePublished\":\"2017-07-29T17:04:59+00:00\",\"dateModified\":\"2020-11-19T08:20:02+00:00\",\"description\":\"Retour en Images sur: L'inauguration de la fresque R\u00e9publique \u00e0 GENAS\",\"breadcrumb\":{\"@id\":\"https:\/\/newsestlyonnais.fr\/site\/2017\/07\/29\/retour-en-images-sur-linauguration-de-la-fresque-republique-a-genas\/#breadcrumb\"},\"inLanguage\":\"fr-FR\",\"potentialAction\":[{\"@type\":\"ReadAction\",\"target\":[\"https:\/\/newsestlyonnais.fr\/site\/2017\/07\/29\/retour-en-images-sur-linauguration-de-la-fresque-republique-a-genas\/\"]}]},{\"@type\":\"ImageObject\",\"inLanguage\":\"fr-FR\",\"@id\":\"https:\/\/newsestlyonnais.fr\/site\/2017\/07\/29\/retour-en-images-sur-linauguration-de-la-fresque-republique-a-genas\/#primaryimage\",\"url\":\"https:\/\/newsestlyonnais.fr\/site\/wp-content\/uploads\/2017\/07\/NEWSESTLYONNAIS-INAUG-FRESQUE.jpg\",\"contentUrl\":\"https:\/\/newsestlyonnais.fr\/site\/wp-content\/uploads\/2017\/07\/NEWSESTLYONNAIS-INAUG-FRESQUE.jpg\",\"width\":1000,\"height\":750,\"caption\":\"NEWSESTLYONNAIS - INAUG FRESQUE\"},{\"@type\":\"BreadcrumbList\",\"@id\":\"https:\/\/newsestlyonnais.fr\/site\/2017\/07\/29\/retour-en-images-sur-linauguration-de-la-fresque-republique-a-genas\/#breadcrumb\",\"itemListElement\":[{\"@type\":\"ListItem\",\"position\":1,\"name\":\"Accueil\",\"item\":\"https:\/\/newsestlyonnais.fr\/site\/\"},{\"@type\":\"ListItem\",\"position\":2,\"name\":\"GENAS | Retour en images &gt; inauguration de la fresque R\u00e9publique\"}]},{\"@type\":\"WebSite\",\"@id\":\"https:\/\/newsestlyonnais.fr\/site\/#website\",\"url\":\"https:\/\/newsestlyonnais.fr\/site\/\",\"name\":\"News Est Lyonnais\",\"description\":\"L&#039;actualit\u00e9 au plus pr\u00e8s\",\"publisher\":{\"@id\":\"https:\/\/newsestlyonnais.fr\/site\/#organization\"},\"potentialAction\":[{\"@type\":\"SearchAction\",\"target\":{\"@type\":\"EntryPoint\",\"urlTemplate\":\"https:\/\/newsestlyonnais.fr\/site\/?s={search_term_string}\"},\"query-input\":{\"@type\":\"PropertyValueSpecification\",\"valueRequired\":true,\"valueName\":\"search_term_string\"}}],\"inLanguage\":\"fr-FR\"},{\"@type\":\"Organization\",\"@id\":\"https:\/\/newsestlyonnais.fr\/site\/#organization\",\"name\":\"News EST LYONNAIS\",\"url\":\"https:\/\/newsestlyonnais.fr\/site\/\",\"logo\":{\"@type\":\"ImageObject\",\"inLanguage\":\"fr-FR\",\"@id\":\"https:\/\/newsestlyonnais.fr\/site\/#\/schema\/logo\/image\/\",\"url\":\"\",\"contentUrl\":\"\",\"caption\":\"News EST LYONNAIS\"},\"image\":{\"@id\":\"https:\/\/newsestlyonnais.fr\/site\/#\/schema\/logo\/image\/\"}},{\"@type\":\"Person\",\"@id\":\"https:\/\/newsestlyonnais.fr\/site\/#\/schema\/person\/3230d5615f390bb808365d673001e887\",\"name\":\"R\u00e9dac. NEWS\",\"sameAs\":[\"http:\/\/www.newsestlyonnais.fr\",\"https:\/\/www.facebook.com\/pascal.oberson.1?fref=ts\",\"https:\/\/fr.linkedin.com\/in\/pascal-oberson-b17045113\"],\"url\":\"https:\/\/newsestlyonnais.fr\/site\/author\/nel\/\"}]}<\/script>\n<!-- \/ Yoast SEO plugin. -->","yoast_head_json":{"title":"Retour en Images sur: L'inauguration de la fresque R\u00e9publique \u00e0 GENAS","description":"Retour en Images sur: L'inauguration de la fresque R\u00e9publique \u00e0 GENAS","robots":{"index":"index","follow":"follow","max-snippet":"max-snippet:-1","max-image-preview":"max-image-preview:large","max-video-preview":"max-video-preview:-1"},"canonical":"https:\/\/newsestlyonnais.fr\/site\/2017\/07\/29\/retour-en-images-sur-linauguration-de-la-fresque-republique-a-genas\/","og_locale":"fr_FR","og_type":"article","og_title":"Retour en Images sur: L'inauguration de la fresque R\u00e9publique \u00e0 GENAS","og_description":"Retour en Images sur: L'inauguration de la fresque R\u00e9publique \u00e0 GENAS","og_url":"https:\/\/newsestlyonnais.fr\/site\/2017\/07\/29\/retour-en-images-sur-linauguration-de-la-fresque-republique-a-genas\/","og_site_name":"News Est Lyonnais","article_author":"https:\/\/www.facebook.com\/pascal.oberson.1?fref=ts","article_published_time":"2017-07-29T17:04:59+00:00","article_modified_time":"2020-11-19T08:20:02+00:00","og_image":[{"width":1000,"height":750,"url":"https:\/\/i2.wp.com\/newsestlyonnais.fr\/site\/wp-content\/uploads\/2017\/07\/NEWSESTLYONNAIS-INAUG-FRESQUE.jpg?fit=1000%2C750&ssl=1","type":"image\/jpeg"}],"author":"R\u00e9dac. NEWS","twitter_card":"summary_large_image","twitter_misc":{"\u00c9crit par":"R\u00e9dac. NEWS","Dur\u00e9e de lecture estim\u00e9e":"1 minute"},"schema":{"@context":"https:\/\/schema.org","@graph":[{"@type":"Article","@id":"https:\/\/newsestlyonnais.fr\/site\/2017\/07\/29\/retour-en-images-sur-linauguration-de-la-fresque-republique-a-genas\/#article","isPartOf":{"@id":"https:\/\/newsestlyonnais.fr\/site\/2017\/07\/29\/retour-en-images-sur-linauguration-de-la-fresque-republique-a-genas\/"},"author":{"name":"R\u00e9dac. NEWS","@id":"https:\/\/newsestlyonnais.fr\/site\/#\/schema\/person\/3230d5615f390bb808365d673001e887"},"headline":"GENAS | Retour en images &gt; inauguration de la fresque R\u00e9publique","datePublished":"2017-07-29T17:04:59+00:00","dateModified":"2020-11-19T08:20:02+00:00","mainEntityOfPage":{"@id":"https:\/\/newsestlyonnais.fr\/site\/2017\/07\/29\/retour-en-images-sur-linauguration-de-la-fresque-republique-a-genas\/"},"wordCount":152,"commentCount":0,"publisher":{"@id":"https:\/\/newsestlyonnais.fr\/site\/#organization"},"image":{"@id":"https:\/\/newsestlyonnais.fr\/site\/2017\/07\/29\/retour-en-images-sur-linauguration-de-la-fresque-republique-a-genas\/#primaryimage"},"thumbnailUrl":"https:\/\/newsestlyonnais.fr\/site\/wp-content\/uploads\/2017\/07\/NEWSESTLYONNAIS-INAUG-FRESQUE.jpg","articleSection":["CCEL | Communes","Genas","Travaux | Am\u00e9nagements"],"inLanguage":"fr-FR","potentialAction":[{"@type":"CommentAction","name":"Comment","target":["https:\/\/newsestlyonnais.fr\/site\/2017\/07\/29\/retour-en-images-sur-linauguration-de-la-fresque-republique-a-genas\/#respond"]}]},{"@type":"WebPage","@id":"https:\/\/newsestlyonnais.fr\/site\/2017\/07\/29\/retour-en-images-sur-linauguration-de-la-fresque-republique-a-genas\/","url":"https:\/\/newsestlyonnais.fr\/site\/2017\/07\/29\/retour-en-images-sur-linauguration-de-la-fresque-republique-a-genas\/","name":"Retour en Images sur: L'inauguration de la fresque R\u00e9publique \u00e0 GENAS","isPartOf":{"@id":"https:\/\/newsestlyonnais.fr\/site\/#website"},"primaryImageOfPage":{"@id":"https:\/\/newsestlyonnais.fr\/site\/2017\/07\/29\/retour-en-images-sur-linauguration-de-la-fresque-republique-a-genas\/#primaryimage"},"image":{"@id":"https:\/\/newsestlyonnais.fr\/site\/2017\/07\/29\/retour-en-images-sur-linauguration-de-la-fresque-republique-a-genas\/#primaryimage"},"thumbnailUrl":"https:\/\/newsestlyonnais.fr\/site\/wp-content\/uploads\/2017\/07\/NEWSESTLYONNAIS-INAUG-FRESQUE.jpg","datePublished":"2017-07-29T17:04:59+00:00","dateModified":"2020-11-19T08:20:02+00:00","description":"Retour en Images sur: L'inauguration de la fresque R\u00e9publique \u00e0 GENAS","breadcrumb":{"@id":"https:\/\/newsestlyonnais.fr\/site\/2017\/07\/29\/retour-en-images-sur-linauguration-de-la-fresque-republique-a-genas\/#breadcrumb"},"inLanguage":"fr-FR","potentialAction":[{"@type":"ReadAction","target":["https:\/\/newsestlyonnais.fr\/site\/2017\/07\/29\/retour-en-images-sur-linauguration-de-la-fresque-republique-a-genas\/"]}]},{"@type":"ImageObject","inLanguage":"fr-FR","@id":"https:\/\/newsestlyonnais.fr\/site\/2017\/07\/29\/retour-en-images-sur-linauguration-de-la-fresque-republique-a-genas\/#primaryimage","url":"https:\/\/newsestlyonnais.fr\/site\/wp-content\/uploads\/2017\/07\/NEWSESTLYONNAIS-INAUG-FRESQUE.jpg","contentUrl":"https:\/\/newsestlyonnais.fr\/site\/wp-content\/uploads\/2017\/07\/NEWSESTLYONNAIS-INAUG-FRESQUE.jpg","width":1000,"height":750,"caption":"NEWSESTLYONNAIS - INAUG FRESQUE"},{"@type":"BreadcrumbList","@id":"https:\/\/newsestlyonnais.fr\/site\/2017\/07\/29\/retour-en-images-sur-linauguration-de-la-fresque-republique-a-genas\/#breadcrumb","itemListElement":[{"@type":"ListItem","position":1,"name":"Accueil","item":"https:\/\/newsestlyonnais.fr\/site\/"},{"@type":"ListItem","position":2,"name":"GENAS | Retour en images &gt; inauguration de la fresque R\u00e9publique"}]},{"@type":"WebSite","@id":"https:\/\/newsestlyonnais.fr\/site\/#website","url":"https:\/\/newsestlyonnais.fr\/site\/","name":"News Est Lyonnais","description":"L&#039;actualit\u00e9 au plus pr\u00e8s","publisher":{"@id":"https:\/\/newsestlyonnais.fr\/site\/#organization"},"potentialAction":[{"@type":"SearchAction","target":{"@type":"EntryPoint","urlTemplate":"https:\/\/newsestlyonnais.fr\/site\/?s={search_term_string}"},"query-input":{"@type":"PropertyValueSpecification","valueRequired":true,"valueName":"search_term_string"}}],"inLanguage":"fr-FR"},{"@type":"Organization","@id":"https:\/\/newsestlyonnais.fr\/site\/#organization","name":"News EST LYONNAIS","url":"https:\/\/newsestlyonnais.fr\/site\/","logo":{"@type":"ImageObject","inLanguage":"fr-FR","@id":"https:\/\/newsestlyonnais.fr\/site\/#\/schema\/logo\/image\/","url":"","contentUrl":"","caption":"News EST LYONNAIS"},"image":{"@id":"https:\/\/newsestlyonnais.fr\/site\/#\/schema\/logo\/image\/"}},{"@type":"Person","@id":"https:\/\/newsestlyonnais.fr\/site\/#\/schema\/person\/3230d5615f390bb808365d673001e887","name":"R\u00e9dac. NEWS","sameAs":["http:\/\/www.newsestlyonnais.fr","https:\/\/www.facebook.com\/pascal.oberson.1?fref=ts","https:\/\/fr.linkedin.com\/in\/pascal-oberson-b17045113"],"url":"https:\/\/newsestlyonnais.fr\/site\/author\/nel\/"}]}},"_links":{"self":[{"href":"https:\/\/newsestlyonnais.fr\/site\/wp-json\/wp\/v2\/posts\/33100","targetHints":{"allow":["GET"]}}],"collection":[{"href":"https:\/\/newsestlyonnais.fr\/site\/wp-json\/wp\/v2\/posts"}],"about":[{"href":"https:\/\/newsestlyonnais.fr\/site\/wp-json\/wp\/v2\/types\/post"}],"author":[{"embeddable":true,"href":"https:\/\/newsestlyonnais.fr\/site\/wp-json\/wp\/v2\/users\/4"}],"replies":[{"embeddable":true,"href":"https:\/\/newsestlyonnais.fr\/site\/wp-json\/wp\/v2\/comments?post=33100"}],"version-history":[{"count":0,"href":"https:\/\/newsestlyonnais.fr\/site\/wp-json\/wp\/v2\/posts\/33100\/revisions"}],"wp:featuredmedia":[{"embeddable":true,"href":"https:\/\/newsestlyonnais.fr\/site\/wp-json\/wp\/v2\/media\/33109"}],"wp:attachment":[{"href":"https:\/\/newsestlyonnais.fr\/site\/wp-json\/wp\/v2\/media?parent=33100"}],"wp:term":[{"taxonomy":"category","embeddable":true,"href":"https:\/\/newsestlyonnais.fr\/site\/wp-json\/wp\/v2\/categories?post=33100"},{"taxonomy":"post_tag","embeddable":true,"href":"https:\/\/newsestlyonnais.fr\/site\/wp-json\/wp\/v2\/tags?post=33100"}],"curies":[{"name":"wp","href":"https:\/\/api.w.org\/{rel}","templated":true}]}}