{"id":33120,"date":"2017-07-30T09:04:48","date_gmt":"2017-07-30T08:04:48","guid":{"rendered":"http:\/\/newsestlyonnais.fr\/site\/?p=33120"},"modified":"2020-11-09T06:25:20","modified_gmt":"2020-11-09T05:25:20","slug":"genas-activgenas-azieu-poursuit-sa6dynamique","status":"publish","type":"post","link":"https:\/\/newsestlyonnais.fr\/site\/2017\/07\/30\/genas-activgenas-azieu-poursuit-sa6dynamique\/","title":{"rendered":"GENAS | ACtiv&rsquo;Genas Azieu poursuit sa dynamique"},"content":{"rendered":"<h4>Suite \u00e0 l&rsquo;assembl\u00e9e g\u00e9n\u00e9rale tenue fin juin, rencontre avec Patrice Ardouin pr\u00e9sident d&rsquo;ACtiv&rsquo;Genas-Azieu, dynamique association des commerces et artisans locaux.<\/h4>\n<p>Pr\u00e9sident depuis 2013, il revient sur les actions men\u00e9es lors des 7 premiers mois de 2017 et aborde les nombreux projets pr\u00e9vus pour le 2\u00b0 semestre:<\/p>\n<ul>\n<li><span style=\"text-decoration: underline\"><strong>O\u00f9 en est l&rsquo;effectif de votre association ?<\/strong><\/span> \u00ab\u00a0Il a atteint un chiffre record, avec <strong>95 adh\u00e9rents, dont 9 nouveaux<\/strong> qui sont: Alexia Zaccardelli (Opticienne), Corinne Sainrat (H\u00f4tel Ambassadeur), Bernard Clapot<br \/>\n(Revel Label Music), Muriel et Eric (IBF immobilier), Cerise et Potiron, M. Urai (AVS Mobility), Val\u00e9rie et Miguel Cruz (ex Basilico Rosso), Alexis Berger (Poissonnerie) &amp; Instant Poudr\u00e9\u00a0\u00bb.<\/li>\n<li><strong><span style=\"text-decoration: underline\">Et quels sont ses objectifs<\/span> <\/strong>? \u00a0\u00bb On souhaite avant toujours travailler sur deux axes : un plus local en terme d&rsquo;animation et promotion du commerce et le second concerne notre souhait d&rsquo;un meilleure collaboration avec nos diff\u00e9rents partenaires, la mairie de Genas, la CCEL et la CCI. On est en d\u00e9ficit de communication, on aurait besoin d&rsquo;une page \u00e9conomique sur le \u00ab\u00a0Genas Mag\u00a0\u00bb afin d&rsquo;\u00e9changer et donner notre avis. Et \u00e9galement d&rsquo;une meilleure signal\u00e9tique sur la commune, avec un vrai projet chiffr\u00e9. On veut \u00eatre partie prenante des projets municipaux (comme par exemple pour l&rsquo;Il\u00f4t Danton et les futurs travaux de la rue de la R\u00e9publique), ou du moins \u00eatre consult\u00e9. On m\u00e8ne des actions en tant qu&rsquo;association de commer\u00e7ants avec une d\u00e9marche \u00e9conomique et citoyenne, 500 emplois sont quand m\u00eame g\u00e9n\u00e9r\u00e9s par les commerces locaux\u00a0\u00bb.<\/li>\n<li><span style=\"text-decoration: underline\"><strong>Un retour sur les moments forts de 2017 ?<\/strong><\/span> \u00a0\u00bb Oui , notamment le tr\u00e8s beau succ\u00e8s d&rsquo;ACti Voice, mais aussi les Musicales d&rsquo;Azieu , du calendrier de l&rsquo;Avent et la construction du site internet qui est \u00e0 pr\u00e9sent bien visit\u00e9\u00a0\u00bb.<\/li>\n<li><span style=\"text-decoration: underline\"><strong>Quels sont les prochains \u00e9v\u00e8nements \u00e0 pr\u00e9voir ? <\/strong><\/span>\u00a0\u00bb La <strong>3\u00b0 \u00e9dition des \u00ab\u00a0Commerces en F\u00eate\u00a0\u00bb du 2 au 15 Octobre 2017<\/strong>: des animations seront li\u00e9es \u00e0 chaque boutique afin de faire venir les genassiens et autres dans nos commerces pour les d\u00e9couvrir et les connaitre. <strong>La Grande Semaine du Commerce<\/strong>, en partenariat avec la CCI &amp; Le Progr\u00e8s <strong>du 14 au 18 novembre<\/strong>. L&rsquo;association s&rsquo;est inscrite pour participer au troph\u00e9e, d\u00e9j\u00e0 remport\u00e9 en 2013, cela permettra de mieux pr\u00e9senter les actions r\u00e9alis\u00e9es depuis 3 ans avec comme point d&rsquo;orgue la belle r\u00e9ussite d&rsquo;Acti Voice. Pour le 8 D\u00e9cembre: des animations et concerts et ensuite \u00e0 No\u00ebl\u00a0\u00bb.<\/li>\n<\/ul>\n<p><span style=\"text-decoration: underline\"><strong>Le nouveau bureau<\/strong><\/span>: <span style=\"text-decoration: underline\">Pr\u00e9sident<\/span> : Patrice Ardouin,\u00a0<span style=\"text-decoration: underline\">vice pr\u00e9sident<\/span> : Alain Farge, <span style=\"text-decoration: underline\">secr\u00e9taire<\/span> : Patrick Begouin,\u00a0<span style=\"text-decoration: underline\">vice- secr\u00e9taire<\/span> :\u00a0Serge Lombardo. <span style=\"text-decoration: underline\">tr\u00e9sori\u00e8re<\/span> : Annie Escoffier, <span style=\"text-decoration: underline\">vice tr\u00e9sori\u00e8re<\/span> : Val\u00e9rie Ravoux.<\/p>\n<div dir=\"ltr\">\n<p>Le Conseil d&rsquo;Administration \u00e9tant compos\u00e9 de 13 membres.<\/p>\n<ul>\n<li>Retrouvez l&rsquo;ACTU de l&rsquo;association sur : <a href=\"http:\/\/www.activgenas.com\" target=\"_blank\" rel=\"noopener noreferrer\">http:\/\/www.activgenas.com<\/a> mais aussi sur : <a href=\"https:\/\/www.facebook.com\/activgenas\" target=\"_blank\" rel=\"noopener noreferrer\">https:\/\/www.facebook.com\/activgenas<\/a><\/li>\n<\/ul>\n<p><img loading=\"lazy\" decoding=\"async\" class=\"size-full wp-image-33130 aligncenter\" src=\"https:\/\/newsestlyonnais.fr\/site\/medias\/2017\/07\/NEWSESTLYONNAIS-LOGO-ACTIC-GENAS-AZIEU.png\" alt=\"NEWSESTLYONNAIS - LOGO ACTIC GENAS AZIEU\" width=\"250\" height=\"150\" \/><\/p>\n<\/div>\n","protected":false},"excerpt":{"rendered":"<p>Suite \u00e0 l&rsquo;assembl\u00e9e g\u00e9n\u00e9rale tenue fin juin, rencontre avec Patrice Ardouin pr\u00e9sident d&rsquo;ACtiv&rsquo;Genas-Azieu, dynamique association des commerces et artisans locaux. Pr\u00e9sident depuis 2013, il revient sur les actions men\u00e9es lors des 7 premiers mois de 2017 et aborde les nombreux projets pr\u00e9vus pour le 2\u00b0 semestre: O\u00f9 en est l&rsquo;effectif de votre association ? \u00ab\u00a0Il [&hellip;]<\/p>\n","protected":false},"author":4,"featured_media":33122,"comment_status":"open","ping_status":"open","sticky":false,"template":"","format":"standard","meta":{"footnotes":""},"categories":[2970,270,1598],"tags":[],"class_list":["post-33120","post","type-post","status-publish","format-standard","has-post-thumbnail","hentry","category-artisans-commerces-economie","category-cte-de-communes-c-c-e-l","category-genas"],"yoast_head":"<!-- This site is optimized with the Yoast SEO plugin v27.2 - https:\/\/yoast.com\/product\/yoast-seo-wordpress\/ -->\n<title>GENAS : ACtiv&#039;Genas Azieu poursuit sa dynamique<\/title>\n<meta name=\"description\" content=\"GENAS : ACtiv&#039;Genas Azieu poursuit sa dynamique\" \/>\n<meta name=\"robots\" content=\"index, follow, max-snippet:-1, max-image-preview:large, max-video-preview:-1\" \/>\n<link rel=\"canonical\" href=\"https:\/\/newsestlyonnais.fr\/site\/2017\/07\/30\/genas-activgenas-azieu-poursuit-sa6dynamique\/\" \/>\n<meta property=\"og:locale\" content=\"fr_FR\" \/>\n<meta property=\"og:type\" content=\"article\" \/>\n<meta property=\"og:title\" content=\"GENAS : ACtiv&#039;Genas Azieu poursuit sa dynamique\" \/>\n<meta property=\"og:description\" content=\"GENAS : ACtiv&#039;Genas Azieu poursuit sa dynamique\" \/>\n<meta property=\"og:url\" content=\"https:\/\/newsestlyonnais.fr\/site\/2017\/07\/30\/genas-activgenas-azieu-poursuit-sa6dynamique\/\" \/>\n<meta property=\"og:site_name\" content=\"News Est Lyonnais\" \/>\n<meta property=\"article:author\" content=\"https:\/\/www.facebook.com\/pascal.oberson.1?fref=ts\" \/>\n<meta property=\"article:published_time\" content=\"2017-07-30T08:04:48+00:00\" \/>\n<meta property=\"article:modified_time\" content=\"2020-11-09T05:25:20+00:00\" \/>\n<meta property=\"og:image\" content=\"https:\/\/i0.wp.com\/newsestlyonnais.fr\/site\/wp-content\/uploads\/2017\/07\/NEWSESTLYONNAIS-ACTIVGENAS-AZIEU.jpg?fit=1000%2C750&ssl=1\" \/>\n\t<meta property=\"og:image:width\" content=\"1000\" \/>\n\t<meta property=\"og:image:height\" content=\"750\" \/>\n\t<meta property=\"og:image:type\" content=\"image\/jpeg\" \/>\n<meta name=\"author\" content=\"R\u00e9dac. NEWS\" \/>\n<meta name=\"twitter:card\" content=\"summary_large_image\" \/>\n<meta name=\"twitter:label1\" content=\"\u00c9crit par\" \/>\n\t<meta name=\"twitter:data1\" content=\"R\u00e9dac. NEWS\" \/>\n\t<meta name=\"twitter:label2\" content=\"Dur\u00e9e de lecture estim\u00e9e\" \/>\n\t<meta name=\"twitter:data2\" content=\"2 minutes\" \/>\n<script type=\"application\/ld+json\" class=\"yoast-schema-graph\">{\"@context\":\"https:\/\/schema.org\",\"@graph\":[{\"@type\":\"Article\",\"@id\":\"https:\/\/newsestlyonnais.fr\/site\/2017\/07\/30\/genas-activgenas-azieu-poursuit-sa6dynamique\/#article\",\"isPartOf\":{\"@id\":\"https:\/\/newsestlyonnais.fr\/site\/2017\/07\/30\/genas-activgenas-azieu-poursuit-sa6dynamique\/\"},\"author\":{\"name\":\"R\u00e9dac. NEWS\",\"@id\":\"https:\/\/newsestlyonnais.fr\/site\/#\/schema\/person\/3230d5615f390bb808365d673001e887\"},\"headline\":\"GENAS | ACtiv&rsquo;Genas Azieu poursuit sa dynamique\",\"datePublished\":\"2017-07-30T08:04:48+00:00\",\"dateModified\":\"2020-11-09T05:25:20+00:00\",\"mainEntityOfPage\":{\"@id\":\"https:\/\/newsestlyonnais.fr\/site\/2017\/07\/30\/genas-activgenas-azieu-poursuit-sa6dynamique\/\"},\"wordCount\":482,\"commentCount\":0,\"publisher\":{\"@id\":\"https:\/\/newsestlyonnais.fr\/site\/#organization\"},\"image\":{\"@id\":\"https:\/\/newsestlyonnais.fr\/site\/2017\/07\/30\/genas-activgenas-azieu-poursuit-sa6dynamique\/#primaryimage\"},\"thumbnailUrl\":\"https:\/\/newsestlyonnais.fr\/site\/wp-content\/uploads\/2017\/07\/NEWSESTLYONNAIS-ACTIVGENAS-AZIEU.jpg\",\"articleSection\":[\"Artisans | Commerces\",\"CCEL | Communes\",\"Genas\"],\"inLanguage\":\"fr-FR\",\"potentialAction\":[{\"@type\":\"CommentAction\",\"name\":\"Comment\",\"target\":[\"https:\/\/newsestlyonnais.fr\/site\/2017\/07\/30\/genas-activgenas-azieu-poursuit-sa6dynamique\/#respond\"]}]},{\"@type\":\"WebPage\",\"@id\":\"https:\/\/newsestlyonnais.fr\/site\/2017\/07\/30\/genas-activgenas-azieu-poursuit-sa6dynamique\/\",\"url\":\"https:\/\/newsestlyonnais.fr\/site\/2017\/07\/30\/genas-activgenas-azieu-poursuit-sa6dynamique\/\",\"name\":\"GENAS : ACtiv'Genas Azieu poursuit sa dynamique\",\"isPartOf\":{\"@id\":\"https:\/\/newsestlyonnais.fr\/site\/#website\"},\"primaryImageOfPage\":{\"@id\":\"https:\/\/newsestlyonnais.fr\/site\/2017\/07\/30\/genas-activgenas-azieu-poursuit-sa6dynamique\/#primaryimage\"},\"image\":{\"@id\":\"https:\/\/newsestlyonnais.fr\/site\/2017\/07\/30\/genas-activgenas-azieu-poursuit-sa6dynamique\/#primaryimage\"},\"thumbnailUrl\":\"https:\/\/newsestlyonnais.fr\/site\/wp-content\/uploads\/2017\/07\/NEWSESTLYONNAIS-ACTIVGENAS-AZIEU.jpg\",\"datePublished\":\"2017-07-30T08:04:48+00:00\",\"dateModified\":\"2020-11-09T05:25:20+00:00\",\"description\":\"GENAS : ACtiv'Genas Azieu poursuit sa dynamique\",\"breadcrumb\":{\"@id\":\"https:\/\/newsestlyonnais.fr\/site\/2017\/07\/30\/genas-activgenas-azieu-poursuit-sa6dynamique\/#breadcrumb\"},\"inLanguage\":\"fr-FR\",\"potentialAction\":[{\"@type\":\"ReadAction\",\"target\":[\"https:\/\/newsestlyonnais.fr\/site\/2017\/07\/30\/genas-activgenas-azieu-poursuit-sa6dynamique\/\"]}]},{\"@type\":\"ImageObject\",\"inLanguage\":\"fr-FR\",\"@id\":\"https:\/\/newsestlyonnais.fr\/site\/2017\/07\/30\/genas-activgenas-azieu-poursuit-sa6dynamique\/#primaryimage\",\"url\":\"https:\/\/newsestlyonnais.fr\/site\/wp-content\/uploads\/2017\/07\/NEWSESTLYONNAIS-ACTIVGENAS-AZIEU.jpg\",\"contentUrl\":\"https:\/\/newsestlyonnais.fr\/site\/wp-content\/uploads\/2017\/07\/NEWSESTLYONNAIS-ACTIVGENAS-AZIEU.jpg\",\"width\":1000,\"height\":750,\"caption\":\"NEWSESTLYONNAIS - ACTIV'GENAS AZIEU\"},{\"@type\":\"BreadcrumbList\",\"@id\":\"https:\/\/newsestlyonnais.fr\/site\/2017\/07\/30\/genas-activgenas-azieu-poursuit-sa6dynamique\/#breadcrumb\",\"itemListElement\":[{\"@type\":\"ListItem\",\"position\":1,\"name\":\"Accueil\",\"item\":\"https:\/\/newsestlyonnais.fr\/site\/\"},{\"@type\":\"ListItem\",\"position\":2,\"name\":\"GENAS | ACtiv&rsquo;Genas Azieu poursuit sa dynamique\"}]},{\"@type\":\"WebSite\",\"@id\":\"https:\/\/newsestlyonnais.fr\/site\/#website\",\"url\":\"https:\/\/newsestlyonnais.fr\/site\/\",\"name\":\"News Est Lyonnais\",\"description\":\"L&#039;actualit\u00e9 au plus pr\u00e8s\",\"publisher\":{\"@id\":\"https:\/\/newsestlyonnais.fr\/site\/#organization\"},\"potentialAction\":[{\"@type\":\"SearchAction\",\"target\":{\"@type\":\"EntryPoint\",\"urlTemplate\":\"https:\/\/newsestlyonnais.fr\/site\/?s={search_term_string}\"},\"query-input\":{\"@type\":\"PropertyValueSpecification\",\"valueRequired\":true,\"valueName\":\"search_term_string\"}}],\"inLanguage\":\"fr-FR\"},{\"@type\":\"Organization\",\"@id\":\"https:\/\/newsestlyonnais.fr\/site\/#organization\",\"name\":\"News EST LYONNAIS\",\"url\":\"https:\/\/newsestlyonnais.fr\/site\/\",\"logo\":{\"@type\":\"ImageObject\",\"inLanguage\":\"fr-FR\",\"@id\":\"https:\/\/newsestlyonnais.fr\/site\/#\/schema\/logo\/image\/\",\"url\":\"\",\"contentUrl\":\"\",\"caption\":\"News EST LYONNAIS\"},\"image\":{\"@id\":\"https:\/\/newsestlyonnais.fr\/site\/#\/schema\/logo\/image\/\"}},{\"@type\":\"Person\",\"@id\":\"https:\/\/newsestlyonnais.fr\/site\/#\/schema\/person\/3230d5615f390bb808365d673001e887\",\"name\":\"R\u00e9dac. NEWS\",\"sameAs\":[\"http:\/\/www.newsestlyonnais.fr\",\"https:\/\/www.facebook.com\/pascal.oberson.1?fref=ts\",\"https:\/\/fr.linkedin.com\/in\/pascal-oberson-b17045113\"],\"url\":\"https:\/\/newsestlyonnais.fr\/site\/author\/nel\/\"}]}<\/script>\n<!-- \/ Yoast SEO plugin. -->","yoast_head_json":{"title":"GENAS : ACtiv'Genas Azieu poursuit sa dynamique","description":"GENAS : ACtiv'Genas Azieu poursuit sa dynamique","robots":{"index":"index","follow":"follow","max-snippet":"max-snippet:-1","max-image-preview":"max-image-preview:large","max-video-preview":"max-video-preview:-1"},"canonical":"https:\/\/newsestlyonnais.fr\/site\/2017\/07\/30\/genas-activgenas-azieu-poursuit-sa6dynamique\/","og_locale":"fr_FR","og_type":"article","og_title":"GENAS : ACtiv'Genas Azieu poursuit sa dynamique","og_description":"GENAS : ACtiv'Genas Azieu poursuit sa dynamique","og_url":"https:\/\/newsestlyonnais.fr\/site\/2017\/07\/30\/genas-activgenas-azieu-poursuit-sa6dynamique\/","og_site_name":"News Est Lyonnais","article_author":"https:\/\/www.facebook.com\/pascal.oberson.1?fref=ts","article_published_time":"2017-07-30T08:04:48+00:00","article_modified_time":"2020-11-09T05:25:20+00:00","og_image":[{"width":1000,"height":750,"url":"https:\/\/i0.wp.com\/newsestlyonnais.fr\/site\/wp-content\/uploads\/2017\/07\/NEWSESTLYONNAIS-ACTIVGENAS-AZIEU.jpg?fit=1000%2C750&ssl=1","type":"image\/jpeg"}],"author":"R\u00e9dac. NEWS","twitter_card":"summary_large_image","twitter_misc":{"\u00c9crit par":"R\u00e9dac. NEWS","Dur\u00e9e de lecture estim\u00e9e":"2 minutes"},"schema":{"@context":"https:\/\/schema.org","@graph":[{"@type":"Article","@id":"https:\/\/newsestlyonnais.fr\/site\/2017\/07\/30\/genas-activgenas-azieu-poursuit-sa6dynamique\/#article","isPartOf":{"@id":"https:\/\/newsestlyonnais.fr\/site\/2017\/07\/30\/genas-activgenas-azieu-poursuit-sa6dynamique\/"},"author":{"name":"R\u00e9dac. NEWS","@id":"https:\/\/newsestlyonnais.fr\/site\/#\/schema\/person\/3230d5615f390bb808365d673001e887"},"headline":"GENAS | ACtiv&rsquo;Genas Azieu poursuit sa dynamique","datePublished":"2017-07-30T08:04:48+00:00","dateModified":"2020-11-09T05:25:20+00:00","mainEntityOfPage":{"@id":"https:\/\/newsestlyonnais.fr\/site\/2017\/07\/30\/genas-activgenas-azieu-poursuit-sa6dynamique\/"},"wordCount":482,"commentCount":0,"publisher":{"@id":"https:\/\/newsestlyonnais.fr\/site\/#organization"},"image":{"@id":"https:\/\/newsestlyonnais.fr\/site\/2017\/07\/30\/genas-activgenas-azieu-poursuit-sa6dynamique\/#primaryimage"},"thumbnailUrl":"https:\/\/newsestlyonnais.fr\/site\/wp-content\/uploads\/2017\/07\/NEWSESTLYONNAIS-ACTIVGENAS-AZIEU.jpg","articleSection":["Artisans | Commerces","CCEL | Communes","Genas"],"inLanguage":"fr-FR","potentialAction":[{"@type":"CommentAction","name":"Comment","target":["https:\/\/newsestlyonnais.fr\/site\/2017\/07\/30\/genas-activgenas-azieu-poursuit-sa6dynamique\/#respond"]}]},{"@type":"WebPage","@id":"https:\/\/newsestlyonnais.fr\/site\/2017\/07\/30\/genas-activgenas-azieu-poursuit-sa6dynamique\/","url":"https:\/\/newsestlyonnais.fr\/site\/2017\/07\/30\/genas-activgenas-azieu-poursuit-sa6dynamique\/","name":"GENAS : ACtiv'Genas Azieu poursuit sa dynamique","isPartOf":{"@id":"https:\/\/newsestlyonnais.fr\/site\/#website"},"primaryImageOfPage":{"@id":"https:\/\/newsestlyonnais.fr\/site\/2017\/07\/30\/genas-activgenas-azieu-poursuit-sa6dynamique\/#primaryimage"},"image":{"@id":"https:\/\/newsestlyonnais.fr\/site\/2017\/07\/30\/genas-activgenas-azieu-poursuit-sa6dynamique\/#primaryimage"},"thumbnailUrl":"https:\/\/newsestlyonnais.fr\/site\/wp-content\/uploads\/2017\/07\/NEWSESTLYONNAIS-ACTIVGENAS-AZIEU.jpg","datePublished":"2017-07-30T08:04:48+00:00","dateModified":"2020-11-09T05:25:20+00:00","description":"GENAS : ACtiv'Genas Azieu poursuit sa dynamique","breadcrumb":{"@id":"https:\/\/newsestlyonnais.fr\/site\/2017\/07\/30\/genas-activgenas-azieu-poursuit-sa6dynamique\/#breadcrumb"},"inLanguage":"fr-FR","potentialAction":[{"@type":"ReadAction","target":["https:\/\/newsestlyonnais.fr\/site\/2017\/07\/30\/genas-activgenas-azieu-poursuit-sa6dynamique\/"]}]},{"@type":"ImageObject","inLanguage":"fr-FR","@id":"https:\/\/newsestlyonnais.fr\/site\/2017\/07\/30\/genas-activgenas-azieu-poursuit-sa6dynamique\/#primaryimage","url":"https:\/\/newsestlyonnais.fr\/site\/wp-content\/uploads\/2017\/07\/NEWSESTLYONNAIS-ACTIVGENAS-AZIEU.jpg","contentUrl":"https:\/\/newsestlyonnais.fr\/site\/wp-content\/uploads\/2017\/07\/NEWSESTLYONNAIS-ACTIVGENAS-AZIEU.jpg","width":1000,"height":750,"caption":"NEWSESTLYONNAIS - ACTIV'GENAS AZIEU"},{"@type":"BreadcrumbList","@id":"https:\/\/newsestlyonnais.fr\/site\/2017\/07\/30\/genas-activgenas-azieu-poursuit-sa6dynamique\/#breadcrumb","itemListElement":[{"@type":"ListItem","position":1,"name":"Accueil","item":"https:\/\/newsestlyonnais.fr\/site\/"},{"@type":"ListItem","position":2,"name":"GENAS | ACtiv&rsquo;Genas Azieu poursuit sa dynamique"}]},{"@type":"WebSite","@id":"https:\/\/newsestlyonnais.fr\/site\/#website","url":"https:\/\/newsestlyonnais.fr\/site\/","name":"News Est Lyonnais","description":"L&#039;actualit\u00e9 au plus pr\u00e8s","publisher":{"@id":"https:\/\/newsestlyonnais.fr\/site\/#organization"},"potentialAction":[{"@type":"SearchAction","target":{"@type":"EntryPoint","urlTemplate":"https:\/\/newsestlyonnais.fr\/site\/?s={search_term_string}"},"query-input":{"@type":"PropertyValueSpecification","valueRequired":true,"valueName":"search_term_string"}}],"inLanguage":"fr-FR"},{"@type":"Organization","@id":"https:\/\/newsestlyonnais.fr\/site\/#organization","name":"News EST LYONNAIS","url":"https:\/\/newsestlyonnais.fr\/site\/","logo":{"@type":"ImageObject","inLanguage":"fr-FR","@id":"https:\/\/newsestlyonnais.fr\/site\/#\/schema\/logo\/image\/","url":"","contentUrl":"","caption":"News EST LYONNAIS"},"image":{"@id":"https:\/\/newsestlyonnais.fr\/site\/#\/schema\/logo\/image\/"}},{"@type":"Person","@id":"https:\/\/newsestlyonnais.fr\/site\/#\/schema\/person\/3230d5615f390bb808365d673001e887","name":"R\u00e9dac. NEWS","sameAs":["http:\/\/www.newsestlyonnais.fr","https:\/\/www.facebook.com\/pascal.oberson.1?fref=ts","https:\/\/fr.linkedin.com\/in\/pascal-oberson-b17045113"],"url":"https:\/\/newsestlyonnais.fr\/site\/author\/nel\/"}]}},"_links":{"self":[{"href":"https:\/\/newsestlyonnais.fr\/site\/wp-json\/wp\/v2\/posts\/33120","targetHints":{"allow":["GET"]}}],"collection":[{"href":"https:\/\/newsestlyonnais.fr\/site\/wp-json\/wp\/v2\/posts"}],"about":[{"href":"https:\/\/newsestlyonnais.fr\/site\/wp-json\/wp\/v2\/types\/post"}],"author":[{"embeddable":true,"href":"https:\/\/newsestlyonnais.fr\/site\/wp-json\/wp\/v2\/users\/4"}],"replies":[{"embeddable":true,"href":"https:\/\/newsestlyonnais.fr\/site\/wp-json\/wp\/v2\/comments?post=33120"}],"version-history":[{"count":0,"href":"https:\/\/newsestlyonnais.fr\/site\/wp-json\/wp\/v2\/posts\/33120\/revisions"}],"wp:featuredmedia":[{"embeddable":true,"href":"https:\/\/newsestlyonnais.fr\/site\/wp-json\/wp\/v2\/media\/33122"}],"wp:attachment":[{"href":"https:\/\/newsestlyonnais.fr\/site\/wp-json\/wp\/v2\/media?parent=33120"}],"wp:term":[{"taxonomy":"category","embeddable":true,"href":"https:\/\/newsestlyonnais.fr\/site\/wp-json\/wp\/v2\/categories?post=33120"},{"taxonomy":"post_tag","embeddable":true,"href":"https:\/\/newsestlyonnais.fr\/site\/wp-json\/wp\/v2\/tags?post=33120"}],"curies":[{"name":"wp","href":"https:\/\/api.w.org\/{rel}","templated":true}]}}