{"id":33164,"date":"2017-07-31T17:17:27","date_gmt":"2017-07-31T16:17:27","guid":{"rendered":"http:\/\/newsestlyonnais.fr\/site\/?p=33164"},"modified":"2020-11-11T17:21:47","modified_gmt":"2020-11-11T16:21:47","slug":"decines-2-equipes-du-cyclo-vtt-decines-vont-participer-aux-9-24-heures-du-mans-velo","status":"publish","type":"post","link":"https:\/\/newsestlyonnais.fr\/site\/2017\/07\/31\/decines-2-equipes-du-cyclo-vtt-decines-vont-participer-aux-9-24-heures-du-mans-velo\/","title":{"rendered":"DECINES | 2 \u00e9quipes du Cyclo Vtt vont participer aux 9\u00b0 \u00ab\u00a024 Heures du Mans V\u00e9lo\u00a0\u00bb"},"content":{"rendered":"<h4>Quinze mois apr\u00e8s leur participation aux 24 Heures v\u00e9lo du Castellet, disput\u00e9es sur le circuit Paul Ricard, les membres du Cyclo Vtt D\u00e9cines se sont lanc\u00e9s un nouveau d\u00e9fi du m\u00eame type.<\/h4>\n<p>Si le p\u00e9riple de 2016 avait vu le club d\u00e9cinois aligner 3 formations de 2, ils seront cette fois 12 coureurs, \u00e0 raison de 2 \u00e9quipes de 6, pour participer <strong>\u00e0 la 9\u00b0 \u00e9dition des 24 Heures du Mans V\u00e9lo<\/strong>. Une \u00e9preuve qui se d\u00e9roulera <strong>les 26 &amp; 27 Ao\u00fbt<\/strong> prochains, sur le mythique circuit Bugatti long de 4185 m\u00e8tres.<\/p>\n<p>Parmi les 4.000 cyclosportifs, fran\u00e7ais et \u00e9trangers attendus pour cet \u00e9v\u00e8nement, on trouvera les deux formations suivantes, portant les couleurs du club d\u00e9cinois dans la cat\u00e9gorie \u00ab\u00a0sportive, \u00e0 6 coureurs\u00a0\u00bb:<\/p>\n<ul>\n<li><strong>Equipe 1<\/strong>: Dossard 694:\u00a0 <strong>Guy Berland<\/strong> (capitaine et pr\u00e9sident du club), <strong>Max Boisson<\/strong>, <strong>Joel Cyclope<\/strong>, <strong>Alain Pech<\/strong>, <strong>Thierry Levesque<\/strong>, <strong>Marc Ougier<\/strong>.<\/li>\n<li><strong>Equipe 2<\/strong>: Dossard 695: <strong>Laurent Sagnier <\/strong>(capitaine),<strong> Maurice Cottet<\/strong>,<strong> C\u00e9dric Hamel<\/strong>,<strong> Jacky Chanel<\/strong>,<strong> Sylvain Girard <\/strong>et<strong> Fr\u00e9d\u00e9ric Sagnier.\u00a0<\/strong><\/li>\n<\/ul>\n<p>Un nouveau d\u00e9fi humain et sportif \u00e0 pr\u00e9voir pour ces cyclos qui souhaitent avant tout garder une coh\u00e9sion d&rsquo;\u00e9quipe et aller au bout de l&rsquo;effort pour rendre hommage \u00e0 Jeff, membre du club et disparu en d\u00e9but d&rsquo;ann\u00e9e.<\/p>\n<p>Deux partenaires priv\u00e9s ont d&rsquo;ailleurs souhait\u00e9 s&rsquo;associer \u00e0 cette belle aventure \u00e0 travers un soutien mat\u00e9riel et logistique, les soci\u00e9t\u00e9s UGIS &amp; REXEL, que nous vous pr\u00e9senterons ult\u00e9rieurement.<\/p>\n<ul>\n<li>\n<h4>Pr\u00e9sentation de l&rsquo;\u00e9preuve sur : <a href=\"http:\/\/www.24heuresvelo.fr\/wp-content\/uploads\/2015\/11\/PRESENTATION_24H_VELO_2017-PI.pdf\" target=\"_blank\" rel=\"noopener noreferrer\">http:\/\/www.24heuresvelo.fr\/wp-content\/uploads\/2015\/11\/PRESENTATION_24H_VELO_2017-PI.pdf<\/a><\/h4>\n<\/li>\n<li>\n<h4><strong>Retrouvez l\u2019actu du club sur :<a href=\"http:\/\/cyclovttdecines.fr\" target=\"_blank\" rel=\"noopener noreferrer\">http:\/\/cyclovttdecines.fr<\/a><\/strong><\/h4>\n<\/li>\n<\/ul>\n<div id='gallery-1' class='gallery galleryid-33164 gallery-columns-3 gallery-size-thumbnail'><figure class='gallery-item'>\n\t\t\t<div class='gallery-icon landscape'>\n\t\t\t\t<a href='https:\/\/newsestlyonnais.fr\/site\/2017\/07\/31\/decines-2-equipes-du-cyclo-vtt-decines-vont-participer-aux-9-24-heures-du-mans-velo\/newsestlyonnais-24-h-mans-2017\/'><img loading=\"lazy\" decoding=\"async\" width=\"150\" height=\"150\" src=\"https:\/\/newsestlyonnais.fr\/site\/wp-content\/uploads\/2017\/07\/NEWSESTLYONNAIS-24-H-MANS-2017-150x150.jpg\" class=\"attachment-thumbnail size-thumbnail\" alt=\"\" aria-describedby=\"gallery-1-33199\" \/><\/a>\n\t\t\t<\/div>\n\t\t\t\t<figcaption class='wp-caption-text gallery-caption' id='gallery-1-33199'>\n\t\t\t\tL&rsquo;affiche de l&rsquo;\u00e9v\u00e8nement !\n\t\t\t\t<\/figcaption><\/figure><figure class='gallery-item'>\n\t\t\t<div class='gallery-icon landscape'>\n\t\t\t\t<a href='https:\/\/newsestlyonnais.fr\/site\/2017\/07\/31\/decines-2-equipes-du-cyclo-vtt-decines-vont-participer-aux-9-24-heures-du-mans-velo\/newsestlyonnais-nouveau-logo-du-club-2\/'><img loading=\"lazy\" decoding=\"async\" width=\"150\" height=\"150\" src=\"https:\/\/newsestlyonnais.fr\/site\/wp-content\/uploads\/2017\/07\/NEWSESTLYONNAIS-NOUVEAU-LOGO-DU-CLUB-150x150.png\" class=\"attachment-thumbnail size-thumbnail\" alt=\"NEWSESTLYONNAIS NOUVEAU LOGO DU CLUB\" aria-describedby=\"gallery-1-33200\" \/><\/a>\n\t\t\t<\/div>\n\t\t\t\t<figcaption class='wp-caption-text gallery-caption' id='gallery-1-33200'>\n\t\t\t\t     Le logo du club \n\t\t\t\t<\/figcaption><\/figure>\n\t\t<\/div>\n\n","protected":false},"excerpt":{"rendered":"<p>Quinze mois apr\u00e8s leur participation aux 24 Heures v\u00e9lo du Castellet, disput\u00e9es sur le circuit Paul Ricard, les membres du Cyclo Vtt D\u00e9cines se sont lanc\u00e9s un nouveau d\u00e9fi du m\u00eame type. Si le p\u00e9riple de 2016 avait vu le club d\u00e9cinois aligner 3 formations de 2, ils seront cette fois 12 coureurs, \u00e0 raison [&hellip;]<\/p>\n","protected":false},"author":4,"featured_media":33166,"comment_status":"open","ping_status":"open","sticky":false,"template":"","format":"standard","meta":{"footnotes":""},"categories":[2969,21],"tags":[],"class_list":["post-33164","post","type-post","status-publish","format-standard","has-post-thumbnail","hentry","category-cyclisme-cyclo-vtt","category-decines-charpieu"],"yoast_head":"<!-- This site is optimized with the Yoast SEO plugin v27.2 - https:\/\/yoast.com\/product\/yoast-seo-wordpress\/ -->\n<title>DECINES : Deux \u00e9quipes du Cyclo Vtt D\u00e9cines vont participer aux 9\u00b0 &quot;24 Heures du Mans V\u00e9lo&quot;<\/title>\n<meta name=\"description\" content=\"DECINES : Deux \u00e9quipes du Cyclo Vtt D\u00e9cines vont participer aux 9\u00b0 &quot;24 Heures du Mans V\u00e9lo&quot;\" \/>\n<meta name=\"robots\" content=\"index, follow, max-snippet:-1, max-image-preview:large, max-video-preview:-1\" \/>\n<link rel=\"canonical\" href=\"https:\/\/newsestlyonnais.fr\/site\/2017\/07\/31\/decines-2-equipes-du-cyclo-vtt-decines-vont-participer-aux-9-24-heures-du-mans-velo\/\" \/>\n<meta property=\"og:locale\" content=\"fr_FR\" \/>\n<meta property=\"og:type\" content=\"article\" \/>\n<meta property=\"og:title\" content=\"DECINES : Deux \u00e9quipes du Cyclo Vtt D\u00e9cines vont participer aux 9\u00b0 &quot;24 Heures du Mans V\u00e9lo&quot;\" \/>\n<meta property=\"og:description\" content=\"DECINES : Deux \u00e9quipes du Cyclo Vtt D\u00e9cines vont participer aux 9\u00b0 &quot;24 Heures du Mans V\u00e9lo&quot;\" \/>\n<meta property=\"og:url\" content=\"https:\/\/newsestlyonnais.fr\/site\/2017\/07\/31\/decines-2-equipes-du-cyclo-vtt-decines-vont-participer-aux-9-24-heures-du-mans-velo\/\" \/>\n<meta property=\"og:site_name\" content=\"News Est Lyonnais\" \/>\n<meta property=\"article:author\" content=\"https:\/\/www.facebook.com\/pascal.oberson.1?fref=ts\" \/>\n<meta property=\"article:published_time\" content=\"2017-07-31T16:17:27+00:00\" \/>\n<meta property=\"article:modified_time\" content=\"2020-11-11T16:21:47+00:00\" \/>\n<meta property=\"og:image\" content=\"https:\/\/i1.wp.com\/newsestlyonnais.fr\/site\/wp-content\/uploads\/2017\/07\/NEWSESTLYONNAIS-CYCLO-VTT-DECINES-24-H.jpg?fit=1000%2C750&ssl=1\" \/>\n\t<meta property=\"og:image:width\" content=\"1000\" \/>\n\t<meta property=\"og:image:height\" content=\"750\" \/>\n\t<meta property=\"og:image:type\" content=\"image\/jpeg\" \/>\n<meta name=\"author\" content=\"R\u00e9dac. NEWS\" \/>\n<meta name=\"twitter:card\" content=\"summary_large_image\" \/>\n<meta name=\"twitter:label1\" content=\"\u00c9crit par\" \/>\n\t<meta name=\"twitter:data1\" content=\"R\u00e9dac. NEWS\" \/>\n\t<meta name=\"twitter:label2\" content=\"Dur\u00e9e de lecture estim\u00e9e\" \/>\n\t<meta name=\"twitter:data2\" content=\"1 minute\" \/>\n<script type=\"application\/ld+json\" class=\"yoast-schema-graph\">{\"@context\":\"https:\/\/schema.org\",\"@graph\":[{\"@type\":\"Article\",\"@id\":\"https:\/\/newsestlyonnais.fr\/site\/2017\/07\/31\/decines-2-equipes-du-cyclo-vtt-decines-vont-participer-aux-9-24-heures-du-mans-velo\/#article\",\"isPartOf\":{\"@id\":\"https:\/\/newsestlyonnais.fr\/site\/2017\/07\/31\/decines-2-equipes-du-cyclo-vtt-decines-vont-participer-aux-9-24-heures-du-mans-velo\/\"},\"author\":{\"name\":\"R\u00e9dac. NEWS\",\"@id\":\"https:\/\/newsestlyonnais.fr\/site\/#\/schema\/person\/3230d5615f390bb808365d673001e887\"},\"headline\":\"DECINES | 2 \u00e9quipes du Cyclo Vtt vont participer aux 9\u00b0 \u00ab\u00a024 Heures du Mans V\u00e9lo\u00a0\u00bb\",\"datePublished\":\"2017-07-31T16:17:27+00:00\",\"dateModified\":\"2020-11-11T16:21:47+00:00\",\"mainEntityOfPage\":{\"@id\":\"https:\/\/newsestlyonnais.fr\/site\/2017\/07\/31\/decines-2-equipes-du-cyclo-vtt-decines-vont-participer-aux-9-24-heures-du-mans-velo\/\"},\"wordCount\":280,\"commentCount\":0,\"publisher\":{\"@id\":\"https:\/\/newsestlyonnais.fr\/site\/#organization\"},\"image\":{\"@id\":\"https:\/\/newsestlyonnais.fr\/site\/2017\/07\/31\/decines-2-equipes-du-cyclo-vtt-decines-vont-participer-aux-9-24-heures-du-mans-velo\/#primaryimage\"},\"thumbnailUrl\":\"https:\/\/newsestlyonnais.fr\/site\/wp-content\/uploads\/2017\/07\/NEWSESTLYONNAIS-CYCLO-VTT-DECINES-24-H.jpg\",\"articleSection\":[\"Cyclisme | Cyclo | Vtt\",\"D\u00e9cines-Charpieu\"],\"inLanguage\":\"fr-FR\",\"potentialAction\":[{\"@type\":\"CommentAction\",\"name\":\"Comment\",\"target\":[\"https:\/\/newsestlyonnais.fr\/site\/2017\/07\/31\/decines-2-equipes-du-cyclo-vtt-decines-vont-participer-aux-9-24-heures-du-mans-velo\/#respond\"]}]},{\"@type\":\"WebPage\",\"@id\":\"https:\/\/newsestlyonnais.fr\/site\/2017\/07\/31\/decines-2-equipes-du-cyclo-vtt-decines-vont-participer-aux-9-24-heures-du-mans-velo\/\",\"url\":\"https:\/\/newsestlyonnais.fr\/site\/2017\/07\/31\/decines-2-equipes-du-cyclo-vtt-decines-vont-participer-aux-9-24-heures-du-mans-velo\/\",\"name\":\"DECINES : Deux \u00e9quipes du Cyclo Vtt D\u00e9cines vont participer aux 9\u00b0 \\\"24 Heures du Mans V\u00e9lo\\\"\",\"isPartOf\":{\"@id\":\"https:\/\/newsestlyonnais.fr\/site\/#website\"},\"primaryImageOfPage\":{\"@id\":\"https:\/\/newsestlyonnais.fr\/site\/2017\/07\/31\/decines-2-equipes-du-cyclo-vtt-decines-vont-participer-aux-9-24-heures-du-mans-velo\/#primaryimage\"},\"image\":{\"@id\":\"https:\/\/newsestlyonnais.fr\/site\/2017\/07\/31\/decines-2-equipes-du-cyclo-vtt-decines-vont-participer-aux-9-24-heures-du-mans-velo\/#primaryimage\"},\"thumbnailUrl\":\"https:\/\/newsestlyonnais.fr\/site\/wp-content\/uploads\/2017\/07\/NEWSESTLYONNAIS-CYCLO-VTT-DECINES-24-H.jpg\",\"datePublished\":\"2017-07-31T16:17:27+00:00\",\"dateModified\":\"2020-11-11T16:21:47+00:00\",\"description\":\"DECINES : Deux \u00e9quipes du Cyclo Vtt D\u00e9cines vont participer aux 9\u00b0 \\\"24 Heures du Mans V\u00e9lo\\\"\",\"breadcrumb\":{\"@id\":\"https:\/\/newsestlyonnais.fr\/site\/2017\/07\/31\/decines-2-equipes-du-cyclo-vtt-decines-vont-participer-aux-9-24-heures-du-mans-velo\/#breadcrumb\"},\"inLanguage\":\"fr-FR\",\"potentialAction\":[{\"@type\":\"ReadAction\",\"target\":[\"https:\/\/newsestlyonnais.fr\/site\/2017\/07\/31\/decines-2-equipes-du-cyclo-vtt-decines-vont-participer-aux-9-24-heures-du-mans-velo\/\"]}]},{\"@type\":\"ImageObject\",\"inLanguage\":\"fr-FR\",\"@id\":\"https:\/\/newsestlyonnais.fr\/site\/2017\/07\/31\/decines-2-equipes-du-cyclo-vtt-decines-vont-participer-aux-9-24-heures-du-mans-velo\/#primaryimage\",\"url\":\"https:\/\/newsestlyonnais.fr\/site\/wp-content\/uploads\/2017\/07\/NEWSESTLYONNAIS-CYCLO-VTT-DECINES-24-H.jpg\",\"contentUrl\":\"https:\/\/newsestlyonnais.fr\/site\/wp-content\/uploads\/2017\/07\/NEWSESTLYONNAIS-CYCLO-VTT-DECINES-24-H.jpg\",\"width\":1000,\"height\":750,\"caption\":\"NEWSESTLYONNAIS CYCLO VTT DECINES 24 H\"},{\"@type\":\"BreadcrumbList\",\"@id\":\"https:\/\/newsestlyonnais.fr\/site\/2017\/07\/31\/decines-2-equipes-du-cyclo-vtt-decines-vont-participer-aux-9-24-heures-du-mans-velo\/#breadcrumb\",\"itemListElement\":[{\"@type\":\"ListItem\",\"position\":1,\"name\":\"Accueil\",\"item\":\"https:\/\/newsestlyonnais.fr\/site\/\"},{\"@type\":\"ListItem\",\"position\":2,\"name\":\"DECINES | 2 \u00e9quipes du Cyclo Vtt vont participer aux 9\u00b0 \u00ab\u00a024 Heures du Mans V\u00e9lo\u00a0\u00bb\"}]},{\"@type\":\"WebSite\",\"@id\":\"https:\/\/newsestlyonnais.fr\/site\/#website\",\"url\":\"https:\/\/newsestlyonnais.fr\/site\/\",\"name\":\"News Est Lyonnais\",\"description\":\"L&#039;actualit\u00e9 au plus pr\u00e8s\",\"publisher\":{\"@id\":\"https:\/\/newsestlyonnais.fr\/site\/#organization\"},\"potentialAction\":[{\"@type\":\"SearchAction\",\"target\":{\"@type\":\"EntryPoint\",\"urlTemplate\":\"https:\/\/newsestlyonnais.fr\/site\/?s={search_term_string}\"},\"query-input\":{\"@type\":\"PropertyValueSpecification\",\"valueRequired\":true,\"valueName\":\"search_term_string\"}}],\"inLanguage\":\"fr-FR\"},{\"@type\":\"Organization\",\"@id\":\"https:\/\/newsestlyonnais.fr\/site\/#organization\",\"name\":\"News EST LYONNAIS\",\"url\":\"https:\/\/newsestlyonnais.fr\/site\/\",\"logo\":{\"@type\":\"ImageObject\",\"inLanguage\":\"fr-FR\",\"@id\":\"https:\/\/newsestlyonnais.fr\/site\/#\/schema\/logo\/image\/\",\"url\":\"\",\"contentUrl\":\"\",\"caption\":\"News EST LYONNAIS\"},\"image\":{\"@id\":\"https:\/\/newsestlyonnais.fr\/site\/#\/schema\/logo\/image\/\"}},{\"@type\":\"Person\",\"@id\":\"https:\/\/newsestlyonnais.fr\/site\/#\/schema\/person\/3230d5615f390bb808365d673001e887\",\"name\":\"R\u00e9dac. NEWS\",\"sameAs\":[\"http:\/\/www.newsestlyonnais.fr\",\"https:\/\/www.facebook.com\/pascal.oberson.1?fref=ts\",\"https:\/\/fr.linkedin.com\/in\/pascal-oberson-b17045113\"],\"url\":\"https:\/\/newsestlyonnais.fr\/site\/author\/nel\/\"}]}<\/script>\n<!-- \/ Yoast SEO plugin. -->","yoast_head_json":{"title":"DECINES : Deux \u00e9quipes du Cyclo Vtt D\u00e9cines vont participer aux 9\u00b0 \"24 Heures du Mans V\u00e9lo\"","description":"DECINES : Deux \u00e9quipes du Cyclo Vtt D\u00e9cines vont participer aux 9\u00b0 \"24 Heures du Mans V\u00e9lo\"","robots":{"index":"index","follow":"follow","max-snippet":"max-snippet:-1","max-image-preview":"max-image-preview:large","max-video-preview":"max-video-preview:-1"},"canonical":"https:\/\/newsestlyonnais.fr\/site\/2017\/07\/31\/decines-2-equipes-du-cyclo-vtt-decines-vont-participer-aux-9-24-heures-du-mans-velo\/","og_locale":"fr_FR","og_type":"article","og_title":"DECINES : Deux \u00e9quipes du Cyclo Vtt D\u00e9cines vont participer aux 9\u00b0 \"24 Heures du Mans V\u00e9lo\"","og_description":"DECINES : Deux \u00e9quipes du Cyclo Vtt D\u00e9cines vont participer aux 9\u00b0 \"24 Heures du Mans V\u00e9lo\"","og_url":"https:\/\/newsestlyonnais.fr\/site\/2017\/07\/31\/decines-2-equipes-du-cyclo-vtt-decines-vont-participer-aux-9-24-heures-du-mans-velo\/","og_site_name":"News Est Lyonnais","article_author":"https:\/\/www.facebook.com\/pascal.oberson.1?fref=ts","article_published_time":"2017-07-31T16:17:27+00:00","article_modified_time":"2020-11-11T16:21:47+00:00","og_image":[{"width":1000,"height":750,"url":"https:\/\/i1.wp.com\/newsestlyonnais.fr\/site\/wp-content\/uploads\/2017\/07\/NEWSESTLYONNAIS-CYCLO-VTT-DECINES-24-H.jpg?fit=1000%2C750&ssl=1","type":"image\/jpeg"}],"author":"R\u00e9dac. NEWS","twitter_card":"summary_large_image","twitter_misc":{"\u00c9crit par":"R\u00e9dac. NEWS","Dur\u00e9e de lecture estim\u00e9e":"1 minute"},"schema":{"@context":"https:\/\/schema.org","@graph":[{"@type":"Article","@id":"https:\/\/newsestlyonnais.fr\/site\/2017\/07\/31\/decines-2-equipes-du-cyclo-vtt-decines-vont-participer-aux-9-24-heures-du-mans-velo\/#article","isPartOf":{"@id":"https:\/\/newsestlyonnais.fr\/site\/2017\/07\/31\/decines-2-equipes-du-cyclo-vtt-decines-vont-participer-aux-9-24-heures-du-mans-velo\/"},"author":{"name":"R\u00e9dac. NEWS","@id":"https:\/\/newsestlyonnais.fr\/site\/#\/schema\/person\/3230d5615f390bb808365d673001e887"},"headline":"DECINES | 2 \u00e9quipes du Cyclo Vtt vont participer aux 9\u00b0 \u00ab\u00a024 Heures du Mans V\u00e9lo\u00a0\u00bb","datePublished":"2017-07-31T16:17:27+00:00","dateModified":"2020-11-11T16:21:47+00:00","mainEntityOfPage":{"@id":"https:\/\/newsestlyonnais.fr\/site\/2017\/07\/31\/decines-2-equipes-du-cyclo-vtt-decines-vont-participer-aux-9-24-heures-du-mans-velo\/"},"wordCount":280,"commentCount":0,"publisher":{"@id":"https:\/\/newsestlyonnais.fr\/site\/#organization"},"image":{"@id":"https:\/\/newsestlyonnais.fr\/site\/2017\/07\/31\/decines-2-equipes-du-cyclo-vtt-decines-vont-participer-aux-9-24-heures-du-mans-velo\/#primaryimage"},"thumbnailUrl":"https:\/\/newsestlyonnais.fr\/site\/wp-content\/uploads\/2017\/07\/NEWSESTLYONNAIS-CYCLO-VTT-DECINES-24-H.jpg","articleSection":["Cyclisme | Cyclo | Vtt","D\u00e9cines-Charpieu"],"inLanguage":"fr-FR","potentialAction":[{"@type":"CommentAction","name":"Comment","target":["https:\/\/newsestlyonnais.fr\/site\/2017\/07\/31\/decines-2-equipes-du-cyclo-vtt-decines-vont-participer-aux-9-24-heures-du-mans-velo\/#respond"]}]},{"@type":"WebPage","@id":"https:\/\/newsestlyonnais.fr\/site\/2017\/07\/31\/decines-2-equipes-du-cyclo-vtt-decines-vont-participer-aux-9-24-heures-du-mans-velo\/","url":"https:\/\/newsestlyonnais.fr\/site\/2017\/07\/31\/decines-2-equipes-du-cyclo-vtt-decines-vont-participer-aux-9-24-heures-du-mans-velo\/","name":"DECINES : Deux \u00e9quipes du Cyclo Vtt D\u00e9cines vont participer aux 9\u00b0 \"24 Heures du Mans V\u00e9lo\"","isPartOf":{"@id":"https:\/\/newsestlyonnais.fr\/site\/#website"},"primaryImageOfPage":{"@id":"https:\/\/newsestlyonnais.fr\/site\/2017\/07\/31\/decines-2-equipes-du-cyclo-vtt-decines-vont-participer-aux-9-24-heures-du-mans-velo\/#primaryimage"},"image":{"@id":"https:\/\/newsestlyonnais.fr\/site\/2017\/07\/31\/decines-2-equipes-du-cyclo-vtt-decines-vont-participer-aux-9-24-heures-du-mans-velo\/#primaryimage"},"thumbnailUrl":"https:\/\/newsestlyonnais.fr\/site\/wp-content\/uploads\/2017\/07\/NEWSESTLYONNAIS-CYCLO-VTT-DECINES-24-H.jpg","datePublished":"2017-07-31T16:17:27+00:00","dateModified":"2020-11-11T16:21:47+00:00","description":"DECINES : Deux \u00e9quipes du Cyclo Vtt D\u00e9cines vont participer aux 9\u00b0 \"24 Heures du Mans V\u00e9lo\"","breadcrumb":{"@id":"https:\/\/newsestlyonnais.fr\/site\/2017\/07\/31\/decines-2-equipes-du-cyclo-vtt-decines-vont-participer-aux-9-24-heures-du-mans-velo\/#breadcrumb"},"inLanguage":"fr-FR","potentialAction":[{"@type":"ReadAction","target":["https:\/\/newsestlyonnais.fr\/site\/2017\/07\/31\/decines-2-equipes-du-cyclo-vtt-decines-vont-participer-aux-9-24-heures-du-mans-velo\/"]}]},{"@type":"ImageObject","inLanguage":"fr-FR","@id":"https:\/\/newsestlyonnais.fr\/site\/2017\/07\/31\/decines-2-equipes-du-cyclo-vtt-decines-vont-participer-aux-9-24-heures-du-mans-velo\/#primaryimage","url":"https:\/\/newsestlyonnais.fr\/site\/wp-content\/uploads\/2017\/07\/NEWSESTLYONNAIS-CYCLO-VTT-DECINES-24-H.jpg","contentUrl":"https:\/\/newsestlyonnais.fr\/site\/wp-content\/uploads\/2017\/07\/NEWSESTLYONNAIS-CYCLO-VTT-DECINES-24-H.jpg","width":1000,"height":750,"caption":"NEWSESTLYONNAIS CYCLO VTT DECINES 24 H"},{"@type":"BreadcrumbList","@id":"https:\/\/newsestlyonnais.fr\/site\/2017\/07\/31\/decines-2-equipes-du-cyclo-vtt-decines-vont-participer-aux-9-24-heures-du-mans-velo\/#breadcrumb","itemListElement":[{"@type":"ListItem","position":1,"name":"Accueil","item":"https:\/\/newsestlyonnais.fr\/site\/"},{"@type":"ListItem","position":2,"name":"DECINES | 2 \u00e9quipes du Cyclo Vtt vont participer aux 9\u00b0 \u00ab\u00a024 Heures du Mans V\u00e9lo\u00a0\u00bb"}]},{"@type":"WebSite","@id":"https:\/\/newsestlyonnais.fr\/site\/#website","url":"https:\/\/newsestlyonnais.fr\/site\/","name":"News Est Lyonnais","description":"L&#039;actualit\u00e9 au plus pr\u00e8s","publisher":{"@id":"https:\/\/newsestlyonnais.fr\/site\/#organization"},"potentialAction":[{"@type":"SearchAction","target":{"@type":"EntryPoint","urlTemplate":"https:\/\/newsestlyonnais.fr\/site\/?s={search_term_string}"},"query-input":{"@type":"PropertyValueSpecification","valueRequired":true,"valueName":"search_term_string"}}],"inLanguage":"fr-FR"},{"@type":"Organization","@id":"https:\/\/newsestlyonnais.fr\/site\/#organization","name":"News EST LYONNAIS","url":"https:\/\/newsestlyonnais.fr\/site\/","logo":{"@type":"ImageObject","inLanguage":"fr-FR","@id":"https:\/\/newsestlyonnais.fr\/site\/#\/schema\/logo\/image\/","url":"","contentUrl":"","caption":"News EST LYONNAIS"},"image":{"@id":"https:\/\/newsestlyonnais.fr\/site\/#\/schema\/logo\/image\/"}},{"@type":"Person","@id":"https:\/\/newsestlyonnais.fr\/site\/#\/schema\/person\/3230d5615f390bb808365d673001e887","name":"R\u00e9dac. NEWS","sameAs":["http:\/\/www.newsestlyonnais.fr","https:\/\/www.facebook.com\/pascal.oberson.1?fref=ts","https:\/\/fr.linkedin.com\/in\/pascal-oberson-b17045113"],"url":"https:\/\/newsestlyonnais.fr\/site\/author\/nel\/"}]}},"_links":{"self":[{"href":"https:\/\/newsestlyonnais.fr\/site\/wp-json\/wp\/v2\/posts\/33164","targetHints":{"allow":["GET"]}}],"collection":[{"href":"https:\/\/newsestlyonnais.fr\/site\/wp-json\/wp\/v2\/posts"}],"about":[{"href":"https:\/\/newsestlyonnais.fr\/site\/wp-json\/wp\/v2\/types\/post"}],"author":[{"embeddable":true,"href":"https:\/\/newsestlyonnais.fr\/site\/wp-json\/wp\/v2\/users\/4"}],"replies":[{"embeddable":true,"href":"https:\/\/newsestlyonnais.fr\/site\/wp-json\/wp\/v2\/comments?post=33164"}],"version-history":[{"count":0,"href":"https:\/\/newsestlyonnais.fr\/site\/wp-json\/wp\/v2\/posts\/33164\/revisions"}],"wp:featuredmedia":[{"embeddable":true,"href":"https:\/\/newsestlyonnais.fr\/site\/wp-json\/wp\/v2\/media\/33166"}],"wp:attachment":[{"href":"https:\/\/newsestlyonnais.fr\/site\/wp-json\/wp\/v2\/media?parent=33164"}],"wp:term":[{"taxonomy":"category","embeddable":true,"href":"https:\/\/newsestlyonnais.fr\/site\/wp-json\/wp\/v2\/categories?post=33164"},{"taxonomy":"post_tag","embeddable":true,"href":"https:\/\/newsestlyonnais.fr\/site\/wp-json\/wp\/v2\/tags?post=33164"}],"curies":[{"name":"wp","href":"https:\/\/api.w.org\/{rel}","templated":true}]}}