{"id":33241,"date":"2017-08-03T13:53:20","date_gmt":"2017-08-03T12:53:20","guid":{"rendered":"http:\/\/newsestlyonnais.fr\/site\/?p=33241"},"modified":"2020-05-25T08:04:10","modified_gmt":"2020-05-25T07:04:10","slug":"bron-derniere-saison-pleinement-reussie-pour-le-bron-tennis-de-table","status":"publish","type":"post","link":"https:\/\/newsestlyonnais.fr\/site\/2017\/08\/03\/bron-derniere-saison-pleinement-reussie-pour-le-bron-tennis-de-table\/","title":{"rendered":"BRON | Derni\u00e8re saison pleinement r\u00e9ussie pour le Bron Tennis de Table"},"content":{"rendered":"<h4>Tarik Ez-Zajjari vient de clore sa 4\u00b0 saison en tant que pr\u00e9sident du Bron Tennis de Table et le moment est propice \u00e0 tirer les enseignements du tout dernier exercice.<\/h4>\n<ul>\n<li><strong>Pouvez vous d&rsquo;abord nous parler des effectifs de la section ? <\/strong>\u00ab\u00a0Ils sont en hausse puisqu&rsquo;on est pass\u00e9 de 80 \u00e0 87 licenci\u00e9s. Avec au niveau de la r\u00e9partition, 90 % d&rsquo;hommes, 50 % de &#8211; 18 ans et presque autant de loisirs que de comp\u00e9titeurs. On arrive pratiquement au seuil limite qu&rsquo;on s&rsquo;est fix\u00e9, qui serait de 95 \u00e0 100 licenci\u00e9s\u00a0\u00bb. <strong><br \/>\n<\/strong><\/li>\n<li><strong>Sportivement, comment s&rsquo;est pass\u00e9e cette saison 2016\/2017 ? <\/strong>\u00ab\u00a0L&rsquo; ann\u00e9e aura \u00e9t\u00e9 riche et pleinement r\u00e9ussie et il sera vraiment difficile de faire aussi bien avec 4 mont\u00e9es et un maintien assur\u00e9 ! La une acc\u00e8de au niveau r\u00e9gional (R3), la deux \u00e0 la pr\u00e9-r\u00e9gionale, la 3 \u00e0 la D1 et la 4 \u00e0 la D2. La 5 se maintient en D3 en ayant int\u00e9gr\u00e9 des jeunes. C&rsquo;est vraiment une des meilleures saisons d&rsquo;un club qui a aussi inscrit le plus de bin\u00f4mes en Coupe du Rh\u00f4ne. C&rsquo;est une comp\u00e9tition qui nous tient \u00e0 coeur et qu&rsquo;on avait d\u00e9j\u00e0 remport\u00e9 en 2016. On a r\u00e9ussi cette fois \u00e0 l&#8217;emporter dans 2 tableaux (PHOTO A LA UNE), j&rsquo;\u00e9tais associ\u00e9 \u00e0 Adrien Sorel en &#8211; 1500 pts et avec Claude Gellet en &#8211; 1300 pts. Individuellement, on notera la bonne progression de deux jeunes du club: <strong>Benjamin Gracia<\/strong>, fer de lance de l&rsquo;\u00e9quipe 3 (+ 190 points et qui a pris 2 classements en une saison) &amp; <strong>L\u00e9o Michel<\/strong> (+ 160 pts)\u00a0\u00bb.<strong><br \/>\n<\/strong><\/li>\n<li><strong>Et les autres points \u00e0 retenir ? <\/strong>\u00a0\u00bb Parmi eux, on retiendra l&rsquo;effet positif du changement d&rsquo;entraineur du mercredi, Michel Scappatticci qui a succ\u00e9d\u00e9 \u00e0 notre historique coach Roger Peron. Il a vraiment apport\u00e9 un plus autant chez les jeunes qu&rsquo;en loisirs et aux adultes. Le cr\u00e9neau comp\u00e9tition mis en place avec Saint Priest a bien fonctionn\u00e9, les 2 clubs se ressemblant et \u00e9tant proches g\u00e9ographiquement. Il concerne adultes et jeunes et sera poursuivi \u00e0 la rentr\u00e9e pour la 3\u00b0 saison.<strong><br \/>\n<\/strong><\/li>\n<li><strong>Quels sont les projets et prochaines dates du Bron T.T. ?\u00a0 <\/strong>\u00a0\u00bb Nous organisons notre AG de rentr\u00e9e le vendredi 8 septembre et participerons le dimanche 10 au Forum des Associations de Bron. On s&rsquo;associera aussi d\u00e9but octobre au 2\u00b0 Racketlon de Lyon et on mettra en place des animations avec Les Braizanbas et la GV de Bron au T\u00e9l\u00e9thon\u00a0\u00bb.\u00a0<strong><br \/>\n<\/strong><\/li>\n<\/ul>\n<h4>Retrouvez l&rsquo;ACTU du club sur: <a href=\"https:\/\/www.brontennisdetable.com\" target=\"_blank\" rel=\"noopener noreferrer\">https:\/\/www.brontennisdetable.com<\/a><\/h4>\n\n","protected":false},"excerpt":{"rendered":"<p>Tarik Ez-Zajjari vient de clore sa 4\u00b0 saison en tant que pr\u00e9sident du Bron Tennis de Table et le moment est propice \u00e0 tirer les enseignements du tout dernier exercice. Pouvez vous d&rsquo;abord nous parler des effectifs de la section ? \u00ab\u00a0Ils sont en hausse puisqu&rsquo;on est pass\u00e9 de 80 \u00e0 87 licenci\u00e9s. Avec au [&hellip;]<\/p>\n","protected":false},"author":4,"featured_media":0,"comment_status":"open","ping_status":"open","sticky":false,"template":"","format":"standard","meta":{"footnotes":""},"categories":[30,19,2,2991,2993],"tags":[],"class_list":["post-33241","post","type-post","status-publish","format-standard","hentry","category-a-la-une","category-bron","category-sports","category-tennis-tennis-table-sports","category-tennis-de-table-sports"],"yoast_head":"<!-- This site is optimized with the Yoast SEO plugin v27.2 - https:\/\/yoast.com\/product\/yoast-seo-wordpress\/ -->\n<title>BRON : Une derni\u00e8re saison pleinement r\u00e9ussie pour le Bron Tennis de Table<\/title>\n<meta name=\"description\" content=\"BRON : Une derni\u00e8re saison pleinement r\u00e9ussie pour le Bron Tennis de Table\" \/>\n<meta name=\"robots\" content=\"index, follow, max-snippet:-1, max-image-preview:large, max-video-preview:-1\" \/>\n<link rel=\"canonical\" href=\"https:\/\/newsestlyonnais.fr\/site\/2017\/08\/03\/bron-derniere-saison-pleinement-reussie-pour-le-bron-tennis-de-table\/\" \/>\n<meta property=\"og:locale\" content=\"fr_FR\" \/>\n<meta property=\"og:type\" content=\"article\" \/>\n<meta property=\"og:title\" content=\"BRON : Une derni\u00e8re saison pleinement r\u00e9ussie pour le Bron Tennis de Table\" \/>\n<meta property=\"og:description\" content=\"BRON : Une derni\u00e8re saison pleinement r\u00e9ussie pour le Bron Tennis de Table\" \/>\n<meta property=\"og:url\" content=\"https:\/\/newsestlyonnais.fr\/site\/2017\/08\/03\/bron-derniere-saison-pleinement-reussie-pour-le-bron-tennis-de-table\/\" \/>\n<meta property=\"og:site_name\" content=\"News Est Lyonnais\" \/>\n<meta property=\"article:author\" content=\"https:\/\/www.facebook.com\/pascal.oberson.1?fref=ts\" \/>\n<meta property=\"article:published_time\" content=\"2017-08-03T12:53:20+00:00\" \/>\n<meta property=\"article:modified_time\" content=\"2020-05-25T07:04:10+00:00\" \/>\n<meta name=\"author\" content=\"R\u00e9dac. NEWS\" \/>\n<meta name=\"twitter:card\" content=\"summary_large_image\" \/>\n<meta name=\"twitter:label1\" content=\"\u00c9crit par\" \/>\n\t<meta name=\"twitter:data1\" content=\"R\u00e9dac. NEWS\" \/>\n\t<meta name=\"twitter:label2\" content=\"Dur\u00e9e de lecture estim\u00e9e\" \/>\n\t<meta name=\"twitter:data2\" content=\"2 minutes\" \/>\n<script type=\"application\/ld+json\" class=\"yoast-schema-graph\">{\"@context\":\"https:\/\/schema.org\",\"@graph\":[{\"@type\":\"Article\",\"@id\":\"https:\/\/newsestlyonnais.fr\/site\/2017\/08\/03\/bron-derniere-saison-pleinement-reussie-pour-le-bron-tennis-de-table\/#article\",\"isPartOf\":{\"@id\":\"https:\/\/newsestlyonnais.fr\/site\/2017\/08\/03\/bron-derniere-saison-pleinement-reussie-pour-le-bron-tennis-de-table\/\"},\"author\":{\"name\":\"R\u00e9dac. NEWS\",\"@id\":\"https:\/\/newsestlyonnais.fr\/site\/#\/schema\/person\/3230d5615f390bb808365d673001e887\"},\"headline\":\"BRON | Derni\u00e8re saison pleinement r\u00e9ussie pour le Bron Tennis de Table\",\"datePublished\":\"2017-08-03T12:53:20+00:00\",\"dateModified\":\"2020-05-25T07:04:10+00:00\",\"mainEntityOfPage\":{\"@id\":\"https:\/\/newsestlyonnais.fr\/site\/2017\/08\/03\/bron-derniere-saison-pleinement-reussie-pour-le-bron-tennis-de-table\/\"},\"wordCount\":428,\"commentCount\":0,\"publisher\":{\"@id\":\"https:\/\/newsestlyonnais.fr\/site\/#organization\"},\"articleSection\":[\"\u00e0 la une\",\"Bron\",\"Sports\",\"Tennis | Tennis de table\",\"Tennis de table\"],\"inLanguage\":\"fr-FR\",\"potentialAction\":[{\"@type\":\"CommentAction\",\"name\":\"Comment\",\"target\":[\"https:\/\/newsestlyonnais.fr\/site\/2017\/08\/03\/bron-derniere-saison-pleinement-reussie-pour-le-bron-tennis-de-table\/#respond\"]}]},{\"@type\":\"WebPage\",\"@id\":\"https:\/\/newsestlyonnais.fr\/site\/2017\/08\/03\/bron-derniere-saison-pleinement-reussie-pour-le-bron-tennis-de-table\/\",\"url\":\"https:\/\/newsestlyonnais.fr\/site\/2017\/08\/03\/bron-derniere-saison-pleinement-reussie-pour-le-bron-tennis-de-table\/\",\"name\":\"BRON : Une derni\u00e8re saison pleinement r\u00e9ussie pour le Bron Tennis de Table\",\"isPartOf\":{\"@id\":\"https:\/\/newsestlyonnais.fr\/site\/#website\"},\"datePublished\":\"2017-08-03T12:53:20+00:00\",\"dateModified\":\"2020-05-25T07:04:10+00:00\",\"description\":\"BRON : Une derni\u00e8re saison pleinement r\u00e9ussie pour le Bron Tennis de Table\",\"breadcrumb\":{\"@id\":\"https:\/\/newsestlyonnais.fr\/site\/2017\/08\/03\/bron-derniere-saison-pleinement-reussie-pour-le-bron-tennis-de-table\/#breadcrumb\"},\"inLanguage\":\"fr-FR\",\"potentialAction\":[{\"@type\":\"ReadAction\",\"target\":[\"https:\/\/newsestlyonnais.fr\/site\/2017\/08\/03\/bron-derniere-saison-pleinement-reussie-pour-le-bron-tennis-de-table\/\"]}]},{\"@type\":\"BreadcrumbList\",\"@id\":\"https:\/\/newsestlyonnais.fr\/site\/2017\/08\/03\/bron-derniere-saison-pleinement-reussie-pour-le-bron-tennis-de-table\/#breadcrumb\",\"itemListElement\":[{\"@type\":\"ListItem\",\"position\":1,\"name\":\"Accueil\",\"item\":\"https:\/\/newsestlyonnais.fr\/site\/\"},{\"@type\":\"ListItem\",\"position\":2,\"name\":\"BRON | Derni\u00e8re saison pleinement r\u00e9ussie pour le Bron Tennis de Table\"}]},{\"@type\":\"WebSite\",\"@id\":\"https:\/\/newsestlyonnais.fr\/site\/#website\",\"url\":\"https:\/\/newsestlyonnais.fr\/site\/\",\"name\":\"News Est Lyonnais\",\"description\":\"L&#039;actualit\u00e9 au plus pr\u00e8s\",\"publisher\":{\"@id\":\"https:\/\/newsestlyonnais.fr\/site\/#organization\"},\"potentialAction\":[{\"@type\":\"SearchAction\",\"target\":{\"@type\":\"EntryPoint\",\"urlTemplate\":\"https:\/\/newsestlyonnais.fr\/site\/?s={search_term_string}\"},\"query-input\":{\"@type\":\"PropertyValueSpecification\",\"valueRequired\":true,\"valueName\":\"search_term_string\"}}],\"inLanguage\":\"fr-FR\"},{\"@type\":\"Organization\",\"@id\":\"https:\/\/newsestlyonnais.fr\/site\/#organization\",\"name\":\"News EST LYONNAIS\",\"url\":\"https:\/\/newsestlyonnais.fr\/site\/\",\"logo\":{\"@type\":\"ImageObject\",\"inLanguage\":\"fr-FR\",\"@id\":\"https:\/\/newsestlyonnais.fr\/site\/#\/schema\/logo\/image\/\",\"url\":\"\",\"contentUrl\":\"\",\"caption\":\"News EST LYONNAIS\"},\"image\":{\"@id\":\"https:\/\/newsestlyonnais.fr\/site\/#\/schema\/logo\/image\/\"}},{\"@type\":\"Person\",\"@id\":\"https:\/\/newsestlyonnais.fr\/site\/#\/schema\/person\/3230d5615f390bb808365d673001e887\",\"name\":\"R\u00e9dac. NEWS\",\"sameAs\":[\"http:\/\/www.newsestlyonnais.fr\",\"https:\/\/www.facebook.com\/pascal.oberson.1?fref=ts\",\"https:\/\/fr.linkedin.com\/in\/pascal-oberson-b17045113\"],\"url\":\"https:\/\/newsestlyonnais.fr\/site\/author\/nel\/\"}]}<\/script>\n<!-- \/ Yoast SEO plugin. -->","yoast_head_json":{"title":"BRON : Une derni\u00e8re saison pleinement r\u00e9ussie pour le Bron Tennis de Table","description":"BRON : Une derni\u00e8re saison pleinement r\u00e9ussie pour le Bron Tennis de Table","robots":{"index":"index","follow":"follow","max-snippet":"max-snippet:-1","max-image-preview":"max-image-preview:large","max-video-preview":"max-video-preview:-1"},"canonical":"https:\/\/newsestlyonnais.fr\/site\/2017\/08\/03\/bron-derniere-saison-pleinement-reussie-pour-le-bron-tennis-de-table\/","og_locale":"fr_FR","og_type":"article","og_title":"BRON : Une derni\u00e8re saison pleinement r\u00e9ussie pour le Bron Tennis de Table","og_description":"BRON : Une derni\u00e8re saison pleinement r\u00e9ussie pour le Bron Tennis de Table","og_url":"https:\/\/newsestlyonnais.fr\/site\/2017\/08\/03\/bron-derniere-saison-pleinement-reussie-pour-le-bron-tennis-de-table\/","og_site_name":"News Est Lyonnais","article_author":"https:\/\/www.facebook.com\/pascal.oberson.1?fref=ts","article_published_time":"2017-08-03T12:53:20+00:00","article_modified_time":"2020-05-25T07:04:10+00:00","author":"R\u00e9dac. NEWS","twitter_card":"summary_large_image","twitter_misc":{"\u00c9crit par":"R\u00e9dac. NEWS","Dur\u00e9e de lecture estim\u00e9e":"2 minutes"},"schema":{"@context":"https:\/\/schema.org","@graph":[{"@type":"Article","@id":"https:\/\/newsestlyonnais.fr\/site\/2017\/08\/03\/bron-derniere-saison-pleinement-reussie-pour-le-bron-tennis-de-table\/#article","isPartOf":{"@id":"https:\/\/newsestlyonnais.fr\/site\/2017\/08\/03\/bron-derniere-saison-pleinement-reussie-pour-le-bron-tennis-de-table\/"},"author":{"name":"R\u00e9dac. NEWS","@id":"https:\/\/newsestlyonnais.fr\/site\/#\/schema\/person\/3230d5615f390bb808365d673001e887"},"headline":"BRON | Derni\u00e8re saison pleinement r\u00e9ussie pour le Bron Tennis de Table","datePublished":"2017-08-03T12:53:20+00:00","dateModified":"2020-05-25T07:04:10+00:00","mainEntityOfPage":{"@id":"https:\/\/newsestlyonnais.fr\/site\/2017\/08\/03\/bron-derniere-saison-pleinement-reussie-pour-le-bron-tennis-de-table\/"},"wordCount":428,"commentCount":0,"publisher":{"@id":"https:\/\/newsestlyonnais.fr\/site\/#organization"},"articleSection":["\u00e0 la une","Bron","Sports","Tennis | Tennis de table","Tennis de table"],"inLanguage":"fr-FR","potentialAction":[{"@type":"CommentAction","name":"Comment","target":["https:\/\/newsestlyonnais.fr\/site\/2017\/08\/03\/bron-derniere-saison-pleinement-reussie-pour-le-bron-tennis-de-table\/#respond"]}]},{"@type":"WebPage","@id":"https:\/\/newsestlyonnais.fr\/site\/2017\/08\/03\/bron-derniere-saison-pleinement-reussie-pour-le-bron-tennis-de-table\/","url":"https:\/\/newsestlyonnais.fr\/site\/2017\/08\/03\/bron-derniere-saison-pleinement-reussie-pour-le-bron-tennis-de-table\/","name":"BRON : Une derni\u00e8re saison pleinement r\u00e9ussie pour le Bron Tennis de Table","isPartOf":{"@id":"https:\/\/newsestlyonnais.fr\/site\/#website"},"datePublished":"2017-08-03T12:53:20+00:00","dateModified":"2020-05-25T07:04:10+00:00","description":"BRON : Une derni\u00e8re saison pleinement r\u00e9ussie pour le Bron Tennis de Table","breadcrumb":{"@id":"https:\/\/newsestlyonnais.fr\/site\/2017\/08\/03\/bron-derniere-saison-pleinement-reussie-pour-le-bron-tennis-de-table\/#breadcrumb"},"inLanguage":"fr-FR","potentialAction":[{"@type":"ReadAction","target":["https:\/\/newsestlyonnais.fr\/site\/2017\/08\/03\/bron-derniere-saison-pleinement-reussie-pour-le-bron-tennis-de-table\/"]}]},{"@type":"BreadcrumbList","@id":"https:\/\/newsestlyonnais.fr\/site\/2017\/08\/03\/bron-derniere-saison-pleinement-reussie-pour-le-bron-tennis-de-table\/#breadcrumb","itemListElement":[{"@type":"ListItem","position":1,"name":"Accueil","item":"https:\/\/newsestlyonnais.fr\/site\/"},{"@type":"ListItem","position":2,"name":"BRON | Derni\u00e8re saison pleinement r\u00e9ussie pour le Bron Tennis de Table"}]},{"@type":"WebSite","@id":"https:\/\/newsestlyonnais.fr\/site\/#website","url":"https:\/\/newsestlyonnais.fr\/site\/","name":"News Est Lyonnais","description":"L&#039;actualit\u00e9 au plus pr\u00e8s","publisher":{"@id":"https:\/\/newsestlyonnais.fr\/site\/#organization"},"potentialAction":[{"@type":"SearchAction","target":{"@type":"EntryPoint","urlTemplate":"https:\/\/newsestlyonnais.fr\/site\/?s={search_term_string}"},"query-input":{"@type":"PropertyValueSpecification","valueRequired":true,"valueName":"search_term_string"}}],"inLanguage":"fr-FR"},{"@type":"Organization","@id":"https:\/\/newsestlyonnais.fr\/site\/#organization","name":"News EST LYONNAIS","url":"https:\/\/newsestlyonnais.fr\/site\/","logo":{"@type":"ImageObject","inLanguage":"fr-FR","@id":"https:\/\/newsestlyonnais.fr\/site\/#\/schema\/logo\/image\/","url":"","contentUrl":"","caption":"News EST LYONNAIS"},"image":{"@id":"https:\/\/newsestlyonnais.fr\/site\/#\/schema\/logo\/image\/"}},{"@type":"Person","@id":"https:\/\/newsestlyonnais.fr\/site\/#\/schema\/person\/3230d5615f390bb808365d673001e887","name":"R\u00e9dac. NEWS","sameAs":["http:\/\/www.newsestlyonnais.fr","https:\/\/www.facebook.com\/pascal.oberson.1?fref=ts","https:\/\/fr.linkedin.com\/in\/pascal-oberson-b17045113"],"url":"https:\/\/newsestlyonnais.fr\/site\/author\/nel\/"}]}},"_links":{"self":[{"href":"https:\/\/newsestlyonnais.fr\/site\/wp-json\/wp\/v2\/posts\/33241","targetHints":{"allow":["GET"]}}],"collection":[{"href":"https:\/\/newsestlyonnais.fr\/site\/wp-json\/wp\/v2\/posts"}],"about":[{"href":"https:\/\/newsestlyonnais.fr\/site\/wp-json\/wp\/v2\/types\/post"}],"author":[{"embeddable":true,"href":"https:\/\/newsestlyonnais.fr\/site\/wp-json\/wp\/v2\/users\/4"}],"replies":[{"embeddable":true,"href":"https:\/\/newsestlyonnais.fr\/site\/wp-json\/wp\/v2\/comments?post=33241"}],"version-history":[{"count":0,"href":"https:\/\/newsestlyonnais.fr\/site\/wp-json\/wp\/v2\/posts\/33241\/revisions"}],"wp:attachment":[{"href":"https:\/\/newsestlyonnais.fr\/site\/wp-json\/wp\/v2\/media?parent=33241"}],"wp:term":[{"taxonomy":"category","embeddable":true,"href":"https:\/\/newsestlyonnais.fr\/site\/wp-json\/wp\/v2\/categories?post=33241"},{"taxonomy":"post_tag","embeddable":true,"href":"https:\/\/newsestlyonnais.fr\/site\/wp-json\/wp\/v2\/tags?post=33241"}],"curies":[{"name":"wp","href":"https:\/\/api.w.org\/{rel}","templated":true}]}}