{"id":33578,"date":"2017-08-19T06:54:10","date_gmt":"2017-08-19T05:54:10","guid":{"rendered":"http:\/\/newsestlyonnais.fr\/site\/?p=33578"},"modified":"2023-08-24T10:33:34","modified_gmt":"2023-08-24T09:33:34","slug":"meyzieu-la-ville-recrute-des-animateurs-periscolaires-et-extrascolaires","status":"publish","type":"post","link":"https:\/\/newsestlyonnais.fr\/site\/2017\/08\/19\/meyzieu-la-ville-recrute-des-animateurs-periscolaires-et-extrascolaires\/","title":{"rendered":"MEYZIEU | La Ville recrute des animateurs p\u00e9riscolaires et extrascolaires"},"content":{"rendered":"<h4>Diff\u00e9rents postes sont \u00e0 pourvoir \u00e0 la direction de l\u2019\u00e9ducation et \u00e0 la direction des sports, jeunesse et loisirs. Ces postes \u00e0 temps non complets peuvent \u00eatre cumul\u00e9s entre eux.<\/h4>\n<p>Les candidats seront retenus sur l\u2019un ou plusieurs postes selon leurs choix, disponibilit\u00e9s, comp\u00e9tences et motivations. Une attention particuli\u00e8re sera port\u00e9e aux candidatures qualifi\u00e9es (BPJEPS,BAFA, CAP petite enfance) qui se positionneront sur plusieurs postes.<\/p>\n<ul>\n<li>Contact: Mairie de MEYZIEU: Place de l\u00b4Europe &#8211; <abbr title=\"bo\u00eete postale\">BP<\/abbr> 122 &#8211; 69883 Meyzieu Cedex \u200c <abbr title=\"t\u00e9l\u00e9phone\">T\u00e9l.<\/abbr> 04.72.45.16.16<\/li>\n<\/ul>\n<h4>Retrouvez l&rsquo;ACTU de la commune sur: <a href=\"http:\/\/www.meyzieu.fr\" target=\"_blank\" rel=\"noopener\">http:\/\/www.meyzieu.fr<\/a><\/h4>\n","protected":false},"excerpt":{"rendered":"<p>Diff\u00e9rents postes sont \u00e0 pourvoir \u00e0 la direction de l\u2019\u00e9ducation et \u00e0 la direction des sports, jeunesse et loisirs. Ces postes \u00e0 temps non complets peuvent \u00eatre cumul\u00e9s entre eux. Les candidats seront retenus sur l\u2019un ou plusieurs postes selon leurs choix, disponibilit\u00e9s, comp\u00e9tences et motivations. Une attention particuli\u00e8re sera port\u00e9e aux candidatures qualifi\u00e9es (BPJEPS,BAFA, [&hellip;]<\/p>\n","protected":false},"author":4,"featured_media":0,"comment_status":"open","ping_status":"open","sticky":false,"template":"","format":"standard","meta":{"footnotes":""},"categories":[30,24,309,173],"tags":[],"class_list":["post-33578","post","type-post","status-publish","format-standard","hentry","category-a-la-une","category-meyzieu","category-pratique","category-scolaire"],"yoast_head":"<!-- This site is optimized with the Yoast SEO plugin v27.2 - https:\/\/yoast.com\/product\/yoast-seo-wordpress\/ -->\n<title>MEYZIEU : La Ville recrute des animateurs p\u00e9riscolaires et extrascolaires<\/title>\n<meta name=\"description\" content=\"MEYZIEU : La Ville recrute des animateurs p\u00e9riscolaires et extrascolaires\" \/>\n<meta name=\"robots\" content=\"index, follow, max-snippet:-1, max-image-preview:large, max-video-preview:-1\" \/>\n<link rel=\"canonical\" href=\"https:\/\/newsestlyonnais.fr\/site\/2017\/08\/19\/meyzieu-la-ville-recrute-des-animateurs-periscolaires-et-extrascolaires\/\" \/>\n<meta property=\"og:locale\" content=\"fr_FR\" \/>\n<meta property=\"og:type\" content=\"article\" \/>\n<meta property=\"og:title\" content=\"MEYZIEU : La Ville recrute des animateurs p\u00e9riscolaires et extrascolaires\" \/>\n<meta property=\"og:description\" content=\"MEYZIEU : La Ville recrute des animateurs p\u00e9riscolaires et extrascolaires\" \/>\n<meta property=\"og:url\" content=\"https:\/\/newsestlyonnais.fr\/site\/2017\/08\/19\/meyzieu-la-ville-recrute-des-animateurs-periscolaires-et-extrascolaires\/\" \/>\n<meta property=\"og:site_name\" content=\"News Est Lyonnais\" \/>\n<meta property=\"article:author\" content=\"https:\/\/www.facebook.com\/pascal.oberson.1?fref=ts\" \/>\n<meta property=\"article:published_time\" content=\"2017-08-19T05:54:10+00:00\" \/>\n<meta property=\"article:modified_time\" content=\"2023-08-24T09:33:34+00:00\" \/>\n<meta name=\"author\" content=\"R\u00e9dac. NEWS\" \/>\n<meta name=\"twitter:card\" content=\"summary_large_image\" \/>\n<meta name=\"twitter:label1\" content=\"\u00c9crit par\" \/>\n\t<meta name=\"twitter:data1\" content=\"R\u00e9dac. NEWS\" \/>\n<script type=\"application\/ld+json\" class=\"yoast-schema-graph\">{\"@context\":\"https:\/\/schema.org\",\"@graph\":[{\"@type\":\"Article\",\"@id\":\"https:\/\/newsestlyonnais.fr\/site\/2017\/08\/19\/meyzieu-la-ville-recrute-des-animateurs-periscolaires-et-extrascolaires\/#article\",\"isPartOf\":{\"@id\":\"https:\/\/newsestlyonnais.fr\/site\/2017\/08\/19\/meyzieu-la-ville-recrute-des-animateurs-periscolaires-et-extrascolaires\/\"},\"author\":{\"name\":\"R\u00e9dac. NEWS\",\"@id\":\"https:\/\/newsestlyonnais.fr\/site\/#\/schema\/person\/3230d5615f390bb808365d673001e887\"},\"headline\":\"MEYZIEU | La Ville recrute des animateurs p\u00e9riscolaires et extrascolaires\",\"datePublished\":\"2017-08-19T05:54:10+00:00\",\"dateModified\":\"2023-08-24T09:33:34+00:00\",\"mainEntityOfPage\":{\"@id\":\"https:\/\/newsestlyonnais.fr\/site\/2017\/08\/19\/meyzieu-la-ville-recrute-des-animateurs-periscolaires-et-extrascolaires\/\"},\"wordCount\":106,\"commentCount\":0,\"publisher\":{\"@id\":\"https:\/\/newsestlyonnais.fr\/site\/#organization\"},\"articleSection\":[\"\u00e0 la une\",\"Meyzieu\",\"Pratique\",\"Scolaire\"],\"inLanguage\":\"fr-FR\",\"potentialAction\":[{\"@type\":\"CommentAction\",\"name\":\"Comment\",\"target\":[\"https:\/\/newsestlyonnais.fr\/site\/2017\/08\/19\/meyzieu-la-ville-recrute-des-animateurs-periscolaires-et-extrascolaires\/#respond\"]}]},{\"@type\":\"WebPage\",\"@id\":\"https:\/\/newsestlyonnais.fr\/site\/2017\/08\/19\/meyzieu-la-ville-recrute-des-animateurs-periscolaires-et-extrascolaires\/\",\"url\":\"https:\/\/newsestlyonnais.fr\/site\/2017\/08\/19\/meyzieu-la-ville-recrute-des-animateurs-periscolaires-et-extrascolaires\/\",\"name\":\"MEYZIEU : La Ville recrute des animateurs p\u00e9riscolaires et extrascolaires\",\"isPartOf\":{\"@id\":\"https:\/\/newsestlyonnais.fr\/site\/#website\"},\"datePublished\":\"2017-08-19T05:54:10+00:00\",\"dateModified\":\"2023-08-24T09:33:34+00:00\",\"description\":\"MEYZIEU : La Ville recrute des animateurs p\u00e9riscolaires et extrascolaires\",\"breadcrumb\":{\"@id\":\"https:\/\/newsestlyonnais.fr\/site\/2017\/08\/19\/meyzieu-la-ville-recrute-des-animateurs-periscolaires-et-extrascolaires\/#breadcrumb\"},\"inLanguage\":\"fr-FR\",\"potentialAction\":[{\"@type\":\"ReadAction\",\"target\":[\"https:\/\/newsestlyonnais.fr\/site\/2017\/08\/19\/meyzieu-la-ville-recrute-des-animateurs-periscolaires-et-extrascolaires\/\"]}]},{\"@type\":\"BreadcrumbList\",\"@id\":\"https:\/\/newsestlyonnais.fr\/site\/2017\/08\/19\/meyzieu-la-ville-recrute-des-animateurs-periscolaires-et-extrascolaires\/#breadcrumb\",\"itemListElement\":[{\"@type\":\"ListItem\",\"position\":1,\"name\":\"Accueil\",\"item\":\"https:\/\/newsestlyonnais.fr\/site\/\"},{\"@type\":\"ListItem\",\"position\":2,\"name\":\"MEYZIEU | La Ville recrute des animateurs p\u00e9riscolaires et extrascolaires\"}]},{\"@type\":\"WebSite\",\"@id\":\"https:\/\/newsestlyonnais.fr\/site\/#website\",\"url\":\"https:\/\/newsestlyonnais.fr\/site\/\",\"name\":\"News Est Lyonnais\",\"description\":\"L&#039;actualit\u00e9 au plus pr\u00e8s\",\"publisher\":{\"@id\":\"https:\/\/newsestlyonnais.fr\/site\/#organization\"},\"potentialAction\":[{\"@type\":\"SearchAction\",\"target\":{\"@type\":\"EntryPoint\",\"urlTemplate\":\"https:\/\/newsestlyonnais.fr\/site\/?s={search_term_string}\"},\"query-input\":{\"@type\":\"PropertyValueSpecification\",\"valueRequired\":true,\"valueName\":\"search_term_string\"}}],\"inLanguage\":\"fr-FR\"},{\"@type\":\"Organization\",\"@id\":\"https:\/\/newsestlyonnais.fr\/site\/#organization\",\"name\":\"News EST LYONNAIS\",\"url\":\"https:\/\/newsestlyonnais.fr\/site\/\",\"logo\":{\"@type\":\"ImageObject\",\"inLanguage\":\"fr-FR\",\"@id\":\"https:\/\/newsestlyonnais.fr\/site\/#\/schema\/logo\/image\/\",\"url\":\"\",\"contentUrl\":\"\",\"caption\":\"News EST LYONNAIS\"},\"image\":{\"@id\":\"https:\/\/newsestlyonnais.fr\/site\/#\/schema\/logo\/image\/\"}},{\"@type\":\"Person\",\"@id\":\"https:\/\/newsestlyonnais.fr\/site\/#\/schema\/person\/3230d5615f390bb808365d673001e887\",\"name\":\"R\u00e9dac. NEWS\",\"sameAs\":[\"http:\/\/www.newsestlyonnais.fr\",\"https:\/\/www.facebook.com\/pascal.oberson.1?fref=ts\",\"https:\/\/fr.linkedin.com\/in\/pascal-oberson-b17045113\"],\"url\":\"https:\/\/newsestlyonnais.fr\/site\/author\/nel\/\"}]}<\/script>\n<!-- \/ Yoast SEO plugin. -->","yoast_head_json":{"title":"MEYZIEU : La Ville recrute des animateurs p\u00e9riscolaires et extrascolaires","description":"MEYZIEU : La Ville recrute des animateurs p\u00e9riscolaires et extrascolaires","robots":{"index":"index","follow":"follow","max-snippet":"max-snippet:-1","max-image-preview":"max-image-preview:large","max-video-preview":"max-video-preview:-1"},"canonical":"https:\/\/newsestlyonnais.fr\/site\/2017\/08\/19\/meyzieu-la-ville-recrute-des-animateurs-periscolaires-et-extrascolaires\/","og_locale":"fr_FR","og_type":"article","og_title":"MEYZIEU : La Ville recrute des animateurs p\u00e9riscolaires et extrascolaires","og_description":"MEYZIEU : La Ville recrute des animateurs p\u00e9riscolaires et extrascolaires","og_url":"https:\/\/newsestlyonnais.fr\/site\/2017\/08\/19\/meyzieu-la-ville-recrute-des-animateurs-periscolaires-et-extrascolaires\/","og_site_name":"News Est Lyonnais","article_author":"https:\/\/www.facebook.com\/pascal.oberson.1?fref=ts","article_published_time":"2017-08-19T05:54:10+00:00","article_modified_time":"2023-08-24T09:33:34+00:00","author":"R\u00e9dac. NEWS","twitter_card":"summary_large_image","twitter_misc":{"\u00c9crit par":"R\u00e9dac. NEWS"},"schema":{"@context":"https:\/\/schema.org","@graph":[{"@type":"Article","@id":"https:\/\/newsestlyonnais.fr\/site\/2017\/08\/19\/meyzieu-la-ville-recrute-des-animateurs-periscolaires-et-extrascolaires\/#article","isPartOf":{"@id":"https:\/\/newsestlyonnais.fr\/site\/2017\/08\/19\/meyzieu-la-ville-recrute-des-animateurs-periscolaires-et-extrascolaires\/"},"author":{"name":"R\u00e9dac. NEWS","@id":"https:\/\/newsestlyonnais.fr\/site\/#\/schema\/person\/3230d5615f390bb808365d673001e887"},"headline":"MEYZIEU | La Ville recrute des animateurs p\u00e9riscolaires et extrascolaires","datePublished":"2017-08-19T05:54:10+00:00","dateModified":"2023-08-24T09:33:34+00:00","mainEntityOfPage":{"@id":"https:\/\/newsestlyonnais.fr\/site\/2017\/08\/19\/meyzieu-la-ville-recrute-des-animateurs-periscolaires-et-extrascolaires\/"},"wordCount":106,"commentCount":0,"publisher":{"@id":"https:\/\/newsestlyonnais.fr\/site\/#organization"},"articleSection":["\u00e0 la une","Meyzieu","Pratique","Scolaire"],"inLanguage":"fr-FR","potentialAction":[{"@type":"CommentAction","name":"Comment","target":["https:\/\/newsestlyonnais.fr\/site\/2017\/08\/19\/meyzieu-la-ville-recrute-des-animateurs-periscolaires-et-extrascolaires\/#respond"]}]},{"@type":"WebPage","@id":"https:\/\/newsestlyonnais.fr\/site\/2017\/08\/19\/meyzieu-la-ville-recrute-des-animateurs-periscolaires-et-extrascolaires\/","url":"https:\/\/newsestlyonnais.fr\/site\/2017\/08\/19\/meyzieu-la-ville-recrute-des-animateurs-periscolaires-et-extrascolaires\/","name":"MEYZIEU : La Ville recrute des animateurs p\u00e9riscolaires et extrascolaires","isPartOf":{"@id":"https:\/\/newsestlyonnais.fr\/site\/#website"},"datePublished":"2017-08-19T05:54:10+00:00","dateModified":"2023-08-24T09:33:34+00:00","description":"MEYZIEU : La Ville recrute des animateurs p\u00e9riscolaires et extrascolaires","breadcrumb":{"@id":"https:\/\/newsestlyonnais.fr\/site\/2017\/08\/19\/meyzieu-la-ville-recrute-des-animateurs-periscolaires-et-extrascolaires\/#breadcrumb"},"inLanguage":"fr-FR","potentialAction":[{"@type":"ReadAction","target":["https:\/\/newsestlyonnais.fr\/site\/2017\/08\/19\/meyzieu-la-ville-recrute-des-animateurs-periscolaires-et-extrascolaires\/"]}]},{"@type":"BreadcrumbList","@id":"https:\/\/newsestlyonnais.fr\/site\/2017\/08\/19\/meyzieu-la-ville-recrute-des-animateurs-periscolaires-et-extrascolaires\/#breadcrumb","itemListElement":[{"@type":"ListItem","position":1,"name":"Accueil","item":"https:\/\/newsestlyonnais.fr\/site\/"},{"@type":"ListItem","position":2,"name":"MEYZIEU | La Ville recrute des animateurs p\u00e9riscolaires et extrascolaires"}]},{"@type":"WebSite","@id":"https:\/\/newsestlyonnais.fr\/site\/#website","url":"https:\/\/newsestlyonnais.fr\/site\/","name":"News Est Lyonnais","description":"L&#039;actualit\u00e9 au plus pr\u00e8s","publisher":{"@id":"https:\/\/newsestlyonnais.fr\/site\/#organization"},"potentialAction":[{"@type":"SearchAction","target":{"@type":"EntryPoint","urlTemplate":"https:\/\/newsestlyonnais.fr\/site\/?s={search_term_string}"},"query-input":{"@type":"PropertyValueSpecification","valueRequired":true,"valueName":"search_term_string"}}],"inLanguage":"fr-FR"},{"@type":"Organization","@id":"https:\/\/newsestlyonnais.fr\/site\/#organization","name":"News EST LYONNAIS","url":"https:\/\/newsestlyonnais.fr\/site\/","logo":{"@type":"ImageObject","inLanguage":"fr-FR","@id":"https:\/\/newsestlyonnais.fr\/site\/#\/schema\/logo\/image\/","url":"","contentUrl":"","caption":"News EST LYONNAIS"},"image":{"@id":"https:\/\/newsestlyonnais.fr\/site\/#\/schema\/logo\/image\/"}},{"@type":"Person","@id":"https:\/\/newsestlyonnais.fr\/site\/#\/schema\/person\/3230d5615f390bb808365d673001e887","name":"R\u00e9dac. NEWS","sameAs":["http:\/\/www.newsestlyonnais.fr","https:\/\/www.facebook.com\/pascal.oberson.1?fref=ts","https:\/\/fr.linkedin.com\/in\/pascal-oberson-b17045113"],"url":"https:\/\/newsestlyonnais.fr\/site\/author\/nel\/"}]}},"_links":{"self":[{"href":"https:\/\/newsestlyonnais.fr\/site\/wp-json\/wp\/v2\/posts\/33578","targetHints":{"allow":["GET"]}}],"collection":[{"href":"https:\/\/newsestlyonnais.fr\/site\/wp-json\/wp\/v2\/posts"}],"about":[{"href":"https:\/\/newsestlyonnais.fr\/site\/wp-json\/wp\/v2\/types\/post"}],"author":[{"embeddable":true,"href":"https:\/\/newsestlyonnais.fr\/site\/wp-json\/wp\/v2\/users\/4"}],"replies":[{"embeddable":true,"href":"https:\/\/newsestlyonnais.fr\/site\/wp-json\/wp\/v2\/comments?post=33578"}],"version-history":[{"count":0,"href":"https:\/\/newsestlyonnais.fr\/site\/wp-json\/wp\/v2\/posts\/33578\/revisions"}],"wp:attachment":[{"href":"https:\/\/newsestlyonnais.fr\/site\/wp-json\/wp\/v2\/media?parent=33578"}],"wp:term":[{"taxonomy":"category","embeddable":true,"href":"https:\/\/newsestlyonnais.fr\/site\/wp-json\/wp\/v2\/categories?post=33578"},{"taxonomy":"post_tag","embeddable":true,"href":"https:\/\/newsestlyonnais.fr\/site\/wp-json\/wp\/v2\/tags?post=33578"}],"curies":[{"name":"wp","href":"https:\/\/api.w.org\/{rel}","templated":true}]}}