{"id":33608,"date":"2017-08-21T13:59:34","date_gmt":"2017-08-21T12:59:34","guid":{"rendered":"http:\/\/newsestlyonnais.fr\/site\/?p=33608"},"modified":"2020-10-30T14:28:04","modified_gmt":"2020-10-30T13:28:04","slug":"genas-la-chorale-esperance-de-lassociation-avea-recherche-chanteurs-et-chanteuses","status":"publish","type":"post","link":"https:\/\/newsestlyonnais.fr\/site\/2017\/08\/21\/genas-la-chorale-esperance-de-lassociation-avea-recherche-chanteurs-et-chanteuses\/","title":{"rendered":"GENAS | La chorale \u00ab\u00a0Esp\u00e9rance\u00a0\u00bb de l&rsquo;association AVEA recherche chanteurs et chanteuses"},"content":{"rendered":"<h4>L&rsquo;association <em>A.V.E.A (Association du Verger pour l\u2019Esp\u00e9rance et l\u2019Avenir) <\/em>et la Chorale \u00ab\u00a0Esp\u00e9rance\u00a0\u00bb seront pr\u00e9sentes le samedi 2 septembre prochain au Forum des Associations de Genas.<\/h4>\n<p>La chorale qui d&rsquo;ailleurs <strong>recrute des chanteurs et chanteuses pour son groupe de chant<\/strong> en profitera pour convier les visiteurs \u00e0 la rejoindre pour la prochaine saison et pr\u00e9sentera des vid\u00e9os et photos des sorties effectu\u00e9es lors de cette ann\u00e9e 2017 et d\u00e9voilera son programme pour 2018.<\/p>\n<ul>\n<li>Plus d\u2019infos sur le site de l&rsquo;association : <a href=\"http:\/\/avea-genas.jimdo.com\" target=\"_blank\" rel=\"noopener noreferrer\"><strong>http:\/\/avea-genas.jimdo.com<\/strong><\/a><\/li>\n<\/ul>\n<p>Contact par mail : <a href=\"mailto:avea69740@gmail.com\">avea69740@gmail.com<\/a><\/p>\n","protected":false},"excerpt":{"rendered":"<p>L&rsquo;association A.V.E.A (Association du Verger pour l\u2019Esp\u00e9rance et l\u2019Avenir) et la Chorale \u00ab\u00a0Esp\u00e9rance\u00a0\u00bb seront pr\u00e9sentes le samedi 2 septembre prochain au Forum des Associations de Genas. La chorale qui d&rsquo;ailleurs recrute des chanteurs et chanteuses pour son groupe de chant en profitera pour convier les visiteurs \u00e0 la rejoindre pour la prochaine saison et pr\u00e9sentera [&hellip;]<\/p>\n","protected":false},"author":4,"featured_media":0,"comment_status":"open","ping_status":"open","sticky":false,"template":"","format":"standard","meta":{"footnotes":""},"categories":[270,1598,3006],"tags":[],"class_list":["post-33608","post","type-post","status-publish","format-standard","hentry","category-cte-de-communes-c-c-e-l","category-genas","category-musique-danse-humour"],"yoast_head":"<!-- This site is optimized with the Yoast SEO plugin v27.2 - https:\/\/yoast.com\/product\/yoast-seo-wordpress\/ -->\n<title>GENAS : La chorale &quot;Esp\u00e9rance&quot; de l&#039;association AVEA recherche chanteurs et chanteuses<\/title>\n<meta name=\"description\" content=\"GENAS : La chorale &quot;Esp\u00e9rance&quot; de l&#039;association AVEA recherche chanteurs et chanteuses pour son groupe de chant et d\u00e9voilera son programme pour 2018.\" \/>\n<meta name=\"robots\" content=\"index, follow, max-snippet:-1, max-image-preview:large, max-video-preview:-1\" \/>\n<link rel=\"canonical\" href=\"https:\/\/newsestlyonnais.fr\/site\/2017\/08\/21\/genas-la-chorale-esperance-de-lassociation-avea-recherche-chanteurs-et-chanteuses\/\" \/>\n<meta property=\"og:locale\" content=\"fr_FR\" \/>\n<meta property=\"og:type\" content=\"article\" \/>\n<meta property=\"og:title\" content=\"GENAS : La chorale &quot;Esp\u00e9rance&quot; de l&#039;association AVEA recherche chanteurs et chanteuses\" \/>\n<meta property=\"og:description\" content=\"GENAS : La chorale &quot;Esp\u00e9rance&quot; de l&#039;association AVEA recherche chanteurs et chanteuses pour son groupe de chant et d\u00e9voilera son programme pour 2018.\" \/>\n<meta property=\"og:url\" content=\"https:\/\/newsestlyonnais.fr\/site\/2017\/08\/21\/genas-la-chorale-esperance-de-lassociation-avea-recherche-chanteurs-et-chanteuses\/\" \/>\n<meta property=\"og:site_name\" content=\"News Est Lyonnais\" \/>\n<meta property=\"article:author\" content=\"https:\/\/www.facebook.com\/pascal.oberson.1?fref=ts\" \/>\n<meta property=\"article:published_time\" content=\"2017-08-21T12:59:34+00:00\" \/>\n<meta property=\"article:modified_time\" content=\"2020-10-30T13:28:04+00:00\" \/>\n<meta name=\"author\" content=\"R\u00e9dac. NEWS\" \/>\n<meta name=\"twitter:card\" content=\"summary_large_image\" \/>\n<meta name=\"twitter:label1\" content=\"\u00c9crit par\" \/>\n\t<meta name=\"twitter:data1\" content=\"R\u00e9dac. NEWS\" \/>\n\t<meta name=\"twitter:label2\" content=\"Dur\u00e9e de lecture estim\u00e9e\" \/>\n\t<meta name=\"twitter:data2\" content=\"1 minute\" \/>\n<script type=\"application\/ld+json\" class=\"yoast-schema-graph\">{\"@context\":\"https:\/\/schema.org\",\"@graph\":[{\"@type\":\"Article\",\"@id\":\"https:\/\/newsestlyonnais.fr\/site\/2017\/08\/21\/genas-la-chorale-esperance-de-lassociation-avea-recherche-chanteurs-et-chanteuses\/#article\",\"isPartOf\":{\"@id\":\"https:\/\/newsestlyonnais.fr\/site\/2017\/08\/21\/genas-la-chorale-esperance-de-lassociation-avea-recherche-chanteurs-et-chanteuses\/\"},\"author\":{\"name\":\"R\u00e9dac. NEWS\",\"@id\":\"https:\/\/newsestlyonnais.fr\/site\/#\/schema\/person\/3230d5615f390bb808365d673001e887\"},\"headline\":\"GENAS | La chorale \u00ab\u00a0Esp\u00e9rance\u00a0\u00bb de l&rsquo;association AVEA recherche chanteurs et chanteuses\",\"datePublished\":\"2017-08-21T12:59:34+00:00\",\"dateModified\":\"2020-10-30T13:28:04+00:00\",\"mainEntityOfPage\":{\"@id\":\"https:\/\/newsestlyonnais.fr\/site\/2017\/08\/21\/genas-la-chorale-esperance-de-lassociation-avea-recherche-chanteurs-et-chanteuses\/\"},\"wordCount\":116,\"commentCount\":0,\"publisher\":{\"@id\":\"https:\/\/newsestlyonnais.fr\/site\/#organization\"},\"articleSection\":[\"CCEL | Communes\",\"Genas\",\"Musique | Danse | Humour\"],\"inLanguage\":\"fr-FR\",\"potentialAction\":[{\"@type\":\"CommentAction\",\"name\":\"Comment\",\"target\":[\"https:\/\/newsestlyonnais.fr\/site\/2017\/08\/21\/genas-la-chorale-esperance-de-lassociation-avea-recherche-chanteurs-et-chanteuses\/#respond\"]}]},{\"@type\":\"WebPage\",\"@id\":\"https:\/\/newsestlyonnais.fr\/site\/2017\/08\/21\/genas-la-chorale-esperance-de-lassociation-avea-recherche-chanteurs-et-chanteuses\/\",\"url\":\"https:\/\/newsestlyonnais.fr\/site\/2017\/08\/21\/genas-la-chorale-esperance-de-lassociation-avea-recherche-chanteurs-et-chanteuses\/\",\"name\":\"GENAS : La chorale \\\"Esp\u00e9rance\\\" de l'association AVEA recherche chanteurs et chanteuses\",\"isPartOf\":{\"@id\":\"https:\/\/newsestlyonnais.fr\/site\/#website\"},\"datePublished\":\"2017-08-21T12:59:34+00:00\",\"dateModified\":\"2020-10-30T13:28:04+00:00\",\"description\":\"GENAS : La chorale \\\"Esp\u00e9rance\\\" de l'association AVEA recherche chanteurs et chanteuses pour son groupe de chant et d\u00e9voilera son programme pour 2018.\",\"breadcrumb\":{\"@id\":\"https:\/\/newsestlyonnais.fr\/site\/2017\/08\/21\/genas-la-chorale-esperance-de-lassociation-avea-recherche-chanteurs-et-chanteuses\/#breadcrumb\"},\"inLanguage\":\"fr-FR\",\"potentialAction\":[{\"@type\":\"ReadAction\",\"target\":[\"https:\/\/newsestlyonnais.fr\/site\/2017\/08\/21\/genas-la-chorale-esperance-de-lassociation-avea-recherche-chanteurs-et-chanteuses\/\"]}]},{\"@type\":\"BreadcrumbList\",\"@id\":\"https:\/\/newsestlyonnais.fr\/site\/2017\/08\/21\/genas-la-chorale-esperance-de-lassociation-avea-recherche-chanteurs-et-chanteuses\/#breadcrumb\",\"itemListElement\":[{\"@type\":\"ListItem\",\"position\":1,\"name\":\"Accueil\",\"item\":\"https:\/\/newsestlyonnais.fr\/site\/\"},{\"@type\":\"ListItem\",\"position\":2,\"name\":\"GENAS | La chorale \u00ab\u00a0Esp\u00e9rance\u00a0\u00bb de l&rsquo;association AVEA recherche chanteurs et chanteuses\"}]},{\"@type\":\"WebSite\",\"@id\":\"https:\/\/newsestlyonnais.fr\/site\/#website\",\"url\":\"https:\/\/newsestlyonnais.fr\/site\/\",\"name\":\"News Est Lyonnais\",\"description\":\"L&#039;actualit\u00e9 au plus pr\u00e8s\",\"publisher\":{\"@id\":\"https:\/\/newsestlyonnais.fr\/site\/#organization\"},\"potentialAction\":[{\"@type\":\"SearchAction\",\"target\":{\"@type\":\"EntryPoint\",\"urlTemplate\":\"https:\/\/newsestlyonnais.fr\/site\/?s={search_term_string}\"},\"query-input\":{\"@type\":\"PropertyValueSpecification\",\"valueRequired\":true,\"valueName\":\"search_term_string\"}}],\"inLanguage\":\"fr-FR\"},{\"@type\":\"Organization\",\"@id\":\"https:\/\/newsestlyonnais.fr\/site\/#organization\",\"name\":\"News EST LYONNAIS\",\"url\":\"https:\/\/newsestlyonnais.fr\/site\/\",\"logo\":{\"@type\":\"ImageObject\",\"inLanguage\":\"fr-FR\",\"@id\":\"https:\/\/newsestlyonnais.fr\/site\/#\/schema\/logo\/image\/\",\"url\":\"\",\"contentUrl\":\"\",\"caption\":\"News EST LYONNAIS\"},\"image\":{\"@id\":\"https:\/\/newsestlyonnais.fr\/site\/#\/schema\/logo\/image\/\"}},{\"@type\":\"Person\",\"@id\":\"https:\/\/newsestlyonnais.fr\/site\/#\/schema\/person\/3230d5615f390bb808365d673001e887\",\"name\":\"R\u00e9dac. NEWS\",\"sameAs\":[\"http:\/\/www.newsestlyonnais.fr\",\"https:\/\/www.facebook.com\/pascal.oberson.1?fref=ts\",\"https:\/\/fr.linkedin.com\/in\/pascal-oberson-b17045113\"],\"url\":\"https:\/\/newsestlyonnais.fr\/site\/author\/nel\/\"}]}<\/script>\n<!-- \/ Yoast SEO plugin. -->","yoast_head_json":{"title":"GENAS : La chorale \"Esp\u00e9rance\" de l'association AVEA recherche chanteurs et chanteuses","description":"GENAS : La chorale \"Esp\u00e9rance\" de l'association AVEA recherche chanteurs et chanteuses pour son groupe de chant et d\u00e9voilera son programme pour 2018.","robots":{"index":"index","follow":"follow","max-snippet":"max-snippet:-1","max-image-preview":"max-image-preview:large","max-video-preview":"max-video-preview:-1"},"canonical":"https:\/\/newsestlyonnais.fr\/site\/2017\/08\/21\/genas-la-chorale-esperance-de-lassociation-avea-recherche-chanteurs-et-chanteuses\/","og_locale":"fr_FR","og_type":"article","og_title":"GENAS : La chorale \"Esp\u00e9rance\" de l'association AVEA recherche chanteurs et chanteuses","og_description":"GENAS : La chorale \"Esp\u00e9rance\" de l'association AVEA recherche chanteurs et chanteuses pour son groupe de chant et d\u00e9voilera son programme pour 2018.","og_url":"https:\/\/newsestlyonnais.fr\/site\/2017\/08\/21\/genas-la-chorale-esperance-de-lassociation-avea-recherche-chanteurs-et-chanteuses\/","og_site_name":"News Est Lyonnais","article_author":"https:\/\/www.facebook.com\/pascal.oberson.1?fref=ts","article_published_time":"2017-08-21T12:59:34+00:00","article_modified_time":"2020-10-30T13:28:04+00:00","author":"R\u00e9dac. NEWS","twitter_card":"summary_large_image","twitter_misc":{"\u00c9crit par":"R\u00e9dac. NEWS","Dur\u00e9e de lecture estim\u00e9e":"1 minute"},"schema":{"@context":"https:\/\/schema.org","@graph":[{"@type":"Article","@id":"https:\/\/newsestlyonnais.fr\/site\/2017\/08\/21\/genas-la-chorale-esperance-de-lassociation-avea-recherche-chanteurs-et-chanteuses\/#article","isPartOf":{"@id":"https:\/\/newsestlyonnais.fr\/site\/2017\/08\/21\/genas-la-chorale-esperance-de-lassociation-avea-recherche-chanteurs-et-chanteuses\/"},"author":{"name":"R\u00e9dac. NEWS","@id":"https:\/\/newsestlyonnais.fr\/site\/#\/schema\/person\/3230d5615f390bb808365d673001e887"},"headline":"GENAS | La chorale \u00ab\u00a0Esp\u00e9rance\u00a0\u00bb de l&rsquo;association AVEA recherche chanteurs et chanteuses","datePublished":"2017-08-21T12:59:34+00:00","dateModified":"2020-10-30T13:28:04+00:00","mainEntityOfPage":{"@id":"https:\/\/newsestlyonnais.fr\/site\/2017\/08\/21\/genas-la-chorale-esperance-de-lassociation-avea-recherche-chanteurs-et-chanteuses\/"},"wordCount":116,"commentCount":0,"publisher":{"@id":"https:\/\/newsestlyonnais.fr\/site\/#organization"},"articleSection":["CCEL | Communes","Genas","Musique | Danse | Humour"],"inLanguage":"fr-FR","potentialAction":[{"@type":"CommentAction","name":"Comment","target":["https:\/\/newsestlyonnais.fr\/site\/2017\/08\/21\/genas-la-chorale-esperance-de-lassociation-avea-recherche-chanteurs-et-chanteuses\/#respond"]}]},{"@type":"WebPage","@id":"https:\/\/newsestlyonnais.fr\/site\/2017\/08\/21\/genas-la-chorale-esperance-de-lassociation-avea-recherche-chanteurs-et-chanteuses\/","url":"https:\/\/newsestlyonnais.fr\/site\/2017\/08\/21\/genas-la-chorale-esperance-de-lassociation-avea-recherche-chanteurs-et-chanteuses\/","name":"GENAS : La chorale \"Esp\u00e9rance\" de l'association AVEA recherche chanteurs et chanteuses","isPartOf":{"@id":"https:\/\/newsestlyonnais.fr\/site\/#website"},"datePublished":"2017-08-21T12:59:34+00:00","dateModified":"2020-10-30T13:28:04+00:00","description":"GENAS : La chorale \"Esp\u00e9rance\" de l'association AVEA recherche chanteurs et chanteuses pour son groupe de chant et d\u00e9voilera son programme pour 2018.","breadcrumb":{"@id":"https:\/\/newsestlyonnais.fr\/site\/2017\/08\/21\/genas-la-chorale-esperance-de-lassociation-avea-recherche-chanteurs-et-chanteuses\/#breadcrumb"},"inLanguage":"fr-FR","potentialAction":[{"@type":"ReadAction","target":["https:\/\/newsestlyonnais.fr\/site\/2017\/08\/21\/genas-la-chorale-esperance-de-lassociation-avea-recherche-chanteurs-et-chanteuses\/"]}]},{"@type":"BreadcrumbList","@id":"https:\/\/newsestlyonnais.fr\/site\/2017\/08\/21\/genas-la-chorale-esperance-de-lassociation-avea-recherche-chanteurs-et-chanteuses\/#breadcrumb","itemListElement":[{"@type":"ListItem","position":1,"name":"Accueil","item":"https:\/\/newsestlyonnais.fr\/site\/"},{"@type":"ListItem","position":2,"name":"GENAS | La chorale \u00ab\u00a0Esp\u00e9rance\u00a0\u00bb de l&rsquo;association AVEA recherche chanteurs et chanteuses"}]},{"@type":"WebSite","@id":"https:\/\/newsestlyonnais.fr\/site\/#website","url":"https:\/\/newsestlyonnais.fr\/site\/","name":"News Est Lyonnais","description":"L&#039;actualit\u00e9 au plus pr\u00e8s","publisher":{"@id":"https:\/\/newsestlyonnais.fr\/site\/#organization"},"potentialAction":[{"@type":"SearchAction","target":{"@type":"EntryPoint","urlTemplate":"https:\/\/newsestlyonnais.fr\/site\/?s={search_term_string}"},"query-input":{"@type":"PropertyValueSpecification","valueRequired":true,"valueName":"search_term_string"}}],"inLanguage":"fr-FR"},{"@type":"Organization","@id":"https:\/\/newsestlyonnais.fr\/site\/#organization","name":"News EST LYONNAIS","url":"https:\/\/newsestlyonnais.fr\/site\/","logo":{"@type":"ImageObject","inLanguage":"fr-FR","@id":"https:\/\/newsestlyonnais.fr\/site\/#\/schema\/logo\/image\/","url":"","contentUrl":"","caption":"News EST LYONNAIS"},"image":{"@id":"https:\/\/newsestlyonnais.fr\/site\/#\/schema\/logo\/image\/"}},{"@type":"Person","@id":"https:\/\/newsestlyonnais.fr\/site\/#\/schema\/person\/3230d5615f390bb808365d673001e887","name":"R\u00e9dac. NEWS","sameAs":["http:\/\/www.newsestlyonnais.fr","https:\/\/www.facebook.com\/pascal.oberson.1?fref=ts","https:\/\/fr.linkedin.com\/in\/pascal-oberson-b17045113"],"url":"https:\/\/newsestlyonnais.fr\/site\/author\/nel\/"}]}},"_links":{"self":[{"href":"https:\/\/newsestlyonnais.fr\/site\/wp-json\/wp\/v2\/posts\/33608","targetHints":{"allow":["GET"]}}],"collection":[{"href":"https:\/\/newsestlyonnais.fr\/site\/wp-json\/wp\/v2\/posts"}],"about":[{"href":"https:\/\/newsestlyonnais.fr\/site\/wp-json\/wp\/v2\/types\/post"}],"author":[{"embeddable":true,"href":"https:\/\/newsestlyonnais.fr\/site\/wp-json\/wp\/v2\/users\/4"}],"replies":[{"embeddable":true,"href":"https:\/\/newsestlyonnais.fr\/site\/wp-json\/wp\/v2\/comments?post=33608"}],"version-history":[{"count":0,"href":"https:\/\/newsestlyonnais.fr\/site\/wp-json\/wp\/v2\/posts\/33608\/revisions"}],"wp:attachment":[{"href":"https:\/\/newsestlyonnais.fr\/site\/wp-json\/wp\/v2\/media?parent=33608"}],"wp:term":[{"taxonomy":"category","embeddable":true,"href":"https:\/\/newsestlyonnais.fr\/site\/wp-json\/wp\/v2\/categories?post=33608"},{"taxonomy":"post_tag","embeddable":true,"href":"https:\/\/newsestlyonnais.fr\/site\/wp-json\/wp\/v2\/tags?post=33608"}],"curies":[{"name":"wp","href":"https:\/\/api.w.org\/{rel}","templated":true}]}}