{"id":33610,"date":"2017-08-21T06:16:41","date_gmt":"2017-08-21T05:16:41","guid":{"rendered":"http:\/\/newsestlyonnais.fr\/site\/?p=33610"},"modified":"2020-11-02T14:36:04","modified_gmt":"2020-11-02T13:36:04","slug":"vaulx-en-velin-lus-vaulx-foot-qualifiee-pour-le-2-tour-de-coupe-de-france","status":"publish","type":"post","link":"https:\/\/newsestlyonnais.fr\/site\/2017\/08\/21\/vaulx-en-velin-lus-vaulx-foot-qualifiee-pour-le-2-tour-de-coupe-de-france\/","title":{"rendered":"VAULX-EN-VELIN | L&rsquo;US Vaulx Foot qualifi\u00e9e pour le 2\u00b0 tour de Coupe de France"},"content":{"rendered":"<h4>Belle entr\u00e9e en mati\u00e8re pour les footballeurs seniors 1 de l&rsquo;US Vaulx \u00e0 l&rsquo;occasion de la reprise officielle de la comp\u00e9tition.<\/h4>\n<p>Les joueurs vaudais (PHOTO A LA UNE) disputaient en effet dimanche apr\u00e8s-midi le 1\u00b0 tour de la phase r\u00e9gionale (Ligue Auvergne Rh\u00f4ne Alpes) de la Coupe de France. Malgr\u00e9 le fait d&rsquo;\u00e9voluer \u00e0 l&rsquo;ext\u00e9rieur, ils se sont tr\u00e8s bien comport\u00e9s en l&#8217;emportant largement 5\/1, d\u00e9crochant ainsi leur billet qualificatif pour le 2\u00b0 tour.<\/p>\n<p>De bon augure avant de d\u00e9marrer le championnat en 1\u00b0 division de District d\u00e8s le dimanche 3 septembre pour un nouveau d\u00e9placement pr\u00e9vu \u00e0 Saint Symphorien sur Coise face aux Hauts Lyonnais 2.<\/p>\n<ul>\n<li><strong>Retrouvez l&rsquo;ACTU du club sur:\u00a0<a href=\"http:\/\/usvaulxfoot.footeo.com\" target=\"_blank\" rel=\"noopener noreferrer\">http:\/\/usvaulxfoot.footeo.com<\/a> <\/strong><\/li>\n<\/ul>\n<p>&nbsp;<\/p>\n<p>&nbsp;<\/p>\n","protected":false},"excerpt":{"rendered":"<p>Belle entr\u00e9e en mati\u00e8re pour les footballeurs seniors 1 de l&rsquo;US Vaulx \u00e0 l&rsquo;occasion de la reprise officielle de la comp\u00e9tition. Les joueurs vaudais (PHOTO A LA UNE) disputaient en effet dimanche apr\u00e8s-midi le 1\u00b0 tour de la phase r\u00e9gionale (Ligue Auvergne Rh\u00f4ne Alpes) de la Coupe de France. Malgr\u00e9 le fait d&rsquo;\u00e9voluer \u00e0 l&rsquo;ext\u00e9rieur, [&hellip;]<\/p>\n","protected":false},"author":4,"featured_media":0,"comment_status":"open","ping_status":"open","sticky":false,"template":"","format":"standard","meta":{"footnotes":""},"categories":[1329,2996,28],"tags":[],"class_list":["post-33610","post","type-post","status-publish","format-standard","hentry","category-foot","category-football-rugby","category-vaulx-en-velin"],"yoast_head":"<!-- This site is optimized with the Yoast SEO plugin v27.2 - https:\/\/yoast.com\/product\/yoast-seo-wordpress\/ -->\n<title>VAULX EN VELIN : L&#039;US Vaulx Foot qualifi\u00e9e pour le 2\u00b0 tour de la Coupe de France<\/title>\n<meta name=\"description\" content=\"VAULX EN VELIN : L&#039;US Vaulx Foot qualifi\u00e9e pour le 2\u00b0 tour de la Coupe de France\" \/>\n<meta name=\"robots\" content=\"index, follow, max-snippet:-1, max-image-preview:large, max-video-preview:-1\" \/>\n<link rel=\"canonical\" href=\"https:\/\/newsestlyonnais.fr\/site\/2017\/08\/21\/vaulx-en-velin-lus-vaulx-foot-qualifiee-pour-le-2-tour-de-coupe-de-france\/\" \/>\n<meta property=\"og:locale\" content=\"fr_FR\" \/>\n<meta property=\"og:type\" content=\"article\" \/>\n<meta property=\"og:title\" content=\"VAULX EN VELIN : L&#039;US Vaulx Foot qualifi\u00e9e pour le 2\u00b0 tour de la Coupe de France\" \/>\n<meta property=\"og:description\" content=\"VAULX EN VELIN : L&#039;US Vaulx Foot qualifi\u00e9e pour le 2\u00b0 tour de la Coupe de France\" \/>\n<meta property=\"og:url\" content=\"https:\/\/newsestlyonnais.fr\/site\/2017\/08\/21\/vaulx-en-velin-lus-vaulx-foot-qualifiee-pour-le-2-tour-de-coupe-de-france\/\" \/>\n<meta property=\"og:site_name\" content=\"News Est Lyonnais\" \/>\n<meta property=\"article:author\" content=\"https:\/\/www.facebook.com\/pascal.oberson.1?fref=ts\" \/>\n<meta property=\"article:published_time\" content=\"2017-08-21T05:16:41+00:00\" \/>\n<meta property=\"article:modified_time\" content=\"2020-11-02T13:36:04+00:00\" \/>\n<meta name=\"author\" content=\"R\u00e9dac. NEWS\" \/>\n<meta name=\"twitter:card\" content=\"summary_large_image\" \/>\n<meta name=\"twitter:label1\" content=\"\u00c9crit par\" \/>\n\t<meta name=\"twitter:data1\" content=\"R\u00e9dac. NEWS\" \/>\n\t<meta name=\"twitter:label2\" content=\"Dur\u00e9e de lecture estim\u00e9e\" \/>\n\t<meta name=\"twitter:data2\" content=\"1 minute\" \/>\n<script type=\"application\/ld+json\" class=\"yoast-schema-graph\">{\"@context\":\"https:\/\/schema.org\",\"@graph\":[{\"@type\":\"Article\",\"@id\":\"https:\/\/newsestlyonnais.fr\/site\/2017\/08\/21\/vaulx-en-velin-lus-vaulx-foot-qualifiee-pour-le-2-tour-de-coupe-de-france\/#article\",\"isPartOf\":{\"@id\":\"https:\/\/newsestlyonnais.fr\/site\/2017\/08\/21\/vaulx-en-velin-lus-vaulx-foot-qualifiee-pour-le-2-tour-de-coupe-de-france\/\"},\"author\":{\"name\":\"R\u00e9dac. NEWS\",\"@id\":\"https:\/\/newsestlyonnais.fr\/site\/#\/schema\/person\/3230d5615f390bb808365d673001e887\"},\"headline\":\"VAULX-EN-VELIN | L&rsquo;US Vaulx Foot qualifi\u00e9e pour le 2\u00b0 tour de Coupe de France\",\"datePublished\":\"2017-08-21T05:16:41+00:00\",\"dateModified\":\"2020-11-02T13:36:04+00:00\",\"mainEntityOfPage\":{\"@id\":\"https:\/\/newsestlyonnais.fr\/site\/2017\/08\/21\/vaulx-en-velin-lus-vaulx-foot-qualifiee-pour-le-2-tour-de-coupe-de-france\/\"},\"wordCount\":142,\"commentCount\":0,\"publisher\":{\"@id\":\"https:\/\/newsestlyonnais.fr\/site\/#organization\"},\"articleSection\":[\"Foot | Futsal\",\"Foot | Rugby\",\"Vaulx-en-Velin\"],\"inLanguage\":\"fr-FR\",\"potentialAction\":[{\"@type\":\"CommentAction\",\"name\":\"Comment\",\"target\":[\"https:\/\/newsestlyonnais.fr\/site\/2017\/08\/21\/vaulx-en-velin-lus-vaulx-foot-qualifiee-pour-le-2-tour-de-coupe-de-france\/#respond\"]}]},{\"@type\":\"WebPage\",\"@id\":\"https:\/\/newsestlyonnais.fr\/site\/2017\/08\/21\/vaulx-en-velin-lus-vaulx-foot-qualifiee-pour-le-2-tour-de-coupe-de-france\/\",\"url\":\"https:\/\/newsestlyonnais.fr\/site\/2017\/08\/21\/vaulx-en-velin-lus-vaulx-foot-qualifiee-pour-le-2-tour-de-coupe-de-france\/\",\"name\":\"VAULX EN VELIN : L'US Vaulx Foot qualifi\u00e9e pour le 2\u00b0 tour de la Coupe de France\",\"isPartOf\":{\"@id\":\"https:\/\/newsestlyonnais.fr\/site\/#website\"},\"datePublished\":\"2017-08-21T05:16:41+00:00\",\"dateModified\":\"2020-11-02T13:36:04+00:00\",\"description\":\"VAULX EN VELIN : L'US Vaulx Foot qualifi\u00e9e pour le 2\u00b0 tour de la Coupe de France\",\"breadcrumb\":{\"@id\":\"https:\/\/newsestlyonnais.fr\/site\/2017\/08\/21\/vaulx-en-velin-lus-vaulx-foot-qualifiee-pour-le-2-tour-de-coupe-de-france\/#breadcrumb\"},\"inLanguage\":\"fr-FR\",\"potentialAction\":[{\"@type\":\"ReadAction\",\"target\":[\"https:\/\/newsestlyonnais.fr\/site\/2017\/08\/21\/vaulx-en-velin-lus-vaulx-foot-qualifiee-pour-le-2-tour-de-coupe-de-france\/\"]}]},{\"@type\":\"BreadcrumbList\",\"@id\":\"https:\/\/newsestlyonnais.fr\/site\/2017\/08\/21\/vaulx-en-velin-lus-vaulx-foot-qualifiee-pour-le-2-tour-de-coupe-de-france\/#breadcrumb\",\"itemListElement\":[{\"@type\":\"ListItem\",\"position\":1,\"name\":\"Accueil\",\"item\":\"https:\/\/newsestlyonnais.fr\/site\/\"},{\"@type\":\"ListItem\",\"position\":2,\"name\":\"VAULX-EN-VELIN | L&rsquo;US Vaulx Foot qualifi\u00e9e pour le 2\u00b0 tour de Coupe de France\"}]},{\"@type\":\"WebSite\",\"@id\":\"https:\/\/newsestlyonnais.fr\/site\/#website\",\"url\":\"https:\/\/newsestlyonnais.fr\/site\/\",\"name\":\"News Est Lyonnais\",\"description\":\"L&#039;actualit\u00e9 au plus pr\u00e8s\",\"publisher\":{\"@id\":\"https:\/\/newsestlyonnais.fr\/site\/#organization\"},\"potentialAction\":[{\"@type\":\"SearchAction\",\"target\":{\"@type\":\"EntryPoint\",\"urlTemplate\":\"https:\/\/newsestlyonnais.fr\/site\/?s={search_term_string}\"},\"query-input\":{\"@type\":\"PropertyValueSpecification\",\"valueRequired\":true,\"valueName\":\"search_term_string\"}}],\"inLanguage\":\"fr-FR\"},{\"@type\":\"Organization\",\"@id\":\"https:\/\/newsestlyonnais.fr\/site\/#organization\",\"name\":\"News EST LYONNAIS\",\"url\":\"https:\/\/newsestlyonnais.fr\/site\/\",\"logo\":{\"@type\":\"ImageObject\",\"inLanguage\":\"fr-FR\",\"@id\":\"https:\/\/newsestlyonnais.fr\/site\/#\/schema\/logo\/image\/\",\"url\":\"\",\"contentUrl\":\"\",\"caption\":\"News EST LYONNAIS\"},\"image\":{\"@id\":\"https:\/\/newsestlyonnais.fr\/site\/#\/schema\/logo\/image\/\"}},{\"@type\":\"Person\",\"@id\":\"https:\/\/newsestlyonnais.fr\/site\/#\/schema\/person\/3230d5615f390bb808365d673001e887\",\"name\":\"R\u00e9dac. NEWS\",\"sameAs\":[\"http:\/\/www.newsestlyonnais.fr\",\"https:\/\/www.facebook.com\/pascal.oberson.1?fref=ts\",\"https:\/\/fr.linkedin.com\/in\/pascal-oberson-b17045113\"],\"url\":\"https:\/\/newsestlyonnais.fr\/site\/author\/nel\/\"}]}<\/script>\n<!-- \/ Yoast SEO plugin. -->","yoast_head_json":{"title":"VAULX EN VELIN : L'US Vaulx Foot qualifi\u00e9e pour le 2\u00b0 tour de la Coupe de France","description":"VAULX EN VELIN : L'US Vaulx Foot qualifi\u00e9e pour le 2\u00b0 tour de la Coupe de France","robots":{"index":"index","follow":"follow","max-snippet":"max-snippet:-1","max-image-preview":"max-image-preview:large","max-video-preview":"max-video-preview:-1"},"canonical":"https:\/\/newsestlyonnais.fr\/site\/2017\/08\/21\/vaulx-en-velin-lus-vaulx-foot-qualifiee-pour-le-2-tour-de-coupe-de-france\/","og_locale":"fr_FR","og_type":"article","og_title":"VAULX EN VELIN : L'US Vaulx Foot qualifi\u00e9e pour le 2\u00b0 tour de la Coupe de France","og_description":"VAULX EN VELIN : L'US Vaulx Foot qualifi\u00e9e pour le 2\u00b0 tour de la Coupe de France","og_url":"https:\/\/newsestlyonnais.fr\/site\/2017\/08\/21\/vaulx-en-velin-lus-vaulx-foot-qualifiee-pour-le-2-tour-de-coupe-de-france\/","og_site_name":"News Est Lyonnais","article_author":"https:\/\/www.facebook.com\/pascal.oberson.1?fref=ts","article_published_time":"2017-08-21T05:16:41+00:00","article_modified_time":"2020-11-02T13:36:04+00:00","author":"R\u00e9dac. NEWS","twitter_card":"summary_large_image","twitter_misc":{"\u00c9crit par":"R\u00e9dac. NEWS","Dur\u00e9e de lecture estim\u00e9e":"1 minute"},"schema":{"@context":"https:\/\/schema.org","@graph":[{"@type":"Article","@id":"https:\/\/newsestlyonnais.fr\/site\/2017\/08\/21\/vaulx-en-velin-lus-vaulx-foot-qualifiee-pour-le-2-tour-de-coupe-de-france\/#article","isPartOf":{"@id":"https:\/\/newsestlyonnais.fr\/site\/2017\/08\/21\/vaulx-en-velin-lus-vaulx-foot-qualifiee-pour-le-2-tour-de-coupe-de-france\/"},"author":{"name":"R\u00e9dac. NEWS","@id":"https:\/\/newsestlyonnais.fr\/site\/#\/schema\/person\/3230d5615f390bb808365d673001e887"},"headline":"VAULX-EN-VELIN | L&rsquo;US Vaulx Foot qualifi\u00e9e pour le 2\u00b0 tour de Coupe de France","datePublished":"2017-08-21T05:16:41+00:00","dateModified":"2020-11-02T13:36:04+00:00","mainEntityOfPage":{"@id":"https:\/\/newsestlyonnais.fr\/site\/2017\/08\/21\/vaulx-en-velin-lus-vaulx-foot-qualifiee-pour-le-2-tour-de-coupe-de-france\/"},"wordCount":142,"commentCount":0,"publisher":{"@id":"https:\/\/newsestlyonnais.fr\/site\/#organization"},"articleSection":["Foot | Futsal","Foot | Rugby","Vaulx-en-Velin"],"inLanguage":"fr-FR","potentialAction":[{"@type":"CommentAction","name":"Comment","target":["https:\/\/newsestlyonnais.fr\/site\/2017\/08\/21\/vaulx-en-velin-lus-vaulx-foot-qualifiee-pour-le-2-tour-de-coupe-de-france\/#respond"]}]},{"@type":"WebPage","@id":"https:\/\/newsestlyonnais.fr\/site\/2017\/08\/21\/vaulx-en-velin-lus-vaulx-foot-qualifiee-pour-le-2-tour-de-coupe-de-france\/","url":"https:\/\/newsestlyonnais.fr\/site\/2017\/08\/21\/vaulx-en-velin-lus-vaulx-foot-qualifiee-pour-le-2-tour-de-coupe-de-france\/","name":"VAULX EN VELIN : L'US Vaulx Foot qualifi\u00e9e pour le 2\u00b0 tour de la Coupe de France","isPartOf":{"@id":"https:\/\/newsestlyonnais.fr\/site\/#website"},"datePublished":"2017-08-21T05:16:41+00:00","dateModified":"2020-11-02T13:36:04+00:00","description":"VAULX EN VELIN : L'US Vaulx Foot qualifi\u00e9e pour le 2\u00b0 tour de la Coupe de France","breadcrumb":{"@id":"https:\/\/newsestlyonnais.fr\/site\/2017\/08\/21\/vaulx-en-velin-lus-vaulx-foot-qualifiee-pour-le-2-tour-de-coupe-de-france\/#breadcrumb"},"inLanguage":"fr-FR","potentialAction":[{"@type":"ReadAction","target":["https:\/\/newsestlyonnais.fr\/site\/2017\/08\/21\/vaulx-en-velin-lus-vaulx-foot-qualifiee-pour-le-2-tour-de-coupe-de-france\/"]}]},{"@type":"BreadcrumbList","@id":"https:\/\/newsestlyonnais.fr\/site\/2017\/08\/21\/vaulx-en-velin-lus-vaulx-foot-qualifiee-pour-le-2-tour-de-coupe-de-france\/#breadcrumb","itemListElement":[{"@type":"ListItem","position":1,"name":"Accueil","item":"https:\/\/newsestlyonnais.fr\/site\/"},{"@type":"ListItem","position":2,"name":"VAULX-EN-VELIN | L&rsquo;US Vaulx Foot qualifi\u00e9e pour le 2\u00b0 tour de Coupe de France"}]},{"@type":"WebSite","@id":"https:\/\/newsestlyonnais.fr\/site\/#website","url":"https:\/\/newsestlyonnais.fr\/site\/","name":"News Est Lyonnais","description":"L&#039;actualit\u00e9 au plus pr\u00e8s","publisher":{"@id":"https:\/\/newsestlyonnais.fr\/site\/#organization"},"potentialAction":[{"@type":"SearchAction","target":{"@type":"EntryPoint","urlTemplate":"https:\/\/newsestlyonnais.fr\/site\/?s={search_term_string}"},"query-input":{"@type":"PropertyValueSpecification","valueRequired":true,"valueName":"search_term_string"}}],"inLanguage":"fr-FR"},{"@type":"Organization","@id":"https:\/\/newsestlyonnais.fr\/site\/#organization","name":"News EST LYONNAIS","url":"https:\/\/newsestlyonnais.fr\/site\/","logo":{"@type":"ImageObject","inLanguage":"fr-FR","@id":"https:\/\/newsestlyonnais.fr\/site\/#\/schema\/logo\/image\/","url":"","contentUrl":"","caption":"News EST LYONNAIS"},"image":{"@id":"https:\/\/newsestlyonnais.fr\/site\/#\/schema\/logo\/image\/"}},{"@type":"Person","@id":"https:\/\/newsestlyonnais.fr\/site\/#\/schema\/person\/3230d5615f390bb808365d673001e887","name":"R\u00e9dac. NEWS","sameAs":["http:\/\/www.newsestlyonnais.fr","https:\/\/www.facebook.com\/pascal.oberson.1?fref=ts","https:\/\/fr.linkedin.com\/in\/pascal-oberson-b17045113"],"url":"https:\/\/newsestlyonnais.fr\/site\/author\/nel\/"}]}},"_links":{"self":[{"href":"https:\/\/newsestlyonnais.fr\/site\/wp-json\/wp\/v2\/posts\/33610","targetHints":{"allow":["GET"]}}],"collection":[{"href":"https:\/\/newsestlyonnais.fr\/site\/wp-json\/wp\/v2\/posts"}],"about":[{"href":"https:\/\/newsestlyonnais.fr\/site\/wp-json\/wp\/v2\/types\/post"}],"author":[{"embeddable":true,"href":"https:\/\/newsestlyonnais.fr\/site\/wp-json\/wp\/v2\/users\/4"}],"replies":[{"embeddable":true,"href":"https:\/\/newsestlyonnais.fr\/site\/wp-json\/wp\/v2\/comments?post=33610"}],"version-history":[{"count":0,"href":"https:\/\/newsestlyonnais.fr\/site\/wp-json\/wp\/v2\/posts\/33610\/revisions"}],"wp:attachment":[{"href":"https:\/\/newsestlyonnais.fr\/site\/wp-json\/wp\/v2\/media?parent=33610"}],"wp:term":[{"taxonomy":"category","embeddable":true,"href":"https:\/\/newsestlyonnais.fr\/site\/wp-json\/wp\/v2\/categories?post=33610"},{"taxonomy":"post_tag","embeddable":true,"href":"https:\/\/newsestlyonnais.fr\/site\/wp-json\/wp\/v2\/tags?post=33610"}],"curies":[{"name":"wp","href":"https:\/\/api.w.org\/{rel}","templated":true}]}}