{"id":33712,"date":"2017-08-24T15:36:50","date_gmt":"2017-08-24T14:36:50","guid":{"rendered":"http:\/\/newsestlyonnais.fr\/site\/?p=33712"},"modified":"2020-11-08T07:51:15","modified_gmt":"2020-11-08T06:51:15","slug":"genas-les-inscriptions-pour-les-ateliers-jeunesse-demarrent-le-mercredi-6-septembre","status":"publish","type":"post","link":"https:\/\/newsestlyonnais.fr\/site\/2017\/08\/24\/genas-les-inscriptions-pour-les-ateliers-jeunesse-demarrent-le-mercredi-6-septembre\/","title":{"rendered":"GENAS | Les inscriptions pour les ateliers jeunesse d\u00e9marrent mercredi 6 septembre"},"content":{"rendered":"<div>\n<h4><b><span style=\"font-size: 9.0pt;line-height: 150%;font-family: Verdana\">D\u00e9but des inscriptions pour les ateliers jeunesse \u00e0 partir du mercredi 6 septembre 2017, \u00e0 13 heures, en mairie.<br \/>\n<\/span><\/b><\/h4>\n<p>Les activit\u00e9s propos\u00e9es :<\/p>\n<ul>\n<li><b><span style=\"font-size: 9.0pt;line-height: 150%;font-family: Verdana\">TH\u00c9\u00c2TRE<\/span><\/b><span style=\"font-size: 9.0pt;line-height: 150%;font-family: Verdana\"> : <\/span><span style=\"font-size: 9.0pt;line-height: 150%;font-family: Verdana\">ateliers d\u2019octobre \u00e0 juin, 2 tranches d\u2019\u00e2ges, avec une repr\u00e9sentation finale. <\/span><span style=\"font-size: 9.0pt;line-height: 150%;font-family: Verdana\">Jeudi de 17 h \u00e0 18 h 30 (9-11ans*) &amp; <\/span><span style=\"font-size: 9.0pt;line-height: 150%;font-family: Verdana\">Jeudi de 18 h 30 \u00e0 20 h (12-17 ans*) au <\/span><span style=\"font-size: 9.0pt;line-height: 150%;font-family: Verdana\">Complexe sportif Marcel Gonzales \u2013 salle N\u00b0<span style=\"color: #000000\">1. <\/span><\/span><span style=\"font-size: 9pt\"><em><span style=\"line-height: 150%;font-family: Verdana;color: red\">Genassiens : 102.60 \u20ac \/ Ext\u00e9rieurs : 153.90 \u20ac<\/span><\/em><\/span><\/li>\n<li><strong>DANSE<\/strong> <b><span style=\"font-size: 9.0pt;line-height: 150%;font-family: Verdana\">HIP-HOP<\/span><\/b><span style=\"font-size: 9.0pt;line-height: 150%;font-family: Verdana\"> (11- 17 ans*) : <\/span><span style=\"font-size: 9.0pt;line-height: 150%;font-family: Verdana\">atelier de danse hip-hop, d\u2019octobre \u00e0 juin, avec une repr\u00e9sentation finale. <\/span><span style=\"font-size: 9.0pt;line-height: 150%;font-family: Verdana\">Jeudi de 19 h \u00e0 20 h 30 au <\/span><span style=\"font-size: 9.0pt;line-height: 150%;font-family: Verdana\">Complexe sportif Marcel Gonzales \u2013 salle N<span style=\"color: #000000\">\u00b03. <\/span><\/span><span style=\"font-size: 9.0pt;line-height: 150%;font-family: Verdana;color: red\">Genassiens : 80.75 \u20ac \/ Ext\u00e9rieurs : 121,13 \u20ac<\/span><\/li>\n<li><strong>SKATEBOARD<\/strong> : <span style=\"font-size: 9.0pt;line-height: 150%;font-family: Verdana\">atelier de skateboard, en octobre et <b>de mars<\/b> \u00e0 <b>juin<\/b> 2018. <\/span><span style=\"font-size: 9.0pt;line-height: 150%;font-family: Verdana\">Si besoin, mat\u00e9riel fourni (skate et protections), <\/span><span style=\"font-size: 9.0pt;line-height: 150%;font-family: Verdana\">mercredi de 13 h 30 \u00e0 15 h (11-17 ans*) a<\/span><span style=\"font-size: 9.0pt;line-height: 150%;font-family: Verdana\">u skatepark de Genas. <\/span><span style=\"font-size: 9.0pt;line-height: 150%;font-family: Verdana\">Genassiens<span style=\"color: red\"> : 80.75\u20ac \/ Ext\u00e9rieurs : 121.13 \u20ac. <\/span><\/span><span style=\"font-size: 9.0pt;line-height: 150%;font-family: Verdana\">Certificat m\u00e9dical de non contre indication \u00e0 la pratique du sport datant de moins d\u2019un an obligatoire pour la danse et le skateboard.<\/span><\/li>\n<\/ul>\n<p><span style=\"font-size: 9pt\"><strong><span style=\"line-height: 150%;font-family: Verdana\">Information* : \u00e2ge atteint pour le 1<sup>er<\/sup> cours en octobre et en mars pour le skateboard.<\/span><\/strong><\/span><\/p>\n<p><span style=\"text-decoration: underline\"><span style=\"font-size: 9.0pt;line-height: 150%;font-family: Verdana\">Inscriptions<\/span><\/span><span style=\"font-size: 9.0pt;line-height: 150%;font-family: Verdana\"> \u00e0 <\/span><span style=\"font-size: 9.0pt;line-height: 150%;font-family: Verdana\">partir<span style=\"color: red\"> du mercredi 6 septembre 2017, d\u00e8s 13 h au guichet unique de la mairie de Genas pour les Genassiens et du\u00a0<\/span><\/span><span style=\"font-size: 9.0pt;line-height: 150%;font-family: Verdana\"><span style=\"color: red\"> samedi 9 Septembre de 9 h \u00e0 12 h au guichet unique de la mairie de Genas pour les ext\u00e9rieurs. <\/span><\/span><\/p>\n<p><span style=\"font-size: 9pt;line-height: 150%;font-family: Verdana\"><span style=\"text-decoration: underline\"><em>Possibilit\u00e9 d\u2019un cours d\u2019essai, gratuit sans inscription<\/em><\/span> : <\/span><\/p>\n<p><span style=\"font-size: 9.0pt;line-height: 150%;font-family: Verdana\">Th\u00e9\u00e2tre<span style=\"color: red\"> : le jeudi 7 septembre entre 18 h30 et 20 h (au complexe sportif Marcel Gonzales), salle 1.<\/span><\/span><\/p>\n<p><span style=\"font-size: 9.0pt;line-height: 150%;font-family: Verdana\">Danse<span style=\"color: red\"> : le jeudi 7 septembre entre 19 h et 20h30, (au complexe sportif Marcel Gonzales), salle 3. <\/span><\/span><\/p>\n<p><span style=\"font-size: 9.0pt;line-height: 150%;font-family: Verdana;color: red\"><span style=\"color: #000000\">Skateboard <\/span>: le mercredi 13 septembre 2017 entre 13 h 30 et 15 h (au skatepark de Genas). <\/span><\/p>\n<\/div>\n<p><span style=\"font-size: 9pt\"><em><strong><span style=\"line-height: 150%;font-family: Verdana\">Possibilit\u00e9 de se renseigner lors du Forum des Associations, samedi 2 septembre, sur le stand municipal du secteur jeunesse.<\/span><\/strong><\/em><\/span><span style=\"text-decoration: underline\"><span style=\"font-size: 9.0pt;line-height: 150%;font-family: Verdana\"><br \/>\n<\/span><\/span><\/p>\n<ul>\n<li>Plus d&rsquo;infos sur: <a href=\"http:\/\/genas.fr\" target=\"_blank\" rel=\"noopener noreferrer\">http:\/\/genas.fr<\/a><\/li>\n<\/ul>\n","protected":false},"excerpt":{"rendered":"<p>D\u00e9but des inscriptions pour les ateliers jeunesse \u00e0 partir du mercredi 6 septembre 2017, \u00e0 13 heures, en mairie. Les activit\u00e9s propos\u00e9es : TH\u00c9\u00c2TRE : ateliers d\u2019octobre \u00e0 juin, 2 tranches d\u2019\u00e2ges, avec une repr\u00e9sentation finale. Jeudi de 17 h \u00e0 18 h 30 (9-11ans*) &amp; Jeudi de 18 h 30 \u00e0 20 h (12-17 [&hellip;]<\/p>\n","protected":false},"author":4,"featured_media":8137,"comment_status":"open","ping_status":"open","sticky":false,"template":"","format":"standard","meta":{"footnotes":""},"categories":[270,171,1598],"tags":[],"class_list":["post-33712","post","type-post","status-publish","format-standard","has-post-thumbnail","hentry","category-cte-de-communes-c-c-e-l","category-enfance-jeunesse","category-genas"],"yoast_head":"<!-- This site is optimized with the Yoast SEO plugin v27.2 - https:\/\/yoast.com\/product\/yoast-seo-wordpress\/ -->\n<title>GENAS : Les inscriptions pour les ateliers jeunesse d\u00e9marrent le mercredi 6 septembre<\/title>\n<meta name=\"description\" content=\"GENAS : Les inscriptions pour les ateliers jeunesse d\u00e9marrent le mercredi 6 septembre\" \/>\n<meta name=\"robots\" content=\"index, follow, max-snippet:-1, max-image-preview:large, max-video-preview:-1\" \/>\n<link rel=\"canonical\" href=\"https:\/\/newsestlyonnais.fr\/site\/2017\/08\/24\/genas-les-inscriptions-pour-les-ateliers-jeunesse-demarrent-le-mercredi-6-septembre\/\" \/>\n<meta property=\"og:locale\" content=\"fr_FR\" \/>\n<meta property=\"og:type\" content=\"article\" \/>\n<meta property=\"og:title\" content=\"GENAS : Les inscriptions pour les ateliers jeunesse d\u00e9marrent le mercredi 6 septembre\" \/>\n<meta property=\"og:description\" content=\"GENAS : Les inscriptions pour les ateliers jeunesse d\u00e9marrent le mercredi 6 septembre\" \/>\n<meta property=\"og:url\" content=\"https:\/\/newsestlyonnais.fr\/site\/2017\/08\/24\/genas-les-inscriptions-pour-les-ateliers-jeunesse-demarrent-le-mercredi-6-septembre\/\" \/>\n<meta property=\"og:site_name\" content=\"News Est Lyonnais\" \/>\n<meta property=\"article:author\" content=\"https:\/\/www.facebook.com\/pascal.oberson.1?fref=ts\" \/>\n<meta property=\"article:published_time\" content=\"2017-08-24T14:36:50+00:00\" \/>\n<meta property=\"article:modified_time\" content=\"2020-11-08T06:51:15+00:00\" \/>\n<meta property=\"og:image\" content=\"https:\/\/i0.wp.com\/newsestlyonnais.fr\/site\/wp-content\/uploads\/2016\/05\/NEWSESTLYONNAISPANNEAUGENAS-1.jpg?fit=1000%2C750&ssl=1\" \/>\n\t<meta property=\"og:image:width\" content=\"1000\" \/>\n\t<meta property=\"og:image:height\" content=\"750\" \/>\n\t<meta property=\"og:image:type\" content=\"image\/jpeg\" \/>\n<meta name=\"author\" content=\"R\u00e9dac. NEWS\" \/>\n<meta name=\"twitter:card\" content=\"summary_large_image\" \/>\n<meta name=\"twitter:label1\" content=\"\u00c9crit par\" \/>\n\t<meta name=\"twitter:data1\" content=\"R\u00e9dac. NEWS\" \/>\n\t<meta name=\"twitter:label2\" content=\"Dur\u00e9e de lecture estim\u00e9e\" \/>\n\t<meta name=\"twitter:data2\" content=\"1 minute\" \/>\n<script type=\"application\/ld+json\" class=\"yoast-schema-graph\">{\"@context\":\"https:\/\/schema.org\",\"@graph\":[{\"@type\":\"Article\",\"@id\":\"https:\/\/newsestlyonnais.fr\/site\/2017\/08\/24\/genas-les-inscriptions-pour-les-ateliers-jeunesse-demarrent-le-mercredi-6-septembre\/#article\",\"isPartOf\":{\"@id\":\"https:\/\/newsestlyonnais.fr\/site\/2017\/08\/24\/genas-les-inscriptions-pour-les-ateliers-jeunesse-demarrent-le-mercredi-6-septembre\/\"},\"author\":{\"name\":\"R\u00e9dac. NEWS\",\"@id\":\"https:\/\/newsestlyonnais.fr\/site\/#\/schema\/person\/3230d5615f390bb808365d673001e887\"},\"headline\":\"GENAS | Les inscriptions pour les ateliers jeunesse d\u00e9marrent mercredi 6 septembre\",\"datePublished\":\"2017-08-24T14:36:50+00:00\",\"dateModified\":\"2020-11-08T06:51:15+00:00\",\"mainEntityOfPage\":{\"@id\":\"https:\/\/newsestlyonnais.fr\/site\/2017\/08\/24\/genas-les-inscriptions-pour-les-ateliers-jeunesse-demarrent-le-mercredi-6-septembre\/\"},\"wordCount\":282,\"commentCount\":0,\"publisher\":{\"@id\":\"https:\/\/newsestlyonnais.fr\/site\/#organization\"},\"image\":{\"@id\":\"https:\/\/newsestlyonnais.fr\/site\/2017\/08\/24\/genas-les-inscriptions-pour-les-ateliers-jeunesse-demarrent-le-mercredi-6-septembre\/#primaryimage\"},\"thumbnailUrl\":\"https:\/\/newsestlyonnais.fr\/site\/wp-content\/uploads\/2016\/05\/NEWSESTLYONNAISPANNEAUGENAS-1.jpg\",\"articleSection\":[\"CCEL | Communes\",\"Enfance | Jeunesse\",\"Genas\"],\"inLanguage\":\"fr-FR\",\"potentialAction\":[{\"@type\":\"CommentAction\",\"name\":\"Comment\",\"target\":[\"https:\/\/newsestlyonnais.fr\/site\/2017\/08\/24\/genas-les-inscriptions-pour-les-ateliers-jeunesse-demarrent-le-mercredi-6-septembre\/#respond\"]}]},{\"@type\":\"WebPage\",\"@id\":\"https:\/\/newsestlyonnais.fr\/site\/2017\/08\/24\/genas-les-inscriptions-pour-les-ateliers-jeunesse-demarrent-le-mercredi-6-septembre\/\",\"url\":\"https:\/\/newsestlyonnais.fr\/site\/2017\/08\/24\/genas-les-inscriptions-pour-les-ateliers-jeunesse-demarrent-le-mercredi-6-septembre\/\",\"name\":\"GENAS : Les inscriptions pour les ateliers jeunesse d\u00e9marrent le mercredi 6 septembre\",\"isPartOf\":{\"@id\":\"https:\/\/newsestlyonnais.fr\/site\/#website\"},\"primaryImageOfPage\":{\"@id\":\"https:\/\/newsestlyonnais.fr\/site\/2017\/08\/24\/genas-les-inscriptions-pour-les-ateliers-jeunesse-demarrent-le-mercredi-6-septembre\/#primaryimage\"},\"image\":{\"@id\":\"https:\/\/newsestlyonnais.fr\/site\/2017\/08\/24\/genas-les-inscriptions-pour-les-ateliers-jeunesse-demarrent-le-mercredi-6-septembre\/#primaryimage\"},\"thumbnailUrl\":\"https:\/\/newsestlyonnais.fr\/site\/wp-content\/uploads\/2016\/05\/NEWSESTLYONNAISPANNEAUGENAS-1.jpg\",\"datePublished\":\"2017-08-24T14:36:50+00:00\",\"dateModified\":\"2020-11-08T06:51:15+00:00\",\"description\":\"GENAS : Les inscriptions pour les ateliers jeunesse d\u00e9marrent le mercredi 6 septembre\",\"breadcrumb\":{\"@id\":\"https:\/\/newsestlyonnais.fr\/site\/2017\/08\/24\/genas-les-inscriptions-pour-les-ateliers-jeunesse-demarrent-le-mercredi-6-septembre\/#breadcrumb\"},\"inLanguage\":\"fr-FR\",\"potentialAction\":[{\"@type\":\"ReadAction\",\"target\":[\"https:\/\/newsestlyonnais.fr\/site\/2017\/08\/24\/genas-les-inscriptions-pour-les-ateliers-jeunesse-demarrent-le-mercredi-6-septembre\/\"]}]},{\"@type\":\"ImageObject\",\"inLanguage\":\"fr-FR\",\"@id\":\"https:\/\/newsestlyonnais.fr\/site\/2017\/08\/24\/genas-les-inscriptions-pour-les-ateliers-jeunesse-demarrent-le-mercredi-6-septembre\/#primaryimage\",\"url\":\"https:\/\/newsestlyonnais.fr\/site\/wp-content\/uploads\/2016\/05\/NEWSESTLYONNAISPANNEAUGENAS-1.jpg\",\"contentUrl\":\"https:\/\/newsestlyonnais.fr\/site\/wp-content\/uploads\/2016\/05\/NEWSESTLYONNAISPANNEAUGENAS-1.jpg\",\"width\":1000,\"height\":750,\"caption\":\"NEWSESTLYONNAISPANNEAUGENAS\"},{\"@type\":\"BreadcrumbList\",\"@id\":\"https:\/\/newsestlyonnais.fr\/site\/2017\/08\/24\/genas-les-inscriptions-pour-les-ateliers-jeunesse-demarrent-le-mercredi-6-septembre\/#breadcrumb\",\"itemListElement\":[{\"@type\":\"ListItem\",\"position\":1,\"name\":\"Accueil\",\"item\":\"https:\/\/newsestlyonnais.fr\/site\/\"},{\"@type\":\"ListItem\",\"position\":2,\"name\":\"GENAS | Les inscriptions pour les ateliers jeunesse d\u00e9marrent mercredi 6 septembre\"}]},{\"@type\":\"WebSite\",\"@id\":\"https:\/\/newsestlyonnais.fr\/site\/#website\",\"url\":\"https:\/\/newsestlyonnais.fr\/site\/\",\"name\":\"News Est Lyonnais\",\"description\":\"L&#039;actualit\u00e9 au plus pr\u00e8s\",\"publisher\":{\"@id\":\"https:\/\/newsestlyonnais.fr\/site\/#organization\"},\"potentialAction\":[{\"@type\":\"SearchAction\",\"target\":{\"@type\":\"EntryPoint\",\"urlTemplate\":\"https:\/\/newsestlyonnais.fr\/site\/?s={search_term_string}\"},\"query-input\":{\"@type\":\"PropertyValueSpecification\",\"valueRequired\":true,\"valueName\":\"search_term_string\"}}],\"inLanguage\":\"fr-FR\"},{\"@type\":\"Organization\",\"@id\":\"https:\/\/newsestlyonnais.fr\/site\/#organization\",\"name\":\"News EST LYONNAIS\",\"url\":\"https:\/\/newsestlyonnais.fr\/site\/\",\"logo\":{\"@type\":\"ImageObject\",\"inLanguage\":\"fr-FR\",\"@id\":\"https:\/\/newsestlyonnais.fr\/site\/#\/schema\/logo\/image\/\",\"url\":\"\",\"contentUrl\":\"\",\"caption\":\"News EST LYONNAIS\"},\"image\":{\"@id\":\"https:\/\/newsestlyonnais.fr\/site\/#\/schema\/logo\/image\/\"}},{\"@type\":\"Person\",\"@id\":\"https:\/\/newsestlyonnais.fr\/site\/#\/schema\/person\/3230d5615f390bb808365d673001e887\",\"name\":\"R\u00e9dac. NEWS\",\"sameAs\":[\"http:\/\/www.newsestlyonnais.fr\",\"https:\/\/www.facebook.com\/pascal.oberson.1?fref=ts\",\"https:\/\/fr.linkedin.com\/in\/pascal-oberson-b17045113\"],\"url\":\"https:\/\/newsestlyonnais.fr\/site\/author\/nel\/\"}]}<\/script>\n<!-- \/ Yoast SEO plugin. -->","yoast_head_json":{"title":"GENAS : Les inscriptions pour les ateliers jeunesse d\u00e9marrent le mercredi 6 septembre","description":"GENAS : Les inscriptions pour les ateliers jeunesse d\u00e9marrent le mercredi 6 septembre","robots":{"index":"index","follow":"follow","max-snippet":"max-snippet:-1","max-image-preview":"max-image-preview:large","max-video-preview":"max-video-preview:-1"},"canonical":"https:\/\/newsestlyonnais.fr\/site\/2017\/08\/24\/genas-les-inscriptions-pour-les-ateliers-jeunesse-demarrent-le-mercredi-6-septembre\/","og_locale":"fr_FR","og_type":"article","og_title":"GENAS : Les inscriptions pour les ateliers jeunesse d\u00e9marrent le mercredi 6 septembre","og_description":"GENAS : Les inscriptions pour les ateliers jeunesse d\u00e9marrent le mercredi 6 septembre","og_url":"https:\/\/newsestlyonnais.fr\/site\/2017\/08\/24\/genas-les-inscriptions-pour-les-ateliers-jeunesse-demarrent-le-mercredi-6-septembre\/","og_site_name":"News Est Lyonnais","article_author":"https:\/\/www.facebook.com\/pascal.oberson.1?fref=ts","article_published_time":"2017-08-24T14:36:50+00:00","article_modified_time":"2020-11-08T06:51:15+00:00","og_image":[{"width":1000,"height":750,"url":"https:\/\/i0.wp.com\/newsestlyonnais.fr\/site\/wp-content\/uploads\/2016\/05\/NEWSESTLYONNAISPANNEAUGENAS-1.jpg?fit=1000%2C750&ssl=1","type":"image\/jpeg"}],"author":"R\u00e9dac. NEWS","twitter_card":"summary_large_image","twitter_misc":{"\u00c9crit par":"R\u00e9dac. NEWS","Dur\u00e9e de lecture estim\u00e9e":"1 minute"},"schema":{"@context":"https:\/\/schema.org","@graph":[{"@type":"Article","@id":"https:\/\/newsestlyonnais.fr\/site\/2017\/08\/24\/genas-les-inscriptions-pour-les-ateliers-jeunesse-demarrent-le-mercredi-6-septembre\/#article","isPartOf":{"@id":"https:\/\/newsestlyonnais.fr\/site\/2017\/08\/24\/genas-les-inscriptions-pour-les-ateliers-jeunesse-demarrent-le-mercredi-6-septembre\/"},"author":{"name":"R\u00e9dac. NEWS","@id":"https:\/\/newsestlyonnais.fr\/site\/#\/schema\/person\/3230d5615f390bb808365d673001e887"},"headline":"GENAS | Les inscriptions pour les ateliers jeunesse d\u00e9marrent mercredi 6 septembre","datePublished":"2017-08-24T14:36:50+00:00","dateModified":"2020-11-08T06:51:15+00:00","mainEntityOfPage":{"@id":"https:\/\/newsestlyonnais.fr\/site\/2017\/08\/24\/genas-les-inscriptions-pour-les-ateliers-jeunesse-demarrent-le-mercredi-6-septembre\/"},"wordCount":282,"commentCount":0,"publisher":{"@id":"https:\/\/newsestlyonnais.fr\/site\/#organization"},"image":{"@id":"https:\/\/newsestlyonnais.fr\/site\/2017\/08\/24\/genas-les-inscriptions-pour-les-ateliers-jeunesse-demarrent-le-mercredi-6-septembre\/#primaryimage"},"thumbnailUrl":"https:\/\/newsestlyonnais.fr\/site\/wp-content\/uploads\/2016\/05\/NEWSESTLYONNAISPANNEAUGENAS-1.jpg","articleSection":["CCEL | Communes","Enfance | Jeunesse","Genas"],"inLanguage":"fr-FR","potentialAction":[{"@type":"CommentAction","name":"Comment","target":["https:\/\/newsestlyonnais.fr\/site\/2017\/08\/24\/genas-les-inscriptions-pour-les-ateliers-jeunesse-demarrent-le-mercredi-6-septembre\/#respond"]}]},{"@type":"WebPage","@id":"https:\/\/newsestlyonnais.fr\/site\/2017\/08\/24\/genas-les-inscriptions-pour-les-ateliers-jeunesse-demarrent-le-mercredi-6-septembre\/","url":"https:\/\/newsestlyonnais.fr\/site\/2017\/08\/24\/genas-les-inscriptions-pour-les-ateliers-jeunesse-demarrent-le-mercredi-6-septembre\/","name":"GENAS : Les inscriptions pour les ateliers jeunesse d\u00e9marrent le mercredi 6 septembre","isPartOf":{"@id":"https:\/\/newsestlyonnais.fr\/site\/#website"},"primaryImageOfPage":{"@id":"https:\/\/newsestlyonnais.fr\/site\/2017\/08\/24\/genas-les-inscriptions-pour-les-ateliers-jeunesse-demarrent-le-mercredi-6-septembre\/#primaryimage"},"image":{"@id":"https:\/\/newsestlyonnais.fr\/site\/2017\/08\/24\/genas-les-inscriptions-pour-les-ateliers-jeunesse-demarrent-le-mercredi-6-septembre\/#primaryimage"},"thumbnailUrl":"https:\/\/newsestlyonnais.fr\/site\/wp-content\/uploads\/2016\/05\/NEWSESTLYONNAISPANNEAUGENAS-1.jpg","datePublished":"2017-08-24T14:36:50+00:00","dateModified":"2020-11-08T06:51:15+00:00","description":"GENAS : Les inscriptions pour les ateliers jeunesse d\u00e9marrent le mercredi 6 septembre","breadcrumb":{"@id":"https:\/\/newsestlyonnais.fr\/site\/2017\/08\/24\/genas-les-inscriptions-pour-les-ateliers-jeunesse-demarrent-le-mercredi-6-septembre\/#breadcrumb"},"inLanguage":"fr-FR","potentialAction":[{"@type":"ReadAction","target":["https:\/\/newsestlyonnais.fr\/site\/2017\/08\/24\/genas-les-inscriptions-pour-les-ateliers-jeunesse-demarrent-le-mercredi-6-septembre\/"]}]},{"@type":"ImageObject","inLanguage":"fr-FR","@id":"https:\/\/newsestlyonnais.fr\/site\/2017\/08\/24\/genas-les-inscriptions-pour-les-ateliers-jeunesse-demarrent-le-mercredi-6-septembre\/#primaryimage","url":"https:\/\/newsestlyonnais.fr\/site\/wp-content\/uploads\/2016\/05\/NEWSESTLYONNAISPANNEAUGENAS-1.jpg","contentUrl":"https:\/\/newsestlyonnais.fr\/site\/wp-content\/uploads\/2016\/05\/NEWSESTLYONNAISPANNEAUGENAS-1.jpg","width":1000,"height":750,"caption":"NEWSESTLYONNAISPANNEAUGENAS"},{"@type":"BreadcrumbList","@id":"https:\/\/newsestlyonnais.fr\/site\/2017\/08\/24\/genas-les-inscriptions-pour-les-ateliers-jeunesse-demarrent-le-mercredi-6-septembre\/#breadcrumb","itemListElement":[{"@type":"ListItem","position":1,"name":"Accueil","item":"https:\/\/newsestlyonnais.fr\/site\/"},{"@type":"ListItem","position":2,"name":"GENAS | Les inscriptions pour les ateliers jeunesse d\u00e9marrent mercredi 6 septembre"}]},{"@type":"WebSite","@id":"https:\/\/newsestlyonnais.fr\/site\/#website","url":"https:\/\/newsestlyonnais.fr\/site\/","name":"News Est Lyonnais","description":"L&#039;actualit\u00e9 au plus pr\u00e8s","publisher":{"@id":"https:\/\/newsestlyonnais.fr\/site\/#organization"},"potentialAction":[{"@type":"SearchAction","target":{"@type":"EntryPoint","urlTemplate":"https:\/\/newsestlyonnais.fr\/site\/?s={search_term_string}"},"query-input":{"@type":"PropertyValueSpecification","valueRequired":true,"valueName":"search_term_string"}}],"inLanguage":"fr-FR"},{"@type":"Organization","@id":"https:\/\/newsestlyonnais.fr\/site\/#organization","name":"News EST LYONNAIS","url":"https:\/\/newsestlyonnais.fr\/site\/","logo":{"@type":"ImageObject","inLanguage":"fr-FR","@id":"https:\/\/newsestlyonnais.fr\/site\/#\/schema\/logo\/image\/","url":"","contentUrl":"","caption":"News EST LYONNAIS"},"image":{"@id":"https:\/\/newsestlyonnais.fr\/site\/#\/schema\/logo\/image\/"}},{"@type":"Person","@id":"https:\/\/newsestlyonnais.fr\/site\/#\/schema\/person\/3230d5615f390bb808365d673001e887","name":"R\u00e9dac. NEWS","sameAs":["http:\/\/www.newsestlyonnais.fr","https:\/\/www.facebook.com\/pascal.oberson.1?fref=ts","https:\/\/fr.linkedin.com\/in\/pascal-oberson-b17045113"],"url":"https:\/\/newsestlyonnais.fr\/site\/author\/nel\/"}]}},"_links":{"self":[{"href":"https:\/\/newsestlyonnais.fr\/site\/wp-json\/wp\/v2\/posts\/33712","targetHints":{"allow":["GET"]}}],"collection":[{"href":"https:\/\/newsestlyonnais.fr\/site\/wp-json\/wp\/v2\/posts"}],"about":[{"href":"https:\/\/newsestlyonnais.fr\/site\/wp-json\/wp\/v2\/types\/post"}],"author":[{"embeddable":true,"href":"https:\/\/newsestlyonnais.fr\/site\/wp-json\/wp\/v2\/users\/4"}],"replies":[{"embeddable":true,"href":"https:\/\/newsestlyonnais.fr\/site\/wp-json\/wp\/v2\/comments?post=33712"}],"version-history":[{"count":0,"href":"https:\/\/newsestlyonnais.fr\/site\/wp-json\/wp\/v2\/posts\/33712\/revisions"}],"wp:featuredmedia":[{"embeddable":true,"href":"https:\/\/newsestlyonnais.fr\/site\/wp-json\/wp\/v2\/media\/8137"}],"wp:attachment":[{"href":"https:\/\/newsestlyonnais.fr\/site\/wp-json\/wp\/v2\/media?parent=33712"}],"wp:term":[{"taxonomy":"category","embeddable":true,"href":"https:\/\/newsestlyonnais.fr\/site\/wp-json\/wp\/v2\/categories?post=33712"},{"taxonomy":"post_tag","embeddable":true,"href":"https:\/\/newsestlyonnais.fr\/site\/wp-json\/wp\/v2\/tags?post=33712"}],"curies":[{"name":"wp","href":"https:\/\/api.w.org\/{rel}","templated":true}]}}