{"id":33879,"date":"2017-08-31T05:47:46","date_gmt":"2017-08-31T04:47:46","guid":{"rendered":"http:\/\/newsestlyonnais.fr\/site\/?p=33879"},"modified":"2020-10-30T14:26:08","modified_gmt":"2020-10-30T13:26:08","slug":"genas-une-cagnotte-ouverte-par-genas-club-nature-pour-limplantation-dune-ruche-pedagogique","status":"publish","type":"post","link":"https:\/\/newsestlyonnais.fr\/site\/2017\/08\/31\/genas-une-cagnotte-ouverte-par-genas-club-nature-pour-limplantation-dune-ruche-pedagogique\/","title":{"rendered":"GENAS | Genas Club Nature > une cagnotte ouverte pour l&rsquo;implantation d&rsquo;une ruche p\u00e9dagogique"},"content":{"rendered":"<h4>L&rsquo;association \u00ab\u00a0Genas Club Nature\u00a0\u00bb pr\u00e9sid\u00e9e par\u00a0H\u00e9l\u00e8ne Michat et qui regroupe chaque ann\u00e9e entre 80 et 100 adh\u00e9rents souhaite informer la communaut\u00e9 de l&rsquo;Est lyonnais d&rsquo;un projet important valid\u00e9 par la mairie.<\/h4>\n<p>Elle pr\u00e9voit en effet <strong>l&rsquo;implantation d&rsquo;une ruche p\u00e9dagogique \u00e0 chemin\u00e9e d&rsquo;envol, en plein centre de Genas<\/strong> afin d&rsquo;accueillir un essaim en mai 2018. Ce projet, valid\u00e9 par la mairie, a 3 objectifs principaux:<\/p>\n<ul>\n<li>la pr\u00e9servation de l&rsquo;esp\u00e8ce Apis mellifera (abeille domestique) en voie de r\u00e9gression<\/li>\n<li>l&rsquo;observation et la connaissance de cette esp\u00e8ce gr\u00e2ce \u00e0 des animations grand public<\/li>\n<li>la formation de futurs apiculteurs amateurs.<\/li>\n<\/ul>\n<p>\u00a0\u00bb La ruche pr\u00e9sentera, sur les 3 faces de son corps et \u00e0 la base de sa chemin\u00e9e d&rsquo;envol, des vitres prot\u00e9g\u00e9es de volets amovibles permettant l&rsquo;observation de la colonie, en toute s\u00e9curit\u00e9 (les abeilles s&rsquo;envolant \u00e0 plus de 2 m\u00e8tres de haut, par la chemin\u00e9e). Situ\u00e9e en plein centre de Genas, dans une prairie fleurie avec fauche raisonn\u00e9e, la colonie sera prot\u00e9g\u00e9e de la pollution agricole. Pas de \u00ab\u00a0miel de Genas\u00a0\u00bb en vente, mais un beau geste pour la biodiversit\u00e9 ! Si vous voulez soutenir ce projet et nous aider \u00e0 le mener \u00e0 bien, participez \u00e0 la<strong> cagnotte s\u00e9curis\u00e9e organis\u00e9e ici et qui dure encore durant 121 jours, confie sa pr\u00e9sidente :<\/strong><\/p>\n<p><a href=\"https:\/\/www.leetchi.com\/\/c\/la-ruche-des-genassiens#utm_source=mail_service_fr&amp;utm_medium=invitation_manual_fr&amp;utm_campaign=mail_service_invitation .\" target=\"_blank\" rel=\"noopener noreferrer\"><strong>https:\/\/www.leetchi.com\/\/c\/la-ruche-des-genassiens#utm_source=mail_service_fr&amp;utm_medium=invitation_manual_fr&amp;utm_campaign=mail_service_invitation<\/strong> .<\/a><\/p>\n<p>Plus d&rsquo;informations sur le forum : <a href=\"http:\/\/cpngenas.forumactif.com\" target=\"_blank\" rel=\"noopener noreferrer\">http:\/\/cpngenas.forumactif.com<\/a><\/p>\n<p>L\u2019association qui sera d&rsquo;autre part pr\u00e9sente au Forum des Associations de Genas le samedi 2 Septembre \u00e0 la salle Jacques Anquetil a <span style=\"text-decoration: underline;\">d&rsquo;autres projets en cours<\/span>:<\/p>\n<ul>\n<li>la r\u00e9alisation d&rsquo;un parcours botanique \u00e0 Mathan et recensement et localisation des arbres remarquables de la commune<\/li>\n<li>l&rsquo; Assembl\u00e9e G\u00e9n\u00e9rale, le vendredi 8 septembre \u00e0 20 h \u00e0 l&rsquo;espace Gandil de Genas (11 rue Danton)<\/li>\n<li>une sortie d\u00e9j\u00e0 programm\u00e9e : brame du cerf dans le Vercors le premier week-end d&rsquo;octobre puis d&rsquo;autres programm\u00e9es au fur et \u00e0 mesure de l&rsquo;ann\u00e9e (en moyenne une ou 2 par mois).<\/li>\n<\/ul>\n<hr \/>\n<p>Contact Genas Club Nature:<a href=\"http:\/\/cpngenas.forumactif.com\/\">\u00a0genasclubnature@hotmail.fr<\/a><\/p>\n\n<p>&nbsp;<\/p>\n<p>&nbsp;<\/p>\n<p>&nbsp;<\/p>\n<p>&nbsp;<\/p>\n","protected":false},"excerpt":{"rendered":"<p>L&rsquo;association \u00ab\u00a0Genas Club Nature\u00a0\u00bb pr\u00e9sid\u00e9e par\u00a0H\u00e9l\u00e8ne Michat et qui regroupe chaque ann\u00e9e entre 80 et 100 adh\u00e9rents souhaite informer la communaut\u00e9 de l&rsquo;Est lyonnais d&rsquo;un projet important valid\u00e9 par la mairie. Elle pr\u00e9voit en effet l&rsquo;implantation d&rsquo;une ruche p\u00e9dagogique \u00e0 chemin\u00e9e d&rsquo;envol, en plein centre de Genas afin d&rsquo;accueillir un essaim en mai 2018. Ce [&hellip;]<\/p>\n","protected":false},"author":4,"featured_media":0,"comment_status":"open","ping_status":"open","sticky":false,"template":"","format":"standard","meta":{"footnotes":""},"categories":[270,1598,3010],"tags":[],"class_list":["post-33879","post","type-post","status-publish","format-standard","hentry","category-cte-de-communes-c-c-e-l","category-genas","category-nature-environnement-culture-et-loisirs"],"yoast_head":"<!-- This site is optimized with the Yoast SEO plugin v27.2 - https:\/\/yoast.com\/product\/yoast-seo-wordpress\/ -->\n<title>GENAS : Une cagnotte ouverte par Genas Club Nature, pour l&#039;implantation d&#039;une ruche p\u00e9dagogique<\/title>\n<meta name=\"description\" content=\"GENAS : Une cagnotte ouverte par Genas Club Nature, pour l&#039;implantation d&#039;une ruche p\u00e9dagogique\" \/>\n<meta name=\"robots\" content=\"index, follow, max-snippet:-1, max-image-preview:large, max-video-preview:-1\" \/>\n<link rel=\"canonical\" href=\"https:\/\/newsestlyonnais.fr\/site\/2017\/08\/31\/genas-une-cagnotte-ouverte-par-genas-club-nature-pour-limplantation-dune-ruche-pedagogique\/\" \/>\n<meta property=\"og:locale\" content=\"fr_FR\" \/>\n<meta property=\"og:type\" content=\"article\" \/>\n<meta property=\"og:title\" content=\"GENAS : Une cagnotte ouverte par Genas Club Nature, pour l&#039;implantation d&#039;une ruche p\u00e9dagogique\" \/>\n<meta property=\"og:description\" content=\"GENAS : Une cagnotte ouverte par Genas Club Nature, pour l&#039;implantation d&#039;une ruche p\u00e9dagogique\" \/>\n<meta property=\"og:url\" content=\"https:\/\/newsestlyonnais.fr\/site\/2017\/08\/31\/genas-une-cagnotte-ouverte-par-genas-club-nature-pour-limplantation-dune-ruche-pedagogique\/\" \/>\n<meta property=\"og:site_name\" content=\"News Est Lyonnais\" \/>\n<meta property=\"article:author\" content=\"https:\/\/www.facebook.com\/pascal.oberson.1?fref=ts\" \/>\n<meta property=\"article:published_time\" content=\"2017-08-31T04:47:46+00:00\" \/>\n<meta property=\"article:modified_time\" content=\"2020-10-30T13:26:08+00:00\" \/>\n<meta name=\"author\" content=\"R\u00e9dac. NEWS\" \/>\n<meta name=\"twitter:card\" content=\"summary_large_image\" \/>\n<meta name=\"twitter:label1\" content=\"\u00c9crit par\" \/>\n\t<meta name=\"twitter:data1\" content=\"R\u00e9dac. NEWS\" \/>\n\t<meta name=\"twitter:label2\" content=\"Dur\u00e9e de lecture estim\u00e9e\" \/>\n\t<meta name=\"twitter:data2\" content=\"2 minutes\" \/>\n<script type=\"application\/ld+json\" class=\"yoast-schema-graph\">{\"@context\":\"https:\/\/schema.org\",\"@graph\":[{\"@type\":\"Article\",\"@id\":\"https:\/\/newsestlyonnais.fr\/site\/2017\/08\/31\/genas-une-cagnotte-ouverte-par-genas-club-nature-pour-limplantation-dune-ruche-pedagogique\/#article\",\"isPartOf\":{\"@id\":\"https:\/\/newsestlyonnais.fr\/site\/2017\/08\/31\/genas-une-cagnotte-ouverte-par-genas-club-nature-pour-limplantation-dune-ruche-pedagogique\/\"},\"author\":{\"name\":\"R\u00e9dac. NEWS\",\"@id\":\"https:\/\/newsestlyonnais.fr\/site\/#\/schema\/person\/3230d5615f390bb808365d673001e887\"},\"headline\":\"GENAS | Genas Club Nature > une cagnotte ouverte pour l&rsquo;implantation d&rsquo;une ruche p\u00e9dagogique\",\"datePublished\":\"2017-08-31T04:47:46+00:00\",\"dateModified\":\"2020-10-30T13:26:08+00:00\",\"mainEntityOfPage\":{\"@id\":\"https:\/\/newsestlyonnais.fr\/site\/2017\/08\/31\/genas-une-cagnotte-ouverte-par-genas-club-nature-pour-limplantation-dune-ruche-pedagogique\/\"},\"wordCount\":397,\"commentCount\":0,\"publisher\":{\"@id\":\"https:\/\/newsestlyonnais.fr\/site\/#organization\"},\"articleSection\":[\"CCEL | Communes\",\"Genas\",\"Nature | Environnement | Chasse\"],\"inLanguage\":\"fr-FR\",\"potentialAction\":[{\"@type\":\"CommentAction\",\"name\":\"Comment\",\"target\":[\"https:\/\/newsestlyonnais.fr\/site\/2017\/08\/31\/genas-une-cagnotte-ouverte-par-genas-club-nature-pour-limplantation-dune-ruche-pedagogique\/#respond\"]}]},{\"@type\":\"WebPage\",\"@id\":\"https:\/\/newsestlyonnais.fr\/site\/2017\/08\/31\/genas-une-cagnotte-ouverte-par-genas-club-nature-pour-limplantation-dune-ruche-pedagogique\/\",\"url\":\"https:\/\/newsestlyonnais.fr\/site\/2017\/08\/31\/genas-une-cagnotte-ouverte-par-genas-club-nature-pour-limplantation-dune-ruche-pedagogique\/\",\"name\":\"GENAS : Une cagnotte ouverte par Genas Club Nature, pour l'implantation d'une ruche p\u00e9dagogique\",\"isPartOf\":{\"@id\":\"https:\/\/newsestlyonnais.fr\/site\/#website\"},\"datePublished\":\"2017-08-31T04:47:46+00:00\",\"dateModified\":\"2020-10-30T13:26:08+00:00\",\"description\":\"GENAS : Une cagnotte ouverte par Genas Club Nature, pour l'implantation d'une ruche p\u00e9dagogique\",\"breadcrumb\":{\"@id\":\"https:\/\/newsestlyonnais.fr\/site\/2017\/08\/31\/genas-une-cagnotte-ouverte-par-genas-club-nature-pour-limplantation-dune-ruche-pedagogique\/#breadcrumb\"},\"inLanguage\":\"fr-FR\",\"potentialAction\":[{\"@type\":\"ReadAction\",\"target\":[\"https:\/\/newsestlyonnais.fr\/site\/2017\/08\/31\/genas-une-cagnotte-ouverte-par-genas-club-nature-pour-limplantation-dune-ruche-pedagogique\/\"]}]},{\"@type\":\"BreadcrumbList\",\"@id\":\"https:\/\/newsestlyonnais.fr\/site\/2017\/08\/31\/genas-une-cagnotte-ouverte-par-genas-club-nature-pour-limplantation-dune-ruche-pedagogique\/#breadcrumb\",\"itemListElement\":[{\"@type\":\"ListItem\",\"position\":1,\"name\":\"Accueil\",\"item\":\"https:\/\/newsestlyonnais.fr\/site\/\"},{\"@type\":\"ListItem\",\"position\":2,\"name\":\"GENAS | Genas Club Nature > une cagnotte ouverte pour l&rsquo;implantation d&rsquo;une ruche p\u00e9dagogique\"}]},{\"@type\":\"WebSite\",\"@id\":\"https:\/\/newsestlyonnais.fr\/site\/#website\",\"url\":\"https:\/\/newsestlyonnais.fr\/site\/\",\"name\":\"News Est Lyonnais\",\"description\":\"L&#039;actualit\u00e9 au plus pr\u00e8s\",\"publisher\":{\"@id\":\"https:\/\/newsestlyonnais.fr\/site\/#organization\"},\"potentialAction\":[{\"@type\":\"SearchAction\",\"target\":{\"@type\":\"EntryPoint\",\"urlTemplate\":\"https:\/\/newsestlyonnais.fr\/site\/?s={search_term_string}\"},\"query-input\":{\"@type\":\"PropertyValueSpecification\",\"valueRequired\":true,\"valueName\":\"search_term_string\"}}],\"inLanguage\":\"fr-FR\"},{\"@type\":\"Organization\",\"@id\":\"https:\/\/newsestlyonnais.fr\/site\/#organization\",\"name\":\"News EST LYONNAIS\",\"url\":\"https:\/\/newsestlyonnais.fr\/site\/\",\"logo\":{\"@type\":\"ImageObject\",\"inLanguage\":\"fr-FR\",\"@id\":\"https:\/\/newsestlyonnais.fr\/site\/#\/schema\/logo\/image\/\",\"url\":\"\",\"contentUrl\":\"\",\"caption\":\"News EST LYONNAIS\"},\"image\":{\"@id\":\"https:\/\/newsestlyonnais.fr\/site\/#\/schema\/logo\/image\/\"}},{\"@type\":\"Person\",\"@id\":\"https:\/\/newsestlyonnais.fr\/site\/#\/schema\/person\/3230d5615f390bb808365d673001e887\",\"name\":\"R\u00e9dac. NEWS\",\"sameAs\":[\"http:\/\/www.newsestlyonnais.fr\",\"https:\/\/www.facebook.com\/pascal.oberson.1?fref=ts\",\"https:\/\/fr.linkedin.com\/in\/pascal-oberson-b17045113\"],\"url\":\"https:\/\/newsestlyonnais.fr\/site\/author\/nel\/\"}]}<\/script>\n<!-- \/ Yoast SEO plugin. -->","yoast_head_json":{"title":"GENAS : Une cagnotte ouverte par Genas Club Nature, pour l'implantation d'une ruche p\u00e9dagogique","description":"GENAS : Une cagnotte ouverte par Genas Club Nature, pour l'implantation d'une ruche p\u00e9dagogique","robots":{"index":"index","follow":"follow","max-snippet":"max-snippet:-1","max-image-preview":"max-image-preview:large","max-video-preview":"max-video-preview:-1"},"canonical":"https:\/\/newsestlyonnais.fr\/site\/2017\/08\/31\/genas-une-cagnotte-ouverte-par-genas-club-nature-pour-limplantation-dune-ruche-pedagogique\/","og_locale":"fr_FR","og_type":"article","og_title":"GENAS : Une cagnotte ouverte par Genas Club Nature, pour l'implantation d'une ruche p\u00e9dagogique","og_description":"GENAS : Une cagnotte ouverte par Genas Club Nature, pour l'implantation d'une ruche p\u00e9dagogique","og_url":"https:\/\/newsestlyonnais.fr\/site\/2017\/08\/31\/genas-une-cagnotte-ouverte-par-genas-club-nature-pour-limplantation-dune-ruche-pedagogique\/","og_site_name":"News Est Lyonnais","article_author":"https:\/\/www.facebook.com\/pascal.oberson.1?fref=ts","article_published_time":"2017-08-31T04:47:46+00:00","article_modified_time":"2020-10-30T13:26:08+00:00","author":"R\u00e9dac. NEWS","twitter_card":"summary_large_image","twitter_misc":{"\u00c9crit par":"R\u00e9dac. NEWS","Dur\u00e9e de lecture estim\u00e9e":"2 minutes"},"schema":{"@context":"https:\/\/schema.org","@graph":[{"@type":"Article","@id":"https:\/\/newsestlyonnais.fr\/site\/2017\/08\/31\/genas-une-cagnotte-ouverte-par-genas-club-nature-pour-limplantation-dune-ruche-pedagogique\/#article","isPartOf":{"@id":"https:\/\/newsestlyonnais.fr\/site\/2017\/08\/31\/genas-une-cagnotte-ouverte-par-genas-club-nature-pour-limplantation-dune-ruche-pedagogique\/"},"author":{"name":"R\u00e9dac. NEWS","@id":"https:\/\/newsestlyonnais.fr\/site\/#\/schema\/person\/3230d5615f390bb808365d673001e887"},"headline":"GENAS | Genas Club Nature > une cagnotte ouverte pour l&rsquo;implantation d&rsquo;une ruche p\u00e9dagogique","datePublished":"2017-08-31T04:47:46+00:00","dateModified":"2020-10-30T13:26:08+00:00","mainEntityOfPage":{"@id":"https:\/\/newsestlyonnais.fr\/site\/2017\/08\/31\/genas-une-cagnotte-ouverte-par-genas-club-nature-pour-limplantation-dune-ruche-pedagogique\/"},"wordCount":397,"commentCount":0,"publisher":{"@id":"https:\/\/newsestlyonnais.fr\/site\/#organization"},"articleSection":["CCEL | Communes","Genas","Nature | Environnement | Chasse"],"inLanguage":"fr-FR","potentialAction":[{"@type":"CommentAction","name":"Comment","target":["https:\/\/newsestlyonnais.fr\/site\/2017\/08\/31\/genas-une-cagnotte-ouverte-par-genas-club-nature-pour-limplantation-dune-ruche-pedagogique\/#respond"]}]},{"@type":"WebPage","@id":"https:\/\/newsestlyonnais.fr\/site\/2017\/08\/31\/genas-une-cagnotte-ouverte-par-genas-club-nature-pour-limplantation-dune-ruche-pedagogique\/","url":"https:\/\/newsestlyonnais.fr\/site\/2017\/08\/31\/genas-une-cagnotte-ouverte-par-genas-club-nature-pour-limplantation-dune-ruche-pedagogique\/","name":"GENAS : Une cagnotte ouverte par Genas Club Nature, pour l'implantation d'une ruche p\u00e9dagogique","isPartOf":{"@id":"https:\/\/newsestlyonnais.fr\/site\/#website"},"datePublished":"2017-08-31T04:47:46+00:00","dateModified":"2020-10-30T13:26:08+00:00","description":"GENAS : Une cagnotte ouverte par Genas Club Nature, pour l'implantation d'une ruche p\u00e9dagogique","breadcrumb":{"@id":"https:\/\/newsestlyonnais.fr\/site\/2017\/08\/31\/genas-une-cagnotte-ouverte-par-genas-club-nature-pour-limplantation-dune-ruche-pedagogique\/#breadcrumb"},"inLanguage":"fr-FR","potentialAction":[{"@type":"ReadAction","target":["https:\/\/newsestlyonnais.fr\/site\/2017\/08\/31\/genas-une-cagnotte-ouverte-par-genas-club-nature-pour-limplantation-dune-ruche-pedagogique\/"]}]},{"@type":"BreadcrumbList","@id":"https:\/\/newsestlyonnais.fr\/site\/2017\/08\/31\/genas-une-cagnotte-ouverte-par-genas-club-nature-pour-limplantation-dune-ruche-pedagogique\/#breadcrumb","itemListElement":[{"@type":"ListItem","position":1,"name":"Accueil","item":"https:\/\/newsestlyonnais.fr\/site\/"},{"@type":"ListItem","position":2,"name":"GENAS | Genas Club Nature > une cagnotte ouverte pour l&rsquo;implantation d&rsquo;une ruche p\u00e9dagogique"}]},{"@type":"WebSite","@id":"https:\/\/newsestlyonnais.fr\/site\/#website","url":"https:\/\/newsestlyonnais.fr\/site\/","name":"News Est Lyonnais","description":"L&#039;actualit\u00e9 au plus pr\u00e8s","publisher":{"@id":"https:\/\/newsestlyonnais.fr\/site\/#organization"},"potentialAction":[{"@type":"SearchAction","target":{"@type":"EntryPoint","urlTemplate":"https:\/\/newsestlyonnais.fr\/site\/?s={search_term_string}"},"query-input":{"@type":"PropertyValueSpecification","valueRequired":true,"valueName":"search_term_string"}}],"inLanguage":"fr-FR"},{"@type":"Organization","@id":"https:\/\/newsestlyonnais.fr\/site\/#organization","name":"News EST LYONNAIS","url":"https:\/\/newsestlyonnais.fr\/site\/","logo":{"@type":"ImageObject","inLanguage":"fr-FR","@id":"https:\/\/newsestlyonnais.fr\/site\/#\/schema\/logo\/image\/","url":"","contentUrl":"","caption":"News EST LYONNAIS"},"image":{"@id":"https:\/\/newsestlyonnais.fr\/site\/#\/schema\/logo\/image\/"}},{"@type":"Person","@id":"https:\/\/newsestlyonnais.fr\/site\/#\/schema\/person\/3230d5615f390bb808365d673001e887","name":"R\u00e9dac. NEWS","sameAs":["http:\/\/www.newsestlyonnais.fr","https:\/\/www.facebook.com\/pascal.oberson.1?fref=ts","https:\/\/fr.linkedin.com\/in\/pascal-oberson-b17045113"],"url":"https:\/\/newsestlyonnais.fr\/site\/author\/nel\/"}]}},"_links":{"self":[{"href":"https:\/\/newsestlyonnais.fr\/site\/wp-json\/wp\/v2\/posts\/33879","targetHints":{"allow":["GET"]}}],"collection":[{"href":"https:\/\/newsestlyonnais.fr\/site\/wp-json\/wp\/v2\/posts"}],"about":[{"href":"https:\/\/newsestlyonnais.fr\/site\/wp-json\/wp\/v2\/types\/post"}],"author":[{"embeddable":true,"href":"https:\/\/newsestlyonnais.fr\/site\/wp-json\/wp\/v2\/users\/4"}],"replies":[{"embeddable":true,"href":"https:\/\/newsestlyonnais.fr\/site\/wp-json\/wp\/v2\/comments?post=33879"}],"version-history":[{"count":0,"href":"https:\/\/newsestlyonnais.fr\/site\/wp-json\/wp\/v2\/posts\/33879\/revisions"}],"wp:attachment":[{"href":"https:\/\/newsestlyonnais.fr\/site\/wp-json\/wp\/v2\/media?parent=33879"}],"wp:term":[{"taxonomy":"category","embeddable":true,"href":"https:\/\/newsestlyonnais.fr\/site\/wp-json\/wp\/v2\/categories?post=33879"},{"taxonomy":"post_tag","embeddable":true,"href":"https:\/\/newsestlyonnais.fr\/site\/wp-json\/wp\/v2\/tags?post=33879"}],"curies":[{"name":"wp","href":"https:\/\/api.w.org\/{rel}","templated":true}]}}