{"id":33971,"date":"2017-09-02T08:30:39","date_gmt":"2017-09-02T07:30:39","guid":{"rendered":"http:\/\/newsestlyonnais.fr\/site\/?p=33971"},"modified":"2020-11-06T16:09:40","modified_gmt":"2020-11-06T15:09:40","slug":"venissieux-le-bunkai-karate-do-reprend-ses-activites-lundi-4-septembre","status":"publish","type":"post","link":"https:\/\/newsestlyonnais.fr\/site\/2017\/09\/02\/venissieux-le-bunkai-karate-do-reprend-ses-activites-lundi-4-septembre\/","title":{"rendered":"VENISSIEUX | Le Bunka\u00ef Karat\u00e9 Do reprend ses activit\u00e9s lundi 4 septembre"},"content":{"rendered":"<h4><span id=\"cch_f2197a9d89b75a2\" class=\"_mh6 _wsc\"><span class=\"_3oh- _58nk\">Avec plus d&rsquo;une soixantaine de podiums nationaux r\u00e9colt\u00e9s pour la saison 2016\/2017, en Full Contact et en Karat\u00e9 contact, le Bunka\u00ef Karat\u00e9 Do a \u00e9t\u00e9 reconnu par Lyon M\u00e9tropole comme club amateur de haut niveau. <\/span><\/span><\/h4>\n<p><span id=\"cch_f2197a9d89b75a2\" class=\"_mh6 _wsc\"><span class=\"_3oh- _58nk\">Le Bunka\u00ef Karat\u00e9 Do de V\u00e9nissieux, club cr\u00e9\u00e9 le 1\u00b0 Septembre 2000 et qui commence \u00e0 faire parler de lui red\u00e9marre ses activit\u00e9s d\u00e8s le lundi <\/span><\/span><span id=\"cch_f2197a9d89b75a2\" class=\"_mh6 _wsc\"><span class=\"_3oh- _58nk\">4 septembre prochain. Un club qui s\u2019engage \u00e0 rendre sa pratique accessible \u00e0 tous ! Souvent attrayant car ludique pour des jeunes enfants parfois d\u00e9scolaris\u00e9s ou des adultes en marge du monde institutionnel, ce sport peut-\u00eatre un moyen de r\u00e9habilitation sociale et un formidable outil \u00e9ducatif.<\/span><\/span><\/p>\n<p><span id=\"cch_f2197a9d89b75a2\" class=\"_mh6 _wsc\"><span class=\"_3oh- _58nk\">Trois activit\u00e9s sont d\u00e9velopp\u00e9es et r\u00e9parties ainsi : karat\u00e9, full contact (techniques de coups de poings de la boxe anglaise avec des techniques de coups de pied inspir\u00e9es du karat\u00e9) et body-self.<\/span><\/span><\/p>\n<p><span id=\"cch_f2197a9d89b75a2\" class=\"_mh6 _wsc\"><span class=\"_3oh- _58nk\">Pour avoir plus d\u2019infos concernant les activit\u00e9s pratiqu\u00e9es, sachez que d\u00e8s cette rentr\u00e9e, le club propose des cours pour les enfants mais aussi les adultes.<\/span><\/span><\/p>\n<p><span id=\"cch_f2197a9d89b75a2\" class=\"_mh6 _wsc\"><span class=\"_3oh- _58nk\"><span style=\"text-decoration: underline\">NOTA : Les entrainements ont lieu au gymnase de l\u2019\u00e9cole Pasteur<\/span> (6 route de Corbas \u00e0 V\u00e9nissieux):<\/span><\/span><\/p>\n<ul>\n<li><span id=\"cch_f2197a9d89b75a2\" class=\"_mh6 _wsc\"><span class=\"_3oh- _58nk\">Les lundis : de 18 h 30 \u00e0 19 h 30 (ados avanc\u00e9s et comp\u00e9titeurs), de 19 h 30 \u00e0 21 h (adultes)<\/span><\/span><\/li>\n<li><span id=\"cch_f2197a9d89b75a2\" class=\"_mh6 _wsc\"><span class=\"_3oh- _58nk\"> Les mardis : de 19 h 30 \u00e0 21 h (pr\u00e9paration physique).<\/span><\/span><\/li>\n<li><span id=\"cch_f2197a9d89b75a2\" class=\"_mh6 _wsc\"><span class=\"_3oh- _58nk\"> Les mercredis : de 17 h 15 \u00e0 18 h 15 (enfants d\u00e9butants), de 18 h 15 \u00e0 19 h 15 (loisirs ados et adultes, full contact), de 19 h 15 \u00e0 20 h 30 (body self gym).<\/span><\/span><\/li>\n<li><span id=\"cch_f2197a9d89b75a2\" class=\"_mh6 _wsc\"><span class=\"_3oh- _58nk\"> Les vendredis: de 18 h \u00e0 19 h (enfants d\u00e9butants), de 19 h \u00e0 20 h (ados avanc\u00e9s et comp\u00e9titeurs), de 20 h \u00e0 21 h 30 (adultes).<\/span><\/span><\/li>\n<\/ul>\n<p><span id=\"cch_f2197a9d89b75a2\" class=\"_mh6 _wsc\"><span class=\"_3oh- _58nk\"> Sachez que le Bunka\u00ef Karat\u00e9 Do Full Contact s\u2019engage \u00e0 rendre sa pratique accessible \u00e0 tous ! Souvent attrayant car ludique pour des jeunes enfants parfois d\u00e9scolaris\u00e9s ou des adultes en marge du monde institutionnel\u2026 Ce sport peut-\u00eatre un moyen de r\u00e9habilitation sociale et un formidable outil \u00e9ducatif. Pour tout renseignement : <\/span><\/span><\/p>\n<ul>\n<li><span id=\"cch_f2197a9d89b75a2\" class=\"_mh6 _wsc\"><span class=\"_3oh- _58nk\">Contacts: T\u00e9l : 06.87.17.13.49 ou 06.51.92.37.48 et infos sur : <a href=\"https:\/\/www.facebook.com\/Bunkai-karate-do-Full-Contact-venissieux-341551199199141\/\" target=\"_blank\" rel=\"noopener noreferrer\">https:\/\/www.facebook.com\/Bunkai-karate-do-Full-Contact-venissieux-341551199199141\/<\/a><br \/>\n<\/span><\/span><\/li>\n<\/ul>\n","protected":false},"excerpt":{"rendered":"<p>Avec plus d&rsquo;une soixantaine de podiums nationaux r\u00e9colt\u00e9s pour la saison 2016\/2017, en Full Contact et en Karat\u00e9 contact, le Bunka\u00ef Karat\u00e9 Do a \u00e9t\u00e9 reconnu par Lyon M\u00e9tropole comme club amateur de haut niveau. Le Bunka\u00ef Karat\u00e9 Do de V\u00e9nissieux, club cr\u00e9\u00e9 le 1\u00b0 Septembre 2000 et qui commence \u00e0 faire parler de lui [&hellip;]<\/p>\n","protected":false},"author":4,"featured_media":33985,"comment_status":"open","ping_status":"open","sticky":false,"template":"","format":"standard","meta":{"footnotes":""},"categories":[2994,1353,1298],"tags":[],"class_list":["post-33971","post","type-post","status-publish","format-standard","has-post-thumbnail","hentry","category-judo-karate-taekwondo-sports","category-karate","category-venissieux"],"yoast_head":"<!-- This site is optimized with the Yoast SEO plugin v27.2 - https:\/\/yoast.com\/product\/yoast-seo-wordpress\/ -->\n<title>VENISSIEUX : Le Bunka\u00ef Karat\u00e9 Do reprend ses activit\u00e9s lundi 4 septembre<\/title>\n<meta name=\"description\" content=\"VENISSIEUX : Le Bunka\u00ef Karat\u00e9 Do reprend ses activit\u00e9s lundi 4 septembre\" \/>\n<meta name=\"robots\" content=\"index, follow, max-snippet:-1, max-image-preview:large, max-video-preview:-1\" \/>\n<link rel=\"canonical\" href=\"https:\/\/newsestlyonnais.fr\/site\/2017\/09\/02\/venissieux-le-bunkai-karate-do-reprend-ses-activites-lundi-4-septembre\/\" \/>\n<meta property=\"og:locale\" content=\"fr_FR\" \/>\n<meta property=\"og:type\" content=\"article\" \/>\n<meta property=\"og:title\" content=\"VENISSIEUX : Le Bunka\u00ef Karat\u00e9 Do reprend ses activit\u00e9s lundi 4 septembre\" \/>\n<meta property=\"og:description\" content=\"VENISSIEUX : Le Bunka\u00ef Karat\u00e9 Do reprend ses activit\u00e9s lundi 4 septembre\" \/>\n<meta property=\"og:url\" content=\"https:\/\/newsestlyonnais.fr\/site\/2017\/09\/02\/venissieux-le-bunkai-karate-do-reprend-ses-activites-lundi-4-septembre\/\" \/>\n<meta property=\"og:site_name\" content=\"News Est Lyonnais\" \/>\n<meta property=\"article:author\" content=\"https:\/\/www.facebook.com\/pascal.oberson.1?fref=ts\" \/>\n<meta property=\"article:published_time\" content=\"2017-09-02T07:30:39+00:00\" \/>\n<meta property=\"article:modified_time\" content=\"2020-11-06T15:09:40+00:00\" \/>\n<meta property=\"og:image\" content=\"https:\/\/i2.wp.com\/newsestlyonnais.fr\/site\/wp-content\/uploads\/2017\/09\/NEWSESTLYONNAIS-BUNKAI-KARATE-DO.jpg?fit=1000%2C750&ssl=1\" \/>\n\t<meta property=\"og:image:width\" content=\"1000\" \/>\n\t<meta property=\"og:image:height\" content=\"750\" \/>\n\t<meta property=\"og:image:type\" content=\"image\/jpeg\" \/>\n<meta name=\"author\" content=\"R\u00e9dac. NEWS\" \/>\n<meta name=\"twitter:card\" content=\"summary_large_image\" \/>\n<meta name=\"twitter:label1\" content=\"\u00c9crit par\" \/>\n\t<meta name=\"twitter:data1\" content=\"R\u00e9dac. NEWS\" \/>\n\t<meta name=\"twitter:label2\" content=\"Dur\u00e9e de lecture estim\u00e9e\" \/>\n\t<meta name=\"twitter:data2\" content=\"2 minutes\" \/>\n<script type=\"application\/ld+json\" class=\"yoast-schema-graph\">{\"@context\":\"https:\/\/schema.org\",\"@graph\":[{\"@type\":\"Article\",\"@id\":\"https:\/\/newsestlyonnais.fr\/site\/2017\/09\/02\/venissieux-le-bunkai-karate-do-reprend-ses-activites-lundi-4-septembre\/#article\",\"isPartOf\":{\"@id\":\"https:\/\/newsestlyonnais.fr\/site\/2017\/09\/02\/venissieux-le-bunkai-karate-do-reprend-ses-activites-lundi-4-septembre\/\"},\"author\":{\"name\":\"R\u00e9dac. NEWS\",\"@id\":\"https:\/\/newsestlyonnais.fr\/site\/#\/schema\/person\/3230d5615f390bb808365d673001e887\"},\"headline\":\"VENISSIEUX | Le Bunka\u00ef Karat\u00e9 Do reprend ses activit\u00e9s lundi 4 septembre\",\"datePublished\":\"2017-09-02T07:30:39+00:00\",\"dateModified\":\"2020-11-06T15:09:40+00:00\",\"mainEntityOfPage\":{\"@id\":\"https:\/\/newsestlyonnais.fr\/site\/2017\/09\/02\/venissieux-le-bunkai-karate-do-reprend-ses-activites-lundi-4-septembre\/\"},\"wordCount\":337,\"commentCount\":0,\"publisher\":{\"@id\":\"https:\/\/newsestlyonnais.fr\/site\/#organization\"},\"image\":{\"@id\":\"https:\/\/newsestlyonnais.fr\/site\/2017\/09\/02\/venissieux-le-bunkai-karate-do-reprend-ses-activites-lundi-4-septembre\/#primaryimage\"},\"thumbnailUrl\":\"https:\/\/newsestlyonnais.fr\/site\/wp-content\/uploads\/2017\/09\/NEWSESTLYONNAIS-BUNKAI-KARATE-DO.jpg\",\"articleSection\":[\"Judo| Karat\u00e9| Taekwondo\",\"Karat\u00e9\",\"V\u00e9nissieux\"],\"inLanguage\":\"fr-FR\",\"potentialAction\":[{\"@type\":\"CommentAction\",\"name\":\"Comment\",\"target\":[\"https:\/\/newsestlyonnais.fr\/site\/2017\/09\/02\/venissieux-le-bunkai-karate-do-reprend-ses-activites-lundi-4-septembre\/#respond\"]}]},{\"@type\":\"WebPage\",\"@id\":\"https:\/\/newsestlyonnais.fr\/site\/2017\/09\/02\/venissieux-le-bunkai-karate-do-reprend-ses-activites-lundi-4-septembre\/\",\"url\":\"https:\/\/newsestlyonnais.fr\/site\/2017\/09\/02\/venissieux-le-bunkai-karate-do-reprend-ses-activites-lundi-4-septembre\/\",\"name\":\"VENISSIEUX : Le Bunka\u00ef Karat\u00e9 Do reprend ses activit\u00e9s lundi 4 septembre\",\"isPartOf\":{\"@id\":\"https:\/\/newsestlyonnais.fr\/site\/#website\"},\"primaryImageOfPage\":{\"@id\":\"https:\/\/newsestlyonnais.fr\/site\/2017\/09\/02\/venissieux-le-bunkai-karate-do-reprend-ses-activites-lundi-4-septembre\/#primaryimage\"},\"image\":{\"@id\":\"https:\/\/newsestlyonnais.fr\/site\/2017\/09\/02\/venissieux-le-bunkai-karate-do-reprend-ses-activites-lundi-4-septembre\/#primaryimage\"},\"thumbnailUrl\":\"https:\/\/newsestlyonnais.fr\/site\/wp-content\/uploads\/2017\/09\/NEWSESTLYONNAIS-BUNKAI-KARATE-DO.jpg\",\"datePublished\":\"2017-09-02T07:30:39+00:00\",\"dateModified\":\"2020-11-06T15:09:40+00:00\",\"description\":\"VENISSIEUX : Le Bunka\u00ef Karat\u00e9 Do reprend ses activit\u00e9s lundi 4 septembre\",\"breadcrumb\":{\"@id\":\"https:\/\/newsestlyonnais.fr\/site\/2017\/09\/02\/venissieux-le-bunkai-karate-do-reprend-ses-activites-lundi-4-septembre\/#breadcrumb\"},\"inLanguage\":\"fr-FR\",\"potentialAction\":[{\"@type\":\"ReadAction\",\"target\":[\"https:\/\/newsestlyonnais.fr\/site\/2017\/09\/02\/venissieux-le-bunkai-karate-do-reprend-ses-activites-lundi-4-septembre\/\"]}]},{\"@type\":\"ImageObject\",\"inLanguage\":\"fr-FR\",\"@id\":\"https:\/\/newsestlyonnais.fr\/site\/2017\/09\/02\/venissieux-le-bunkai-karate-do-reprend-ses-activites-lundi-4-septembre\/#primaryimage\",\"url\":\"https:\/\/newsestlyonnais.fr\/site\/wp-content\/uploads\/2017\/09\/NEWSESTLYONNAIS-BUNKAI-KARATE-DO.jpg\",\"contentUrl\":\"https:\/\/newsestlyonnais.fr\/site\/wp-content\/uploads\/2017\/09\/NEWSESTLYONNAIS-BUNKAI-KARATE-DO.jpg\",\"width\":1000,\"height\":750,\"caption\":\"NEWSESTLYONNAIS - BUNKAI KARATE DO\"},{\"@type\":\"BreadcrumbList\",\"@id\":\"https:\/\/newsestlyonnais.fr\/site\/2017\/09\/02\/venissieux-le-bunkai-karate-do-reprend-ses-activites-lundi-4-septembre\/#breadcrumb\",\"itemListElement\":[{\"@type\":\"ListItem\",\"position\":1,\"name\":\"Accueil\",\"item\":\"https:\/\/newsestlyonnais.fr\/site\/\"},{\"@type\":\"ListItem\",\"position\":2,\"name\":\"VENISSIEUX | Le Bunka\u00ef Karat\u00e9 Do reprend ses activit\u00e9s lundi 4 septembre\"}]},{\"@type\":\"WebSite\",\"@id\":\"https:\/\/newsestlyonnais.fr\/site\/#website\",\"url\":\"https:\/\/newsestlyonnais.fr\/site\/\",\"name\":\"News Est Lyonnais\",\"description\":\"L&#039;actualit\u00e9 au plus pr\u00e8s\",\"publisher\":{\"@id\":\"https:\/\/newsestlyonnais.fr\/site\/#organization\"},\"potentialAction\":[{\"@type\":\"SearchAction\",\"target\":{\"@type\":\"EntryPoint\",\"urlTemplate\":\"https:\/\/newsestlyonnais.fr\/site\/?s={search_term_string}\"},\"query-input\":{\"@type\":\"PropertyValueSpecification\",\"valueRequired\":true,\"valueName\":\"search_term_string\"}}],\"inLanguage\":\"fr-FR\"},{\"@type\":\"Organization\",\"@id\":\"https:\/\/newsestlyonnais.fr\/site\/#organization\",\"name\":\"News EST LYONNAIS\",\"url\":\"https:\/\/newsestlyonnais.fr\/site\/\",\"logo\":{\"@type\":\"ImageObject\",\"inLanguage\":\"fr-FR\",\"@id\":\"https:\/\/newsestlyonnais.fr\/site\/#\/schema\/logo\/image\/\",\"url\":\"\",\"contentUrl\":\"\",\"caption\":\"News EST LYONNAIS\"},\"image\":{\"@id\":\"https:\/\/newsestlyonnais.fr\/site\/#\/schema\/logo\/image\/\"}},{\"@type\":\"Person\",\"@id\":\"https:\/\/newsestlyonnais.fr\/site\/#\/schema\/person\/3230d5615f390bb808365d673001e887\",\"name\":\"R\u00e9dac. NEWS\",\"sameAs\":[\"http:\/\/www.newsestlyonnais.fr\",\"https:\/\/www.facebook.com\/pascal.oberson.1?fref=ts\",\"https:\/\/fr.linkedin.com\/in\/pascal-oberson-b17045113\"],\"url\":\"https:\/\/newsestlyonnais.fr\/site\/author\/nel\/\"}]}<\/script>\n<!-- \/ Yoast SEO plugin. -->","yoast_head_json":{"title":"VENISSIEUX : Le Bunka\u00ef Karat\u00e9 Do reprend ses activit\u00e9s lundi 4 septembre","description":"VENISSIEUX : Le Bunka\u00ef Karat\u00e9 Do reprend ses activit\u00e9s lundi 4 septembre","robots":{"index":"index","follow":"follow","max-snippet":"max-snippet:-1","max-image-preview":"max-image-preview:large","max-video-preview":"max-video-preview:-1"},"canonical":"https:\/\/newsestlyonnais.fr\/site\/2017\/09\/02\/venissieux-le-bunkai-karate-do-reprend-ses-activites-lundi-4-septembre\/","og_locale":"fr_FR","og_type":"article","og_title":"VENISSIEUX : Le Bunka\u00ef Karat\u00e9 Do reprend ses activit\u00e9s lundi 4 septembre","og_description":"VENISSIEUX : Le Bunka\u00ef Karat\u00e9 Do reprend ses activit\u00e9s lundi 4 septembre","og_url":"https:\/\/newsestlyonnais.fr\/site\/2017\/09\/02\/venissieux-le-bunkai-karate-do-reprend-ses-activites-lundi-4-septembre\/","og_site_name":"News Est Lyonnais","article_author":"https:\/\/www.facebook.com\/pascal.oberson.1?fref=ts","article_published_time":"2017-09-02T07:30:39+00:00","article_modified_time":"2020-11-06T15:09:40+00:00","og_image":[{"width":1000,"height":750,"url":"https:\/\/i2.wp.com\/newsestlyonnais.fr\/site\/wp-content\/uploads\/2017\/09\/NEWSESTLYONNAIS-BUNKAI-KARATE-DO.jpg?fit=1000%2C750&ssl=1","type":"image\/jpeg"}],"author":"R\u00e9dac. NEWS","twitter_card":"summary_large_image","twitter_misc":{"\u00c9crit par":"R\u00e9dac. NEWS","Dur\u00e9e de lecture estim\u00e9e":"2 minutes"},"schema":{"@context":"https:\/\/schema.org","@graph":[{"@type":"Article","@id":"https:\/\/newsestlyonnais.fr\/site\/2017\/09\/02\/venissieux-le-bunkai-karate-do-reprend-ses-activites-lundi-4-septembre\/#article","isPartOf":{"@id":"https:\/\/newsestlyonnais.fr\/site\/2017\/09\/02\/venissieux-le-bunkai-karate-do-reprend-ses-activites-lundi-4-septembre\/"},"author":{"name":"R\u00e9dac. NEWS","@id":"https:\/\/newsestlyonnais.fr\/site\/#\/schema\/person\/3230d5615f390bb808365d673001e887"},"headline":"VENISSIEUX | Le Bunka\u00ef Karat\u00e9 Do reprend ses activit\u00e9s lundi 4 septembre","datePublished":"2017-09-02T07:30:39+00:00","dateModified":"2020-11-06T15:09:40+00:00","mainEntityOfPage":{"@id":"https:\/\/newsestlyonnais.fr\/site\/2017\/09\/02\/venissieux-le-bunkai-karate-do-reprend-ses-activites-lundi-4-septembre\/"},"wordCount":337,"commentCount":0,"publisher":{"@id":"https:\/\/newsestlyonnais.fr\/site\/#organization"},"image":{"@id":"https:\/\/newsestlyonnais.fr\/site\/2017\/09\/02\/venissieux-le-bunkai-karate-do-reprend-ses-activites-lundi-4-septembre\/#primaryimage"},"thumbnailUrl":"https:\/\/newsestlyonnais.fr\/site\/wp-content\/uploads\/2017\/09\/NEWSESTLYONNAIS-BUNKAI-KARATE-DO.jpg","articleSection":["Judo| Karat\u00e9| Taekwondo","Karat\u00e9","V\u00e9nissieux"],"inLanguage":"fr-FR","potentialAction":[{"@type":"CommentAction","name":"Comment","target":["https:\/\/newsestlyonnais.fr\/site\/2017\/09\/02\/venissieux-le-bunkai-karate-do-reprend-ses-activites-lundi-4-septembre\/#respond"]}]},{"@type":"WebPage","@id":"https:\/\/newsestlyonnais.fr\/site\/2017\/09\/02\/venissieux-le-bunkai-karate-do-reprend-ses-activites-lundi-4-septembre\/","url":"https:\/\/newsestlyonnais.fr\/site\/2017\/09\/02\/venissieux-le-bunkai-karate-do-reprend-ses-activites-lundi-4-septembre\/","name":"VENISSIEUX : Le Bunka\u00ef Karat\u00e9 Do reprend ses activit\u00e9s lundi 4 septembre","isPartOf":{"@id":"https:\/\/newsestlyonnais.fr\/site\/#website"},"primaryImageOfPage":{"@id":"https:\/\/newsestlyonnais.fr\/site\/2017\/09\/02\/venissieux-le-bunkai-karate-do-reprend-ses-activites-lundi-4-septembre\/#primaryimage"},"image":{"@id":"https:\/\/newsestlyonnais.fr\/site\/2017\/09\/02\/venissieux-le-bunkai-karate-do-reprend-ses-activites-lundi-4-septembre\/#primaryimage"},"thumbnailUrl":"https:\/\/newsestlyonnais.fr\/site\/wp-content\/uploads\/2017\/09\/NEWSESTLYONNAIS-BUNKAI-KARATE-DO.jpg","datePublished":"2017-09-02T07:30:39+00:00","dateModified":"2020-11-06T15:09:40+00:00","description":"VENISSIEUX : Le Bunka\u00ef Karat\u00e9 Do reprend ses activit\u00e9s lundi 4 septembre","breadcrumb":{"@id":"https:\/\/newsestlyonnais.fr\/site\/2017\/09\/02\/venissieux-le-bunkai-karate-do-reprend-ses-activites-lundi-4-septembre\/#breadcrumb"},"inLanguage":"fr-FR","potentialAction":[{"@type":"ReadAction","target":["https:\/\/newsestlyonnais.fr\/site\/2017\/09\/02\/venissieux-le-bunkai-karate-do-reprend-ses-activites-lundi-4-septembre\/"]}]},{"@type":"ImageObject","inLanguage":"fr-FR","@id":"https:\/\/newsestlyonnais.fr\/site\/2017\/09\/02\/venissieux-le-bunkai-karate-do-reprend-ses-activites-lundi-4-septembre\/#primaryimage","url":"https:\/\/newsestlyonnais.fr\/site\/wp-content\/uploads\/2017\/09\/NEWSESTLYONNAIS-BUNKAI-KARATE-DO.jpg","contentUrl":"https:\/\/newsestlyonnais.fr\/site\/wp-content\/uploads\/2017\/09\/NEWSESTLYONNAIS-BUNKAI-KARATE-DO.jpg","width":1000,"height":750,"caption":"NEWSESTLYONNAIS - BUNKAI KARATE DO"},{"@type":"BreadcrumbList","@id":"https:\/\/newsestlyonnais.fr\/site\/2017\/09\/02\/venissieux-le-bunkai-karate-do-reprend-ses-activites-lundi-4-septembre\/#breadcrumb","itemListElement":[{"@type":"ListItem","position":1,"name":"Accueil","item":"https:\/\/newsestlyonnais.fr\/site\/"},{"@type":"ListItem","position":2,"name":"VENISSIEUX | Le Bunka\u00ef Karat\u00e9 Do reprend ses activit\u00e9s lundi 4 septembre"}]},{"@type":"WebSite","@id":"https:\/\/newsestlyonnais.fr\/site\/#website","url":"https:\/\/newsestlyonnais.fr\/site\/","name":"News Est Lyonnais","description":"L&#039;actualit\u00e9 au plus pr\u00e8s","publisher":{"@id":"https:\/\/newsestlyonnais.fr\/site\/#organization"},"potentialAction":[{"@type":"SearchAction","target":{"@type":"EntryPoint","urlTemplate":"https:\/\/newsestlyonnais.fr\/site\/?s={search_term_string}"},"query-input":{"@type":"PropertyValueSpecification","valueRequired":true,"valueName":"search_term_string"}}],"inLanguage":"fr-FR"},{"@type":"Organization","@id":"https:\/\/newsestlyonnais.fr\/site\/#organization","name":"News EST LYONNAIS","url":"https:\/\/newsestlyonnais.fr\/site\/","logo":{"@type":"ImageObject","inLanguage":"fr-FR","@id":"https:\/\/newsestlyonnais.fr\/site\/#\/schema\/logo\/image\/","url":"","contentUrl":"","caption":"News EST LYONNAIS"},"image":{"@id":"https:\/\/newsestlyonnais.fr\/site\/#\/schema\/logo\/image\/"}},{"@type":"Person","@id":"https:\/\/newsestlyonnais.fr\/site\/#\/schema\/person\/3230d5615f390bb808365d673001e887","name":"R\u00e9dac. NEWS","sameAs":["http:\/\/www.newsestlyonnais.fr","https:\/\/www.facebook.com\/pascal.oberson.1?fref=ts","https:\/\/fr.linkedin.com\/in\/pascal-oberson-b17045113"],"url":"https:\/\/newsestlyonnais.fr\/site\/author\/nel\/"}]}},"_links":{"self":[{"href":"https:\/\/newsestlyonnais.fr\/site\/wp-json\/wp\/v2\/posts\/33971","targetHints":{"allow":["GET"]}}],"collection":[{"href":"https:\/\/newsestlyonnais.fr\/site\/wp-json\/wp\/v2\/posts"}],"about":[{"href":"https:\/\/newsestlyonnais.fr\/site\/wp-json\/wp\/v2\/types\/post"}],"author":[{"embeddable":true,"href":"https:\/\/newsestlyonnais.fr\/site\/wp-json\/wp\/v2\/users\/4"}],"replies":[{"embeddable":true,"href":"https:\/\/newsestlyonnais.fr\/site\/wp-json\/wp\/v2\/comments?post=33971"}],"version-history":[{"count":0,"href":"https:\/\/newsestlyonnais.fr\/site\/wp-json\/wp\/v2\/posts\/33971\/revisions"}],"wp:featuredmedia":[{"embeddable":true,"href":"https:\/\/newsestlyonnais.fr\/site\/wp-json\/wp\/v2\/media\/33985"}],"wp:attachment":[{"href":"https:\/\/newsestlyonnais.fr\/site\/wp-json\/wp\/v2\/media?parent=33971"}],"wp:term":[{"taxonomy":"category","embeddable":true,"href":"https:\/\/newsestlyonnais.fr\/site\/wp-json\/wp\/v2\/categories?post=33971"},{"taxonomy":"post_tag","embeddable":true,"href":"https:\/\/newsestlyonnais.fr\/site\/wp-json\/wp\/v2\/tags?post=33971"}],"curies":[{"name":"wp","href":"https:\/\/api.w.org\/{rel}","templated":true}]}}