{"id":34001,"date":"2017-09-03T17:36:29","date_gmt":"2017-09-03T16:36:29","guid":{"rendered":"http:\/\/newsestlyonnais.fr\/site\/?p=34001"},"modified":"2020-11-01T14:50:04","modified_gmt":"2020-11-01T13:50:04","slug":"saint-bonnet-de-mure-record-de-participation-au-run-in-2-mure","status":"publish","type":"post","link":"https:\/\/newsestlyonnais.fr\/site\/2017\/09\/03\/saint-bonnet-de-mure-record-de-participation-au-run-in-2-mure\/","title":{"rendered":"SAINT-BONNET-DE-MURE | Participation record pour le 3\u00b0 \u00ab\u00a0RUN IN 2 MURE\u00a0\u00bb"},"content":{"rendered":"<h4>Belle course p\u00e9destre pour cette rentr\u00e9e sportive, ce dimanche matin pour la 3\u00b0 \u00e9dition du \u00ab\u00a0RUN IN 2 MURE\u00a0\u00bb avec d\u00e9parts et arriv\u00e9es \u00e0 Saint Bonnet de Mure et passage sur les communes de Saint Laurent et Genas.<\/h4>\n<p>Plus de 150 b\u00e9n\u00e9voles mobilis\u00e9s pour une \u00e9preuve qui aura rassembl\u00e9 pas moins de <strong>670 participant(e)s<\/strong> (420 sur le 10 kilom\u00e8tres et 250 sur le semi), sans compter la centaine d&rsquo;enfants pr\u00e9sents sur leurs deux distances d\u00e9di\u00e9es.<\/p>\n<p>Au palmar\u00e8s de cette 3\u00b0 \u00e9dition organis\u00e9e par la Foul\u00e9e Muroise, on retiendra les succ\u00e8s de <strong>Samir TATAH <\/strong>(Terre de Running D\u00e9cines)<strong> &amp; Nelly JEPKOECH MUTAI <\/strong>(Terre de Running)<span style=\"text-decoration: underline\"> sur les 10 kilom\u00e8tres <\/span>et de <strong>Hugo ALTMEYER<\/strong> (Terre de Running) &amp; <strong>Anne-Sophie VITTET<\/strong> (Run Alp Karitraa) <span style=\"text-decoration: underline\">sur le semi<\/span>.<\/p>\n<p>A noter qu&rsquo;une minute d&rsquo;applaudissements a \u00e9t\u00e9 demand\u00e9e avant le d\u00e9part commun des 10 km et semi en hommage \u00e0 <span class=\"st\"><em>Arnaud Schwartzentruber , traileur du club d\u00e9c\u00e9d\u00e9 mi-a\u00f4ut \u00e0 <\/em>46 ans, suite \u00e0 une chute en montagne.<\/span><\/p>\n<p><strong>PHOTO A LA UNE<\/strong>: le podium masculin des 10 kilom\u00e8tres<\/p>\n<p><strong>Retrouvez tous les r\u00e9sultats, par course, sur:<\/strong><\/p>\n<ul>\n<li><strong>10 km<\/strong> : <a href=\"https:\/\/docs.wixstatic.com\/ugd\/e92254_80c15137709b4050930247429a7e3e5d.pdf\" target=\"_blank\" rel=\"noopener noreferrer\">https:\/\/docs.wixstatic.com\/ugd\/e92254_80c15137709b4050930247429a7e3e5d.pdf<\/a><\/li>\n<li><strong>10 km handisport<\/strong> : <a href=\"https:\/\/docs.wixstatic.com\/ugd\/e92254_4d41878cb94e4d498946a5b24182c8ea.pdf\" target=\"_blank\" rel=\"noopener noreferrer\">https:\/\/docs.wixstatic.com\/ugd\/e92254_4d41878cb94e4d498946a5b24182c8ea.pdf<\/a><\/li>\n<li><strong>Semi-marathon<\/strong> : <a href=\"https:\/\/docs.wixstatic.com\/ugd\/e92254_ee20777f0d3e4875ba384c212cacbf31.pdf\" target=\"_blank\" rel=\"noopener noreferrer\">https:\/\/docs.wixstatic.com\/ugd\/e92254_ee20777f0d3e4875ba384c212cacbf31.pdf<\/a><\/li>\n<li><strong>Semi-marathon<\/strong> <strong>handisport<\/strong> : <a href=\"https:\/\/docs.wixstatic.com\/ugd\/e92254_a3e0cde12b1b486cb55b7ab5d6012abf.pdf\" target=\"_blank\" rel=\"noopener noreferrer\">https:\/\/docs.wixstatic.com\/ugd\/e92254_a3e0cde12b1b486cb55b7ab5d6012abf.pdf<\/a><\/li>\n<\/ul>\n<div id='gallery-1' class='gallery galleryid-34001 gallery-columns-3 gallery-size-thumbnail'><figure class='gallery-item'>\n\t\t\t<div class='gallery-icon landscape'>\n\t\t\t\t<a href='https:\/\/newsestlyonnais.fr\/site\/2017\/07\/03\/saint-bonnet-saint-laurent-de-mure-3-edition-de-run-in-2-mure-aura-lieu-dimanche-3-septembre\/newsestlyonnais-run-in-2-mure-2017\/'><img loading=\"lazy\" decoding=\"async\" width=\"150\" height=\"150\" src=\"https:\/\/newsestlyonnais.fr\/site\/wp-content\/uploads\/2017\/07\/NEWSESTLYONNAIS-RUN-IN-2-MURE-2017-150x150.png\" class=\"attachment-thumbnail size-thumbnail\" alt=\"NEWSESTLYONNAIS - RUN IN 2 MURE 2017\" aria-describedby=\"gallery-1-31151\" \/><\/a>\n\t\t\t<\/div>\n\t\t\t\t<figcaption class='wp-caption-text gallery-caption' id='gallery-1-31151'>\n\t\t\t\tL&rsquo;affiche de l&rsquo;\u00e9preuve\n\t\t\t\t<\/figcaption><\/figure><figure class='gallery-item'>\n\t\t\t<div class='gallery-icon landscape'>\n\t\t\t\t<a href='https:\/\/newsestlyonnais.fr\/site\/2017\/09\/03\/saint-bonnet-de-mure-record-de-participation-au-run-in-2-mure\/newsestlyonnais-pod-filles-run-in-2-mure\/'><img loading=\"lazy\" decoding=\"async\" width=\"150\" height=\"150\" src=\"https:\/\/newsestlyonnais.fr\/site\/wp-content\/uploads\/2017\/09\/NEWSESTLYONNAIS-POD-FILLES-RUN-IN-2-MURE-150x150.jpg\" class=\"attachment-thumbnail size-thumbnail\" alt=\"\" aria-describedby=\"gallery-1-34030\" \/><\/a>\n\t\t\t<\/div>\n\t\t\t\t<figcaption class='wp-caption-text gallery-caption' id='gallery-1-34030'>\n\t\t\t\tLe podium f\u00e9minin du 10 kilom\u00e8tres \n\t\t\t\t<\/figcaption><\/figure><figure class='gallery-item'>\n\t\t\t<div class='gallery-icon landscape'>\n\t\t\t\t<a href='https:\/\/newsestlyonnais.fr\/site\/2017\/09\/03\/saint-bonnet-de-mure-record-de-participation-au-run-in-2-mure\/newsestlyonnais-podium-filles-semi\/'><img loading=\"lazy\" decoding=\"async\" width=\"150\" height=\"150\" src=\"https:\/\/newsestlyonnais.fr\/site\/wp-content\/uploads\/2017\/09\/NEWSESTLYONNAIS-PODIUM-FILLES-SEMI-150x150.jpg\" class=\"attachment-thumbnail size-thumbnail\" alt=\"NEWSESTLYONNAIS - PODIUM FILLES SEMI\" aria-describedby=\"gallery-1-34026\" \/><\/a>\n\t\t\t<\/div>\n\t\t\t\t<figcaption class='wp-caption-text gallery-caption' id='gallery-1-34026'>\n\t\t\t\tLe podium f\u00e9minin du semi marathon  \n\t\t\t\t<\/figcaption><\/figure><figure class='gallery-item'>\n\t\t\t<div class='gallery-icon landscape'>\n\t\t\t\t<a href='https:\/\/newsestlyonnais.fr\/site\/2017\/09\/03\/saint-bonnet-de-mure-record-de-participation-au-run-in-2-mure\/newsestlyonnais-podium-semi-run-in-2\/'><img loading=\"lazy\" decoding=\"async\" width=\"150\" height=\"150\" src=\"https:\/\/newsestlyonnais.fr\/site\/wp-content\/uploads\/2017\/09\/NEWSESTLYONNAIS-PODIUM-SEMI-RUN-IN-2-150x150.jpg\" class=\"attachment-thumbnail size-thumbnail\" alt=\"\" aria-describedby=\"gallery-1-34028\" \/><\/a>\n\t\t\t<\/div>\n\t\t\t\t<figcaption class='wp-caption-text gallery-caption' id='gallery-1-34028'>\n\t\t\t\tLe podium masculin du semi-marathon ! \n\t\t\t\t<\/figcaption><\/figure><figure class='gallery-item'>\n\t\t\t<div class='gallery-icon landscape'>\n\t\t\t\t<a href='https:\/\/newsestlyonnais.fr\/site\/2017\/09\/03\/saint-bonnet-de-mure-record-de-participation-au-run-in-2-mure\/newsestlyonnais-tdr-run-in-2-mure\/'><img loading=\"lazy\" decoding=\"async\" width=\"150\" height=\"150\" src=\"https:\/\/newsestlyonnais.fr\/site\/wp-content\/uploads\/2017\/09\/NEWSESTLYONNAIS-TDR-RUN-IN-2-MURE-150x150.jpg\" class=\"attachment-thumbnail size-thumbnail\" alt=\"NEWSESTLYONNAIS - TDR RUN IN 2 MURE\" \/><\/a>\n\t\t\t<\/div><\/figure><figure class='gallery-item'>\n\t\t\t<div class='gallery-icon landscape'>\n\t\t\t\t<a href='https:\/\/newsestlyonnais.fr\/site\/2017\/09\/03\/saint-bonnet-de-mure-record-de-participation-au-run-in-2-mure\/newsestlyonnais-l-pliz-run-in-2-mure\/'><img loading=\"lazy\" decoding=\"async\" width=\"150\" height=\"150\" src=\"https:\/\/newsestlyonnais.fr\/site\/wp-content\/uploads\/2017\/09\/NEWSESTLYONNAIS-L-PLIZ-RUN-IN-2-MURE-150x150.jpg\" class=\"attachment-thumbnail size-thumbnail\" alt=\"\" aria-describedby=\"gallery-1-34027\" \/><\/a>\n\t\t\t<\/div>\n\t\t\t\t<figcaption class='wp-caption-text gallery-caption' id='gallery-1-34027'>\n\t\t\t\tL&rsquo;association muroise L&rsquo;PLIZ \u00e9tait pr\u00e9sente sur la course \n\t\t\t\t<\/figcaption><\/figure><figure class='gallery-item'>\n\t\t\t<div class='gallery-icon landscape'>\n\t\t\t\t<a href='https:\/\/newsestlyonnais.fr\/site\/2017\/09\/03\/saint-bonnet-de-mure-record-de-participation-au-run-in-2-mure\/newsestlyonnais-pt-foulee-muroise-et-diagamter\/'><img loading=\"lazy\" decoding=\"async\" width=\"150\" height=\"150\" src=\"https:\/\/newsestlyonnais.fr\/site\/wp-content\/uploads\/2017\/09\/NEWSESTLYONNAIS-PT-FOULEE-MUROISE-ET-DIAGAMTER-150x150.jpg\" class=\"attachment-thumbnail size-thumbnail\" alt=\"\" aria-describedby=\"gallery-1-34014\" \/><\/a>\n\t\t\t<\/div>\n\t\t\t\t<figcaption class='wp-caption-text gallery-caption' id='gallery-1-34014'>\n\t\t\t\tChristophe Bourgeois (Pt Foul\u00e9e Muroise), Thierry Demange (Diagnostiqueur DIAGAMTER \n\t\t\t\t<\/figcaption><\/figure>\n\t\t<\/div>\n\n","protected":false},"excerpt":{"rendered":"<p>Belle course p\u00e9destre pour cette rentr\u00e9e sportive, ce dimanche matin pour la 3\u00b0 \u00e9dition du \u00ab\u00a0RUN IN 2 MURE\u00a0\u00bb avec d\u00e9parts et arriv\u00e9es \u00e0 Saint Bonnet de Mure et passage sur les communes de Saint Laurent et Genas. Plus de 150 b\u00e9n\u00e9voles mobilis\u00e9s pour une \u00e9preuve qui aura rassembl\u00e9 pas moins de 670 participant(e)s (420 [&hellip;]<\/p>\n","protected":false},"author":4,"featured_media":34011,"comment_status":"open","ping_status":"open","sticky":false,"template":"","format":"standard","meta":{"footnotes":""},"categories":[2968,270,18,1282],"tags":[],"class_list":["post-34001","post","type-post","status-publish","format-standard","has-post-thumbnail","hentry","category-athle-course-pied-marche","category-cte-de-communes-c-c-e-l","category-sante-bien-etre-solidarite","category-st-bonnet-st-laurent-de-mure"],"yoast_head":"<!-- This site is optimized with the Yoast SEO plugin v27.2 - https:\/\/yoast.com\/product\/yoast-seo-wordpress\/ -->\n<title>SAINT BONNET DE MURE : Participation record pour le 3\u00b0 &quot;RUN IN 2 MURE&quot;<\/title>\n<meta name=\"description\" content=\"SAINT BONNET DE MURE : Participation record pour le 3\u00b0 &quot;RUN IN 2 MURE&quot;\" \/>\n<meta name=\"robots\" content=\"index, follow, max-snippet:-1, max-image-preview:large, max-video-preview:-1\" \/>\n<link rel=\"canonical\" href=\"https:\/\/newsestlyonnais.fr\/site\/2017\/09\/03\/saint-bonnet-de-mure-record-de-participation-au-run-in-2-mure\/\" \/>\n<meta property=\"og:locale\" content=\"fr_FR\" \/>\n<meta property=\"og:type\" content=\"article\" \/>\n<meta property=\"og:title\" content=\"SAINT BONNET DE MURE : Participation record pour le 3\u00b0 &quot;RUN IN 2 MURE&quot;\" \/>\n<meta property=\"og:description\" content=\"SAINT BONNET DE MURE : Participation record pour le 3\u00b0 &quot;RUN IN 2 MURE&quot;\" \/>\n<meta property=\"og:url\" content=\"https:\/\/newsestlyonnais.fr\/site\/2017\/09\/03\/saint-bonnet-de-mure-record-de-participation-au-run-in-2-mure\/\" \/>\n<meta property=\"og:site_name\" content=\"News Est Lyonnais\" \/>\n<meta property=\"article:author\" content=\"https:\/\/www.facebook.com\/pascal.oberson.1?fref=ts\" \/>\n<meta property=\"article:published_time\" content=\"2017-09-03T16:36:29+00:00\" \/>\n<meta property=\"article:modified_time\" content=\"2020-11-01T13:50:04+00:00\" \/>\n<meta property=\"og:image\" content=\"https:\/\/i2.wp.com\/newsestlyonnais.fr\/site\/wp-content\/uploads\/2017\/09\/NEWSESTLYONNAIS-RUN-IN-2-MURE-PODIUM-10-KM.jpg?fit=1000%2C750&ssl=1\" \/>\n\t<meta property=\"og:image:width\" content=\"1000\" \/>\n\t<meta property=\"og:image:height\" content=\"750\" \/>\n\t<meta property=\"og:image:type\" content=\"image\/jpeg\" \/>\n<meta name=\"author\" content=\"R\u00e9dac. NEWS\" \/>\n<meta name=\"twitter:card\" content=\"summary_large_image\" \/>\n<meta name=\"twitter:label1\" content=\"\u00c9crit par\" \/>\n\t<meta name=\"twitter:data1\" content=\"R\u00e9dac. NEWS\" \/>\n\t<meta name=\"twitter:label2\" content=\"Dur\u00e9e de lecture estim\u00e9e\" \/>\n\t<meta name=\"twitter:data2\" content=\"1 minute\" \/>\n<script type=\"application\/ld+json\" class=\"yoast-schema-graph\">{\"@context\":\"https:\/\/schema.org\",\"@graph\":[{\"@type\":\"Article\",\"@id\":\"https:\/\/newsestlyonnais.fr\/site\/2017\/09\/03\/saint-bonnet-de-mure-record-de-participation-au-run-in-2-mure\/#article\",\"isPartOf\":{\"@id\":\"https:\/\/newsestlyonnais.fr\/site\/2017\/09\/03\/saint-bonnet-de-mure-record-de-participation-au-run-in-2-mure\/\"},\"author\":{\"name\":\"R\u00e9dac. NEWS\",\"@id\":\"https:\/\/newsestlyonnais.fr\/site\/#\/schema\/person\/3230d5615f390bb808365d673001e887\"},\"headline\":\"SAINT-BONNET-DE-MURE | Participation record pour le 3\u00b0 \u00ab\u00a0RUN IN 2 MURE\u00a0\u00bb\",\"datePublished\":\"2017-09-03T16:36:29+00:00\",\"dateModified\":\"2020-11-01T13:50:04+00:00\",\"mainEntityOfPage\":{\"@id\":\"https:\/\/newsestlyonnais.fr\/site\/2017\/09\/03\/saint-bonnet-de-mure-record-de-participation-au-run-in-2-mure\/\"},\"wordCount\":267,\"commentCount\":0,\"publisher\":{\"@id\":\"https:\/\/newsestlyonnais.fr\/site\/#organization\"},\"image\":{\"@id\":\"https:\/\/newsestlyonnais.fr\/site\/2017\/09\/03\/saint-bonnet-de-mure-record-de-participation-au-run-in-2-mure\/#primaryimage\"},\"thumbnailUrl\":\"https:\/\/newsestlyonnais.fr\/site\/wp-content\/uploads\/2017\/09\/NEWSESTLYONNAIS-RUN-IN-2-MURE-PODIUM-10-KM.jpg\",\"articleSection\":[\"Athl\u00e9 | Course pied | Marche\",\"CCEL | Communes\",\"Sant\u00e9 | Bien Etre | Solidarit\u00e9\",\"St Bonnet | St Laurent de Mure\"],\"inLanguage\":\"fr-FR\",\"potentialAction\":[{\"@type\":\"CommentAction\",\"name\":\"Comment\",\"target\":[\"https:\/\/newsestlyonnais.fr\/site\/2017\/09\/03\/saint-bonnet-de-mure-record-de-participation-au-run-in-2-mure\/#respond\"]}]},{\"@type\":\"WebPage\",\"@id\":\"https:\/\/newsestlyonnais.fr\/site\/2017\/09\/03\/saint-bonnet-de-mure-record-de-participation-au-run-in-2-mure\/\",\"url\":\"https:\/\/newsestlyonnais.fr\/site\/2017\/09\/03\/saint-bonnet-de-mure-record-de-participation-au-run-in-2-mure\/\",\"name\":\"SAINT BONNET DE MURE : Participation record pour le 3\u00b0 \\\"RUN IN 2 MURE\\\"\",\"isPartOf\":{\"@id\":\"https:\/\/newsestlyonnais.fr\/site\/#website\"},\"primaryImageOfPage\":{\"@id\":\"https:\/\/newsestlyonnais.fr\/site\/2017\/09\/03\/saint-bonnet-de-mure-record-de-participation-au-run-in-2-mure\/#primaryimage\"},\"image\":{\"@id\":\"https:\/\/newsestlyonnais.fr\/site\/2017\/09\/03\/saint-bonnet-de-mure-record-de-participation-au-run-in-2-mure\/#primaryimage\"},\"thumbnailUrl\":\"https:\/\/newsestlyonnais.fr\/site\/wp-content\/uploads\/2017\/09\/NEWSESTLYONNAIS-RUN-IN-2-MURE-PODIUM-10-KM.jpg\",\"datePublished\":\"2017-09-03T16:36:29+00:00\",\"dateModified\":\"2020-11-01T13:50:04+00:00\",\"description\":\"SAINT BONNET DE MURE : Participation record pour le 3\u00b0 \\\"RUN IN 2 MURE\\\"\",\"breadcrumb\":{\"@id\":\"https:\/\/newsestlyonnais.fr\/site\/2017\/09\/03\/saint-bonnet-de-mure-record-de-participation-au-run-in-2-mure\/#breadcrumb\"},\"inLanguage\":\"fr-FR\",\"potentialAction\":[{\"@type\":\"ReadAction\",\"target\":[\"https:\/\/newsestlyonnais.fr\/site\/2017\/09\/03\/saint-bonnet-de-mure-record-de-participation-au-run-in-2-mure\/\"]}]},{\"@type\":\"ImageObject\",\"inLanguage\":\"fr-FR\",\"@id\":\"https:\/\/newsestlyonnais.fr\/site\/2017\/09\/03\/saint-bonnet-de-mure-record-de-participation-au-run-in-2-mure\/#primaryimage\",\"url\":\"https:\/\/newsestlyonnais.fr\/site\/wp-content\/uploads\/2017\/09\/NEWSESTLYONNAIS-RUN-IN-2-MURE-PODIUM-10-KM.jpg\",\"contentUrl\":\"https:\/\/newsestlyonnais.fr\/site\/wp-content\/uploads\/2017\/09\/NEWSESTLYONNAIS-RUN-IN-2-MURE-PODIUM-10-KM.jpg\",\"width\":1000,\"height\":750,\"caption\":\"NEWSESTLYONNAIS RUN IN 2 MURE PODIUM 10 KM\"},{\"@type\":\"BreadcrumbList\",\"@id\":\"https:\/\/newsestlyonnais.fr\/site\/2017\/09\/03\/saint-bonnet-de-mure-record-de-participation-au-run-in-2-mure\/#breadcrumb\",\"itemListElement\":[{\"@type\":\"ListItem\",\"position\":1,\"name\":\"Accueil\",\"item\":\"https:\/\/newsestlyonnais.fr\/site\/\"},{\"@type\":\"ListItem\",\"position\":2,\"name\":\"SAINT-BONNET-DE-MURE | Participation record pour le 3\u00b0 \u00ab\u00a0RUN IN 2 MURE\u00a0\u00bb\"}]},{\"@type\":\"WebSite\",\"@id\":\"https:\/\/newsestlyonnais.fr\/site\/#website\",\"url\":\"https:\/\/newsestlyonnais.fr\/site\/\",\"name\":\"News Est Lyonnais\",\"description\":\"L&#039;actualit\u00e9 au plus pr\u00e8s\",\"publisher\":{\"@id\":\"https:\/\/newsestlyonnais.fr\/site\/#organization\"},\"potentialAction\":[{\"@type\":\"SearchAction\",\"target\":{\"@type\":\"EntryPoint\",\"urlTemplate\":\"https:\/\/newsestlyonnais.fr\/site\/?s={search_term_string}\"},\"query-input\":{\"@type\":\"PropertyValueSpecification\",\"valueRequired\":true,\"valueName\":\"search_term_string\"}}],\"inLanguage\":\"fr-FR\"},{\"@type\":\"Organization\",\"@id\":\"https:\/\/newsestlyonnais.fr\/site\/#organization\",\"name\":\"News EST LYONNAIS\",\"url\":\"https:\/\/newsestlyonnais.fr\/site\/\",\"logo\":{\"@type\":\"ImageObject\",\"inLanguage\":\"fr-FR\",\"@id\":\"https:\/\/newsestlyonnais.fr\/site\/#\/schema\/logo\/image\/\",\"url\":\"\",\"contentUrl\":\"\",\"caption\":\"News EST LYONNAIS\"},\"image\":{\"@id\":\"https:\/\/newsestlyonnais.fr\/site\/#\/schema\/logo\/image\/\"}},{\"@type\":\"Person\",\"@id\":\"https:\/\/newsestlyonnais.fr\/site\/#\/schema\/person\/3230d5615f390bb808365d673001e887\",\"name\":\"R\u00e9dac. NEWS\",\"sameAs\":[\"http:\/\/www.newsestlyonnais.fr\",\"https:\/\/www.facebook.com\/pascal.oberson.1?fref=ts\",\"https:\/\/fr.linkedin.com\/in\/pascal-oberson-b17045113\"],\"url\":\"https:\/\/newsestlyonnais.fr\/site\/author\/nel\/\"}]}<\/script>\n<!-- \/ Yoast SEO plugin. -->","yoast_head_json":{"title":"SAINT BONNET DE MURE : Participation record pour le 3\u00b0 \"RUN IN 2 MURE\"","description":"SAINT BONNET DE MURE : Participation record pour le 3\u00b0 \"RUN IN 2 MURE\"","robots":{"index":"index","follow":"follow","max-snippet":"max-snippet:-1","max-image-preview":"max-image-preview:large","max-video-preview":"max-video-preview:-1"},"canonical":"https:\/\/newsestlyonnais.fr\/site\/2017\/09\/03\/saint-bonnet-de-mure-record-de-participation-au-run-in-2-mure\/","og_locale":"fr_FR","og_type":"article","og_title":"SAINT BONNET DE MURE : Participation record pour le 3\u00b0 \"RUN IN 2 MURE\"","og_description":"SAINT BONNET DE MURE : Participation record pour le 3\u00b0 \"RUN IN 2 MURE\"","og_url":"https:\/\/newsestlyonnais.fr\/site\/2017\/09\/03\/saint-bonnet-de-mure-record-de-participation-au-run-in-2-mure\/","og_site_name":"News Est Lyonnais","article_author":"https:\/\/www.facebook.com\/pascal.oberson.1?fref=ts","article_published_time":"2017-09-03T16:36:29+00:00","article_modified_time":"2020-11-01T13:50:04+00:00","og_image":[{"width":1000,"height":750,"url":"https:\/\/i2.wp.com\/newsestlyonnais.fr\/site\/wp-content\/uploads\/2017\/09\/NEWSESTLYONNAIS-RUN-IN-2-MURE-PODIUM-10-KM.jpg?fit=1000%2C750&ssl=1","type":"image\/jpeg"}],"author":"R\u00e9dac. NEWS","twitter_card":"summary_large_image","twitter_misc":{"\u00c9crit par":"R\u00e9dac. NEWS","Dur\u00e9e de lecture estim\u00e9e":"1 minute"},"schema":{"@context":"https:\/\/schema.org","@graph":[{"@type":"Article","@id":"https:\/\/newsestlyonnais.fr\/site\/2017\/09\/03\/saint-bonnet-de-mure-record-de-participation-au-run-in-2-mure\/#article","isPartOf":{"@id":"https:\/\/newsestlyonnais.fr\/site\/2017\/09\/03\/saint-bonnet-de-mure-record-de-participation-au-run-in-2-mure\/"},"author":{"name":"R\u00e9dac. NEWS","@id":"https:\/\/newsestlyonnais.fr\/site\/#\/schema\/person\/3230d5615f390bb808365d673001e887"},"headline":"SAINT-BONNET-DE-MURE | Participation record pour le 3\u00b0 \u00ab\u00a0RUN IN 2 MURE\u00a0\u00bb","datePublished":"2017-09-03T16:36:29+00:00","dateModified":"2020-11-01T13:50:04+00:00","mainEntityOfPage":{"@id":"https:\/\/newsestlyonnais.fr\/site\/2017\/09\/03\/saint-bonnet-de-mure-record-de-participation-au-run-in-2-mure\/"},"wordCount":267,"commentCount":0,"publisher":{"@id":"https:\/\/newsestlyonnais.fr\/site\/#organization"},"image":{"@id":"https:\/\/newsestlyonnais.fr\/site\/2017\/09\/03\/saint-bonnet-de-mure-record-de-participation-au-run-in-2-mure\/#primaryimage"},"thumbnailUrl":"https:\/\/newsestlyonnais.fr\/site\/wp-content\/uploads\/2017\/09\/NEWSESTLYONNAIS-RUN-IN-2-MURE-PODIUM-10-KM.jpg","articleSection":["Athl\u00e9 | Course pied | Marche","CCEL | Communes","Sant\u00e9 | Bien Etre | Solidarit\u00e9","St Bonnet | St Laurent de Mure"],"inLanguage":"fr-FR","potentialAction":[{"@type":"CommentAction","name":"Comment","target":["https:\/\/newsestlyonnais.fr\/site\/2017\/09\/03\/saint-bonnet-de-mure-record-de-participation-au-run-in-2-mure\/#respond"]}]},{"@type":"WebPage","@id":"https:\/\/newsestlyonnais.fr\/site\/2017\/09\/03\/saint-bonnet-de-mure-record-de-participation-au-run-in-2-mure\/","url":"https:\/\/newsestlyonnais.fr\/site\/2017\/09\/03\/saint-bonnet-de-mure-record-de-participation-au-run-in-2-mure\/","name":"SAINT BONNET DE MURE : Participation record pour le 3\u00b0 \"RUN IN 2 MURE\"","isPartOf":{"@id":"https:\/\/newsestlyonnais.fr\/site\/#website"},"primaryImageOfPage":{"@id":"https:\/\/newsestlyonnais.fr\/site\/2017\/09\/03\/saint-bonnet-de-mure-record-de-participation-au-run-in-2-mure\/#primaryimage"},"image":{"@id":"https:\/\/newsestlyonnais.fr\/site\/2017\/09\/03\/saint-bonnet-de-mure-record-de-participation-au-run-in-2-mure\/#primaryimage"},"thumbnailUrl":"https:\/\/newsestlyonnais.fr\/site\/wp-content\/uploads\/2017\/09\/NEWSESTLYONNAIS-RUN-IN-2-MURE-PODIUM-10-KM.jpg","datePublished":"2017-09-03T16:36:29+00:00","dateModified":"2020-11-01T13:50:04+00:00","description":"SAINT BONNET DE MURE : Participation record pour le 3\u00b0 \"RUN IN 2 MURE\"","breadcrumb":{"@id":"https:\/\/newsestlyonnais.fr\/site\/2017\/09\/03\/saint-bonnet-de-mure-record-de-participation-au-run-in-2-mure\/#breadcrumb"},"inLanguage":"fr-FR","potentialAction":[{"@type":"ReadAction","target":["https:\/\/newsestlyonnais.fr\/site\/2017\/09\/03\/saint-bonnet-de-mure-record-de-participation-au-run-in-2-mure\/"]}]},{"@type":"ImageObject","inLanguage":"fr-FR","@id":"https:\/\/newsestlyonnais.fr\/site\/2017\/09\/03\/saint-bonnet-de-mure-record-de-participation-au-run-in-2-mure\/#primaryimage","url":"https:\/\/newsestlyonnais.fr\/site\/wp-content\/uploads\/2017\/09\/NEWSESTLYONNAIS-RUN-IN-2-MURE-PODIUM-10-KM.jpg","contentUrl":"https:\/\/newsestlyonnais.fr\/site\/wp-content\/uploads\/2017\/09\/NEWSESTLYONNAIS-RUN-IN-2-MURE-PODIUM-10-KM.jpg","width":1000,"height":750,"caption":"NEWSESTLYONNAIS RUN IN 2 MURE PODIUM 10 KM"},{"@type":"BreadcrumbList","@id":"https:\/\/newsestlyonnais.fr\/site\/2017\/09\/03\/saint-bonnet-de-mure-record-de-participation-au-run-in-2-mure\/#breadcrumb","itemListElement":[{"@type":"ListItem","position":1,"name":"Accueil","item":"https:\/\/newsestlyonnais.fr\/site\/"},{"@type":"ListItem","position":2,"name":"SAINT-BONNET-DE-MURE | Participation record pour le 3\u00b0 \u00ab\u00a0RUN IN 2 MURE\u00a0\u00bb"}]},{"@type":"WebSite","@id":"https:\/\/newsestlyonnais.fr\/site\/#website","url":"https:\/\/newsestlyonnais.fr\/site\/","name":"News Est Lyonnais","description":"L&#039;actualit\u00e9 au plus pr\u00e8s","publisher":{"@id":"https:\/\/newsestlyonnais.fr\/site\/#organization"},"potentialAction":[{"@type":"SearchAction","target":{"@type":"EntryPoint","urlTemplate":"https:\/\/newsestlyonnais.fr\/site\/?s={search_term_string}"},"query-input":{"@type":"PropertyValueSpecification","valueRequired":true,"valueName":"search_term_string"}}],"inLanguage":"fr-FR"},{"@type":"Organization","@id":"https:\/\/newsestlyonnais.fr\/site\/#organization","name":"News EST LYONNAIS","url":"https:\/\/newsestlyonnais.fr\/site\/","logo":{"@type":"ImageObject","inLanguage":"fr-FR","@id":"https:\/\/newsestlyonnais.fr\/site\/#\/schema\/logo\/image\/","url":"","contentUrl":"","caption":"News EST LYONNAIS"},"image":{"@id":"https:\/\/newsestlyonnais.fr\/site\/#\/schema\/logo\/image\/"}},{"@type":"Person","@id":"https:\/\/newsestlyonnais.fr\/site\/#\/schema\/person\/3230d5615f390bb808365d673001e887","name":"R\u00e9dac. NEWS","sameAs":["http:\/\/www.newsestlyonnais.fr","https:\/\/www.facebook.com\/pascal.oberson.1?fref=ts","https:\/\/fr.linkedin.com\/in\/pascal-oberson-b17045113"],"url":"https:\/\/newsestlyonnais.fr\/site\/author\/nel\/"}]}},"_links":{"self":[{"href":"https:\/\/newsestlyonnais.fr\/site\/wp-json\/wp\/v2\/posts\/34001","targetHints":{"allow":["GET"]}}],"collection":[{"href":"https:\/\/newsestlyonnais.fr\/site\/wp-json\/wp\/v2\/posts"}],"about":[{"href":"https:\/\/newsestlyonnais.fr\/site\/wp-json\/wp\/v2\/types\/post"}],"author":[{"embeddable":true,"href":"https:\/\/newsestlyonnais.fr\/site\/wp-json\/wp\/v2\/users\/4"}],"replies":[{"embeddable":true,"href":"https:\/\/newsestlyonnais.fr\/site\/wp-json\/wp\/v2\/comments?post=34001"}],"version-history":[{"count":0,"href":"https:\/\/newsestlyonnais.fr\/site\/wp-json\/wp\/v2\/posts\/34001\/revisions"}],"wp:featuredmedia":[{"embeddable":true,"href":"https:\/\/newsestlyonnais.fr\/site\/wp-json\/wp\/v2\/media\/34011"}],"wp:attachment":[{"href":"https:\/\/newsestlyonnais.fr\/site\/wp-json\/wp\/v2\/media?parent=34001"}],"wp:term":[{"taxonomy":"category","embeddable":true,"href":"https:\/\/newsestlyonnais.fr\/site\/wp-json\/wp\/v2\/categories?post=34001"},{"taxonomy":"post_tag","embeddable":true,"href":"https:\/\/newsestlyonnais.fr\/site\/wp-json\/wp\/v2\/tags?post=34001"}],"curies":[{"name":"wp","href":"https:\/\/api.w.org\/{rel}","templated":true}]}}