{"id":34087,"date":"2017-08-31T14:21:01","date_gmt":"2017-08-31T13:21:01","guid":{"rendered":"http:\/\/newsestlyonnais.fr\/site\/?p=34087"},"modified":"2020-11-17T13:07:37","modified_gmt":"2020-11-17T12:07:37","slug":"colombier-saugnieu-le-nouveau-centre-technique-municipal-inaugure-vendredi","status":"publish","type":"post","link":"https:\/\/newsestlyonnais.fr\/site\/2017\/08\/31\/colombier-saugnieu-le-nouveau-centre-technique-municipal-inaugure-vendredi\/","title":{"rendered":"COLOMBIER-SAUGNIEU | Le nouveau centre technique municipal inaugur\u00e9 vendredi"},"content":{"rendered":"<h4>La ville de Colombier Saugnieu inaugure le vendredi 8 septembre \u00e0 18 heures 30, au 161 impasse du Belv\u00e9d\u00e8re, son nouveau Centre Technique Municipal.<\/h4>\n<p>La construction du Centre s\u2019est d\u00e9roul\u00e9e dans le cadre d\u2019une d\u00e9marche volontaire de qualit\u00e9 environnementale des b\u00e2timents et respecte les normes RT2012.<br \/>\nLe C.T.M. est un \u00e9quipement d\u2019une <strong>surface de bureaux de 220 m2 et d\u2019ateliers de 650 m2<\/strong>, sur un terrain de 6749 m2. Son co\u00fbt \u00e9tant de: 1.7 million d\u2019euros<br \/>\n<span style=\"text-decoration: underline\">Ses annexes<\/span> :<br \/>\n&#8211; Une aire de lavage \u00e9quip\u00e9e d\u2019une cuve de 30 000 litres r\u00e9cup\u00e9rant les eaux pluviales pour utiliser ensuite pour l\u2019arrosage des massifs et le nettoyage des v\u00e9hicules.<br \/>\n&#8211; Une aire de stockage des d\u00e9chets<br \/>\n&#8211; Un emplacement de mat\u00e9riaux couverts pour le stockage du sel de d\u00e9neigement<br \/>\nSes atouts :<br \/>\n&#8211; Le b\u00e2timent est \u00e9quip\u00e9 d\u2019une chaudi\u00e8re \u00e0 bois qui alimente 3 a\u00e9rothermes dans la partie atelier pour pouvoir maintenir une temp\u00e9rature de 15 degr\u00e9s l\u2019hiver<br \/>\n&#8211; Les bureaux sont chauff\u00e9s par un plancher chauffant et une centrale de traitement d\u2019air assure le renouvellement de l\u2019air.<br \/>\n&#8211; A noter \u00e9galement son aire de lavage ci-dessus mentionn\u00e9e, aliment\u00e9e par les eaux de pluie r\u00e9cup\u00e9r\u00e9es.<br \/>\n&#8211; Il est \u00e9tanche \u00e0 l\u2019air, isol\u00e9 par l\u2019ext\u00e9rieur et ne dispose pas de climatisation<\/p>\n<p>\u00ab Ce projet permet aux services techniques d\u2019avoir de meilleures conditions de travail, c\u2019est un outil moderne qui \u00e9tait attendu par les \u00e9quipes techniques. L\u2019int\u00e9gration d\u2019une chaudi\u00e8re \u00e0 bois, mais aussi le syst\u00e8me de r\u00e9cup\u00e9ration des eaux de pluie, demandent un investissement financier sup\u00e9rieur pour l\u2019\u00e9quipement, qui s\u2019amortit n\u00e9anmoins au fil des ann\u00e9es. Les nouveaux \u00e9quipements municipaux seront d\u00e9sormais tous dans cette dynamique de d\u00e9veloppement durable \u00bb confie <strong>Georges Viscogliosi, adjoint d\u00e9l\u00e9gu\u00e9 aux b\u00e2timents communaux, aux espaces verts et \u00e0 l\u2019agriculture.<\/strong><\/p>\n<ul>\n<li><strong>Retrouvez l&rsquo;ACTU de la commune sur: <a href=\"http:\/\/www.mairie-colombiersaugnieu.fr\" target=\"_blank\" rel=\"noopener noreferrer\">http:\/\/www.mairie-colombiersaugnieu.fr<\/a><\/strong><\/li>\n<\/ul>\n","protected":false},"excerpt":{"rendered":"<p>La ville de Colombier Saugnieu inaugure le vendredi 8 septembre \u00e0 18 heures 30, au 161 impasse du Belv\u00e9d\u00e8re, son nouveau Centre Technique Municipal. La construction du Centre s\u2019est d\u00e9roul\u00e9e dans le cadre d\u2019une d\u00e9marche volontaire de qualit\u00e9 environnementale des b\u00e2timents et respecte les normes RT2012. Le C.T.M. est un \u00e9quipement d\u2019une surface de bureaux [&hellip;]<\/p>\n","protected":false},"author":4,"featured_media":13813,"comment_status":"open","ping_status":"open","sticky":false,"template":"","format":"standard","meta":{"footnotes":""},"categories":[270,1280,172],"tags":[],"class_list":["post-34087","post","type-post","status-publish","format-standard","has-post-thumbnail","hentry","category-cte-de-communes-c-c-e-l","category-colombier-saugnieu","category-travaux-amenagements"],"yoast_head":"<!-- This site is optimized with the Yoast SEO plugin v27.2 - https:\/\/yoast.com\/product\/yoast-seo-wordpress\/ -->\n<title>COLOMBIER -SAUGNIEU : Le nouveau centre technique municipal sera inaugur\u00e9 vendredi<\/title>\n<meta name=\"description\" content=\"COLOMBIER -SAUGNIEU : Le nouveau centre technique municipal sera inaugur\u00e9 vendredi\" \/>\n<meta name=\"robots\" content=\"index, follow, max-snippet:-1, max-image-preview:large, max-video-preview:-1\" \/>\n<link rel=\"canonical\" href=\"https:\/\/newsestlyonnais.fr\/site\/2017\/08\/31\/colombier-saugnieu-le-nouveau-centre-technique-municipal-inaugure-vendredi\/\" \/>\n<meta property=\"og:locale\" content=\"fr_FR\" \/>\n<meta property=\"og:type\" content=\"article\" \/>\n<meta property=\"og:title\" content=\"COLOMBIER -SAUGNIEU : Le nouveau centre technique municipal sera inaugur\u00e9 vendredi\" \/>\n<meta property=\"og:description\" content=\"COLOMBIER -SAUGNIEU : Le nouveau centre technique municipal sera inaugur\u00e9 vendredi\" \/>\n<meta property=\"og:url\" content=\"https:\/\/newsestlyonnais.fr\/site\/2017\/08\/31\/colombier-saugnieu-le-nouveau-centre-technique-municipal-inaugure-vendredi\/\" \/>\n<meta property=\"og:site_name\" content=\"News Est Lyonnais\" \/>\n<meta property=\"article:author\" content=\"https:\/\/www.facebook.com\/pascal.oberson.1?fref=ts\" \/>\n<meta property=\"article:published_time\" content=\"2017-08-31T13:21:01+00:00\" \/>\n<meta property=\"article:modified_time\" content=\"2020-11-17T12:07:37+00:00\" \/>\n<meta property=\"og:image\" content=\"https:\/\/i2.wp.com\/newsestlyonnais.fr\/site\/wp-content\/uploads\/2016\/10\/NEWSESTLYONNAIS-6-panneau-colom.jpg?fit=1000%2C750&ssl=1\" \/>\n\t<meta property=\"og:image:width\" content=\"1000\" \/>\n\t<meta property=\"og:image:height\" content=\"750\" \/>\n\t<meta property=\"og:image:type\" content=\"image\/jpeg\" \/>\n<meta name=\"author\" content=\"R\u00e9dac. NEWS\" \/>\n<meta name=\"twitter:card\" content=\"summary_large_image\" \/>\n<meta name=\"twitter:label1\" content=\"\u00c9crit par\" \/>\n\t<meta name=\"twitter:data1\" content=\"R\u00e9dac. NEWS\" \/>\n\t<meta name=\"twitter:label2\" content=\"Dur\u00e9e de lecture estim\u00e9e\" \/>\n\t<meta name=\"twitter:data2\" content=\"2 minutes\" \/>\n<script type=\"application\/ld+json\" class=\"yoast-schema-graph\">{\"@context\":\"https:\/\/schema.org\",\"@graph\":[{\"@type\":\"Article\",\"@id\":\"https:\/\/newsestlyonnais.fr\/site\/2017\/08\/31\/colombier-saugnieu-le-nouveau-centre-technique-municipal-inaugure-vendredi\/#article\",\"isPartOf\":{\"@id\":\"https:\/\/newsestlyonnais.fr\/site\/2017\/08\/31\/colombier-saugnieu-le-nouveau-centre-technique-municipal-inaugure-vendredi\/\"},\"author\":{\"name\":\"R\u00e9dac. NEWS\",\"@id\":\"https:\/\/newsestlyonnais.fr\/site\/#\/schema\/person\/3230d5615f390bb808365d673001e887\"},\"headline\":\"COLOMBIER-SAUGNIEU | Le nouveau centre technique municipal inaugur\u00e9 vendredi\",\"datePublished\":\"2017-08-31T13:21:01+00:00\",\"dateModified\":\"2020-11-17T12:07:37+00:00\",\"mainEntityOfPage\":{\"@id\":\"https:\/\/newsestlyonnais.fr\/site\/2017\/08\/31\/colombier-saugnieu-le-nouveau-centre-technique-municipal-inaugure-vendredi\/\"},\"wordCount\":348,\"commentCount\":0,\"publisher\":{\"@id\":\"https:\/\/newsestlyonnais.fr\/site\/#organization\"},\"image\":{\"@id\":\"https:\/\/newsestlyonnais.fr\/site\/2017\/08\/31\/colombier-saugnieu-le-nouveau-centre-technique-municipal-inaugure-vendredi\/#primaryimage\"},\"thumbnailUrl\":\"https:\/\/newsestlyonnais.fr\/site\/wp-content\/uploads\/2016\/10\/NEWSESTLYONNAIS-6-panneau-colom.jpg\",\"articleSection\":[\"CCEL | Communes\",\"Colombier-Saugnieu\",\"Travaux | Am\u00e9nagements\"],\"inLanguage\":\"fr-FR\",\"potentialAction\":[{\"@type\":\"CommentAction\",\"name\":\"Comment\",\"target\":[\"https:\/\/newsestlyonnais.fr\/site\/2017\/08\/31\/colombier-saugnieu-le-nouveau-centre-technique-municipal-inaugure-vendredi\/#respond\"]}]},{\"@type\":\"WebPage\",\"@id\":\"https:\/\/newsestlyonnais.fr\/site\/2017\/08\/31\/colombier-saugnieu-le-nouveau-centre-technique-municipal-inaugure-vendredi\/\",\"url\":\"https:\/\/newsestlyonnais.fr\/site\/2017\/08\/31\/colombier-saugnieu-le-nouveau-centre-technique-municipal-inaugure-vendredi\/\",\"name\":\"COLOMBIER -SAUGNIEU : Le nouveau centre technique municipal sera inaugur\u00e9 vendredi\",\"isPartOf\":{\"@id\":\"https:\/\/newsestlyonnais.fr\/site\/#website\"},\"primaryImageOfPage\":{\"@id\":\"https:\/\/newsestlyonnais.fr\/site\/2017\/08\/31\/colombier-saugnieu-le-nouveau-centre-technique-municipal-inaugure-vendredi\/#primaryimage\"},\"image\":{\"@id\":\"https:\/\/newsestlyonnais.fr\/site\/2017\/08\/31\/colombier-saugnieu-le-nouveau-centre-technique-municipal-inaugure-vendredi\/#primaryimage\"},\"thumbnailUrl\":\"https:\/\/newsestlyonnais.fr\/site\/wp-content\/uploads\/2016\/10\/NEWSESTLYONNAIS-6-panneau-colom.jpg\",\"datePublished\":\"2017-08-31T13:21:01+00:00\",\"dateModified\":\"2020-11-17T12:07:37+00:00\",\"description\":\"COLOMBIER -SAUGNIEU : Le nouveau centre technique municipal sera inaugur\u00e9 vendredi\",\"breadcrumb\":{\"@id\":\"https:\/\/newsestlyonnais.fr\/site\/2017\/08\/31\/colombier-saugnieu-le-nouveau-centre-technique-municipal-inaugure-vendredi\/#breadcrumb\"},\"inLanguage\":\"fr-FR\",\"potentialAction\":[{\"@type\":\"ReadAction\",\"target\":[\"https:\/\/newsestlyonnais.fr\/site\/2017\/08\/31\/colombier-saugnieu-le-nouveau-centre-technique-municipal-inaugure-vendredi\/\"]}]},{\"@type\":\"ImageObject\",\"inLanguage\":\"fr-FR\",\"@id\":\"https:\/\/newsestlyonnais.fr\/site\/2017\/08\/31\/colombier-saugnieu-le-nouveau-centre-technique-municipal-inaugure-vendredi\/#primaryimage\",\"url\":\"https:\/\/newsestlyonnais.fr\/site\/wp-content\/uploads\/2016\/10\/NEWSESTLYONNAIS-6-panneau-colom.jpg\",\"contentUrl\":\"https:\/\/newsestlyonnais.fr\/site\/wp-content\/uploads\/2016\/10\/NEWSESTLYONNAIS-6-panneau-colom.jpg\",\"width\":1000,\"height\":750,\"caption\":\"newsestlyonnais-6-panneau-colom\"},{\"@type\":\"BreadcrumbList\",\"@id\":\"https:\/\/newsestlyonnais.fr\/site\/2017\/08\/31\/colombier-saugnieu-le-nouveau-centre-technique-municipal-inaugure-vendredi\/#breadcrumb\",\"itemListElement\":[{\"@type\":\"ListItem\",\"position\":1,\"name\":\"Accueil\",\"item\":\"https:\/\/newsestlyonnais.fr\/site\/\"},{\"@type\":\"ListItem\",\"position\":2,\"name\":\"COLOMBIER-SAUGNIEU | Le nouveau centre technique municipal inaugur\u00e9 vendredi\"}]},{\"@type\":\"WebSite\",\"@id\":\"https:\/\/newsestlyonnais.fr\/site\/#website\",\"url\":\"https:\/\/newsestlyonnais.fr\/site\/\",\"name\":\"News Est Lyonnais\",\"description\":\"L&#039;actualit\u00e9 au plus pr\u00e8s\",\"publisher\":{\"@id\":\"https:\/\/newsestlyonnais.fr\/site\/#organization\"},\"potentialAction\":[{\"@type\":\"SearchAction\",\"target\":{\"@type\":\"EntryPoint\",\"urlTemplate\":\"https:\/\/newsestlyonnais.fr\/site\/?s={search_term_string}\"},\"query-input\":{\"@type\":\"PropertyValueSpecification\",\"valueRequired\":true,\"valueName\":\"search_term_string\"}}],\"inLanguage\":\"fr-FR\"},{\"@type\":\"Organization\",\"@id\":\"https:\/\/newsestlyonnais.fr\/site\/#organization\",\"name\":\"News EST LYONNAIS\",\"url\":\"https:\/\/newsestlyonnais.fr\/site\/\",\"logo\":{\"@type\":\"ImageObject\",\"inLanguage\":\"fr-FR\",\"@id\":\"https:\/\/newsestlyonnais.fr\/site\/#\/schema\/logo\/image\/\",\"url\":\"\",\"contentUrl\":\"\",\"caption\":\"News EST LYONNAIS\"},\"image\":{\"@id\":\"https:\/\/newsestlyonnais.fr\/site\/#\/schema\/logo\/image\/\"}},{\"@type\":\"Person\",\"@id\":\"https:\/\/newsestlyonnais.fr\/site\/#\/schema\/person\/3230d5615f390bb808365d673001e887\",\"name\":\"R\u00e9dac. NEWS\",\"sameAs\":[\"http:\/\/www.newsestlyonnais.fr\",\"https:\/\/www.facebook.com\/pascal.oberson.1?fref=ts\",\"https:\/\/fr.linkedin.com\/in\/pascal-oberson-b17045113\"],\"url\":\"https:\/\/newsestlyonnais.fr\/site\/author\/nel\/\"}]}<\/script>\n<!-- \/ Yoast SEO plugin. -->","yoast_head_json":{"title":"COLOMBIER -SAUGNIEU : Le nouveau centre technique municipal sera inaugur\u00e9 vendredi","description":"COLOMBIER -SAUGNIEU : Le nouveau centre technique municipal sera inaugur\u00e9 vendredi","robots":{"index":"index","follow":"follow","max-snippet":"max-snippet:-1","max-image-preview":"max-image-preview:large","max-video-preview":"max-video-preview:-1"},"canonical":"https:\/\/newsestlyonnais.fr\/site\/2017\/08\/31\/colombier-saugnieu-le-nouveau-centre-technique-municipal-inaugure-vendredi\/","og_locale":"fr_FR","og_type":"article","og_title":"COLOMBIER -SAUGNIEU : Le nouveau centre technique municipal sera inaugur\u00e9 vendredi","og_description":"COLOMBIER -SAUGNIEU : Le nouveau centre technique municipal sera inaugur\u00e9 vendredi","og_url":"https:\/\/newsestlyonnais.fr\/site\/2017\/08\/31\/colombier-saugnieu-le-nouveau-centre-technique-municipal-inaugure-vendredi\/","og_site_name":"News Est Lyonnais","article_author":"https:\/\/www.facebook.com\/pascal.oberson.1?fref=ts","article_published_time":"2017-08-31T13:21:01+00:00","article_modified_time":"2020-11-17T12:07:37+00:00","og_image":[{"width":1000,"height":750,"url":"https:\/\/i2.wp.com\/newsestlyonnais.fr\/site\/wp-content\/uploads\/2016\/10\/NEWSESTLYONNAIS-6-panneau-colom.jpg?fit=1000%2C750&ssl=1","type":"image\/jpeg"}],"author":"R\u00e9dac. NEWS","twitter_card":"summary_large_image","twitter_misc":{"\u00c9crit par":"R\u00e9dac. NEWS","Dur\u00e9e de lecture estim\u00e9e":"2 minutes"},"schema":{"@context":"https:\/\/schema.org","@graph":[{"@type":"Article","@id":"https:\/\/newsestlyonnais.fr\/site\/2017\/08\/31\/colombier-saugnieu-le-nouveau-centre-technique-municipal-inaugure-vendredi\/#article","isPartOf":{"@id":"https:\/\/newsestlyonnais.fr\/site\/2017\/08\/31\/colombier-saugnieu-le-nouveau-centre-technique-municipal-inaugure-vendredi\/"},"author":{"name":"R\u00e9dac. NEWS","@id":"https:\/\/newsestlyonnais.fr\/site\/#\/schema\/person\/3230d5615f390bb808365d673001e887"},"headline":"COLOMBIER-SAUGNIEU | Le nouveau centre technique municipal inaugur\u00e9 vendredi","datePublished":"2017-08-31T13:21:01+00:00","dateModified":"2020-11-17T12:07:37+00:00","mainEntityOfPage":{"@id":"https:\/\/newsestlyonnais.fr\/site\/2017\/08\/31\/colombier-saugnieu-le-nouveau-centre-technique-municipal-inaugure-vendredi\/"},"wordCount":348,"commentCount":0,"publisher":{"@id":"https:\/\/newsestlyonnais.fr\/site\/#organization"},"image":{"@id":"https:\/\/newsestlyonnais.fr\/site\/2017\/08\/31\/colombier-saugnieu-le-nouveau-centre-technique-municipal-inaugure-vendredi\/#primaryimage"},"thumbnailUrl":"https:\/\/newsestlyonnais.fr\/site\/wp-content\/uploads\/2016\/10\/NEWSESTLYONNAIS-6-panneau-colom.jpg","articleSection":["CCEL | Communes","Colombier-Saugnieu","Travaux | Am\u00e9nagements"],"inLanguage":"fr-FR","potentialAction":[{"@type":"CommentAction","name":"Comment","target":["https:\/\/newsestlyonnais.fr\/site\/2017\/08\/31\/colombier-saugnieu-le-nouveau-centre-technique-municipal-inaugure-vendredi\/#respond"]}]},{"@type":"WebPage","@id":"https:\/\/newsestlyonnais.fr\/site\/2017\/08\/31\/colombier-saugnieu-le-nouveau-centre-technique-municipal-inaugure-vendredi\/","url":"https:\/\/newsestlyonnais.fr\/site\/2017\/08\/31\/colombier-saugnieu-le-nouveau-centre-technique-municipal-inaugure-vendredi\/","name":"COLOMBIER -SAUGNIEU : Le nouveau centre technique municipal sera inaugur\u00e9 vendredi","isPartOf":{"@id":"https:\/\/newsestlyonnais.fr\/site\/#website"},"primaryImageOfPage":{"@id":"https:\/\/newsestlyonnais.fr\/site\/2017\/08\/31\/colombier-saugnieu-le-nouveau-centre-technique-municipal-inaugure-vendredi\/#primaryimage"},"image":{"@id":"https:\/\/newsestlyonnais.fr\/site\/2017\/08\/31\/colombier-saugnieu-le-nouveau-centre-technique-municipal-inaugure-vendredi\/#primaryimage"},"thumbnailUrl":"https:\/\/newsestlyonnais.fr\/site\/wp-content\/uploads\/2016\/10\/NEWSESTLYONNAIS-6-panneau-colom.jpg","datePublished":"2017-08-31T13:21:01+00:00","dateModified":"2020-11-17T12:07:37+00:00","description":"COLOMBIER -SAUGNIEU : Le nouveau centre technique municipal sera inaugur\u00e9 vendredi","breadcrumb":{"@id":"https:\/\/newsestlyonnais.fr\/site\/2017\/08\/31\/colombier-saugnieu-le-nouveau-centre-technique-municipal-inaugure-vendredi\/#breadcrumb"},"inLanguage":"fr-FR","potentialAction":[{"@type":"ReadAction","target":["https:\/\/newsestlyonnais.fr\/site\/2017\/08\/31\/colombier-saugnieu-le-nouveau-centre-technique-municipal-inaugure-vendredi\/"]}]},{"@type":"ImageObject","inLanguage":"fr-FR","@id":"https:\/\/newsestlyonnais.fr\/site\/2017\/08\/31\/colombier-saugnieu-le-nouveau-centre-technique-municipal-inaugure-vendredi\/#primaryimage","url":"https:\/\/newsestlyonnais.fr\/site\/wp-content\/uploads\/2016\/10\/NEWSESTLYONNAIS-6-panneau-colom.jpg","contentUrl":"https:\/\/newsestlyonnais.fr\/site\/wp-content\/uploads\/2016\/10\/NEWSESTLYONNAIS-6-panneau-colom.jpg","width":1000,"height":750,"caption":"newsestlyonnais-6-panneau-colom"},{"@type":"BreadcrumbList","@id":"https:\/\/newsestlyonnais.fr\/site\/2017\/08\/31\/colombier-saugnieu-le-nouveau-centre-technique-municipal-inaugure-vendredi\/#breadcrumb","itemListElement":[{"@type":"ListItem","position":1,"name":"Accueil","item":"https:\/\/newsestlyonnais.fr\/site\/"},{"@type":"ListItem","position":2,"name":"COLOMBIER-SAUGNIEU | Le nouveau centre technique municipal inaugur\u00e9 vendredi"}]},{"@type":"WebSite","@id":"https:\/\/newsestlyonnais.fr\/site\/#website","url":"https:\/\/newsestlyonnais.fr\/site\/","name":"News Est Lyonnais","description":"L&#039;actualit\u00e9 au plus pr\u00e8s","publisher":{"@id":"https:\/\/newsestlyonnais.fr\/site\/#organization"},"potentialAction":[{"@type":"SearchAction","target":{"@type":"EntryPoint","urlTemplate":"https:\/\/newsestlyonnais.fr\/site\/?s={search_term_string}"},"query-input":{"@type":"PropertyValueSpecification","valueRequired":true,"valueName":"search_term_string"}}],"inLanguage":"fr-FR"},{"@type":"Organization","@id":"https:\/\/newsestlyonnais.fr\/site\/#organization","name":"News EST LYONNAIS","url":"https:\/\/newsestlyonnais.fr\/site\/","logo":{"@type":"ImageObject","inLanguage":"fr-FR","@id":"https:\/\/newsestlyonnais.fr\/site\/#\/schema\/logo\/image\/","url":"","contentUrl":"","caption":"News EST LYONNAIS"},"image":{"@id":"https:\/\/newsestlyonnais.fr\/site\/#\/schema\/logo\/image\/"}},{"@type":"Person","@id":"https:\/\/newsestlyonnais.fr\/site\/#\/schema\/person\/3230d5615f390bb808365d673001e887","name":"R\u00e9dac. NEWS","sameAs":["http:\/\/www.newsestlyonnais.fr","https:\/\/www.facebook.com\/pascal.oberson.1?fref=ts","https:\/\/fr.linkedin.com\/in\/pascal-oberson-b17045113"],"url":"https:\/\/newsestlyonnais.fr\/site\/author\/nel\/"}]}},"_links":{"self":[{"href":"https:\/\/newsestlyonnais.fr\/site\/wp-json\/wp\/v2\/posts\/34087","targetHints":{"allow":["GET"]}}],"collection":[{"href":"https:\/\/newsestlyonnais.fr\/site\/wp-json\/wp\/v2\/posts"}],"about":[{"href":"https:\/\/newsestlyonnais.fr\/site\/wp-json\/wp\/v2\/types\/post"}],"author":[{"embeddable":true,"href":"https:\/\/newsestlyonnais.fr\/site\/wp-json\/wp\/v2\/users\/4"}],"replies":[{"embeddable":true,"href":"https:\/\/newsestlyonnais.fr\/site\/wp-json\/wp\/v2\/comments?post=34087"}],"version-history":[{"count":0,"href":"https:\/\/newsestlyonnais.fr\/site\/wp-json\/wp\/v2\/posts\/34087\/revisions"}],"wp:featuredmedia":[{"embeddable":true,"href":"https:\/\/newsestlyonnais.fr\/site\/wp-json\/wp\/v2\/media\/13813"}],"wp:attachment":[{"href":"https:\/\/newsestlyonnais.fr\/site\/wp-json\/wp\/v2\/media?parent=34087"}],"wp:term":[{"taxonomy":"category","embeddable":true,"href":"https:\/\/newsestlyonnais.fr\/site\/wp-json\/wp\/v2\/categories?post=34087"},{"taxonomy":"post_tag","embeddable":true,"href":"https:\/\/newsestlyonnais.fr\/site\/wp-json\/wp\/v2\/tags?post=34087"}],"curies":[{"name":"wp","href":"https:\/\/api.w.org\/{rel}","templated":true}]}}