{"id":34281,"date":"2017-09-07T13:06:17","date_gmt":"2017-09-07T12:06:17","guid":{"rendered":"http:\/\/newsestlyonnais.fr\/site\/?p=34281"},"modified":"2020-10-31T10:40:13","modified_gmt":"2020-10-31T09:40:13","slug":"lyon-free-bike-15-edition-avec-departs-du-parc-de-gerland","status":"publish","type":"post","link":"https:\/\/newsestlyonnais.fr\/site\/2017\/09\/07\/lyon-free-bike-15-edition-avec-departs-du-parc-de-gerland\/","title":{"rendered":"LYON FREE BIKE | 15\u00b0 \u00e9dition avec d\u00e9parts du Parc de Gerland"},"content":{"rendered":"<h4>Les 9 et 10 septembre prochains, plus de 7.000 participants de tous les niveaux s\u2019\u00e9lanceront du Parc de Gerland, sur un des 4 parcours propos\u00e9s pour cette 15\u00b0 \u00e9dition de Lyon Free Bike.<\/h4>\n<p><span style=\"text-decoration: underline\"><strong><em>LES DIFF\u00c9RENTES FORMULES:<\/em><\/strong><\/span><\/p>\n<div>\u00a0&#8211; <span style=\"text-decoration: underline\">Samedi 9 septembre \u00e0 16 h<\/span> :<\/div>\n<div><span style=\"text-decoration: underline\"><strong>STREET RACE<\/strong><\/span>: <strong>Une boucle d\u2019un kilom\u00e8tre en relais<\/strong>. Parcours r\u00e9serv\u00e9 exclusivement aux VTT. A partir de 18 ans. Justificatif m\u00e9dical obligatoire.\u00a0 14 \u20ac par \u00e9quipe jusqu\u2019au 7 septembre.<\/div>\n<div>\n<p>&#8211; <span style=\"text-decoration: underline\">Dimanche 10 septembre<\/span>:<\/p>\n<p>de 7 h 30 \u00e0 8 h: <span style=\"text-decoration: underline\"><strong>CIRCUIT ULTRA<\/strong><\/span> : <strong>65 km \/ 1125 D+. <\/strong>Parcours r\u00e9serv\u00e9 exclusivement aux VTT. \u00c0 partir de 15 ans avec accord parental. 36 \u20ac jusqu\u2019au 7 septembre.<\/p>\n<div>de 8 h \u00e0\u00a0 8 h 45: <span style=\"text-decoration: underline\"><strong>CIRCUIT EXPERT<\/strong> <\/span>: <strong>50 km \/ 675 D+<\/strong>. Parcours r\u00e9serv\u00e9 exclusivement aux VTT. \u00c0 partir de 15 ans avec accord parental. 33 \u20ac jusqu\u2019au 7 septembre.<\/div>\n<\/div>\n<div><\/div>\n<div>de 8 h 45 \u00e0 9 h 45: <span style=\"text-decoration: underline\"><strong>CIRCUIT SPORTIF<\/strong><\/span> : <strong>37 km \/ 400 D+<\/strong>. Parcours conseill\u00e9 aux VTT et ouvert aux VTC. \u00c0 partir de 12 ans avec accord parental. 30 \u20ac jusqu\u2019au 7 septembre.<\/div>\n<div><\/div>\n<div>\n<p>de 9 h 45 \u00e0 10 h 30 : <strong><span style=\"text-decoration: underline\">CIRCUIT D\u00c9COUVERTE<\/span> : 27 km \/ 100 m D+<\/strong>. Parcours ouvert aux VTT, VTC et v\u00e9los urbains. \u00c0 partir de 8 ans, accompagn\u00e9 d\u2019un adulte inscrit et identifi\u00e9, avec accord parental. 20 \u20ac\u00a0 jusqu\u2019au 7 septembre. Pour les 8-10 ans : 5 \u20ac sur toute la p\u00e9riode des inscriptions.<\/p>\n<ul>\n<li>\n<div><span style=\"text-decoration: underline\"><em><strong>MAT\u00c9RIEL OBLIGATOIRE<\/strong><\/em><\/span>: VTT ou VTT \u00e9lectrique sur parcours Ultra, Expert et Sportif. Plaque de cadre fix\u00e9e sur le guidon. Casque cycliste. N\u00e9cessaire de r\u00e9paration pour 2 crevaisons.<\/div>\n<\/li>\n<\/ul>\n<div><span style=\"text-decoration: underline\">INSCRIPTIONS EN LIGNE<\/span>: \u00a0<a href=\"http:\/\/www.lyonfreebike.com\/participer\" target=\"_blank\" rel=\"noopener noreferrer\">http:\/\/www.lyonfreebike.com\/participer<\/a><\/div>\n<div><\/div>\n<\/div>\n<div><\/div>\n<div><\/div>\n","protected":false},"excerpt":{"rendered":"<p>Les 9 et 10 septembre prochains, plus de 7.000 participants de tous les niveaux s\u2019\u00e9lanceront du Parc de Gerland, sur un des 4 parcours propos\u00e9s pour cette 15\u00b0 \u00e9dition de Lyon Free Bike. LES DIFF\u00c9RENTES FORMULES: \u00a0&#8211; Samedi 9 septembre \u00e0 16 h : STREET RACE: Une boucle d\u2019un kilom\u00e8tre en relais. Parcours r\u00e9serv\u00e9 exclusivement [&hellip;]<\/p>\n","protected":false},"author":4,"featured_media":34283,"comment_status":"open","ping_status":"open","sticky":false,"template":"","format":"standard","meta":{"footnotes":""},"categories":[2969,1625],"tags":[],"class_list":["post-34281","post","type-post","status-publish","format-standard","has-post-thumbnail","hentry","category-cyclisme-cyclo-vtt","category-lyon"],"yoast_head":"<!-- This site is optimized with the Yoast SEO plugin v27.2 - https:\/\/yoast.com\/product\/yoast-seo-wordpress\/ -->\n<title>LYON FREE BIKE : 15\u00b0 \u00e9dition ce week-end avec d\u00e9parts du Parc de Gerland<\/title>\n<meta name=\"description\" content=\"LYON FREE BIKE : 15\u00b0 \u00e9dition ce week-end avec d\u00e9parts du Parc de Gerland\" \/>\n<meta name=\"robots\" content=\"index, follow, max-snippet:-1, max-image-preview:large, max-video-preview:-1\" \/>\n<link rel=\"canonical\" href=\"https:\/\/newsestlyonnais.fr\/site\/2017\/09\/07\/lyon-free-bike-15-edition-avec-departs-du-parc-de-gerland\/\" \/>\n<meta property=\"og:locale\" content=\"fr_FR\" \/>\n<meta property=\"og:type\" content=\"article\" \/>\n<meta property=\"og:title\" content=\"LYON FREE BIKE : 15\u00b0 \u00e9dition ce week-end avec d\u00e9parts du Parc de Gerland\" \/>\n<meta property=\"og:description\" content=\"LYON FREE BIKE : 15\u00b0 \u00e9dition ce week-end avec d\u00e9parts du Parc de Gerland\" \/>\n<meta property=\"og:url\" content=\"https:\/\/newsestlyonnais.fr\/site\/2017\/09\/07\/lyon-free-bike-15-edition-avec-departs-du-parc-de-gerland\/\" \/>\n<meta property=\"og:site_name\" content=\"News Est Lyonnais\" \/>\n<meta property=\"article:author\" content=\"https:\/\/www.facebook.com\/pascal.oberson.1?fref=ts\" \/>\n<meta property=\"article:published_time\" content=\"2017-09-07T12:06:17+00:00\" \/>\n<meta property=\"article:modified_time\" content=\"2020-10-31T09:40:13+00:00\" \/>\n<meta property=\"og:image\" content=\"https:\/\/i2.wp.com\/newsestlyonnais.fr\/site\/wp-content\/uploads\/2017\/09\/NEWSESTLYONNAIS-LYON-FREE-BIKE-2017.jpeg?fit=1000%2C750&ssl=1\" \/>\n\t<meta property=\"og:image:width\" content=\"1000\" \/>\n\t<meta property=\"og:image:height\" content=\"750\" \/>\n\t<meta property=\"og:image:type\" content=\"image\/jpeg\" \/>\n<meta name=\"author\" content=\"R\u00e9dac. NEWS\" \/>\n<meta name=\"twitter:card\" content=\"summary_large_image\" \/>\n<meta name=\"twitter:label1\" content=\"\u00c9crit par\" \/>\n\t<meta name=\"twitter:data1\" content=\"R\u00e9dac. NEWS\" \/>\n\t<meta name=\"twitter:label2\" content=\"Dur\u00e9e de lecture estim\u00e9e\" \/>\n\t<meta name=\"twitter:data2\" content=\"1 minute\" \/>\n<script type=\"application\/ld+json\" class=\"yoast-schema-graph\">{\"@context\":\"https:\/\/schema.org\",\"@graph\":[{\"@type\":\"Article\",\"@id\":\"https:\/\/newsestlyonnais.fr\/site\/2017\/09\/07\/lyon-free-bike-15-edition-avec-departs-du-parc-de-gerland\/#article\",\"isPartOf\":{\"@id\":\"https:\/\/newsestlyonnais.fr\/site\/2017\/09\/07\/lyon-free-bike-15-edition-avec-departs-du-parc-de-gerland\/\"},\"author\":{\"name\":\"R\u00e9dac. NEWS\",\"@id\":\"https:\/\/newsestlyonnais.fr\/site\/#\/schema\/person\/3230d5615f390bb808365d673001e887\"},\"headline\":\"LYON FREE BIKE | 15\u00b0 \u00e9dition avec d\u00e9parts du Parc de Gerland\",\"datePublished\":\"2017-09-07T12:06:17+00:00\",\"dateModified\":\"2020-10-31T09:40:13+00:00\",\"mainEntityOfPage\":{\"@id\":\"https:\/\/newsestlyonnais.fr\/site\/2017\/09\/07\/lyon-free-bike-15-edition-avec-departs-du-parc-de-gerland\/\"},\"wordCount\":232,\"commentCount\":0,\"publisher\":{\"@id\":\"https:\/\/newsestlyonnais.fr\/site\/#organization\"},\"image\":{\"@id\":\"https:\/\/newsestlyonnais.fr\/site\/2017\/09\/07\/lyon-free-bike-15-edition-avec-departs-du-parc-de-gerland\/#primaryimage\"},\"thumbnailUrl\":\"https:\/\/newsestlyonnais.fr\/site\/wp-content\/uploads\/2017\/09\/NEWSESTLYONNAIS-LYON-FREE-BIKE-2017.jpeg\",\"articleSection\":[\"Cyclisme | Cyclo | Vtt\",\"Lyon\"],\"inLanguage\":\"fr-FR\",\"potentialAction\":[{\"@type\":\"CommentAction\",\"name\":\"Comment\",\"target\":[\"https:\/\/newsestlyonnais.fr\/site\/2017\/09\/07\/lyon-free-bike-15-edition-avec-departs-du-parc-de-gerland\/#respond\"]}]},{\"@type\":\"WebPage\",\"@id\":\"https:\/\/newsestlyonnais.fr\/site\/2017\/09\/07\/lyon-free-bike-15-edition-avec-departs-du-parc-de-gerland\/\",\"url\":\"https:\/\/newsestlyonnais.fr\/site\/2017\/09\/07\/lyon-free-bike-15-edition-avec-departs-du-parc-de-gerland\/\",\"name\":\"LYON FREE BIKE : 15\u00b0 \u00e9dition ce week-end avec d\u00e9parts du Parc de Gerland\",\"isPartOf\":{\"@id\":\"https:\/\/newsestlyonnais.fr\/site\/#website\"},\"primaryImageOfPage\":{\"@id\":\"https:\/\/newsestlyonnais.fr\/site\/2017\/09\/07\/lyon-free-bike-15-edition-avec-departs-du-parc-de-gerland\/#primaryimage\"},\"image\":{\"@id\":\"https:\/\/newsestlyonnais.fr\/site\/2017\/09\/07\/lyon-free-bike-15-edition-avec-departs-du-parc-de-gerland\/#primaryimage\"},\"thumbnailUrl\":\"https:\/\/newsestlyonnais.fr\/site\/wp-content\/uploads\/2017\/09\/NEWSESTLYONNAIS-LYON-FREE-BIKE-2017.jpeg\",\"datePublished\":\"2017-09-07T12:06:17+00:00\",\"dateModified\":\"2020-10-31T09:40:13+00:00\",\"description\":\"LYON FREE BIKE : 15\u00b0 \u00e9dition ce week-end avec d\u00e9parts du Parc de Gerland\",\"breadcrumb\":{\"@id\":\"https:\/\/newsestlyonnais.fr\/site\/2017\/09\/07\/lyon-free-bike-15-edition-avec-departs-du-parc-de-gerland\/#breadcrumb\"},\"inLanguage\":\"fr-FR\",\"potentialAction\":[{\"@type\":\"ReadAction\",\"target\":[\"https:\/\/newsestlyonnais.fr\/site\/2017\/09\/07\/lyon-free-bike-15-edition-avec-departs-du-parc-de-gerland\/\"]}]},{\"@type\":\"ImageObject\",\"inLanguage\":\"fr-FR\",\"@id\":\"https:\/\/newsestlyonnais.fr\/site\/2017\/09\/07\/lyon-free-bike-15-edition-avec-departs-du-parc-de-gerland\/#primaryimage\",\"url\":\"https:\/\/newsestlyonnais.fr\/site\/wp-content\/uploads\/2017\/09\/NEWSESTLYONNAIS-LYON-FREE-BIKE-2017.jpeg\",\"contentUrl\":\"https:\/\/newsestlyonnais.fr\/site\/wp-content\/uploads\/2017\/09\/NEWSESTLYONNAIS-LYON-FREE-BIKE-2017.jpeg\",\"width\":1000,\"height\":750,\"caption\":\"NEWSESTLYONNAIS - LYON FREE BIKE 2017\"},{\"@type\":\"BreadcrumbList\",\"@id\":\"https:\/\/newsestlyonnais.fr\/site\/2017\/09\/07\/lyon-free-bike-15-edition-avec-departs-du-parc-de-gerland\/#breadcrumb\",\"itemListElement\":[{\"@type\":\"ListItem\",\"position\":1,\"name\":\"Accueil\",\"item\":\"https:\/\/newsestlyonnais.fr\/site\/\"},{\"@type\":\"ListItem\",\"position\":2,\"name\":\"LYON FREE BIKE | 15\u00b0 \u00e9dition avec d\u00e9parts du Parc de Gerland\"}]},{\"@type\":\"WebSite\",\"@id\":\"https:\/\/newsestlyonnais.fr\/site\/#website\",\"url\":\"https:\/\/newsestlyonnais.fr\/site\/\",\"name\":\"News Est Lyonnais\",\"description\":\"L&#039;actualit\u00e9 au plus pr\u00e8s\",\"publisher\":{\"@id\":\"https:\/\/newsestlyonnais.fr\/site\/#organization\"},\"potentialAction\":[{\"@type\":\"SearchAction\",\"target\":{\"@type\":\"EntryPoint\",\"urlTemplate\":\"https:\/\/newsestlyonnais.fr\/site\/?s={search_term_string}\"},\"query-input\":{\"@type\":\"PropertyValueSpecification\",\"valueRequired\":true,\"valueName\":\"search_term_string\"}}],\"inLanguage\":\"fr-FR\"},{\"@type\":\"Organization\",\"@id\":\"https:\/\/newsestlyonnais.fr\/site\/#organization\",\"name\":\"News EST LYONNAIS\",\"url\":\"https:\/\/newsestlyonnais.fr\/site\/\",\"logo\":{\"@type\":\"ImageObject\",\"inLanguage\":\"fr-FR\",\"@id\":\"https:\/\/newsestlyonnais.fr\/site\/#\/schema\/logo\/image\/\",\"url\":\"\",\"contentUrl\":\"\",\"caption\":\"News EST LYONNAIS\"},\"image\":{\"@id\":\"https:\/\/newsestlyonnais.fr\/site\/#\/schema\/logo\/image\/\"}},{\"@type\":\"Person\",\"@id\":\"https:\/\/newsestlyonnais.fr\/site\/#\/schema\/person\/3230d5615f390bb808365d673001e887\",\"name\":\"R\u00e9dac. NEWS\",\"sameAs\":[\"http:\/\/www.newsestlyonnais.fr\",\"https:\/\/www.facebook.com\/pascal.oberson.1?fref=ts\",\"https:\/\/fr.linkedin.com\/in\/pascal-oberson-b17045113\"],\"url\":\"https:\/\/newsestlyonnais.fr\/site\/author\/nel\/\"}]}<\/script>\n<!-- \/ Yoast SEO plugin. -->","yoast_head_json":{"title":"LYON FREE BIKE : 15\u00b0 \u00e9dition ce week-end avec d\u00e9parts du Parc de Gerland","description":"LYON FREE BIKE : 15\u00b0 \u00e9dition ce week-end avec d\u00e9parts du Parc de Gerland","robots":{"index":"index","follow":"follow","max-snippet":"max-snippet:-1","max-image-preview":"max-image-preview:large","max-video-preview":"max-video-preview:-1"},"canonical":"https:\/\/newsestlyonnais.fr\/site\/2017\/09\/07\/lyon-free-bike-15-edition-avec-departs-du-parc-de-gerland\/","og_locale":"fr_FR","og_type":"article","og_title":"LYON FREE BIKE : 15\u00b0 \u00e9dition ce week-end avec d\u00e9parts du Parc de Gerland","og_description":"LYON FREE BIKE : 15\u00b0 \u00e9dition ce week-end avec d\u00e9parts du Parc de Gerland","og_url":"https:\/\/newsestlyonnais.fr\/site\/2017\/09\/07\/lyon-free-bike-15-edition-avec-departs-du-parc-de-gerland\/","og_site_name":"News Est Lyonnais","article_author":"https:\/\/www.facebook.com\/pascal.oberson.1?fref=ts","article_published_time":"2017-09-07T12:06:17+00:00","article_modified_time":"2020-10-31T09:40:13+00:00","og_image":[{"width":1000,"height":750,"url":"https:\/\/i2.wp.com\/newsestlyonnais.fr\/site\/wp-content\/uploads\/2017\/09\/NEWSESTLYONNAIS-LYON-FREE-BIKE-2017.jpeg?fit=1000%2C750&ssl=1","type":"image\/jpeg"}],"author":"R\u00e9dac. NEWS","twitter_card":"summary_large_image","twitter_misc":{"\u00c9crit par":"R\u00e9dac. NEWS","Dur\u00e9e de lecture estim\u00e9e":"1 minute"},"schema":{"@context":"https:\/\/schema.org","@graph":[{"@type":"Article","@id":"https:\/\/newsestlyonnais.fr\/site\/2017\/09\/07\/lyon-free-bike-15-edition-avec-departs-du-parc-de-gerland\/#article","isPartOf":{"@id":"https:\/\/newsestlyonnais.fr\/site\/2017\/09\/07\/lyon-free-bike-15-edition-avec-departs-du-parc-de-gerland\/"},"author":{"name":"R\u00e9dac. NEWS","@id":"https:\/\/newsestlyonnais.fr\/site\/#\/schema\/person\/3230d5615f390bb808365d673001e887"},"headline":"LYON FREE BIKE | 15\u00b0 \u00e9dition avec d\u00e9parts du Parc de Gerland","datePublished":"2017-09-07T12:06:17+00:00","dateModified":"2020-10-31T09:40:13+00:00","mainEntityOfPage":{"@id":"https:\/\/newsestlyonnais.fr\/site\/2017\/09\/07\/lyon-free-bike-15-edition-avec-departs-du-parc-de-gerland\/"},"wordCount":232,"commentCount":0,"publisher":{"@id":"https:\/\/newsestlyonnais.fr\/site\/#organization"},"image":{"@id":"https:\/\/newsestlyonnais.fr\/site\/2017\/09\/07\/lyon-free-bike-15-edition-avec-departs-du-parc-de-gerland\/#primaryimage"},"thumbnailUrl":"https:\/\/newsestlyonnais.fr\/site\/wp-content\/uploads\/2017\/09\/NEWSESTLYONNAIS-LYON-FREE-BIKE-2017.jpeg","articleSection":["Cyclisme | Cyclo | Vtt","Lyon"],"inLanguage":"fr-FR","potentialAction":[{"@type":"CommentAction","name":"Comment","target":["https:\/\/newsestlyonnais.fr\/site\/2017\/09\/07\/lyon-free-bike-15-edition-avec-departs-du-parc-de-gerland\/#respond"]}]},{"@type":"WebPage","@id":"https:\/\/newsestlyonnais.fr\/site\/2017\/09\/07\/lyon-free-bike-15-edition-avec-departs-du-parc-de-gerland\/","url":"https:\/\/newsestlyonnais.fr\/site\/2017\/09\/07\/lyon-free-bike-15-edition-avec-departs-du-parc-de-gerland\/","name":"LYON FREE BIKE : 15\u00b0 \u00e9dition ce week-end avec d\u00e9parts du Parc de Gerland","isPartOf":{"@id":"https:\/\/newsestlyonnais.fr\/site\/#website"},"primaryImageOfPage":{"@id":"https:\/\/newsestlyonnais.fr\/site\/2017\/09\/07\/lyon-free-bike-15-edition-avec-departs-du-parc-de-gerland\/#primaryimage"},"image":{"@id":"https:\/\/newsestlyonnais.fr\/site\/2017\/09\/07\/lyon-free-bike-15-edition-avec-departs-du-parc-de-gerland\/#primaryimage"},"thumbnailUrl":"https:\/\/newsestlyonnais.fr\/site\/wp-content\/uploads\/2017\/09\/NEWSESTLYONNAIS-LYON-FREE-BIKE-2017.jpeg","datePublished":"2017-09-07T12:06:17+00:00","dateModified":"2020-10-31T09:40:13+00:00","description":"LYON FREE BIKE : 15\u00b0 \u00e9dition ce week-end avec d\u00e9parts du Parc de Gerland","breadcrumb":{"@id":"https:\/\/newsestlyonnais.fr\/site\/2017\/09\/07\/lyon-free-bike-15-edition-avec-departs-du-parc-de-gerland\/#breadcrumb"},"inLanguage":"fr-FR","potentialAction":[{"@type":"ReadAction","target":["https:\/\/newsestlyonnais.fr\/site\/2017\/09\/07\/lyon-free-bike-15-edition-avec-departs-du-parc-de-gerland\/"]}]},{"@type":"ImageObject","inLanguage":"fr-FR","@id":"https:\/\/newsestlyonnais.fr\/site\/2017\/09\/07\/lyon-free-bike-15-edition-avec-departs-du-parc-de-gerland\/#primaryimage","url":"https:\/\/newsestlyonnais.fr\/site\/wp-content\/uploads\/2017\/09\/NEWSESTLYONNAIS-LYON-FREE-BIKE-2017.jpeg","contentUrl":"https:\/\/newsestlyonnais.fr\/site\/wp-content\/uploads\/2017\/09\/NEWSESTLYONNAIS-LYON-FREE-BIKE-2017.jpeg","width":1000,"height":750,"caption":"NEWSESTLYONNAIS - LYON FREE BIKE 2017"},{"@type":"BreadcrumbList","@id":"https:\/\/newsestlyonnais.fr\/site\/2017\/09\/07\/lyon-free-bike-15-edition-avec-departs-du-parc-de-gerland\/#breadcrumb","itemListElement":[{"@type":"ListItem","position":1,"name":"Accueil","item":"https:\/\/newsestlyonnais.fr\/site\/"},{"@type":"ListItem","position":2,"name":"LYON FREE BIKE | 15\u00b0 \u00e9dition avec d\u00e9parts du Parc de Gerland"}]},{"@type":"WebSite","@id":"https:\/\/newsestlyonnais.fr\/site\/#website","url":"https:\/\/newsestlyonnais.fr\/site\/","name":"News Est Lyonnais","description":"L&#039;actualit\u00e9 au plus pr\u00e8s","publisher":{"@id":"https:\/\/newsestlyonnais.fr\/site\/#organization"},"potentialAction":[{"@type":"SearchAction","target":{"@type":"EntryPoint","urlTemplate":"https:\/\/newsestlyonnais.fr\/site\/?s={search_term_string}"},"query-input":{"@type":"PropertyValueSpecification","valueRequired":true,"valueName":"search_term_string"}}],"inLanguage":"fr-FR"},{"@type":"Organization","@id":"https:\/\/newsestlyonnais.fr\/site\/#organization","name":"News EST LYONNAIS","url":"https:\/\/newsestlyonnais.fr\/site\/","logo":{"@type":"ImageObject","inLanguage":"fr-FR","@id":"https:\/\/newsestlyonnais.fr\/site\/#\/schema\/logo\/image\/","url":"","contentUrl":"","caption":"News EST LYONNAIS"},"image":{"@id":"https:\/\/newsestlyonnais.fr\/site\/#\/schema\/logo\/image\/"}},{"@type":"Person","@id":"https:\/\/newsestlyonnais.fr\/site\/#\/schema\/person\/3230d5615f390bb808365d673001e887","name":"R\u00e9dac. NEWS","sameAs":["http:\/\/www.newsestlyonnais.fr","https:\/\/www.facebook.com\/pascal.oberson.1?fref=ts","https:\/\/fr.linkedin.com\/in\/pascal-oberson-b17045113"],"url":"https:\/\/newsestlyonnais.fr\/site\/author\/nel\/"}]}},"_links":{"self":[{"href":"https:\/\/newsestlyonnais.fr\/site\/wp-json\/wp\/v2\/posts\/34281","targetHints":{"allow":["GET"]}}],"collection":[{"href":"https:\/\/newsestlyonnais.fr\/site\/wp-json\/wp\/v2\/posts"}],"about":[{"href":"https:\/\/newsestlyonnais.fr\/site\/wp-json\/wp\/v2\/types\/post"}],"author":[{"embeddable":true,"href":"https:\/\/newsestlyonnais.fr\/site\/wp-json\/wp\/v2\/users\/4"}],"replies":[{"embeddable":true,"href":"https:\/\/newsestlyonnais.fr\/site\/wp-json\/wp\/v2\/comments?post=34281"}],"version-history":[{"count":0,"href":"https:\/\/newsestlyonnais.fr\/site\/wp-json\/wp\/v2\/posts\/34281\/revisions"}],"wp:featuredmedia":[{"embeddable":true,"href":"https:\/\/newsestlyonnais.fr\/site\/wp-json\/wp\/v2\/media\/34283"}],"wp:attachment":[{"href":"https:\/\/newsestlyonnais.fr\/site\/wp-json\/wp\/v2\/media?parent=34281"}],"wp:term":[{"taxonomy":"category","embeddable":true,"href":"https:\/\/newsestlyonnais.fr\/site\/wp-json\/wp\/v2\/categories?post=34281"},{"taxonomy":"post_tag","embeddable":true,"href":"https:\/\/newsestlyonnais.fr\/site\/wp-json\/wp\/v2\/tags?post=34281"}],"curies":[{"name":"wp","href":"https:\/\/api.w.org\/{rel}","templated":true}]}}