{"id":34327,"date":"2017-09-08T07:48:36","date_gmt":"2017-09-08T06:48:36","guid":{"rendered":"http:\/\/newsestlyonnais.fr\/site\/?p=34327"},"modified":"2020-11-19T09:18:40","modified_gmt":"2020-11-19T08:18:40","slug":"vaulx-velin-prochains-evenements-sportifs-associatifs","status":"publish","type":"post","link":"https:\/\/newsestlyonnais.fr\/site\/2017\/09\/08\/vaulx-velin-prochains-evenements-sportifs-associatifs\/","title":{"rendered":"VAULX-EN-VELIN | Prochains \u00e9v\u00e8nements sportifs et associatifs"},"content":{"rendered":"<h4>En cette p\u00e9riode de rentr\u00e9e, de nombreuses manifestations sportives sont pr\u00e9vues sur la commune vaudaise, \u00e0 savoir :<\/h4>\n<ul>\n<li><strong>Samedi 9 septembre<\/strong> (14 h \u00e0 22 h au Parc Elsa Triolet) : <strong>ASSOS &lsquo;ACTIVES<\/strong>: 80 associations locales (culturelles &amp; sportives) seront pr\u00e9sentes.<\/li>\n<li><strong>Samedi 9 &amp; dimanche 10 septembre<\/strong> (9 h \u00e0 17 h au stade Ladoum\u00e8gue) : <strong>Challenge KAIB<\/strong> (U8 &amp; U9) de Foot organis\u00e9 par l&rsquo;Olympique de Vaulx.<\/li>\n<li><strong>Dimanche 10 septembre<\/strong> (10 h \u00e0 18 h au gymnase Croizat): Coupe de la Ligue de Rink-hockey<\/li>\n<li><strong>Mardi 12 septembre <\/strong>(10 h \u00e0 18 h \u00e0 la tour d&rsquo;escalade):<strong> D\u00e9couverte de l&rsquo;Handi escalade <\/strong>par le CPEAVV.<strong><br \/>\n<\/strong><\/li>\n<li><strong>Vendredi 6, samedi 7 &amp; dimanche 8 octobre<\/strong> : International de P\u00e9tanque<\/li>\n<\/ul>\n<div id='gallery-1' class='gallery galleryid-34327 gallery-columns-3 gallery-size-thumbnail'><figure class='gallery-item'>\n\t\t\t<div class='gallery-icon landscape'>\n\t\t\t\t<a href='https:\/\/newsestlyonnais.fr\/site\/2017\/09\/08\/vaulx-velin-prochains-evenements-sportifs-associatifs\/newsestlyonnais-assosactives-2-2\/'><img loading=\"lazy\" decoding=\"async\" width=\"150\" height=\"150\" src=\"https:\/\/newsestlyonnais.fr\/site\/wp-content\/uploads\/2017\/09\/NEWSESTLYONNAIS-ASSOSACTIVES-2-150x150.jpg\" class=\"attachment-thumbnail size-thumbnail\" alt=\"\" aria-describedby=\"gallery-1-34329\" \/><\/a>\n\t\t\t<\/div>\n\t\t\t\t<figcaption class='wp-caption-text gallery-caption' id='gallery-1-34329'>\n\t\t\t\t    ASSOS &lsquo;ACTIVES\n\t\t\t\t<\/figcaption><\/figure><figure class='gallery-item'>\n\t\t\t<div class='gallery-icon landscape'>\n\t\t\t\t<a href='https:\/\/newsestlyonnais.fr\/site\/2017\/09\/08\/vaulx-velin-prochains-evenements-sportifs-associatifs\/newsestlyonnais-challenge-kaib-foot\/'><img loading=\"lazy\" decoding=\"async\" width=\"150\" height=\"150\" src=\"https:\/\/newsestlyonnais.fr\/site\/wp-content\/uploads\/2017\/09\/NEWSESTLYONNAIS-CHALLENGE-KAIB-FOOT-150x150.jpg\" class=\"attachment-thumbnail size-thumbnail\" alt=\"\" aria-describedby=\"gallery-1-34335\" \/><\/a>\n\t\t\t<\/div>\n\t\t\t\t<figcaption class='wp-caption-text gallery-caption' id='gallery-1-34335'>\n\t\t\t\t      Challenge KAIB de Foot\n\t\t\t\t<\/figcaption><\/figure><figure class='gallery-item'>\n\t\t\t<div class='gallery-icon landscape'>\n\t\t\t\t<a href='https:\/\/newsestlyonnais.fr\/site\/2017\/09\/08\/vaulx-velin-prochains-evenements-sportifs-associatifs\/newsestlyonnais-coupe-ligue-rink\/'><img loading=\"lazy\" decoding=\"async\" width=\"150\" height=\"150\" src=\"https:\/\/newsestlyonnais.fr\/site\/wp-content\/uploads\/2017\/09\/NEWSESTLYONNAIS-COUPE-LIGUE-RINK--150x150.jpg\" class=\"attachment-thumbnail size-thumbnail\" alt=\"\" aria-describedby=\"gallery-1-34350\" \/><\/a>\n\t\t\t<\/div>\n\t\t\t\t<figcaption class='wp-caption-text gallery-caption' id='gallery-1-34350'>\n\t\t\t\tCOUPE LIGUE RINK HOCKEY\n\t\t\t\t<\/figcaption><\/figure><figure class='gallery-item'>\n\t\t\t<div class='gallery-icon landscape'>\n\t\t\t\t<a href='https:\/\/newsestlyonnais.fr\/site\/newsestlyonnais-handi-escalade\/'><img loading=\"lazy\" decoding=\"async\" width=\"150\" height=\"150\" src=\"https:\/\/newsestlyonnais.fr\/site\/wp-content\/uploads\/2017\/07\/NEWSESTLYONNAIS-HANDI-ESCALADE-150x150.jpg\" class=\"attachment-thumbnail size-thumbnail\" alt=\"NEWSESTLYONNAIS ( HANDI ESCALADE\" aria-describedby=\"gallery-1-32913\" \/><\/a>\n\t\t\t<\/div>\n\t\t\t\t<figcaption class='wp-caption-text gallery-caption' id='gallery-1-32913'>\n\t\t\t\tD\u00e9couverte Handi Escalade\n\t\t\t\t<\/figcaption><\/figure><figure class='gallery-item'>\n\t\t\t<div class='gallery-icon landscape'>\n\t\t\t\t<a href='https:\/\/newsestlyonnais.fr\/site\/2017\/09\/08\/vaulx-velin-prochains-evenements-sportifs-associatifs\/newsestlyonnais-intern-petanque-vaulx-2\/'><img loading=\"lazy\" decoding=\"async\" width=\"150\" height=\"150\" src=\"https:\/\/newsestlyonnais.fr\/site\/wp-content\/uploads\/2017\/09\/NEWSESTLYONNAIS-INTERN-PETANQUE-VAULX-150x150.jpg\" class=\"attachment-thumbnail size-thumbnail\" alt=\"NEWSESTLYONNAIS - INTERN PETANQUE VAULX\" aria-describedby=\"gallery-1-34344\" \/><\/a>\n\t\t\t<\/div>\n\t\t\t\t<figcaption class='wp-caption-text gallery-caption' id='gallery-1-34344'>\n\t\t\t\tInternational de P\u00e9tanque \n\t\t\t\t<\/figcaption><\/figure>\n\t\t<\/div>\n\n<p>&nbsp;<\/p>\n","protected":false},"excerpt":{"rendered":"<p>En cette p\u00e9riode de rentr\u00e9e, de nombreuses manifestations sportives sont pr\u00e9vues sur la commune vaudaise, \u00e0 savoir : Samedi 9 septembre (14 h \u00e0 22 h au Parc Elsa Triolet) : ASSOS &lsquo;ACTIVES: 80 associations locales (culturelles &amp; sportives) seront pr\u00e9sentes. Samedi 9 &amp; dimanche 10 septembre (9 h \u00e0 17 h au stade Ladoum\u00e8gue) [&hellip;]<\/p>\n","protected":false},"author":4,"featured_media":34329,"comment_status":"open","ping_status":"open","sticky":false,"template":"","format":"standard","meta":{"footnotes":""},"categories":[574,166,28],"tags":[],"class_list":["post-34327","post","type-post","status-publish","format-standard","has-post-thumbnail","hentry","category-autres-sports","category-divers-sports","category-vaulx-en-velin"],"yoast_head":"<!-- This site is optimized with the Yoast SEO plugin v27.2 - https:\/\/yoast.com\/product\/yoast-seo-wordpress\/ -->\n<title>VAULX EN VELIN : Les prochains \u00e9v\u00e8nements sportifs et associatifs sur la commune<\/title>\n<meta name=\"description\" content=\"VAULX EN VELIN : Les prochains \u00e9v\u00e8nements sportifs et associatifs sur la commune\" \/>\n<meta name=\"robots\" content=\"index, follow, max-snippet:-1, max-image-preview:large, max-video-preview:-1\" \/>\n<link rel=\"canonical\" href=\"https:\/\/newsestlyonnais.fr\/site\/2017\/09\/08\/vaulx-velin-prochains-evenements-sportifs-associatifs\/\" \/>\n<meta property=\"og:locale\" content=\"fr_FR\" \/>\n<meta property=\"og:type\" content=\"article\" \/>\n<meta property=\"og:title\" content=\"VAULX EN VELIN : Les prochains \u00e9v\u00e8nements sportifs et associatifs sur la commune\" \/>\n<meta property=\"og:description\" content=\"VAULX EN VELIN : Les prochains \u00e9v\u00e8nements sportifs et associatifs sur la commune\" \/>\n<meta property=\"og:url\" content=\"https:\/\/newsestlyonnais.fr\/site\/2017\/09\/08\/vaulx-velin-prochains-evenements-sportifs-associatifs\/\" \/>\n<meta property=\"og:site_name\" content=\"News Est Lyonnais\" \/>\n<meta property=\"article:author\" content=\"https:\/\/www.facebook.com\/pascal.oberson.1?fref=ts\" \/>\n<meta property=\"article:published_time\" content=\"2017-09-08T06:48:36+00:00\" \/>\n<meta property=\"article:modified_time\" content=\"2020-11-19T08:18:40+00:00\" \/>\n<meta property=\"og:image\" content=\"https:\/\/i1.wp.com\/newsestlyonnais.fr\/site\/wp-content\/uploads\/2017\/09\/NEWSESTLYONNAIS-ASSOSACTIVES-2.jpg?fit=1000%2C750&ssl=1\" \/>\n\t<meta property=\"og:image:width\" content=\"1000\" \/>\n\t<meta property=\"og:image:height\" content=\"750\" \/>\n\t<meta property=\"og:image:type\" content=\"image\/jpeg\" \/>\n<meta name=\"author\" content=\"R\u00e9dac. NEWS\" \/>\n<meta name=\"twitter:card\" content=\"summary_large_image\" \/>\n<meta name=\"twitter:label1\" content=\"\u00c9crit par\" \/>\n\t<meta name=\"twitter:data1\" content=\"R\u00e9dac. NEWS\" \/>\n\t<meta name=\"twitter:label2\" content=\"Dur\u00e9e de lecture estim\u00e9e\" \/>\n\t<meta name=\"twitter:data2\" content=\"1 minute\" \/>\n<script type=\"application\/ld+json\" class=\"yoast-schema-graph\">{\"@context\":\"https:\/\/schema.org\",\"@graph\":[{\"@type\":\"Article\",\"@id\":\"https:\/\/newsestlyonnais.fr\/site\/2017\/09\/08\/vaulx-velin-prochains-evenements-sportifs-associatifs\/#article\",\"isPartOf\":{\"@id\":\"https:\/\/newsestlyonnais.fr\/site\/2017\/09\/08\/vaulx-velin-prochains-evenements-sportifs-associatifs\/\"},\"author\":{\"name\":\"R\u00e9dac. NEWS\",\"@id\":\"https:\/\/newsestlyonnais.fr\/site\/#\/schema\/person\/3230d5615f390bb808365d673001e887\"},\"headline\":\"VAULX-EN-VELIN | Prochains \u00e9v\u00e8nements sportifs et associatifs\",\"datePublished\":\"2017-09-08T06:48:36+00:00\",\"dateModified\":\"2020-11-19T08:18:40+00:00\",\"mainEntityOfPage\":{\"@id\":\"https:\/\/newsestlyonnais.fr\/site\/2017\/09\/08\/vaulx-velin-prochains-evenements-sportifs-associatifs\/\"},\"wordCount\":111,\"commentCount\":0,\"publisher\":{\"@id\":\"https:\/\/newsestlyonnais.fr\/site\/#organization\"},\"image\":{\"@id\":\"https:\/\/newsestlyonnais.fr\/site\/2017\/09\/08\/vaulx-velin-prochains-evenements-sportifs-associatifs\/#primaryimage\"},\"thumbnailUrl\":\"https:\/\/newsestlyonnais.fr\/site\/wp-content\/uploads\/2017\/09\/NEWSESTLYONNAIS-ASSOSACTIVES-2.jpg\",\"articleSection\":[\"Autres sports\",\"Divers Sports\",\"Vaulx-en-Velin\"],\"inLanguage\":\"fr-FR\",\"potentialAction\":[{\"@type\":\"CommentAction\",\"name\":\"Comment\",\"target\":[\"https:\/\/newsestlyonnais.fr\/site\/2017\/09\/08\/vaulx-velin-prochains-evenements-sportifs-associatifs\/#respond\"]}]},{\"@type\":\"WebPage\",\"@id\":\"https:\/\/newsestlyonnais.fr\/site\/2017\/09\/08\/vaulx-velin-prochains-evenements-sportifs-associatifs\/\",\"url\":\"https:\/\/newsestlyonnais.fr\/site\/2017\/09\/08\/vaulx-velin-prochains-evenements-sportifs-associatifs\/\",\"name\":\"VAULX EN VELIN : Les prochains \u00e9v\u00e8nements sportifs et associatifs sur la commune\",\"isPartOf\":{\"@id\":\"https:\/\/newsestlyonnais.fr\/site\/#website\"},\"primaryImageOfPage\":{\"@id\":\"https:\/\/newsestlyonnais.fr\/site\/2017\/09\/08\/vaulx-velin-prochains-evenements-sportifs-associatifs\/#primaryimage\"},\"image\":{\"@id\":\"https:\/\/newsestlyonnais.fr\/site\/2017\/09\/08\/vaulx-velin-prochains-evenements-sportifs-associatifs\/#primaryimage\"},\"thumbnailUrl\":\"https:\/\/newsestlyonnais.fr\/site\/wp-content\/uploads\/2017\/09\/NEWSESTLYONNAIS-ASSOSACTIVES-2.jpg\",\"datePublished\":\"2017-09-08T06:48:36+00:00\",\"dateModified\":\"2020-11-19T08:18:40+00:00\",\"description\":\"VAULX EN VELIN : Les prochains \u00e9v\u00e8nements sportifs et associatifs sur la commune\",\"breadcrumb\":{\"@id\":\"https:\/\/newsestlyonnais.fr\/site\/2017\/09\/08\/vaulx-velin-prochains-evenements-sportifs-associatifs\/#breadcrumb\"},\"inLanguage\":\"fr-FR\",\"potentialAction\":[{\"@type\":\"ReadAction\",\"target\":[\"https:\/\/newsestlyonnais.fr\/site\/2017\/09\/08\/vaulx-velin-prochains-evenements-sportifs-associatifs\/\"]}]},{\"@type\":\"ImageObject\",\"inLanguage\":\"fr-FR\",\"@id\":\"https:\/\/newsestlyonnais.fr\/site\/2017\/09\/08\/vaulx-velin-prochains-evenements-sportifs-associatifs\/#primaryimage\",\"url\":\"https:\/\/newsestlyonnais.fr\/site\/wp-content\/uploads\/2017\/09\/NEWSESTLYONNAIS-ASSOSACTIVES-2.jpg\",\"contentUrl\":\"https:\/\/newsestlyonnais.fr\/site\/wp-content\/uploads\/2017\/09\/NEWSESTLYONNAIS-ASSOSACTIVES-2.jpg\",\"width\":1000,\"height\":750,\"caption\":\"ASSOS 'ACTIVES\"},{\"@type\":\"BreadcrumbList\",\"@id\":\"https:\/\/newsestlyonnais.fr\/site\/2017\/09\/08\/vaulx-velin-prochains-evenements-sportifs-associatifs\/#breadcrumb\",\"itemListElement\":[{\"@type\":\"ListItem\",\"position\":1,\"name\":\"Accueil\",\"item\":\"https:\/\/newsestlyonnais.fr\/site\/\"},{\"@type\":\"ListItem\",\"position\":2,\"name\":\"VAULX-EN-VELIN | Prochains \u00e9v\u00e8nements sportifs et associatifs\"}]},{\"@type\":\"WebSite\",\"@id\":\"https:\/\/newsestlyonnais.fr\/site\/#website\",\"url\":\"https:\/\/newsestlyonnais.fr\/site\/\",\"name\":\"News Est Lyonnais\",\"description\":\"L&#039;actualit\u00e9 au plus pr\u00e8s\",\"publisher\":{\"@id\":\"https:\/\/newsestlyonnais.fr\/site\/#organization\"},\"potentialAction\":[{\"@type\":\"SearchAction\",\"target\":{\"@type\":\"EntryPoint\",\"urlTemplate\":\"https:\/\/newsestlyonnais.fr\/site\/?s={search_term_string}\"},\"query-input\":{\"@type\":\"PropertyValueSpecification\",\"valueRequired\":true,\"valueName\":\"search_term_string\"}}],\"inLanguage\":\"fr-FR\"},{\"@type\":\"Organization\",\"@id\":\"https:\/\/newsestlyonnais.fr\/site\/#organization\",\"name\":\"News EST LYONNAIS\",\"url\":\"https:\/\/newsestlyonnais.fr\/site\/\",\"logo\":{\"@type\":\"ImageObject\",\"inLanguage\":\"fr-FR\",\"@id\":\"https:\/\/newsestlyonnais.fr\/site\/#\/schema\/logo\/image\/\",\"url\":\"\",\"contentUrl\":\"\",\"caption\":\"News EST LYONNAIS\"},\"image\":{\"@id\":\"https:\/\/newsestlyonnais.fr\/site\/#\/schema\/logo\/image\/\"}},{\"@type\":\"Person\",\"@id\":\"https:\/\/newsestlyonnais.fr\/site\/#\/schema\/person\/3230d5615f390bb808365d673001e887\",\"name\":\"R\u00e9dac. NEWS\",\"sameAs\":[\"http:\/\/www.newsestlyonnais.fr\",\"https:\/\/www.facebook.com\/pascal.oberson.1?fref=ts\",\"https:\/\/fr.linkedin.com\/in\/pascal-oberson-b17045113\"],\"url\":\"https:\/\/newsestlyonnais.fr\/site\/author\/nel\/\"}]}<\/script>\n<!-- \/ Yoast SEO plugin. -->","yoast_head_json":{"title":"VAULX EN VELIN : Les prochains \u00e9v\u00e8nements sportifs et associatifs sur la commune","description":"VAULX EN VELIN : Les prochains \u00e9v\u00e8nements sportifs et associatifs sur la commune","robots":{"index":"index","follow":"follow","max-snippet":"max-snippet:-1","max-image-preview":"max-image-preview:large","max-video-preview":"max-video-preview:-1"},"canonical":"https:\/\/newsestlyonnais.fr\/site\/2017\/09\/08\/vaulx-velin-prochains-evenements-sportifs-associatifs\/","og_locale":"fr_FR","og_type":"article","og_title":"VAULX EN VELIN : Les prochains \u00e9v\u00e8nements sportifs et associatifs sur la commune","og_description":"VAULX EN VELIN : Les prochains \u00e9v\u00e8nements sportifs et associatifs sur la commune","og_url":"https:\/\/newsestlyonnais.fr\/site\/2017\/09\/08\/vaulx-velin-prochains-evenements-sportifs-associatifs\/","og_site_name":"News Est Lyonnais","article_author":"https:\/\/www.facebook.com\/pascal.oberson.1?fref=ts","article_published_time":"2017-09-08T06:48:36+00:00","article_modified_time":"2020-11-19T08:18:40+00:00","og_image":[{"width":1000,"height":750,"url":"https:\/\/i1.wp.com\/newsestlyonnais.fr\/site\/wp-content\/uploads\/2017\/09\/NEWSESTLYONNAIS-ASSOSACTIVES-2.jpg?fit=1000%2C750&ssl=1","type":"image\/jpeg"}],"author":"R\u00e9dac. NEWS","twitter_card":"summary_large_image","twitter_misc":{"\u00c9crit par":"R\u00e9dac. NEWS","Dur\u00e9e de lecture estim\u00e9e":"1 minute"},"schema":{"@context":"https:\/\/schema.org","@graph":[{"@type":"Article","@id":"https:\/\/newsestlyonnais.fr\/site\/2017\/09\/08\/vaulx-velin-prochains-evenements-sportifs-associatifs\/#article","isPartOf":{"@id":"https:\/\/newsestlyonnais.fr\/site\/2017\/09\/08\/vaulx-velin-prochains-evenements-sportifs-associatifs\/"},"author":{"name":"R\u00e9dac. NEWS","@id":"https:\/\/newsestlyonnais.fr\/site\/#\/schema\/person\/3230d5615f390bb808365d673001e887"},"headline":"VAULX-EN-VELIN | Prochains \u00e9v\u00e8nements sportifs et associatifs","datePublished":"2017-09-08T06:48:36+00:00","dateModified":"2020-11-19T08:18:40+00:00","mainEntityOfPage":{"@id":"https:\/\/newsestlyonnais.fr\/site\/2017\/09\/08\/vaulx-velin-prochains-evenements-sportifs-associatifs\/"},"wordCount":111,"commentCount":0,"publisher":{"@id":"https:\/\/newsestlyonnais.fr\/site\/#organization"},"image":{"@id":"https:\/\/newsestlyonnais.fr\/site\/2017\/09\/08\/vaulx-velin-prochains-evenements-sportifs-associatifs\/#primaryimage"},"thumbnailUrl":"https:\/\/newsestlyonnais.fr\/site\/wp-content\/uploads\/2017\/09\/NEWSESTLYONNAIS-ASSOSACTIVES-2.jpg","articleSection":["Autres sports","Divers Sports","Vaulx-en-Velin"],"inLanguage":"fr-FR","potentialAction":[{"@type":"CommentAction","name":"Comment","target":["https:\/\/newsestlyonnais.fr\/site\/2017\/09\/08\/vaulx-velin-prochains-evenements-sportifs-associatifs\/#respond"]}]},{"@type":"WebPage","@id":"https:\/\/newsestlyonnais.fr\/site\/2017\/09\/08\/vaulx-velin-prochains-evenements-sportifs-associatifs\/","url":"https:\/\/newsestlyonnais.fr\/site\/2017\/09\/08\/vaulx-velin-prochains-evenements-sportifs-associatifs\/","name":"VAULX EN VELIN : Les prochains \u00e9v\u00e8nements sportifs et associatifs sur la commune","isPartOf":{"@id":"https:\/\/newsestlyonnais.fr\/site\/#website"},"primaryImageOfPage":{"@id":"https:\/\/newsestlyonnais.fr\/site\/2017\/09\/08\/vaulx-velin-prochains-evenements-sportifs-associatifs\/#primaryimage"},"image":{"@id":"https:\/\/newsestlyonnais.fr\/site\/2017\/09\/08\/vaulx-velin-prochains-evenements-sportifs-associatifs\/#primaryimage"},"thumbnailUrl":"https:\/\/newsestlyonnais.fr\/site\/wp-content\/uploads\/2017\/09\/NEWSESTLYONNAIS-ASSOSACTIVES-2.jpg","datePublished":"2017-09-08T06:48:36+00:00","dateModified":"2020-11-19T08:18:40+00:00","description":"VAULX EN VELIN : Les prochains \u00e9v\u00e8nements sportifs et associatifs sur la commune","breadcrumb":{"@id":"https:\/\/newsestlyonnais.fr\/site\/2017\/09\/08\/vaulx-velin-prochains-evenements-sportifs-associatifs\/#breadcrumb"},"inLanguage":"fr-FR","potentialAction":[{"@type":"ReadAction","target":["https:\/\/newsestlyonnais.fr\/site\/2017\/09\/08\/vaulx-velin-prochains-evenements-sportifs-associatifs\/"]}]},{"@type":"ImageObject","inLanguage":"fr-FR","@id":"https:\/\/newsestlyonnais.fr\/site\/2017\/09\/08\/vaulx-velin-prochains-evenements-sportifs-associatifs\/#primaryimage","url":"https:\/\/newsestlyonnais.fr\/site\/wp-content\/uploads\/2017\/09\/NEWSESTLYONNAIS-ASSOSACTIVES-2.jpg","contentUrl":"https:\/\/newsestlyonnais.fr\/site\/wp-content\/uploads\/2017\/09\/NEWSESTLYONNAIS-ASSOSACTIVES-2.jpg","width":1000,"height":750,"caption":"ASSOS 'ACTIVES"},{"@type":"BreadcrumbList","@id":"https:\/\/newsestlyonnais.fr\/site\/2017\/09\/08\/vaulx-velin-prochains-evenements-sportifs-associatifs\/#breadcrumb","itemListElement":[{"@type":"ListItem","position":1,"name":"Accueil","item":"https:\/\/newsestlyonnais.fr\/site\/"},{"@type":"ListItem","position":2,"name":"VAULX-EN-VELIN | Prochains \u00e9v\u00e8nements sportifs et associatifs"}]},{"@type":"WebSite","@id":"https:\/\/newsestlyonnais.fr\/site\/#website","url":"https:\/\/newsestlyonnais.fr\/site\/","name":"News Est Lyonnais","description":"L&#039;actualit\u00e9 au plus pr\u00e8s","publisher":{"@id":"https:\/\/newsestlyonnais.fr\/site\/#organization"},"potentialAction":[{"@type":"SearchAction","target":{"@type":"EntryPoint","urlTemplate":"https:\/\/newsestlyonnais.fr\/site\/?s={search_term_string}"},"query-input":{"@type":"PropertyValueSpecification","valueRequired":true,"valueName":"search_term_string"}}],"inLanguage":"fr-FR"},{"@type":"Organization","@id":"https:\/\/newsestlyonnais.fr\/site\/#organization","name":"News EST LYONNAIS","url":"https:\/\/newsestlyonnais.fr\/site\/","logo":{"@type":"ImageObject","inLanguage":"fr-FR","@id":"https:\/\/newsestlyonnais.fr\/site\/#\/schema\/logo\/image\/","url":"","contentUrl":"","caption":"News EST LYONNAIS"},"image":{"@id":"https:\/\/newsestlyonnais.fr\/site\/#\/schema\/logo\/image\/"}},{"@type":"Person","@id":"https:\/\/newsestlyonnais.fr\/site\/#\/schema\/person\/3230d5615f390bb808365d673001e887","name":"R\u00e9dac. NEWS","sameAs":["http:\/\/www.newsestlyonnais.fr","https:\/\/www.facebook.com\/pascal.oberson.1?fref=ts","https:\/\/fr.linkedin.com\/in\/pascal-oberson-b17045113"],"url":"https:\/\/newsestlyonnais.fr\/site\/author\/nel\/"}]}},"_links":{"self":[{"href":"https:\/\/newsestlyonnais.fr\/site\/wp-json\/wp\/v2\/posts\/34327","targetHints":{"allow":["GET"]}}],"collection":[{"href":"https:\/\/newsestlyonnais.fr\/site\/wp-json\/wp\/v2\/posts"}],"about":[{"href":"https:\/\/newsestlyonnais.fr\/site\/wp-json\/wp\/v2\/types\/post"}],"author":[{"embeddable":true,"href":"https:\/\/newsestlyonnais.fr\/site\/wp-json\/wp\/v2\/users\/4"}],"replies":[{"embeddable":true,"href":"https:\/\/newsestlyonnais.fr\/site\/wp-json\/wp\/v2\/comments?post=34327"}],"version-history":[{"count":0,"href":"https:\/\/newsestlyonnais.fr\/site\/wp-json\/wp\/v2\/posts\/34327\/revisions"}],"wp:featuredmedia":[{"embeddable":true,"href":"https:\/\/newsestlyonnais.fr\/site\/wp-json\/wp\/v2\/media\/34329"}],"wp:attachment":[{"href":"https:\/\/newsestlyonnais.fr\/site\/wp-json\/wp\/v2\/media?parent=34327"}],"wp:term":[{"taxonomy":"category","embeddable":true,"href":"https:\/\/newsestlyonnais.fr\/site\/wp-json\/wp\/v2\/categories?post=34327"},{"taxonomy":"post_tag","embeddable":true,"href":"https:\/\/newsestlyonnais.fr\/site\/wp-json\/wp\/v2\/tags?post=34327"}],"curies":[{"name":"wp","href":"https:\/\/api.w.org\/{rel}","templated":true}]}}