{"id":34352,"date":"2017-09-06T12:50:42","date_gmt":"2017-09-06T11:50:42","guid":{"rendered":"http:\/\/newsestlyonnais.fr\/site\/?p=34352"},"modified":"2020-11-07T21:00:18","modified_gmt":"2020-11-07T20:00:18","slug":"genas-une-nouveaute-pour-les-jeunes-le-passeport-solidaire","status":"publish","type":"post","link":"https:\/\/newsestlyonnais.fr\/site\/2017\/09\/06\/genas-une-nouveaute-pour-les-jeunes-le-passeport-solidaire\/","title":{"rendered":"GENAS | Une nouveaut\u00e9 pour les jeunes : le Passeport Solidaire !"},"content":{"rendered":"<h4>Ce Passeport Solidaire s&rsquo;adresse aux jeunes \u00e2g\u00e9s de 11 \u00e0 15 ans, motiv\u00e9s et ayant un attrait pour la solidarit\u00e9.<\/h4>\n<p><span style=\"text-decoration: underline\">Trois questions\/r\u00e9ponses rapides sur ce tout nouveau concept propos\u00e9<\/span>:<\/p>\n<ul>\n<li><strong>Avec qui<\/strong> ?<\/li>\n<\/ul>\n<p>Les jeunes travailleront en partenariat avec des associations s&rsquo;inscrivant dans des actions solidaires et humanitaires (ex: Handicap International)<\/p>\n<ul>\n<li><strong>Quand<\/strong> ?<\/li>\n<\/ul>\n<p>Le groupe, d&rsquo;une dizaine de jeunes, se r\u00e9unira une fois par semaine pendant\u00a0 1 h 15 chaque mardi soir ou jeudi soir (horaire et jour \u00e0 confirmer), en dehors des vacances scolaires.\u00a0 La date de la premi\u00e8re r\u00e9union aura lieu le mardi 3 octobre \u00e0 18 h \u00e0 la M\u00e9diath\u00e8que.<\/p>\n<ul>\n<li><strong>Comment s&rsquo;inscrire<\/strong> ?<\/li>\n<\/ul>\n<p>L&rsquo;inscription s&rsquo;effectue d\u00e8s maintenant. La fiche d&rsquo;inscription jeunesse devra \u00eatre fournie, soit par mail (<a href=\"http:\/\/jeunesse@ville-genas.fr\" target=\"_blank\" rel=\"noopener noreferrer\">http:\/\/jeunesse@ville-genas.fr<\/a>) ou en mairie aupr\u00e8s du Guichet Unique.<\/p>\n<ul>\n<li>Plus d&rsquo;infos : contactez le secteur jeunesse au 06.77.87.59.24 (Elodie Bouisset).<\/li>\n<\/ul>\n<h4>Retrouvez l&rsquo; ACTU de la commune sur : <a href=\"http:\/\/genas.fr\" target=\"_blank\" rel=\"noopener noreferrer\">http:\/\/genas.fr<\/a><\/h4>\n","protected":false},"excerpt":{"rendered":"<p>Ce Passeport Solidaire s&rsquo;adresse aux jeunes \u00e2g\u00e9s de 11 \u00e0 15 ans, motiv\u00e9s et ayant un attrait pour la solidarit\u00e9. Trois questions\/r\u00e9ponses rapides sur ce tout nouveau concept propos\u00e9: Avec qui ? Les jeunes travailleront en partenariat avec des associations s&rsquo;inscrivant dans des actions solidaires et humanitaires (ex: Handicap International) Quand ? Le groupe, d&rsquo;une [&hellip;]<\/p>\n","protected":false},"author":4,"featured_media":34363,"comment_status":"open","ping_status":"open","sticky":false,"template":"","format":"standard","meta":{"footnotes":""},"categories":[270,171,1598,18],"tags":[],"class_list":["post-34352","post","type-post","status-publish","format-standard","has-post-thumbnail","hentry","category-cte-de-communes-c-c-e-l","category-enfance-jeunesse","category-genas","category-sante-bien-etre-solidarite"],"yoast_head":"<!-- This site is optimized with the Yoast SEO plugin v27.2 - https:\/\/yoast.com\/product\/yoast-seo-wordpress\/ -->\n<title>GENAS : Une nouveaut\u00e9 pour les jeunes : le Passeport Solidaire !<\/title>\n<meta name=\"description\" content=\"GENAS : Une nouveaut\u00e9 pour les jeunes : le Passeport Solidaire !\" \/>\n<meta name=\"robots\" content=\"index, follow, max-snippet:-1, max-image-preview:large, max-video-preview:-1\" \/>\n<link rel=\"canonical\" href=\"https:\/\/newsestlyonnais.fr\/site\/2017\/09\/06\/genas-une-nouveaute-pour-les-jeunes-le-passeport-solidaire\/\" \/>\n<meta property=\"og:locale\" content=\"fr_FR\" \/>\n<meta property=\"og:type\" content=\"article\" \/>\n<meta property=\"og:title\" content=\"GENAS : Une nouveaut\u00e9 pour les jeunes : le Passeport Solidaire !\" \/>\n<meta property=\"og:description\" content=\"GENAS : Une nouveaut\u00e9 pour les jeunes : le Passeport Solidaire !\" \/>\n<meta property=\"og:url\" content=\"https:\/\/newsestlyonnais.fr\/site\/2017\/09\/06\/genas-une-nouveaute-pour-les-jeunes-le-passeport-solidaire\/\" \/>\n<meta property=\"og:site_name\" content=\"News Est Lyonnais\" \/>\n<meta property=\"article:author\" content=\"https:\/\/www.facebook.com\/pascal.oberson.1?fref=ts\" \/>\n<meta property=\"article:published_time\" content=\"2017-09-06T11:50:42+00:00\" \/>\n<meta property=\"article:modified_time\" content=\"2020-11-07T20:00:18+00:00\" \/>\n<meta property=\"og:image\" content=\"https:\/\/i0.wp.com\/newsestlyonnais.fr\/site\/wp-content\/uploads\/2017\/09\/NEWSESTLYONNAIS-PASSEPORT-SOLIDAIRE-1.jpg?fit=1000%2C750&ssl=1\" \/>\n\t<meta property=\"og:image:width\" content=\"1000\" \/>\n\t<meta property=\"og:image:height\" content=\"750\" \/>\n\t<meta property=\"og:image:type\" content=\"image\/jpeg\" \/>\n<meta name=\"author\" content=\"R\u00e9dac. NEWS\" \/>\n<meta name=\"twitter:card\" content=\"summary_large_image\" \/>\n<meta name=\"twitter:label1\" content=\"\u00c9crit par\" \/>\n\t<meta name=\"twitter:data1\" content=\"R\u00e9dac. NEWS\" \/>\n\t<meta name=\"twitter:label2\" content=\"Dur\u00e9e de lecture estim\u00e9e\" \/>\n\t<meta name=\"twitter:data2\" content=\"1 minute\" \/>\n<script type=\"application\/ld+json\" class=\"yoast-schema-graph\">{\"@context\":\"https:\/\/schema.org\",\"@graph\":[{\"@type\":\"Article\",\"@id\":\"https:\/\/newsestlyonnais.fr\/site\/2017\/09\/06\/genas-une-nouveaute-pour-les-jeunes-le-passeport-solidaire\/#article\",\"isPartOf\":{\"@id\":\"https:\/\/newsestlyonnais.fr\/site\/2017\/09\/06\/genas-une-nouveaute-pour-les-jeunes-le-passeport-solidaire\/\"},\"author\":{\"name\":\"R\u00e9dac. NEWS\",\"@id\":\"https:\/\/newsestlyonnais.fr\/site\/#\/schema\/person\/3230d5615f390bb808365d673001e887\"},\"headline\":\"GENAS | Une nouveaut\u00e9 pour les jeunes : le Passeport Solidaire !\",\"datePublished\":\"2017-09-06T11:50:42+00:00\",\"dateModified\":\"2020-11-07T20:00:18+00:00\",\"mainEntityOfPage\":{\"@id\":\"https:\/\/newsestlyonnais.fr\/site\/2017\/09\/06\/genas-une-nouveaute-pour-les-jeunes-le-passeport-solidaire\/\"},\"wordCount\":164,\"commentCount\":0,\"publisher\":{\"@id\":\"https:\/\/newsestlyonnais.fr\/site\/#organization\"},\"image\":{\"@id\":\"https:\/\/newsestlyonnais.fr\/site\/2017\/09\/06\/genas-une-nouveaute-pour-les-jeunes-le-passeport-solidaire\/#primaryimage\"},\"thumbnailUrl\":\"https:\/\/newsestlyonnais.fr\/site\/wp-content\/uploads\/2017\/09\/NEWSESTLYONNAIS-PASSEPORT-SOLIDAIRE-1.jpg\",\"articleSection\":[\"CCEL | Communes\",\"Enfance | Jeunesse\",\"Genas\",\"Sant\u00e9 | Bien Etre | Solidarit\u00e9\"],\"inLanguage\":\"fr-FR\",\"potentialAction\":[{\"@type\":\"CommentAction\",\"name\":\"Comment\",\"target\":[\"https:\/\/newsestlyonnais.fr\/site\/2017\/09\/06\/genas-une-nouveaute-pour-les-jeunes-le-passeport-solidaire\/#respond\"]}]},{\"@type\":\"WebPage\",\"@id\":\"https:\/\/newsestlyonnais.fr\/site\/2017\/09\/06\/genas-une-nouveaute-pour-les-jeunes-le-passeport-solidaire\/\",\"url\":\"https:\/\/newsestlyonnais.fr\/site\/2017\/09\/06\/genas-une-nouveaute-pour-les-jeunes-le-passeport-solidaire\/\",\"name\":\"GENAS : Une nouveaut\u00e9 pour les jeunes : le Passeport Solidaire !\",\"isPartOf\":{\"@id\":\"https:\/\/newsestlyonnais.fr\/site\/#website\"},\"primaryImageOfPage\":{\"@id\":\"https:\/\/newsestlyonnais.fr\/site\/2017\/09\/06\/genas-une-nouveaute-pour-les-jeunes-le-passeport-solidaire\/#primaryimage\"},\"image\":{\"@id\":\"https:\/\/newsestlyonnais.fr\/site\/2017\/09\/06\/genas-une-nouveaute-pour-les-jeunes-le-passeport-solidaire\/#primaryimage\"},\"thumbnailUrl\":\"https:\/\/newsestlyonnais.fr\/site\/wp-content\/uploads\/2017\/09\/NEWSESTLYONNAIS-PASSEPORT-SOLIDAIRE-1.jpg\",\"datePublished\":\"2017-09-06T11:50:42+00:00\",\"dateModified\":\"2020-11-07T20:00:18+00:00\",\"description\":\"GENAS : Une nouveaut\u00e9 pour les jeunes : le Passeport Solidaire !\",\"breadcrumb\":{\"@id\":\"https:\/\/newsestlyonnais.fr\/site\/2017\/09\/06\/genas-une-nouveaute-pour-les-jeunes-le-passeport-solidaire\/#breadcrumb\"},\"inLanguage\":\"fr-FR\",\"potentialAction\":[{\"@type\":\"ReadAction\",\"target\":[\"https:\/\/newsestlyonnais.fr\/site\/2017\/09\/06\/genas-une-nouveaute-pour-les-jeunes-le-passeport-solidaire\/\"]}]},{\"@type\":\"ImageObject\",\"inLanguage\":\"fr-FR\",\"@id\":\"https:\/\/newsestlyonnais.fr\/site\/2017\/09\/06\/genas-une-nouveaute-pour-les-jeunes-le-passeport-solidaire\/#primaryimage\",\"url\":\"https:\/\/newsestlyonnais.fr\/site\/wp-content\/uploads\/2017\/09\/NEWSESTLYONNAIS-PASSEPORT-SOLIDAIRE-1.jpg\",\"contentUrl\":\"https:\/\/newsestlyonnais.fr\/site\/wp-content\/uploads\/2017\/09\/NEWSESTLYONNAIS-PASSEPORT-SOLIDAIRE-1.jpg\",\"width\":1000,\"height\":750,\"caption\":\"NEWSESTLYONNAIS - PASSEPORT SOLIDAIRE\"},{\"@type\":\"BreadcrumbList\",\"@id\":\"https:\/\/newsestlyonnais.fr\/site\/2017\/09\/06\/genas-une-nouveaute-pour-les-jeunes-le-passeport-solidaire\/#breadcrumb\",\"itemListElement\":[{\"@type\":\"ListItem\",\"position\":1,\"name\":\"Accueil\",\"item\":\"https:\/\/newsestlyonnais.fr\/site\/\"},{\"@type\":\"ListItem\",\"position\":2,\"name\":\"GENAS | Une nouveaut\u00e9 pour les jeunes : le Passeport Solidaire !\"}]},{\"@type\":\"WebSite\",\"@id\":\"https:\/\/newsestlyonnais.fr\/site\/#website\",\"url\":\"https:\/\/newsestlyonnais.fr\/site\/\",\"name\":\"News Est Lyonnais\",\"description\":\"L&#039;actualit\u00e9 au plus pr\u00e8s\",\"publisher\":{\"@id\":\"https:\/\/newsestlyonnais.fr\/site\/#organization\"},\"potentialAction\":[{\"@type\":\"SearchAction\",\"target\":{\"@type\":\"EntryPoint\",\"urlTemplate\":\"https:\/\/newsestlyonnais.fr\/site\/?s={search_term_string}\"},\"query-input\":{\"@type\":\"PropertyValueSpecification\",\"valueRequired\":true,\"valueName\":\"search_term_string\"}}],\"inLanguage\":\"fr-FR\"},{\"@type\":\"Organization\",\"@id\":\"https:\/\/newsestlyonnais.fr\/site\/#organization\",\"name\":\"News EST LYONNAIS\",\"url\":\"https:\/\/newsestlyonnais.fr\/site\/\",\"logo\":{\"@type\":\"ImageObject\",\"inLanguage\":\"fr-FR\",\"@id\":\"https:\/\/newsestlyonnais.fr\/site\/#\/schema\/logo\/image\/\",\"url\":\"\",\"contentUrl\":\"\",\"caption\":\"News EST LYONNAIS\"},\"image\":{\"@id\":\"https:\/\/newsestlyonnais.fr\/site\/#\/schema\/logo\/image\/\"}},{\"@type\":\"Person\",\"@id\":\"https:\/\/newsestlyonnais.fr\/site\/#\/schema\/person\/3230d5615f390bb808365d673001e887\",\"name\":\"R\u00e9dac. NEWS\",\"sameAs\":[\"http:\/\/www.newsestlyonnais.fr\",\"https:\/\/www.facebook.com\/pascal.oberson.1?fref=ts\",\"https:\/\/fr.linkedin.com\/in\/pascal-oberson-b17045113\"],\"url\":\"https:\/\/newsestlyonnais.fr\/site\/author\/nel\/\"}]}<\/script>\n<!-- \/ Yoast SEO plugin. -->","yoast_head_json":{"title":"GENAS : Une nouveaut\u00e9 pour les jeunes : le Passeport Solidaire !","description":"GENAS : Une nouveaut\u00e9 pour les jeunes : le Passeport Solidaire !","robots":{"index":"index","follow":"follow","max-snippet":"max-snippet:-1","max-image-preview":"max-image-preview:large","max-video-preview":"max-video-preview:-1"},"canonical":"https:\/\/newsestlyonnais.fr\/site\/2017\/09\/06\/genas-une-nouveaute-pour-les-jeunes-le-passeport-solidaire\/","og_locale":"fr_FR","og_type":"article","og_title":"GENAS : Une nouveaut\u00e9 pour les jeunes : le Passeport Solidaire !","og_description":"GENAS : Une nouveaut\u00e9 pour les jeunes : le Passeport Solidaire !","og_url":"https:\/\/newsestlyonnais.fr\/site\/2017\/09\/06\/genas-une-nouveaute-pour-les-jeunes-le-passeport-solidaire\/","og_site_name":"News Est Lyonnais","article_author":"https:\/\/www.facebook.com\/pascal.oberson.1?fref=ts","article_published_time":"2017-09-06T11:50:42+00:00","article_modified_time":"2020-11-07T20:00:18+00:00","og_image":[{"width":1000,"height":750,"url":"https:\/\/i0.wp.com\/newsestlyonnais.fr\/site\/wp-content\/uploads\/2017\/09\/NEWSESTLYONNAIS-PASSEPORT-SOLIDAIRE-1.jpg?fit=1000%2C750&ssl=1","type":"image\/jpeg"}],"author":"R\u00e9dac. NEWS","twitter_card":"summary_large_image","twitter_misc":{"\u00c9crit par":"R\u00e9dac. NEWS","Dur\u00e9e de lecture estim\u00e9e":"1 minute"},"schema":{"@context":"https:\/\/schema.org","@graph":[{"@type":"Article","@id":"https:\/\/newsestlyonnais.fr\/site\/2017\/09\/06\/genas-une-nouveaute-pour-les-jeunes-le-passeport-solidaire\/#article","isPartOf":{"@id":"https:\/\/newsestlyonnais.fr\/site\/2017\/09\/06\/genas-une-nouveaute-pour-les-jeunes-le-passeport-solidaire\/"},"author":{"name":"R\u00e9dac. NEWS","@id":"https:\/\/newsestlyonnais.fr\/site\/#\/schema\/person\/3230d5615f390bb808365d673001e887"},"headline":"GENAS | Une nouveaut\u00e9 pour les jeunes : le Passeport Solidaire !","datePublished":"2017-09-06T11:50:42+00:00","dateModified":"2020-11-07T20:00:18+00:00","mainEntityOfPage":{"@id":"https:\/\/newsestlyonnais.fr\/site\/2017\/09\/06\/genas-une-nouveaute-pour-les-jeunes-le-passeport-solidaire\/"},"wordCount":164,"commentCount":0,"publisher":{"@id":"https:\/\/newsestlyonnais.fr\/site\/#organization"},"image":{"@id":"https:\/\/newsestlyonnais.fr\/site\/2017\/09\/06\/genas-une-nouveaute-pour-les-jeunes-le-passeport-solidaire\/#primaryimage"},"thumbnailUrl":"https:\/\/newsestlyonnais.fr\/site\/wp-content\/uploads\/2017\/09\/NEWSESTLYONNAIS-PASSEPORT-SOLIDAIRE-1.jpg","articleSection":["CCEL | Communes","Enfance | Jeunesse","Genas","Sant\u00e9 | Bien Etre | Solidarit\u00e9"],"inLanguage":"fr-FR","potentialAction":[{"@type":"CommentAction","name":"Comment","target":["https:\/\/newsestlyonnais.fr\/site\/2017\/09\/06\/genas-une-nouveaute-pour-les-jeunes-le-passeport-solidaire\/#respond"]}]},{"@type":"WebPage","@id":"https:\/\/newsestlyonnais.fr\/site\/2017\/09\/06\/genas-une-nouveaute-pour-les-jeunes-le-passeport-solidaire\/","url":"https:\/\/newsestlyonnais.fr\/site\/2017\/09\/06\/genas-une-nouveaute-pour-les-jeunes-le-passeport-solidaire\/","name":"GENAS : Une nouveaut\u00e9 pour les jeunes : le Passeport Solidaire !","isPartOf":{"@id":"https:\/\/newsestlyonnais.fr\/site\/#website"},"primaryImageOfPage":{"@id":"https:\/\/newsestlyonnais.fr\/site\/2017\/09\/06\/genas-une-nouveaute-pour-les-jeunes-le-passeport-solidaire\/#primaryimage"},"image":{"@id":"https:\/\/newsestlyonnais.fr\/site\/2017\/09\/06\/genas-une-nouveaute-pour-les-jeunes-le-passeport-solidaire\/#primaryimage"},"thumbnailUrl":"https:\/\/newsestlyonnais.fr\/site\/wp-content\/uploads\/2017\/09\/NEWSESTLYONNAIS-PASSEPORT-SOLIDAIRE-1.jpg","datePublished":"2017-09-06T11:50:42+00:00","dateModified":"2020-11-07T20:00:18+00:00","description":"GENAS : Une nouveaut\u00e9 pour les jeunes : le Passeport Solidaire !","breadcrumb":{"@id":"https:\/\/newsestlyonnais.fr\/site\/2017\/09\/06\/genas-une-nouveaute-pour-les-jeunes-le-passeport-solidaire\/#breadcrumb"},"inLanguage":"fr-FR","potentialAction":[{"@type":"ReadAction","target":["https:\/\/newsestlyonnais.fr\/site\/2017\/09\/06\/genas-une-nouveaute-pour-les-jeunes-le-passeport-solidaire\/"]}]},{"@type":"ImageObject","inLanguage":"fr-FR","@id":"https:\/\/newsestlyonnais.fr\/site\/2017\/09\/06\/genas-une-nouveaute-pour-les-jeunes-le-passeport-solidaire\/#primaryimage","url":"https:\/\/newsestlyonnais.fr\/site\/wp-content\/uploads\/2017\/09\/NEWSESTLYONNAIS-PASSEPORT-SOLIDAIRE-1.jpg","contentUrl":"https:\/\/newsestlyonnais.fr\/site\/wp-content\/uploads\/2017\/09\/NEWSESTLYONNAIS-PASSEPORT-SOLIDAIRE-1.jpg","width":1000,"height":750,"caption":"NEWSESTLYONNAIS - PASSEPORT SOLIDAIRE"},{"@type":"BreadcrumbList","@id":"https:\/\/newsestlyonnais.fr\/site\/2017\/09\/06\/genas-une-nouveaute-pour-les-jeunes-le-passeport-solidaire\/#breadcrumb","itemListElement":[{"@type":"ListItem","position":1,"name":"Accueil","item":"https:\/\/newsestlyonnais.fr\/site\/"},{"@type":"ListItem","position":2,"name":"GENAS | Une nouveaut\u00e9 pour les jeunes : le Passeport Solidaire !"}]},{"@type":"WebSite","@id":"https:\/\/newsestlyonnais.fr\/site\/#website","url":"https:\/\/newsestlyonnais.fr\/site\/","name":"News Est Lyonnais","description":"L&#039;actualit\u00e9 au plus pr\u00e8s","publisher":{"@id":"https:\/\/newsestlyonnais.fr\/site\/#organization"},"potentialAction":[{"@type":"SearchAction","target":{"@type":"EntryPoint","urlTemplate":"https:\/\/newsestlyonnais.fr\/site\/?s={search_term_string}"},"query-input":{"@type":"PropertyValueSpecification","valueRequired":true,"valueName":"search_term_string"}}],"inLanguage":"fr-FR"},{"@type":"Organization","@id":"https:\/\/newsestlyonnais.fr\/site\/#organization","name":"News EST LYONNAIS","url":"https:\/\/newsestlyonnais.fr\/site\/","logo":{"@type":"ImageObject","inLanguage":"fr-FR","@id":"https:\/\/newsestlyonnais.fr\/site\/#\/schema\/logo\/image\/","url":"","contentUrl":"","caption":"News EST LYONNAIS"},"image":{"@id":"https:\/\/newsestlyonnais.fr\/site\/#\/schema\/logo\/image\/"}},{"@type":"Person","@id":"https:\/\/newsestlyonnais.fr\/site\/#\/schema\/person\/3230d5615f390bb808365d673001e887","name":"R\u00e9dac. NEWS","sameAs":["http:\/\/www.newsestlyonnais.fr","https:\/\/www.facebook.com\/pascal.oberson.1?fref=ts","https:\/\/fr.linkedin.com\/in\/pascal-oberson-b17045113"],"url":"https:\/\/newsestlyonnais.fr\/site\/author\/nel\/"}]}},"_links":{"self":[{"href":"https:\/\/newsestlyonnais.fr\/site\/wp-json\/wp\/v2\/posts\/34352","targetHints":{"allow":["GET"]}}],"collection":[{"href":"https:\/\/newsestlyonnais.fr\/site\/wp-json\/wp\/v2\/posts"}],"about":[{"href":"https:\/\/newsestlyonnais.fr\/site\/wp-json\/wp\/v2\/types\/post"}],"author":[{"embeddable":true,"href":"https:\/\/newsestlyonnais.fr\/site\/wp-json\/wp\/v2\/users\/4"}],"replies":[{"embeddable":true,"href":"https:\/\/newsestlyonnais.fr\/site\/wp-json\/wp\/v2\/comments?post=34352"}],"version-history":[{"count":0,"href":"https:\/\/newsestlyonnais.fr\/site\/wp-json\/wp\/v2\/posts\/34352\/revisions"}],"wp:featuredmedia":[{"embeddable":true,"href":"https:\/\/newsestlyonnais.fr\/site\/wp-json\/wp\/v2\/media\/34363"}],"wp:attachment":[{"href":"https:\/\/newsestlyonnais.fr\/site\/wp-json\/wp\/v2\/media?parent=34352"}],"wp:term":[{"taxonomy":"category","embeddable":true,"href":"https:\/\/newsestlyonnais.fr\/site\/wp-json\/wp\/v2\/categories?post=34352"},{"taxonomy":"post_tag","embeddable":true,"href":"https:\/\/newsestlyonnais.fr\/site\/wp-json\/wp\/v2\/tags?post=34352"}],"curies":[{"name":"wp","href":"https:\/\/api.w.org\/{rel}","templated":true}]}}