{"id":34412,"date":"2017-09-10T18:03:37","date_gmt":"2017-09-10T17:03:37","guid":{"rendered":"http:\/\/newsestlyonnais.fr\/site\/?p=34412"},"modified":"2017-09-10T20:02:23","modified_gmt":"2017-09-10T19:02:23","slug":"transports-le-reseau-tcl-sera-legerement-perturbe-mardi-12-septembre","status":"publish","type":"post","link":"https:\/\/newsestlyonnais.fr\/site\/2017\/09\/10\/transports-le-reseau-tcl-sera-legerement-perturbe-mardi-12-septembre\/","title":{"rendered":"Transports : Le r\u00e9seau TCL sera l\u00e9g\u00e8rement perturb\u00e9 mardi 12 septembre"},"content":{"rendered":"<h4>En raison d\u2019un mouvement social national, ce r\u00e9seau connaitra quelques perturbations sur les lignes suivantes :<\/h4>\n<ul>\n<li><strong>METRO<\/strong> : Les lignes A, B, C et D circuleront normalement<\/li>\n<li><strong>FUNICULAIRE<\/strong> : Les lignes F1 et F2 circuleront normalement<\/li>\n<li><strong>TRAMWAY<\/strong>:<br \/>\nLa ligne T1 circulera avec une fr\u00e9quence de 7 minutes au lieu de 6 minutes<br \/>\nLa ligne T2 circulera avec une fr\u00e9quence de 7 minutes toute la journ\u00e9e<br \/>\nLes lignes T3, T4 et T5 circuleront normalement<\/li>\n<li><strong>BUS<\/strong>: Lignes circulant avec une fr\u00e9quence all\u00e9g\u00e9e : 8, 14,17, 63, 88 et S9<br \/>\nToutes les autres lignes circuleront normalement y compris les lignes Junior Direct<\/li>\n<\/ul>\n<h4>Plus d&rsquo;infos sur: <a href=\"http:\/\/www.tcl.fr\" target=\"_blank\" rel=\"noopener\">http:\/\/www.tcl.fr<\/a><\/h4>\n","protected":false},"excerpt":{"rendered":"<p>En raison d\u2019un mouvement social national, ce r\u00e9seau connaitra quelques perturbations sur les lignes suivantes : METRO : Les lignes A, B, C et D circuleront normalement FUNICULAIRE : Les lignes F1 et F2 circuleront normalement TRAMWAY: La ligne T1 circulera avec une fr\u00e9quence de 7 minutes au lieu de 6 minutes La ligne T2 [&hellip;]<\/p>\n","protected":false},"author":4,"featured_media":25760,"comment_status":"open","ping_status":"open","sticky":false,"template":"","format":"standard","meta":{"footnotes":""},"categories":[30,309,13],"tags":[],"class_list":["post-34412","post","type-post","status-publish","format-standard","has-post-thumbnail","hentry","category-a-la-une","category-pratique","category-transports-circulation"],"yoast_head":"<!-- This site is optimized with the Yoast SEO plugin v27.2 - https:\/\/yoast.com\/product\/yoast-seo-wordpress\/ -->\n<title>Transports : Le r\u00e9seau TCL sera l\u00e9g\u00e8rement perturb\u00e9 mardi 12 septembre<\/title>\n<meta name=\"description\" content=\"Transports : Le r\u00e9seau TCL sera l\u00e9g\u00e8rement perturb\u00e9 mardi 12 septembre\" \/>\n<meta name=\"robots\" content=\"index, follow, max-snippet:-1, max-image-preview:large, max-video-preview:-1\" \/>\n<link rel=\"canonical\" href=\"https:\/\/newsestlyonnais.fr\/site\/2017\/09\/10\/transports-le-reseau-tcl-sera-legerement-perturbe-mardi-12-septembre\/\" \/>\n<meta property=\"og:locale\" content=\"fr_FR\" \/>\n<meta property=\"og:type\" content=\"article\" \/>\n<meta property=\"og:title\" content=\"Transports : Le r\u00e9seau TCL sera l\u00e9g\u00e8rement perturb\u00e9 mardi 12 septembre\" \/>\n<meta property=\"og:description\" content=\"Transports : Le r\u00e9seau TCL sera l\u00e9g\u00e8rement perturb\u00e9 mardi 12 septembre\" \/>\n<meta property=\"og:url\" content=\"https:\/\/newsestlyonnais.fr\/site\/2017\/09\/10\/transports-le-reseau-tcl-sera-legerement-perturbe-mardi-12-septembre\/\" \/>\n<meta property=\"og:site_name\" content=\"News Est Lyonnais\" \/>\n<meta property=\"article:author\" content=\"https:\/\/www.facebook.com\/pascal.oberson.1?fref=ts\" \/>\n<meta property=\"article:published_time\" content=\"2017-09-10T17:03:37+00:00\" \/>\n<meta property=\"article:modified_time\" content=\"2017-09-10T19:02:23+00:00\" \/>\n<meta property=\"og:image\" content=\"https:\/\/i2.wp.com\/newsestlyonnais.fr\/site\/wp-content\/uploads\/2017\/04\/NewsEstLyonnais-Flash-Info.png?fit=1000%2C750&ssl=1\" \/>\n\t<meta property=\"og:image:width\" content=\"1000\" \/>\n\t<meta property=\"og:image:height\" content=\"750\" \/>\n\t<meta property=\"og:image:type\" content=\"image\/png\" \/>\n<meta name=\"author\" content=\"R\u00e9dac. NEWS\" \/>\n<meta name=\"twitter:card\" content=\"summary_large_image\" \/>\n<meta name=\"twitter:label1\" content=\"\u00c9crit par\" \/>\n\t<meta name=\"twitter:data1\" content=\"R\u00e9dac. NEWS\" \/>\n\t<meta name=\"twitter:label2\" content=\"Dur\u00e9e de lecture estim\u00e9e\" \/>\n\t<meta name=\"twitter:data2\" content=\"1 minute\" \/>\n<script type=\"application\/ld+json\" class=\"yoast-schema-graph\">{\"@context\":\"https:\/\/schema.org\",\"@graph\":[{\"@type\":\"Article\",\"@id\":\"https:\/\/newsestlyonnais.fr\/site\/2017\/09\/10\/transports-le-reseau-tcl-sera-legerement-perturbe-mardi-12-septembre\/#article\",\"isPartOf\":{\"@id\":\"https:\/\/newsestlyonnais.fr\/site\/2017\/09\/10\/transports-le-reseau-tcl-sera-legerement-perturbe-mardi-12-septembre\/\"},\"author\":{\"name\":\"R\u00e9dac. NEWS\",\"@id\":\"https:\/\/newsestlyonnais.fr\/site\/#\/schema\/person\/3230d5615f390bb808365d673001e887\"},\"headline\":\"Transports : Le r\u00e9seau TCL sera l\u00e9g\u00e8rement perturb\u00e9 mardi 12 septembre\",\"datePublished\":\"2017-09-10T17:03:37+00:00\",\"dateModified\":\"2017-09-10T19:02:23+00:00\",\"mainEntityOfPage\":{\"@id\":\"https:\/\/newsestlyonnais.fr\/site\/2017\/09\/10\/transports-le-reseau-tcl-sera-legerement-perturbe-mardi-12-septembre\/\"},\"wordCount\":116,\"commentCount\":0,\"publisher\":{\"@id\":\"https:\/\/newsestlyonnais.fr\/site\/#organization\"},\"image\":{\"@id\":\"https:\/\/newsestlyonnais.fr\/site\/2017\/09\/10\/transports-le-reseau-tcl-sera-legerement-perturbe-mardi-12-septembre\/#primaryimage\"},\"thumbnailUrl\":\"https:\/\/newsestlyonnais.fr\/site\/wp-content\/uploads\/2017\/04\/NewsEstLyonnais-Flash-Info.png\",\"articleSection\":[\"\u00e0 la une\",\"Pratique\",\"Transports | Circulation\"],\"inLanguage\":\"fr-FR\",\"potentialAction\":[{\"@type\":\"CommentAction\",\"name\":\"Comment\",\"target\":[\"https:\/\/newsestlyonnais.fr\/site\/2017\/09\/10\/transports-le-reseau-tcl-sera-legerement-perturbe-mardi-12-septembre\/#respond\"]}]},{\"@type\":\"WebPage\",\"@id\":\"https:\/\/newsestlyonnais.fr\/site\/2017\/09\/10\/transports-le-reseau-tcl-sera-legerement-perturbe-mardi-12-septembre\/\",\"url\":\"https:\/\/newsestlyonnais.fr\/site\/2017\/09\/10\/transports-le-reseau-tcl-sera-legerement-perturbe-mardi-12-septembre\/\",\"name\":\"Transports : Le r\u00e9seau TCL sera l\u00e9g\u00e8rement perturb\u00e9 mardi 12 septembre\",\"isPartOf\":{\"@id\":\"https:\/\/newsestlyonnais.fr\/site\/#website\"},\"primaryImageOfPage\":{\"@id\":\"https:\/\/newsestlyonnais.fr\/site\/2017\/09\/10\/transports-le-reseau-tcl-sera-legerement-perturbe-mardi-12-septembre\/#primaryimage\"},\"image\":{\"@id\":\"https:\/\/newsestlyonnais.fr\/site\/2017\/09\/10\/transports-le-reseau-tcl-sera-legerement-perturbe-mardi-12-septembre\/#primaryimage\"},\"thumbnailUrl\":\"https:\/\/newsestlyonnais.fr\/site\/wp-content\/uploads\/2017\/04\/NewsEstLyonnais-Flash-Info.png\",\"datePublished\":\"2017-09-10T17:03:37+00:00\",\"dateModified\":\"2017-09-10T19:02:23+00:00\",\"description\":\"Transports : Le r\u00e9seau TCL sera l\u00e9g\u00e8rement perturb\u00e9 mardi 12 septembre\",\"breadcrumb\":{\"@id\":\"https:\/\/newsestlyonnais.fr\/site\/2017\/09\/10\/transports-le-reseau-tcl-sera-legerement-perturbe-mardi-12-septembre\/#breadcrumb\"},\"inLanguage\":\"fr-FR\",\"potentialAction\":[{\"@type\":\"ReadAction\",\"target\":[\"https:\/\/newsestlyonnais.fr\/site\/2017\/09\/10\/transports-le-reseau-tcl-sera-legerement-perturbe-mardi-12-septembre\/\"]}]},{\"@type\":\"ImageObject\",\"inLanguage\":\"fr-FR\",\"@id\":\"https:\/\/newsestlyonnais.fr\/site\/2017\/09\/10\/transports-le-reseau-tcl-sera-legerement-perturbe-mardi-12-septembre\/#primaryimage\",\"url\":\"https:\/\/newsestlyonnais.fr\/site\/wp-content\/uploads\/2017\/04\/NewsEstLyonnais-Flash-Info.png\",\"contentUrl\":\"https:\/\/newsestlyonnais.fr\/site\/wp-content\/uploads\/2017\/04\/NewsEstLyonnais-Flash-Info.png\",\"width\":1000,\"height\":750,\"caption\":\"NewsEstLyonnais-Flash-Info\"},{\"@type\":\"BreadcrumbList\",\"@id\":\"https:\/\/newsestlyonnais.fr\/site\/2017\/09\/10\/transports-le-reseau-tcl-sera-legerement-perturbe-mardi-12-septembre\/#breadcrumb\",\"itemListElement\":[{\"@type\":\"ListItem\",\"position\":1,\"name\":\"Accueil\",\"item\":\"https:\/\/newsestlyonnais.fr\/site\/\"},{\"@type\":\"ListItem\",\"position\":2,\"name\":\"Transports : Le r\u00e9seau TCL sera l\u00e9g\u00e8rement perturb\u00e9 mardi 12 septembre\"}]},{\"@type\":\"WebSite\",\"@id\":\"https:\/\/newsestlyonnais.fr\/site\/#website\",\"url\":\"https:\/\/newsestlyonnais.fr\/site\/\",\"name\":\"News Est Lyonnais\",\"description\":\"L&#039;actualit\u00e9 au plus pr\u00e8s\",\"publisher\":{\"@id\":\"https:\/\/newsestlyonnais.fr\/site\/#organization\"},\"potentialAction\":[{\"@type\":\"SearchAction\",\"target\":{\"@type\":\"EntryPoint\",\"urlTemplate\":\"https:\/\/newsestlyonnais.fr\/site\/?s={search_term_string}\"},\"query-input\":{\"@type\":\"PropertyValueSpecification\",\"valueRequired\":true,\"valueName\":\"search_term_string\"}}],\"inLanguage\":\"fr-FR\"},{\"@type\":\"Organization\",\"@id\":\"https:\/\/newsestlyonnais.fr\/site\/#organization\",\"name\":\"News EST LYONNAIS\",\"url\":\"https:\/\/newsestlyonnais.fr\/site\/\",\"logo\":{\"@type\":\"ImageObject\",\"inLanguage\":\"fr-FR\",\"@id\":\"https:\/\/newsestlyonnais.fr\/site\/#\/schema\/logo\/image\/\",\"url\":\"\",\"contentUrl\":\"\",\"caption\":\"News EST LYONNAIS\"},\"image\":{\"@id\":\"https:\/\/newsestlyonnais.fr\/site\/#\/schema\/logo\/image\/\"}},{\"@type\":\"Person\",\"@id\":\"https:\/\/newsestlyonnais.fr\/site\/#\/schema\/person\/3230d5615f390bb808365d673001e887\",\"name\":\"R\u00e9dac. NEWS\",\"sameAs\":[\"http:\/\/www.newsestlyonnais.fr\",\"https:\/\/www.facebook.com\/pascal.oberson.1?fref=ts\",\"https:\/\/fr.linkedin.com\/in\/pascal-oberson-b17045113\"],\"url\":\"https:\/\/newsestlyonnais.fr\/site\/author\/nel\/\"}]}<\/script>\n<!-- \/ Yoast SEO plugin. -->","yoast_head_json":{"title":"Transports : Le r\u00e9seau TCL sera l\u00e9g\u00e8rement perturb\u00e9 mardi 12 septembre","description":"Transports : Le r\u00e9seau TCL sera l\u00e9g\u00e8rement perturb\u00e9 mardi 12 septembre","robots":{"index":"index","follow":"follow","max-snippet":"max-snippet:-1","max-image-preview":"max-image-preview:large","max-video-preview":"max-video-preview:-1"},"canonical":"https:\/\/newsestlyonnais.fr\/site\/2017\/09\/10\/transports-le-reseau-tcl-sera-legerement-perturbe-mardi-12-septembre\/","og_locale":"fr_FR","og_type":"article","og_title":"Transports : Le r\u00e9seau TCL sera l\u00e9g\u00e8rement perturb\u00e9 mardi 12 septembre","og_description":"Transports : Le r\u00e9seau TCL sera l\u00e9g\u00e8rement perturb\u00e9 mardi 12 septembre","og_url":"https:\/\/newsestlyonnais.fr\/site\/2017\/09\/10\/transports-le-reseau-tcl-sera-legerement-perturbe-mardi-12-septembre\/","og_site_name":"News Est Lyonnais","article_author":"https:\/\/www.facebook.com\/pascal.oberson.1?fref=ts","article_published_time":"2017-09-10T17:03:37+00:00","article_modified_time":"2017-09-10T19:02:23+00:00","og_image":[{"width":1000,"height":750,"url":"https:\/\/i2.wp.com\/newsestlyonnais.fr\/site\/wp-content\/uploads\/2017\/04\/NewsEstLyonnais-Flash-Info.png?fit=1000%2C750&ssl=1","type":"image\/png"}],"author":"R\u00e9dac. NEWS","twitter_card":"summary_large_image","twitter_misc":{"\u00c9crit par":"R\u00e9dac. NEWS","Dur\u00e9e de lecture estim\u00e9e":"1 minute"},"schema":{"@context":"https:\/\/schema.org","@graph":[{"@type":"Article","@id":"https:\/\/newsestlyonnais.fr\/site\/2017\/09\/10\/transports-le-reseau-tcl-sera-legerement-perturbe-mardi-12-septembre\/#article","isPartOf":{"@id":"https:\/\/newsestlyonnais.fr\/site\/2017\/09\/10\/transports-le-reseau-tcl-sera-legerement-perturbe-mardi-12-septembre\/"},"author":{"name":"R\u00e9dac. NEWS","@id":"https:\/\/newsestlyonnais.fr\/site\/#\/schema\/person\/3230d5615f390bb808365d673001e887"},"headline":"Transports : Le r\u00e9seau TCL sera l\u00e9g\u00e8rement perturb\u00e9 mardi 12 septembre","datePublished":"2017-09-10T17:03:37+00:00","dateModified":"2017-09-10T19:02:23+00:00","mainEntityOfPage":{"@id":"https:\/\/newsestlyonnais.fr\/site\/2017\/09\/10\/transports-le-reseau-tcl-sera-legerement-perturbe-mardi-12-septembre\/"},"wordCount":116,"commentCount":0,"publisher":{"@id":"https:\/\/newsestlyonnais.fr\/site\/#organization"},"image":{"@id":"https:\/\/newsestlyonnais.fr\/site\/2017\/09\/10\/transports-le-reseau-tcl-sera-legerement-perturbe-mardi-12-septembre\/#primaryimage"},"thumbnailUrl":"https:\/\/newsestlyonnais.fr\/site\/wp-content\/uploads\/2017\/04\/NewsEstLyonnais-Flash-Info.png","articleSection":["\u00e0 la une","Pratique","Transports | Circulation"],"inLanguage":"fr-FR","potentialAction":[{"@type":"CommentAction","name":"Comment","target":["https:\/\/newsestlyonnais.fr\/site\/2017\/09\/10\/transports-le-reseau-tcl-sera-legerement-perturbe-mardi-12-septembre\/#respond"]}]},{"@type":"WebPage","@id":"https:\/\/newsestlyonnais.fr\/site\/2017\/09\/10\/transports-le-reseau-tcl-sera-legerement-perturbe-mardi-12-septembre\/","url":"https:\/\/newsestlyonnais.fr\/site\/2017\/09\/10\/transports-le-reseau-tcl-sera-legerement-perturbe-mardi-12-septembre\/","name":"Transports : Le r\u00e9seau TCL sera l\u00e9g\u00e8rement perturb\u00e9 mardi 12 septembre","isPartOf":{"@id":"https:\/\/newsestlyonnais.fr\/site\/#website"},"primaryImageOfPage":{"@id":"https:\/\/newsestlyonnais.fr\/site\/2017\/09\/10\/transports-le-reseau-tcl-sera-legerement-perturbe-mardi-12-septembre\/#primaryimage"},"image":{"@id":"https:\/\/newsestlyonnais.fr\/site\/2017\/09\/10\/transports-le-reseau-tcl-sera-legerement-perturbe-mardi-12-septembre\/#primaryimage"},"thumbnailUrl":"https:\/\/newsestlyonnais.fr\/site\/wp-content\/uploads\/2017\/04\/NewsEstLyonnais-Flash-Info.png","datePublished":"2017-09-10T17:03:37+00:00","dateModified":"2017-09-10T19:02:23+00:00","description":"Transports : Le r\u00e9seau TCL sera l\u00e9g\u00e8rement perturb\u00e9 mardi 12 septembre","breadcrumb":{"@id":"https:\/\/newsestlyonnais.fr\/site\/2017\/09\/10\/transports-le-reseau-tcl-sera-legerement-perturbe-mardi-12-septembre\/#breadcrumb"},"inLanguage":"fr-FR","potentialAction":[{"@type":"ReadAction","target":["https:\/\/newsestlyonnais.fr\/site\/2017\/09\/10\/transports-le-reseau-tcl-sera-legerement-perturbe-mardi-12-septembre\/"]}]},{"@type":"ImageObject","inLanguage":"fr-FR","@id":"https:\/\/newsestlyonnais.fr\/site\/2017\/09\/10\/transports-le-reseau-tcl-sera-legerement-perturbe-mardi-12-septembre\/#primaryimage","url":"https:\/\/newsestlyonnais.fr\/site\/wp-content\/uploads\/2017\/04\/NewsEstLyonnais-Flash-Info.png","contentUrl":"https:\/\/newsestlyonnais.fr\/site\/wp-content\/uploads\/2017\/04\/NewsEstLyonnais-Flash-Info.png","width":1000,"height":750,"caption":"NewsEstLyonnais-Flash-Info"},{"@type":"BreadcrumbList","@id":"https:\/\/newsestlyonnais.fr\/site\/2017\/09\/10\/transports-le-reseau-tcl-sera-legerement-perturbe-mardi-12-septembre\/#breadcrumb","itemListElement":[{"@type":"ListItem","position":1,"name":"Accueil","item":"https:\/\/newsestlyonnais.fr\/site\/"},{"@type":"ListItem","position":2,"name":"Transports : Le r\u00e9seau TCL sera l\u00e9g\u00e8rement perturb\u00e9 mardi 12 septembre"}]},{"@type":"WebSite","@id":"https:\/\/newsestlyonnais.fr\/site\/#website","url":"https:\/\/newsestlyonnais.fr\/site\/","name":"News Est Lyonnais","description":"L&#039;actualit\u00e9 au plus pr\u00e8s","publisher":{"@id":"https:\/\/newsestlyonnais.fr\/site\/#organization"},"potentialAction":[{"@type":"SearchAction","target":{"@type":"EntryPoint","urlTemplate":"https:\/\/newsestlyonnais.fr\/site\/?s={search_term_string}"},"query-input":{"@type":"PropertyValueSpecification","valueRequired":true,"valueName":"search_term_string"}}],"inLanguage":"fr-FR"},{"@type":"Organization","@id":"https:\/\/newsestlyonnais.fr\/site\/#organization","name":"News EST LYONNAIS","url":"https:\/\/newsestlyonnais.fr\/site\/","logo":{"@type":"ImageObject","inLanguage":"fr-FR","@id":"https:\/\/newsestlyonnais.fr\/site\/#\/schema\/logo\/image\/","url":"","contentUrl":"","caption":"News EST LYONNAIS"},"image":{"@id":"https:\/\/newsestlyonnais.fr\/site\/#\/schema\/logo\/image\/"}},{"@type":"Person","@id":"https:\/\/newsestlyonnais.fr\/site\/#\/schema\/person\/3230d5615f390bb808365d673001e887","name":"R\u00e9dac. NEWS","sameAs":["http:\/\/www.newsestlyonnais.fr","https:\/\/www.facebook.com\/pascal.oberson.1?fref=ts","https:\/\/fr.linkedin.com\/in\/pascal-oberson-b17045113"],"url":"https:\/\/newsestlyonnais.fr\/site\/author\/nel\/"}]}},"_links":{"self":[{"href":"https:\/\/newsestlyonnais.fr\/site\/wp-json\/wp\/v2\/posts\/34412","targetHints":{"allow":["GET"]}}],"collection":[{"href":"https:\/\/newsestlyonnais.fr\/site\/wp-json\/wp\/v2\/posts"}],"about":[{"href":"https:\/\/newsestlyonnais.fr\/site\/wp-json\/wp\/v2\/types\/post"}],"author":[{"embeddable":true,"href":"https:\/\/newsestlyonnais.fr\/site\/wp-json\/wp\/v2\/users\/4"}],"replies":[{"embeddable":true,"href":"https:\/\/newsestlyonnais.fr\/site\/wp-json\/wp\/v2\/comments?post=34412"}],"version-history":[{"count":0,"href":"https:\/\/newsestlyonnais.fr\/site\/wp-json\/wp\/v2\/posts\/34412\/revisions"}],"wp:featuredmedia":[{"embeddable":true,"href":"https:\/\/newsestlyonnais.fr\/site\/wp-json\/wp\/v2\/media\/25760"}],"wp:attachment":[{"href":"https:\/\/newsestlyonnais.fr\/site\/wp-json\/wp\/v2\/media?parent=34412"}],"wp:term":[{"taxonomy":"category","embeddable":true,"href":"https:\/\/newsestlyonnais.fr\/site\/wp-json\/wp\/v2\/categories?post=34412"},{"taxonomy":"post_tag","embeddable":true,"href":"https:\/\/newsestlyonnais.fr\/site\/wp-json\/wp\/v2\/tags?post=34412"}],"curies":[{"name":"wp","href":"https:\/\/api.w.org\/{rel}","templated":true}]}}